{"id":100188,"date":"2025-12-15T16:48:03","date_gmt":"2025-12-15T19:48:03","guid":{"rendered":"https:\/\/patagoniambiental.com.ar\/info\/?p=100188"},"modified":"2025-12-16T17:02:10","modified_gmt":"2025-12-16T20:02:10","slug":"weretilneck-pbc-sierra-grande","status":"publish","type":"post","link":"https:\/\/patagoniambiental.com.ar\/info\/weretilneck-pbc-sierra-grande\/","title":{"rendered":"R\u00edo Negro hace historia ambiental: el operativo que eliminar\u00e1 definitivamente los PCB y marca un antes y un despu\u00e9s en la provincia"},"content":{"rendered":"\n<!--more-->\n\n\n\n<p>Sierra Grande, Rio Negro, 15 de diciembre de 2025. El recorrido del gobernador Alberto Weretilneck por Sierra Grande expuso uno de los avances ambientales m\u00e1s importantes de las \u00faltimas d\u00e9cadas. Un pasivo hist\u00f3rico, altamente peligroso y postergado durante a\u00f1os, entra en su etapa final. \u00bfC\u00f3mo se logr\u00f3, qu\u00e9 implica y por qu\u00e9 este proceso posiciona a R\u00edo Negro como referencia nacional e internacional en gesti\u00f3n ambiental?<\/p>\n\n\n\n<p><strong>Un pasivo ambiental hist\u00f3rico que empieza a cerrarse en R\u00edo Negro<\/strong><\/p>\n\n\n\n<p>R\u00edo Negro avanza hacia un hito ambiental sin precedentes: la eliminaci\u00f3n definitiva de los PCB (bifenilos policlorados), una de las sustancias m\u00e1s contaminantes y peligrosas para la salud humana y el ambiente. El gobernador Alberto Weretilneck recorri\u00f3 Sierra Grande y supervis\u00f3 los trabajos de acondicionamiento de cerca de 70 transformadores contaminados, almacenados hist\u00f3ricamente en el predio de Hiparsa. Este operativo forma parte del plan provincial de gesti\u00f3n de pasivos ambientales y representa una acci\u00f3n concreta, medible y alineada con los m\u00e1s altos est\u00e1ndares internacionales en materia de ambiente y cambio clim\u00e1tico.<\/p>\n\n\n\n<p><a href=\"https:\/\/patagoniambiental.com.ar\/info\/no-imputaran-a-sergio-soto-en-la-investigacion-por-los-transformadores-con-pcb\/\">Leer mas: No imputar\u00e1n a Sergio Soto en la investigaci\u00f3n por transformadores<\/a><\/p>\n\n\n\n<p>Durante d\u00e9cadas, los PCB fueron utilizados en equipos el\u00e9ctricos por su capacidad aislante, pero hoy se sabe que son altamente t\u00f3xicos, persistentes y bioacumulables. Su presencia implica riesgos severos, desde contaminaci\u00f3n de suelos y aguas hasta efectos cancer\u00edgenos en personas expuestas. En este contexto, la decisi\u00f3n pol\u00edtica de avanzar hacia su eliminaci\u00f3n definitiva no solo responde a una obligaci\u00f3n legal, sino tambi\u00e9n a una demanda social largamente postergada en Sierra Grande y en toda la provincia de<a href=\"http:\/\/www Rionegro.gov.ar\"> R\u00edo Negro<\/a>.<\/p>\n\n\n\n<p data-wp-context---core-fit-text=\"core\/fit-text::{&quot;fontSize&quot;:&quot;&quot;}\" data-wp-init---core-fit-text=\"core\/fit-text::callbacks.init\" data-wp-interactive data-wp-style--font-size=\"core\/fit-text::context.fontSize\" class=\"has-fit-text\"><strong>Weretilneck y una definici\u00f3n pol\u00edtica clave: ambiente, salud y futuro<\/strong><\/p>\n\n\n\n<p>En su recorrida por el predio, el gobernador Weretilneck destac\u00f3 el car\u00e1cter estrat\u00e9gico de la intervenci\u00f3n y remarc\u00f3 que \u201ccuidar el ambiente tambi\u00e9n es hacernos cargo de estos pasivos, generar empleo calificado y aplicar rigor t\u00e9cnico para dejar a R\u00edo Negro libre de contaminantes peligrosos\u201d. Esta afirmaci\u00f3n no es menor: posiciona la pol\u00edtica ambiental como un eje transversal del desarrollo, integrando salud p\u00fablica, empleo, cumplimiento normativo y responsabilidad intergeneracional.<\/p>\n\n\n\n<p>La presencia del mandatario provincial no fue meramente protocolar. Su participaci\u00f3n activa refuerza el mensaje de que la eliminaci\u00f3n de PCB es una prioridad de Estado, sostenida en el tiempo y respaldada por decisiones concretas. En un contexto donde muchas gestiones optan por postergar soluciones estructurales, este operativo demuestra un enfoque de largo plazo y una visi\u00f3n alineada con los compromisos ambientales globales.<\/p>\n\n\n\n<p>\u00bf<strong>Qu\u00e9 son los PCB y por qu\u00e9 representan un riesgo cr\u00edtico?<\/strong><\/p>\n\n\n\n<p>Los bifenilos policlorados (PCB) son compuestos qu\u00edmicos sint\u00e9ticos prohibidos a nivel mundial por el Convenio de Estocolmo debido a su extrema peligrosidad. Persisten durante d\u00e9cadas en el ambiente, se acumulan en los tejidos vivos y pueden provocar enfermedades graves, incluyendo c\u00e1ncer, alteraciones hormonales y da\u00f1os neurol\u00f3gicos. En Argentina, su eliminaci\u00f3n es una obligaci\u00f3n legal, pero su tratamiento requiere tecnolog\u00eda especializada y altos costos operativos.<\/p>\n\n\n\n<p>En R\u00edo Negro, los transformadores contaminados permanecieron durante a\u00f1os como un pasivo ambiental latente. La falta de infraestructura nacional para su tratamiento oblig\u00f3 a planificar una soluci\u00f3n integral que cumpla con normativas internacionales. Este operativo no solo elimina el riesgo local, sino que tambi\u00e9n sienta un precedente para otras provincias que a\u00fan enfrentan problem\u00e1ticas similares.<\/p>\n\n\n\n<p><a href=\"https:\/\/patagoniambiental.com.ar\/info\/reves-y-sorpresa-rechazaron-las-acusaciones-por-la-contaminacion-de-los-transformadores-en-plottier\/\">Leer mas: Rechazaron acusaciones por la contaminaci\u00f3n de transformadores en Plottier<\/a><\/p>\n\n\n\n<p><strong>Sierra Grande: de pasivo ambiental a ejemplo de gesti\u00f3n responsable<\/strong><\/p>\n\n\n\n<p>La ciudad de Sierra Grande ocupa un lugar central en esta historia. All\u00ed se encuentran los transformadores que durante d\u00e9cadas representaron una amenaza ambiental silenciosa. Hoy, gracias a un trabajo t\u00e9cnico riguroso, la localidad se convierte en s\u00edmbolo de reparaci\u00f3n ambiental y de un Estado presente que asume responsabilidades hist\u00f3ricas.<\/p>\n\n\n\n<p>Las tareas incluyen el acondicionamiento de transformadores ya desaceitados, bajo estrictos est\u00e1ndares internacionales de seguridad. Cada componente s\u00f3lido es embalado en big bags homologados y luego consolidado en contenedores mar\u00edtimos, dentro del predio de Hiparsa, con control de Aduana y Prefectura Naval. Este nivel de control garantiza trazabilidad, seguridad y transparencia en cada etapa del proceso.<\/p>\n\n\n\n<p><strong>Exportaci\u00f3n y tratamiento final en Francia: est\u00e1ndares internacionales<\/strong><\/p>\n\n\n\n<p>Una vez finalizado el acondicionamiento, los residuos contaminados ser\u00e1n trasladados al puerto y enviados a Francia, donde la empresa Tr\u00e9di realizar\u00e1 el tratamiento final. Este procedimiento incluye procesos de descontaminaci\u00f3n en autoclave e incineraci\u00f3n a alta temperatura, m\u00e9todos certificados internacionalmente que garantizan la eliminaci\u00f3n total del contaminante.<\/p>\n\n\n\n<p>La exportaci\u00f3n de residuos peligrosos est\u00e1 regulada por convenios internacionales estrictos, lo que refuerza la credibilidad y la seriedad del operativo. No se trata de \u201ctrasladar el problema\u201d, sino de resolverlo de manera definitiva en instalaciones que cumplen con las tecnolog\u00edas m\u00e1s avanzadas disponibles a nivel mundial.<\/p>\n\n\n\n<p><strong>Financiamiento internacional y respaldo institucional<\/strong><\/p>\n\n\n\n<p>El operativo cuenta con financiamiento del Programa de las Naciones Unidas para el Desarrollo (PNUD), que cubre la log\u00edstica, el transporte y el tratamiento final. Este respaldo internacional no solo permite concretar una operaci\u00f3n de alto costo, sino que tambi\u00e9n valida el enfoque t\u00e9cnico y la transparencia del proceso llevado adelante por la provincia.<\/p>\n\n\n\n<p>Adem\u00e1s, el trabajo es resultado de una articulaci\u00f3n entre la Secretar\u00eda de Ambiente y Cambio Clim\u00e1tico de R\u00edo Negro, la Subsecretar\u00eda de Ambiente de la Naci\u00f3n y la empresa Hiparsa. Esta coordinaci\u00f3n interinstitucional demuestra que los desaf\u00edos ambientales complejos requieren soluciones integrales y trabajo conjunto entre distintos niveles del Estado.<\/p>\n\n\n\n<p><strong>Un hito en la pol\u00edtica ambiental de R\u00edo Negro<\/strong><\/p>\n\n\n\n<p>Una vez certificada la eliminaci\u00f3n total de los PCB, la Provincia gestionar\u00e1 la baja definitiva de los equipos en el Registro Nacional Integrado de Poseedores de PCB. Este paso administrativo marca el cierre formal de un pasivo ambiental hist\u00f3rico y consolida un logro concreto dentro de la pol\u00edtica ambiental rionegrina.<\/p>\n\n\n\n<p>Este hito posiciona a R\u00edo Negro como una de las provincias l\u00edderes en gesti\u00f3n de pasivos ambientales en Argentina. En un contexto global donde la sostenibilidad y la acci\u00f3n clim\u00e1tica ganan centralidad, este tipo de pol\u00edticas refuerzan la credibilidad institucional y mejoran la calidad de vida de las comunidades locales.<\/p>\n\n\n\n<p><strong>Impacto ambiental, social y econ\u00f3mico del operativo<\/strong><\/p>\n\n\n\n<p>M\u00e1s all\u00e1 del beneficio ambiental directo, la eliminaci\u00f3n de PCB genera impactos positivos en m\u00faltiples dimensiones. Desde el punto de vista social, reduce riesgos sanitarios y brinda tranquilidad a la poblaci\u00f3n de Sierra Grande. En t\u00e9rminos econ\u00f3micos, impulsa empleo calificado, fomenta la profesionalizaci\u00f3n t\u00e9cnica y demuestra que la inversi\u00f3n en ambiente tambi\u00e9n genera desarrollo.<\/p>\n\n\n\n<p>Adem\u00e1s, este tipo de acciones mejora la imagen de la provincia frente a inversores, organismos internacionales y otros estados, mostrando que R\u00edo Negro cumple con est\u00e1ndares ambientales exigentes y asume compromisos de largo plazo.<\/p>\n\n\n\n<p><strong>Transparencia, control y confianza p\u00fablica<\/strong><\/p>\n\n\n\n<p>El acompa\u00f1amiento de autoridades provinciales y nacionales, como el Ministro de Obras y Servicios P\u00fablicos Alejandro Echarren, el presidente del bloque JSRN Facundo L\u00f3pez y el interventor del IPPV Mariano Lavin, refuerza la idea de un proceso transparente y controlado. La presencia de m\u00faltiples actores institucionales contribuye a generar confianza p\u00fablica y a legitimar el operativo frente a la sociedad.<\/p>\n\n\n\n<p>La comunicaci\u00f3n clara de cada etapa, sumada a la posibilidad de seguimiento y fiscalizaci\u00f3n, es clave para fortalecer la confianza ciudadana en las pol\u00edticas ambientales.<\/p>\n\n\n\n<p><strong>R\u00edo Negro libre de PCB: un mensaje hacia el futuro<\/strong><\/p>\n\n\n\n<p>Eliminar los PCB no es solo resolver un problema del pasado; es enviar un mensaje claro hacia el futuro. La provincia demuestra que es posible enfrentar pasivos ambientales complejos con decisi\u00f3n pol\u00edtica, respaldo t\u00e9cnico y cooperaci\u00f3n internacional. Este enfoque se alinea con los principios de desarrollo sostenible y con la necesidad urgente de transitar hacia modelos productivos m\u00e1s responsables.<\/p>\n\n\n\n<p>En tiempos donde el cambio clim\u00e1tico y la contaminaci\u00f3n ocupan un lugar central en la agenda global, acciones concretas como esta marcan la diferencia entre el discurso y la gesti\u00f3n real.<\/p>\n\n\n\n<p><strong>Un precedente para otras provincias argentinas<\/strong><\/p>\n\n\n\n<p>La experiencia de R\u00edo Negro puede convertirse en un modelo replicable para otras jurisdicciones que a\u00fan enfrentan la problem\u00e1tica de los PCB y otros residuos peligrosos. La combinaci\u00f3n de financiamiento internacional, articulaci\u00f3n institucional y rigor t\u00e9cnico ofrece una hoja de ruta clara para avanzar en soluciones definitivas.<\/p>\n\n\n\n<p>Este operativo demuestra que, aun con limitaciones estructurales, es posible cumplir con normativas internacionales y proteger el ambiente y la salud de la poblaci\u00f3n.<\/p>\n\n\n\n<p><\/p>\n\n\n\n<p><\/p>\n\n\n\n<p><strong>na decisi\u00f3n que trasciende una gesti\u00f3n<\/strong><\/p>\n\n\n\n<p>El operativo para dejar a R\u00edo Negro libre de PCB trasciende una gesti\u00f3n de gobierno. Se trata de una pol\u00edtica p\u00fablica de alto impacto, basada en evidencia cient\u00edfica, compromiso institucional y responsabilidad ambiental. La recorrida de Weretilneck por Sierra Grande simboliza el cierre de una etapa compleja y la apertura de un nuevo paradigma en la gesti\u00f3n de pasivos ambientales en la provincia.<\/p>\n\n\n\n<p>R\u00edo Negro no solo elimina un contaminante peligroso: reafirma su compromiso con el ambiente, la salud p\u00fablica y las generaciones futuras.<\/p>\n\n\n\n<p><\/p>\n","protected":false},"excerpt":{"rendered":"","protected":false},"author":2,"featured_media":100189,"comment_status":"open","ping_status":"open","sticky":false,"template":"","format":"standard","meta":{"site-sidebar-layout":"default","site-content-layout":"","ast-site-content-layout":"default","site-content-style":"default","site-sidebar-style":"default","ast-global-header-display":"","ast-banner-title-visibility":"","ast-main-header-display":"","ast-hfb-above-header-display":"","ast-hfb-below-header-display":"","ast-hfb-mobile-header-display":"","site-post-title":"","ast-breadcrumbs-content":"","ast-featured-img":"","footer-sml-layout":"","ast-disable-related-posts":"","theme-transparent-header-meta":"","adv-header-id-meta":"","stick-header-meta":"","header-above-stick-meta":"","header-main-stick-meta":"","header-below-stick-meta":"","astra-migrate-meta-layouts":"default","ast-page-background-enabled":"default","ast-page-background-meta":{"desktop":{"background-color":"var(--ast-global-color-5)","background-image":"","background-repeat":"repeat","background-position":"center center","background-size":"auto","background-attachment":"scroll","background-type":"","background-media":"","overlay-type":"","overlay-color":"","overlay-opacity":"","overlay-gradient":""},"tablet":{"background-color":"","background-image":"","background-repeat":"repeat","background-position":"center center","background-size":"auto","background-attachment":"scroll","background-type":"","background-media":"","overlay-type":"","overlay-color":"","overlay-opacity":"","overlay-gradient":""},"mobile":{"background-color":"","background-image":"","background-repeat":"repeat","background-position":"center center","background-size":"auto","background-attachment":"scroll","background-type":"","background-media":"","overlay-type":"","overlay-color":"","overlay-opacity":"","overlay-gradient":""}},"ast-content-background-meta":{"desktop":{"background-color":"var(--ast-global-color-4)","background-image":"","background-repeat":"repeat","background-position":"center center","background-size":"auto","background-attachment":"scroll","background-type":"","background-media":"","overlay-type":"","overlay-color":"","overlay-opacity":"","overlay-gradient":""},"tablet":{"background-color":"var(--ast-global-color-4)","background-image":"","background-repeat":"repeat","background-position":"center center","background-size":"auto","background-attachment":"scroll","background-type":"","background-media":"","overlay-type":"","overlay-color":"","overlay-opacity":"","overlay-gradient":""},"mobile":{"background-color":"var(--ast-global-color-4)","background-image":"","background-repeat":"repeat","background-position":"center center","background-size":"auto","background-attachment":"scroll","background-type":"","background-media":"","overlay-type":"","overlay-color":"","overlay-opacity":"","overlay-gradient":""}},"footnotes":""},"categories":[1,3455],"tags":[],"class_list":["post-100188","post","type-post","status-publish","format-standard","has-post-thumbnail","hentry","category-noticias","category-residuos-peligrosos"],"yoast_head":"<!-- This site is optimized with the Yoast SEO Premium plugin v23.0 (Yoast SEO v27.5) - https:\/\/yoast.com\/product\/yoast-seo-premium-wordpress\/ -->\n<title>R\u00edo Negro hace historia ambiental: el operativo que eliminar\u00e1 definitivamente los PCB y marca un antes y un despu\u00e9s en la provincia<\/title>\n<meta name=\"description\" content=\"El recorrido del gobernador Alberto Weretilneck por Sierra Grande expuso uno de los avances ambientales m\u00e1s importantes\" \/>\n<meta name=\"robots\" content=\"index, follow, max-snippet:-1, max-image-preview:large, max-video-preview:-1\" \/>\n<link rel=\"canonical\" href=\"https:\/\/patagoniambiental.com.ar\/info\/weretilneck-pbc-sierra-grande\/\" \/>\n<meta property=\"og:locale\" content=\"es_ES\" \/>\n<meta property=\"og:type\" content=\"article\" \/>\n<meta property=\"og:title\" content=\"R\u00edo Negro hace historia ambiental: el operativo que eliminar\u00e1 definitivamente los PCB y marca un antes y un despu\u00e9s en la provincia\" \/>\n<meta property=\"og:description\" content=\"El recorrido del gobernador Alberto Weretilneck por Sierra Grande expuso uno de los avances ambientales m\u00e1s importantes\" \/>\n<meta property=\"og:url\" content=\"https:\/\/patagoniambiental.com.ar\/info\/weretilneck-pbc-sierra-grande\/\" \/>\n<meta property=\"og:site_name\" content=\"Patagonia Ambiental\" \/>\n<meta property=\"article:publisher\" content=\"https:\/\/www.facebook.com\/patagonia.ambiental\" \/>\n<meta property=\"article:author\" content=\"https:\/\/www.facebook.com\/share\/1C1V8Gv9BX\/?mibextid=qi2Omg\" \/>\n<meta property=\"article:published_time\" content=\"2025-12-15T19:48:03+00:00\" \/>\n<meta property=\"article:modified_time\" content=\"2025-12-16T20:02:10+00:00\" \/>\n<meta property=\"og:image\" content=\"https:\/\/patagoniambiental.com.ar\/info\/wp-content\/uploads\/2025\/12\/1765805752_5ed1c15fb889dcb7c7d3.jpg\" \/>\n\t<meta property=\"og:image:width\" content=\"2048\" \/>\n\t<meta property=\"og:image:height\" content=\"1365\" \/>\n\t<meta property=\"og:image:type\" content=\"image\/jpeg\" \/>\n<meta name=\"author\" content=\"Patagonia Ambiental\" \/>\n<meta name=\"twitter:card\" content=\"summary_large_image\" \/>\n<meta name=\"twitter:creator\" content=\"@PatAmb\" \/>\n<meta name=\"twitter:site\" content=\"@PatAmb\" \/>\n<script type=\"application\/ld+json\" class=\"yoast-schema-graph\">{\"@context\":\"https:\\\/\\\/schema.org\",\"@graph\":[{\"@type\":\"Article\",\"@id\":\"https:\\\/\\\/patagoniambiental.com.ar\\\/info\\\/weretilneck-pbc-sierra-grande\\\/#article\",\"isPartOf\":{\"@id\":\"https:\\\/\\\/patagoniambiental.com.ar\\\/info\\\/weretilneck-pbc-sierra-grande\\\/\"},\"author\":{\"name\":\"Patagonia Ambiental\",\"@id\":\"https:\\\/\\\/patagoniambiental.com.ar\\\/info\\\/#\\\/schema\\\/person\\\/db12bff64bbcbf6a253710bf0ea37b5d\"},\"headline\":\"R\u00edo Negro hace historia ambiental: el operativo que eliminar\u00e1 definitivamente los PCB y marca un antes y un despu\u00e9s en la provincia\",\"datePublished\":\"2025-12-15T19:48:03+00:00\",\"dateModified\":\"2025-12-16T20:02:10+00:00\",\"mainEntityOfPage\":{\"@id\":\"https:\\\/\\\/patagoniambiental.com.ar\\\/info\\\/weretilneck-pbc-sierra-grande\\\/\"},\"wordCount\":1606,\"commentCount\":0,\"publisher\":{\"@id\":\"https:\\\/\\\/patagoniambiental.com.ar\\\/info\\\/#organization\"},\"image\":{\"@id\":\"https:\\\/\\\/patagoniambiental.com.ar\\\/info\\\/weretilneck-pbc-sierra-grande\\\/#primaryimage\"},\"thumbnailUrl\":\"https:\\\/\\\/patagoniambiental.com.ar\\\/info\\\/wp-content\\\/uploads\\\/2025\\\/12\\\/1765805752_5ed1c15fb889dcb7c7d3.jpg\",\"articleSection\":[\"Noticias\",\"Residuos peligrosos\"],\"inLanguage\":\"es\",\"potentialAction\":[{\"@type\":\"CommentAction\",\"name\":\"Comment\",\"target\":[\"https:\\\/\\\/patagoniambiental.com.ar\\\/info\\\/weretilneck-pbc-sierra-grande\\\/#respond\"]}]},{\"@type\":\"WebPage\",\"@id\":\"https:\\\/\\\/patagoniambiental.com.ar\\\/info\\\/weretilneck-pbc-sierra-grande\\\/\",\"url\":\"https:\\\/\\\/patagoniambiental.com.ar\\\/info\\\/weretilneck-pbc-sierra-grande\\\/\",\"name\":\"R\u00edo Negro hace historia ambiental: el operativo que eliminar\u00e1 definitivamente los PCB y marca un antes y un despu\u00e9s en la provincia\",\"isPartOf\":{\"@id\":\"https:\\\/\\\/patagoniambiental.com.ar\\\/info\\\/#website\"},\"primaryImageOfPage\":{\"@id\":\"https:\\\/\\\/patagoniambiental.com.ar\\\/info\\\/weretilneck-pbc-sierra-grande\\\/#primaryimage\"},\"image\":{\"@id\":\"https:\\\/\\\/patagoniambiental.com.ar\\\/info\\\/weretilneck-pbc-sierra-grande\\\/#primaryimage\"},\"thumbnailUrl\":\"https:\\\/\\\/patagoniambiental.com.ar\\\/info\\\/wp-content\\\/uploads\\\/2025\\\/12\\\/1765805752_5ed1c15fb889dcb7c7d3.jpg\",\"datePublished\":\"2025-12-15T19:48:03+00:00\",\"dateModified\":\"2025-12-16T20:02:10+00:00\",\"description\":\"El recorrido del gobernador Alberto Weretilneck por Sierra Grande expuso uno de los avances ambientales m\u00e1s importantes\",\"breadcrumb\":{\"@id\":\"https:\\\/\\\/patagoniambiental.com.ar\\\/info\\\/weretilneck-pbc-sierra-grande\\\/#breadcrumb\"},\"inLanguage\":\"es\",\"potentialAction\":[{\"@type\":\"ReadAction\",\"target\":[\"https:\\\/\\\/patagoniambiental.com.ar\\\/info\\\/weretilneck-pbc-sierra-grande\\\/\"]}]},{\"@type\":\"ImageObject\",\"inLanguage\":\"es\",\"@id\":\"https:\\\/\\\/patagoniambiental.com.ar\\\/info\\\/weretilneck-pbc-sierra-grande\\\/#primaryimage\",\"url\":\"https:\\\/\\\/patagoniambiental.com.ar\\\/info\\\/wp-content\\\/uploads\\\/2025\\\/12\\\/1765805752_5ed1c15fb889dcb7c7d3.jpg\",\"contentUrl\":\"https:\\\/\\\/patagoniambiental.com.ar\\\/info\\\/wp-content\\\/uploads\\\/2025\\\/12\\\/1765805752_5ed1c15fb889dcb7c7d3.jpg\",\"width\":2048,\"height\":1365,\"caption\":\"Cr\u00e9dito: Gobierno de Rio Negro\"},{\"@type\":\"BreadcrumbList\",\"@id\":\"https:\\\/\\\/patagoniambiental.com.ar\\\/info\\\/weretilneck-pbc-sierra-grande\\\/#breadcrumb\",\"itemListElement\":[{\"@type\":\"ListItem\",\"position\":1,\"name\":\"Inicio\",\"item\":\"https:\\\/\\\/patagoniambiental.com.ar\\\/info\\\/\"},{\"@type\":\"ListItem\",\"position\":2,\"name\":\"R\u00edo Negro hace historia ambiental: el operativo que eliminar\u00e1 definitivamente los PCB y marca un antes y un despu\u00e9s en la provincia\"}]},{\"@type\":\"WebSite\",\"@id\":\"https:\\\/\\\/patagoniambiental.com.ar\\\/info\\\/#website\",\"url\":\"https:\\\/\\\/patagoniambiental.com.ar\\\/info\\\/\",\"name\":\"Patagonia Ambiental\",\"description\":\"Monitoreo y an\u00e1lisis de la situaci\u00f3n geopol\u00edtica en el mundo y su implicancia en la Patagonia\",\"publisher\":{\"@id\":\"https:\\\/\\\/patagoniambiental.com.ar\\\/info\\\/#organization\"},\"potentialAction\":[{\"@type\":\"SearchAction\",\"target\":{\"@type\":\"EntryPoint\",\"urlTemplate\":\"https:\\\/\\\/patagoniambiental.com.ar\\\/info\\\/?s={search_term_string}\"},\"query-input\":{\"@type\":\"PropertyValueSpecification\",\"valueRequired\":true,\"valueName\":\"search_term_string\"}}],\"inLanguage\":\"es\"},{\"@type\":\"Organization\",\"@id\":\"https:\\\/\\\/patagoniambiental.com.ar\\\/info\\\/#organization\",\"name\":\"Patagonia Ambiental\",\"url\":\"https:\\\/\\\/patagoniambiental.com.ar\\\/info\\\/\",\"logo\":{\"@type\":\"ImageObject\",\"inLanguage\":\"es\",\"@id\":\"https:\\\/\\\/patagoniambiental.com.ar\\\/info\\\/#\\\/schema\\\/logo\\\/image\\\/\",\"url\":\"https:\\\/\\\/patagoniambiental.com.ar\\\/info\\\/wp-content\\\/uploads\\\/2025\\\/05\\\/LOGO-PATAGONIA-AMBIENTAL.png\",\"contentUrl\":\"https:\\\/\\\/patagoniambiental.com.ar\\\/info\\\/wp-content\\\/uploads\\\/2025\\\/05\\\/LOGO-PATAGONIA-AMBIENTAL.png\",\"width\":433,\"height\":250,\"caption\":\"Patagonia Ambiental\"},\"image\":{\"@id\":\"https:\\\/\\\/patagoniambiental.com.ar\\\/info\\\/#\\\/schema\\\/logo\\\/image\\\/\"},\"sameAs\":[\"https:\\\/\\\/www.facebook.com\\\/patagonia.ambiental\",\"https:\\\/\\\/x.com\\\/PatAmb\"]},{\"@type\":\"Person\",\"@id\":\"https:\\\/\\\/patagoniambiental.com.ar\\\/info\\\/#\\\/schema\\\/person\\\/db12bff64bbcbf6a253710bf0ea37b5d\",\"name\":\"Patagonia Ambiental\",\"description\":\"Andr\u00e9s Nievas T\u00e9cnico en manejo ambiental, consultor Ambiental y escritor para medios locales e internacionales sobre temas de geopolitica y medio ambiente.\",\"sameAs\":[\"http:\\\/\\\/www.patagoniambiental.com.ar\",\"https:\\\/\\\/www.facebook.com\\\/share\\\/1C1V8Gv9BX\\\/?mibextid=qi2Omg\",\"@patagoniambiental\",\"https:\\\/\\\/youtube.com\\\/@patagoniaambiental2023?si=BLt58t0wuXquxlYZ\"]}]}<\/script>\n<!-- \/ Yoast SEO Premium plugin. -->","yoast_head_json":{"title":"R\u00edo Negro hace historia ambiental: el operativo que eliminar\u00e1 definitivamente los PCB y marca un antes y un despu\u00e9s en la provincia","description":"El recorrido del gobernador Alberto Weretilneck por Sierra Grande expuso uno de los avances ambientales m\u00e1s importantes","robots":{"index":"index","follow":"follow","max-snippet":"max-snippet:-1","max-image-preview":"max-image-preview:large","max-video-preview":"max-video-preview:-1"},"canonical":"https:\/\/patagoniambiental.com.ar\/info\/weretilneck-pbc-sierra-grande\/","og_locale":"es_ES","og_type":"article","og_title":"R\u00edo Negro hace historia ambiental: el operativo que eliminar\u00e1 definitivamente los PCB y marca un antes y un despu\u00e9s en la provincia","og_description":"El recorrido del gobernador Alberto Weretilneck por Sierra Grande expuso uno de los avances ambientales m\u00e1s importantes","og_url":"https:\/\/patagoniambiental.com.ar\/info\/weretilneck-pbc-sierra-grande\/","og_site_name":"Patagonia Ambiental","article_publisher":"https:\/\/www.facebook.com\/patagonia.ambiental","article_author":"https:\/\/www.facebook.com\/share\/1C1V8Gv9BX\/?mibextid=qi2Omg","article_published_time":"2025-12-15T19:48:03+00:00","article_modified_time":"2025-12-16T20:02:10+00:00","og_image":[{"width":2048,"height":1365,"url":"https:\/\/patagoniambiental.com.ar\/info\/wp-content\/uploads\/2025\/12\/1765805752_5ed1c15fb889dcb7c7d3.jpg","type":"image\/jpeg"}],"author":"Patagonia Ambiental","twitter_card":"summary_large_image","twitter_creator":"@PatAmb","twitter_site":"@PatAmb","schema":{"@context":"https:\/\/schema.org","@graph":[{"@type":"Article","@id":"https:\/\/patagoniambiental.com.ar\/info\/weretilneck-pbc-sierra-grande\/#article","isPartOf":{"@id":"https:\/\/patagoniambiental.com.ar\/info\/weretilneck-pbc-sierra-grande\/"},"author":{"name":"Patagonia Ambiental","@id":"https:\/\/patagoniambiental.com.ar\/info\/#\/schema\/person\/db12bff64bbcbf6a253710bf0ea37b5d"},"headline":"R\u00edo Negro hace historia ambiental: el operativo que eliminar\u00e1 definitivamente los PCB y marca un antes y un despu\u00e9s en la provincia","datePublished":"2025-12-15T19:48:03+00:00","dateModified":"2025-12-16T20:02:10+00:00","mainEntityOfPage":{"@id":"https:\/\/patagoniambiental.com.ar\/info\/weretilneck-pbc-sierra-grande\/"},"wordCount":1606,"commentCount":0,"publisher":{"@id":"https:\/\/patagoniambiental.com.ar\/info\/#organization"},"image":{"@id":"https:\/\/patagoniambiental.com.ar\/info\/weretilneck-pbc-sierra-grande\/#primaryimage"},"thumbnailUrl":"https:\/\/patagoniambiental.com.ar\/info\/wp-content\/uploads\/2025\/12\/1765805752_5ed1c15fb889dcb7c7d3.jpg","articleSection":["Noticias","Residuos peligrosos"],"inLanguage":"es","potentialAction":[{"@type":"CommentAction","name":"Comment","target":["https:\/\/patagoniambiental.com.ar\/info\/weretilneck-pbc-sierra-grande\/#respond"]}]},{"@type":"WebPage","@id":"https:\/\/patagoniambiental.com.ar\/info\/weretilneck-pbc-sierra-grande\/","url":"https:\/\/patagoniambiental.com.ar\/info\/weretilneck-pbc-sierra-grande\/","name":"R\u00edo Negro hace historia ambiental: el operativo que eliminar\u00e1 definitivamente los PCB y marca un antes y un despu\u00e9s en la provincia","isPartOf":{"@id":"https:\/\/patagoniambiental.com.ar\/info\/#website"},"primaryImageOfPage":{"@id":"https:\/\/patagoniambiental.com.ar\/info\/weretilneck-pbc-sierra-grande\/#primaryimage"},"image":{"@id":"https:\/\/patagoniambiental.com.ar\/info\/weretilneck-pbc-sierra-grande\/#primaryimage"},"thumbnailUrl":"https:\/\/patagoniambiental.com.ar\/info\/wp-content\/uploads\/2025\/12\/1765805752_5ed1c15fb889dcb7c7d3.jpg","datePublished":"2025-12-15T19:48:03+00:00","dateModified":"2025-12-16T20:02:10+00:00","description":"El recorrido del gobernador Alberto Weretilneck por Sierra Grande expuso uno de los avances ambientales m\u00e1s importantes","breadcrumb":{"@id":"https:\/\/patagoniambiental.com.ar\/info\/weretilneck-pbc-sierra-grande\/#breadcrumb"},"inLanguage":"es","potentialAction":[{"@type":"ReadAction","target":["https:\/\/patagoniambiental.com.ar\/info\/weretilneck-pbc-sierra-grande\/"]}]},{"@type":"ImageObject","inLanguage":"es","@id":"https:\/\/patagoniambiental.com.ar\/info\/weretilneck-pbc-sierra-grande\/#primaryimage","url":"https:\/\/patagoniambiental.com.ar\/info\/wp-content\/uploads\/2025\/12\/1765805752_5ed1c15fb889dcb7c7d3.jpg","contentUrl":"https:\/\/patagoniambiental.com.ar\/info\/wp-content\/uploads\/2025\/12\/1765805752_5ed1c15fb889dcb7c7d3.jpg","width":2048,"height":1365,"caption":"Cr\u00e9dito: Gobierno de Rio Negro"},{"@type":"BreadcrumbList","@id":"https:\/\/patagoniambiental.com.ar\/info\/weretilneck-pbc-sierra-grande\/#breadcrumb","itemListElement":[{"@type":"ListItem","position":1,"name":"Inicio","item":"https:\/\/patagoniambiental.com.ar\/info\/"},{"@type":"ListItem","position":2,"name":"R\u00edo Negro hace historia ambiental: el operativo que eliminar\u00e1 definitivamente los PCB y marca un antes y un despu\u00e9s en la provincia"}]},{"@type":"WebSite","@id":"https:\/\/patagoniambiental.com.ar\/info\/#website","url":"https:\/\/patagoniambiental.com.ar\/info\/","name":"Patagonia Ambiental","description":"Monitoreo y an\u00e1lisis de la situaci\u00f3n geopol\u00edtica en el mundo y su implicancia en la Patagonia","publisher":{"@id":"https:\/\/patagoniambiental.com.ar\/info\/#organization"},"potentialAction":[{"@type":"SearchAction","target":{"@type":"EntryPoint","urlTemplate":"https:\/\/patagoniambiental.com.ar\/info\/?s={search_term_string}"},"query-input":{"@type":"PropertyValueSpecification","valueRequired":true,"valueName":"search_term_string"}}],"inLanguage":"es"},{"@type":"Organization","@id":"https:\/\/patagoniambiental.com.ar\/info\/#organization","name":"Patagonia Ambiental","url":"https:\/\/patagoniambiental.com.ar\/info\/","logo":{"@type":"ImageObject","inLanguage":"es","@id":"https:\/\/patagoniambiental.com.ar\/info\/#\/schema\/logo\/image\/","url":"https:\/\/patagoniambiental.com.ar\/info\/wp-content\/uploads\/2025\/05\/LOGO-PATAGONIA-AMBIENTAL.png","contentUrl":"https:\/\/patagoniambiental.com.ar\/info\/wp-content\/uploads\/2025\/05\/LOGO-PATAGONIA-AMBIENTAL.png","width":433,"height":250,"caption":"Patagonia Ambiental"},"image":{"@id":"https:\/\/patagoniambiental.com.ar\/info\/#\/schema\/logo\/image\/"},"sameAs":["https:\/\/www.facebook.com\/patagonia.ambiental","https:\/\/x.com\/PatAmb"]},{"@type":"Person","@id":"https:\/\/patagoniambiental.com.ar\/info\/#\/schema\/person\/db12bff64bbcbf6a253710bf0ea37b5d","name":"Patagonia Ambiental","description":"Andr\u00e9s Nievas T\u00e9cnico en manejo ambiental, consultor Ambiental y escritor para medios locales e internacionales sobre temas de geopolitica y medio ambiente.","sameAs":["http:\/\/www.patagoniambiental.com.ar","https:\/\/www.facebook.com\/share\/1C1V8Gv9BX\/?mibextid=qi2Omg","@patagoniambiental","https:\/\/youtube.com\/@patagoniaambiental2023?si=BLt58t0wuXquxlYZ"]}]}},"_links":{"self":[{"href":"https:\/\/patagoniambiental.com.ar\/info\/wp-json\/wp\/v2\/posts\/100188","targetHints":{"allow":["GET"]}}],"collection":[{"href":"https:\/\/patagoniambiental.com.ar\/info\/wp-json\/wp\/v2\/posts"}],"about":[{"href":"https:\/\/patagoniambiental.com.ar\/info\/wp-json\/wp\/v2\/types\/post"}],"author":[{"embeddable":true,"href":"https:\/\/patagoniambiental.com.ar\/info\/wp-json\/wp\/v2\/users\/2"}],"replies":[{"embeddable":true,"href":"https:\/\/patagoniambiental.com.ar\/info\/wp-json\/wp\/v2\/comments?post=100188"}],"version-history":[{"count":4,"href":"https:\/\/patagoniambiental.com.ar\/info\/wp-json\/wp\/v2\/posts\/100188\/revisions"}],"predecessor-version":[{"id":100194,"href":"https:\/\/patagoniambiental.com.ar\/info\/wp-json\/wp\/v2\/posts\/100188\/revisions\/100194"}],"wp:featuredmedia":[{"embeddable":true,"href":"https:\/\/patagoniambiental.com.ar\/info\/wp-json\/wp\/v2\/media\/100189"}],"wp:attachment":[{"href":"https:\/\/patagoniambiental.com.ar\/info\/wp-json\/wp\/v2\/media?parent=100188"}],"wp:term":[{"taxonomy":"category","embeddable":true,"href":"https:\/\/patagoniambiental.com.ar\/info\/wp-json\/wp\/v2\/categories?post=100188"},{"taxonomy":"post_tag","embeddable":true,"href":"https:\/\/patagoniambiental.com.ar\/info\/wp-json\/wp\/v2\/tags?post=100188"}],"curies":[{"name":"wp","href":"https:\/\/api.w.org\/{rel}","templated":true}]}}