{"id":100196,"date":"2025-12-17T18:00:00","date_gmt":"2025-12-17T21:00:00","guid":{"rendered":"https:\/\/patagoniambiental.com.ar\/info\/?p=100196"},"modified":"2025-12-17T16:39:04","modified_gmt":"2025-12-17T19:39:04","slug":"fin-a-la-tortura-acustica-en-cutral-co-masiva-compactacion-de-escapes-prohibidos-para-frenar-la-contaminacion-sonora","status":"publish","type":"post","link":"https:\/\/patagoniambiental.com.ar\/info\/fin-a-la-tortura-acustica-en-cutral-co-masiva-compactacion-de-escapes-prohibidos-para-frenar-la-contaminacion-sonora\/","title":{"rendered":"Fin a la tortura ac\u00fastica en Cutral Co! Masiva compactaci\u00f3n de escapes prohibidos para frenar la contaminaci\u00f3n sonora"},"content":{"rendered":"\n<!--more-->\n\n\n\n<p>Cutral Co, Neuquen, 17 de diciembre de 2025. La ciudad de Cutral Co ha marcado un hito hist\u00f3rico en su lucha incansable contra la degradaci\u00f3n del entorno urbano y la preservaci\u00f3n del bienestar colectivo. En una jornada que simboliza el triunfo del orden sobre el caos sonoro, la Municipalidad de Cutral Co, bajo la estricta supervisi\u00f3n de la Direcci\u00f3n de Tr\u00e1nsito y en colaboraci\u00f3n estrecha con la Polic\u00eda Provincial de Neuqu\u00e9n, procedi\u00f3 a la destrucci\u00f3n total y compactaci\u00f3n de cientos de ca\u00f1os de escape modificados. <\/p>\n\n\n\n<p>Este acto no es meramente una medida administrativa de rutina, sino una respuesta contundente a una problem\u00e1tica ambiental que afecta la salud mental y f\u00edsica de miles de vecinos. La proliferaci\u00f3n de veh\u00edculos con escapes libres o adulterados se hab\u00eda convertido en una fuente constante de estr\u00e9s cr\u00f3nico, interrumpiendo el descanso de ni\u00f1os y ancianos, y elevando los niveles de decibelios por encima de los l\u00edmites tolerables establecidos por la Organizaci\u00f3n Mundial de la Salud. Con esta acci\u00f3n, la gesti\u00f3n municipal reafirma que la libertad individual de modificar un veh\u00edculo termina donde comienza el derecho colectivo a una ciudad silenciosa, saludable y arm\u00f3nica para todos sus habitantes.<\/p>\n\n\n\n<p>\u00bfEs posible que un simple accesorio mec\u00e1nico sea el responsable de una crisis de convivencia urbana y da\u00f1os irreparables en la audici\u00f3n? La respuesta es un rotundo s\u00ed, y las autoridades de Cutral Co han decidido que ya es suficiente. Bajo el liderazgo de la Jueza Municipal de Faltas, la Dra. Ana Stempin, se ha ejecutado la instancia final de un riguroso proceso administrativo que comenz\u00f3 con operativos de control en puntos estrat\u00e9gicos de la ciudad. Cada escape compactado hoy representa una infracci\u00f3n a la Ordenanza Municipal N\u00b0 2379\/13, una normativa dise\u00f1ada espec\u00edficamente para mitigar el impacto negativo de los ruidos molestos. Pero m\u00e1s all\u00e1 de la ley, este evento abre un debate necesario sobre la responsabilidad civil y el costo oculto de la contaminaci\u00f3n sonora. Mientras las prensas hidr\u00e1ulicas reduc\u00edan a chatarra estos dispositivos, el mensaje para la comunidad quedaba claro: la transformaci\u00f3n de Cutral Co hacia una ciudad \u00abm\u00e1s\u00bb no solo implica infraestructura, sino tambi\u00e9n una cultura de respeto absoluto por las normas de tr\u00e1nsito y la calidad de vida del pr\u00f3jimo.<\/p>\n\n\n\n<p><strong>\u00bfQu\u00e9 dice la Ordenanza 2379\/13 sobre los ruidos molestos y escapes libres en Cutral Co?<\/strong><\/p>\n\n\n\n<p>La base legal que sustenta este operativo masivo es la Ordenanza Municipal N\u00b0 2379\/13, una pieza legislativa fundamental que regula los niveles de emisi\u00f3n sonora permitidos en la v\u00eda p\u00fablica. Esta normativa proh\u00edbe expl\u00edcitamente la circulaci\u00f3n de motocicletas y autom\u00f3viles que posean escapes abiertos, modificados o cualquier dispositivo que incremente el nivel de ruido original de f\u00e1brica. <\/p>\n\n\n\n<p>Seg\u00fan los expertos en derecho ambiental municipal, el uso de estos sistemas no solo es una contravenci\u00f3n de tr\u00e1nsito, sino un acto de agresi\u00f3n ambiental. La ley faculta a los inspectores de tr\u00e1nsito y a las fuerzas policiales a proceder con el secuestro inmediato del veh\u00edculo o de la pieza no reglamentaria. La Dra. Ana Stempin subray\u00f3 que el proceso de compactaci\u00f3n es el cierre necesario para garantizar que esos elementos nocivos no vuelvan al mercado ilegal ni a las calles. La rigurosidad de la ley busca desincentivar la compra de repuestos no homologados que, adem\u00e1s de generar contaminaci\u00f3n auditiva, suelen comprometer la eficiencia del motor y aumentar la emisi\u00f3n de gases contaminantes, agravando la huella de carbono en nuestra regi\u00f3n.<\/p>\n\n\n\n<p>La importancia de conocer esta normativa radica en que muchos conductores ignoran que las multas por escapes modificados son de las m\u00e1s elevadas dentro del c\u00f3digo de faltas local. El objetivo no es recaudatorio, sino preventivo y educativo. Al eliminar f\u00edsicamente los ca\u00f1os de escape secuestrados, la municipalidad elimina la posibilidad de que el infractor recupere la pieza tras pagar una multa, atacando el problema de ra\u00edz.<\/p>\n\n\n\n<p> Los operativos peri\u00f3dicos mencionados por la Jueza Stempin aseguran que la vigilancia ser\u00e1 constante y que no habr\u00e1 excepciones. La convivencia urbana depende directamente de que los ciudadanos comprendan que el espacio p\u00fablico es compartido y que la contaminaci\u00f3n ac\u00fastica es un enemigo silencioso que deteriora la cohesi\u00f3n social. Aquellos que buscan personalizar sus veh\u00edculos deben hacerlo dentro de los marcos legales, comprendiendo que el \u00abrugir\u00bb de un motor es, para el resto de la comunidad, una intrusi\u00f3n violenta en su derecho a la tranquilidad y al sue\u00f1o reparador.<\/p>\n\n\n\n<p><strong>El impacto invisible: C\u00f3mo la contaminaci\u00f3n sonora afecta la salud de los vecinos neuquinos<\/strong><\/p>\n\n\n\n<p>Cient\u00edficamente, el ruido generado por los escapes modificados no es solo una molestia pasajera; es un contaminante ambiental con efectos fisiol\u00f3gicos y psicol\u00f3gicos documentados. En Cutral Co, la exposici\u00f3n constante a ruidos de alta intensidad provenientes de escapes libres puede provocar desde trastornos del sue\u00f1o y ansiedad hasta problemas cardiovasculares derivados del estr\u00e9s persistente. La Organizaci\u00f3n Mundial de la Salud (OMS) sit\u00faa el ruido como el segundo factor ambiental m\u00e1s perjudicial para la salud en Europa, y la realidad en las ciudades patag\u00f3nicas no es distinta. <\/p>\n\n\n\n<p>Los picos de ruido que superan los 80 o 90 decibelios, comunes en motos con escapes deportivos ilegales, causan micro-despertares que impiden el sue\u00f1o profundo, afectando el rendimiento escolar de los ni\u00f1os y la productividad de los adultos. Adem\u00e1s, las poblaciones vulnerables, como las personas con trastornos del espectro autista (TEA) y las mascotas, sufren episodios de crisis y dolor f\u00edsico ante estas explosiones sonoras impredecibles que rompen la calma de la ciudad.<\/p>\n\n\n\n<p>Desde una perspectiva de salud p\u00fablica, la compactaci\u00f3n realizada hoy es una medida de medicina preventiva urbana. Reducir los decibelios en las avenidas principales de Cutral Co disminuye la irritabilidad social y mejora la percepci\u00f3n de seguridad. Un entorno ruidoso se percibe como un entorno hostil y fuera de control, mientras que una ciudad silenciosa promueve el uso del espacio p\u00fablico y la interacci\u00f3n vecinal positiva. Las autoridades sanitarias locales apoyan estas iniciativas municipales, destacando que el control de la contaminaci\u00f3n ac\u00fastica debe ser una prioridad en las agendas de gobierno modernas. La sostenibilidad de una ciudad no solo se mide en su gesti\u00f3n de residuos s\u00f3lidos o eficiencia energ\u00e9tica, sino tambi\u00e9n en su capacidad de ofrecer un paisaje sonoro limpio. Este operativo es un paso firme hacia la \u00abdescontaminaci\u00f3n auditiva\u00bb, un concepto que cada vez cobra m\u00e1s relevancia en la planificaci\u00f3n de ciudades inteligentes y humanas que priorizan la vida por sobre el ego individualista del conductor.<\/p>\n\n\n\n<p><strong>Sostenibilidad y ambiente: El destino de los metales tras la destrucci\u00f3n de escapes<\/strong><\/p>\n\n\n\n<p>La gesti\u00f3n ambiental de los residuos resultantes de la compactaci\u00f3n es otro pilar fundamental de esta noticia. Los restos de metal y aleaciones provenientes de los escapes modificados no terminan en basurales a cielo abierto, sino que son reinsertados en un circuito de econom\u00eda circular. Al compactar estos elementos, la Municipalidad de Cutral Co facilita el transporte y la fundici\u00f3n de la chatarra met\u00e1lica, permitiendo que el hierro y el aluminio sean reciclados para nuevos usos industriales. Este proceso minimiza la necesidad de extracci\u00f3n de materias primas v\u00edrgenes, reduciendo el impacto ambiental global. Es una met\u00e1fora poderosa: lo que antes era un instrumento de contaminaci\u00f3n y conflicto social, se transforma ahora en materia prima reutilizable para la construcci\u00f3n o la industria. Esta visi\u00f3n integral demuestra que el municipio no solo se preocupa por el ruido, sino tambi\u00e9n por la gesti\u00f3n responsable de los residuos s\u00f3lidos urbanos y la promoci\u00f3n de pr\u00e1cticas sustentables dentro del departamento de Tr\u00e1nsito y Servicios P\u00fablicos.<\/p>\n\n\n\n<p>Adem\u00e1s, es crucial mencionar que muchos de estos escapes modificados de fabricaci\u00f3n casera o de baja calidad carecen de los filtros y catalizadores necesarios para reducir la toxicidad de los gases de combusti\u00f3n. Al retirarlos de circulaci\u00f3n, tambi\u00e9n se est\u00e1 combatiendo la contaminaci\u00f3n qu\u00edmica del aire. Los escapes reglamentarios est\u00e1n dise\u00f1ados para filtrar part\u00edculas nocivas como el mon\u00f3xido de carbono y los \u00f3xidos de nitr\u00f3geno; en cambio, los sistemas \u00ablibres\u00bb liberan estos gases directamente a la atm\u00f3sfera sin tratamiento alguno. Por lo tanto, cada escape destruido representa una peque\u00f1a victoria contra el cambio clim\u00e1tico y la degradaci\u00f3n de la calidad del aire en la provincia de Neuqu\u00e9n. La campa\u00f1a #CutralCoEsM\u00e1s se materializa en estas acciones donde la ecolog\u00eda, la salud y la legalidad convergen para crear un modelo de ciudad m\u00e1s verde, m\u00e1s limpia y, sobre todo, mucho m\u00e1s respetuosa con el entorno natural que nos rodea.<\/p>\n\n\n\n<p><strong>Hacia una cultura de respeto: Educaci\u00f3n vial y concientizaci\u00f3n ciudadana en Neuqu\u00e9n<\/strong><\/p>\n\n\n\n<p>La Dra. Ana Stempin fue enf\u00e1tica al se\u00f1alar que la compactaci\u00f3n es solo la \u00abinstancia final\u00bb de un esfuerzo mucho m\u00e1s amplio que incluye la concientizaci\u00f3n y la educaci\u00f3n vial. No basta con sancionar; es imperativo transformar la mentalidad de los conductores, especialmente de los j\u00f3venes, sobre lo que significa conducir un veh\u00edculo en la v\u00eda p\u00fablica. La Municipalidad de Cutral Co ha iniciado programas de formaci\u00f3n donde se explica que un escape modificado no otorga \u00abestatus\u00bb ni mejora sustancialmente el rendimiento del veh\u00edculo en entornos urbanos, sino que simplemente da\u00f1a el tejido social. La educaci\u00f3n en valores ciudadanos es la herramienta a largo plazo que complementar\u00e1 los operativos de control. Se busca que, en un futuro cercano, la compactaci\u00f3n no sea necesaria porque el ciudadano habr\u00e1 comprendido que el respeto por el descanso ajeno es un pilar de la democracia y la paz social. Los controles peri\u00f3dicos seguir\u00e1n vigentes, pero la meta final es la autorregulaci\u00f3n basada en el entendimiento del da\u00f1o que el ruido causa a la comunidad.<\/p>\n\n\n\n<p>La participaci\u00f3n de la Polic\u00eda Provincial de Neuqu\u00e9n garantiza que estos operativos tengan un alcance integral, cubriendo no solo el centro urbano sino tambi\u00e9n los barrios perif\u00e9ricos donde el problema suele ser m\u00e1s agudo. La sinergia institucional entre el poder ejecutivo municipal, el juzgado de faltas y las fuerzas de seguridad es un ejemplo de gesti\u00f3n p\u00fablica eficiente. Se invita a los vecinos a denunciar los focos de ruidos molestos a trav\u00e9s de los canales oficiales, empoder\u00e1ndolos para que sean custodios de su propia calidad de vida. La construcci\u00f3n de una ciudad ordenada y tranquila es una responsabilidad compartida. Hoy, el sonido de la compactadora silenciando a los escapes ilegales es el sonido del progreso y de un Estado presente que protege a los m\u00e1s vulnerables frente a la prepotencia sonora. Cutral Co se posiciona as\u00ed como un referente regional en la lucha contra la contaminaci\u00f3n ac\u00fastica, demostrando que con voluntad pol\u00edtica y apoyo ciudadano, es posible recuperar la calma en nuestras calles.<\/p>\n\n\n\n<p><\/p>\n","protected":false},"excerpt":{"rendered":"","protected":false},"author":2,"featured_media":100197,"comment_status":"open","ping_status":"open","sticky":false,"template":"","format":"standard","meta":{"site-sidebar-layout":"default","site-content-layout":"","ast-site-content-layout":"default","site-content-style":"default","site-sidebar-style":"default","ast-global-header-display":"","ast-banner-title-visibility":"","ast-main-header-display":"","ast-hfb-above-header-display":"","ast-hfb-below-header-display":"","ast-hfb-mobile-header-display":"","site-post-title":"","ast-breadcrumbs-content":"","ast-featured-img":"","footer-sml-layout":"","ast-disable-related-posts":"","theme-transparent-header-meta":"","adv-header-id-meta":"","stick-header-meta":"","header-above-stick-meta":"","header-main-stick-meta":"","header-below-stick-meta":"","astra-migrate-meta-layouts":"default","ast-page-background-enabled":"default","ast-page-background-meta":{"desktop":{"background-color":"var(--ast-global-color-5)","background-image":"","background-repeat":"repeat","background-position":"center center","background-size":"auto","background-attachment":"scroll","background-type":"","background-media":"","overlay-type":"","overlay-color":"","overlay-opacity":"","overlay-gradient":""},"tablet":{"background-color":"","background-image":"","background-repeat":"repeat","background-position":"center center","background-size":"auto","background-attachment":"scroll","background-type":"","background-media":"","overlay-type":"","overlay-color":"","overlay-opacity":"","overlay-gradient":""},"mobile":{"background-color":"","background-image":"","background-repeat":"repeat","background-position":"center center","background-size":"auto","background-attachment":"scroll","background-type":"","background-media":"","overlay-type":"","overlay-color":"","overlay-opacity":"","overlay-gradient":""}},"ast-content-background-meta":{"desktop":{"background-color":"var(--ast-global-color-4)","background-image":"","background-repeat":"repeat","background-position":"center center","background-size":"auto","background-attachment":"scroll","background-type":"","background-media":"","overlay-type":"","overlay-color":"","overlay-opacity":"","overlay-gradient":""},"tablet":{"background-color":"var(--ast-global-color-4)","background-image":"","background-repeat":"repeat","background-position":"center center","background-size":"auto","background-attachment":"scroll","background-type":"","background-media":"","overlay-type":"","overlay-color":"","overlay-opacity":"","overlay-gradient":""},"mobile":{"background-color":"var(--ast-global-color-4)","background-image":"","background-repeat":"repeat","background-position":"center center","background-size":"auto","background-attachment":"scroll","background-type":"","background-media":"","overlay-type":"","overlay-color":"","overlay-opacity":"","overlay-gradient":""}},"footnotes":""},"categories":[3512,1],"tags":[],"class_list":["post-100196","post","type-post","status-publish","format-standard","has-post-thumbnail","hentry","category-economia-circular","category-noticias"],"yoast_head":"<!-- This site is optimized with the Yoast SEO Premium plugin v23.0 (Yoast SEO v27.5) - https:\/\/yoast.com\/product\/yoast-seo-premium-wordpress\/ -->\n<title>Fin a la tortura ac\u00fastica en Cutral Co! Masiva compactaci\u00f3n de escapes prohibidos para frenar la contaminaci\u00f3n sonora La ciudad de Cutral Co ha marcado un hito hist\u00f3rico en su lucha incansable contra la degradaci\u00f3n del entorno urbano y la preservaci\u00f3n del bienestar colectivo.<\/title>\n<meta name=\"description\" content=\"La ciudad de Cutral Co ha marcado un hito hist\u00f3rico en su lucha incansable contra la degradaci\u00f3n del entorno urbano\" \/>\n<meta name=\"robots\" content=\"index, follow, max-snippet:-1, max-image-preview:large, max-video-preview:-1\" \/>\n<link rel=\"canonical\" href=\"https:\/\/patagoniambiental.com.ar\/info\/fin-a-la-tortura-acustica-en-cutral-co-masiva-compactacion-de-escapes-prohibidos-para-frenar-la-contaminacion-sonora\/\" \/>\n<meta property=\"og:locale\" content=\"es_ES\" \/>\n<meta property=\"og:type\" content=\"article\" \/>\n<meta property=\"og:title\" content=\"Fin a la tortura ac\u00fastica en Cutral Co! Masiva compactaci\u00f3n de escapes prohibidos para frenar la contaminaci\u00f3n sonora\" \/>\n<meta property=\"og:description\" content=\"La ciudad de Cutral Co ha marcado un hito hist\u00f3rico en su lucha incansable contra la degradaci\u00f3n del entorno urbano\" \/>\n<meta property=\"og:url\" content=\"https:\/\/patagoniambiental.com.ar\/info\/fin-a-la-tortura-acustica-en-cutral-co-masiva-compactacion-de-escapes-prohibidos-para-frenar-la-contaminacion-sonora\/\" \/>\n<meta property=\"og:site_name\" content=\"Patagonia Ambiental\" \/>\n<meta property=\"article:publisher\" content=\"https:\/\/www.facebook.com\/patagonia.ambiental\" \/>\n<meta property=\"article:author\" content=\"https:\/\/www.facebook.com\/share\/1C1V8Gv9BX\/?mibextid=qi2Omg\" \/>\n<meta property=\"article:published_time\" content=\"2025-12-17T21:00:00+00:00\" \/>\n<meta property=\"og:image\" content=\"https:\/\/patagoniambiental.com.ar\/info\/wp-content\/uploads\/2025\/12\/FB_IMG_1765999951927.jpg\" \/>\n\t<meta property=\"og:image:width\" content=\"1280\" \/>\n\t<meta property=\"og:image:height\" content=\"853\" \/>\n\t<meta property=\"og:image:type\" content=\"image\/jpeg\" \/>\n<meta name=\"author\" content=\"Patagonia Ambiental\" \/>\n<meta name=\"twitter:card\" content=\"summary_large_image\" \/>\n<meta name=\"twitter:creator\" content=\"@PatAmb\" \/>\n<meta name=\"twitter:site\" content=\"@PatAmb\" \/>\n<script type=\"application\/ld+json\" class=\"yoast-schema-graph\">{\"@context\":\"https:\\\/\\\/schema.org\",\"@graph\":[{\"@type\":\"Article\",\"@id\":\"https:\\\/\\\/patagoniambiental.com.ar\\\/info\\\/fin-a-la-tortura-acustica-en-cutral-co-masiva-compactacion-de-escapes-prohibidos-para-frenar-la-contaminacion-sonora\\\/#article\",\"isPartOf\":{\"@id\":\"https:\\\/\\\/patagoniambiental.com.ar\\\/info\\\/fin-a-la-tortura-acustica-en-cutral-co-masiva-compactacion-de-escapes-prohibidos-para-frenar-la-contaminacion-sonora\\\/\"},\"author\":{\"name\":\"Patagonia Ambiental\",\"@id\":\"https:\\\/\\\/patagoniambiental.com.ar\\\/info\\\/#\\\/schema\\\/person\\\/db12bff64bbcbf6a253710bf0ea37b5d\"},\"headline\":\"Fin a la tortura ac\u00fastica en Cutral Co! Masiva compactaci\u00f3n de escapes prohibidos para frenar la contaminaci\u00f3n sonora\",\"datePublished\":\"2025-12-17T21:00:00+00:00\",\"mainEntityOfPage\":{\"@id\":\"https:\\\/\\\/patagoniambiental.com.ar\\\/info\\\/fin-a-la-tortura-acustica-en-cutral-co-masiva-compactacion-de-escapes-prohibidos-para-frenar-la-contaminacion-sonora\\\/\"},\"wordCount\":1908,\"commentCount\":0,\"publisher\":{\"@id\":\"https:\\\/\\\/patagoniambiental.com.ar\\\/info\\\/#organization\"},\"image\":{\"@id\":\"https:\\\/\\\/patagoniambiental.com.ar\\\/info\\\/fin-a-la-tortura-acustica-en-cutral-co-masiva-compactacion-de-escapes-prohibidos-para-frenar-la-contaminacion-sonora\\\/#primaryimage\"},\"thumbnailUrl\":\"https:\\\/\\\/patagoniambiental.com.ar\\\/info\\\/wp-content\\\/uploads\\\/2025\\\/12\\\/FB_IMG_1765999951927.jpg\",\"articleSection\":[\"Econom\u00eda Circular\",\"Noticias\"],\"inLanguage\":\"es\",\"potentialAction\":[{\"@type\":\"CommentAction\",\"name\":\"Comment\",\"target\":[\"https:\\\/\\\/patagoniambiental.com.ar\\\/info\\\/fin-a-la-tortura-acustica-en-cutral-co-masiva-compactacion-de-escapes-prohibidos-para-frenar-la-contaminacion-sonora\\\/#respond\"]}]},{\"@type\":\"WebPage\",\"@id\":\"https:\\\/\\\/patagoniambiental.com.ar\\\/info\\\/fin-a-la-tortura-acustica-en-cutral-co-masiva-compactacion-de-escapes-prohibidos-para-frenar-la-contaminacion-sonora\\\/\",\"url\":\"https:\\\/\\\/patagoniambiental.com.ar\\\/info\\\/fin-a-la-tortura-acustica-en-cutral-co-masiva-compactacion-de-escapes-prohibidos-para-frenar-la-contaminacion-sonora\\\/\",\"name\":\"Fin a la tortura ac\u00fastica en Cutral Co! Masiva compactaci\u00f3n de escapes prohibidos para frenar la contaminaci\u00f3n sonora La ciudad de Cutral Co ha marcado un hito hist\u00f3rico en su lucha incansable contra la degradaci\u00f3n del entorno urbano y la preservaci\u00f3n del bienestar colectivo.\",\"isPartOf\":{\"@id\":\"https:\\\/\\\/patagoniambiental.com.ar\\\/info\\\/#website\"},\"primaryImageOfPage\":{\"@id\":\"https:\\\/\\\/patagoniambiental.com.ar\\\/info\\\/fin-a-la-tortura-acustica-en-cutral-co-masiva-compactacion-de-escapes-prohibidos-para-frenar-la-contaminacion-sonora\\\/#primaryimage\"},\"image\":{\"@id\":\"https:\\\/\\\/patagoniambiental.com.ar\\\/info\\\/fin-a-la-tortura-acustica-en-cutral-co-masiva-compactacion-de-escapes-prohibidos-para-frenar-la-contaminacion-sonora\\\/#primaryimage\"},\"thumbnailUrl\":\"https:\\\/\\\/patagoniambiental.com.ar\\\/info\\\/wp-content\\\/uploads\\\/2025\\\/12\\\/FB_IMG_1765999951927.jpg\",\"datePublished\":\"2025-12-17T21:00:00+00:00\",\"description\":\"La ciudad de Cutral Co ha marcado un hito hist\u00f3rico en su lucha incansable contra la degradaci\u00f3n del entorno urbano\",\"breadcrumb\":{\"@id\":\"https:\\\/\\\/patagoniambiental.com.ar\\\/info\\\/fin-a-la-tortura-acustica-en-cutral-co-masiva-compactacion-de-escapes-prohibidos-para-frenar-la-contaminacion-sonora\\\/#breadcrumb\"},\"inLanguage\":\"es\",\"potentialAction\":[{\"@type\":\"ReadAction\",\"target\":[\"https:\\\/\\\/patagoniambiental.com.ar\\\/info\\\/fin-a-la-tortura-acustica-en-cutral-co-masiva-compactacion-de-escapes-prohibidos-para-frenar-la-contaminacion-sonora\\\/\"]}]},{\"@type\":\"ImageObject\",\"inLanguage\":\"es\",\"@id\":\"https:\\\/\\\/patagoniambiental.com.ar\\\/info\\\/fin-a-la-tortura-acustica-en-cutral-co-masiva-compactacion-de-escapes-prohibidos-para-frenar-la-contaminacion-sonora\\\/#primaryimage\",\"url\":\"https:\\\/\\\/patagoniambiental.com.ar\\\/info\\\/wp-content\\\/uploads\\\/2025\\\/12\\\/FB_IMG_1765999951927.jpg\",\"contentUrl\":\"https:\\\/\\\/patagoniambiental.com.ar\\\/info\\\/wp-content\\\/uploads\\\/2025\\\/12\\\/FB_IMG_1765999951927.jpg\",\"width\":1280,\"height\":853,\"caption\":\"Fin a la tortura ac\u00fastica en Cutral Co! Masiva compactaci\u00f3n de escapes prohibidos para frenar la contaminaci\u00f3n sonora y proteger la salud p\u00fablica\"},{\"@type\":\"BreadcrumbList\",\"@id\":\"https:\\\/\\\/patagoniambiental.com.ar\\\/info\\\/fin-a-la-tortura-acustica-en-cutral-co-masiva-compactacion-de-escapes-prohibidos-para-frenar-la-contaminacion-sonora\\\/#breadcrumb\",\"itemListElement\":[{\"@type\":\"ListItem\",\"position\":1,\"name\":\"Inicio\",\"item\":\"https:\\\/\\\/patagoniambiental.com.ar\\\/info\\\/\"},{\"@type\":\"ListItem\",\"position\":2,\"name\":\"Fin a la tortura ac\u00fastica en Cutral Co! Masiva compactaci\u00f3n de escapes prohibidos para frenar la contaminaci\u00f3n sonora\"}]},{\"@type\":\"WebSite\",\"@id\":\"https:\\\/\\\/patagoniambiental.com.ar\\\/info\\\/#website\",\"url\":\"https:\\\/\\\/patagoniambiental.com.ar\\\/info\\\/\",\"name\":\"Patagonia Ambiental\",\"description\":\"Monitoreo y an\u00e1lisis de la situaci\u00f3n geopol\u00edtica en el mundo y su implicancia en la Patagonia\",\"publisher\":{\"@id\":\"https:\\\/\\\/patagoniambiental.com.ar\\\/info\\\/#organization\"},\"potentialAction\":[{\"@type\":\"SearchAction\",\"target\":{\"@type\":\"EntryPoint\",\"urlTemplate\":\"https:\\\/\\\/patagoniambiental.com.ar\\\/info\\\/?s={search_term_string}\"},\"query-input\":{\"@type\":\"PropertyValueSpecification\",\"valueRequired\":true,\"valueName\":\"search_term_string\"}}],\"inLanguage\":\"es\"},{\"@type\":\"Organization\",\"@id\":\"https:\\\/\\\/patagoniambiental.com.ar\\\/info\\\/#organization\",\"name\":\"Patagonia Ambiental\",\"url\":\"https:\\\/\\\/patagoniambiental.com.ar\\\/info\\\/\",\"logo\":{\"@type\":\"ImageObject\",\"inLanguage\":\"es\",\"@id\":\"https:\\\/\\\/patagoniambiental.com.ar\\\/info\\\/#\\\/schema\\\/logo\\\/image\\\/\",\"url\":\"https:\\\/\\\/patagoniambiental.com.ar\\\/info\\\/wp-content\\\/uploads\\\/2025\\\/05\\\/LOGO-PATAGONIA-AMBIENTAL.png\",\"contentUrl\":\"https:\\\/\\\/patagoniambiental.com.ar\\\/info\\\/wp-content\\\/uploads\\\/2025\\\/05\\\/LOGO-PATAGONIA-AMBIENTAL.png\",\"width\":433,\"height\":250,\"caption\":\"Patagonia Ambiental\"},\"image\":{\"@id\":\"https:\\\/\\\/patagoniambiental.com.ar\\\/info\\\/#\\\/schema\\\/logo\\\/image\\\/\"},\"sameAs\":[\"https:\\\/\\\/www.facebook.com\\\/patagonia.ambiental\",\"https:\\\/\\\/x.com\\\/PatAmb\"]},{\"@type\":\"Person\",\"@id\":\"https:\\\/\\\/patagoniambiental.com.ar\\\/info\\\/#\\\/schema\\\/person\\\/db12bff64bbcbf6a253710bf0ea37b5d\",\"name\":\"Patagonia Ambiental\",\"description\":\"Andr\u00e9s Nievas T\u00e9cnico en manejo ambiental, consultor Ambiental y escritor para medios locales e internacionales sobre temas de geopolitica y medio ambiente.\",\"sameAs\":[\"http:\\\/\\\/www.patagoniambiental.com.ar\",\"https:\\\/\\\/www.facebook.com\\\/share\\\/1C1V8Gv9BX\\\/?mibextid=qi2Omg\",\"@patagoniambiental\",\"https:\\\/\\\/youtube.com\\\/@patagoniaambiental2023?si=BLt58t0wuXquxlYZ\"]}]}<\/script>\n<!-- \/ Yoast SEO Premium plugin. -->","yoast_head_json":{"title":"Fin a la tortura ac\u00fastica en Cutral Co! Masiva compactaci\u00f3n de escapes prohibidos para frenar la contaminaci\u00f3n sonora La ciudad de Cutral Co ha marcado un hito hist\u00f3rico en su lucha incansable contra la degradaci\u00f3n del entorno urbano y la preservaci\u00f3n del bienestar colectivo.","description":"La ciudad de Cutral Co ha marcado un hito hist\u00f3rico en su lucha incansable contra la degradaci\u00f3n del entorno urbano","robots":{"index":"index","follow":"follow","max-snippet":"max-snippet:-1","max-image-preview":"max-image-preview:large","max-video-preview":"max-video-preview:-1"},"canonical":"https:\/\/patagoniambiental.com.ar\/info\/fin-a-la-tortura-acustica-en-cutral-co-masiva-compactacion-de-escapes-prohibidos-para-frenar-la-contaminacion-sonora\/","og_locale":"es_ES","og_type":"article","og_title":"Fin a la tortura ac\u00fastica en Cutral Co! Masiva compactaci\u00f3n de escapes prohibidos para frenar la contaminaci\u00f3n sonora","og_description":"La ciudad de Cutral Co ha marcado un hito hist\u00f3rico en su lucha incansable contra la degradaci\u00f3n del entorno urbano","og_url":"https:\/\/patagoniambiental.com.ar\/info\/fin-a-la-tortura-acustica-en-cutral-co-masiva-compactacion-de-escapes-prohibidos-para-frenar-la-contaminacion-sonora\/","og_site_name":"Patagonia Ambiental","article_publisher":"https:\/\/www.facebook.com\/patagonia.ambiental","article_author":"https:\/\/www.facebook.com\/share\/1C1V8Gv9BX\/?mibextid=qi2Omg","article_published_time":"2025-12-17T21:00:00+00:00","og_image":[{"width":1280,"height":853,"url":"https:\/\/patagoniambiental.com.ar\/info\/wp-content\/uploads\/2025\/12\/FB_IMG_1765999951927.jpg","type":"image\/jpeg"}],"author":"Patagonia Ambiental","twitter_card":"summary_large_image","twitter_creator":"@PatAmb","twitter_site":"@PatAmb","schema":{"@context":"https:\/\/schema.org","@graph":[{"@type":"Article","@id":"https:\/\/patagoniambiental.com.ar\/info\/fin-a-la-tortura-acustica-en-cutral-co-masiva-compactacion-de-escapes-prohibidos-para-frenar-la-contaminacion-sonora\/#article","isPartOf":{"@id":"https:\/\/patagoniambiental.com.ar\/info\/fin-a-la-tortura-acustica-en-cutral-co-masiva-compactacion-de-escapes-prohibidos-para-frenar-la-contaminacion-sonora\/"},"author":{"name":"Patagonia Ambiental","@id":"https:\/\/patagoniambiental.com.ar\/info\/#\/schema\/person\/db12bff64bbcbf6a253710bf0ea37b5d"},"headline":"Fin a la tortura ac\u00fastica en Cutral Co! Masiva compactaci\u00f3n de escapes prohibidos para frenar la contaminaci\u00f3n sonora","datePublished":"2025-12-17T21:00:00+00:00","mainEntityOfPage":{"@id":"https:\/\/patagoniambiental.com.ar\/info\/fin-a-la-tortura-acustica-en-cutral-co-masiva-compactacion-de-escapes-prohibidos-para-frenar-la-contaminacion-sonora\/"},"wordCount":1908,"commentCount":0,"publisher":{"@id":"https:\/\/patagoniambiental.com.ar\/info\/#organization"},"image":{"@id":"https:\/\/patagoniambiental.com.ar\/info\/fin-a-la-tortura-acustica-en-cutral-co-masiva-compactacion-de-escapes-prohibidos-para-frenar-la-contaminacion-sonora\/#primaryimage"},"thumbnailUrl":"https:\/\/patagoniambiental.com.ar\/info\/wp-content\/uploads\/2025\/12\/FB_IMG_1765999951927.jpg","articleSection":["Econom\u00eda Circular","Noticias"],"inLanguage":"es","potentialAction":[{"@type":"CommentAction","name":"Comment","target":["https:\/\/patagoniambiental.com.ar\/info\/fin-a-la-tortura-acustica-en-cutral-co-masiva-compactacion-de-escapes-prohibidos-para-frenar-la-contaminacion-sonora\/#respond"]}]},{"@type":"WebPage","@id":"https:\/\/patagoniambiental.com.ar\/info\/fin-a-la-tortura-acustica-en-cutral-co-masiva-compactacion-de-escapes-prohibidos-para-frenar-la-contaminacion-sonora\/","url":"https:\/\/patagoniambiental.com.ar\/info\/fin-a-la-tortura-acustica-en-cutral-co-masiva-compactacion-de-escapes-prohibidos-para-frenar-la-contaminacion-sonora\/","name":"Fin a la tortura ac\u00fastica en Cutral Co! Masiva compactaci\u00f3n de escapes prohibidos para frenar la contaminaci\u00f3n sonora La ciudad de Cutral Co ha marcado un hito hist\u00f3rico en su lucha incansable contra la degradaci\u00f3n del entorno urbano y la preservaci\u00f3n del bienestar colectivo.","isPartOf":{"@id":"https:\/\/patagoniambiental.com.ar\/info\/#website"},"primaryImageOfPage":{"@id":"https:\/\/patagoniambiental.com.ar\/info\/fin-a-la-tortura-acustica-en-cutral-co-masiva-compactacion-de-escapes-prohibidos-para-frenar-la-contaminacion-sonora\/#primaryimage"},"image":{"@id":"https:\/\/patagoniambiental.com.ar\/info\/fin-a-la-tortura-acustica-en-cutral-co-masiva-compactacion-de-escapes-prohibidos-para-frenar-la-contaminacion-sonora\/#primaryimage"},"thumbnailUrl":"https:\/\/patagoniambiental.com.ar\/info\/wp-content\/uploads\/2025\/12\/FB_IMG_1765999951927.jpg","datePublished":"2025-12-17T21:00:00+00:00","description":"La ciudad de Cutral Co ha marcado un hito hist\u00f3rico en su lucha incansable contra la degradaci\u00f3n del entorno urbano","breadcrumb":{"@id":"https:\/\/patagoniambiental.com.ar\/info\/fin-a-la-tortura-acustica-en-cutral-co-masiva-compactacion-de-escapes-prohibidos-para-frenar-la-contaminacion-sonora\/#breadcrumb"},"inLanguage":"es","potentialAction":[{"@type":"ReadAction","target":["https:\/\/patagoniambiental.com.ar\/info\/fin-a-la-tortura-acustica-en-cutral-co-masiva-compactacion-de-escapes-prohibidos-para-frenar-la-contaminacion-sonora\/"]}]},{"@type":"ImageObject","inLanguage":"es","@id":"https:\/\/patagoniambiental.com.ar\/info\/fin-a-la-tortura-acustica-en-cutral-co-masiva-compactacion-de-escapes-prohibidos-para-frenar-la-contaminacion-sonora\/#primaryimage","url":"https:\/\/patagoniambiental.com.ar\/info\/wp-content\/uploads\/2025\/12\/FB_IMG_1765999951927.jpg","contentUrl":"https:\/\/patagoniambiental.com.ar\/info\/wp-content\/uploads\/2025\/12\/FB_IMG_1765999951927.jpg","width":1280,"height":853,"caption":"Fin a la tortura ac\u00fastica en Cutral Co! Masiva compactaci\u00f3n de escapes prohibidos para frenar la contaminaci\u00f3n sonora y proteger la salud p\u00fablica"},{"@type":"BreadcrumbList","@id":"https:\/\/patagoniambiental.com.ar\/info\/fin-a-la-tortura-acustica-en-cutral-co-masiva-compactacion-de-escapes-prohibidos-para-frenar-la-contaminacion-sonora\/#breadcrumb","itemListElement":[{"@type":"ListItem","position":1,"name":"Inicio","item":"https:\/\/patagoniambiental.com.ar\/info\/"},{"@type":"ListItem","position":2,"name":"Fin a la tortura ac\u00fastica en Cutral Co! Masiva compactaci\u00f3n de escapes prohibidos para frenar la contaminaci\u00f3n sonora"}]},{"@type":"WebSite","@id":"https:\/\/patagoniambiental.com.ar\/info\/#website","url":"https:\/\/patagoniambiental.com.ar\/info\/","name":"Patagonia Ambiental","description":"Monitoreo y an\u00e1lisis de la situaci\u00f3n geopol\u00edtica en el mundo y su implicancia en la Patagonia","publisher":{"@id":"https:\/\/patagoniambiental.com.ar\/info\/#organization"},"potentialAction":[{"@type":"SearchAction","target":{"@type":"EntryPoint","urlTemplate":"https:\/\/patagoniambiental.com.ar\/info\/?s={search_term_string}"},"query-input":{"@type":"PropertyValueSpecification","valueRequired":true,"valueName":"search_term_string"}}],"inLanguage":"es"},{"@type":"Organization","@id":"https:\/\/patagoniambiental.com.ar\/info\/#organization","name":"Patagonia Ambiental","url":"https:\/\/patagoniambiental.com.ar\/info\/","logo":{"@type":"ImageObject","inLanguage":"es","@id":"https:\/\/patagoniambiental.com.ar\/info\/#\/schema\/logo\/image\/","url":"https:\/\/patagoniambiental.com.ar\/info\/wp-content\/uploads\/2025\/05\/LOGO-PATAGONIA-AMBIENTAL.png","contentUrl":"https:\/\/patagoniambiental.com.ar\/info\/wp-content\/uploads\/2025\/05\/LOGO-PATAGONIA-AMBIENTAL.png","width":433,"height":250,"caption":"Patagonia Ambiental"},"image":{"@id":"https:\/\/patagoniambiental.com.ar\/info\/#\/schema\/logo\/image\/"},"sameAs":["https:\/\/www.facebook.com\/patagonia.ambiental","https:\/\/x.com\/PatAmb"]},{"@type":"Person","@id":"https:\/\/patagoniambiental.com.ar\/info\/#\/schema\/person\/db12bff64bbcbf6a253710bf0ea37b5d","name":"Patagonia Ambiental","description":"Andr\u00e9s Nievas T\u00e9cnico en manejo ambiental, consultor Ambiental y escritor para medios locales e internacionales sobre temas de geopolitica y medio ambiente.","sameAs":["http:\/\/www.patagoniambiental.com.ar","https:\/\/www.facebook.com\/share\/1C1V8Gv9BX\/?mibextid=qi2Omg","@patagoniambiental","https:\/\/youtube.com\/@patagoniaambiental2023?si=BLt58t0wuXquxlYZ"]}]}},"_links":{"self":[{"href":"https:\/\/patagoniambiental.com.ar\/info\/wp-json\/wp\/v2\/posts\/100196","targetHints":{"allow":["GET"]}}],"collection":[{"href":"https:\/\/patagoniambiental.com.ar\/info\/wp-json\/wp\/v2\/posts"}],"about":[{"href":"https:\/\/patagoniambiental.com.ar\/info\/wp-json\/wp\/v2\/types\/post"}],"author":[{"embeddable":true,"href":"https:\/\/patagoniambiental.com.ar\/info\/wp-json\/wp\/v2\/users\/2"}],"replies":[{"embeddable":true,"href":"https:\/\/patagoniambiental.com.ar\/info\/wp-json\/wp\/v2\/comments?post=100196"}],"version-history":[{"count":2,"href":"https:\/\/patagoniambiental.com.ar\/info\/wp-json\/wp\/v2\/posts\/100196\/revisions"}],"predecessor-version":[{"id":100200,"href":"https:\/\/patagoniambiental.com.ar\/info\/wp-json\/wp\/v2\/posts\/100196\/revisions\/100200"}],"wp:featuredmedia":[{"embeddable":true,"href":"https:\/\/patagoniambiental.com.ar\/info\/wp-json\/wp\/v2\/media\/100197"}],"wp:attachment":[{"href":"https:\/\/patagoniambiental.com.ar\/info\/wp-json\/wp\/v2\/media?parent=100196"}],"wp:term":[{"taxonomy":"category","embeddable":true,"href":"https:\/\/patagoniambiental.com.ar\/info\/wp-json\/wp\/v2\/categories?post=100196"},{"taxonomy":"post_tag","embeddable":true,"href":"https:\/\/patagoniambiental.com.ar\/info\/wp-json\/wp\/v2\/tags?post=100196"}],"curies":[{"name":"wp","href":"https:\/\/api.w.org\/{rel}","templated":true}]}}