{"id":100695,"date":"2026-03-17T07:00:00","date_gmt":"2026-03-17T10:00:00","guid":{"rendered":"https:\/\/patagoniambiental.com.ar\/info\/?p=100695"},"modified":"2026-03-17T10:41:07","modified_gmt":"2026-03-17T13:41:07","slug":"proyecto-ruta-nacional-50","status":"publish","type":"post","link":"https:\/\/patagoniambiental.com.ar\/info\/proyecto-ruta-nacional-50\/","title":{"rendered":"Qu\u00e9 es el proyecto de la Ruta Nacional 50 de AIMAS y qu\u00e9 beneficios tiene para Argentina?"},"content":{"rendered":"\n<!--more-->\n\n\n\n<p>Introducci\u00f3n: una nueva columna vertebral para el desarrollo nacional<\/p>\n\n\n\n<p>En el debate actual sobre infraestructura y geopol\u00edtica en Am\u00e9rica del Sur, los corredores bioce\u00e1nicos han ocupado el centro de la escena. Sin embargo, mientras los ejes transversales oeste-este avanzan para conectar regiones productivas con puertos del Pac\u00edfico y del Atl\u00e1ntico, surge una pregunta estrat\u00e9gica: \u00bfqu\u00e9 ocurre con la integraci\u00f3n norte-sur dentro del territorio argentino?<\/p>\n\n\n\n<p>En ese contexto aparece el proyecto de la Ruta Nacional 50, impulsado por AIMAS, como una propuesta para consolidar un eje vertical complementario que fortalezca la integraci\u00f3n interna, la soberan\u00eda territorial y el desarrollo productivo.<\/p>\n\n\n\n<p>La iniciativa no se limita a la construcci\u00f3n de una carretera. Se trata de una visi\u00f3n geopol\u00edtica que busca reequilibrar el mapa log\u00edstico argentino y potenciar el crecimiento federal.<\/p>\n\n\n\n<p>\u00bfQu\u00e9 es el proyecto de la Ruta Nacional 50?<\/p>\n\n\n\n<p>La Ruta Nacional 50 es una propuesta de infraestructura estrat\u00e9gica concebida como un corredor longitudinal norte-sur destinado a complementar y fortalecer el entramado vial argentino.<\/p>\n\n\n\n<p>Impulsado por AIMAS, el proyecto plantea:<\/p>\n\n\n\n<p>Consolidar un eje vertical alternativo a la tradicional concentraci\u00f3n centro-puerto.<\/p>\n\n\n\n<p>Integrar regiones productivas del interior.<\/p>\n\n\n\n<p>Mejorar la conectividad log\u00edstica.<\/p>\n\n\n\n<p>Fortalecer la cohesi\u00f3n territorial.<\/p>\n\n\n\n<p>Potenciar econom\u00edas regionales.<\/p>\n\n\n\n<p>Mientras los corredores bioce\u00e1nicos priorizan la salida de mercanc\u00edas hacia mercados internacionales, la Ruta 50 apunta a estructurar el territorio desde adentro hacia afuera.<\/p>\n\n\n\n<p>El contexto geopol\u00edtico: corredores transversales vs. integraci\u00f3n vertical<\/p>\n\n\n\n<p>Desde el a\u00f1o 2000, con la creaci\u00f3n de la Iniciativa para la Integraci\u00f3n de la Infraestructura Regional Suramericana (IIRSA) en la Cumbre de Presidentes de Am\u00e9rica del Sur en Brasilia, Am\u00e9rica del Sur avanz\u00f3 en la construcci\u00f3n de corredores bioce\u00e1nicos orientados principalmente en sentido oeste-este.<\/p>\n\n\n\n<p>Estos ejes permiten:<\/p>\n\n\n\n<p>Conectar Brasil con puertos chilenos.<\/p>\n\n\n\n<p>Facilitar exportaciones agr\u00edcolas y mineras.<\/p>\n\n\n\n<p>Reducir tiempos de transporte hacia Asia.<\/p>\n\n\n\n<p>Integrar mercados regionales.<\/p>\n\n\n\n<p>Pero tambi\u00e9n generan un desaf\u00edo: si no se complementan con ejes norte-sur s\u00f3lidos, pueden reforzar una l\u00f3gica extractiva donde las regiones se convierten en zonas de paso hacia puertos internacionales.<\/p>\n\n\n\n<p>La Ruta Nacional 50 se inscribe como respuesta estrat\u00e9gica a ese desequilibrio.<\/p>\n\n\n\n<p>La necesidad de una columna vertebral norte-sur<\/p>\n\n\n\n<p>Argentina tiene hist\u00f3ricamente una estructura territorial longitudinal. Desde la consolidaci\u00f3n del Estado nacional, el desarrollo se organiz\u00f3 siguiendo ejes verticales que articulaban provincias con la capital y los puertos atl\u00e1nticos.<\/p>\n\n\n\n<p>Uno de esos s\u00edmbolos es la Ruta Nacional 40, que recorre m\u00e1s de 5.000 kil\u00f3metros a lo largo de la Cordillera de los Andes. Sin embargo, a\u00fan presenta tramos sin pavimentar y limitaciones log\u00edsticas.<\/p>\n\n\n\n<p>La Ruta 50 se proyecta como un eje complementario, no como reemplazo. La idea es generar redundancia estrat\u00e9gica: m\u00faltiples corredores verticales que aseguren conectividad continua, eficiente y federal.<\/p>\n\n\n\n<p>Beneficios estrat\u00e9gicos del proyecto<\/p>\n\n\n\n<ol class=\"wp-block-list\">\n<li>Integraci\u00f3n territorial real<\/li>\n<\/ol>\n\n\n\n<p>Una red norte-sur s\u00f3lida permite:<\/p>\n\n\n\n<p>Reducir el aislamiento de regiones perif\u00e9ricas.<\/p>\n\n\n\n<p>Conectar provincias sin depender exclusivamente del \u00c1rea Metropolitana de Buenos Aires.<\/p>\n\n\n\n<p>Favorecer el arraigo poblacional.<\/p>\n\n\n\n<p>La integraci\u00f3n f\u00edsica es condici\u00f3n b\u00e1sica para la integraci\u00f3n econ\u00f3mica y social.<\/p>\n\n\n\n<ol start=\"2\" class=\"wp-block-list\">\n<li>Desarrollo de econom\u00edas regionales<\/li>\n<\/ol>\n\n\n\n<p>El proyecto permitir\u00eda:<\/p>\n\n\n\n<p>Reducir costos de transporte interno.<\/p>\n\n\n\n<p>Facilitar la distribuci\u00f3n interprovincial.<\/p>\n\n\n\n<p>Crear nuevos polos log\u00edsticos.<\/p>\n\n\n\n<p>Impulsar parques industriales en el interior.<\/p>\n\n\n\n<p>En lugar de exportar materias primas sin procesar, la infraestructura vertical favorece la creaci\u00f3n de cadenas de valor dentro del pa\u00eds.<\/p>\n\n\n\n<ol start=\"3\" class=\"wp-block-list\">\n<li>Complementar los corredores bioce\u00e1nicos<\/li>\n<\/ol>\n\n\n\n<p>La clave no es oponerse a los corredores transversales, sino complementarlos.<\/p>\n\n\n\n<p>Si Argentina dispone de:<\/p>\n\n\n\n<p>Ejes oeste-este (bioce\u00e1nicos).<\/p>\n\n\n\n<p>Ejes norte-sur (integraci\u00f3n interna).<\/p>\n\n\n\n<p>Entonces puede:<\/p>\n\n\n\n<p>Diversificar rutas comerciales.<\/p>\n\n\n\n<p>Mejorar su capacidad negociadora.<\/p>\n\n\n\n<p>Optimizar tiempos y costos.<\/p>\n\n\n\n<p>Elegir estrat\u00e9gicamente por d\u00f3nde exportar.<\/p>\n\n\n\n<p>La combinaci\u00f3n de ambos sentidos genera resiliencia log\u00edstica.<\/p>\n\n\n\n<ol start=\"4\" class=\"wp-block-list\">\n<li>Fortalecimiento de la soberan\u00eda<\/li>\n<\/ol>\n\n\n\n<p>La infraestructura es una herramienta de soberan\u00eda.<\/p>\n\n\n\n<p>Un eje vertical fuerte:<\/p>\n\n\n\n<p>Consolida presencia estatal.<\/p>\n\n\n\n<p>Mejora capacidad de defensa territorial.<\/p>\n\n\n\n<p>Facilita despliegue log\u00edstico en emergencias.<\/p>\n\n\n\n<p>Refuerza control de fronteras.<\/p>\n\n\n\n<p>En un contexto global de disputa por recursos estrat\u00e9gicos, contar con conectividad interna robusta es un factor clave de autonom\u00eda.<\/p>\n\n\n\n<ol start=\"5\" class=\"wp-block-list\">\n<li>Impacto en la Patagonia<\/li>\n<\/ol>\n\n\n\n<p>La Patagonia posee:<\/p>\n\n\n\n<p>Hidrocarburos.<\/p>\n\n\n\n<p>Energ\u00edas renovables.<\/p>\n\n\n\n<p>Recursos h\u00eddricos.<\/p>\n\n\n\n<p>Potencial log\u00edstico portuario.<\/p>\n\n\n\n<p>Un corredor norte-sur fortalecido permitir\u00eda:<\/p>\n\n\n\n<p>Integrar la regi\u00f3n con el resto del pa\u00eds.<\/p>\n\n\n\n<p>Evitar dependencia exclusiva de salidas transversales.<\/p>\n\n\n\n<p>Desarrollar industrias locales.<\/p>\n\n\n\n<p>Potenciar turismo y servicios.<\/p>\n\n\n\n<p>El objetivo es que la Patagonia no sea solo territorio de extracci\u00f3n, sino nodo estrat\u00e9gico integrado.<\/p>\n\n\n\n<p>Beneficios econ\u00f3micos concretos<\/p>\n\n\n\n<p>El proyecto de la Ruta Nacional 50 podr\u00eda generar:<\/p>\n\n\n\n<p>Mayor inversi\u00f3n privada en zonas conectadas.<\/p>\n\n\n\n<p>Reducci\u00f3n de costos log\u00edsticos nacionales.<\/p>\n\n\n\n<p>Creaci\u00f3n de empleo en construcci\u00f3n e industria.<\/p>\n\n\n\n<p>Incremento de competitividad regional.<\/p>\n\n\n\n<p>Diversificaci\u00f3n productiva.<\/p>\n\n\n\n<p>La infraestructura vial tiene efecto multiplicador: cada peso invertido impacta en transporte, comercio, turismo, agroindustria y servicios.<\/p>\n\n\n\n<p>Federalismo y equilibrio regional<\/p>\n\n\n\n<p>Argentina arrastra hist\u00f3ricamente un fuerte centralismo econ\u00f3mico. La concentraci\u00f3n en Buenos Aires genera asimetr\u00edas que se reflejan en infraestructura, empleo e inversi\u00f3n.<\/p>\n\n\n\n<p>Un eje norte-sur alternativo:<\/p>\n\n\n\n<p>Descentraliza flujos comerciales.<\/p>\n\n\n\n<p>Reduce dependencia de un \u00fanico nodo portuario.<\/p>\n\n\n\n<p>Fortalece provincias del interior.<\/p>\n\n\n\n<p>Promueve desarrollo equilibrado.<\/p>\n\n\n\n<p>La Ruta 50 puede convertirse en herramienta concreta de federalismo.<\/p>\n\n\n\n<p>Impacto ambiental y planificaci\u00f3n sostenible<\/p>\n\n\n\n<p>Un proyecto de esta magnitud requiere planificaci\u00f3n ambiental rigurosa.<\/p>\n\n\n\n<p>Bien dise\u00f1ado, puede:<\/p>\n\n\n\n<p>Optimizar trazas para minimizar impacto.<\/p>\n\n\n\n<p>Incorporar est\u00e1ndares modernos de seguridad vial.<\/p>\n\n\n\n<p>Integrar tecnolog\u00eda inteligente.<\/p>\n\n\n\n<p>Reducir emisiones mediante rutas m\u00e1s eficientes.<\/p>\n\n\n\n<p>La infraestructura del siglo XXI debe combinar desarrollo y sostenibilidad.<\/p>\n\n\n\n<p>Desaf\u00edos para su concreci\u00f3n<\/p>\n\n\n\n<p>Como toda obra estrat\u00e9gica, enfrenta desaf\u00edos:<\/p>\n\n\n\n<p>Financiamiento.<\/p>\n\n\n\n<p>Coordinaci\u00f3n interprovincial.<\/p>\n\n\n\n<p>Planificaci\u00f3n t\u00e9cnica.<\/p>\n\n\n\n<p>Continuidad pol\u00edtica.<\/p>\n\n\n\n<p>Consenso federal.<\/p>\n\n\n\n<p>Sin una pol\u00edtica de Estado sostenida en el tiempo, los proyectos de largo plazo quedan inconclusos.<\/p>\n\n\n\n<p>Una decisi\u00f3n de modelo de pa\u00eds<\/p>\n\n\n\n<p>La discusi\u00f3n sobre la Ruta Nacional 50 no es meramente vial.<\/p>\n\n\n\n<p>Es una discusi\u00f3n sobre:<\/p>\n\n\n\n<p>Modelo productivo.<\/p>\n\n\n\n<p>Integraci\u00f3n territorial.<\/p>\n\n\n\n<p>Soberan\u00eda econ\u00f3mica.<\/p>\n\n\n\n<p>Posicionamiento geopol\u00edtico.<\/p>\n\n\n\n<p>Desarrollo federal.<\/p>\n\n\n\n<p>En un escenario donde los corredores bioce\u00e1nicos impulsan la integraci\u00f3n transversal para facilitar exportaciones, Argentina necesita fortalecer su columna vertebral interna.<\/p>\n\n\n\n<p>Infraestructura para decidir el futuro<\/p>\n\n\n\n<p>El proyecto de la Ruta Nacional 50 impulsado por AIMAS representa una apuesta estrat\u00e9gica por la integraci\u00f3n norte-sur. Sus beneficios potenciales abarcan desarrollo econ\u00f3mico, cohesi\u00f3n territorial, fortalecimiento soberano y federalismo real.<\/p>\n\n\n\n<p>Complementar los corredores bioce\u00e1nicos con ejes verticales robustos permitir\u00eda a la Argentina dejar de ser \u00fanicamente territorio de tr\u00e1nsito de materias primas y convertirse en plataforma integrada de producci\u00f3n y desarrollo.<\/p>\n\n\n\n<p>En definitiva, la infraestructura no es solo asfalto: es geopol\u00edtica aplicada. Y el sentido que tomen nuestras rutas definir\u00e1 el rumbo del pa\u00eds en las pr\u00f3ximas d\u00e9cadas.<\/p>\n\n\n\n<p><\/p>\n","protected":false},"excerpt":{"rendered":"","protected":false},"author":2,"featured_media":100696,"comment_status":"open","ping_status":"open","sticky":false,"template":"","format":"standard","meta":{"site-sidebar-layout":"default","site-content-layout":"","ast-site-content-layout":"default","site-content-style":"default","site-sidebar-style":"default","ast-global-header-display":"","ast-banner-title-visibility":"","ast-main-header-display":"","ast-hfb-above-header-display":"","ast-hfb-below-header-display":"","ast-hfb-mobile-header-display":"","site-post-title":"","ast-breadcrumbs-content":"","ast-featured-img":"","footer-sml-layout":"","ast-disable-related-posts":"","theme-transparent-header-meta":"","adv-header-id-meta":"","stick-header-meta":"","header-above-stick-meta":"","header-main-stick-meta":"","header-below-stick-meta":"","astra-migrate-meta-layouts":"default","ast-page-background-enabled":"default","ast-page-background-meta":{"desktop":{"background-color":"var(--ast-global-color-5)","background-image":"","background-repeat":"repeat","background-position":"center center","background-size":"auto","background-attachment":"scroll","background-type":"","background-media":"","overlay-type":"","overlay-color":"","overlay-opacity":"","overlay-gradient":""},"tablet":{"background-color":"","background-image":"","background-repeat":"repeat","background-position":"center center","background-size":"auto","background-attachment":"scroll","background-type":"","background-media":"","overlay-type":"","overlay-color":"","overlay-opacity":"","overlay-gradient":""},"mobile":{"background-color":"","background-image":"","background-repeat":"repeat","background-position":"center center","background-size":"auto","background-attachment":"scroll","background-type":"","background-media":"","overlay-type":"","overlay-color":"","overlay-opacity":"","overlay-gradient":""}},"ast-content-background-meta":{"desktop":{"background-color":"var(--ast-global-color-4)","background-image":"","background-repeat":"repeat","background-position":"center center","background-size":"auto","background-attachment":"scroll","background-type":"","background-media":"","overlay-type":"","overlay-color":"","overlay-opacity":"","overlay-gradient":""},"tablet":{"background-color":"var(--ast-global-color-4)","background-image":"","background-repeat":"repeat","background-position":"center center","background-size":"auto","background-attachment":"scroll","background-type":"","background-media":"","overlay-type":"","overlay-color":"","overlay-opacity":"","overlay-gradient":""},"mobile":{"background-color":"var(--ast-global-color-4)","background-image":"","background-repeat":"repeat","background-position":"center center","background-size":"auto","background-attachment":"scroll","background-type":"","background-media":"","overlay-type":"","overlay-color":"","overlay-opacity":"","overlay-gradient":""}},"footnotes":""},"categories":[3386,3513,1],"tags":[],"class_list":["post-100695","post","type-post","status-publish","format-standard","has-post-thumbnail","hentry","category-destacadas","category-geopolitica","category-noticias"],"yoast_head":"<!-- This site is optimized with the Yoast SEO Premium plugin v23.0 (Yoast SEO v27.5) - https:\/\/yoast.com\/product\/yoast-seo-premium-wordpress\/ -->\n<title>Qu\u00e9 es el proyecto de la Ruta Nacional 50 de AIMAS y qu\u00e9 beneficios tiene para Argentina? En el debate actual sobre infraestructura y geopol\u00edtica en Am\u00e9rica del Sur, los corredores bioce\u00e1nicos han ocupado el centro de la escena.<\/title>\n<meta name=\"description\" content=\"En el debate actual sobre infraestructura y geopol\u00edtica en Am\u00e9rica del Sur, los corredores bioce\u00e1nicos han ocupado el centro de la escena.\" \/>\n<meta name=\"robots\" content=\"index, follow, max-snippet:-1, max-image-preview:large, max-video-preview:-1\" \/>\n<link rel=\"canonical\" href=\"https:\/\/patagoniambiental.com.ar\/info\/proyecto-ruta-nacional-50\/\" \/>\n<meta property=\"og:locale\" content=\"es_ES\" \/>\n<meta property=\"og:type\" content=\"article\" \/>\n<meta property=\"og:title\" content=\"Qu\u00e9 es el proyecto de la Ruta Nacional 50 de AIMAS y qu\u00e9 beneficios tiene para Argentina?\" \/>\n<meta property=\"og:description\" content=\"En el debate actual sobre infraestructura y geopol\u00edtica en Am\u00e9rica del Sur, los corredores bioce\u00e1nicos han ocupado el centro de la escena.\" \/>\n<meta property=\"og:url\" content=\"https:\/\/patagoniambiental.com.ar\/info\/proyecto-ruta-nacional-50\/\" \/>\n<meta property=\"og:site_name\" content=\"Patagonia Ambiental\" \/>\n<meta property=\"article:publisher\" content=\"https:\/\/www.facebook.com\/patagonia.ambiental\" \/>\n<meta property=\"article:author\" content=\"https:\/\/www.facebook.com\/share\/1C1V8Gv9BX\/?mibextid=qi2Omg\" \/>\n<meta property=\"article:published_time\" content=\"2026-03-17T10:00:00+00:00\" \/>\n<meta property=\"article:modified_time\" content=\"2026-03-17T13:41:07+00:00\" \/>\n<meta property=\"og:image\" content=\"https:\/\/patagoniambiental.com.ar\/info\/wp-content\/uploads\/2026\/02\/Filmina-maestra-Ancha-97-1.jpg\" \/>\n\t<meta property=\"og:image:width\" content=\"960\" \/>\n\t<meta property=\"og:image:height\" content=\"540\" \/>\n\t<meta property=\"og:image:type\" content=\"image\/jpeg\" \/>\n<meta name=\"author\" content=\"Patagonia Ambiental\" \/>\n<meta name=\"twitter:card\" content=\"summary_large_image\" \/>\n<meta name=\"twitter:creator\" content=\"@PatAmb\" \/>\n<meta name=\"twitter:site\" content=\"@PatAmb\" \/>\n<script type=\"application\/ld+json\" class=\"yoast-schema-graph\">{\"@context\":\"https:\\\/\\\/schema.org\",\"@graph\":[{\"@type\":\"Article\",\"@id\":\"https:\\\/\\\/patagoniambiental.com.ar\\\/info\\\/proyecto-ruta-nacional-50\\\/#article\",\"isPartOf\":{\"@id\":\"https:\\\/\\\/patagoniambiental.com.ar\\\/info\\\/proyecto-ruta-nacional-50\\\/\"},\"author\":{\"name\":\"Patagonia Ambiental\",\"@id\":\"https:\\\/\\\/patagoniambiental.com.ar\\\/info\\\/#\\\/schema\\\/person\\\/db12bff64bbcbf6a253710bf0ea37b5d\"},\"headline\":\"Qu\u00e9 es el proyecto de la Ruta Nacional 50 de AIMAS y qu\u00e9 beneficios tiene para Argentina?\",\"datePublished\":\"2026-03-17T10:00:00+00:00\",\"dateModified\":\"2026-03-17T13:41:07+00:00\",\"mainEntityOfPage\":{\"@id\":\"https:\\\/\\\/patagoniambiental.com.ar\\\/info\\\/proyecto-ruta-nacional-50\\\/\"},\"wordCount\":1160,\"commentCount\":0,\"publisher\":{\"@id\":\"https:\\\/\\\/patagoniambiental.com.ar\\\/info\\\/#organization\"},\"image\":{\"@id\":\"https:\\\/\\\/patagoniambiental.com.ar\\\/info\\\/proyecto-ruta-nacional-50\\\/#primaryimage\"},\"thumbnailUrl\":\"https:\\\/\\\/patagoniambiental.com.ar\\\/info\\\/wp-content\\\/uploads\\\/2026\\\/02\\\/Filmina-maestra-Ancha-97-1.jpg\",\"articleSection\":[\"Destacadas\",\"Geopol\u00edtica\",\"Noticias\"],\"inLanguage\":\"es\",\"potentialAction\":[{\"@type\":\"CommentAction\",\"name\":\"Comment\",\"target\":[\"https:\\\/\\\/patagoniambiental.com.ar\\\/info\\\/proyecto-ruta-nacional-50\\\/#respond\"]}]},{\"@type\":\"WebPage\",\"@id\":\"https:\\\/\\\/patagoniambiental.com.ar\\\/info\\\/proyecto-ruta-nacional-50\\\/\",\"url\":\"https:\\\/\\\/patagoniambiental.com.ar\\\/info\\\/proyecto-ruta-nacional-50\\\/\",\"name\":\"Qu\u00e9 es el proyecto de la Ruta Nacional 50 de AIMAS y qu\u00e9 beneficios tiene para Argentina? En el debate actual sobre infraestructura y geopol\u00edtica en Am\u00e9rica del Sur, los corredores bioce\u00e1nicos han ocupado el centro de la escena.\",\"isPartOf\":{\"@id\":\"https:\\\/\\\/patagoniambiental.com.ar\\\/info\\\/#website\"},\"primaryImageOfPage\":{\"@id\":\"https:\\\/\\\/patagoniambiental.com.ar\\\/info\\\/proyecto-ruta-nacional-50\\\/#primaryimage\"},\"image\":{\"@id\":\"https:\\\/\\\/patagoniambiental.com.ar\\\/info\\\/proyecto-ruta-nacional-50\\\/#primaryimage\"},\"thumbnailUrl\":\"https:\\\/\\\/patagoniambiental.com.ar\\\/info\\\/wp-content\\\/uploads\\\/2026\\\/02\\\/Filmina-maestra-Ancha-97-1.jpg\",\"datePublished\":\"2026-03-17T10:00:00+00:00\",\"dateModified\":\"2026-03-17T13:41:07+00:00\",\"description\":\"En el debate actual sobre infraestructura y geopol\u00edtica en Am\u00e9rica del Sur, los corredores bioce\u00e1nicos han ocupado el centro de la escena.\",\"breadcrumb\":{\"@id\":\"https:\\\/\\\/patagoniambiental.com.ar\\\/info\\\/proyecto-ruta-nacional-50\\\/#breadcrumb\"},\"inLanguage\":\"es\",\"potentialAction\":[{\"@type\":\"ReadAction\",\"target\":[\"https:\\\/\\\/patagoniambiental.com.ar\\\/info\\\/proyecto-ruta-nacional-50\\\/\"]}]},{\"@type\":\"ImageObject\",\"inLanguage\":\"es\",\"@id\":\"https:\\\/\\\/patagoniambiental.com.ar\\\/info\\\/proyecto-ruta-nacional-50\\\/#primaryimage\",\"url\":\"https:\\\/\\\/patagoniambiental.com.ar\\\/info\\\/wp-content\\\/uploads\\\/2026\\\/02\\\/Filmina-maestra-Ancha-97-1.jpg\",\"contentUrl\":\"https:\\\/\\\/patagoniambiental.com.ar\\\/info\\\/wp-content\\\/uploads\\\/2026\\\/02\\\/Filmina-maestra-Ancha-97-1.jpg\",\"width\":960,\"height\":540,\"caption\":\"Imagen hecha con IA\"},{\"@type\":\"BreadcrumbList\",\"@id\":\"https:\\\/\\\/patagoniambiental.com.ar\\\/info\\\/proyecto-ruta-nacional-50\\\/#breadcrumb\",\"itemListElement\":[{\"@type\":\"ListItem\",\"position\":1,\"name\":\"Inicio\",\"item\":\"https:\\\/\\\/patagoniambiental.com.ar\\\/info\\\/\"},{\"@type\":\"ListItem\",\"position\":2,\"name\":\"Qu\u00e9 es el proyecto de la Ruta Nacional 50 de AIMAS y qu\u00e9 beneficios tiene para Argentina?\"}]},{\"@type\":\"WebSite\",\"@id\":\"https:\\\/\\\/patagoniambiental.com.ar\\\/info\\\/#website\",\"url\":\"https:\\\/\\\/patagoniambiental.com.ar\\\/info\\\/\",\"name\":\"Patagonia Ambiental\",\"description\":\"Monitoreo y an\u00e1lisis de la situaci\u00f3n geopol\u00edtica en el mundo y su implicancia en la Patagonia\",\"publisher\":{\"@id\":\"https:\\\/\\\/patagoniambiental.com.ar\\\/info\\\/#organization\"},\"potentialAction\":[{\"@type\":\"SearchAction\",\"target\":{\"@type\":\"EntryPoint\",\"urlTemplate\":\"https:\\\/\\\/patagoniambiental.com.ar\\\/info\\\/?s={search_term_string}\"},\"query-input\":{\"@type\":\"PropertyValueSpecification\",\"valueRequired\":true,\"valueName\":\"search_term_string\"}}],\"inLanguage\":\"es\"},{\"@type\":\"Organization\",\"@id\":\"https:\\\/\\\/patagoniambiental.com.ar\\\/info\\\/#organization\",\"name\":\"Patagonia Ambiental\",\"url\":\"https:\\\/\\\/patagoniambiental.com.ar\\\/info\\\/\",\"logo\":{\"@type\":\"ImageObject\",\"inLanguage\":\"es\",\"@id\":\"https:\\\/\\\/patagoniambiental.com.ar\\\/info\\\/#\\\/schema\\\/logo\\\/image\\\/\",\"url\":\"https:\\\/\\\/patagoniambiental.com.ar\\\/info\\\/wp-content\\\/uploads\\\/2025\\\/05\\\/LOGO-PATAGONIA-AMBIENTAL.png\",\"contentUrl\":\"https:\\\/\\\/patagoniambiental.com.ar\\\/info\\\/wp-content\\\/uploads\\\/2025\\\/05\\\/LOGO-PATAGONIA-AMBIENTAL.png\",\"width\":433,\"height\":250,\"caption\":\"Patagonia Ambiental\"},\"image\":{\"@id\":\"https:\\\/\\\/patagoniambiental.com.ar\\\/info\\\/#\\\/schema\\\/logo\\\/image\\\/\"},\"sameAs\":[\"https:\\\/\\\/www.facebook.com\\\/patagonia.ambiental\",\"https:\\\/\\\/x.com\\\/PatAmb\"]},{\"@type\":\"Person\",\"@id\":\"https:\\\/\\\/patagoniambiental.com.ar\\\/info\\\/#\\\/schema\\\/person\\\/db12bff64bbcbf6a253710bf0ea37b5d\",\"name\":\"Patagonia Ambiental\",\"description\":\"Andr\u00e9s Nievas T\u00e9cnico en manejo ambiental, consultor Ambiental y escritor para medios locales e internacionales sobre temas de geopolitica y medio ambiente.\",\"sameAs\":[\"http:\\\/\\\/www.patagoniambiental.com.ar\",\"https:\\\/\\\/www.facebook.com\\\/share\\\/1C1V8Gv9BX\\\/?mibextid=qi2Omg\",\"@patagoniambiental\",\"https:\\\/\\\/youtube.com\\\/@patagoniaambiental2023?si=BLt58t0wuXquxlYZ\"]}]}<\/script>\n<!-- \/ Yoast SEO Premium plugin. -->","yoast_head_json":{"title":"Qu\u00e9 es el proyecto de la Ruta Nacional 50 de AIMAS y qu\u00e9 beneficios tiene para Argentina? En el debate actual sobre infraestructura y geopol\u00edtica en Am\u00e9rica del Sur, los corredores bioce\u00e1nicos han ocupado el centro de la escena.","description":"En el debate actual sobre infraestructura y geopol\u00edtica en Am\u00e9rica del Sur, los corredores bioce\u00e1nicos han ocupado el centro de la escena.","robots":{"index":"index","follow":"follow","max-snippet":"max-snippet:-1","max-image-preview":"max-image-preview:large","max-video-preview":"max-video-preview:-1"},"canonical":"https:\/\/patagoniambiental.com.ar\/info\/proyecto-ruta-nacional-50\/","og_locale":"es_ES","og_type":"article","og_title":"Qu\u00e9 es el proyecto de la Ruta Nacional 50 de AIMAS y qu\u00e9 beneficios tiene para Argentina?","og_description":"En el debate actual sobre infraestructura y geopol\u00edtica en Am\u00e9rica del Sur, los corredores bioce\u00e1nicos han ocupado el centro de la escena.","og_url":"https:\/\/patagoniambiental.com.ar\/info\/proyecto-ruta-nacional-50\/","og_site_name":"Patagonia Ambiental","article_publisher":"https:\/\/www.facebook.com\/patagonia.ambiental","article_author":"https:\/\/www.facebook.com\/share\/1C1V8Gv9BX\/?mibextid=qi2Omg","article_published_time":"2026-03-17T10:00:00+00:00","article_modified_time":"2026-03-17T13:41:07+00:00","og_image":[{"width":960,"height":540,"url":"https:\/\/patagoniambiental.com.ar\/info\/wp-content\/uploads\/2026\/02\/Filmina-maestra-Ancha-97-1.jpg","type":"image\/jpeg"}],"author":"Patagonia Ambiental","twitter_card":"summary_large_image","twitter_creator":"@PatAmb","twitter_site":"@PatAmb","schema":{"@context":"https:\/\/schema.org","@graph":[{"@type":"Article","@id":"https:\/\/patagoniambiental.com.ar\/info\/proyecto-ruta-nacional-50\/#article","isPartOf":{"@id":"https:\/\/patagoniambiental.com.ar\/info\/proyecto-ruta-nacional-50\/"},"author":{"name":"Patagonia Ambiental","@id":"https:\/\/patagoniambiental.com.ar\/info\/#\/schema\/person\/db12bff64bbcbf6a253710bf0ea37b5d"},"headline":"Qu\u00e9 es el proyecto de la Ruta Nacional 50 de AIMAS y qu\u00e9 beneficios tiene para Argentina?","datePublished":"2026-03-17T10:00:00+00:00","dateModified":"2026-03-17T13:41:07+00:00","mainEntityOfPage":{"@id":"https:\/\/patagoniambiental.com.ar\/info\/proyecto-ruta-nacional-50\/"},"wordCount":1160,"commentCount":0,"publisher":{"@id":"https:\/\/patagoniambiental.com.ar\/info\/#organization"},"image":{"@id":"https:\/\/patagoniambiental.com.ar\/info\/proyecto-ruta-nacional-50\/#primaryimage"},"thumbnailUrl":"https:\/\/patagoniambiental.com.ar\/info\/wp-content\/uploads\/2026\/02\/Filmina-maestra-Ancha-97-1.jpg","articleSection":["Destacadas","Geopol\u00edtica","Noticias"],"inLanguage":"es","potentialAction":[{"@type":"CommentAction","name":"Comment","target":["https:\/\/patagoniambiental.com.ar\/info\/proyecto-ruta-nacional-50\/#respond"]}]},{"@type":"WebPage","@id":"https:\/\/patagoniambiental.com.ar\/info\/proyecto-ruta-nacional-50\/","url":"https:\/\/patagoniambiental.com.ar\/info\/proyecto-ruta-nacional-50\/","name":"Qu\u00e9 es el proyecto de la Ruta Nacional 50 de AIMAS y qu\u00e9 beneficios tiene para Argentina? En el debate actual sobre infraestructura y geopol\u00edtica en Am\u00e9rica del Sur, los corredores bioce\u00e1nicos han ocupado el centro de la escena.","isPartOf":{"@id":"https:\/\/patagoniambiental.com.ar\/info\/#website"},"primaryImageOfPage":{"@id":"https:\/\/patagoniambiental.com.ar\/info\/proyecto-ruta-nacional-50\/#primaryimage"},"image":{"@id":"https:\/\/patagoniambiental.com.ar\/info\/proyecto-ruta-nacional-50\/#primaryimage"},"thumbnailUrl":"https:\/\/patagoniambiental.com.ar\/info\/wp-content\/uploads\/2026\/02\/Filmina-maestra-Ancha-97-1.jpg","datePublished":"2026-03-17T10:00:00+00:00","dateModified":"2026-03-17T13:41:07+00:00","description":"En el debate actual sobre infraestructura y geopol\u00edtica en Am\u00e9rica del Sur, los corredores bioce\u00e1nicos han ocupado el centro de la escena.","breadcrumb":{"@id":"https:\/\/patagoniambiental.com.ar\/info\/proyecto-ruta-nacional-50\/#breadcrumb"},"inLanguage":"es","potentialAction":[{"@type":"ReadAction","target":["https:\/\/patagoniambiental.com.ar\/info\/proyecto-ruta-nacional-50\/"]}]},{"@type":"ImageObject","inLanguage":"es","@id":"https:\/\/patagoniambiental.com.ar\/info\/proyecto-ruta-nacional-50\/#primaryimage","url":"https:\/\/patagoniambiental.com.ar\/info\/wp-content\/uploads\/2026\/02\/Filmina-maestra-Ancha-97-1.jpg","contentUrl":"https:\/\/patagoniambiental.com.ar\/info\/wp-content\/uploads\/2026\/02\/Filmina-maestra-Ancha-97-1.jpg","width":960,"height":540,"caption":"Imagen hecha con IA"},{"@type":"BreadcrumbList","@id":"https:\/\/patagoniambiental.com.ar\/info\/proyecto-ruta-nacional-50\/#breadcrumb","itemListElement":[{"@type":"ListItem","position":1,"name":"Inicio","item":"https:\/\/patagoniambiental.com.ar\/info\/"},{"@type":"ListItem","position":2,"name":"Qu\u00e9 es el proyecto de la Ruta Nacional 50 de AIMAS y qu\u00e9 beneficios tiene para Argentina?"}]},{"@type":"WebSite","@id":"https:\/\/patagoniambiental.com.ar\/info\/#website","url":"https:\/\/patagoniambiental.com.ar\/info\/","name":"Patagonia Ambiental","description":"Monitoreo y an\u00e1lisis de la situaci\u00f3n geopol\u00edtica en el mundo y su implicancia en la Patagonia","publisher":{"@id":"https:\/\/patagoniambiental.com.ar\/info\/#organization"},"potentialAction":[{"@type":"SearchAction","target":{"@type":"EntryPoint","urlTemplate":"https:\/\/patagoniambiental.com.ar\/info\/?s={search_term_string}"},"query-input":{"@type":"PropertyValueSpecification","valueRequired":true,"valueName":"search_term_string"}}],"inLanguage":"es"},{"@type":"Organization","@id":"https:\/\/patagoniambiental.com.ar\/info\/#organization","name":"Patagonia Ambiental","url":"https:\/\/patagoniambiental.com.ar\/info\/","logo":{"@type":"ImageObject","inLanguage":"es","@id":"https:\/\/patagoniambiental.com.ar\/info\/#\/schema\/logo\/image\/","url":"https:\/\/patagoniambiental.com.ar\/info\/wp-content\/uploads\/2025\/05\/LOGO-PATAGONIA-AMBIENTAL.png","contentUrl":"https:\/\/patagoniambiental.com.ar\/info\/wp-content\/uploads\/2025\/05\/LOGO-PATAGONIA-AMBIENTAL.png","width":433,"height":250,"caption":"Patagonia Ambiental"},"image":{"@id":"https:\/\/patagoniambiental.com.ar\/info\/#\/schema\/logo\/image\/"},"sameAs":["https:\/\/www.facebook.com\/patagonia.ambiental","https:\/\/x.com\/PatAmb"]},{"@type":"Person","@id":"https:\/\/patagoniambiental.com.ar\/info\/#\/schema\/person\/db12bff64bbcbf6a253710bf0ea37b5d","name":"Patagonia Ambiental","description":"Andr\u00e9s Nievas T\u00e9cnico en manejo ambiental, consultor Ambiental y escritor para medios locales e internacionales sobre temas de geopolitica y medio ambiente.","sameAs":["http:\/\/www.patagoniambiental.com.ar","https:\/\/www.facebook.com\/share\/1C1V8Gv9BX\/?mibextid=qi2Omg","@patagoniambiental","https:\/\/youtube.com\/@patagoniaambiental2023?si=BLt58t0wuXquxlYZ"]}]}},"_links":{"self":[{"href":"https:\/\/patagoniambiental.com.ar\/info\/wp-json\/wp\/v2\/posts\/100695","targetHints":{"allow":["GET"]}}],"collection":[{"href":"https:\/\/patagoniambiental.com.ar\/info\/wp-json\/wp\/v2\/posts"}],"about":[{"href":"https:\/\/patagoniambiental.com.ar\/info\/wp-json\/wp\/v2\/types\/post"}],"author":[{"embeddable":true,"href":"https:\/\/patagoniambiental.com.ar\/info\/wp-json\/wp\/v2\/users\/2"}],"replies":[{"embeddable":true,"href":"https:\/\/patagoniambiental.com.ar\/info\/wp-json\/wp\/v2\/comments?post=100695"}],"version-history":[{"count":1,"href":"https:\/\/patagoniambiental.com.ar\/info\/wp-json\/wp\/v2\/posts\/100695\/revisions"}],"predecessor-version":[{"id":100697,"href":"https:\/\/patagoniambiental.com.ar\/info\/wp-json\/wp\/v2\/posts\/100695\/revisions\/100697"}],"wp:featuredmedia":[{"embeddable":true,"href":"https:\/\/patagoniambiental.com.ar\/info\/wp-json\/wp\/v2\/media\/100696"}],"wp:attachment":[{"href":"https:\/\/patagoniambiental.com.ar\/info\/wp-json\/wp\/v2\/media?parent=100695"}],"wp:term":[{"taxonomy":"category","embeddable":true,"href":"https:\/\/patagoniambiental.com.ar\/info\/wp-json\/wp\/v2\/categories?post=100695"},{"taxonomy":"post_tag","embeddable":true,"href":"https:\/\/patagoniambiental.com.ar\/info\/wp-json\/wp\/v2\/tags?post=100695"}],"curies":[{"name":"wp","href":"https:\/\/api.w.org\/{rel}","templated":true}]}}