{"id":100733,"date":"2026-03-03T07:00:00","date_gmt":"2026-03-03T10:00:00","guid":{"rendered":"https:\/\/patagoniambiental.com.ar\/info\/?p=100733"},"modified":"2026-02-26T15:55:48","modified_gmt":"2026-02-26T18:55:48","slug":"berta-caceres","status":"publish","type":"post","link":"https:\/\/patagoniambiental.com.ar\/info\/berta-caceres\/","title":{"rendered":"El crimen que no logr\u00f3 callarla: Berta C\u00e1ceres, el asesinato que expuso la violencia contra defensores ambientales en Am\u00e9rica Latina"},"content":{"rendered":"\n<!--more-->\n\n\n\n<p>Honduras, 3 de marzo de 2026. El 3 de marzo de 2016 el mundo despert\u00f3 con una noticia que sacudi\u00f3 a Am\u00e9rica Latina y a la comunidad internacional: el asesinato de Berta Isabel C\u00e1ceres Flores, reconocida lideresa ind\u00edgena lenca y defensora del medio ambiente en Honduras. Lo que pretend\u00eda ser un crimen para silenciar su voz termin\u00f3 convirti\u00e9ndose en un s\u00edmbolo global de resistencia, justicia ambiental y lucha por los derechos humanos. A casi una d\u00e9cada de su muerte, el caso Berta C\u00e1ceres sigue siendo un referente obligado cuando se habla de violencia contra activistas ambientales, impunidad y conflictos socioambientales vinculados a megaproyectos hidroel\u00e9ctricos en territorios ind\u00edgenas.<\/p>\n\n\n\n<p>Su asesinato no fue un hecho aislado. Se produjo en un contexto de creciente criminalizaci\u00f3n de defensores del territorio en Am\u00e9rica Latina, considerada por a\u00f1os la regi\u00f3n m\u00e1s peligrosa del mundo para quienes protegen la naturaleza. Berta C\u00e1ceres era coordinadora del Consejo C\u00edvico de Organizaciones Populares e Ind\u00edgenas de Honduras (COPINH) y hab\u00eda liderado una f\u00e9rrea oposici\u00f3n al proyecto hidroel\u00e9ctrico Agua Zarca, que amenazaba el r\u00edo Gualcarque, un sitio sagrado para el pueblo lenca. Su lucha la puso en el centro de una confrontaci\u00f3n que involucraba intereses empresariales, financiamiento internacional y una d\u00e9bil institucionalidad estatal.<\/p>\n\n\n\n<p>Desde entonces, el nombre de Berta C\u00e1ceres se convirti\u00f3 en sin\u00f3nimo de defensa del medio ambiente, derechos ind\u00edgenas y justicia clim\u00e1tica. Su legado atraviesa fronteras y su historia contin\u00faa siendo objeto de investigaci\u00f3n, an\u00e1lisis y movilizaci\u00f3n social. Pero \u00bfqui\u00e9n fue realmente Berta C\u00e1ceres? \u00bfPor qu\u00e9 fue asesinada? \u00bfQu\u00e9 avances ha habido en la b\u00fasqueda de justicia? Y, sobre todo, \u00bfpor qu\u00e9 su caso sigue siendo tan relevante en 2026?<\/p>\n\n\n\n<p>\u00bf<strong>Qui\u00e9n fue Berta C\u00e1ceres y por qu\u00e9 es un s\u00edmbolo de la defensa ambiental?<\/strong><\/p>\n\n\n\n<p>Berta C\u00e1ceres naci\u00f3 el 4 de marzo de 1971 en La Esperanza, Intibuc\u00e1, Honduras. Desde joven estuvo vinculada a las luchas sociales y a la defensa de los derechos del pueblo lenca, uno de los grupos ind\u00edgenas m\u00e1s numerosos del pa\u00eds. En 1993 cofund\u00f3 el COPINH, organizaci\u00f3n que se convirti\u00f3 en una de las principales voces en defensa del territorio, los recursos naturales y la autodeterminaci\u00f3n de los pueblos originarios frente a concesiones extractivas y energ\u00e9ticas otorgadas sin consulta previa.<\/p>\n\n\n\n<p>Su liderazgo trascendi\u00f3 el \u00e1mbito local cuando encabez\u00f3 la oposici\u00f3n al proyecto hidroel\u00e9ctrico Agua Zarca, impulsado por la empresa Desarrollos Energ\u00e9ticos S.A. (DESA). El proyecto contemplaba la construcci\u00f3n de una represa sobre el r\u00edo Gualcarque, considerado sagrado por el pueblo lenca. C\u00e1ceres denunci\u00f3 reiteradamente que no se hab\u00eda realizado una consulta libre, previa e informada, como lo establece el Convenio 169 de la OIT sobre pueblos ind\u00edgenas y tribales.<\/p>\n\n\n\n<p>En 2015, su trabajo fue reconocido a nivel internacional cuando recibi\u00f3 el Premio Goldman de Medio Ambiente, uno de los galardones m\u00e1s prestigiosos para activistas ambientales. En su discurso advirti\u00f3 sobre los riesgos que enfrentaban quienes defend\u00edan la naturaleza en Honduras y llam\u00f3 a la comunidad internacional a actuar frente a la devastaci\u00f3n ambiental y la violencia sistem\u00e1tica. Un a\u00f1o despu\u00e9s, ser\u00eda asesinada en su casa en La Esperanza.<\/p>\n\n\n\n<p><strong>El asesinato de Berta C\u00e1ceres: qu\u00e9 ocurri\u00f3 el 3 de marzo de 2016<\/strong><\/p>\n\n\n\n<p>La madrugada del 3 de marzo de 2016, hombres armados ingresaron a la vivienda de Berta C\u00e1ceres y le dispararon. En el ataque tambi\u00e9n result\u00f3 herido el activista mexicano Gustavo Castro, quien se encontraba en la casa como invitado. El crimen gener\u00f3 indignaci\u00f3n global y puso en el foco internacional la situaci\u00f3n de los defensores ambientales en Honduras.<\/p>\n\n\n\n<p>Desde el inicio, organizaciones nacionales e internacionales se\u00f1alaron que el asesinato estaba vinculado a su oposici\u00f3n al proyecto Agua Zarca. Diversas investigaciones posteriores confirmaron que el crimen fue planificado y ejecutado por personas con v\u00ednculos directos con la empresa DESA y con exmiembros de las fuerzas armadas hondure\u00f1as. El caso evidenci\u00f3 la existencia de estructuras de poder que combinaban intereses empresariales, corrupci\u00f3n y violencia.<\/p>\n\n\n\n<p>El asesinato de Berta C\u00e1ceres no solo fue un ataque contra una persona, sino contra un movimiento social. Represent\u00f3 un mensaje intimidatorio hacia quienes cuestionaban proyectos extractivos en territorios ind\u00edgenas. Sin embargo, lejos de frenar la resistencia, su muerte fortaleci\u00f3 la movilizaci\u00f3n y amplific\u00f3 las denuncias sobre la impunidad en cr\u00edmenes contra defensores de derechos humanos.<\/p>\n\n\n\n<p><strong>Juicio y condenas: avances y pendientes en el caso Berta C\u00e1ceres<\/strong><\/p>\n\n\n\n<p>En los a\u00f1os posteriores al crimen, la presi\u00f3n nacional e internacional fue determinante para que el caso avanzara judicialmente. Varias personas fueron detenidas y condenadas por su participaci\u00f3n en el asesinato, incluyendo exmilitares y empleados de la empresa vinculada al proyecto hidroel\u00e9ctrico. En 2021, un exdirectivo de DESA fue declarado culpable como coautor del asesinato, en un fallo considerado hist\u00f3rico por organizaciones de derechos humanos.<\/p>\n\n\n\n<p>No obstante, la familia de Berta C\u00e1ceres y el COPINH han sostenido que a\u00fan falta investigar y juzgar a los autores intelectuales que estar\u00edan detr\u00e1s de la planificaci\u00f3n del crimen. A casi diez a\u00f1os del asesinato, el proceso judicial ha representado un avance significativo en comparaci\u00f3n con otros casos de violencia contra activistas en la regi\u00f3n, pero todav\u00eda persisten interrogantes sobre la cadena completa de responsabilidades.<\/p>\n\n\n\n<p>El caso tambi\u00e9n abri\u00f3 el debate sobre la necesidad de fortalecer los mecanismos de protecci\u00f3n para defensores ambientales en Honduras y en Am\u00e9rica Latina. Diversos informes internacionales han se\u00f1alado que, pese a las condenas, el contexto de riesgo para activistas sigue siendo alarmante.<\/p>\n\n\n\n<p>Berta <strong>C\u00e1ceres y la violencia contra defensores ambientales en Am\u00e9rica Latina<\/strong><\/p>\n\n\n\n<p>El asesinato de Berta C\u00e1ceres se inscribe en un patr\u00f3n m\u00e1s amplio de violencia contra defensores del medio ambiente. Seg\u00fan informes de organizaciones internacionales, Am\u00e9rica Latina ha encabezado durante a\u00f1os las estad\u00edsticas de asesinatos de activistas ambientales, especialmente en pa\u00edses con alta conflictividad socioambiental y presencia de proyectos extractivos.<\/p>\n\n\n\n<p>Honduras, en particular, ha sido se\u00f1alado como uno de los pa\u00edses m\u00e1s peligrosos para defensores del territorio. La combinaci\u00f3n de debilidad institucional, corrupci\u00f3n, intereses econ\u00f3micos y criminalizaci\u00f3n de la protesta ha generado un entorno hostil para l\u00edderes comunitarios. El caso Berta C\u00e1ceres visibiliz\u00f3 esta realidad y oblig\u00f3 a organismos internacionales, bancos de desarrollo y empresas a revisar sus pol\u00edticas de financiamiento y debida diligencia.<\/p>\n\n\n\n<p>A nivel global, su historia contribuy\u00f3 a fortalecer el debate sobre justicia ambiental y derechos humanos en el contexto de la crisis clim\u00e1tica. La defensa del agua, los r\u00edos y los territorios ind\u00edgenas se ha convertido en un eje central de las luchas ambientales contempor\u00e1neas, y el nombre de Berta C\u00e1ceres aparece con frecuencia como referente \u00e9tico y pol\u00edtico.<\/p>\n\n\n\n<p><strong>El impacto del proyecto Agua Zarca y la consulta previa a pueblos ind\u00edgenas<\/strong><\/p>\n\n\n\n<p>El conflicto en torno al proyecto Agua Zarca puso en evidencia la importancia del derecho a la consulta previa, libre e informada de los pueblos ind\u00edgenas. Este principio, reconocido en instrumentos internacionales, establece que las comunidades deben ser consultadas antes de aprobar proyectos que afecten sus territorios y recursos naturales.<\/p>\n\n\n\n<p>En el caso del pueblo lenca, las denuncias apuntaban a que la concesi\u00f3n se otorg\u00f3 sin un proceso de consulta adecuado. Esto gener\u00f3 tensiones, protestas y enfrentamientos. Tras el asesinato de Berta C\u00e1ceres y la presi\u00f3n internacional, varios financistas internacionales se retiraron del proyecto, que finalmente qued\u00f3 paralizado.<\/p>\n\n\n\n<p>El caso se convirti\u00f3 en un ejemplo emblem\u00e1tico de los riesgos asociados a megaproyectos energ\u00e9ticos cuando no se respetan los derechos de las comunidades locales. Tambi\u00e9n abri\u00f3 un debate sobre el modelo de desarrollo, la transici\u00f3n energ\u00e9tica y la necesidad de incorporar est\u00e1ndares m\u00e1s estrictos de derechos humanos en inversiones internacionales.<\/p>\n\n\n\n<p><strong>El legado de Berta C\u00e1ceres en 2026: memoria, justicia y resistencia<\/strong><\/p>\n\n\n\n<p>A casi diez a\u00f1os de su asesinato, el legado de Berta C\u00e1ceres sigue vivo en m\u00faltiples frentes. Su figura es recordada en movilizaciones, foros internacionales y campa\u00f1as por la justicia clim\u00e1tica. El COPINH contin\u00faa activo en la defensa del territorio lenca, y su familia ha mantenido una postura firme en la exigencia de justicia integral.<\/p>\n\n\n\n<p>En el \u00e1mbito internacional, su caso se estudia como un precedente clave en la lucha contra la impunidad en cr\u00edmenes contra defensores ambientales. Tambi\u00e9n ha inspirado a nuevas generaciones de activistas que ven en su historia una combinaci\u00f3n de valent\u00eda, coherencia y compromiso con la vida.<\/p>\n\n\n\n<p>El nombre de Berta C\u00e1ceres se ha convertido en una consigna que trasciende fronteras: \u201c\u00a1Berta vive, la lucha sigue!\u201d. Esta frase resume el esp\u00edritu de una causa que no se extingui\u00f3 con su asesinato. Al contrario, se fortaleci\u00f3 y adquiri\u00f3 dimensi\u00f3n global.<\/p>\n\n\n\n<p>\u00bf<strong>Por qu\u00e9 el caso Berta C\u00e1ceres sigue siendo relevante hoy<\/strong>?<\/p>\n\n\n\n<p>En 2026, el caso Berta C\u00e1ceres contin\u00faa siendo relevante por varias razones. Primero, porque la violencia contra defensores ambientales no ha desaparecido. Segundo, porque los conflictos por el agua, la tierra y los recursos naturales se intensifican en el contexto de la crisis clim\u00e1tica y la transici\u00f3n energ\u00e9tica. Y tercero, porque su caso demuestra que la presi\u00f3n social y la solidaridad internacional pueden incidir en procesos de justicia.<\/p>\n\n\n\n<p>La historia de Berta C\u00e1ceres interpela a gobiernos, empresas y ciudadanos. Obliga a preguntarse qu\u00e9 modelo de desarrollo se est\u00e1 promoviendo y a qu\u00e9 costo. Tambi\u00e9n recuerda que la defensa del medio ambiente est\u00e1 profundamente ligada a los derechos humanos y a la protecci\u00f3n de los pueblos ind\u00edgenas.<\/p>\n\n\n\n<p>Su asesinato fue un intento de silenciar una voz inc\u00f3moda. Sin embargo, esa voz se multiplic\u00f3. Hoy, cada vez que se denuncia un proyecto impuesto sin consulta, cada vez que se exige protecci\u00f3n para defensores ambientales, el legado de Berta C\u00e1ceres vuelve a hacerse presente.<\/p>\n\n\n\n<p><\/p>\n","protected":false},"excerpt":{"rendered":"","protected":false},"author":2,"featured_media":100734,"comment_status":"open","ping_status":"open","sticky":false,"template":"","format":"standard","meta":{"site-sidebar-layout":"default","site-content-layout":"","ast-site-content-layout":"default","site-content-style":"default","site-sidebar-style":"default","ast-global-header-display":"","ast-banner-title-visibility":"","ast-main-header-display":"","ast-hfb-above-header-display":"","ast-hfb-below-header-display":"","ast-hfb-mobile-header-display":"","site-post-title":"","ast-breadcrumbs-content":"","ast-featured-img":"","footer-sml-layout":"","ast-disable-related-posts":"","theme-transparent-header-meta":"","adv-header-id-meta":"","stick-header-meta":"","header-above-stick-meta":"","header-main-stick-meta":"","header-below-stick-meta":"","astra-migrate-meta-layouts":"default","ast-page-background-enabled":"default","ast-page-background-meta":{"desktop":{"background-color":"var(--ast-global-color-5)","background-image":"","background-repeat":"repeat","background-position":"center center","background-size":"auto","background-attachment":"scroll","background-type":"","background-media":"","overlay-type":"","overlay-color":"","overlay-opacity":"","overlay-gradient":""},"tablet":{"background-color":"","background-image":"","background-repeat":"repeat","background-position":"center center","background-size":"auto","background-attachment":"scroll","background-type":"","background-media":"","overlay-type":"","overlay-color":"","overlay-opacity":"","overlay-gradient":""},"mobile":{"background-color":"","background-image":"","background-repeat":"repeat","background-position":"center center","background-size":"auto","background-attachment":"scroll","background-type":"","background-media":"","overlay-type":"","overlay-color":"","overlay-opacity":"","overlay-gradient":""}},"ast-content-background-meta":{"desktop":{"background-color":"var(--ast-global-color-4)","background-image":"","background-repeat":"repeat","background-position":"center center","background-size":"auto","background-attachment":"scroll","background-type":"","background-media":"","overlay-type":"","overlay-color":"","overlay-opacity":"","overlay-gradient":""},"tablet":{"background-color":"var(--ast-global-color-4)","background-image":"","background-repeat":"repeat","background-position":"center center","background-size":"auto","background-attachment":"scroll","background-type":"","background-media":"","overlay-type":"","overlay-color":"","overlay-opacity":"","overlay-gradient":""},"mobile":{"background-color":"var(--ast-global-color-4)","background-image":"","background-repeat":"repeat","background-position":"center center","background-size":"auto","background-attachment":"scroll","background-type":"","background-media":"","overlay-type":"","overlay-color":"","overlay-opacity":"","overlay-gradient":""}},"footnotes":""},"categories":[1,47],"tags":[],"class_list":["post-100733","post","type-post","status-publish","format-standard","has-post-thumbnail","hentry","category-noticias","category-ongs-ambientalistas"],"yoast_head":"<!-- This site is optimized with the Yoast SEO Premium plugin v23.0 (Yoast SEO v27.4) - https:\/\/yoast.com\/product\/yoast-seo-premium-wordpress\/ -->\n<title>El crimen que no logr\u00f3 callarla: Berta C\u00e1ceres, el asesinato que expuso la violencia contra defensores ambientales en Am\u00e9rica Latina El 3 de marzo de 2016 el mundo despert\u00f3 con una noticia que sacudi\u00f3 a Am\u00e9rica Latina y a la comunidad internacional: el asesinato de Berta<\/title>\n<meta name=\"description\" content=\"El 3 de marzo de 2016 el mundo despert\u00f3 con una noticia que sacudi\u00f3 a Am\u00e9rica Latina y a la comunidad internacional: el asesinato de Berta\" \/>\n<meta name=\"robots\" content=\"index, follow, max-snippet:-1, max-image-preview:large, max-video-preview:-1\" \/>\n<link rel=\"canonical\" href=\"https:\/\/patagoniambiental.com.ar\/info\/berta-caceres\/\" \/>\n<meta property=\"og:locale\" content=\"es_ES\" \/>\n<meta property=\"og:type\" content=\"article\" \/>\n<meta property=\"og:title\" content=\"El crimen que no logr\u00f3 callarla: Berta C\u00e1ceres, el asesinato que expuso la violencia contra defensores ambientales en Am\u00e9rica Latina\" \/>\n<meta property=\"og:description\" content=\"El 3 de marzo de 2016 el mundo despert\u00f3 con una noticia que sacudi\u00f3 a Am\u00e9rica Latina y a la comunidad internacional: el asesinato de Berta\" \/>\n<meta property=\"og:url\" content=\"https:\/\/patagoniambiental.com.ar\/info\/berta-caceres\/\" \/>\n<meta property=\"og:site_name\" content=\"Patagonia Ambiental\" \/>\n<meta property=\"article:publisher\" content=\"https:\/\/www.facebook.com\/patagonia.ambiental\" \/>\n<meta property=\"article:author\" content=\"https:\/\/www.facebook.com\/share\/1C1V8Gv9BX\/?mibextid=qi2Omg\" \/>\n<meta property=\"article:published_time\" content=\"2026-03-03T10:00:00+00:00\" \/>\n<meta property=\"og:image\" content=\"https:\/\/patagoniambiental.com.ar\/info\/wp-content\/uploads\/2026\/02\/1000250599.png\" \/>\n\t<meta property=\"og:image:width\" content=\"1408\" \/>\n\t<meta property=\"og:image:height\" content=\"768\" \/>\n\t<meta property=\"og:image:type\" content=\"image\/png\" \/>\n<meta name=\"author\" content=\"Patagonia Ambiental\" \/>\n<meta name=\"twitter:card\" content=\"summary_large_image\" \/>\n<meta name=\"twitter:creator\" content=\"@PatAmb\" \/>\n<meta name=\"twitter:site\" content=\"@PatAmb\" \/>\n<script type=\"application\/ld+json\" class=\"yoast-schema-graph\">{\"@context\":\"https:\\\/\\\/schema.org\",\"@graph\":[{\"@type\":\"Article\",\"@id\":\"https:\\\/\\\/patagoniambiental.com.ar\\\/info\\\/berta-caceres\\\/#article\",\"isPartOf\":{\"@id\":\"https:\\\/\\\/patagoniambiental.com.ar\\\/info\\\/berta-caceres\\\/\"},\"author\":{\"name\":\"Patagonia Ambiental\",\"@id\":\"https:\\\/\\\/patagoniambiental.com.ar\\\/info\\\/#\\\/schema\\\/person\\\/db12bff64bbcbf6a253710bf0ea37b5d\"},\"headline\":\"El crimen que no logr\u00f3 callarla: Berta C\u00e1ceres, el asesinato que expuso la violencia contra defensores ambientales en Am\u00e9rica Latina\",\"datePublished\":\"2026-03-03T10:00:00+00:00\",\"mainEntityOfPage\":{\"@id\":\"https:\\\/\\\/patagoniambiental.com.ar\\\/info\\\/berta-caceres\\\/\"},\"wordCount\":1715,\"commentCount\":0,\"publisher\":{\"@id\":\"https:\\\/\\\/patagoniambiental.com.ar\\\/info\\\/#organization\"},\"image\":{\"@id\":\"https:\\\/\\\/patagoniambiental.com.ar\\\/info\\\/berta-caceres\\\/#primaryimage\"},\"thumbnailUrl\":\"https:\\\/\\\/patagoniambiental.com.ar\\\/info\\\/wp-content\\\/uploads\\\/2026\\\/02\\\/1000250599.png\",\"articleSection\":[\"Noticias\",\"ONGs ambientalistas\"],\"inLanguage\":\"es\",\"potentialAction\":[{\"@type\":\"CommentAction\",\"name\":\"Comment\",\"target\":[\"https:\\\/\\\/patagoniambiental.com.ar\\\/info\\\/berta-caceres\\\/#respond\"]}]},{\"@type\":\"WebPage\",\"@id\":\"https:\\\/\\\/patagoniambiental.com.ar\\\/info\\\/berta-caceres\\\/\",\"url\":\"https:\\\/\\\/patagoniambiental.com.ar\\\/info\\\/berta-caceres\\\/\",\"name\":\"El crimen que no logr\u00f3 callarla: Berta C\u00e1ceres, el asesinato que expuso la violencia contra defensores ambientales en Am\u00e9rica Latina El 3 de marzo de 2016 el mundo despert\u00f3 con una noticia que sacudi\u00f3 a Am\u00e9rica Latina y a la comunidad internacional: el asesinato de Berta\",\"isPartOf\":{\"@id\":\"https:\\\/\\\/patagoniambiental.com.ar\\\/info\\\/#website\"},\"primaryImageOfPage\":{\"@id\":\"https:\\\/\\\/patagoniambiental.com.ar\\\/info\\\/berta-caceres\\\/#primaryimage\"},\"image\":{\"@id\":\"https:\\\/\\\/patagoniambiental.com.ar\\\/info\\\/berta-caceres\\\/#primaryimage\"},\"thumbnailUrl\":\"https:\\\/\\\/patagoniambiental.com.ar\\\/info\\\/wp-content\\\/uploads\\\/2026\\\/02\\\/1000250599.png\",\"datePublished\":\"2026-03-03T10:00:00+00:00\",\"description\":\"El 3 de marzo de 2016 el mundo despert\u00f3 con una noticia que sacudi\u00f3 a Am\u00e9rica Latina y a la comunidad internacional: el asesinato de Berta\",\"breadcrumb\":{\"@id\":\"https:\\\/\\\/patagoniambiental.com.ar\\\/info\\\/berta-caceres\\\/#breadcrumb\"},\"inLanguage\":\"es\",\"potentialAction\":[{\"@type\":\"ReadAction\",\"target\":[\"https:\\\/\\\/patagoniambiental.com.ar\\\/info\\\/berta-caceres\\\/\"]}]},{\"@type\":\"ImageObject\",\"inLanguage\":\"es\",\"@id\":\"https:\\\/\\\/patagoniambiental.com.ar\\\/info\\\/berta-caceres\\\/#primaryimage\",\"url\":\"https:\\\/\\\/patagoniambiental.com.ar\\\/info\\\/wp-content\\\/uploads\\\/2026\\\/02\\\/1000250599.png\",\"contentUrl\":\"https:\\\/\\\/patagoniambiental.com.ar\\\/info\\\/wp-content\\\/uploads\\\/2026\\\/02\\\/1000250599.png\",\"width\":1408,\"height\":768,\"caption\":\"Imagen hecha con IA\"},{\"@type\":\"BreadcrumbList\",\"@id\":\"https:\\\/\\\/patagoniambiental.com.ar\\\/info\\\/berta-caceres\\\/#breadcrumb\",\"itemListElement\":[{\"@type\":\"ListItem\",\"position\":1,\"name\":\"Inicio\",\"item\":\"https:\\\/\\\/patagoniambiental.com.ar\\\/info\\\/\"},{\"@type\":\"ListItem\",\"position\":2,\"name\":\"El crimen que no logr\u00f3 callarla: Berta C\u00e1ceres, el asesinato que expuso la violencia contra defensores ambientales en Am\u00e9rica Latina\"}]},{\"@type\":\"WebSite\",\"@id\":\"https:\\\/\\\/patagoniambiental.com.ar\\\/info\\\/#website\",\"url\":\"https:\\\/\\\/patagoniambiental.com.ar\\\/info\\\/\",\"name\":\"Patagonia Ambiental\",\"description\":\"Monitoreo y an\u00e1lisis de la situaci\u00f3n geopol\u00edtica en el mundo y su implicancia en la Patagonia\",\"publisher\":{\"@id\":\"https:\\\/\\\/patagoniambiental.com.ar\\\/info\\\/#organization\"},\"potentialAction\":[{\"@type\":\"SearchAction\",\"target\":{\"@type\":\"EntryPoint\",\"urlTemplate\":\"https:\\\/\\\/patagoniambiental.com.ar\\\/info\\\/?s={search_term_string}\"},\"query-input\":{\"@type\":\"PropertyValueSpecification\",\"valueRequired\":true,\"valueName\":\"search_term_string\"}}],\"inLanguage\":\"es\"},{\"@type\":\"Organization\",\"@id\":\"https:\\\/\\\/patagoniambiental.com.ar\\\/info\\\/#organization\",\"name\":\"Patagonia Ambiental\",\"url\":\"https:\\\/\\\/patagoniambiental.com.ar\\\/info\\\/\",\"logo\":{\"@type\":\"ImageObject\",\"inLanguage\":\"es\",\"@id\":\"https:\\\/\\\/patagoniambiental.com.ar\\\/info\\\/#\\\/schema\\\/logo\\\/image\\\/\",\"url\":\"https:\\\/\\\/patagoniambiental.com.ar\\\/info\\\/wp-content\\\/uploads\\\/2025\\\/05\\\/LOGO-PATAGONIA-AMBIENTAL.png\",\"contentUrl\":\"https:\\\/\\\/patagoniambiental.com.ar\\\/info\\\/wp-content\\\/uploads\\\/2025\\\/05\\\/LOGO-PATAGONIA-AMBIENTAL.png\",\"width\":433,\"height\":250,\"caption\":\"Patagonia Ambiental\"},\"image\":{\"@id\":\"https:\\\/\\\/patagoniambiental.com.ar\\\/info\\\/#\\\/schema\\\/logo\\\/image\\\/\"},\"sameAs\":[\"https:\\\/\\\/www.facebook.com\\\/patagonia.ambiental\",\"https:\\\/\\\/x.com\\\/PatAmb\"]},{\"@type\":\"Person\",\"@id\":\"https:\\\/\\\/patagoniambiental.com.ar\\\/info\\\/#\\\/schema\\\/person\\\/db12bff64bbcbf6a253710bf0ea37b5d\",\"name\":\"Patagonia Ambiental\",\"description\":\"Andr\u00e9s Nievas T\u00e9cnico en manejo ambiental, consultor Ambiental y escritor para medios locales e internacionales sobre temas de geopolitica y medio ambiente.\",\"sameAs\":[\"http:\\\/\\\/www.patagoniambiental.com.ar\",\"https:\\\/\\\/www.facebook.com\\\/share\\\/1C1V8Gv9BX\\\/?mibextid=qi2Omg\",\"@patagoniambiental\",\"https:\\\/\\\/youtube.com\\\/@patagoniaambiental2023?si=BLt58t0wuXquxlYZ\"]}]}<\/script>\n<!-- \/ Yoast SEO Premium plugin. -->","yoast_head_json":{"title":"El crimen que no logr\u00f3 callarla: Berta C\u00e1ceres, el asesinato que expuso la violencia contra defensores ambientales en Am\u00e9rica Latina El 3 de marzo de 2016 el mundo despert\u00f3 con una noticia que sacudi\u00f3 a Am\u00e9rica Latina y a la comunidad internacional: el asesinato de Berta","description":"El 3 de marzo de 2016 el mundo despert\u00f3 con una noticia que sacudi\u00f3 a Am\u00e9rica Latina y a la comunidad internacional: el asesinato de Berta","robots":{"index":"index","follow":"follow","max-snippet":"max-snippet:-1","max-image-preview":"max-image-preview:large","max-video-preview":"max-video-preview:-1"},"canonical":"https:\/\/patagoniambiental.com.ar\/info\/berta-caceres\/","og_locale":"es_ES","og_type":"article","og_title":"El crimen que no logr\u00f3 callarla: Berta C\u00e1ceres, el asesinato que expuso la violencia contra defensores ambientales en Am\u00e9rica Latina","og_description":"El 3 de marzo de 2016 el mundo despert\u00f3 con una noticia que sacudi\u00f3 a Am\u00e9rica Latina y a la comunidad internacional: el asesinato de Berta","og_url":"https:\/\/patagoniambiental.com.ar\/info\/berta-caceres\/","og_site_name":"Patagonia Ambiental","article_publisher":"https:\/\/www.facebook.com\/patagonia.ambiental","article_author":"https:\/\/www.facebook.com\/share\/1C1V8Gv9BX\/?mibextid=qi2Omg","article_published_time":"2026-03-03T10:00:00+00:00","og_image":[{"width":1408,"height":768,"url":"https:\/\/patagoniambiental.com.ar\/info\/wp-content\/uploads\/2026\/02\/1000250599.png","type":"image\/png"}],"author":"Patagonia Ambiental","twitter_card":"summary_large_image","twitter_creator":"@PatAmb","twitter_site":"@PatAmb","schema":{"@context":"https:\/\/schema.org","@graph":[{"@type":"Article","@id":"https:\/\/patagoniambiental.com.ar\/info\/berta-caceres\/#article","isPartOf":{"@id":"https:\/\/patagoniambiental.com.ar\/info\/berta-caceres\/"},"author":{"name":"Patagonia Ambiental","@id":"https:\/\/patagoniambiental.com.ar\/info\/#\/schema\/person\/db12bff64bbcbf6a253710bf0ea37b5d"},"headline":"El crimen que no logr\u00f3 callarla: Berta C\u00e1ceres, el asesinato que expuso la violencia contra defensores ambientales en Am\u00e9rica Latina","datePublished":"2026-03-03T10:00:00+00:00","mainEntityOfPage":{"@id":"https:\/\/patagoniambiental.com.ar\/info\/berta-caceres\/"},"wordCount":1715,"commentCount":0,"publisher":{"@id":"https:\/\/patagoniambiental.com.ar\/info\/#organization"},"image":{"@id":"https:\/\/patagoniambiental.com.ar\/info\/berta-caceres\/#primaryimage"},"thumbnailUrl":"https:\/\/patagoniambiental.com.ar\/info\/wp-content\/uploads\/2026\/02\/1000250599.png","articleSection":["Noticias","ONGs ambientalistas"],"inLanguage":"es","potentialAction":[{"@type":"CommentAction","name":"Comment","target":["https:\/\/patagoniambiental.com.ar\/info\/berta-caceres\/#respond"]}]},{"@type":"WebPage","@id":"https:\/\/patagoniambiental.com.ar\/info\/berta-caceres\/","url":"https:\/\/patagoniambiental.com.ar\/info\/berta-caceres\/","name":"El crimen que no logr\u00f3 callarla: Berta C\u00e1ceres, el asesinato que expuso la violencia contra defensores ambientales en Am\u00e9rica Latina El 3 de marzo de 2016 el mundo despert\u00f3 con una noticia que sacudi\u00f3 a Am\u00e9rica Latina y a la comunidad internacional: el asesinato de Berta","isPartOf":{"@id":"https:\/\/patagoniambiental.com.ar\/info\/#website"},"primaryImageOfPage":{"@id":"https:\/\/patagoniambiental.com.ar\/info\/berta-caceres\/#primaryimage"},"image":{"@id":"https:\/\/patagoniambiental.com.ar\/info\/berta-caceres\/#primaryimage"},"thumbnailUrl":"https:\/\/patagoniambiental.com.ar\/info\/wp-content\/uploads\/2026\/02\/1000250599.png","datePublished":"2026-03-03T10:00:00+00:00","description":"El 3 de marzo de 2016 el mundo despert\u00f3 con una noticia que sacudi\u00f3 a Am\u00e9rica Latina y a la comunidad internacional: el asesinato de Berta","breadcrumb":{"@id":"https:\/\/patagoniambiental.com.ar\/info\/berta-caceres\/#breadcrumb"},"inLanguage":"es","potentialAction":[{"@type":"ReadAction","target":["https:\/\/patagoniambiental.com.ar\/info\/berta-caceres\/"]}]},{"@type":"ImageObject","inLanguage":"es","@id":"https:\/\/patagoniambiental.com.ar\/info\/berta-caceres\/#primaryimage","url":"https:\/\/patagoniambiental.com.ar\/info\/wp-content\/uploads\/2026\/02\/1000250599.png","contentUrl":"https:\/\/patagoniambiental.com.ar\/info\/wp-content\/uploads\/2026\/02\/1000250599.png","width":1408,"height":768,"caption":"Imagen hecha con IA"},{"@type":"BreadcrumbList","@id":"https:\/\/patagoniambiental.com.ar\/info\/berta-caceres\/#breadcrumb","itemListElement":[{"@type":"ListItem","position":1,"name":"Inicio","item":"https:\/\/patagoniambiental.com.ar\/info\/"},{"@type":"ListItem","position":2,"name":"El crimen que no logr\u00f3 callarla: Berta C\u00e1ceres, el asesinato que expuso la violencia contra defensores ambientales en Am\u00e9rica Latina"}]},{"@type":"WebSite","@id":"https:\/\/patagoniambiental.com.ar\/info\/#website","url":"https:\/\/patagoniambiental.com.ar\/info\/","name":"Patagonia Ambiental","description":"Monitoreo y an\u00e1lisis de la situaci\u00f3n geopol\u00edtica en el mundo y su implicancia en la Patagonia","publisher":{"@id":"https:\/\/patagoniambiental.com.ar\/info\/#organization"},"potentialAction":[{"@type":"SearchAction","target":{"@type":"EntryPoint","urlTemplate":"https:\/\/patagoniambiental.com.ar\/info\/?s={search_term_string}"},"query-input":{"@type":"PropertyValueSpecification","valueRequired":true,"valueName":"search_term_string"}}],"inLanguage":"es"},{"@type":"Organization","@id":"https:\/\/patagoniambiental.com.ar\/info\/#organization","name":"Patagonia Ambiental","url":"https:\/\/patagoniambiental.com.ar\/info\/","logo":{"@type":"ImageObject","inLanguage":"es","@id":"https:\/\/patagoniambiental.com.ar\/info\/#\/schema\/logo\/image\/","url":"https:\/\/patagoniambiental.com.ar\/info\/wp-content\/uploads\/2025\/05\/LOGO-PATAGONIA-AMBIENTAL.png","contentUrl":"https:\/\/patagoniambiental.com.ar\/info\/wp-content\/uploads\/2025\/05\/LOGO-PATAGONIA-AMBIENTAL.png","width":433,"height":250,"caption":"Patagonia Ambiental"},"image":{"@id":"https:\/\/patagoniambiental.com.ar\/info\/#\/schema\/logo\/image\/"},"sameAs":["https:\/\/www.facebook.com\/patagonia.ambiental","https:\/\/x.com\/PatAmb"]},{"@type":"Person","@id":"https:\/\/patagoniambiental.com.ar\/info\/#\/schema\/person\/db12bff64bbcbf6a253710bf0ea37b5d","name":"Patagonia Ambiental","description":"Andr\u00e9s Nievas T\u00e9cnico en manejo ambiental, consultor Ambiental y escritor para medios locales e internacionales sobre temas de geopolitica y medio ambiente.","sameAs":["http:\/\/www.patagoniambiental.com.ar","https:\/\/www.facebook.com\/share\/1C1V8Gv9BX\/?mibextid=qi2Omg","@patagoniambiental","https:\/\/youtube.com\/@patagoniaambiental2023?si=BLt58t0wuXquxlYZ"]}]}},"_links":{"self":[{"href":"https:\/\/patagoniambiental.com.ar\/info\/wp-json\/wp\/v2\/posts\/100733","targetHints":{"allow":["GET"]}}],"collection":[{"href":"https:\/\/patagoniambiental.com.ar\/info\/wp-json\/wp\/v2\/posts"}],"about":[{"href":"https:\/\/patagoniambiental.com.ar\/info\/wp-json\/wp\/v2\/types\/post"}],"author":[{"embeddable":true,"href":"https:\/\/patagoniambiental.com.ar\/info\/wp-json\/wp\/v2\/users\/2"}],"replies":[{"embeddable":true,"href":"https:\/\/patagoniambiental.com.ar\/info\/wp-json\/wp\/v2\/comments?post=100733"}],"version-history":[{"count":1,"href":"https:\/\/patagoniambiental.com.ar\/info\/wp-json\/wp\/v2\/posts\/100733\/revisions"}],"predecessor-version":[{"id":100735,"href":"https:\/\/patagoniambiental.com.ar\/info\/wp-json\/wp\/v2\/posts\/100733\/revisions\/100735"}],"wp:featuredmedia":[{"embeddable":true,"href":"https:\/\/patagoniambiental.com.ar\/info\/wp-json\/wp\/v2\/media\/100734"}],"wp:attachment":[{"href":"https:\/\/patagoniambiental.com.ar\/info\/wp-json\/wp\/v2\/media?parent=100733"}],"wp:term":[{"taxonomy":"category","embeddable":true,"href":"https:\/\/patagoniambiental.com.ar\/info\/wp-json\/wp\/v2\/categories?post=100733"},{"taxonomy":"post_tag","embeddable":true,"href":"https:\/\/patagoniambiental.com.ar\/info\/wp-json\/wp\/v2\/tags?post=100733"}],"curies":[{"name":"wp","href":"https:\/\/api.w.org\/{rel}","templated":true}]}}