{"id":100739,"date":"2026-01-04T07:00:00","date_gmt":"2026-01-04T10:00:00","guid":{"rendered":"https:\/\/patagoniambiental.com.ar\/info\/?p=100739"},"modified":"2026-02-27T09:39:26","modified_gmt":"2026-02-27T12:39:26","slug":"diccionario-activistas-ambientales-nicky-becker","status":"publish","type":"post","link":"https:\/\/patagoniambiental.com.ar\/info\/diccionario-activistas-ambientales-nicky-becker\/","title":{"rendered":"Nicki Becker y la revoluci\u00f3n clim\u00e1tica feminista: la joven argentina que est\u00e1 desafiando al poder global y uniendo justicia clim\u00e1tica e igualdad de g\u00e9nero"},"content":{"rendered":"\n<!--more-->\n\n\n\n<p><\/p>\n\n\n\n<p>\u00bfPuede una joven argentina cambiar la conversaci\u00f3n global sobre la crisis clim\u00e1tica? \u00bfPuede el feminismo convertirse en la herramienta m\u00e1s poderosa para enfrentar el calentamiento global? La historia de Nicki Becker no solo responde a estas preguntas, sino que las redefine por completo. En un escenario internacional donde la emergencia clim\u00e1tica ya no admite demoras y donde la desigualdad de g\u00e9nero sigue marcando profundas brechas sociales, la activista argentina se ha consolidado como una de las voces m\u00e1s influyentes del activismo clim\u00e1tico juvenil en Am\u00e9rica Latina.<\/p>\n\n\n\n<p>La lucha por la justicia clim\u00e1tica y la igualdad de g\u00e9nero ya no son causas separadas. En 2026, el debate global sobre el cambio clim\u00e1tico ha evolucionado hacia una mirada interseccional que reconoce que las mujeres y ni\u00f1as son, en muchas regiones, las m\u00e1s afectadas por los impactos ambientales. En este contexto, el liderazgo de Nicki Becker representa una nueva generaci\u00f3n que entiende que la acci\u00f3n clim\u00e1tica necesita perspectiva feminista, participaci\u00f3n juvenil y presi\u00f3n pol\u00edtica sostenida para generar transformaciones reales.<\/p>\n\n\n\n<p>\ud83c\udf31 \u00bfQui\u00e9n es Nicki Becker? La activista argentina que impulsa la justicia clim\u00e1tica en Am\u00e9rica Latina<\/p>\n\n\n\n<p><\/p>\n\n\n\n<p><\/p>\n\n\n\n<p><\/p>\n\n\n\n<p><\/p>\n\n\n\n<p>Nicole Becker, conocida p\u00fablicamente como Nicki Becker, es una activista clim\u00e1tica argentina nacida en 2001 que se convirti\u00f3 en una de las fundadoras del movimiento J\u00f3venes por el Clima Argentina, organizaci\u00f3n que forma parte de la red global inspirada por Fridays for Future. Desde sus primeros pasos en el activismo ambiental, su objetivo fue claro: exigir pol\u00edticas p\u00fablicas ambiciosas frente a la crisis clim\u00e1tica y visibilizar c\u00f3mo esta afecta de manera desigual a distintos sectores de la poblaci\u00f3n.<\/p>\n\n\n\n<p>Su salto a la escena internacional ocurri\u00f3 cuando comenz\u00f3 a participar en cumbres clim\u00e1ticas globales, incluyendo conferencias vinculadas al marco de la ONU Mujeres, donde subray\u00f3 que la justicia clim\u00e1tica no puede pensarse sin igualdad de g\u00e9nero. All\u00ed instal\u00f3 una narrativa poderosa: el cambio clim\u00e1tico no es solo un problema ambiental, sino tambi\u00e9n social, econ\u00f3mico y profundamente pol\u00edtico.<\/p>\n\n\n\n<p>Nicki representa una generaci\u00f3n que creci\u00f3 en medio de informes alarmantes del IPCC, incendios forestales r\u00e9cord, sequ\u00edas hist\u00f3ricas y eventos clim\u00e1ticos extremos cada vez m\u00e1s frecuentes en Am\u00e9rica Latina. Pero lejos de la par\u00e1lisis, eligi\u00f3 la acci\u00f3n colectiva. Su mensaje interpela tanto a gobiernos como a empresas y ciudadan\u00eda: la transici\u00f3n ecol\u00f3gica debe ser urgente, justa y con enfoque de derechos humanos.<\/p>\n\n\n\n<p>\ud83d\udd25 Justicia clim\u00e1tica y feminismo: por qu\u00e9 deben ir de la mano<\/p>\n\n\n\n<p>La justicia clim\u00e1tica propone que quienes menos contribuyeron al cambio clim\u00e1tico suelen ser quienes m\u00e1s sufren sus consecuencias. Esta mirada cuestiona el modelo de desarrollo extractivista y se\u00f1ala las responsabilidades hist\u00f3ricas de los pa\u00edses m\u00e1s industrializados. Sin embargo, dentro de esa desigualdad global tambi\u00e9n existe una desigualdad de g\u00e9nero que agrava las vulnerabilidades.<\/p>\n\n\n\n<p>Diversos estudios internacionales muestran que las mujeres, especialmente en contextos de pobreza, tienen menor acceso a recursos, menor representaci\u00f3n en la toma de decisiones y mayor exposici\u00f3n a riesgos ambientales. Por eso, cuando Nicki Becker afirma que la lucha por la justicia clim\u00e1tica y la igualdad de g\u00e9nero deben ir \u201cs\u00ed o s\u00ed de la mano\u201d, no se trata de una consigna simb\u00f3lica, sino de un diagn\u00f3stico estructural.<\/p>\n\n\n\n<p>La transici\u00f3n hacia energ\u00edas renovables, el acceso al agua potable, la seguridad alimentaria y la resiliencia frente a desastres naturales requieren pol\u00edticas con enfoque de g\u00e9nero. Integrar a mujeres y diversidades en espacios de liderazgo ambiental no es una cuesti\u00f3n decorativa: es una condici\u00f3n para que las soluciones sean efectivas y sostenibles en el tiempo.<\/p>\n\n\n\n<p>\ud83c\udf0e Activismo clim\u00e1tico juvenil en Argentina: el impacto de J\u00f3venes por el Clima<\/p>\n\n\n\n<p><\/p>\n\n\n\n<p><\/p>\n\n\n\n<p><\/p>\n\n\n\n<p><\/p>\n\n\n\n<p>El surgimiento de J\u00f3venes por el Clima Argentina marc\u00f3 un antes y un despu\u00e9s en el activismo ambiental del pa\u00eds. Las movilizaciones masivas frente al Congreso Nacional, las campa\u00f1as digitales y la incidencia legislativa lograron instalar la agenda clim\u00e1tica en el debate p\u00fablico. La juventud dej\u00f3 de ser espectadora para convertirse en protagonista.<\/p>\n\n\n\n<p>Uno de los grandes logros del movimiento fue presionar para la sanci\u00f3n de leyes vinculadas a la acci\u00f3n clim\u00e1tica y la educaci\u00f3n ambiental. Este proceso evidenci\u00f3 que la participaci\u00f3n juvenil puede traducirse en resultados concretos cuando existe organizaci\u00f3n estrat\u00e9gica y di\u00e1logo con distintos actores pol\u00edticos.<\/p>\n\n\n\n<p>Nicki Becker se destac\u00f3 no solo por su capacidad de convocatoria, sino tambi\u00e9n por su habilidad para comunicar de manera clara y contundente. En entrevistas, foros y espacios acad\u00e9micos, ha explicado c\u00f3mo el cambio clim\u00e1tico afecta directamente el presente y futuro de su generaci\u00f3n, desmontando la idea de que se trata de un problema lejano o abstracto.<\/p>\n\n\n\n<p>\ud83c\udfa4 De Argentina al mundo: su voz en foros internacionales<\/p>\n\n\n\n<p><\/p>\n\n\n\n<p><\/p>\n\n\n\n<p><\/p>\n\n\n\n<p><\/p>\n\n\n\n<p>La presencia de Nicki Becker en espacios internacionales consolid\u00f3 su perfil como referente latinoamericana en justicia clim\u00e1tica. En encuentros organizados por ONU Mujeres y otros organismos multilaterales, enfatiz\u00f3 la necesidad de financiamiento clim\u00e1tico con perspectiva de g\u00e9nero y mayor representaci\u00f3n juvenil en las negociaciones globales.<\/p>\n\n\n\n<p>En estos foros, la activista ha se\u00f1alado que Am\u00e9rica Latina enfrenta una doble presi\u00f3n: por un lado, es una regi\u00f3n altamente vulnerable a eventos extremos; por otro, depende econ\u00f3micamente de actividades extractivas que profundizan la crisis ambiental. El desaf\u00edo consiste en construir una transici\u00f3n energ\u00e9tica que no reproduzca desigualdades hist\u00f3ricas.<\/p>\n\n\n\n<p>Su discurso combina datos cient\u00edficos con una narrativa emocional que interpela a l\u00edderes pol\u00edticos. Esta mezcla de evidencia y experiencia personal fortalece su credibilidad y la posiciona como una voz autorizada dentro del debate clim\u00e1tico contempor\u00e1neo.<\/p>\n\n\n\n<p>\ud83d\udcca Cambio clim\u00e1tico en 2026: contexto actual y desaf\u00edos urgentes<\/p>\n\n\n\n<p>A comienzos de 2026, los informes cient\u00edficos confirman que el planeta contin\u00faa registrando temperaturas r\u00e9cord. Am\u00e9rica Latina enfrenta sequ\u00edas prolongadas, incendios forestales devastadores e inundaciones cada vez m\u00e1s frecuentes. Argentina, en particular, ha experimentado eventos clim\u00e1ticos extremos que afectan la producci\u00f3n agr\u00edcola, la biodiversidad y las econom\u00edas regionales.<\/p>\n\n\n\n<p>En este escenario, la demanda de justicia clim\u00e1tica adquiere mayor urgencia. Las pol\u00edticas p\u00fablicas deben ir m\u00e1s all\u00e1 de compromisos declarativos y traducirse en planes concretos de reducci\u00f3n de emisiones, adaptaci\u00f3n y transici\u00f3n justa. La presi\u00f3n social, impulsada por movimientos juveniles y organizaciones feministas, juega un rol clave para evitar retrocesos.<\/p>\n\n\n\n<p>Nicki Becker sostiene que la crisis clim\u00e1tica no puede abordarse con soluciones aisladas. Es necesario repensar el modelo de consumo, la matriz energ\u00e9tica y las formas de producci\u00f3n. Este enfoque sist\u00e9mico es lo que diferencia al activismo contempor\u00e1neo de las primeras olas ambientalistas.<\/p>\n\n\n\n<p>\ud83d\udcac \u00bfPor qu\u00e9 la juventud lidera la acci\u00f3n clim\u00e1tica?<\/p>\n\n\n\n<p>La emergencia clim\u00e1tica impactar\u00e1 con mayor fuerza a las generaciones j\u00f3venes y futuras. Por eso, el liderazgo juvenil no es solo simb\u00f3lico, sino profundamente leg\u00edtimo. Los j\u00f3venes exigen coherencia entre los discursos pol\u00edticos y las acciones concretas.<\/p>\n\n\n\n<p>El activismo clim\u00e1tico juvenil en Argentina ha demostrado que la movilizaci\u00f3n sostenida puede influir en la agenda medi\u00e1tica y pol\u00edtica. Adem\u00e1s, la articulaci\u00f3n con movimientos feministas ampl\u00eda la base social y fortalece la narrativa de derechos.<\/p>\n\n\n\n<p>Nicki Becker encarna esta convergencia entre juventud, feminismo y ambientalismo. Su historia inspira a miles de adolescentes y j\u00f3venes que buscan involucrarse en causas sociales, demostrando que la participaci\u00f3n ciudadana puede generar cambios reales.<\/p>\n\n\n\n<p>\ud83c\udf3f El futuro de la justicia clim\u00e1tica en Am\u00e9rica Latina<\/p>\n\n\n\n<p>El desaf\u00edo hacia adelante ser\u00e1 sostener la presi\u00f3n social y convertir las demandas en pol\u00edticas estructurales. La transici\u00f3n ecol\u00f3gica debe garantizar empleo digno, acceso equitativo a recursos y participaci\u00f3n ciudadana.<\/p>\n\n\n\n<p>En Am\u00e9rica Latina, la justicia clim\u00e1tica tambi\u00e9n implica defender territorios frente a proyectos extractivos que amenazan comunidades ind\u00edgenas y ecosistemas clave. Integrar estas luchas dentro de una agenda feminista ampl\u00eda la comprensi\u00f3n del problema y fortalece las alianzas regionales.<\/p>\n\n\n\n<p>Nicki Becker forma parte de una generaci\u00f3n que ya no acepta respuestas graduales ante una crisis acelerada. Su mensaje es claro: la acci\u00f3n clim\u00e1tica debe ser inmediata, inclusiva y basada en la equidad.<\/p>\n\n\n\n<p><\/p>\n","protected":false},"excerpt":{"rendered":"","protected":false},"author":2,"featured_media":100740,"comment_status":"open","ping_status":"open","sticky":false,"template":"","format":"standard","meta":{"site-sidebar-layout":"default","site-content-layout":"","ast-site-content-layout":"default","site-content-style":"default","site-sidebar-style":"default","ast-global-header-display":"","ast-banner-title-visibility":"","ast-main-header-display":"","ast-hfb-above-header-display":"","ast-hfb-below-header-display":"","ast-hfb-mobile-header-display":"","site-post-title":"","ast-breadcrumbs-content":"","ast-featured-img":"","footer-sml-layout":"","ast-disable-related-posts":"","theme-transparent-header-meta":"","adv-header-id-meta":"","stick-header-meta":"","header-above-stick-meta":"","header-main-stick-meta":"","header-below-stick-meta":"","astra-migrate-meta-layouts":"default","ast-page-background-enabled":"default","ast-page-background-meta":{"desktop":{"background-color":"var(--ast-global-color-5)","background-image":"","background-repeat":"repeat","background-position":"center center","background-size":"auto","background-attachment":"scroll","background-type":"","background-media":"","overlay-type":"","overlay-color":"","overlay-opacity":"","overlay-gradient":""},"tablet":{"background-color":"","background-image":"","background-repeat":"repeat","background-position":"center center","background-size":"auto","background-attachment":"scroll","background-type":"","background-media":"","overlay-type":"","overlay-color":"","overlay-opacity":"","overlay-gradient":""},"mobile":{"background-color":"","background-image":"","background-repeat":"repeat","background-position":"center center","background-size":"auto","background-attachment":"scroll","background-type":"","background-media":"","overlay-type":"","overlay-color":"","overlay-opacity":"","overlay-gradient":""}},"ast-content-background-meta":{"desktop":{"background-color":"var(--ast-global-color-4)","background-image":"","background-repeat":"repeat","background-position":"center center","background-size":"auto","background-attachment":"scroll","background-type":"","background-media":"","overlay-type":"","overlay-color":"","overlay-opacity":"","overlay-gradient":""},"tablet":{"background-color":"var(--ast-global-color-4)","background-image":"","background-repeat":"repeat","background-position":"center center","background-size":"auto","background-attachment":"scroll","background-type":"","background-media":"","overlay-type":"","overlay-color":"","overlay-opacity":"","overlay-gradient":""},"mobile":{"background-color":"var(--ast-global-color-4)","background-image":"","background-repeat":"repeat","background-position":"center center","background-size":"auto","background-attachment":"scroll","background-type":"","background-media":"","overlay-type":"","overlay-color":"","overlay-opacity":"","overlay-gradient":""}},"footnotes":""},"categories":[53,1],"tags":[],"class_list":["post-100739","post","type-post","status-publish","format-standard","has-post-thumbnail","hentry","category-general","category-noticias"],"yoast_head":"<!-- This site is optimized with the Yoast SEO Premium plugin v23.0 (Yoast SEO v27.5) - https:\/\/yoast.com\/product\/yoast-seo-premium-wordpress\/ -->\n<title>Nicki Becker y la revoluci\u00f3n clim\u00e1tica feminista: la joven argentina que est\u00e1 desafiando al poder global y uniendo justicia clim\u00e1tica e igualdad de g\u00e9nero Puede una joven argentina cambiar la conversaci\u00f3n global sobre la crisis clim\u00e1tica? \u00bfPuede el feminismo convertirse en la herramienta<\/title>\n<meta name=\"description\" content=\"Puede una joven argentina cambiar la conversaci\u00f3n global sobre la crisis clim\u00e1tica? \u00bfPuede el feminismo convertirse en la herramienta\" \/>\n<meta name=\"robots\" content=\"index, follow, max-snippet:-1, max-image-preview:large, max-video-preview:-1\" \/>\n<link rel=\"canonical\" href=\"https:\/\/patagoniambiental.com.ar\/info\/diccionario-activistas-ambientales-nicky-becker\/\" \/>\n<meta property=\"og:locale\" content=\"es_ES\" \/>\n<meta property=\"og:type\" content=\"article\" \/>\n<meta property=\"og:title\" content=\"Nicki Becker y la revoluci\u00f3n clim\u00e1tica feminista: la joven argentina que est\u00e1 desafiando al poder global y uniendo justicia clim\u00e1tica e igualdad de g\u00e9nero\" \/>\n<meta property=\"og:description\" content=\"Puede una joven argentina cambiar la conversaci\u00f3n global sobre la crisis clim\u00e1tica? \u00bfPuede el feminismo convertirse en la herramienta\" \/>\n<meta property=\"og:url\" content=\"https:\/\/patagoniambiental.com.ar\/info\/diccionario-activistas-ambientales-nicky-becker\/\" \/>\n<meta property=\"og:site_name\" content=\"Patagonia Ambiental\" \/>\n<meta property=\"article:publisher\" content=\"https:\/\/www.facebook.com\/patagonia.ambiental\" \/>\n<meta property=\"article:author\" content=\"https:\/\/www.facebook.com\/share\/1C1V8Gv9BX\/?mibextid=qi2Omg\" \/>\n<meta property=\"article:published_time\" content=\"2026-01-04T10:00:00+00:00\" \/>\n<meta property=\"article:modified_time\" content=\"2026-02-27T12:39:26+00:00\" \/>\n<meta property=\"og:image\" content=\"https:\/\/patagoniambiental.com.ar\/info\/wp-content\/uploads\/2026\/02\/1000250969.jpg\" \/>\n\t<meta property=\"og:image:width\" content=\"1024\" \/>\n\t<meta property=\"og:image:height\" content=\"666\" \/>\n\t<meta property=\"og:image:type\" content=\"image\/jpeg\" \/>\n<meta name=\"author\" content=\"Patagonia Ambiental\" \/>\n<meta name=\"twitter:card\" content=\"summary_large_image\" \/>\n<meta name=\"twitter:creator\" content=\"@PatAmb\" \/>\n<meta name=\"twitter:site\" content=\"@PatAmb\" \/>\n<script type=\"application\/ld+json\" class=\"yoast-schema-graph\">{\"@context\":\"https:\\\/\\\/schema.org\",\"@graph\":[{\"@type\":\"Article\",\"@id\":\"https:\\\/\\\/patagoniambiental.com.ar\\\/info\\\/diccionario-activistas-ambientales-nicky-becker\\\/#article\",\"isPartOf\":{\"@id\":\"https:\\\/\\\/patagoniambiental.com.ar\\\/info\\\/diccionario-activistas-ambientales-nicky-becker\\\/\"},\"author\":{\"name\":\"Patagonia Ambiental\",\"@id\":\"https:\\\/\\\/patagoniambiental.com.ar\\\/info\\\/#\\\/schema\\\/person\\\/db12bff64bbcbf6a253710bf0ea37b5d\"},\"headline\":\"Nicki Becker y la revoluci\u00f3n clim\u00e1tica feminista: la joven argentina que est\u00e1 desafiando al poder global y uniendo justicia clim\u00e1tica e igualdad de g\u00e9nero\",\"datePublished\":\"2026-01-04T10:00:00+00:00\",\"dateModified\":\"2026-02-27T12:39:26+00:00\",\"mainEntityOfPage\":{\"@id\":\"https:\\\/\\\/patagoniambiental.com.ar\\\/info\\\/diccionario-activistas-ambientales-nicky-becker\\\/\"},\"wordCount\":1445,\"commentCount\":0,\"publisher\":{\"@id\":\"https:\\\/\\\/patagoniambiental.com.ar\\\/info\\\/#organization\"},\"image\":{\"@id\":\"https:\\\/\\\/patagoniambiental.com.ar\\\/info\\\/diccionario-activistas-ambientales-nicky-becker\\\/#primaryimage\"},\"thumbnailUrl\":\"https:\\\/\\\/patagoniambiental.com.ar\\\/info\\\/wp-content\\\/uploads\\\/2026\\\/02\\\/1000250969.jpg\",\"articleSection\":[\"General\",\"Noticias\"],\"inLanguage\":\"es\",\"potentialAction\":[{\"@type\":\"CommentAction\",\"name\":\"Comment\",\"target\":[\"https:\\\/\\\/patagoniambiental.com.ar\\\/info\\\/diccionario-activistas-ambientales-nicky-becker\\\/#respond\"]}]},{\"@type\":\"WebPage\",\"@id\":\"https:\\\/\\\/patagoniambiental.com.ar\\\/info\\\/diccionario-activistas-ambientales-nicky-becker\\\/\",\"url\":\"https:\\\/\\\/patagoniambiental.com.ar\\\/info\\\/diccionario-activistas-ambientales-nicky-becker\\\/\",\"name\":\"Nicki Becker y la revoluci\u00f3n clim\u00e1tica feminista: la joven argentina que est\u00e1 desafiando al poder global y uniendo justicia clim\u00e1tica e igualdad de g\u00e9nero Puede una joven argentina cambiar la conversaci\u00f3n global sobre la crisis clim\u00e1tica? \u00bfPuede el feminismo convertirse en la herramienta\",\"isPartOf\":{\"@id\":\"https:\\\/\\\/patagoniambiental.com.ar\\\/info\\\/#website\"},\"primaryImageOfPage\":{\"@id\":\"https:\\\/\\\/patagoniambiental.com.ar\\\/info\\\/diccionario-activistas-ambientales-nicky-becker\\\/#primaryimage\"},\"image\":{\"@id\":\"https:\\\/\\\/patagoniambiental.com.ar\\\/info\\\/diccionario-activistas-ambientales-nicky-becker\\\/#primaryimage\"},\"thumbnailUrl\":\"https:\\\/\\\/patagoniambiental.com.ar\\\/info\\\/wp-content\\\/uploads\\\/2026\\\/02\\\/1000250969.jpg\",\"datePublished\":\"2026-01-04T10:00:00+00:00\",\"dateModified\":\"2026-02-27T12:39:26+00:00\",\"description\":\"Puede una joven argentina cambiar la conversaci\u00f3n global sobre la crisis clim\u00e1tica? \u00bfPuede el feminismo convertirse en la herramienta\",\"breadcrumb\":{\"@id\":\"https:\\\/\\\/patagoniambiental.com.ar\\\/info\\\/diccionario-activistas-ambientales-nicky-becker\\\/#breadcrumb\"},\"inLanguage\":\"es\",\"potentialAction\":[{\"@type\":\"ReadAction\",\"target\":[\"https:\\\/\\\/patagoniambiental.com.ar\\\/info\\\/diccionario-activistas-ambientales-nicky-becker\\\/\"]}]},{\"@type\":\"ImageObject\",\"inLanguage\":\"es\",\"@id\":\"https:\\\/\\\/patagoniambiental.com.ar\\\/info\\\/diccionario-activistas-ambientales-nicky-becker\\\/#primaryimage\",\"url\":\"https:\\\/\\\/patagoniambiental.com.ar\\\/info\\\/wp-content\\\/uploads\\\/2026\\\/02\\\/1000250969.jpg\",\"contentUrl\":\"https:\\\/\\\/patagoniambiental.com.ar\\\/info\\\/wp-content\\\/uploads\\\/2026\\\/02\\\/1000250969.jpg\",\"width\":1024,\"height\":666,\"caption\":\"Imagen hecha con IA\"},{\"@type\":\"BreadcrumbList\",\"@id\":\"https:\\\/\\\/patagoniambiental.com.ar\\\/info\\\/diccionario-activistas-ambientales-nicky-becker\\\/#breadcrumb\",\"itemListElement\":[{\"@type\":\"ListItem\",\"position\":1,\"name\":\"Inicio\",\"item\":\"https:\\\/\\\/patagoniambiental.com.ar\\\/info\\\/\"},{\"@type\":\"ListItem\",\"position\":2,\"name\":\"Nicki Becker y la revoluci\u00f3n clim\u00e1tica feminista: la joven argentina que est\u00e1 desafiando al poder global y uniendo justicia clim\u00e1tica e igualdad de g\u00e9nero\"}]},{\"@type\":\"WebSite\",\"@id\":\"https:\\\/\\\/patagoniambiental.com.ar\\\/info\\\/#website\",\"url\":\"https:\\\/\\\/patagoniambiental.com.ar\\\/info\\\/\",\"name\":\"Patagonia Ambiental\",\"description\":\"Monitoreo y an\u00e1lisis de la situaci\u00f3n geopol\u00edtica en el mundo y su implicancia en la Patagonia\",\"publisher\":{\"@id\":\"https:\\\/\\\/patagoniambiental.com.ar\\\/info\\\/#organization\"},\"potentialAction\":[{\"@type\":\"SearchAction\",\"target\":{\"@type\":\"EntryPoint\",\"urlTemplate\":\"https:\\\/\\\/patagoniambiental.com.ar\\\/info\\\/?s={search_term_string}\"},\"query-input\":{\"@type\":\"PropertyValueSpecification\",\"valueRequired\":true,\"valueName\":\"search_term_string\"}}],\"inLanguage\":\"es\"},{\"@type\":\"Organization\",\"@id\":\"https:\\\/\\\/patagoniambiental.com.ar\\\/info\\\/#organization\",\"name\":\"Patagonia Ambiental\",\"url\":\"https:\\\/\\\/patagoniambiental.com.ar\\\/info\\\/\",\"logo\":{\"@type\":\"ImageObject\",\"inLanguage\":\"es\",\"@id\":\"https:\\\/\\\/patagoniambiental.com.ar\\\/info\\\/#\\\/schema\\\/logo\\\/image\\\/\",\"url\":\"https:\\\/\\\/patagoniambiental.com.ar\\\/info\\\/wp-content\\\/uploads\\\/2025\\\/05\\\/LOGO-PATAGONIA-AMBIENTAL.png\",\"contentUrl\":\"https:\\\/\\\/patagoniambiental.com.ar\\\/info\\\/wp-content\\\/uploads\\\/2025\\\/05\\\/LOGO-PATAGONIA-AMBIENTAL.png\",\"width\":433,\"height\":250,\"caption\":\"Patagonia Ambiental\"},\"image\":{\"@id\":\"https:\\\/\\\/patagoniambiental.com.ar\\\/info\\\/#\\\/schema\\\/logo\\\/image\\\/\"},\"sameAs\":[\"https:\\\/\\\/www.facebook.com\\\/patagonia.ambiental\",\"https:\\\/\\\/x.com\\\/PatAmb\"]},{\"@type\":\"Person\",\"@id\":\"https:\\\/\\\/patagoniambiental.com.ar\\\/info\\\/#\\\/schema\\\/person\\\/db12bff64bbcbf6a253710bf0ea37b5d\",\"name\":\"Patagonia Ambiental\",\"description\":\"Andr\u00e9s Nievas T\u00e9cnico en manejo ambiental, consultor Ambiental y escritor para medios locales e internacionales sobre temas de geopolitica y medio ambiente.\",\"sameAs\":[\"http:\\\/\\\/www.patagoniambiental.com.ar\",\"https:\\\/\\\/www.facebook.com\\\/share\\\/1C1V8Gv9BX\\\/?mibextid=qi2Omg\",\"@patagoniambiental\",\"https:\\\/\\\/youtube.com\\\/@patagoniaambiental2023?si=BLt58t0wuXquxlYZ\"]}]}<\/script>\n<!-- \/ Yoast SEO Premium plugin. -->","yoast_head_json":{"title":"Nicki Becker y la revoluci\u00f3n clim\u00e1tica feminista: la joven argentina que est\u00e1 desafiando al poder global y uniendo justicia clim\u00e1tica e igualdad de g\u00e9nero Puede una joven argentina cambiar la conversaci\u00f3n global sobre la crisis clim\u00e1tica? \u00bfPuede el feminismo convertirse en la herramienta","description":"Puede una joven argentina cambiar la conversaci\u00f3n global sobre la crisis clim\u00e1tica? \u00bfPuede el feminismo convertirse en la herramienta","robots":{"index":"index","follow":"follow","max-snippet":"max-snippet:-1","max-image-preview":"max-image-preview:large","max-video-preview":"max-video-preview:-1"},"canonical":"https:\/\/patagoniambiental.com.ar\/info\/diccionario-activistas-ambientales-nicky-becker\/","og_locale":"es_ES","og_type":"article","og_title":"Nicki Becker y la revoluci\u00f3n clim\u00e1tica feminista: la joven argentina que est\u00e1 desafiando al poder global y uniendo justicia clim\u00e1tica e igualdad de g\u00e9nero","og_description":"Puede una joven argentina cambiar la conversaci\u00f3n global sobre la crisis clim\u00e1tica? \u00bfPuede el feminismo convertirse en la herramienta","og_url":"https:\/\/patagoniambiental.com.ar\/info\/diccionario-activistas-ambientales-nicky-becker\/","og_site_name":"Patagonia Ambiental","article_publisher":"https:\/\/www.facebook.com\/patagonia.ambiental","article_author":"https:\/\/www.facebook.com\/share\/1C1V8Gv9BX\/?mibextid=qi2Omg","article_published_time":"2026-01-04T10:00:00+00:00","article_modified_time":"2026-02-27T12:39:26+00:00","og_image":[{"width":1024,"height":666,"url":"https:\/\/patagoniambiental.com.ar\/info\/wp-content\/uploads\/2026\/02\/1000250969.jpg","type":"image\/jpeg"}],"author":"Patagonia Ambiental","twitter_card":"summary_large_image","twitter_creator":"@PatAmb","twitter_site":"@PatAmb","schema":{"@context":"https:\/\/schema.org","@graph":[{"@type":"Article","@id":"https:\/\/patagoniambiental.com.ar\/info\/diccionario-activistas-ambientales-nicky-becker\/#article","isPartOf":{"@id":"https:\/\/patagoniambiental.com.ar\/info\/diccionario-activistas-ambientales-nicky-becker\/"},"author":{"name":"Patagonia Ambiental","@id":"https:\/\/patagoniambiental.com.ar\/info\/#\/schema\/person\/db12bff64bbcbf6a253710bf0ea37b5d"},"headline":"Nicki Becker y la revoluci\u00f3n clim\u00e1tica feminista: la joven argentina que est\u00e1 desafiando al poder global y uniendo justicia clim\u00e1tica e igualdad de g\u00e9nero","datePublished":"2026-01-04T10:00:00+00:00","dateModified":"2026-02-27T12:39:26+00:00","mainEntityOfPage":{"@id":"https:\/\/patagoniambiental.com.ar\/info\/diccionario-activistas-ambientales-nicky-becker\/"},"wordCount":1445,"commentCount":0,"publisher":{"@id":"https:\/\/patagoniambiental.com.ar\/info\/#organization"},"image":{"@id":"https:\/\/patagoniambiental.com.ar\/info\/diccionario-activistas-ambientales-nicky-becker\/#primaryimage"},"thumbnailUrl":"https:\/\/patagoniambiental.com.ar\/info\/wp-content\/uploads\/2026\/02\/1000250969.jpg","articleSection":["General","Noticias"],"inLanguage":"es","potentialAction":[{"@type":"CommentAction","name":"Comment","target":["https:\/\/patagoniambiental.com.ar\/info\/diccionario-activistas-ambientales-nicky-becker\/#respond"]}]},{"@type":"WebPage","@id":"https:\/\/patagoniambiental.com.ar\/info\/diccionario-activistas-ambientales-nicky-becker\/","url":"https:\/\/patagoniambiental.com.ar\/info\/diccionario-activistas-ambientales-nicky-becker\/","name":"Nicki Becker y la revoluci\u00f3n clim\u00e1tica feminista: la joven argentina que est\u00e1 desafiando al poder global y uniendo justicia clim\u00e1tica e igualdad de g\u00e9nero Puede una joven argentina cambiar la conversaci\u00f3n global sobre la crisis clim\u00e1tica? \u00bfPuede el feminismo convertirse en la herramienta","isPartOf":{"@id":"https:\/\/patagoniambiental.com.ar\/info\/#website"},"primaryImageOfPage":{"@id":"https:\/\/patagoniambiental.com.ar\/info\/diccionario-activistas-ambientales-nicky-becker\/#primaryimage"},"image":{"@id":"https:\/\/patagoniambiental.com.ar\/info\/diccionario-activistas-ambientales-nicky-becker\/#primaryimage"},"thumbnailUrl":"https:\/\/patagoniambiental.com.ar\/info\/wp-content\/uploads\/2026\/02\/1000250969.jpg","datePublished":"2026-01-04T10:00:00+00:00","dateModified":"2026-02-27T12:39:26+00:00","description":"Puede una joven argentina cambiar la conversaci\u00f3n global sobre la crisis clim\u00e1tica? \u00bfPuede el feminismo convertirse en la herramienta","breadcrumb":{"@id":"https:\/\/patagoniambiental.com.ar\/info\/diccionario-activistas-ambientales-nicky-becker\/#breadcrumb"},"inLanguage":"es","potentialAction":[{"@type":"ReadAction","target":["https:\/\/patagoniambiental.com.ar\/info\/diccionario-activistas-ambientales-nicky-becker\/"]}]},{"@type":"ImageObject","inLanguage":"es","@id":"https:\/\/patagoniambiental.com.ar\/info\/diccionario-activistas-ambientales-nicky-becker\/#primaryimage","url":"https:\/\/patagoniambiental.com.ar\/info\/wp-content\/uploads\/2026\/02\/1000250969.jpg","contentUrl":"https:\/\/patagoniambiental.com.ar\/info\/wp-content\/uploads\/2026\/02\/1000250969.jpg","width":1024,"height":666,"caption":"Imagen hecha con IA"},{"@type":"BreadcrumbList","@id":"https:\/\/patagoniambiental.com.ar\/info\/diccionario-activistas-ambientales-nicky-becker\/#breadcrumb","itemListElement":[{"@type":"ListItem","position":1,"name":"Inicio","item":"https:\/\/patagoniambiental.com.ar\/info\/"},{"@type":"ListItem","position":2,"name":"Nicki Becker y la revoluci\u00f3n clim\u00e1tica feminista: la joven argentina que est\u00e1 desafiando al poder global y uniendo justicia clim\u00e1tica e igualdad de g\u00e9nero"}]},{"@type":"WebSite","@id":"https:\/\/patagoniambiental.com.ar\/info\/#website","url":"https:\/\/patagoniambiental.com.ar\/info\/","name":"Patagonia Ambiental","description":"Monitoreo y an\u00e1lisis de la situaci\u00f3n geopol\u00edtica en el mundo y su implicancia en la Patagonia","publisher":{"@id":"https:\/\/patagoniambiental.com.ar\/info\/#organization"},"potentialAction":[{"@type":"SearchAction","target":{"@type":"EntryPoint","urlTemplate":"https:\/\/patagoniambiental.com.ar\/info\/?s={search_term_string}"},"query-input":{"@type":"PropertyValueSpecification","valueRequired":true,"valueName":"search_term_string"}}],"inLanguage":"es"},{"@type":"Organization","@id":"https:\/\/patagoniambiental.com.ar\/info\/#organization","name":"Patagonia Ambiental","url":"https:\/\/patagoniambiental.com.ar\/info\/","logo":{"@type":"ImageObject","inLanguage":"es","@id":"https:\/\/patagoniambiental.com.ar\/info\/#\/schema\/logo\/image\/","url":"https:\/\/patagoniambiental.com.ar\/info\/wp-content\/uploads\/2025\/05\/LOGO-PATAGONIA-AMBIENTAL.png","contentUrl":"https:\/\/patagoniambiental.com.ar\/info\/wp-content\/uploads\/2025\/05\/LOGO-PATAGONIA-AMBIENTAL.png","width":433,"height":250,"caption":"Patagonia Ambiental"},"image":{"@id":"https:\/\/patagoniambiental.com.ar\/info\/#\/schema\/logo\/image\/"},"sameAs":["https:\/\/www.facebook.com\/patagonia.ambiental","https:\/\/x.com\/PatAmb"]},{"@type":"Person","@id":"https:\/\/patagoniambiental.com.ar\/info\/#\/schema\/person\/db12bff64bbcbf6a253710bf0ea37b5d","name":"Patagonia Ambiental","description":"Andr\u00e9s Nievas T\u00e9cnico en manejo ambiental, consultor Ambiental y escritor para medios locales e internacionales sobre temas de geopolitica y medio ambiente.","sameAs":["http:\/\/www.patagoniambiental.com.ar","https:\/\/www.facebook.com\/share\/1C1V8Gv9BX\/?mibextid=qi2Omg","@patagoniambiental","https:\/\/youtube.com\/@patagoniaambiental2023?si=BLt58t0wuXquxlYZ"]}]}},"_links":{"self":[{"href":"https:\/\/patagoniambiental.com.ar\/info\/wp-json\/wp\/v2\/posts\/100739","targetHints":{"allow":["GET"]}}],"collection":[{"href":"https:\/\/patagoniambiental.com.ar\/info\/wp-json\/wp\/v2\/posts"}],"about":[{"href":"https:\/\/patagoniambiental.com.ar\/info\/wp-json\/wp\/v2\/types\/post"}],"author":[{"embeddable":true,"href":"https:\/\/patagoniambiental.com.ar\/info\/wp-json\/wp\/v2\/users\/2"}],"replies":[{"embeddable":true,"href":"https:\/\/patagoniambiental.com.ar\/info\/wp-json\/wp\/v2\/comments?post=100739"}],"version-history":[{"count":2,"href":"https:\/\/patagoniambiental.com.ar\/info\/wp-json\/wp\/v2\/posts\/100739\/revisions"}],"predecessor-version":[{"id":100742,"href":"https:\/\/patagoniambiental.com.ar\/info\/wp-json\/wp\/v2\/posts\/100739\/revisions\/100742"}],"wp:featuredmedia":[{"embeddable":true,"href":"https:\/\/patagoniambiental.com.ar\/info\/wp-json\/wp\/v2\/media\/100740"}],"wp:attachment":[{"href":"https:\/\/patagoniambiental.com.ar\/info\/wp-json\/wp\/v2\/media?parent=100739"}],"wp:term":[{"taxonomy":"category","embeddable":true,"href":"https:\/\/patagoniambiental.com.ar\/info\/wp-json\/wp\/v2\/categories?post=100739"},{"taxonomy":"post_tag","embeddable":true,"href":"https:\/\/patagoniambiental.com.ar\/info\/wp-json\/wp\/v2\/tags?post=100739"}],"curies":[{"name":"wp","href":"https:\/\/api.w.org\/{rel}","templated":true}]}}