{"id":100768,"date":"2026-03-04T00:30:22","date_gmt":"2026-03-04T03:30:22","guid":{"rendered":"https:\/\/patagoniambiental.com.ar\/info\/?p=100768"},"modified":"2026-03-04T00:31:21","modified_gmt":"2026-03-04T03:31:21","slug":"energia-solar-en-rio-negro-finalizo-el-curso-de-instaladores-solares-y-ya-hay-nuevos-tecnicos-certificados-para-impulsar-la-transicion-energetica-en-2026","status":"publish","type":"post","link":"https:\/\/patagoniambiental.com.ar\/info\/energia-solar-en-rio-negro-finalizo-el-curso-de-instaladores-solares-y-ya-hay-nuevos-tecnicos-certificados-para-impulsar-la-transicion-energetica-en-2026\/","title":{"rendered":"Energ\u00eda Solar en R\u00edo Negro: Finaliz\u00f3 el Curso de Instaladores Solares y ya hay nuevos T\u00e9cnicos Certificados para Impulsar la Transici\u00f3n Energ\u00e9tica en 2026"},"content":{"rendered":"\n<!--more-->\n\n\n\n<p>Viedma, Rio Negro, 3 de marzo de 2026. La transici\u00f3n energ\u00e9tica en Argentina dej\u00f3 de ser una promesa para convertirse en una realidad concreta en las provincias que decidieron apostar fuerte por la capacitaci\u00f3n y la formaci\u00f3n t\u00e9cnica. En ese contexto, R\u00edo Negro dio un paso estrat\u00e9gico al finalizar con \u00e9xito el curso de instaladores solares, una capacitaci\u00f3n clave para el crecimiento del sector de energ\u00edas renovables en la regi\u00f3n. <\/p>\n\n\n\n<p>La entrega de certificados no solo representa el cierre de una instancia formativa, sino el inicio de nuevas oportunidades laborales vinculadas a la energ\u00eda solar fotovoltaica, la eficiencia energ\u00e9tica y el desarrollo sostenible. Este avance se enmarca dentro de una pol\u00edtica p\u00fablica que busca fortalecer la matriz energ\u00e9tica provincial, reducir emisiones y generar empleo verde calificado en un mercado que crece a\u00f1o tras a\u00f1o.<\/p>\n\n\n\n<p>El curso para instaladores solares en R\u00edo Negro fue dise\u00f1ado para brindar conocimientos t\u00e9cnicos espec\u00edficos sobre instalaci\u00f3n de paneles solares, sistemas fotovoltaicos conectados a red y sistemas aut\u00f3nomos, normativas el\u00e9ctricas vigentes, seguridad laboral y dimensionamiento de equipos.<\/p>\n\n\n\n<p> La capacitaci\u00f3n combin\u00f3 formaci\u00f3n te\u00f3rica con pr\u00e1cticas reales, permitiendo que los participantes adquirieran experiencia directa en el montaje y configuraci\u00f3n de sistemas solares. En un contexto donde la demanda de energ\u00eda renovable aumenta tanto en hogares como en industrias y comercios, contar con t\u00e9cnicos certificados en energ\u00eda solar representa una ventaja competitiva para la provincia.<\/p>\n\n\n\n<p><strong>Curso de instaladores solares en R\u00edo Negro: una apuesta estrat\u00e9gica por las energ\u00edas renovables<\/strong><\/p>\n\n\n\n<p>El crecimiento de la energ\u00eda solar en Argentina responde a m\u00faltiples factores, entre ellos la necesidad de diversificar la matriz energ\u00e9tica, reducir la dependencia de combustibles f\u00f3siles y aprovechar el alto potencial solar del pa\u00eds. R\u00edo Negro, por su ubicaci\u00f3n geogr\u00e1fica y condiciones clim\u00e1ticas, posee niveles de radiaci\u00f3n solar favorables que permiten el desarrollo eficiente de proyectos fotovoltaicos. En ese marco, la formaci\u00f3n de instaladores solares certificados se convierte en un pilar fundamental para garantizar instalaciones seguras, eficientes y ajustadas a las normativas t\u00e9cnicas vigentes.<\/p>\n\n\n\n<p>La capacitaci\u00f3n en energ\u00edas renovables no solo impacta en la generaci\u00f3n de empleo, sino tambi\u00e9n en la calidad de las instalaciones domiciliarias y comerciales. Un sistema solar correctamente dimensionado e instalado puede reducir significativamente el consumo el\u00e9ctrico tradicional, disminuir costos energ\u00e9ticos y contribuir a la reducci\u00f3n de la huella de carbono. Por eso, el curso de instaladores solares representa mucho m\u00e1s que una instancia educativa: es una herramienta concreta para impulsar el desarrollo sostenible en la provincia.<\/p>\n\n\n\n<p>Adem\u00e1s, la certificaci\u00f3n obtenida por los participantes les permite acceder a nuevas oportunidades laborales en el sector privado, cooperativas el\u00e9ctricas, emprendimientos propios y programas de energ\u00edas limpias. La profesionalizaci\u00f3n del rubro solar es clave para evitar instalaciones informales o deficientes que puedan comprometer la seguridad el\u00e9ctrica o el rendimiento de los equipos.<\/p>\n\n\n\n<p><strong>Energ\u00eda solar en R\u00edo Negro: crecimiento, oportunidades y empleo verde<\/strong><\/p>\n\n\n\n<p>La energ\u00eda solar fotovoltaica atraviesa un momento de expansi\u00f3n en todo el pa\u00eds. Cada vez m\u00e1s hogares buscan instalar paneles solares para autoconsumo, mientras que empresas y organismos p\u00fablicos avanzan en proyectos de generaci\u00f3n distribuida. En este escenario, la formaci\u00f3n de t\u00e9cnicos especializados se vuelve imprescindible. R\u00edo Negro entendi\u00f3 esta necesidad y decidi\u00f3 invertir en capacitaci\u00f3n t\u00e9cnica como motor de crecimiento econ\u00f3mico y ambiental.<\/p>\n\n\n\n<p>El concepto de empleo verde cobra especial relevancia en este contexto. Se trata de puestos de trabajo vinculados a actividades que contribuyen a preservar o restaurar el medio ambiente. La instalaci\u00f3n de sistemas solares, el mantenimiento de equipos fotovoltaicos y el asesoramiento en eficiencia energ\u00e9tica forman parte de este nuevo paradigma laboral. La provincia, al finalizar el curso y entregar certificados oficiales, fortalece su ecosistema de energ\u00edas renovables y posiciona a sus t\u00e9cnicos como protagonistas de la transici\u00f3n energ\u00e9tica.<\/p>\n\n\n\n<p>Este tipo de capacitaciones tambi\u00e9n fomenta el emprendedurismo. Muchos de los egresados pueden iniciar sus propios proyectos de instalaci\u00f3n solar, generando un impacto econ\u00f3mico directo en sus comunidades. La descentralizaci\u00f3n de la generaci\u00f3n el\u00e9ctrica, mediante sistemas solares domiciliarios o comerciales, promueve un modelo energ\u00e9tico m\u00e1s resiliente y sustentable.<\/p>\n\n\n\n<p><strong>Qu\u00e9 aprendieron los nuevos instaladores solares certificados<\/strong><\/p>\n\n\n\n<p>El programa de formaci\u00f3n incluy\u00f3 contenidos t\u00e9cnicos espec\u00edficos orientados a garantizar instalaciones seguras y eficientes. Entre los principales ejes abordados se destacan el funcionamiento de paneles solares fotovoltaicos, inversores, reguladores de carga, bater\u00edas para sistemas aislados y normativa el\u00e9ctrica nacional aplicable a energ\u00edas renovables. Tambi\u00e9n se trabaj\u00f3 en el c\u00e1lculo de potencia requerida, orientaci\u00f3n e inclinaci\u00f3n \u00f3ptima de paneles y evaluaci\u00f3n de sombras, aspectos fundamentales para maximizar el rendimiento energ\u00e9tico.<\/p>\n\n\n\n<p>La seguridad fue otro punto central del curso. La manipulaci\u00f3n de componentes el\u00e9ctricos exige protocolos estrictos para prevenir accidentes. Por eso, los participantes recibieron capacitaci\u00f3n en medidas de protecci\u00f3n personal, conexi\u00f3n a red bajo est\u00e1ndares t\u00e9cnicos y verificaci\u00f3n de instalaciones. La profesionalizaci\u00f3n del sector solar requiere no solo conocimientos t\u00e9cnicos, sino tambi\u00e9n responsabilidad y cumplimiento normativo.<\/p>\n\n\n\n<p>Asimismo, se abordaron conceptos de eficiencia energ\u00e9tica y sostenibilidad. Entender el impacto ambiental de la generaci\u00f3n el\u00e9ctrica tradicional y las ventajas de la energ\u00eda limpia permite a los t\u00e9cnicos brindar un asesoramiento integral a los usuarios. La formaci\u00f3n no se limit\u00f3 a la instalaci\u00f3n f\u00edsica, sino que incluy\u00f3 una mirada amplia sobre el rol de las energ\u00edas renovables en el desarrollo provincial.<\/p>\n\n\n\n<p><strong>Transici\u00f3n energ\u00e9tica en Argentina: el rol de las provincias<\/strong><\/p>\n\n\n\n<p>La transici\u00f3n energ\u00e9tica es uno de los desaf\u00edos m\u00e1s importantes del siglo XXI. Argentina avanza en el cumplimiento de compromisos ambientales internacionales y en la reducci\u00f3n de emisiones de gases de efecto invernadero. En este proceso, las provincias desempe\u00f1an un papel clave, ya que muchas pol\u00edticas energ\u00e9ticas se implementan a nivel local. R\u00edo Negro, al impulsar cursos de capacitaci\u00f3n en energ\u00eda solar, demuestra una estrategia alineada con los objetivos nacionales e internacionales de sostenibilidad.<\/p>\n\n\n\n<p>La generaci\u00f3n distribuida permite que usuarios residenciales y comerciales produzcan su propia electricidad a partir de fuentes renovables. Esto no solo reduce la demanda sobre el sistema el\u00e9ctrico tradicional, sino que tambi\u00e9n promueve la autonom\u00eda energ\u00e9tica. Para que este modelo funcione correctamente, es indispensable contar con t\u00e9cnicos calificados que aseguren instalaciones eficientes y seguras.<\/p>\n\n\n\n<p>El fortalecimiento del capital humano en energ\u00edas renovables posiciona a la provincia como un actor relevante dentro del mapa energ\u00e9tico argentino. La capacitaci\u00f3n t\u00e9cnica es una inversi\u00f3n a largo plazo que genera beneficios econ\u00f3micos, ambientales y sociales.<\/p>\n\n\n\n<p>I<strong>mpacto econ\u00f3mico y ambiental de la formaci\u00f3n en energ\u00eda solar<\/strong><\/p>\n\n\n\n<p>La finalizaci\u00f3n del curso de instaladores solares no es un hecho aislado, sino parte de una pol\u00edtica m\u00e1s amplia de promoci\u00f3n de energ\u00edas limpias. El impacto econ\u00f3mico se traduce en generaci\u00f3n de empleo, reducci\u00f3n de costos energ\u00e9ticos y desarrollo de nuevos emprendimientos. Desde el punto de vista ambiental, cada sistema solar instalado contribuye a disminuir la emisi\u00f3n de di\u00f3xido de carbono y otros contaminantes asociados a la generaci\u00f3n t\u00e9rmica.<\/p>\n\n\n\n<p>El ahorro energ\u00e9tico es otro factor relevante. Los sistemas solares permiten amortizar la inversi\u00f3n inicial en el mediano plazo, lo que los convierte en una opci\u00f3n cada vez m\u00e1s atractiva para familias y empresas. La disponibilidad de t\u00e9cnicos certificados garantiza que estas inversiones se realicen con calidad y profesionalismo.<\/p>\n\n\n\n<p>Adem\u00e1s, la capacitaci\u00f3n fortalece la confianza del usuario final. Saber que el instalador cuenta con formaci\u00f3n avalada genera mayor seguridad y transparencia en el proceso. Esto impacta directamente en el crecimiento del mercado solar.<\/p>\n\n\n\n<p><strong>Un futuro energ\u00e9tico m\u00e1s sostenible para R\u00edo Negro<\/strong><\/p>\n\n\n\n<p>La entrega de certificados marca el cierre de una etapa formativa y el inicio de una nueva etapa profesional para los egresados. La provincia avanza hacia un modelo energ\u00e9tico m\u00e1s sostenible, apoyado en la innovaci\u00f3n, la capacitaci\u00f3n y la responsabilidad ambiental. La energ\u00eda solar no solo representa una alternativa tecnol\u00f3gica, sino una oportunidad de transformaci\u00f3n productiva y social.<\/p>\n\n\n\n<p>El desaf\u00edo ahora es sostener y ampliar estas iniciativas. La continuidad de programas de formaci\u00f3n en energ\u00edas renovables permitir\u00e1 consolidar un sector en expansi\u00f3n y responder a la creciente demanda de soluciones energ\u00e9ticas limpias. R\u00edo Negro apuesta por el conocimiento como herramienta para impulsar el desarrollo sostenible.<\/p>\n\n\n\n<p>La transici\u00f3n energ\u00e9tica requiere compromiso colectivo. Gobiernos, empresas, instituciones educativas y ciudadanos deben trabajar en conjunto para construir un sistema energ\u00e9tico m\u00e1s eficiente y respetuoso con el ambiente. La formaci\u00f3n de instaladores solares certificados es un paso firme en esa direcci\u00f3n.<\/p>\n\n\n\n<p><\/p>\n","protected":false},"excerpt":{"rendered":"","protected":false},"author":2,"featured_media":100770,"comment_status":"open","ping_status":"open","sticky":false,"template":"","format":"standard","meta":{"site-sidebar-layout":"default","site-content-layout":"","ast-site-content-layout":"default","site-content-style":"default","site-sidebar-style":"default","ast-global-header-display":"","ast-banner-title-visibility":"","ast-main-header-display":"","ast-hfb-above-header-display":"","ast-hfb-below-header-display":"","ast-hfb-mobile-header-display":"","site-post-title":"","ast-breadcrumbs-content":"","ast-featured-img":"","footer-sml-layout":"","ast-disable-related-posts":"","theme-transparent-header-meta":"","adv-header-id-meta":"","stick-header-meta":"","header-above-stick-meta":"","header-main-stick-meta":"","header-below-stick-meta":"","astra-migrate-meta-layouts":"default","ast-page-background-enabled":"default","ast-page-background-meta":{"desktop":{"background-color":"var(--ast-global-color-5)","background-image":"","background-repeat":"repeat","background-position":"center center","background-size":"auto","background-attachment":"scroll","background-type":"","background-media":"","overlay-type":"","overlay-color":"","overlay-opacity":"","overlay-gradient":""},"tablet":{"background-color":"","background-image":"","background-repeat":"repeat","background-position":"center center","background-size":"auto","background-attachment":"scroll","background-type":"","background-media":"","overlay-type":"","overlay-color":"","overlay-opacity":"","overlay-gradient":""},"mobile":{"background-color":"","background-image":"","background-repeat":"repeat","background-position":"center center","background-size":"auto","background-attachment":"scroll","background-type":"","background-media":"","overlay-type":"","overlay-color":"","overlay-opacity":"","overlay-gradient":""}},"ast-content-background-meta":{"desktop":{"background-color":"var(--ast-global-color-4)","background-image":"","background-repeat":"repeat","background-position":"center center","background-size":"auto","background-attachment":"scroll","background-type":"","background-media":"","overlay-type":"","overlay-color":"","overlay-opacity":"","overlay-gradient":""},"tablet":{"background-color":"var(--ast-global-color-4)","background-image":"","background-repeat":"repeat","background-position":"center center","background-size":"auto","background-attachment":"scroll","background-type":"","background-media":"","overlay-type":"","overlay-color":"","overlay-opacity":"","overlay-gradient":""},"mobile":{"background-color":"var(--ast-global-color-4)","background-image":"","background-repeat":"repeat","background-position":"center center","background-size":"auto","background-attachment":"scroll","background-type":"","background-media":"","overlay-type":"","overlay-color":"","overlay-opacity":"","overlay-gradient":""}},"footnotes":""},"categories":[12,1],"tags":[],"class_list":["post-100768","post","type-post","status-publish","format-standard","has-post-thumbnail","hentry","category-agenda-ambiental","category-noticias"],"yoast_head":"<!-- This site is optimized with the Yoast SEO Premium plugin v23.0 (Yoast SEO v27.5) - https:\/\/yoast.com\/product\/yoast-seo-premium-wordpress\/ -->\n<title>Energ\u00eda Solar en R\u00edo Negro: Finaliz\u00f3 el Curso de Instaladores Solares y ya hay nuevos T\u00e9cnicos Certificados para Impulsar la Transici\u00f3n Energ\u00e9tica en 2026 La transici\u00f3n energ\u00e9tica en Argentina dej\u00f3 de ser una promesa para convertirse en una realidad concreta en las provincias que decidieron<\/title>\n<meta name=\"description\" content=\"La transici\u00f3n energ\u00e9tica en Argentina dej\u00f3 de ser una promesa para convertirse en una realidad concreta en las provincias que decidieron\" \/>\n<meta name=\"robots\" content=\"index, follow, max-snippet:-1, max-image-preview:large, max-video-preview:-1\" \/>\n<link rel=\"canonical\" href=\"https:\/\/patagoniambiental.com.ar\/info\/energia-solar-en-rio-negro-finalizo-el-curso-de-instaladores-solares-y-ya-hay-nuevos-tecnicos-certificados-para-impulsar-la-transicion-energetica-en-2026\/\" \/>\n<meta property=\"og:locale\" content=\"es_ES\" \/>\n<meta property=\"og:type\" content=\"article\" \/>\n<meta property=\"og:title\" content=\"Energ\u00eda Solar en R\u00edo Negro: Finaliz\u00f3 el Curso de Instaladores Solares y ya hay nuevos T\u00e9cnicos Certificados para Impulsar la Transici\u00f3n Energ\u00e9tica en 2026\" \/>\n<meta property=\"og:description\" content=\"La transici\u00f3n energ\u00e9tica en Argentina dej\u00f3 de ser una promesa para convertirse en una realidad concreta en las provincias que decidieron\" \/>\n<meta property=\"og:url\" content=\"https:\/\/patagoniambiental.com.ar\/info\/energia-solar-en-rio-negro-finalizo-el-curso-de-instaladores-solares-y-ya-hay-nuevos-tecnicos-certificados-para-impulsar-la-transicion-energetica-en-2026\/\" \/>\n<meta property=\"og:site_name\" content=\"Patagonia Ambiental\" \/>\n<meta property=\"article:publisher\" content=\"https:\/\/www.facebook.com\/patagonia.ambiental\" \/>\n<meta property=\"article:author\" content=\"https:\/\/www.facebook.com\/share\/1C1V8Gv9BX\/?mibextid=qi2Omg\" \/>\n<meta property=\"article:published_time\" content=\"2026-03-04T03:30:22+00:00\" \/>\n<meta property=\"article:modified_time\" content=\"2026-03-04T03:31:21+00:00\" \/>\n<meta property=\"og:image\" content=\"https:\/\/patagoniambiental.com.ar\/info\/wp-content\/uploads\/2026\/03\/1772551635_1d3439cf9767bb975003.jpeg\" \/>\n\t<meta property=\"og:image:width\" content=\"1080\" \/>\n\t<meta property=\"og:image:height\" content=\"608\" \/>\n\t<meta property=\"og:image:type\" content=\"image\/jpeg\" \/>\n<meta name=\"author\" content=\"Patagonia Ambiental\" \/>\n<meta name=\"twitter:card\" content=\"summary_large_image\" \/>\n<meta name=\"twitter:creator\" content=\"@PatAmb\" \/>\n<meta name=\"twitter:site\" content=\"@PatAmb\" \/>\n<script type=\"application\/ld+json\" class=\"yoast-schema-graph\">{\"@context\":\"https:\\\/\\\/schema.org\",\"@graph\":[{\"@type\":\"Article\",\"@id\":\"https:\\\/\\\/patagoniambiental.com.ar\\\/info\\\/energia-solar-en-rio-negro-finalizo-el-curso-de-instaladores-solares-y-ya-hay-nuevos-tecnicos-certificados-para-impulsar-la-transicion-energetica-en-2026\\\/#article\",\"isPartOf\":{\"@id\":\"https:\\\/\\\/patagoniambiental.com.ar\\\/info\\\/energia-solar-en-rio-negro-finalizo-el-curso-de-instaladores-solares-y-ya-hay-nuevos-tecnicos-certificados-para-impulsar-la-transicion-energetica-en-2026\\\/\"},\"author\":{\"name\":\"Patagonia Ambiental\",\"@id\":\"https:\\\/\\\/patagoniambiental.com.ar\\\/info\\\/#\\\/schema\\\/person\\\/db12bff64bbcbf6a253710bf0ea37b5d\"},\"headline\":\"Energ\u00eda Solar en R\u00edo Negro: Finaliz\u00f3 el Curso de Instaladores Solares y ya hay nuevos T\u00e9cnicos Certificados para Impulsar la Transici\u00f3n Energ\u00e9tica en 2026\",\"datePublished\":\"2026-03-04T03:30:22+00:00\",\"dateModified\":\"2026-03-04T03:31:21+00:00\",\"mainEntityOfPage\":{\"@id\":\"https:\\\/\\\/patagoniambiental.com.ar\\\/info\\\/energia-solar-en-rio-negro-finalizo-el-curso-de-instaladores-solares-y-ya-hay-nuevos-tecnicos-certificados-para-impulsar-la-transicion-energetica-en-2026\\\/\"},\"wordCount\":1558,\"commentCount\":0,\"publisher\":{\"@id\":\"https:\\\/\\\/patagoniambiental.com.ar\\\/info\\\/#organization\"},\"image\":{\"@id\":\"https:\\\/\\\/patagoniambiental.com.ar\\\/info\\\/energia-solar-en-rio-negro-finalizo-el-curso-de-instaladores-solares-y-ya-hay-nuevos-tecnicos-certificados-para-impulsar-la-transicion-energetica-en-2026\\\/#primaryimage\"},\"thumbnailUrl\":\"https:\\\/\\\/patagoniambiental.com.ar\\\/info\\\/wp-content\\\/uploads\\\/2026\\\/03\\\/1772551635_1d3439cf9767bb975003.jpeg\",\"articleSection\":[\"Agenda Ambiental\",\"Noticias\"],\"inLanguage\":\"es\",\"potentialAction\":[{\"@type\":\"CommentAction\",\"name\":\"Comment\",\"target\":[\"https:\\\/\\\/patagoniambiental.com.ar\\\/info\\\/energia-solar-en-rio-negro-finalizo-el-curso-de-instaladores-solares-y-ya-hay-nuevos-tecnicos-certificados-para-impulsar-la-transicion-energetica-en-2026\\\/#respond\"]}]},{\"@type\":\"WebPage\",\"@id\":\"https:\\\/\\\/patagoniambiental.com.ar\\\/info\\\/energia-solar-en-rio-negro-finalizo-el-curso-de-instaladores-solares-y-ya-hay-nuevos-tecnicos-certificados-para-impulsar-la-transicion-energetica-en-2026\\\/\",\"url\":\"https:\\\/\\\/patagoniambiental.com.ar\\\/info\\\/energia-solar-en-rio-negro-finalizo-el-curso-de-instaladores-solares-y-ya-hay-nuevos-tecnicos-certificados-para-impulsar-la-transicion-energetica-en-2026\\\/\",\"name\":\"Energ\u00eda Solar en R\u00edo Negro: Finaliz\u00f3 el Curso de Instaladores Solares y ya hay nuevos T\u00e9cnicos Certificados para Impulsar la Transici\u00f3n Energ\u00e9tica en 2026 La transici\u00f3n energ\u00e9tica en Argentina dej\u00f3 de ser una promesa para convertirse en una realidad concreta en las provincias que decidieron\",\"isPartOf\":{\"@id\":\"https:\\\/\\\/patagoniambiental.com.ar\\\/info\\\/#website\"},\"primaryImageOfPage\":{\"@id\":\"https:\\\/\\\/patagoniambiental.com.ar\\\/info\\\/energia-solar-en-rio-negro-finalizo-el-curso-de-instaladores-solares-y-ya-hay-nuevos-tecnicos-certificados-para-impulsar-la-transicion-energetica-en-2026\\\/#primaryimage\"},\"image\":{\"@id\":\"https:\\\/\\\/patagoniambiental.com.ar\\\/info\\\/energia-solar-en-rio-negro-finalizo-el-curso-de-instaladores-solares-y-ya-hay-nuevos-tecnicos-certificados-para-impulsar-la-transicion-energetica-en-2026\\\/#primaryimage\"},\"thumbnailUrl\":\"https:\\\/\\\/patagoniambiental.com.ar\\\/info\\\/wp-content\\\/uploads\\\/2026\\\/03\\\/1772551635_1d3439cf9767bb975003.jpeg\",\"datePublished\":\"2026-03-04T03:30:22+00:00\",\"dateModified\":\"2026-03-04T03:31:21+00:00\",\"description\":\"La transici\u00f3n energ\u00e9tica en Argentina dej\u00f3 de ser una promesa para convertirse en una realidad concreta en las provincias que decidieron\",\"breadcrumb\":{\"@id\":\"https:\\\/\\\/patagoniambiental.com.ar\\\/info\\\/energia-solar-en-rio-negro-finalizo-el-curso-de-instaladores-solares-y-ya-hay-nuevos-tecnicos-certificados-para-impulsar-la-transicion-energetica-en-2026\\\/#breadcrumb\"},\"inLanguage\":\"es\",\"potentialAction\":[{\"@type\":\"ReadAction\",\"target\":[\"https:\\\/\\\/patagoniambiental.com.ar\\\/info\\\/energia-solar-en-rio-negro-finalizo-el-curso-de-instaladores-solares-y-ya-hay-nuevos-tecnicos-certificados-para-impulsar-la-transicion-energetica-en-2026\\\/\"]}]},{\"@type\":\"ImageObject\",\"inLanguage\":\"es\",\"@id\":\"https:\\\/\\\/patagoniambiental.com.ar\\\/info\\\/energia-solar-en-rio-negro-finalizo-el-curso-de-instaladores-solares-y-ya-hay-nuevos-tecnicos-certificados-para-impulsar-la-transicion-energetica-en-2026\\\/#primaryimage\",\"url\":\"https:\\\/\\\/patagoniambiental.com.ar\\\/info\\\/wp-content\\\/uploads\\\/2026\\\/03\\\/1772551635_1d3439cf9767bb975003.jpeg\",\"contentUrl\":\"https:\\\/\\\/patagoniambiental.com.ar\\\/info\\\/wp-content\\\/uploads\\\/2026\\\/03\\\/1772551635_1d3439cf9767bb975003.jpeg\",\"width\":1080,\"height\":608,\"caption\":\"Cr\u00e9dito: Gobierno de Rio Negro\"},{\"@type\":\"BreadcrumbList\",\"@id\":\"https:\\\/\\\/patagoniambiental.com.ar\\\/info\\\/energia-solar-en-rio-negro-finalizo-el-curso-de-instaladores-solares-y-ya-hay-nuevos-tecnicos-certificados-para-impulsar-la-transicion-energetica-en-2026\\\/#breadcrumb\",\"itemListElement\":[{\"@type\":\"ListItem\",\"position\":1,\"name\":\"Inicio\",\"item\":\"https:\\\/\\\/patagoniambiental.com.ar\\\/info\\\/\"},{\"@type\":\"ListItem\",\"position\":2,\"name\":\"Energ\u00eda Solar en R\u00edo Negro: Finaliz\u00f3 el Curso de Instaladores Solares y ya hay nuevos T\u00e9cnicos Certificados para Impulsar la Transici\u00f3n Energ\u00e9tica en 2026\"}]},{\"@type\":\"WebSite\",\"@id\":\"https:\\\/\\\/patagoniambiental.com.ar\\\/info\\\/#website\",\"url\":\"https:\\\/\\\/patagoniambiental.com.ar\\\/info\\\/\",\"name\":\"Patagonia Ambiental\",\"description\":\"Monitoreo y an\u00e1lisis de la situaci\u00f3n geopol\u00edtica en el mundo y su implicancia en la Patagonia\",\"publisher\":{\"@id\":\"https:\\\/\\\/patagoniambiental.com.ar\\\/info\\\/#organization\"},\"potentialAction\":[{\"@type\":\"SearchAction\",\"target\":{\"@type\":\"EntryPoint\",\"urlTemplate\":\"https:\\\/\\\/patagoniambiental.com.ar\\\/info\\\/?s={search_term_string}\"},\"query-input\":{\"@type\":\"PropertyValueSpecification\",\"valueRequired\":true,\"valueName\":\"search_term_string\"}}],\"inLanguage\":\"es\"},{\"@type\":\"Organization\",\"@id\":\"https:\\\/\\\/patagoniambiental.com.ar\\\/info\\\/#organization\",\"name\":\"Patagonia Ambiental\",\"url\":\"https:\\\/\\\/patagoniambiental.com.ar\\\/info\\\/\",\"logo\":{\"@type\":\"ImageObject\",\"inLanguage\":\"es\",\"@id\":\"https:\\\/\\\/patagoniambiental.com.ar\\\/info\\\/#\\\/schema\\\/logo\\\/image\\\/\",\"url\":\"https:\\\/\\\/patagoniambiental.com.ar\\\/info\\\/wp-content\\\/uploads\\\/2025\\\/05\\\/LOGO-PATAGONIA-AMBIENTAL.png\",\"contentUrl\":\"https:\\\/\\\/patagoniambiental.com.ar\\\/info\\\/wp-content\\\/uploads\\\/2025\\\/05\\\/LOGO-PATAGONIA-AMBIENTAL.png\",\"width\":433,\"height\":250,\"caption\":\"Patagonia Ambiental\"},\"image\":{\"@id\":\"https:\\\/\\\/patagoniambiental.com.ar\\\/info\\\/#\\\/schema\\\/logo\\\/image\\\/\"},\"sameAs\":[\"https:\\\/\\\/www.facebook.com\\\/patagonia.ambiental\",\"https:\\\/\\\/x.com\\\/PatAmb\"]},{\"@type\":\"Person\",\"@id\":\"https:\\\/\\\/patagoniambiental.com.ar\\\/info\\\/#\\\/schema\\\/person\\\/db12bff64bbcbf6a253710bf0ea37b5d\",\"name\":\"Patagonia Ambiental\",\"description\":\"Andr\u00e9s Nievas T\u00e9cnico en manejo ambiental, consultor Ambiental y escritor para medios locales e internacionales sobre temas de geopolitica y medio ambiente.\",\"sameAs\":[\"http:\\\/\\\/www.patagoniambiental.com.ar\",\"https:\\\/\\\/www.facebook.com\\\/share\\\/1C1V8Gv9BX\\\/?mibextid=qi2Omg\",\"@patagoniambiental\",\"https:\\\/\\\/youtube.com\\\/@patagoniaambiental2023?si=BLt58t0wuXquxlYZ\"]}]}<\/script>\n<!-- \/ Yoast SEO Premium plugin. -->","yoast_head_json":{"title":"Energ\u00eda Solar en R\u00edo Negro: Finaliz\u00f3 el Curso de Instaladores Solares y ya hay nuevos T\u00e9cnicos Certificados para Impulsar la Transici\u00f3n Energ\u00e9tica en 2026 La transici\u00f3n energ\u00e9tica en Argentina dej\u00f3 de ser una promesa para convertirse en una realidad concreta en las provincias que decidieron","description":"La transici\u00f3n energ\u00e9tica en Argentina dej\u00f3 de ser una promesa para convertirse en una realidad concreta en las provincias que decidieron","robots":{"index":"index","follow":"follow","max-snippet":"max-snippet:-1","max-image-preview":"max-image-preview:large","max-video-preview":"max-video-preview:-1"},"canonical":"https:\/\/patagoniambiental.com.ar\/info\/energia-solar-en-rio-negro-finalizo-el-curso-de-instaladores-solares-y-ya-hay-nuevos-tecnicos-certificados-para-impulsar-la-transicion-energetica-en-2026\/","og_locale":"es_ES","og_type":"article","og_title":"Energ\u00eda Solar en R\u00edo Negro: Finaliz\u00f3 el Curso de Instaladores Solares y ya hay nuevos T\u00e9cnicos Certificados para Impulsar la Transici\u00f3n Energ\u00e9tica en 2026","og_description":"La transici\u00f3n energ\u00e9tica en Argentina dej\u00f3 de ser una promesa para convertirse en una realidad concreta en las provincias que decidieron","og_url":"https:\/\/patagoniambiental.com.ar\/info\/energia-solar-en-rio-negro-finalizo-el-curso-de-instaladores-solares-y-ya-hay-nuevos-tecnicos-certificados-para-impulsar-la-transicion-energetica-en-2026\/","og_site_name":"Patagonia Ambiental","article_publisher":"https:\/\/www.facebook.com\/patagonia.ambiental","article_author":"https:\/\/www.facebook.com\/share\/1C1V8Gv9BX\/?mibextid=qi2Omg","article_published_time":"2026-03-04T03:30:22+00:00","article_modified_time":"2026-03-04T03:31:21+00:00","og_image":[{"width":1080,"height":608,"url":"https:\/\/patagoniambiental.com.ar\/info\/wp-content\/uploads\/2026\/03\/1772551635_1d3439cf9767bb975003.jpeg","type":"image\/jpeg"}],"author":"Patagonia Ambiental","twitter_card":"summary_large_image","twitter_creator":"@PatAmb","twitter_site":"@PatAmb","schema":{"@context":"https:\/\/schema.org","@graph":[{"@type":"Article","@id":"https:\/\/patagoniambiental.com.ar\/info\/energia-solar-en-rio-negro-finalizo-el-curso-de-instaladores-solares-y-ya-hay-nuevos-tecnicos-certificados-para-impulsar-la-transicion-energetica-en-2026\/#article","isPartOf":{"@id":"https:\/\/patagoniambiental.com.ar\/info\/energia-solar-en-rio-negro-finalizo-el-curso-de-instaladores-solares-y-ya-hay-nuevos-tecnicos-certificados-para-impulsar-la-transicion-energetica-en-2026\/"},"author":{"name":"Patagonia Ambiental","@id":"https:\/\/patagoniambiental.com.ar\/info\/#\/schema\/person\/db12bff64bbcbf6a253710bf0ea37b5d"},"headline":"Energ\u00eda Solar en R\u00edo Negro: Finaliz\u00f3 el Curso de Instaladores Solares y ya hay nuevos T\u00e9cnicos Certificados para Impulsar la Transici\u00f3n Energ\u00e9tica en 2026","datePublished":"2026-03-04T03:30:22+00:00","dateModified":"2026-03-04T03:31:21+00:00","mainEntityOfPage":{"@id":"https:\/\/patagoniambiental.com.ar\/info\/energia-solar-en-rio-negro-finalizo-el-curso-de-instaladores-solares-y-ya-hay-nuevos-tecnicos-certificados-para-impulsar-la-transicion-energetica-en-2026\/"},"wordCount":1558,"commentCount":0,"publisher":{"@id":"https:\/\/patagoniambiental.com.ar\/info\/#organization"},"image":{"@id":"https:\/\/patagoniambiental.com.ar\/info\/energia-solar-en-rio-negro-finalizo-el-curso-de-instaladores-solares-y-ya-hay-nuevos-tecnicos-certificados-para-impulsar-la-transicion-energetica-en-2026\/#primaryimage"},"thumbnailUrl":"https:\/\/patagoniambiental.com.ar\/info\/wp-content\/uploads\/2026\/03\/1772551635_1d3439cf9767bb975003.jpeg","articleSection":["Agenda Ambiental","Noticias"],"inLanguage":"es","potentialAction":[{"@type":"CommentAction","name":"Comment","target":["https:\/\/patagoniambiental.com.ar\/info\/energia-solar-en-rio-negro-finalizo-el-curso-de-instaladores-solares-y-ya-hay-nuevos-tecnicos-certificados-para-impulsar-la-transicion-energetica-en-2026\/#respond"]}]},{"@type":"WebPage","@id":"https:\/\/patagoniambiental.com.ar\/info\/energia-solar-en-rio-negro-finalizo-el-curso-de-instaladores-solares-y-ya-hay-nuevos-tecnicos-certificados-para-impulsar-la-transicion-energetica-en-2026\/","url":"https:\/\/patagoniambiental.com.ar\/info\/energia-solar-en-rio-negro-finalizo-el-curso-de-instaladores-solares-y-ya-hay-nuevos-tecnicos-certificados-para-impulsar-la-transicion-energetica-en-2026\/","name":"Energ\u00eda Solar en R\u00edo Negro: Finaliz\u00f3 el Curso de Instaladores Solares y ya hay nuevos T\u00e9cnicos Certificados para Impulsar la Transici\u00f3n Energ\u00e9tica en 2026 La transici\u00f3n energ\u00e9tica en Argentina dej\u00f3 de ser una promesa para convertirse en una realidad concreta en las provincias que decidieron","isPartOf":{"@id":"https:\/\/patagoniambiental.com.ar\/info\/#website"},"primaryImageOfPage":{"@id":"https:\/\/patagoniambiental.com.ar\/info\/energia-solar-en-rio-negro-finalizo-el-curso-de-instaladores-solares-y-ya-hay-nuevos-tecnicos-certificados-para-impulsar-la-transicion-energetica-en-2026\/#primaryimage"},"image":{"@id":"https:\/\/patagoniambiental.com.ar\/info\/energia-solar-en-rio-negro-finalizo-el-curso-de-instaladores-solares-y-ya-hay-nuevos-tecnicos-certificados-para-impulsar-la-transicion-energetica-en-2026\/#primaryimage"},"thumbnailUrl":"https:\/\/patagoniambiental.com.ar\/info\/wp-content\/uploads\/2026\/03\/1772551635_1d3439cf9767bb975003.jpeg","datePublished":"2026-03-04T03:30:22+00:00","dateModified":"2026-03-04T03:31:21+00:00","description":"La transici\u00f3n energ\u00e9tica en Argentina dej\u00f3 de ser una promesa para convertirse en una realidad concreta en las provincias que decidieron","breadcrumb":{"@id":"https:\/\/patagoniambiental.com.ar\/info\/energia-solar-en-rio-negro-finalizo-el-curso-de-instaladores-solares-y-ya-hay-nuevos-tecnicos-certificados-para-impulsar-la-transicion-energetica-en-2026\/#breadcrumb"},"inLanguage":"es","potentialAction":[{"@type":"ReadAction","target":["https:\/\/patagoniambiental.com.ar\/info\/energia-solar-en-rio-negro-finalizo-el-curso-de-instaladores-solares-y-ya-hay-nuevos-tecnicos-certificados-para-impulsar-la-transicion-energetica-en-2026\/"]}]},{"@type":"ImageObject","inLanguage":"es","@id":"https:\/\/patagoniambiental.com.ar\/info\/energia-solar-en-rio-negro-finalizo-el-curso-de-instaladores-solares-y-ya-hay-nuevos-tecnicos-certificados-para-impulsar-la-transicion-energetica-en-2026\/#primaryimage","url":"https:\/\/patagoniambiental.com.ar\/info\/wp-content\/uploads\/2026\/03\/1772551635_1d3439cf9767bb975003.jpeg","contentUrl":"https:\/\/patagoniambiental.com.ar\/info\/wp-content\/uploads\/2026\/03\/1772551635_1d3439cf9767bb975003.jpeg","width":1080,"height":608,"caption":"Cr\u00e9dito: Gobierno de Rio Negro"},{"@type":"BreadcrumbList","@id":"https:\/\/patagoniambiental.com.ar\/info\/energia-solar-en-rio-negro-finalizo-el-curso-de-instaladores-solares-y-ya-hay-nuevos-tecnicos-certificados-para-impulsar-la-transicion-energetica-en-2026\/#breadcrumb","itemListElement":[{"@type":"ListItem","position":1,"name":"Inicio","item":"https:\/\/patagoniambiental.com.ar\/info\/"},{"@type":"ListItem","position":2,"name":"Energ\u00eda Solar en R\u00edo Negro: Finaliz\u00f3 el Curso de Instaladores Solares y ya hay nuevos T\u00e9cnicos Certificados para Impulsar la Transici\u00f3n Energ\u00e9tica en 2026"}]},{"@type":"WebSite","@id":"https:\/\/patagoniambiental.com.ar\/info\/#website","url":"https:\/\/patagoniambiental.com.ar\/info\/","name":"Patagonia Ambiental","description":"Monitoreo y an\u00e1lisis de la situaci\u00f3n geopol\u00edtica en el mundo y su implicancia en la Patagonia","publisher":{"@id":"https:\/\/patagoniambiental.com.ar\/info\/#organization"},"potentialAction":[{"@type":"SearchAction","target":{"@type":"EntryPoint","urlTemplate":"https:\/\/patagoniambiental.com.ar\/info\/?s={search_term_string}"},"query-input":{"@type":"PropertyValueSpecification","valueRequired":true,"valueName":"search_term_string"}}],"inLanguage":"es"},{"@type":"Organization","@id":"https:\/\/patagoniambiental.com.ar\/info\/#organization","name":"Patagonia Ambiental","url":"https:\/\/patagoniambiental.com.ar\/info\/","logo":{"@type":"ImageObject","inLanguage":"es","@id":"https:\/\/patagoniambiental.com.ar\/info\/#\/schema\/logo\/image\/","url":"https:\/\/patagoniambiental.com.ar\/info\/wp-content\/uploads\/2025\/05\/LOGO-PATAGONIA-AMBIENTAL.png","contentUrl":"https:\/\/patagoniambiental.com.ar\/info\/wp-content\/uploads\/2025\/05\/LOGO-PATAGONIA-AMBIENTAL.png","width":433,"height":250,"caption":"Patagonia Ambiental"},"image":{"@id":"https:\/\/patagoniambiental.com.ar\/info\/#\/schema\/logo\/image\/"},"sameAs":["https:\/\/www.facebook.com\/patagonia.ambiental","https:\/\/x.com\/PatAmb"]},{"@type":"Person","@id":"https:\/\/patagoniambiental.com.ar\/info\/#\/schema\/person\/db12bff64bbcbf6a253710bf0ea37b5d","name":"Patagonia Ambiental","description":"Andr\u00e9s Nievas T\u00e9cnico en manejo ambiental, consultor Ambiental y escritor para medios locales e internacionales sobre temas de geopolitica y medio ambiente.","sameAs":["http:\/\/www.patagoniambiental.com.ar","https:\/\/www.facebook.com\/share\/1C1V8Gv9BX\/?mibextid=qi2Omg","@patagoniambiental","https:\/\/youtube.com\/@patagoniaambiental2023?si=BLt58t0wuXquxlYZ"]}]}},"_links":{"self":[{"href":"https:\/\/patagoniambiental.com.ar\/info\/wp-json\/wp\/v2\/posts\/100768","targetHints":{"allow":["GET"]}}],"collection":[{"href":"https:\/\/patagoniambiental.com.ar\/info\/wp-json\/wp\/v2\/posts"}],"about":[{"href":"https:\/\/patagoniambiental.com.ar\/info\/wp-json\/wp\/v2\/types\/post"}],"author":[{"embeddable":true,"href":"https:\/\/patagoniambiental.com.ar\/info\/wp-json\/wp\/v2\/users\/2"}],"replies":[{"embeddable":true,"href":"https:\/\/patagoniambiental.com.ar\/info\/wp-json\/wp\/v2\/comments?post=100768"}],"version-history":[{"count":2,"href":"https:\/\/patagoniambiental.com.ar\/info\/wp-json\/wp\/v2\/posts\/100768\/revisions"}],"predecessor-version":[{"id":100773,"href":"https:\/\/patagoniambiental.com.ar\/info\/wp-json\/wp\/v2\/posts\/100768\/revisions\/100773"}],"wp:featuredmedia":[{"embeddable":true,"href":"https:\/\/patagoniambiental.com.ar\/info\/wp-json\/wp\/v2\/media\/100770"}],"wp:attachment":[{"href":"https:\/\/patagoniambiental.com.ar\/info\/wp-json\/wp\/v2\/media?parent=100768"}],"wp:term":[{"taxonomy":"category","embeddable":true,"href":"https:\/\/patagoniambiental.com.ar\/info\/wp-json\/wp\/v2\/categories?post=100768"},{"taxonomy":"post_tag","embeddable":true,"href":"https:\/\/patagoniambiental.com.ar\/info\/wp-json\/wp\/v2\/tags?post=100768"}],"curies":[{"name":"wp","href":"https:\/\/api.w.org\/{rel}","templated":true}]}}