{"id":100779,"date":"2026-03-07T07:00:00","date_gmt":"2026-03-07T10:00:00","guid":{"rendered":"https:\/\/patagoniambiental.com.ar\/info\/?p=100779"},"modified":"2026-03-09T09:05:16","modified_gmt":"2026-03-09T12:05:16","slug":"monarquia-brasilena-patagonia","status":"publish","type":"post","link":"https:\/\/patagoniambiental.com.ar\/info\/monarquia-brasilena-patagonia\/","title":{"rendered":"\u00bfVuelve la monarqu\u00eda en Brasil? La batalla del 7 de marzo de 1827 y el resurgir del movimiento mon\u00e1rquico que inquieta a la Patagonia"},"content":{"rendered":"\n<!--more-->\n\n\n\n<p>Patagones, Provincia de Buenos Aires, 7 de marzo de 2026. La batalla del 7 de marzo de 1827 en la Patagonia: un hecho hist\u00f3rico que vuelve al centro del debate<\/p>\n\n\n\n<p>Cada 7 de marzo, la comarca Viedma\u2013Patagones recuerda uno de los episodios m\u00e1s trascendentes de la historia militar argentina en el sur: la hist\u00f3rica batalla del 7 de marzo de 1827, librada en el Cerro de la Caballada y zonas cercanas a la desembocadura del r\u00edo Negro. A simple vista, se trata de una conmemoraci\u00f3n m\u00e1s dentro del calendario patri\u00f3tico. Sin embargo, cuando se observa el contexto geopol\u00edtico regional y el resurgir del movimiento mon\u00e1rquico en Brasil, aquella victoria adquiere una dimensi\u00f3n inesperada y contempor\u00e1nea. Lo que parec\u00eda una p\u00e1gina cerrada del pasado vuelve a generar interrogantes en pleno 2026, especialmente ante el crecimiento \u2014aunque minoritario\u2014 de sectores que promueven la restauraci\u00f3n de la monarqu\u00eda brasile\u00f1a. \u00bfPuede un episodio b\u00e9lico del siglo XIX tener implicancias simb\u00f3licas o pol\u00edticas en el siglo XXI? La pregunta no es descabellada cuando se analizan los actores hist\u00f3ricos involucrados y sus descendientes actuales.<\/p>\n\n\n\n<p>La batalla ocurri\u00f3 en el marco de la Guerra del Brasil (1825\u20131828), conflicto que enfrent\u00f3 a las Provincias Unidas del R\u00edo de la Plata con el Imperio del Brasil por la soberan\u00eda de la Banda Oriental, hoy Uruguay. En ese contexto, el 7 de marzo de 1827, fuerzas brasile\u00f1as intentaron neutralizar el estrat\u00e9gico puerto de Carmen de Patagones, el \u00fanico operativo para las Provincias Unidas tras el bloqueo del R\u00edo de la Plata. La expedici\u00f3n naval imperial, comandada por el capit\u00e1n de fragata James Shepherd, fue finalmente derrotada por milicias locales organizadas bajo el mando del coronel Mart\u00edn Lacarra. Aquella victoria no solo frustr\u00f3 el avance brasile\u00f1o, sino que consolid\u00f3 el esp\u00edritu defensivo de la regi\u00f3n patag\u00f3nica.<\/p>\n\n\n\n<p>\u00bf<strong>Qui\u00e9n reinaba en Brasil en 1827? Pedro I y el Imperio del Brasil<\/strong><\/p>\n\n\n\n<p>En el momento de la batalla, el Imperio del Brasil estaba gobernado por Pedro I de Brasil, fundador del Imperio tras la independencia de Portugal en 1822. El pa\u00eds funcionaba bajo un sistema mon\u00e1rquico constitucional encabezado por la Casa de Braganza, dinast\u00eda que se mantuvo en el poder hasta 1889. Tras la abdicaci\u00f3n de Pedro I, su hijo Pedro II de Brasil asumi\u00f3 el trono y gobern\u00f3 durante casi seis d\u00e9cadas, per\u00edodo que muchos historiadores brasile\u00f1os consideran de estabilidad institucional relativa.<\/p>\n\n\n\n<p>El Imperio del Brasil fue abolido mediante un golpe de Estado militar en 1889, que instaur\u00f3 la rep\u00fablica. Desde entonces, Brasil ha atravesado distintas etapas pol\u00edticas: la Rep\u00fablica Velha, el Estado Novo, la dictadura militar (1964\u20131985) y la actual etapa democr\u00e1tica. Sin embargo, el debate sobre la forma de gobierno no desapareci\u00f3 completamente. En 1993, Brasil realiz\u00f3 un plebiscito nacional para decidir entre rep\u00fablica o monarqu\u00eda parlamentaria. La opci\u00f3n republicana gan\u00f3 con amplia mayor\u00eda, pero el dato relevante es que la monarqu\u00eda obtuvo m\u00e1s de seis millones de votos, cifra que demuestra que la idea nunca se extingui\u00f3 del todo.<\/p>\n\n\n\n<p><strong>Movimiento mon\u00e1rquico en Brasil en 2026: \u00bfrealidad marginal o proyecto en crecimiento?<\/strong><\/p>\n\n\n\n<p>En los \u00faltimos a\u00f1os, y particularmente tras las crisis pol\u00edticas que atraves\u00f3 Brasil entre 2014 y 2023, distintos sectores conservadores han revitalizado el discurso mon\u00e1rquico como alternativa institucional. Uno de los referentes m\u00e1s visibles es Bertrand de Orleans y Braganza, descendiente directo de Pedro II y actual jefe de la Casa Imperial de Brasil dentro de la llamada rama de Vassouras. Bertrand ha defendido p\u00fablicamente la instauraci\u00f3n de una monarqu\u00eda parlamentaria como \u201cpoder moderador\u201d que garantice estabilidad y continuidad institucional.<\/p>\n\n\n\n<p>Aunque el movimiento mon\u00e1rquico en Brasil no cuenta con representaci\u00f3n parlamentaria significativa ni con apoyo mayoritario en encuestas recientes, s\u00ed mantiene presencia activa en redes sociales, encuentros acad\u00e9micos y asociaciones civiles. En ciudades como R\u00edo de Janeiro y S\u00e3o Paulo se han realizado congresos y jornadas de formaci\u00f3n mon\u00e1rquica que buscan instalar el debate desde una perspectiva hist\u00f3rica y constitucional. No se trata de una amenaza institucional inmediata, pero s\u00ed de un fen\u00f3meno pol\u00edtico-cultural que despierta inter\u00e9s y que, en determinados contextos de crisis, podr\u00eda ganar visibilidad.<\/p>\n\n\n\n<p><strong>La conexi\u00f3n hist\u00f3rica con la Patagonia y el simbolismo de las banderas en Carmen de Patagones<\/strong><\/p>\n\n\n\n<p>En la Catedral de Nuestra Se\u00f1ora del Carmen, en Carmen de Patagones, se conservan banderas imperiales brasile\u00f1as capturadas durante la batalla de 1827. Estas piezas no son meros objetos muse\u00edsticos: representan la derrota de una potencia regional en territorio patag\u00f3nico y simbolizan la defensa de la soberan\u00eda nacional en un momento cr\u00edtico. La existencia de descendientes de la Casa Imperial que hoy reivindican la figura de sus antepasados inevitablemente reaviva el inter\u00e9s hist\u00f3rico sobre aquellos enfrentamientos.<\/p>\n\n\n\n<p>Desde una perspectiva estrictamente jur\u00eddica y pol\u00edtica, no existe reclamo territorial alguno vinculado a aquel episodio. Sin embargo, el an\u00e1lisis geopol\u00edtico invita a reflexionar sobre c\u00f3mo los s\u00edmbolos hist\u00f3ricos pueden adquirir nuevas lecturas en contextos de cambios regionales. La Patagonia, por su ubicaci\u00f3n estrat\u00e9gica, recursos naturales y baja densidad poblacional, ha sido hist\u00f3ricamente objeto de teor\u00edas y especulaciones geopol\u00edticas. Por ello, mantener viva la memoria hist\u00f3rica no solo cumple una funci\u00f3n cultural, sino tambi\u00e9n identitaria.<\/p>\n\n\n\n<p>\u00bf<strong>Puede volver la monarqu\u00eda en Brasil? An\u00e1lisis pol\u00edtico y constitucional<\/strong><\/p>\n\n\n\n<p>La restauraci\u00f3n de la monarqu\u00eda en Brasil requerir\u00eda una reforma constitucional profunda y la convocatoria a un nuevo plebiscito nacional. La Constituci\u00f3n de 1988 establece el r\u00e9gimen republicano como forma de gobierno, por lo que cualquier modificaci\u00f3n demandar\u00eda amplios consensos legislativos y sociales. Actualmente, no existen se\u00f1ales concretas de que el Congreso brasile\u00f1o impulse un proceso de este tipo.<\/p>\n\n\n\n<p>No obstante, el debate sobre monarqu\u00eda vs. rep\u00fablica suele reaparecer en momentos de crisis pol\u00edtica o descr\u00e9dito institucional. Los defensores de la monarqu\u00eda argumentan que un jefe de Estado no partidario podr\u00eda actuar como \u00e1rbitro neutral en conflictos entre poderes. Sus detractores sostienen que la legitimidad democr\u00e1tica solo puede provenir del voto popular directo y que la monarqu\u00eda es una instituci\u00f3n anacr\u00f3nica en Am\u00e9rica Latina.<\/p>\n\n\n\n<p>En t\u00e9rminos comparativos, Europa ofrece ejemplos de monarqu\u00edas parlamentarias estables como Espa\u00f1a, Reino Unido, Suecia o Pa\u00edses Bajos. Sin embargo, trasladar ese modelo al contexto brasile\u00f1o implicar\u00eda desaf\u00edos culturales, jur\u00eddicos y pol\u00edticos considerables.<\/p>\n\n\n\n<p><strong>Geopol\u00edtica sudamericana y narrativas hist\u00f3ricas<\/strong><\/p>\n\n\n\n<p>El inter\u00e9s por la batalla de 1827 no se limita a la historiograf\u00eda local. En un escenario internacional donde resurgen debates sobre soberan\u00eda, recursos estrat\u00e9gicos y modelos de gobernanza, los episodios hist\u00f3ricos se reinterpretan bajo nuevas claves. La Patagonia argentina y chilena, por su riqueza en agua dulce, minerales cr\u00edticos y potencial energ\u00e9tico, ocupa un lugar relevante en los an\u00e1lisis geopol\u00edticos contempor\u00e1neos.<\/p>\n\n\n\n<p>Vincular directamente el movimiento mon\u00e1rquico brasile\u00f1o con eventuales proyectos geopol\u00edticos sobre la Patagonia carece de evidencia concreta. Sin embargo, desde el punto de vista comunicacional, este tipo de hip\u00f3tesis genera inter\u00e9s y debate p\u00fablico. En tiempos de hiperconectividad, las narrativas hist\u00f3ricas se entrelazan con discursos pol\u00edticos actuales, potenciando su alcance.<\/p>\n\n\n\n<p><strong>La importancia de preservar la memoria hist\u00f3rica en Viedma y Patagones<\/strong><\/p>\n\n\n\n<p>M\u00e1s all\u00e1 de las especulaciones, la batalla del 7 de marzo de 1827 constituye un hito identitario para la regi\u00f3n. La preservaci\u00f3n de las banderas imperiales, la organizaci\u00f3n de actos conmemorativos y la difusi\u00f3n acad\u00e9mica del episodio fortalecen la conciencia hist\u00f3rica local. En un mundo globalizado, donde las identidades regionales suelen diluirse, estos s\u00edmbolos cumplen una funci\u00f3n cohesionadora.<\/p>\n\n\n\n<p>La educaci\u00f3n hist\u00f3rica rigurosa y basada en fuentes verificables es clave para evitar interpretaciones sesgadas o teor\u00edas sin sustento. Analizar el pasado con esp\u00edritu cr\u00edtico permite comprender el presente sin caer en alarmismos infundados.<\/p>\n\n\n\n<p><strong>Conclusi\u00f3n: entre la historia y el debate contempor\u00e1neo<\/strong><\/p>\n\n\n\n<p>\u00bfEst\u00e1 realmente en riesgo la forma republicana en Brasil? A la fecha, no existen indicadores s\u00f3lidos que apunten a una restauraci\u00f3n mon\u00e1rquica inminente. El movimiento mon\u00e1rquico es real, pero minoritario. Sin embargo, su mera existencia reactiva el inter\u00e9s por episodios hist\u00f3ricos como la batalla del 7 de marzo de 1827 y obliga a reflexionar sobre la relaci\u00f3n entre memoria, pol\u00edtica e identidad.<\/p>\n\n\n\n<p>La historia no se repite de manera mec\u00e1nica, pero s\u00ed dialoga constantemente con el presente. Recordar la victoria en Carmen de Patagones no implica temer escenarios improbables, sino comprender que los procesos pol\u00edticos son din\u00e1micos y que las instituciones se sostienen en la legitimidad social. En definitiva, el pasado ilumina el presente, y el an\u00e1lisis informado es la mejor herramienta para interpretar los debates que atraviesan nuestra regi\u00f3n en 2026.<\/p>\n\n\n\n<p><\/p>\n","protected":false},"excerpt":{"rendered":"","protected":false},"author":2,"featured_media":100780,"comment_status":"open","ping_status":"open","sticky":false,"template":"","format":"standard","meta":{"site-sidebar-layout":"default","site-content-layout":"","ast-site-content-layout":"default","site-content-style":"default","site-sidebar-style":"default","ast-global-header-display":"","ast-banner-title-visibility":"","ast-main-header-display":"","ast-hfb-above-header-display":"","ast-hfb-below-header-display":"","ast-hfb-mobile-header-display":"","site-post-title":"","ast-breadcrumbs-content":"","ast-featured-img":"","footer-sml-layout":"","ast-disable-related-posts":"","theme-transparent-header-meta":"","adv-header-id-meta":"","stick-header-meta":"","header-above-stick-meta":"","header-main-stick-meta":"","header-below-stick-meta":"","astra-migrate-meta-layouts":"default","ast-page-background-enabled":"default","ast-page-background-meta":{"desktop":{"background-color":"var(--ast-global-color-5)","background-image":"","background-repeat":"repeat","background-position":"center center","background-size":"auto","background-attachment":"scroll","background-type":"","background-media":"","overlay-type":"","overlay-color":"","overlay-opacity":"","overlay-gradient":""},"tablet":{"background-color":"","background-image":"","background-repeat":"repeat","background-position":"center center","background-size":"auto","background-attachment":"scroll","background-type":"","background-media":"","overlay-type":"","overlay-color":"","overlay-opacity":"","overlay-gradient":""},"mobile":{"background-color":"","background-image":"","background-repeat":"repeat","background-position":"center center","background-size":"auto","background-attachment":"scroll","background-type":"","background-media":"","overlay-type":"","overlay-color":"","overlay-opacity":"","overlay-gradient":""}},"ast-content-background-meta":{"desktop":{"background-color":"var(--ast-global-color-4)","background-image":"","background-repeat":"repeat","background-position":"center center","background-size":"auto","background-attachment":"scroll","background-type":"","background-media":"","overlay-type":"","overlay-color":"","overlay-opacity":"","overlay-gradient":""},"tablet":{"background-color":"var(--ast-global-color-4)","background-image":"","background-repeat":"repeat","background-position":"center center","background-size":"auto","background-attachment":"scroll","background-type":"","background-media":"","overlay-type":"","overlay-color":"","overlay-opacity":"","overlay-gradient":""},"mobile":{"background-color":"var(--ast-global-color-4)","background-image":"","background-repeat":"repeat","background-position":"center center","background-size":"auto","background-attachment":"scroll","background-type":"","background-media":"","overlay-type":"","overlay-color":"","overlay-opacity":"","overlay-gradient":""}},"footnotes":""},"categories":[15,3513,1],"tags":[],"class_list":["post-100779","post","type-post","status-publish","format-standard","has-post-thumbnail","hentry","category-editorial","category-geopolitica","category-noticias"],"yoast_head":"<!-- This site is optimized with the Yoast SEO Premium plugin v23.0 (Yoast SEO v27.4) - https:\/\/yoast.com\/product\/yoast-seo-premium-wordpress\/ -->\n<title>\u00bfVuelve la monarqu\u00eda en Brasil? La batalla del 7 de marzo de 1827 y el resurgir del movimiento mon\u00e1rquico que inquieta a la Patagonia Cada 7 de marzo, la comarca Viedma\u2013Patagones recuerda uno de los episodios m\u00e1s trascendentes de la historia militar argentina en el su<\/title>\n<meta name=\"description\" content=\"Cada 7 de marzo, la comarca Viedma\u2013Patagones recuerda uno de los episodios m\u00e1s trascendentes de la historia militar argentina en el sur\" \/>\n<meta name=\"robots\" content=\"index, follow, max-snippet:-1, max-image-preview:large, max-video-preview:-1\" \/>\n<link rel=\"canonical\" href=\"https:\/\/patagoniambiental.com.ar\/info\/monarquia-brasilena-patagonia\/\" \/>\n<meta property=\"og:locale\" content=\"es_ES\" \/>\n<meta property=\"og:type\" content=\"article\" \/>\n<meta property=\"og:title\" content=\"\u00bfVuelve la monarqu\u00eda en Brasil? La batalla del 7 de marzo de 1827 y el resurgir del movimiento mon\u00e1rquico que inquieta a la Patagonia\" \/>\n<meta property=\"og:description\" content=\"Cada 7 de marzo, la comarca Viedma\u2013Patagones recuerda uno de los episodios m\u00e1s trascendentes de la historia militar argentina en el sur\" \/>\n<meta property=\"og:url\" content=\"https:\/\/patagoniambiental.com.ar\/info\/monarquia-brasilena-patagonia\/\" \/>\n<meta property=\"og:site_name\" content=\"Patagonia Ambiental\" \/>\n<meta property=\"article:publisher\" content=\"https:\/\/www.facebook.com\/patagonia.ambiental\" \/>\n<meta property=\"article:author\" content=\"https:\/\/www.facebook.com\/share\/1C1V8Gv9BX\/?mibextid=qi2Omg\" \/>\n<meta property=\"article:published_time\" content=\"2026-03-07T10:00:00+00:00\" \/>\n<meta property=\"article:modified_time\" content=\"2026-03-09T12:05:16+00:00\" \/>\n<meta property=\"og:image\" content=\"https:\/\/patagoniambiental.com.ar\/info\/wp-content\/uploads\/2026\/03\/unnamed-58.jpg\" \/>\n\t<meta property=\"og:image:width\" content=\"1024\" \/>\n\t<meta property=\"og:image:height\" content=\"765\" \/>\n\t<meta property=\"og:image:type\" content=\"image\/jpeg\" \/>\n<meta name=\"author\" content=\"Patagonia Ambiental\" \/>\n<meta name=\"twitter:card\" content=\"summary_large_image\" \/>\n<meta name=\"twitter:creator\" content=\"@PatAmb\" \/>\n<meta name=\"twitter:site\" content=\"@PatAmb\" \/>\n<script type=\"application\/ld+json\" class=\"yoast-schema-graph\">{\"@context\":\"https:\\\/\\\/schema.org\",\"@graph\":[{\"@type\":\"Article\",\"@id\":\"https:\\\/\\\/patagoniambiental.com.ar\\\/info\\\/monarquia-brasilena-patagonia\\\/#article\",\"isPartOf\":{\"@id\":\"https:\\\/\\\/patagoniambiental.com.ar\\\/info\\\/monarquia-brasilena-patagonia\\\/\"},\"author\":{\"name\":\"Patagonia Ambiental\",\"@id\":\"https:\\\/\\\/patagoniambiental.com.ar\\\/info\\\/#\\\/schema\\\/person\\\/db12bff64bbcbf6a253710bf0ea37b5d\"},\"headline\":\"\u00bfVuelve la monarqu\u00eda en Brasil? La batalla del 7 de marzo de 1827 y el resurgir del movimiento mon\u00e1rquico que inquieta a la Patagonia\",\"datePublished\":\"2026-03-07T10:00:00+00:00\",\"dateModified\":\"2026-03-09T12:05:16+00:00\",\"mainEntityOfPage\":{\"@id\":\"https:\\\/\\\/patagoniambiental.com.ar\\\/info\\\/monarquia-brasilena-patagonia\\\/\"},\"wordCount\":1536,\"commentCount\":0,\"publisher\":{\"@id\":\"https:\\\/\\\/patagoniambiental.com.ar\\\/info\\\/#organization\"},\"image\":{\"@id\":\"https:\\\/\\\/patagoniambiental.com.ar\\\/info\\\/monarquia-brasilena-patagonia\\\/#primaryimage\"},\"thumbnailUrl\":\"https:\\\/\\\/patagoniambiental.com.ar\\\/info\\\/wp-content\\\/uploads\\\/2026\\\/03\\\/unnamed-58.jpg\",\"articleSection\":[\"Editorial\",\"Geopol\u00edtica\",\"Noticias\"],\"inLanguage\":\"es\",\"potentialAction\":[{\"@type\":\"CommentAction\",\"name\":\"Comment\",\"target\":[\"https:\\\/\\\/patagoniambiental.com.ar\\\/info\\\/monarquia-brasilena-patagonia\\\/#respond\"]}]},{\"@type\":\"WebPage\",\"@id\":\"https:\\\/\\\/patagoniambiental.com.ar\\\/info\\\/monarquia-brasilena-patagonia\\\/\",\"url\":\"https:\\\/\\\/patagoniambiental.com.ar\\\/info\\\/monarquia-brasilena-patagonia\\\/\",\"name\":\"\u00bfVuelve la monarqu\u00eda en Brasil? La batalla del 7 de marzo de 1827 y el resurgir del movimiento mon\u00e1rquico que inquieta a la Patagonia Cada 7 de marzo, la comarca Viedma\u2013Patagones recuerda uno de los episodios m\u00e1s trascendentes de la historia militar argentina en el su\",\"isPartOf\":{\"@id\":\"https:\\\/\\\/patagoniambiental.com.ar\\\/info\\\/#website\"},\"primaryImageOfPage\":{\"@id\":\"https:\\\/\\\/patagoniambiental.com.ar\\\/info\\\/monarquia-brasilena-patagonia\\\/#primaryimage\"},\"image\":{\"@id\":\"https:\\\/\\\/patagoniambiental.com.ar\\\/info\\\/monarquia-brasilena-patagonia\\\/#primaryimage\"},\"thumbnailUrl\":\"https:\\\/\\\/patagoniambiental.com.ar\\\/info\\\/wp-content\\\/uploads\\\/2026\\\/03\\\/unnamed-58.jpg\",\"datePublished\":\"2026-03-07T10:00:00+00:00\",\"dateModified\":\"2026-03-09T12:05:16+00:00\",\"description\":\"Cada 7 de marzo, la comarca Viedma\u2013Patagones recuerda uno de los episodios m\u00e1s trascendentes de la historia militar argentina en el sur\",\"breadcrumb\":{\"@id\":\"https:\\\/\\\/patagoniambiental.com.ar\\\/info\\\/monarquia-brasilena-patagonia\\\/#breadcrumb\"},\"inLanguage\":\"es\",\"potentialAction\":[{\"@type\":\"ReadAction\",\"target\":[\"https:\\\/\\\/patagoniambiental.com.ar\\\/info\\\/monarquia-brasilena-patagonia\\\/\"]}]},{\"@type\":\"ImageObject\",\"inLanguage\":\"es\",\"@id\":\"https:\\\/\\\/patagoniambiental.com.ar\\\/info\\\/monarquia-brasilena-patagonia\\\/#primaryimage\",\"url\":\"https:\\\/\\\/patagoniambiental.com.ar\\\/info\\\/wp-content\\\/uploads\\\/2026\\\/03\\\/unnamed-58.jpg\",\"contentUrl\":\"https:\\\/\\\/patagoniambiental.com.ar\\\/info\\\/wp-content\\\/uploads\\\/2026\\\/03\\\/unnamed-58.jpg\",\"width\":1024,\"height\":765,\"caption\":\"imagen hecha con IA\"},{\"@type\":\"BreadcrumbList\",\"@id\":\"https:\\\/\\\/patagoniambiental.com.ar\\\/info\\\/monarquia-brasilena-patagonia\\\/#breadcrumb\",\"itemListElement\":[{\"@type\":\"ListItem\",\"position\":1,\"name\":\"Inicio\",\"item\":\"https:\\\/\\\/patagoniambiental.com.ar\\\/info\\\/\"},{\"@type\":\"ListItem\",\"position\":2,\"name\":\"\u00bfVuelve la monarqu\u00eda en Brasil? La batalla del 7 de marzo de 1827 y el resurgir del movimiento mon\u00e1rquico que inquieta a la Patagonia\"}]},{\"@type\":\"WebSite\",\"@id\":\"https:\\\/\\\/patagoniambiental.com.ar\\\/info\\\/#website\",\"url\":\"https:\\\/\\\/patagoniambiental.com.ar\\\/info\\\/\",\"name\":\"Patagonia Ambiental\",\"description\":\"Monitoreo y an\u00e1lisis de la situaci\u00f3n geopol\u00edtica en el mundo y su implicancia en la Patagonia\",\"publisher\":{\"@id\":\"https:\\\/\\\/patagoniambiental.com.ar\\\/info\\\/#organization\"},\"potentialAction\":[{\"@type\":\"SearchAction\",\"target\":{\"@type\":\"EntryPoint\",\"urlTemplate\":\"https:\\\/\\\/patagoniambiental.com.ar\\\/info\\\/?s={search_term_string}\"},\"query-input\":{\"@type\":\"PropertyValueSpecification\",\"valueRequired\":true,\"valueName\":\"search_term_string\"}}],\"inLanguage\":\"es\"},{\"@type\":\"Organization\",\"@id\":\"https:\\\/\\\/patagoniambiental.com.ar\\\/info\\\/#organization\",\"name\":\"Patagonia Ambiental\",\"url\":\"https:\\\/\\\/patagoniambiental.com.ar\\\/info\\\/\",\"logo\":{\"@type\":\"ImageObject\",\"inLanguage\":\"es\",\"@id\":\"https:\\\/\\\/patagoniambiental.com.ar\\\/info\\\/#\\\/schema\\\/logo\\\/image\\\/\",\"url\":\"https:\\\/\\\/patagoniambiental.com.ar\\\/info\\\/wp-content\\\/uploads\\\/2025\\\/05\\\/LOGO-PATAGONIA-AMBIENTAL.png\",\"contentUrl\":\"https:\\\/\\\/patagoniambiental.com.ar\\\/info\\\/wp-content\\\/uploads\\\/2025\\\/05\\\/LOGO-PATAGONIA-AMBIENTAL.png\",\"width\":433,\"height\":250,\"caption\":\"Patagonia Ambiental\"},\"image\":{\"@id\":\"https:\\\/\\\/patagoniambiental.com.ar\\\/info\\\/#\\\/schema\\\/logo\\\/image\\\/\"},\"sameAs\":[\"https:\\\/\\\/www.facebook.com\\\/patagonia.ambiental\",\"https:\\\/\\\/x.com\\\/PatAmb\"]},{\"@type\":\"Person\",\"@id\":\"https:\\\/\\\/patagoniambiental.com.ar\\\/info\\\/#\\\/schema\\\/person\\\/db12bff64bbcbf6a253710bf0ea37b5d\",\"name\":\"Patagonia Ambiental\",\"description\":\"Andr\u00e9s Nievas T\u00e9cnico en manejo ambiental, consultor Ambiental y escritor para medios locales e internacionales sobre temas de geopolitica y medio ambiente.\",\"sameAs\":[\"http:\\\/\\\/www.patagoniambiental.com.ar\",\"https:\\\/\\\/www.facebook.com\\\/share\\\/1C1V8Gv9BX\\\/?mibextid=qi2Omg\",\"@patagoniambiental\",\"https:\\\/\\\/youtube.com\\\/@patagoniaambiental2023?si=BLt58t0wuXquxlYZ\"]}]}<\/script>\n<!-- \/ Yoast SEO Premium plugin. -->","yoast_head_json":{"title":"\u00bfVuelve la monarqu\u00eda en Brasil? La batalla del 7 de marzo de 1827 y el resurgir del movimiento mon\u00e1rquico que inquieta a la Patagonia Cada 7 de marzo, la comarca Viedma\u2013Patagones recuerda uno de los episodios m\u00e1s trascendentes de la historia militar argentina en el su","description":"Cada 7 de marzo, la comarca Viedma\u2013Patagones recuerda uno de los episodios m\u00e1s trascendentes de la historia militar argentina en el sur","robots":{"index":"index","follow":"follow","max-snippet":"max-snippet:-1","max-image-preview":"max-image-preview:large","max-video-preview":"max-video-preview:-1"},"canonical":"https:\/\/patagoniambiental.com.ar\/info\/monarquia-brasilena-patagonia\/","og_locale":"es_ES","og_type":"article","og_title":"\u00bfVuelve la monarqu\u00eda en Brasil? La batalla del 7 de marzo de 1827 y el resurgir del movimiento mon\u00e1rquico que inquieta a la Patagonia","og_description":"Cada 7 de marzo, la comarca Viedma\u2013Patagones recuerda uno de los episodios m\u00e1s trascendentes de la historia militar argentina en el sur","og_url":"https:\/\/patagoniambiental.com.ar\/info\/monarquia-brasilena-patagonia\/","og_site_name":"Patagonia Ambiental","article_publisher":"https:\/\/www.facebook.com\/patagonia.ambiental","article_author":"https:\/\/www.facebook.com\/share\/1C1V8Gv9BX\/?mibextid=qi2Omg","article_published_time":"2026-03-07T10:00:00+00:00","article_modified_time":"2026-03-09T12:05:16+00:00","og_image":[{"width":1024,"height":765,"url":"https:\/\/patagoniambiental.com.ar\/info\/wp-content\/uploads\/2026\/03\/unnamed-58.jpg","type":"image\/jpeg"}],"author":"Patagonia Ambiental","twitter_card":"summary_large_image","twitter_creator":"@PatAmb","twitter_site":"@PatAmb","schema":{"@context":"https:\/\/schema.org","@graph":[{"@type":"Article","@id":"https:\/\/patagoniambiental.com.ar\/info\/monarquia-brasilena-patagonia\/#article","isPartOf":{"@id":"https:\/\/patagoniambiental.com.ar\/info\/monarquia-brasilena-patagonia\/"},"author":{"name":"Patagonia Ambiental","@id":"https:\/\/patagoniambiental.com.ar\/info\/#\/schema\/person\/db12bff64bbcbf6a253710bf0ea37b5d"},"headline":"\u00bfVuelve la monarqu\u00eda en Brasil? La batalla del 7 de marzo de 1827 y el resurgir del movimiento mon\u00e1rquico que inquieta a la Patagonia","datePublished":"2026-03-07T10:00:00+00:00","dateModified":"2026-03-09T12:05:16+00:00","mainEntityOfPage":{"@id":"https:\/\/patagoniambiental.com.ar\/info\/monarquia-brasilena-patagonia\/"},"wordCount":1536,"commentCount":0,"publisher":{"@id":"https:\/\/patagoniambiental.com.ar\/info\/#organization"},"image":{"@id":"https:\/\/patagoniambiental.com.ar\/info\/monarquia-brasilena-patagonia\/#primaryimage"},"thumbnailUrl":"https:\/\/patagoniambiental.com.ar\/info\/wp-content\/uploads\/2026\/03\/unnamed-58.jpg","articleSection":["Editorial","Geopol\u00edtica","Noticias"],"inLanguage":"es","potentialAction":[{"@type":"CommentAction","name":"Comment","target":["https:\/\/patagoniambiental.com.ar\/info\/monarquia-brasilena-patagonia\/#respond"]}]},{"@type":"WebPage","@id":"https:\/\/patagoniambiental.com.ar\/info\/monarquia-brasilena-patagonia\/","url":"https:\/\/patagoniambiental.com.ar\/info\/monarquia-brasilena-patagonia\/","name":"\u00bfVuelve la monarqu\u00eda en Brasil? La batalla del 7 de marzo de 1827 y el resurgir del movimiento mon\u00e1rquico que inquieta a la Patagonia Cada 7 de marzo, la comarca Viedma\u2013Patagones recuerda uno de los episodios m\u00e1s trascendentes de la historia militar argentina en el su","isPartOf":{"@id":"https:\/\/patagoniambiental.com.ar\/info\/#website"},"primaryImageOfPage":{"@id":"https:\/\/patagoniambiental.com.ar\/info\/monarquia-brasilena-patagonia\/#primaryimage"},"image":{"@id":"https:\/\/patagoniambiental.com.ar\/info\/monarquia-brasilena-patagonia\/#primaryimage"},"thumbnailUrl":"https:\/\/patagoniambiental.com.ar\/info\/wp-content\/uploads\/2026\/03\/unnamed-58.jpg","datePublished":"2026-03-07T10:00:00+00:00","dateModified":"2026-03-09T12:05:16+00:00","description":"Cada 7 de marzo, la comarca Viedma\u2013Patagones recuerda uno de los episodios m\u00e1s trascendentes de la historia militar argentina en el sur","breadcrumb":{"@id":"https:\/\/patagoniambiental.com.ar\/info\/monarquia-brasilena-patagonia\/#breadcrumb"},"inLanguage":"es","potentialAction":[{"@type":"ReadAction","target":["https:\/\/patagoniambiental.com.ar\/info\/monarquia-brasilena-patagonia\/"]}]},{"@type":"ImageObject","inLanguage":"es","@id":"https:\/\/patagoniambiental.com.ar\/info\/monarquia-brasilena-patagonia\/#primaryimage","url":"https:\/\/patagoniambiental.com.ar\/info\/wp-content\/uploads\/2026\/03\/unnamed-58.jpg","contentUrl":"https:\/\/patagoniambiental.com.ar\/info\/wp-content\/uploads\/2026\/03\/unnamed-58.jpg","width":1024,"height":765,"caption":"imagen hecha con IA"},{"@type":"BreadcrumbList","@id":"https:\/\/patagoniambiental.com.ar\/info\/monarquia-brasilena-patagonia\/#breadcrumb","itemListElement":[{"@type":"ListItem","position":1,"name":"Inicio","item":"https:\/\/patagoniambiental.com.ar\/info\/"},{"@type":"ListItem","position":2,"name":"\u00bfVuelve la monarqu\u00eda en Brasil? La batalla del 7 de marzo de 1827 y el resurgir del movimiento mon\u00e1rquico que inquieta a la Patagonia"}]},{"@type":"WebSite","@id":"https:\/\/patagoniambiental.com.ar\/info\/#website","url":"https:\/\/patagoniambiental.com.ar\/info\/","name":"Patagonia Ambiental","description":"Monitoreo y an\u00e1lisis de la situaci\u00f3n geopol\u00edtica en el mundo y su implicancia en la Patagonia","publisher":{"@id":"https:\/\/patagoniambiental.com.ar\/info\/#organization"},"potentialAction":[{"@type":"SearchAction","target":{"@type":"EntryPoint","urlTemplate":"https:\/\/patagoniambiental.com.ar\/info\/?s={search_term_string}"},"query-input":{"@type":"PropertyValueSpecification","valueRequired":true,"valueName":"search_term_string"}}],"inLanguage":"es"},{"@type":"Organization","@id":"https:\/\/patagoniambiental.com.ar\/info\/#organization","name":"Patagonia Ambiental","url":"https:\/\/patagoniambiental.com.ar\/info\/","logo":{"@type":"ImageObject","inLanguage":"es","@id":"https:\/\/patagoniambiental.com.ar\/info\/#\/schema\/logo\/image\/","url":"https:\/\/patagoniambiental.com.ar\/info\/wp-content\/uploads\/2025\/05\/LOGO-PATAGONIA-AMBIENTAL.png","contentUrl":"https:\/\/patagoniambiental.com.ar\/info\/wp-content\/uploads\/2025\/05\/LOGO-PATAGONIA-AMBIENTAL.png","width":433,"height":250,"caption":"Patagonia Ambiental"},"image":{"@id":"https:\/\/patagoniambiental.com.ar\/info\/#\/schema\/logo\/image\/"},"sameAs":["https:\/\/www.facebook.com\/patagonia.ambiental","https:\/\/x.com\/PatAmb"]},{"@type":"Person","@id":"https:\/\/patagoniambiental.com.ar\/info\/#\/schema\/person\/db12bff64bbcbf6a253710bf0ea37b5d","name":"Patagonia Ambiental","description":"Andr\u00e9s Nievas T\u00e9cnico en manejo ambiental, consultor Ambiental y escritor para medios locales e internacionales sobre temas de geopolitica y medio ambiente.","sameAs":["http:\/\/www.patagoniambiental.com.ar","https:\/\/www.facebook.com\/share\/1C1V8Gv9BX\/?mibextid=qi2Omg","@patagoniambiental","https:\/\/youtube.com\/@patagoniaambiental2023?si=BLt58t0wuXquxlYZ"]}]}},"_links":{"self":[{"href":"https:\/\/patagoniambiental.com.ar\/info\/wp-json\/wp\/v2\/posts\/100779","targetHints":{"allow":["GET"]}}],"collection":[{"href":"https:\/\/patagoniambiental.com.ar\/info\/wp-json\/wp\/v2\/posts"}],"about":[{"href":"https:\/\/patagoniambiental.com.ar\/info\/wp-json\/wp\/v2\/types\/post"}],"author":[{"embeddable":true,"href":"https:\/\/patagoniambiental.com.ar\/info\/wp-json\/wp\/v2\/users\/2"}],"replies":[{"embeddable":true,"href":"https:\/\/patagoniambiental.com.ar\/info\/wp-json\/wp\/v2\/comments?post=100779"}],"version-history":[{"count":2,"href":"https:\/\/patagoniambiental.com.ar\/info\/wp-json\/wp\/v2\/posts\/100779\/revisions"}],"predecessor-version":[{"id":100783,"href":"https:\/\/patagoniambiental.com.ar\/info\/wp-json\/wp\/v2\/posts\/100779\/revisions\/100783"}],"wp:featuredmedia":[{"embeddable":true,"href":"https:\/\/patagoniambiental.com.ar\/info\/wp-json\/wp\/v2\/media\/100780"}],"wp:attachment":[{"href":"https:\/\/patagoniambiental.com.ar\/info\/wp-json\/wp\/v2\/media?parent=100779"}],"wp:term":[{"taxonomy":"category","embeddable":true,"href":"https:\/\/patagoniambiental.com.ar\/info\/wp-json\/wp\/v2\/categories?post=100779"},{"taxonomy":"post_tag","embeddable":true,"href":"https:\/\/patagoniambiental.com.ar\/info\/wp-json\/wp\/v2\/tags?post=100779"}],"curies":[{"name":"wp","href":"https:\/\/api.w.org\/{rel}","templated":true}]}}