{"id":100807,"date":"2026-03-05T11:12:12","date_gmt":"2026-03-05T14:12:12","guid":{"rendered":"https:\/\/patagoniambiental.com.ar\/info\/?p=100807"},"modified":"2026-03-05T11:12:15","modified_gmt":"2026-03-05T14:12:15","slug":"etiquetado-energetico-rio-negro","status":"publish","type":"post","link":"https:\/\/patagoniambiental.com.ar\/info\/etiquetado-energetico-rio-negro\/","title":{"rendered":"R\u00edo Negro endurece los controles energ\u00e9ticos en viviendas: qu\u00e9 significa la nueva auditor\u00eda que podr\u00eda cambiar el valor de tu casa"},"content":{"rendered":"\n<!--more-->\n\n\n\n<p><strong>La provincia acelera el etiquetado energ\u00e9tico de viviendas y promete beneficios impositivos para propietarios<\/strong><\/p>\n\n\n\n<p>Viedma, Rio Negro, 5 de marzo de 2026. En un movimiento que puede transformar la forma en que se compran, venden y habitan las propiedades en la Patagonia, el Gobierno de R\u00edo Negro anunci\u00f3 un refuerzo en el sistema de <strong>auditor\u00edas para las etiquetas de eficiencia energ\u00e9tica de viviendas<\/strong>. La iniciativa busca validar t\u00e9cnicamente los certificados ya emitidos y avanzar hacia la <strong>etiqueta energ\u00e9tica definitiva<\/strong>, un documento que podr\u00eda impactar directamente en el consumo de energ\u00eda, el valor inmobiliario y hasta en beneficios fiscales para los propietarios.<\/p>\n\n\n\n<p>El anuncio se realiz\u00f3 en el marco del <strong>D\u00eda Mundial de la Eficiencia Energ\u00e9tica<\/strong>, y forma parte de una pol\u00edtica p\u00fablica que intenta acelerar la transici\u00f3n hacia viviendas m\u00e1s eficientes y sostenibles. Con el apoyo del Consejo Federal de Inversiones (CFI), la provincia comenz\u00f3 un nuevo proceso de auditor\u00eda t\u00e9cnica sobre decenas de viviendas que ya hab\u00edan sido evaluadas previamente. El objetivo es garantizar que cada etiqueta energ\u00e9tica refleje de manera real el desempe\u00f1o energ\u00e9tico del hogar.<\/p>\n\n\n\n<p>Pero detr\u00e1s de este proceso t\u00e9cnico hay una transformaci\u00f3n m\u00e1s profunda: el sistema de etiquetado energ\u00e9tico de viviendas podr\u00eda convertirse en una referencia clave para el mercado inmobiliario argentino, tal como ocurre en Europa o en otros pa\u00edses que ya utilizan estas certificaciones para medir la eficiencia de los hogares.<\/p>\n\n\n\n<p><strong>Qu\u00e9 es la etiqueta de eficiencia energ\u00e9tica de una vivienda y por qu\u00e9 es clave para el futuro inmobiliario<\/strong><\/p>\n\n\n\n<p>La <strong>etiqueta de eficiencia energ\u00e9tica de una vivienda<\/strong> es un certificado que clasifica el desempe\u00f1o energ\u00e9tico de un inmueble mediante una escala que va desde la <strong>letra A (m\u00e1s eficiente)<\/strong> hasta la <strong>letra G (menos eficiente)<\/strong>. Este sistema funciona de forma similar al etiquetado que ya existe en electrodom\u00e9sticos como heladeras o aires acondicionados. (<a href=\"https:\/\/rionegro.gov.ar\/articulo\/54595\/la-etiqueta-energetica-una-herramienta-que-revaloriza-las-viviendas?utm_source=chatgpt.com\">Gobierno de R\u00edo Negro<\/a>)<\/p>\n\n\n\n<p>El objetivo principal es ofrecer informaci\u00f3n clara sobre cu\u00e1nto consume una vivienda en t\u00e9rminos de energ\u00eda para calefacci\u00f3n, refrigeraci\u00f3n, iluminaci\u00f3n y agua caliente sanitaria. Para ello se calcula el <strong>\u00cdndice de Prestaciones Energ\u00e9ticas (IPE)<\/strong>, que permite estimar el consumo te\u00f3rico bajo condiciones normalizadas.<\/p>\n\n\n\n<p>Este indicador se vuelve cada vez m\u00e1s relevante en un contexto donde el costo de la energ\u00eda aumenta y la eficiencia energ\u00e9tica se convierte en una prioridad global. Las viviendas mejor clasificadas no solo consumen menos recursos, sino que tambi\u00e9n brindan mayor confort t\u00e9rmico y reducen el impacto ambiental.<\/p>\n\n\n\n<p>Adem\u00e1s, la etiqueta energ\u00e9tica comienza a tener un valor creciente en el mercado inmobiliario: una vivienda con mejor clasificaci\u00f3n energ\u00e9tica puede <strong>aumentar su valor de venta o alquiler<\/strong>, ya que implica menores costos operativos para el futuro propietario o inquilino.<\/p>\n\n\n\n<p><strong>R\u00edo Negro refuerza auditor\u00edas para etiquetas energ\u00e9ticas de viviendas<\/strong><\/p>\n\n\n\n<p>Con el objetivo de fortalecer la confiabilidad del sistema, la provincia decidi\u00f3 implementar una nueva etapa de <strong>auditor\u00edas t\u00e9cnicas sobre viviendas ya etiquetadas<\/strong>. El programa contempla la revisi\u00f3n de al menos <strong>50 viviendas<\/strong> que ya cuentan con una etiqueta energ\u00e9tica preliminar.<\/p>\n\n\n\n<p>Estas auditor\u00edas no solo verifican la informaci\u00f3n presentada por los certificadores energ\u00e9ticos, sino que tambi\u00e9n permiten detectar posibles errores metodol\u00f3gicos o inconsistencias en los c\u00e1lculos. Seg\u00fan explicaron desde el gobierno provincial, el proceso busca consolidar un sistema transparente y confiable que permita comparar viviendas bajo criterios t\u00e9cnicos uniformes.<\/p>\n\n\n\n<p>La revisi\u00f3n forma parte del <strong>Programa Nacional de Etiquetado de Viviendas (PRONEV)<\/strong>, una iniciativa impulsada a nivel federal para estandarizar el etiquetado energ\u00e9tico en todo el pa\u00eds. La provincia de R\u00edo Negro se posiciona actualmente como una de las jurisdicciones m\u00e1s avanzadas en la implementaci\u00f3n de este sistema.<\/p>\n\n\n\n<p>Gracias a estas auditor\u00edas, las viviendas evaluadas podr\u00e1n acceder a su <strong>etiqueta energ\u00e9tica definitiva<\/strong>, lo que habilita el acceso a determinados beneficios fiscales o administrativos que el gobierno provincial planea implementar.<\/p>\n\n\n\n<p><strong>C\u00f3mo funcionan las auditor\u00edas de eficiencia energ\u00e9tica en viviendas<\/strong><\/p>\n\n\n\n<p>El proceso de auditor\u00eda energ\u00e9tica consiste en una revisi\u00f3n t\u00e9cnica exhaustiva de la informaci\u00f3n utilizada para calcular el desempe\u00f1o energ\u00e9tico de una vivienda.<\/p>\n\n\n\n<p>Durante la auditor\u00eda se analizan m\u00faltiples variables, entre ellas:<\/p>\n\n\n\n<p>Materiales de construcci\u00f3n del inmueble<br><\/p>\n\n\n\n<p>Tipo de aislamiento t\u00e9rmico<br><\/p>\n\n\n\n<p>Orientaci\u00f3n de la vivienda<br><\/p>\n\n\n\n<p>Superficie y volumen del edificio<br><\/p>\n\n\n\n<p>Sistemas de calefacci\u00f3n y refrigeraci\u00f3n<br><\/p>\n\n\n\n<p>Consumo energ\u00e9tico estimado<br><\/p>\n\n\n\n<p><br>A partir de estos datos, los especialistas eval\u00faan si la etiqueta otorgada inicialmente refleja correctamente la eficiencia del inmueble.<\/p>\n\n\n\n<p>El objetivo final es garantizar que las etiquetas energ\u00e9ticas no sean simplemente un tr\u00e1mite administrativo, sino una herramienta confiable para los ciudadanos. De esta manera, quienes consulten la clasificaci\u00f3n energ\u00e9tica de una vivienda podr\u00e1n tomar decisiones informadas antes de comprar, alquilar o realizar mejoras edilicias.<\/p>\n\n\n\n<p><strong>Beneficios de tener una vivienda con etiqueta energ\u00e9tica<\/strong><\/p>\n\n\n\n<p>Uno de los aspectos m\u00e1s interesantes del sistema de etiquetado energ\u00e9tico es que no solo brinda informaci\u00f3n t\u00e9cnica, sino que tambi\u00e9n puede generar beneficios concretos para los propietarios.<\/p>\n\n\n\n<p>Entre las principales ventajas se encuentran:<\/p>\n\n\n\n<p><strong>Ahorro en consumo energ\u00e9tico<\/strong><\/p>\n\n\n\n<p>Una vivienda con buena clasificaci\u00f3n energ\u00e9tica requiere menos energ\u00eda para calefacci\u00f3n y refrigeraci\u00f3n. Esto se traduce directamente en <strong>facturas de servicios m\u00e1s bajas<\/strong>.<\/p>\n\n\n\n<p><strong>Mayor confort t\u00e9rmico<\/strong><\/p>\n\n\n\n<p>Las viviendas eficientes mantienen temperaturas m\u00e1s estables durante todo el a\u00f1o, lo que mejora significativamente la calidad de vida de sus habitantes.<\/p>\n\n\n\n<p><strong>Incentivos fiscales<\/strong><\/p>\n\n\n\n<p>En R\u00edo Negro, el sistema est\u00e1 vinculado a <strong>posibles bonificaciones impositivas<\/strong> seg\u00fan la categor\u00eda energ\u00e9tica obtenida. Esto significa que las viviendas m\u00e1s eficientes podr\u00edan acceder a descuentos o beneficios tributarios.<\/p>\n\n\n\n<p><strong>Mayor valor de mercado<\/strong><\/p>\n\n\n\n<p>Las propiedades con mejor eficiencia energ\u00e9tica pueden tener una <strong>revalorizaci\u00f3n inmobiliaria<\/strong>, ya que implican menores costos de mantenimiento y mayor sostenibilidad.<\/p>\n\n\n\n<p><strong>R\u00edo Negro lidera el etiquetado energ\u00e9tico de viviendas en Argentina<\/strong><\/p>\n\n\n\n<p>La provincia patag\u00f3nica viene desarrollando una estrategia sostenida para impulsar el etiquetado energ\u00e9tico en el sector residencial.<\/p>\n\n\n\n<p>Uno de los avances m\u00e1s importantes fue la creaci\u00f3n del <strong>Registro de Certificadores de Eficiencia Energ\u00e9tica de Inmuebles<\/strong>, que re\u00fane a profesionales habilitados para evaluar viviendas y emitir etiquetas energ\u00e9ticas. (<a href=\"https:\/\/rionegro.gov.ar\/articulo\/53552\/rio-negro-ya-cuenta-con-un-registro-de-certificadores-energeticos?utm_source=chatgpt.com\">Gobierno de R\u00edo Negro<\/a>)<\/p>\n\n\n\n<p>Actualmente, la provincia cuenta con <strong>m\u00e1s de 70 certificadores energ\u00e9ticos<\/strong>, incluyendo arquitectos, ingenieros y especialistas en construcci\u00f3n sostenible.<\/p>\n\n\n\n<p>Estos profesionales son responsables de realizar el an\u00e1lisis t\u00e9cnico de cada vivienda y cargar la informaci\u00f3n en el sistema oficial del PRONEV, lo que permite generar la etiqueta energ\u00e9tica correspondiente.<\/p>\n\n\n\n<p>La ampliaci\u00f3n de esta red profesional es clave para garantizar que el programa pueda expandirse en toda la provincia y llegar a m\u00e1s hogares.<\/p>\n\n\n\n<p><strong>Las primeras etiquetas energ\u00e9ticas ya fueron emitidas en R\u00edo Negro<\/strong><\/p>\n\n\n\n<p>El avance del sistema ya comenz\u00f3 a mostrar resultados concretos. A fines de 2025 se emiti\u00f3 el <strong>primer lote de etiquetas de eficiencia energ\u00e9tica para viviendas<\/strong> que completaron el proceso de auditor\u00eda. (<a href=\"https:\/\/rionegro.gov.ar\/articulo\/57275\/rio-negro-emitio-las-primeras-8-etiquetas-de-eficiencia-energetica?utm_source=chatgpt.com\">Gobierno de R\u00edo Negro<\/a>)<\/p>\n\n\n\n<p>En total se certificaron ocho viviendas ubicadas en distintas ciudades de la provincia, entre ellas:<\/p>\n\n\n\n<p>General Roca<br><\/p>\n\n\n\n<p>Fern\u00e1ndez Oro<br><\/p>\n\n\n\n<p>San Carlos de Bariloche<br><\/p>\n\n\n\n<p>Dina Huapi<br><\/p>\n\n\n\n<p>Viedma<br><\/p>\n\n\n\n<p><br>Las calificaciones obtenidas variaron entre las letras <strong>B, C, D, E y F<\/strong>, siendo la categor\u00eda C la m\u00e1s frecuente.<\/p>\n\n\n\n<p>Este primer paso permiti\u00f3 validar el funcionamiento del sistema y sent\u00f3 las bases para ampliar el programa a m\u00e1s localidades y viviendas en los pr\u00f3ximos a\u00f1os.<\/p>\n\n\n\n<p><strong>Qu\u00e9 implica la transici\u00f3n energ\u00e9tica en el sector de la vivienda<\/strong><\/p>\n\n\n\n<p>El etiquetado energ\u00e9tico de viviendas forma parte de un proceso m\u00e1s amplio conocido como <strong>transici\u00f3n energ\u00e9tica<\/strong>. Este concepto se refiere al cambio progresivo hacia un sistema energ\u00e9tico m\u00e1s eficiente, sostenible y con menor impacto ambiental.<\/p>\n\n\n\n<p>En el caso del sector residencial, la transici\u00f3n energ\u00e9tica implica mejorar el desempe\u00f1o energ\u00e9tico de los edificios mediante:<\/p>\n\n\n\n<p>Mejor aislamiento t\u00e9rmico<br><\/p>\n\n\n\n<p>Uso de energ\u00edas renovables<br><\/p>\n\n\n\n<p>Sistemas de calefacci\u00f3n m\u00e1s eficientes<br><\/p>\n\n\n\n<p>Dise\u00f1o bioclim\u00e1tico<br><\/p>\n\n\n\n<p><br>Las viviendas consumen una parte significativa de la energ\u00eda total de un pa\u00eds. Por esta raz\u00f3n, mejorar su eficiencia es una de las estrategias m\u00e1s efectivas para reducir emisiones de carbono y optimizar el uso de recursos.<\/p>\n\n\n\n<p>El etiquetado energ\u00e9tico se convierte entonces en una herramienta clave para medir y orientar este proceso de transformaci\u00f3n.<\/p>\n\n\n\n<p><strong>Qu\u00e9 cambios podr\u00edan venir para propietarios e inmobiliarias<\/strong><\/p>\n\n\n\n<p>Aunque el sistema de etiquetado energ\u00e9tico a\u00fan se encuentra en expansi\u00f3n en Argentina, varios especialistas coinciden en que podr\u00eda convertirse en un requisito habitual en el futuro.<\/p>\n\n\n\n<p>En algunos pa\u00edses europeos, por ejemplo, la etiqueta energ\u00e9tica es obligatoria para vender o alquilar una propiedad. En esos casos, el comprador puede conocer de antemano el consumo energ\u00e9tico estimado del inmueble.<\/p>\n\n\n\n<p>Si Argentina avanza en esa direcci\u00f3n, las inmobiliarias y propietarios deber\u00e1n prestar mayor atenci\u00f3n al desempe\u00f1o energ\u00e9tico de las viviendas.<\/p>\n\n\n\n<p>Esto podr\u00eda generar nuevas oportunidades para el sector de la construcci\u00f3n, especialmente en \u00e1reas vinculadas con:<\/p>\n\n\n\n<p>refacci\u00f3n energ\u00e9tica de viviendas<br><\/p>\n\n\n\n<p>arquitectura sustentable<br><\/p>\n\n\n\n<p>aislamiento t\u00e9rmico<br><\/p>\n\n\n\n<p>energ\u00edas renovables domiciliarias<br><\/p>\n\n\n\n<p><br><strong>El futuro del etiquetado energ\u00e9tico en Argentina<\/strong><\/p>\n\n\n\n<p>El fortalecimiento de las auditor\u00edas en R\u00edo Negro marca un paso importante hacia la consolidaci\u00f3n del sistema de etiquetado energ\u00e9tico de viviendas en Argentina.<\/p>\n\n\n\n<p>Si el programa contin\u00faa expandi\u00e9ndose, es probable que cada vez m\u00e1s propietarios decidan evaluar la eficiencia energ\u00e9tica de sus hogares para mejorar su confort, reducir costos y aumentar el valor de sus propiedades.<\/p>\n\n\n\n<p>En este contexto, la provincia patag\u00f3nica se posiciona como un laboratorio de pol\u00edticas p\u00fablicas orientadas a la eficiencia energ\u00e9tica en el sector residencial.<\/p>\n\n\n\n<p>Y aunque todav\u00eda queda camino por recorrer, el mensaje es claro: en el futuro cercano, <strong>la eficiencia energ\u00e9tica podr\u00eda convertirse en uno de los factores m\u00e1s importantes a la hora de elegir una vivienda<\/strong>.<\/p>\n\n\n\n<p><\/p>\n","protected":false},"excerpt":{"rendered":"","protected":false},"author":2,"featured_media":100808,"comment_status":"open","ping_status":"open","sticky":false,"template":"","format":"standard","meta":{"site-sidebar-layout":"default","site-content-layout":"","ast-site-content-layout":"default","site-content-style":"default","site-sidebar-style":"default","ast-global-header-display":"","ast-banner-title-visibility":"","ast-main-header-display":"","ast-hfb-above-header-display":"","ast-hfb-below-header-display":"","ast-hfb-mobile-header-display":"","site-post-title":"","ast-breadcrumbs-content":"","ast-featured-img":"","footer-sml-layout":"","ast-disable-related-posts":"","theme-transparent-header-meta":"","adv-header-id-meta":"","stick-header-meta":"","header-above-stick-meta":"","header-main-stick-meta":"","header-below-stick-meta":"","astra-migrate-meta-layouts":"default","ast-page-background-enabled":"default","ast-page-background-meta":{"desktop":{"background-color":"var(--ast-global-color-5)","background-image":"","background-repeat":"repeat","background-position":"center center","background-size":"auto","background-attachment":"scroll","background-type":"","background-media":"","overlay-type":"","overlay-color":"","overlay-opacity":"","overlay-gradient":""},"tablet":{"background-color":"","background-image":"","background-repeat":"repeat","background-position":"center center","background-size":"auto","background-attachment":"scroll","background-type":"","background-media":"","overlay-type":"","overlay-color":"","overlay-opacity":"","overlay-gradient":""},"mobile":{"background-color":"","background-image":"","background-repeat":"repeat","background-position":"center center","background-size":"auto","background-attachment":"scroll","background-type":"","background-media":"","overlay-type":"","overlay-color":"","overlay-opacity":"","overlay-gradient":""}},"ast-content-background-meta":{"desktop":{"background-color":"var(--ast-global-color-4)","background-image":"","background-repeat":"repeat","background-position":"center center","background-size":"auto","background-attachment":"scroll","background-type":"","background-media":"","overlay-type":"","overlay-color":"","overlay-opacity":"","overlay-gradient":""},"tablet":{"background-color":"var(--ast-global-color-4)","background-image":"","background-repeat":"repeat","background-position":"center center","background-size":"auto","background-attachment":"scroll","background-type":"","background-media":"","overlay-type":"","overlay-color":"","overlay-opacity":"","overlay-gradient":""},"mobile":{"background-color":"var(--ast-global-color-4)","background-image":"","background-repeat":"repeat","background-position":"center center","background-size":"auto","background-attachment":"scroll","background-type":"","background-media":"","overlay-type":"","overlay-color":"","overlay-opacity":"","overlay-gradient":""}},"footnotes":""},"categories":[3435,1],"tags":[],"class_list":["post-100807","post","type-post","status-publish","format-standard","has-post-thumbnail","hentry","category-desarrollo-sustentable","category-noticias"],"yoast_head":"<!-- This site is optimized with the Yoast SEO Premium plugin v23.0 (Yoast SEO v27.5) - https:\/\/yoast.com\/product\/yoast-seo-premium-wordpress\/ -->\n<title>R\u00edo Negro endurece los controles energ\u00e9ticos en viviendas: qu\u00e9 significa la nueva auditor\u00eda que podr\u00eda cambiar el valor de tu casa En un movimiento que puede transformar la forma en que se compran, venden y habitan las propiedades en la Patagonia, el Gobierno de R\u00edo Negro<\/title>\n<meta name=\"description\" content=\"En un movimiento que puede transformar la forma en que se compran, venden y habitan las propiedades en la Patagonia, el Gobierno de R\u00edo Negro\" \/>\n<meta name=\"robots\" content=\"index, follow, max-snippet:-1, max-image-preview:large, max-video-preview:-1\" \/>\n<link rel=\"canonical\" href=\"https:\/\/patagoniambiental.com.ar\/info\/etiquetado-energetico-rio-negro\/\" \/>\n<meta property=\"og:locale\" content=\"es_ES\" \/>\n<meta property=\"og:type\" content=\"article\" \/>\n<meta property=\"og:title\" content=\"R\u00edo Negro endurece los controles energ\u00e9ticos en viviendas: qu\u00e9 significa la nueva auditor\u00eda que podr\u00eda cambiar el valor de tu casa\" \/>\n<meta property=\"og:description\" content=\"En un movimiento que puede transformar la forma en que se compran, venden y habitan las propiedades en la Patagonia, el Gobierno de R\u00edo Negro\" \/>\n<meta property=\"og:url\" content=\"https:\/\/patagoniambiental.com.ar\/info\/etiquetado-energetico-rio-negro\/\" \/>\n<meta property=\"og:site_name\" content=\"Patagonia Ambiental\" \/>\n<meta property=\"article:publisher\" content=\"https:\/\/www.facebook.com\/patagonia.ambiental\" \/>\n<meta property=\"article:author\" content=\"https:\/\/www.facebook.com\/share\/1C1V8Gv9BX\/?mibextid=qi2Omg\" \/>\n<meta property=\"article:published_time\" content=\"2026-03-05T14:12:12+00:00\" \/>\n<meta property=\"article:modified_time\" content=\"2026-03-05T14:12:15+00:00\" \/>\n<meta property=\"og:image\" content=\"https:\/\/patagoniambiental.com.ar\/info\/wp-content\/uploads\/2026\/03\/1772710957_651aab5aefa8765adc5c.jpeg\" \/>\n\t<meta property=\"og:image:width\" content=\"1080\" \/>\n\t<meta property=\"og:image:height\" content=\"607\" \/>\n\t<meta property=\"og:image:type\" content=\"image\/jpeg\" \/>\n<meta name=\"author\" content=\"Patagonia Ambiental\" \/>\n<meta name=\"twitter:card\" content=\"summary_large_image\" \/>\n<meta name=\"twitter:creator\" content=\"@PatAmb\" \/>\n<meta name=\"twitter:site\" content=\"@PatAmb\" \/>\n<script type=\"application\/ld+json\" class=\"yoast-schema-graph\">{\"@context\":\"https:\\\/\\\/schema.org\",\"@graph\":[{\"@type\":\"Article\",\"@id\":\"https:\\\/\\\/patagoniambiental.com.ar\\\/info\\\/etiquetado-energetico-rio-negro\\\/#article\",\"isPartOf\":{\"@id\":\"https:\\\/\\\/patagoniambiental.com.ar\\\/info\\\/etiquetado-energetico-rio-negro\\\/\"},\"author\":{\"name\":\"Patagonia Ambiental\",\"@id\":\"https:\\\/\\\/patagoniambiental.com.ar\\\/info\\\/#\\\/schema\\\/person\\\/db12bff64bbcbf6a253710bf0ea37b5d\"},\"headline\":\"R\u00edo Negro endurece los controles energ\u00e9ticos en viviendas: qu\u00e9 significa la nueva auditor\u00eda que podr\u00eda cambiar el valor de tu casa\",\"datePublished\":\"2026-03-05T14:12:12+00:00\",\"dateModified\":\"2026-03-05T14:12:15+00:00\",\"mainEntityOfPage\":{\"@id\":\"https:\\\/\\\/patagoniambiental.com.ar\\\/info\\\/etiquetado-energetico-rio-negro\\\/\"},\"wordCount\":1749,\"commentCount\":0,\"publisher\":{\"@id\":\"https:\\\/\\\/patagoniambiental.com.ar\\\/info\\\/#organization\"},\"image\":{\"@id\":\"https:\\\/\\\/patagoniambiental.com.ar\\\/info\\\/etiquetado-energetico-rio-negro\\\/#primaryimage\"},\"thumbnailUrl\":\"https:\\\/\\\/patagoniambiental.com.ar\\\/info\\\/wp-content\\\/uploads\\\/2026\\\/03\\\/1772710957_651aab5aefa8765adc5c.jpeg\",\"articleSection\":[\"Desarrollo Sustentable\",\"Noticias\"],\"inLanguage\":\"es\",\"potentialAction\":[{\"@type\":\"CommentAction\",\"name\":\"Comment\",\"target\":[\"https:\\\/\\\/patagoniambiental.com.ar\\\/info\\\/etiquetado-energetico-rio-negro\\\/#respond\"]}]},{\"@type\":\"WebPage\",\"@id\":\"https:\\\/\\\/patagoniambiental.com.ar\\\/info\\\/etiquetado-energetico-rio-negro\\\/\",\"url\":\"https:\\\/\\\/patagoniambiental.com.ar\\\/info\\\/etiquetado-energetico-rio-negro\\\/\",\"name\":\"R\u00edo Negro endurece los controles energ\u00e9ticos en viviendas: qu\u00e9 significa la nueva auditor\u00eda que podr\u00eda cambiar el valor de tu casa En un movimiento que puede transformar la forma en que se compran, venden y habitan las propiedades en la Patagonia, el Gobierno de R\u00edo Negro\",\"isPartOf\":{\"@id\":\"https:\\\/\\\/patagoniambiental.com.ar\\\/info\\\/#website\"},\"primaryImageOfPage\":{\"@id\":\"https:\\\/\\\/patagoniambiental.com.ar\\\/info\\\/etiquetado-energetico-rio-negro\\\/#primaryimage\"},\"image\":{\"@id\":\"https:\\\/\\\/patagoniambiental.com.ar\\\/info\\\/etiquetado-energetico-rio-negro\\\/#primaryimage\"},\"thumbnailUrl\":\"https:\\\/\\\/patagoniambiental.com.ar\\\/info\\\/wp-content\\\/uploads\\\/2026\\\/03\\\/1772710957_651aab5aefa8765adc5c.jpeg\",\"datePublished\":\"2026-03-05T14:12:12+00:00\",\"dateModified\":\"2026-03-05T14:12:15+00:00\",\"description\":\"En un movimiento que puede transformar la forma en que se compran, venden y habitan las propiedades en la Patagonia, el Gobierno de R\u00edo Negro\",\"breadcrumb\":{\"@id\":\"https:\\\/\\\/patagoniambiental.com.ar\\\/info\\\/etiquetado-energetico-rio-negro\\\/#breadcrumb\"},\"inLanguage\":\"es\",\"potentialAction\":[{\"@type\":\"ReadAction\",\"target\":[\"https:\\\/\\\/patagoniambiental.com.ar\\\/info\\\/etiquetado-energetico-rio-negro\\\/\"]}]},{\"@type\":\"ImageObject\",\"inLanguage\":\"es\",\"@id\":\"https:\\\/\\\/patagoniambiental.com.ar\\\/info\\\/etiquetado-energetico-rio-negro\\\/#primaryimage\",\"url\":\"https:\\\/\\\/patagoniambiental.com.ar\\\/info\\\/wp-content\\\/uploads\\\/2026\\\/03\\\/1772710957_651aab5aefa8765adc5c.jpeg\",\"contentUrl\":\"https:\\\/\\\/patagoniambiental.com.ar\\\/info\\\/wp-content\\\/uploads\\\/2026\\\/03\\\/1772710957_651aab5aefa8765adc5c.jpeg\",\"width\":1080,\"height\":607,\"caption\":\"Cr\u00e9dito: Gobierno de Rio Negro\"},{\"@type\":\"BreadcrumbList\",\"@id\":\"https:\\\/\\\/patagoniambiental.com.ar\\\/info\\\/etiquetado-energetico-rio-negro\\\/#breadcrumb\",\"itemListElement\":[{\"@type\":\"ListItem\",\"position\":1,\"name\":\"Inicio\",\"item\":\"https:\\\/\\\/patagoniambiental.com.ar\\\/info\\\/\"},{\"@type\":\"ListItem\",\"position\":2,\"name\":\"R\u00edo Negro endurece los controles energ\u00e9ticos en viviendas: qu\u00e9 significa la nueva auditor\u00eda que podr\u00eda cambiar el valor de tu casa\"}]},{\"@type\":\"WebSite\",\"@id\":\"https:\\\/\\\/patagoniambiental.com.ar\\\/info\\\/#website\",\"url\":\"https:\\\/\\\/patagoniambiental.com.ar\\\/info\\\/\",\"name\":\"Patagonia Ambiental\",\"description\":\"Monitoreo y an\u00e1lisis de la situaci\u00f3n geopol\u00edtica en el mundo y su implicancia en la Patagonia\",\"publisher\":{\"@id\":\"https:\\\/\\\/patagoniambiental.com.ar\\\/info\\\/#organization\"},\"potentialAction\":[{\"@type\":\"SearchAction\",\"target\":{\"@type\":\"EntryPoint\",\"urlTemplate\":\"https:\\\/\\\/patagoniambiental.com.ar\\\/info\\\/?s={search_term_string}\"},\"query-input\":{\"@type\":\"PropertyValueSpecification\",\"valueRequired\":true,\"valueName\":\"search_term_string\"}}],\"inLanguage\":\"es\"},{\"@type\":\"Organization\",\"@id\":\"https:\\\/\\\/patagoniambiental.com.ar\\\/info\\\/#organization\",\"name\":\"Patagonia Ambiental\",\"url\":\"https:\\\/\\\/patagoniambiental.com.ar\\\/info\\\/\",\"logo\":{\"@type\":\"ImageObject\",\"inLanguage\":\"es\",\"@id\":\"https:\\\/\\\/patagoniambiental.com.ar\\\/info\\\/#\\\/schema\\\/logo\\\/image\\\/\",\"url\":\"https:\\\/\\\/patagoniambiental.com.ar\\\/info\\\/wp-content\\\/uploads\\\/2025\\\/05\\\/LOGO-PATAGONIA-AMBIENTAL.png\",\"contentUrl\":\"https:\\\/\\\/patagoniambiental.com.ar\\\/info\\\/wp-content\\\/uploads\\\/2025\\\/05\\\/LOGO-PATAGONIA-AMBIENTAL.png\",\"width\":433,\"height\":250,\"caption\":\"Patagonia Ambiental\"},\"image\":{\"@id\":\"https:\\\/\\\/patagoniambiental.com.ar\\\/info\\\/#\\\/schema\\\/logo\\\/image\\\/\"},\"sameAs\":[\"https:\\\/\\\/www.facebook.com\\\/patagonia.ambiental\",\"https:\\\/\\\/x.com\\\/PatAmb\"]},{\"@type\":\"Person\",\"@id\":\"https:\\\/\\\/patagoniambiental.com.ar\\\/info\\\/#\\\/schema\\\/person\\\/db12bff64bbcbf6a253710bf0ea37b5d\",\"name\":\"Patagonia Ambiental\",\"description\":\"Andr\u00e9s Nievas T\u00e9cnico en manejo ambiental, consultor Ambiental y escritor para medios locales e internacionales sobre temas de geopolitica y medio ambiente.\",\"sameAs\":[\"http:\\\/\\\/www.patagoniambiental.com.ar\",\"https:\\\/\\\/www.facebook.com\\\/share\\\/1C1V8Gv9BX\\\/?mibextid=qi2Omg\",\"@patagoniambiental\",\"https:\\\/\\\/youtube.com\\\/@patagoniaambiental2023?si=BLt58t0wuXquxlYZ\"]}]}<\/script>\n<!-- \/ Yoast SEO Premium plugin. -->","yoast_head_json":{"title":"R\u00edo Negro endurece los controles energ\u00e9ticos en viviendas: qu\u00e9 significa la nueva auditor\u00eda que podr\u00eda cambiar el valor de tu casa En un movimiento que puede transformar la forma en que se compran, venden y habitan las propiedades en la Patagonia, el Gobierno de R\u00edo Negro","description":"En un movimiento que puede transformar la forma en que se compran, venden y habitan las propiedades en la Patagonia, el Gobierno de R\u00edo Negro","robots":{"index":"index","follow":"follow","max-snippet":"max-snippet:-1","max-image-preview":"max-image-preview:large","max-video-preview":"max-video-preview:-1"},"canonical":"https:\/\/patagoniambiental.com.ar\/info\/etiquetado-energetico-rio-negro\/","og_locale":"es_ES","og_type":"article","og_title":"R\u00edo Negro endurece los controles energ\u00e9ticos en viviendas: qu\u00e9 significa la nueva auditor\u00eda que podr\u00eda cambiar el valor de tu casa","og_description":"En un movimiento que puede transformar la forma en que se compran, venden y habitan las propiedades en la Patagonia, el Gobierno de R\u00edo Negro","og_url":"https:\/\/patagoniambiental.com.ar\/info\/etiquetado-energetico-rio-negro\/","og_site_name":"Patagonia Ambiental","article_publisher":"https:\/\/www.facebook.com\/patagonia.ambiental","article_author":"https:\/\/www.facebook.com\/share\/1C1V8Gv9BX\/?mibextid=qi2Omg","article_published_time":"2026-03-05T14:12:12+00:00","article_modified_time":"2026-03-05T14:12:15+00:00","og_image":[{"width":1080,"height":607,"url":"https:\/\/patagoniambiental.com.ar\/info\/wp-content\/uploads\/2026\/03\/1772710957_651aab5aefa8765adc5c.jpeg","type":"image\/jpeg"}],"author":"Patagonia Ambiental","twitter_card":"summary_large_image","twitter_creator":"@PatAmb","twitter_site":"@PatAmb","schema":{"@context":"https:\/\/schema.org","@graph":[{"@type":"Article","@id":"https:\/\/patagoniambiental.com.ar\/info\/etiquetado-energetico-rio-negro\/#article","isPartOf":{"@id":"https:\/\/patagoniambiental.com.ar\/info\/etiquetado-energetico-rio-negro\/"},"author":{"name":"Patagonia Ambiental","@id":"https:\/\/patagoniambiental.com.ar\/info\/#\/schema\/person\/db12bff64bbcbf6a253710bf0ea37b5d"},"headline":"R\u00edo Negro endurece los controles energ\u00e9ticos en viviendas: qu\u00e9 significa la nueva auditor\u00eda que podr\u00eda cambiar el valor de tu casa","datePublished":"2026-03-05T14:12:12+00:00","dateModified":"2026-03-05T14:12:15+00:00","mainEntityOfPage":{"@id":"https:\/\/patagoniambiental.com.ar\/info\/etiquetado-energetico-rio-negro\/"},"wordCount":1749,"commentCount":0,"publisher":{"@id":"https:\/\/patagoniambiental.com.ar\/info\/#organization"},"image":{"@id":"https:\/\/patagoniambiental.com.ar\/info\/etiquetado-energetico-rio-negro\/#primaryimage"},"thumbnailUrl":"https:\/\/patagoniambiental.com.ar\/info\/wp-content\/uploads\/2026\/03\/1772710957_651aab5aefa8765adc5c.jpeg","articleSection":["Desarrollo Sustentable","Noticias"],"inLanguage":"es","potentialAction":[{"@type":"CommentAction","name":"Comment","target":["https:\/\/patagoniambiental.com.ar\/info\/etiquetado-energetico-rio-negro\/#respond"]}]},{"@type":"WebPage","@id":"https:\/\/patagoniambiental.com.ar\/info\/etiquetado-energetico-rio-negro\/","url":"https:\/\/patagoniambiental.com.ar\/info\/etiquetado-energetico-rio-negro\/","name":"R\u00edo Negro endurece los controles energ\u00e9ticos en viviendas: qu\u00e9 significa la nueva auditor\u00eda que podr\u00eda cambiar el valor de tu casa En un movimiento que puede transformar la forma en que se compran, venden y habitan las propiedades en la Patagonia, el Gobierno de R\u00edo Negro","isPartOf":{"@id":"https:\/\/patagoniambiental.com.ar\/info\/#website"},"primaryImageOfPage":{"@id":"https:\/\/patagoniambiental.com.ar\/info\/etiquetado-energetico-rio-negro\/#primaryimage"},"image":{"@id":"https:\/\/patagoniambiental.com.ar\/info\/etiquetado-energetico-rio-negro\/#primaryimage"},"thumbnailUrl":"https:\/\/patagoniambiental.com.ar\/info\/wp-content\/uploads\/2026\/03\/1772710957_651aab5aefa8765adc5c.jpeg","datePublished":"2026-03-05T14:12:12+00:00","dateModified":"2026-03-05T14:12:15+00:00","description":"En un movimiento que puede transformar la forma en que se compran, venden y habitan las propiedades en la Patagonia, el Gobierno de R\u00edo Negro","breadcrumb":{"@id":"https:\/\/patagoniambiental.com.ar\/info\/etiquetado-energetico-rio-negro\/#breadcrumb"},"inLanguage":"es","potentialAction":[{"@type":"ReadAction","target":["https:\/\/patagoniambiental.com.ar\/info\/etiquetado-energetico-rio-negro\/"]}]},{"@type":"ImageObject","inLanguage":"es","@id":"https:\/\/patagoniambiental.com.ar\/info\/etiquetado-energetico-rio-negro\/#primaryimage","url":"https:\/\/patagoniambiental.com.ar\/info\/wp-content\/uploads\/2026\/03\/1772710957_651aab5aefa8765adc5c.jpeg","contentUrl":"https:\/\/patagoniambiental.com.ar\/info\/wp-content\/uploads\/2026\/03\/1772710957_651aab5aefa8765adc5c.jpeg","width":1080,"height":607,"caption":"Cr\u00e9dito: Gobierno de Rio Negro"},{"@type":"BreadcrumbList","@id":"https:\/\/patagoniambiental.com.ar\/info\/etiquetado-energetico-rio-negro\/#breadcrumb","itemListElement":[{"@type":"ListItem","position":1,"name":"Inicio","item":"https:\/\/patagoniambiental.com.ar\/info\/"},{"@type":"ListItem","position":2,"name":"R\u00edo Negro endurece los controles energ\u00e9ticos en viviendas: qu\u00e9 significa la nueva auditor\u00eda que podr\u00eda cambiar el valor de tu casa"}]},{"@type":"WebSite","@id":"https:\/\/patagoniambiental.com.ar\/info\/#website","url":"https:\/\/patagoniambiental.com.ar\/info\/","name":"Patagonia Ambiental","description":"Monitoreo y an\u00e1lisis de la situaci\u00f3n geopol\u00edtica en el mundo y su implicancia en la Patagonia","publisher":{"@id":"https:\/\/patagoniambiental.com.ar\/info\/#organization"},"potentialAction":[{"@type":"SearchAction","target":{"@type":"EntryPoint","urlTemplate":"https:\/\/patagoniambiental.com.ar\/info\/?s={search_term_string}"},"query-input":{"@type":"PropertyValueSpecification","valueRequired":true,"valueName":"search_term_string"}}],"inLanguage":"es"},{"@type":"Organization","@id":"https:\/\/patagoniambiental.com.ar\/info\/#organization","name":"Patagonia Ambiental","url":"https:\/\/patagoniambiental.com.ar\/info\/","logo":{"@type":"ImageObject","inLanguage":"es","@id":"https:\/\/patagoniambiental.com.ar\/info\/#\/schema\/logo\/image\/","url":"https:\/\/patagoniambiental.com.ar\/info\/wp-content\/uploads\/2025\/05\/LOGO-PATAGONIA-AMBIENTAL.png","contentUrl":"https:\/\/patagoniambiental.com.ar\/info\/wp-content\/uploads\/2025\/05\/LOGO-PATAGONIA-AMBIENTAL.png","width":433,"height":250,"caption":"Patagonia Ambiental"},"image":{"@id":"https:\/\/patagoniambiental.com.ar\/info\/#\/schema\/logo\/image\/"},"sameAs":["https:\/\/www.facebook.com\/patagonia.ambiental","https:\/\/x.com\/PatAmb"]},{"@type":"Person","@id":"https:\/\/patagoniambiental.com.ar\/info\/#\/schema\/person\/db12bff64bbcbf6a253710bf0ea37b5d","name":"Patagonia Ambiental","description":"Andr\u00e9s Nievas T\u00e9cnico en manejo ambiental, consultor Ambiental y escritor para medios locales e internacionales sobre temas de geopolitica y medio ambiente.","sameAs":["http:\/\/www.patagoniambiental.com.ar","https:\/\/www.facebook.com\/share\/1C1V8Gv9BX\/?mibextid=qi2Omg","@patagoniambiental","https:\/\/youtube.com\/@patagoniaambiental2023?si=BLt58t0wuXquxlYZ"]}]}},"_links":{"self":[{"href":"https:\/\/patagoniambiental.com.ar\/info\/wp-json\/wp\/v2\/posts\/100807","targetHints":{"allow":["GET"]}}],"collection":[{"href":"https:\/\/patagoniambiental.com.ar\/info\/wp-json\/wp\/v2\/posts"}],"about":[{"href":"https:\/\/patagoniambiental.com.ar\/info\/wp-json\/wp\/v2\/types\/post"}],"author":[{"embeddable":true,"href":"https:\/\/patagoniambiental.com.ar\/info\/wp-json\/wp\/v2\/users\/2"}],"replies":[{"embeddable":true,"href":"https:\/\/patagoniambiental.com.ar\/info\/wp-json\/wp\/v2\/comments?post=100807"}],"version-history":[{"count":1,"href":"https:\/\/patagoniambiental.com.ar\/info\/wp-json\/wp\/v2\/posts\/100807\/revisions"}],"predecessor-version":[{"id":100809,"href":"https:\/\/patagoniambiental.com.ar\/info\/wp-json\/wp\/v2\/posts\/100807\/revisions\/100809"}],"wp:featuredmedia":[{"embeddable":true,"href":"https:\/\/patagoniambiental.com.ar\/info\/wp-json\/wp\/v2\/media\/100808"}],"wp:attachment":[{"href":"https:\/\/patagoniambiental.com.ar\/info\/wp-json\/wp\/v2\/media?parent=100807"}],"wp:term":[{"taxonomy":"category","embeddable":true,"href":"https:\/\/patagoniambiental.com.ar\/info\/wp-json\/wp\/v2\/categories?post=100807"},{"taxonomy":"post_tag","embeddable":true,"href":"https:\/\/patagoniambiental.com.ar\/info\/wp-json\/wp\/v2\/tags?post=100807"}],"curies":[{"name":"wp","href":"https:\/\/api.w.org\/{rel}","templated":true}]}}