{"id":100832,"date":"2026-03-08T09:44:54","date_gmt":"2026-03-08T12:44:54","guid":{"rendered":"https:\/\/patagoniambiental.com.ar\/info\/?p=100832"},"modified":"2026-03-09T09:51:05","modified_gmt":"2026-03-09T12:51:05","slug":"programa-promotores-ambientales-neuquen","status":"publish","type":"post","link":"https:\/\/patagoniambiental.com.ar\/info\/programa-promotores-ambientales-neuquen\/","title":{"rendered":"El programa de Promotores Ambientales de Neuquen se expande con nuevas acciones que buscan transformar la conciencia ecol\u00f3gica en toda la provincia"},"content":{"rendered":"\n<!--more-->\n\n\n\n<p><strong>Promotores ambientales en Neuqu\u00e9n: el plan que busca cambiar la forma en que la sociedad cuida el ambiente<\/strong><\/p>\n\n\n\n<p>Neuquen, 9 de marzo de 2026. En los \u00faltimos a\u00f1os, el cuidado del ambiente dej\u00f3 de ser un tema exclusivo de especialistas o cient\u00edficos para convertirse en una prioridad social. En ese contexto, la provincia de Neuqu\u00e9n volvi\u00f3 a dar un paso importante al anunciar nuevas acciones dentro del programa de Promotores Ambientales, una iniciativa que busca fortalecer la educaci\u00f3n ambiental, el reciclaje y la participaci\u00f3n comunitaria en distintas localidades. La propuesta apunta a generar un cambio cultural profundo que permita mejorar la gesti\u00f3n de residuos, proteger los recursos naturales y promover h\u00e1bitos sostenibles entre vecinos, escuelas, instituciones y gobiernos locales.<\/p>\n\n\n\n<p>La expansi\u00f3n de este programa no solo implica nuevas capacitaciones o campa\u00f1as, sino tambi\u00e9n una estrategia de largo plazo orientada a construir una red de promotores ambientales neuquinos que act\u00fae directamente en el territorio. Estos referentes comunitarios tienen el objetivo de transmitir conocimientos, impulsar proyectos locales y fomentar pr\u00e1cticas responsables como la separaci\u00f3n de residuos en origen, el uso racional del agua y la preservaci\u00f3n de los espacios verdes urbanos. La iniciativa es impulsada por la Secretar\u00eda de Ambiente y Recursos Naturales de la provincia, junto a organizaciones y actores del sector privado, consolidando un modelo de trabajo colaborativo que busca resultados concretos en cada comunidad. (Neuqu\u00e9n al instante)<\/p>\n\n\n\n<p>Lo que vuelve particularmente relevante a este programa es que combina educaci\u00f3n ambiental, participaci\u00f3n ciudadana y acci\u00f3n territorial, tres pilares que hoy se consideran fundamentales para enfrentar los desaf\u00edos del cambio clim\u00e1tico y la contaminaci\u00f3n. En Neuqu\u00e9n, donde conviven ecosistemas de enorme valor natural con actividades productivas intensivas, impulsar este tipo de iniciativas resulta clave para lograr un equilibrio entre desarrollo y sostenibilidad.<\/p>\n\n\n\n<p><strong>Qu\u00e9 es el programa Promotores Ambientales y por qu\u00e9 es clave para el futuro sostenible de Neuqu\u00e9n<\/strong><\/p>\n\n\n\n<p>El programa Promotores Ambientales naci\u00f3 con el objetivo de promover una mayor conciencia ecol\u00f3gica en las comunidades de la provincia y fomentar la participaci\u00f3n ciudadana en el cuidado del entorno. La iniciativa se basa en la formaci\u00f3n de referentes locales que puedan replicar en sus barrios, escuelas o instituciones conocimientos sobre gesti\u00f3n de residuos, reciclaje, cuidado del agua y protecci\u00f3n de los espacios verdes.<\/p>\n\n\n\n<p>A trav\u00e9s de talleres, capacitaciones y actividades comunitarias, los promotores reciben herramientas para convertirse en agentes de cambio dentro de sus propias localidades. De esta manera, el programa busca generar una transformaci\u00f3n cultural desde la base social, impulsando pr\u00e1cticas sostenibles que impacten directamente en la calidad de vida de las personas.<\/p>\n\n\n\n<p>Entre los principales ejes del programa se destacan la separaci\u00f3n de residuos en origen, el desarrollo de campa\u00f1as de reciclaje, la promoci\u00f3n del compostaje y la protecci\u00f3n del entorno natural. Tambi\u00e9n se promueve el trabajo articulado entre municipios, escuelas, organizaciones sociales y empresas, lo que permite ampliar el alcance de las acciones y fortalecer el impacto de las iniciativas ambientales.<\/p>\n\n\n\n<p>La importancia de este enfoque radica en que los problemas ambientales requieren soluciones colectivas. Ninguna pol\u00edtica p\u00fablica puede ser realmente efectiva sin el compromiso activo de la ciudadan\u00eda. Por eso, la formaci\u00f3n de promotores ambientales representa una herramienta estrat\u00e9gica para involucrar a la comunidad en la construcci\u00f3n de un futuro m\u00e1s sostenible.<\/p>\n\n\n\n<p><strong>Nuevas acciones del programa Promotores Ambientales en Neuqu\u00e9n<\/strong><\/p>\n\n\n\n<p>El reciente anuncio de nuevas acciones dentro del programa marca una etapa de consolidaci\u00f3n para esta pol\u00edtica ambiental. Las autoridades provinciales confirmaron que se fortalecer\u00e1n las actividades de formaci\u00f3n, el trabajo en territorio y la creaci\u00f3n de redes de cooperaci\u00f3n entre distintos actores sociales.<\/p>\n\n\n\n<p>Uno de los objetivos centrales es ampliar la cantidad de localidades que participan activamente en la iniciativa. Para lograrlo, se impulsar\u00e1n nuevas jornadas de capacitaci\u00f3n dirigidas a equipos municipales, docentes, estudiantes y organizaciones comunitarias. Estas instancias permitir\u00e1n compartir experiencias, generar proyectos ambientales y mejorar las estrategias de gesti\u00f3n de residuos en cada regi\u00f3n.<\/p>\n\n\n\n<p>Adem\u00e1s, se reforzar\u00e1n las campa\u00f1as de concientizaci\u00f3n ambiental destinadas a promover h\u00e1bitos responsables entre los ciudadanos. Estas campa\u00f1as incluir\u00e1n actividades educativas, charlas en escuelas, jornadas de limpieza comunitaria y eventos de sensibilizaci\u00f3n sobre temas clave como el reciclaje, el cuidado del agua y la reducci\u00f3n de la contaminaci\u00f3n.<\/p>\n\n\n\n<p>Otro aspecto importante ser\u00e1 el fortalecimiento de la red de promotores ambientales, que permitir\u00e1 conectar a distintos referentes locales y compartir buenas pr\u00e1cticas entre municipios. Esta red funciona como una plataforma de intercambio de experiencias y conocimientos, facilitando la coordinaci\u00f3n de acciones conjuntas y la implementaci\u00f3n de proyectos ambientales en diferentes territorios.<\/p>\n\n\n\n<p><strong>Educaci\u00f3n ambiental y reciclaje: los pilares del programa<\/strong><\/p>\n\n\n\n<p>La educaci\u00f3n ambiental es uno de los componentes centrales del programa de promotores ambientales en Neuqu\u00e9n. A trav\u00e9s de actividades educativas, talleres participativos y campa\u00f1as de sensibilizaci\u00f3n, se busca generar un mayor conocimiento sobre los problemas ambientales y las posibles soluciones.<\/p>\n\n\n\n<p>El reciclaje ocupa un lugar destacado dentro de estas acciones. La correcta separaci\u00f3n de residuos en origen es considerada una de las herramientas m\u00e1s efectivas para reducir la cantidad de basura que termina en los rellenos sanitarios y mejorar la gesti\u00f3n de los residuos s\u00f3lidos urbanos.<\/p>\n\n\n\n<p>En este sentido, el programa promueve la instalaci\u00f3n de ecopuntos y espacios de acopio donde los vecinos pueden depositar materiales reciclables como pl\u00e1stico, vidrio, papel o cart\u00f3n. Estas iniciativas permiten recuperar recursos que de otro modo se perder\u00edan y contribuyen a la econom\u00eda circular, un modelo que busca reducir el desperdicio y reutilizar los materiales.<\/p>\n\n\n\n<p>Adem\u00e1s, las campa\u00f1as educativas buscan explicar de forma sencilla c\u00f3mo separar los residuos en el hogar, qu\u00e9 materiales se pueden reciclar y cu\u00e1les son los beneficios ambientales de adoptar estas pr\u00e1cticas. Este tipo de acciones resulta fundamental para lograr cambios duraderos en los h\u00e1bitos de consumo y gesti\u00f3n de los residuos.<\/p>\n\n\n\n<p><strong>La participaci\u00f3n de j\u00f3venes y comunidades locales<\/strong><\/p>\n\n\n\n<p>Uno de los aspectos m\u00e1s destacados del programa es la fuerte participaci\u00f3n de j\u00f3venes y estudiantes en las actividades de educaci\u00f3n ambiental. La formaci\u00f3n de nuevas generaciones comprometidas con el cuidado del planeta es considerada una de las claves para garantizar la sostenibilidad a largo plazo.<\/p>\n\n\n\n<p>En varias localidades de la provincia se desarrollan talleres y proyectos que integran a estudiantes de nivel secundario, docentes y organizaciones sociales. Estas iniciativas buscan fomentar el protagonismo juvenil y generar espacios donde los j\u00f3venes puedan proponer soluciones innovadoras a los desaf\u00edos ambientales.<\/p>\n\n\n\n<p>Adem\u00e1s, la participaci\u00f3n comunitaria se extiende a otros actores sociales como comerciantes, vecinos, organizaciones no gubernamentales y equipos municipales. Esta diversidad de participantes permite que las acciones ambientales tengan un mayor impacto y se adapten a las necesidades espec\u00edficas de cada localidad.<\/p>\n\n\n\n<p>La experiencia demuestra que cuando las comunidades se involucran activamente en la gesti\u00f3n ambiental, los resultados suelen ser m\u00e1s efectivos y sostenibles en el tiempo.<\/p>\n\n\n\n<p><strong>El impacto del programa en la gesti\u00f3n de residuos y el cuidado del ambiente<\/strong><\/p>\n\n\n\n<p>Los resultados obtenidos hasta ahora muestran que el programa de promotores ambientales puede generar cambios concretos en la forma en que las comunidades gestionan sus residuos y se relacionan con el entorno natural.<\/p>\n\n\n\n<p>Las campa\u00f1as de reciclaje y separaci\u00f3n de residuos han permitido recuperar toneladas de materiales reciclables, reduciendo el impacto ambiental de los residuos urbanos. Adem\u00e1s, las actividades educativas han contribuido a aumentar la conciencia ambiental entre los ciudadanos.<\/p>\n\n\n\n<p>Otro impacto positivo del programa es la creaci\u00f3n de redes de cooperaci\u00f3n entre municipios, organizaciones y empresas. Estas alianzas permiten compartir recursos, conocimientos y experiencias, fortaleciendo la capacidad de las comunidades para enfrentar los desaf\u00edos ambientales.<\/p>\n\n\n\n<p>En un contexto global marcado por el cambio clim\u00e1tico y la creciente presi\u00f3n sobre los recursos naturales, iniciativas como esta adquieren una relevancia cada vez mayor.<\/p>\n\n\n\n<p><strong>Neuqu\u00e9n y su estrategia para construir una provincia m\u00e1s sostenible<\/strong><\/p>\n\n\n\n<p>El fortalecimiento del programa de promotores ambientales forma parte de una estrategia m\u00e1s amplia del gobierno provincial orientada a promover el desarrollo sostenible y la protecci\u00f3n del ambiente.<\/p>\n\n\n\n<p>En los \u00faltimos a\u00f1os, Neuqu\u00e9n ha impulsado diversas pol\u00edticas vinculadas con la educaci\u00f3n ambiental, la gesti\u00f3n de residuos y la preservaci\u00f3n de los recursos naturales. Entre ellas se destacan campa\u00f1as de concientizaci\u00f3n, programas educativos y proyectos de cooperaci\u00f3n con organizaciones sociales y empresas.<\/p>\n\n\n\n<p>Tambi\u00e9n se han desarrollado iniciativas destinadas a mejorar la fiscalizaci\u00f3n ambiental y garantizar el cumplimiento de las normativas vigentes en diferentes sectores productivos. Estas acciones buscan prevenir impactos negativos sobre el ambiente y promover pr\u00e1cticas m\u00e1s responsables en las actividades econ\u00f3micas. (Neuquen Informa)<\/p>\n\n\n\n<p>El desaf\u00edo ahora es profundizar estas pol\u00edticas y ampliar la participaci\u00f3n ciudadana en la construcci\u00f3n de soluciones ambientales.<\/p>\n\n\n\n<p><strong>Por qu\u00e9 los promotores ambientales pueden cambiar la cultura ecol\u00f3gica en la provincia<\/strong><\/p>\n\n\n\n<p>La experiencia internacional demuestra que los cambios culturales en materia ambiental no se producen \u00fanicamente a trav\u00e9s de leyes o regulaciones. Tambi\u00e9n requieren procesos educativos, participaci\u00f3n comunitaria y liderazgo local.<\/p>\n\n\n\n<p>En ese sentido, los promotores ambientales cumplen un rol fundamental al actuar como puentes entre las pol\u00edticas p\u00fablicas y la ciudadan\u00eda. Su trabajo permite traducir conceptos t\u00e9cnicos en acciones concretas que las personas pueden aplicar en su vida cotidiana.<\/p>\n\n\n\n<p>Adem\u00e1s, al tratarse de referentes locales, los promotores suelen tener una mayor capacidad de generar confianza y motivar la participaci\u00f3n de la comunidad. Esto facilita la implementaci\u00f3n de proyectos ambientales y aumenta las probabilidades de \u00e9xito de las iniciativas.<\/p>\n\n\n\n<p>Por estas razones, muchos especialistas consideran que programas de este tipo pueden ser herramientas clave para acelerar la transici\u00f3n hacia modelos de desarrollo m\u00e1s sostenibles.<\/p>\n\n\n\n<p>El <strong>desaf\u00edo ambiental que enfrenta Neuqu\u00e9n en los pr\u00f3ximos a\u00f1os<\/strong><\/p>\n\n\n\n<p>Neuqu\u00e9n es una provincia con una enorme riqueza natural. Sus paisajes incluyen monta\u00f1as, lagos, bosques y \u00e1reas protegidas de gran valor ecol\u00f3gico. Sin embargo, tambi\u00e9n enfrenta importantes desaf\u00edos ambientales vinculados al crecimiento urbano, la actividad productiva y el manejo de los residuos.<\/p>\n\n\n\n<p>En este contexto, fortalecer la educaci\u00f3n ambiental y promover la participaci\u00f3n ciudadana se vuelve una tarea imprescindible. Los programas de promotores ambientales representan una oportunidad para avanzar en esa direcci\u00f3n y construir una sociedad m\u00e1s consciente y comprometida con el cuidado del entorno.<\/p>\n\n\n\n<p>Si las nuevas acciones anunciadas logran consolidarse y expandirse a m\u00e1s localidades, es posible que en los pr\u00f3ximos a\u00f1os Neuqu\u00e9n se convierta en un referente regional en materia de participaci\u00f3n comunitaria y sostenibilidad.<\/p>\n\n\n\n<p><\/p>\n","protected":false},"excerpt":{"rendered":"","protected":false},"author":2,"featured_media":100833,"comment_status":"open","ping_status":"open","sticky":false,"template":"","format":"standard","meta":{"site-sidebar-layout":"default","site-content-layout":"","ast-site-content-layout":"default","site-content-style":"default","site-sidebar-style":"default","ast-global-header-display":"","ast-banner-title-visibility":"","ast-main-header-display":"","ast-hfb-above-header-display":"","ast-hfb-below-header-display":"","ast-hfb-mobile-header-display":"","site-post-title":"","ast-breadcrumbs-content":"","ast-featured-img":"","footer-sml-layout":"","ast-disable-related-posts":"","theme-transparent-header-meta":"","adv-header-id-meta":"","stick-header-meta":"","header-above-stick-meta":"","header-main-stick-meta":"","header-below-stick-meta":"","astra-migrate-meta-layouts":"default","ast-page-background-enabled":"default","ast-page-background-meta":{"desktop":{"background-color":"var(--ast-global-color-5)","background-image":"","background-repeat":"repeat","background-position":"center center","background-size":"auto","background-attachment":"scroll","background-type":"","background-media":"","overlay-type":"","overlay-color":"","overlay-opacity":"","overlay-gradient":""},"tablet":{"background-color":"","background-image":"","background-repeat":"repeat","background-position":"center center","background-size":"auto","background-attachment":"scroll","background-type":"","background-media":"","overlay-type":"","overlay-color":"","overlay-opacity":"","overlay-gradient":""},"mobile":{"background-color":"","background-image":"","background-repeat":"repeat","background-position":"center center","background-size":"auto","background-attachment":"scroll","background-type":"","background-media":"","overlay-type":"","overlay-color":"","overlay-opacity":"","overlay-gradient":""}},"ast-content-background-meta":{"desktop":{"background-color":"var(--ast-global-color-4)","background-image":"","background-repeat":"repeat","background-position":"center center","background-size":"auto","background-attachment":"scroll","background-type":"","background-media":"","overlay-type":"","overlay-color":"","overlay-opacity":"","overlay-gradient":""},"tablet":{"background-color":"var(--ast-global-color-4)","background-image":"","background-repeat":"repeat","background-position":"center center","background-size":"auto","background-attachment":"scroll","background-type":"","background-media":"","overlay-type":"","overlay-color":"","overlay-opacity":"","overlay-gradient":""},"mobile":{"background-color":"var(--ast-global-color-4)","background-image":"","background-repeat":"repeat","background-position":"center center","background-size":"auto","background-attachment":"scroll","background-type":"","background-media":"","overlay-type":"","overlay-color":"","overlay-opacity":"","overlay-gradient":""}},"footnotes":""},"categories":[3435,1],"tags":[],"class_list":["post-100832","post","type-post","status-publish","format-standard","has-post-thumbnail","hentry","category-desarrollo-sustentable","category-noticias"],"yoast_head":"<!-- This site is optimized with the Yoast SEO Premium plugin v23.0 (Yoast SEO v27.5) - https:\/\/yoast.com\/product\/yoast-seo-premium-wordpress\/ -->\n<title>El programa de Promotores Ambientales de Neuquen se expande con nuevas acciones que buscan transformar la conciencia ecol\u00f3gica en toda la provincia En los \u00faltimos a\u00f1os, el cuidado del ambiente dej\u00f3 de ser un tema exclusivo de especialistas o cient\u00edficos para convertirse en una prioridad<\/title>\n<meta name=\"description\" content=\"En los \u00faltimos a\u00f1os, el cuidado del ambiente dej\u00f3 de ser un tema exclusivo de especialistas o cient\u00edficos para convertirse en una prioridad\" \/>\n<meta name=\"robots\" content=\"index, follow, max-snippet:-1, max-image-preview:large, max-video-preview:-1\" \/>\n<link rel=\"canonical\" href=\"https:\/\/patagoniambiental.com.ar\/info\/programa-promotores-ambientales-neuquen\/\" \/>\n<meta property=\"og:locale\" content=\"es_ES\" \/>\n<meta property=\"og:type\" content=\"article\" \/>\n<meta property=\"og:title\" content=\"El programa de Promotores Ambientales de Neuquen se expande con nuevas acciones que buscan transformar la conciencia ecol\u00f3gica en toda la provincia\" \/>\n<meta property=\"og:description\" content=\"En los \u00faltimos a\u00f1os, el cuidado del ambiente dej\u00f3 de ser un tema exclusivo de especialistas o cient\u00edficos para convertirse en una prioridad\" \/>\n<meta property=\"og:url\" content=\"https:\/\/patagoniambiental.com.ar\/info\/programa-promotores-ambientales-neuquen\/\" \/>\n<meta property=\"og:site_name\" content=\"Patagonia Ambiental\" \/>\n<meta property=\"article:publisher\" content=\"https:\/\/www.facebook.com\/patagonia.ambiental\" \/>\n<meta property=\"article:author\" content=\"https:\/\/www.facebook.com\/share\/1C1V8Gv9BX\/?mibextid=qi2Omg\" \/>\n<meta property=\"article:published_time\" content=\"2026-03-08T12:44:54+00:00\" \/>\n<meta property=\"article:modified_time\" content=\"2026-03-09T12:51:05+00:00\" \/>\n<meta property=\"og:image\" content=\"https:\/\/patagoniambiental.com.ar\/info\/wp-content\/uploads\/2026\/03\/md-58.webp\" \/>\n\t<meta property=\"og:image:width\" content=\"992\" \/>\n\t<meta property=\"og:image:height\" content=\"661\" \/>\n\t<meta property=\"og:image:type\" content=\"image\/webp\" \/>\n<meta name=\"author\" content=\"Patagonia Ambiental\" \/>\n<meta name=\"twitter:card\" content=\"summary_large_image\" \/>\n<meta name=\"twitter:creator\" content=\"@PatAmb\" \/>\n<meta name=\"twitter:site\" content=\"@PatAmb\" \/>\n<script type=\"application\/ld+json\" class=\"yoast-schema-graph\">{\"@context\":\"https:\\\/\\\/schema.org\",\"@graph\":[{\"@type\":\"Article\",\"@id\":\"https:\\\/\\\/patagoniambiental.com.ar\\\/info\\\/programa-promotores-ambientales-neuquen\\\/#article\",\"isPartOf\":{\"@id\":\"https:\\\/\\\/patagoniambiental.com.ar\\\/info\\\/programa-promotores-ambientales-neuquen\\\/\"},\"author\":{\"name\":\"Patagonia Ambiental\",\"@id\":\"https:\\\/\\\/patagoniambiental.com.ar\\\/info\\\/#\\\/schema\\\/person\\\/db12bff64bbcbf6a253710bf0ea37b5d\"},\"headline\":\"El programa de Promotores Ambientales de Neuquen se expande con nuevas acciones que buscan transformar la conciencia ecol\u00f3gica en toda la provincia\",\"datePublished\":\"2026-03-08T12:44:54+00:00\",\"dateModified\":\"2026-03-09T12:51:05+00:00\",\"mainEntityOfPage\":{\"@id\":\"https:\\\/\\\/patagoniambiental.com.ar\\\/info\\\/programa-promotores-ambientales-neuquen\\\/\"},\"wordCount\":1855,\"commentCount\":0,\"publisher\":{\"@id\":\"https:\\\/\\\/patagoniambiental.com.ar\\\/info\\\/#organization\"},\"image\":{\"@id\":\"https:\\\/\\\/patagoniambiental.com.ar\\\/info\\\/programa-promotores-ambientales-neuquen\\\/#primaryimage\"},\"thumbnailUrl\":\"https:\\\/\\\/patagoniambiental.com.ar\\\/info\\\/wp-content\\\/uploads\\\/2026\\\/03\\\/md-58.webp\",\"articleSection\":[\"Desarrollo Sustentable\",\"Noticias\"],\"inLanguage\":\"es\",\"potentialAction\":[{\"@type\":\"CommentAction\",\"name\":\"Comment\",\"target\":[\"https:\\\/\\\/patagoniambiental.com.ar\\\/info\\\/programa-promotores-ambientales-neuquen\\\/#respond\"]}]},{\"@type\":\"WebPage\",\"@id\":\"https:\\\/\\\/patagoniambiental.com.ar\\\/info\\\/programa-promotores-ambientales-neuquen\\\/\",\"url\":\"https:\\\/\\\/patagoniambiental.com.ar\\\/info\\\/programa-promotores-ambientales-neuquen\\\/\",\"name\":\"El programa de Promotores Ambientales de Neuquen se expande con nuevas acciones que buscan transformar la conciencia ecol\u00f3gica en toda la provincia En los \u00faltimos a\u00f1os, el cuidado del ambiente dej\u00f3 de ser un tema exclusivo de especialistas o cient\u00edficos para convertirse en una prioridad\",\"isPartOf\":{\"@id\":\"https:\\\/\\\/patagoniambiental.com.ar\\\/info\\\/#website\"},\"primaryImageOfPage\":{\"@id\":\"https:\\\/\\\/patagoniambiental.com.ar\\\/info\\\/programa-promotores-ambientales-neuquen\\\/#primaryimage\"},\"image\":{\"@id\":\"https:\\\/\\\/patagoniambiental.com.ar\\\/info\\\/programa-promotores-ambientales-neuquen\\\/#primaryimage\"},\"thumbnailUrl\":\"https:\\\/\\\/patagoniambiental.com.ar\\\/info\\\/wp-content\\\/uploads\\\/2026\\\/03\\\/md-58.webp\",\"datePublished\":\"2026-03-08T12:44:54+00:00\",\"dateModified\":\"2026-03-09T12:51:05+00:00\",\"description\":\"En los \u00faltimos a\u00f1os, el cuidado del ambiente dej\u00f3 de ser un tema exclusivo de especialistas o cient\u00edficos para convertirse en una prioridad\",\"breadcrumb\":{\"@id\":\"https:\\\/\\\/patagoniambiental.com.ar\\\/info\\\/programa-promotores-ambientales-neuquen\\\/#breadcrumb\"},\"inLanguage\":\"es\",\"potentialAction\":[{\"@type\":\"ReadAction\",\"target\":[\"https:\\\/\\\/patagoniambiental.com.ar\\\/info\\\/programa-promotores-ambientales-neuquen\\\/\"]}]},{\"@type\":\"ImageObject\",\"inLanguage\":\"es\",\"@id\":\"https:\\\/\\\/patagoniambiental.com.ar\\\/info\\\/programa-promotores-ambientales-neuquen\\\/#primaryimage\",\"url\":\"https:\\\/\\\/patagoniambiental.com.ar\\\/info\\\/wp-content\\\/uploads\\\/2026\\\/03\\\/md-58.webp\",\"contentUrl\":\"https:\\\/\\\/patagoniambiental.com.ar\\\/info\\\/wp-content\\\/uploads\\\/2026\\\/03\\\/md-58.webp\",\"width\":992,\"height\":661,\"caption\":\"Cr\u00e9dito: Gobierno de Neuquen\"},{\"@type\":\"BreadcrumbList\",\"@id\":\"https:\\\/\\\/patagoniambiental.com.ar\\\/info\\\/programa-promotores-ambientales-neuquen\\\/#breadcrumb\",\"itemListElement\":[{\"@type\":\"ListItem\",\"position\":1,\"name\":\"Inicio\",\"item\":\"https:\\\/\\\/patagoniambiental.com.ar\\\/info\\\/\"},{\"@type\":\"ListItem\",\"position\":2,\"name\":\"El programa de Promotores Ambientales de Neuquen se expande con nuevas acciones que buscan transformar la conciencia ecol\u00f3gica en toda la provincia\"}]},{\"@type\":\"WebSite\",\"@id\":\"https:\\\/\\\/patagoniambiental.com.ar\\\/info\\\/#website\",\"url\":\"https:\\\/\\\/patagoniambiental.com.ar\\\/info\\\/\",\"name\":\"Patagonia Ambiental\",\"description\":\"Monitoreo y an\u00e1lisis de la situaci\u00f3n geopol\u00edtica en el mundo y su implicancia en la Patagonia\",\"publisher\":{\"@id\":\"https:\\\/\\\/patagoniambiental.com.ar\\\/info\\\/#organization\"},\"potentialAction\":[{\"@type\":\"SearchAction\",\"target\":{\"@type\":\"EntryPoint\",\"urlTemplate\":\"https:\\\/\\\/patagoniambiental.com.ar\\\/info\\\/?s={search_term_string}\"},\"query-input\":{\"@type\":\"PropertyValueSpecification\",\"valueRequired\":true,\"valueName\":\"search_term_string\"}}],\"inLanguage\":\"es\"},{\"@type\":\"Organization\",\"@id\":\"https:\\\/\\\/patagoniambiental.com.ar\\\/info\\\/#organization\",\"name\":\"Patagonia Ambiental\",\"url\":\"https:\\\/\\\/patagoniambiental.com.ar\\\/info\\\/\",\"logo\":{\"@type\":\"ImageObject\",\"inLanguage\":\"es\",\"@id\":\"https:\\\/\\\/patagoniambiental.com.ar\\\/info\\\/#\\\/schema\\\/logo\\\/image\\\/\",\"url\":\"https:\\\/\\\/patagoniambiental.com.ar\\\/info\\\/wp-content\\\/uploads\\\/2025\\\/05\\\/LOGO-PATAGONIA-AMBIENTAL.png\",\"contentUrl\":\"https:\\\/\\\/patagoniambiental.com.ar\\\/info\\\/wp-content\\\/uploads\\\/2025\\\/05\\\/LOGO-PATAGONIA-AMBIENTAL.png\",\"width\":433,\"height\":250,\"caption\":\"Patagonia Ambiental\"},\"image\":{\"@id\":\"https:\\\/\\\/patagoniambiental.com.ar\\\/info\\\/#\\\/schema\\\/logo\\\/image\\\/\"},\"sameAs\":[\"https:\\\/\\\/www.facebook.com\\\/patagonia.ambiental\",\"https:\\\/\\\/x.com\\\/PatAmb\"]},{\"@type\":\"Person\",\"@id\":\"https:\\\/\\\/patagoniambiental.com.ar\\\/info\\\/#\\\/schema\\\/person\\\/db12bff64bbcbf6a253710bf0ea37b5d\",\"name\":\"Patagonia Ambiental\",\"description\":\"Andr\u00e9s Nievas T\u00e9cnico en manejo ambiental, consultor Ambiental y escritor para medios locales e internacionales sobre temas de geopolitica y medio ambiente.\",\"sameAs\":[\"http:\\\/\\\/www.patagoniambiental.com.ar\",\"https:\\\/\\\/www.facebook.com\\\/share\\\/1C1V8Gv9BX\\\/?mibextid=qi2Omg\",\"@patagoniambiental\",\"https:\\\/\\\/youtube.com\\\/@patagoniaambiental2023?si=BLt58t0wuXquxlYZ\"]}]}<\/script>\n<!-- \/ Yoast SEO Premium plugin. -->","yoast_head_json":{"title":"El programa de Promotores Ambientales de Neuquen se expande con nuevas acciones que buscan transformar la conciencia ecol\u00f3gica en toda la provincia En los \u00faltimos a\u00f1os, el cuidado del ambiente dej\u00f3 de ser un tema exclusivo de especialistas o cient\u00edficos para convertirse en una prioridad","description":"En los \u00faltimos a\u00f1os, el cuidado del ambiente dej\u00f3 de ser un tema exclusivo de especialistas o cient\u00edficos para convertirse en una prioridad","robots":{"index":"index","follow":"follow","max-snippet":"max-snippet:-1","max-image-preview":"max-image-preview:large","max-video-preview":"max-video-preview:-1"},"canonical":"https:\/\/patagoniambiental.com.ar\/info\/programa-promotores-ambientales-neuquen\/","og_locale":"es_ES","og_type":"article","og_title":"El programa de Promotores Ambientales de Neuquen se expande con nuevas acciones que buscan transformar la conciencia ecol\u00f3gica en toda la provincia","og_description":"En los \u00faltimos a\u00f1os, el cuidado del ambiente dej\u00f3 de ser un tema exclusivo de especialistas o cient\u00edficos para convertirse en una prioridad","og_url":"https:\/\/patagoniambiental.com.ar\/info\/programa-promotores-ambientales-neuquen\/","og_site_name":"Patagonia Ambiental","article_publisher":"https:\/\/www.facebook.com\/patagonia.ambiental","article_author":"https:\/\/www.facebook.com\/share\/1C1V8Gv9BX\/?mibextid=qi2Omg","article_published_time":"2026-03-08T12:44:54+00:00","article_modified_time":"2026-03-09T12:51:05+00:00","og_image":[{"width":992,"height":661,"url":"https:\/\/patagoniambiental.com.ar\/info\/wp-content\/uploads\/2026\/03\/md-58.webp","type":"image\/webp"}],"author":"Patagonia Ambiental","twitter_card":"summary_large_image","twitter_creator":"@PatAmb","twitter_site":"@PatAmb","schema":{"@context":"https:\/\/schema.org","@graph":[{"@type":"Article","@id":"https:\/\/patagoniambiental.com.ar\/info\/programa-promotores-ambientales-neuquen\/#article","isPartOf":{"@id":"https:\/\/patagoniambiental.com.ar\/info\/programa-promotores-ambientales-neuquen\/"},"author":{"name":"Patagonia Ambiental","@id":"https:\/\/patagoniambiental.com.ar\/info\/#\/schema\/person\/db12bff64bbcbf6a253710bf0ea37b5d"},"headline":"El programa de Promotores Ambientales de Neuquen se expande con nuevas acciones que buscan transformar la conciencia ecol\u00f3gica en toda la provincia","datePublished":"2026-03-08T12:44:54+00:00","dateModified":"2026-03-09T12:51:05+00:00","mainEntityOfPage":{"@id":"https:\/\/patagoniambiental.com.ar\/info\/programa-promotores-ambientales-neuquen\/"},"wordCount":1855,"commentCount":0,"publisher":{"@id":"https:\/\/patagoniambiental.com.ar\/info\/#organization"},"image":{"@id":"https:\/\/patagoniambiental.com.ar\/info\/programa-promotores-ambientales-neuquen\/#primaryimage"},"thumbnailUrl":"https:\/\/patagoniambiental.com.ar\/info\/wp-content\/uploads\/2026\/03\/md-58.webp","articleSection":["Desarrollo Sustentable","Noticias"],"inLanguage":"es","potentialAction":[{"@type":"CommentAction","name":"Comment","target":["https:\/\/patagoniambiental.com.ar\/info\/programa-promotores-ambientales-neuquen\/#respond"]}]},{"@type":"WebPage","@id":"https:\/\/patagoniambiental.com.ar\/info\/programa-promotores-ambientales-neuquen\/","url":"https:\/\/patagoniambiental.com.ar\/info\/programa-promotores-ambientales-neuquen\/","name":"El programa de Promotores Ambientales de Neuquen se expande con nuevas acciones que buscan transformar la conciencia ecol\u00f3gica en toda la provincia En los \u00faltimos a\u00f1os, el cuidado del ambiente dej\u00f3 de ser un tema exclusivo de especialistas o cient\u00edficos para convertirse en una prioridad","isPartOf":{"@id":"https:\/\/patagoniambiental.com.ar\/info\/#website"},"primaryImageOfPage":{"@id":"https:\/\/patagoniambiental.com.ar\/info\/programa-promotores-ambientales-neuquen\/#primaryimage"},"image":{"@id":"https:\/\/patagoniambiental.com.ar\/info\/programa-promotores-ambientales-neuquen\/#primaryimage"},"thumbnailUrl":"https:\/\/patagoniambiental.com.ar\/info\/wp-content\/uploads\/2026\/03\/md-58.webp","datePublished":"2026-03-08T12:44:54+00:00","dateModified":"2026-03-09T12:51:05+00:00","description":"En los \u00faltimos a\u00f1os, el cuidado del ambiente dej\u00f3 de ser un tema exclusivo de especialistas o cient\u00edficos para convertirse en una prioridad","breadcrumb":{"@id":"https:\/\/patagoniambiental.com.ar\/info\/programa-promotores-ambientales-neuquen\/#breadcrumb"},"inLanguage":"es","potentialAction":[{"@type":"ReadAction","target":["https:\/\/patagoniambiental.com.ar\/info\/programa-promotores-ambientales-neuquen\/"]}]},{"@type":"ImageObject","inLanguage":"es","@id":"https:\/\/patagoniambiental.com.ar\/info\/programa-promotores-ambientales-neuquen\/#primaryimage","url":"https:\/\/patagoniambiental.com.ar\/info\/wp-content\/uploads\/2026\/03\/md-58.webp","contentUrl":"https:\/\/patagoniambiental.com.ar\/info\/wp-content\/uploads\/2026\/03\/md-58.webp","width":992,"height":661,"caption":"Cr\u00e9dito: Gobierno de Neuquen"},{"@type":"BreadcrumbList","@id":"https:\/\/patagoniambiental.com.ar\/info\/programa-promotores-ambientales-neuquen\/#breadcrumb","itemListElement":[{"@type":"ListItem","position":1,"name":"Inicio","item":"https:\/\/patagoniambiental.com.ar\/info\/"},{"@type":"ListItem","position":2,"name":"El programa de Promotores Ambientales de Neuquen se expande con nuevas acciones que buscan transformar la conciencia ecol\u00f3gica en toda la provincia"}]},{"@type":"WebSite","@id":"https:\/\/patagoniambiental.com.ar\/info\/#website","url":"https:\/\/patagoniambiental.com.ar\/info\/","name":"Patagonia Ambiental","description":"Monitoreo y an\u00e1lisis de la situaci\u00f3n geopol\u00edtica en el mundo y su implicancia en la Patagonia","publisher":{"@id":"https:\/\/patagoniambiental.com.ar\/info\/#organization"},"potentialAction":[{"@type":"SearchAction","target":{"@type":"EntryPoint","urlTemplate":"https:\/\/patagoniambiental.com.ar\/info\/?s={search_term_string}"},"query-input":{"@type":"PropertyValueSpecification","valueRequired":true,"valueName":"search_term_string"}}],"inLanguage":"es"},{"@type":"Organization","@id":"https:\/\/patagoniambiental.com.ar\/info\/#organization","name":"Patagonia Ambiental","url":"https:\/\/patagoniambiental.com.ar\/info\/","logo":{"@type":"ImageObject","inLanguage":"es","@id":"https:\/\/patagoniambiental.com.ar\/info\/#\/schema\/logo\/image\/","url":"https:\/\/patagoniambiental.com.ar\/info\/wp-content\/uploads\/2025\/05\/LOGO-PATAGONIA-AMBIENTAL.png","contentUrl":"https:\/\/patagoniambiental.com.ar\/info\/wp-content\/uploads\/2025\/05\/LOGO-PATAGONIA-AMBIENTAL.png","width":433,"height":250,"caption":"Patagonia Ambiental"},"image":{"@id":"https:\/\/patagoniambiental.com.ar\/info\/#\/schema\/logo\/image\/"},"sameAs":["https:\/\/www.facebook.com\/patagonia.ambiental","https:\/\/x.com\/PatAmb"]},{"@type":"Person","@id":"https:\/\/patagoniambiental.com.ar\/info\/#\/schema\/person\/db12bff64bbcbf6a253710bf0ea37b5d","name":"Patagonia Ambiental","description":"Andr\u00e9s Nievas T\u00e9cnico en manejo ambiental, consultor Ambiental y escritor para medios locales e internacionales sobre temas de geopolitica y medio ambiente.","sameAs":["http:\/\/www.patagoniambiental.com.ar","https:\/\/www.facebook.com\/share\/1C1V8Gv9BX\/?mibextid=qi2Omg","@patagoniambiental","https:\/\/youtube.com\/@patagoniaambiental2023?si=BLt58t0wuXquxlYZ"]}]}},"_links":{"self":[{"href":"https:\/\/patagoniambiental.com.ar\/info\/wp-json\/wp\/v2\/posts\/100832","targetHints":{"allow":["GET"]}}],"collection":[{"href":"https:\/\/patagoniambiental.com.ar\/info\/wp-json\/wp\/v2\/posts"}],"about":[{"href":"https:\/\/patagoniambiental.com.ar\/info\/wp-json\/wp\/v2\/types\/post"}],"author":[{"embeddable":true,"href":"https:\/\/patagoniambiental.com.ar\/info\/wp-json\/wp\/v2\/users\/2"}],"replies":[{"embeddable":true,"href":"https:\/\/patagoniambiental.com.ar\/info\/wp-json\/wp\/v2\/comments?post=100832"}],"version-history":[{"count":1,"href":"https:\/\/patagoniambiental.com.ar\/info\/wp-json\/wp\/v2\/posts\/100832\/revisions"}],"predecessor-version":[{"id":100834,"href":"https:\/\/patagoniambiental.com.ar\/info\/wp-json\/wp\/v2\/posts\/100832\/revisions\/100834"}],"wp:featuredmedia":[{"embeddable":true,"href":"https:\/\/patagoniambiental.com.ar\/info\/wp-json\/wp\/v2\/media\/100833"}],"wp:attachment":[{"href":"https:\/\/patagoniambiental.com.ar\/info\/wp-json\/wp\/v2\/media?parent=100832"}],"wp:term":[{"taxonomy":"category","embeddable":true,"href":"https:\/\/patagoniambiental.com.ar\/info\/wp-json\/wp\/v2\/categories?post=100832"},{"taxonomy":"post_tag","embeddable":true,"href":"https:\/\/patagoniambiental.com.ar\/info\/wp-json\/wp\/v2\/tags?post=100832"}],"curies":[{"name":"wp","href":"https:\/\/api.w.org\/{rel}","templated":true}]}}