{"id":10259,"date":"2015-04-20T09:00:51","date_gmt":"2015-04-20T12:00:51","guid":{"rendered":"http:\/\/patagoniambiental.com.ar\/?p=10259"},"modified":"2015-04-20T09:00:51","modified_gmt":"2015-04-20T12:00:51","slug":"avances-en-el-plan-de-gestion-de-residuos-planta-de-separacion-y-transferencia-de-residuos","status":"publish","type":"post","link":"https:\/\/patagoniambiental.com.ar\/info\/avances-en-el-plan-de-gestion-de-residuos-planta-de-separacion-y-transferencia-de-residuos\/","title":{"rendered":"Avances en el plan de gesti\u00f3n de residuos, planta de separaci\u00f3n y transferencia de residuos"},"content":{"rendered":"<p>Viedma.-El intendente Jos\u00e9 Luis Foulkes analiz\u00f3 con la Secretaria de Ambiente y Desarrollo Sustentable de Rio Negro,\u00a0 Dina Migani,\u00a0 y el Subsecretario del \u00e1rea,\u00a0 Guillermo Zeballos, los avances en el plan provincial GIRSU, y el estudio que se est\u00e1 llevando adelante acerca de las caracter\u00edsticas de la planta de separaci\u00f3n y transferencia de residuos para la ciudad de Viedma.<!--more--><\/p>\n<p>La semana pasada estuvieron en la ciudad t\u00e9cnicos de la consultora que lleva a cabo el estudio recorriendo nuevamente el basural y el predio de la futura localizaci\u00f3n de la planta.<\/p>\n<p>Las distintas estrategias implementadas por la Municipalidad recientemente, como los puntos de reciclaje y mejoras en el ordenamiento del sistema de recolecci\u00f3n de residuos forman parte del proyecto de la futura planta, es decir que el Municipio est\u00e1 anticipando acciones para la futura planta de separaci\u00f3n y transferencia.<\/p>\n<p>El proyecto tambi\u00e9n prev\u00e9 la adquisici\u00f3n de equipamiento, camiones y materiales,\u00a0 como m\u00e1s contenedores y campanas de los puntos de reciclaje.<\/p>\n<p>Adem\u00e1s\u00a0 se trataron temas para fortalecer programas y acciones de concientizaci\u00f3n y cuidados del medio ambiente en organismos p\u00fablicos e instituciones educativas.<\/p>\n<p>&nbsp;<\/p>\n<p>Fuente: Municipalidad de Viedma<\/p>\n<p>&nbsp;<\/p>\n<p>&nbsp;<\/p>\n","protected":false},"excerpt":{"rendered":"<p>Viedma.-El intendente Jos\u00e9 Luis Foulkes analiz\u00f3 con la Secretaria de Ambiente y Desarrollo Sustentable de Rio Negro,\u00a0 Dina Migani,\u00a0 y [&hellip;]<\/p>\n","protected":false},"author":2,"featured_media":10260,"comment_status":"closed","ping_status":"closed","sticky":false,"template":"","format":"standard","meta":{"site-sidebar-layout":"default","site-content-layout":"","ast-site-content-layout":"default","site-content-style":"default","site-sidebar-style":"default","ast-global-header-display":"","ast-banner-title-visibility":"","ast-main-header-display":"","ast-hfb-above-header-display":"","ast-hfb-below-header-display":"","ast-hfb-mobile-header-display":"","site-post-title":"","ast-breadcrumbs-content":"","ast-featured-img":"","footer-sml-layout":"","ast-disable-related-posts":"","theme-transparent-header-meta":"","adv-header-id-meta":"","stick-header-meta":"","header-above-stick-meta":"","header-main-stick-meta":"","header-below-stick-meta":"","astra-migrate-meta-layouts":"default","ast-page-background-enabled":"default","ast-page-background-meta":{"desktop":{"background-color":"var(--ast-global-color-5)","background-image":"","background-repeat":"repeat","background-position":"center center","background-size":"auto","background-attachment":"scroll","background-type":"","background-media":"","overlay-type":"","overlay-color":"","overlay-opacity":"","overlay-gradient":""},"tablet":{"background-color":"","background-image":"","background-repeat":"repeat","background-position":"center center","background-size":"auto","background-attachment":"scroll","background-type":"","background-media":"","overlay-type":"","overlay-color":"","overlay-opacity":"","overlay-gradient":""},"mobile":{"background-color":"","background-image":"","background-repeat":"repeat","background-position":"center center","background-size":"auto","background-attachment":"scroll","background-type":"","background-media":"","overlay-type":"","overlay-color":"","overlay-opacity":"","overlay-gradient":""}},"ast-content-background-meta":{"desktop":{"background-color":"var(--ast-global-color-4)","background-image":"","background-repeat":"repeat","background-position":"center center","background-size":"auto","background-attachment":"scroll","background-type":"","background-media":"","overlay-type":"","overlay-color":"","overlay-opacity":"","overlay-gradient":""},"tablet":{"background-color":"var(--ast-global-color-4)","background-image":"","background-repeat":"repeat","background-position":"center center","background-size":"auto","background-attachment":"scroll","background-type":"","background-media":"","overlay-type":"","overlay-color":"","overlay-opacity":"","overlay-gradient":""},"mobile":{"background-color":"var(--ast-global-color-4)","background-image":"","background-repeat":"repeat","background-position":"center center","background-size":"auto","background-attachment":"scroll","background-type":"","background-media":"","overlay-type":"","overlay-color":"","overlay-opacity":"","overlay-gradient":""}},"footnotes":""},"categories":[16,1],"tags":[65,284],"class_list":["post-10259","post","type-post","status-publish","format-standard","has-post-thumbnail","hentry","category-municipales","category-noticias","tag-ambiente","tag-girsu"],"yoast_head":"<!-- This site is optimized with the Yoast SEO Premium plugin v23.0 (Yoast SEO v27.5) - https:\/\/yoast.com\/product\/yoast-seo-premium-wordpress\/ -->\n<title>Avances en el plan de gesti\u00f3n de residuos, planta de separaci\u00f3n y transferencia de residuos<\/title>\n<meta name=\"robots\" content=\"index, follow, max-snippet:-1, max-image-preview:large, max-video-preview:-1\" \/>\n<link rel=\"canonical\" href=\"https:\/\/patagoniambiental.com.ar\/info\/avances-en-el-plan-de-gestion-de-residuos-planta-de-separacion-y-transferencia-de-residuos\/\" \/>\n<meta property=\"og:locale\" content=\"es_ES\" \/>\n<meta property=\"og:type\" content=\"article\" \/>\n<meta property=\"og:title\" content=\"Avances en el plan de gesti\u00f3n de residuos, planta de separaci\u00f3n y transferencia de residuos\" \/>\n<meta property=\"og:description\" content=\"Viedma.-El intendente Jos\u00e9 Luis Foulkes analiz\u00f3 con la Secretaria de Ambiente y Desarrollo Sustentable de Rio Negro,\u00a0 Dina Migani,\u00a0 y [&hellip;]\" \/>\n<meta property=\"og:url\" content=\"https:\/\/patagoniambiental.com.ar\/info\/avances-en-el-plan-de-gestion-de-residuos-planta-de-separacion-y-transferencia-de-residuos\/\" \/>\n<meta property=\"og:site_name\" content=\"Patagonia Ambiental\" \/>\n<meta property=\"article:publisher\" content=\"https:\/\/www.facebook.com\/patagonia.ambiental\" \/>\n<meta property=\"article:author\" content=\"https:\/\/www.facebook.com\/share\/1C1V8Gv9BX\/?mibextid=qi2Omg\" \/>\n<meta property=\"article:published_time\" content=\"2015-04-20T12:00:51+00:00\" \/>\n<meta name=\"author\" content=\"Patagonia Ambiental\" \/>\n<meta name=\"twitter:card\" content=\"summary_large_image\" \/>\n<meta name=\"twitter:creator\" content=\"@PatAmb\" \/>\n<meta name=\"twitter:site\" content=\"@PatAmb\" \/>\n<script type=\"application\/ld+json\" class=\"yoast-schema-graph\">{\"@context\":\"https:\\\/\\\/schema.org\",\"@graph\":[{\"@type\":\"Article\",\"@id\":\"https:\\\/\\\/patagoniambiental.com.ar\\\/info\\\/avances-en-el-plan-de-gestion-de-residuos-planta-de-separacion-y-transferencia-de-residuos\\\/#article\",\"isPartOf\":{\"@id\":\"https:\\\/\\\/patagoniambiental.com.ar\\\/info\\\/avances-en-el-plan-de-gestion-de-residuos-planta-de-separacion-y-transferencia-de-residuos\\\/\"},\"author\":{\"name\":\"Patagonia Ambiental\",\"@id\":\"https:\\\/\\\/patagoniambiental.com.ar\\\/info\\\/#\\\/schema\\\/person\\\/db12bff64bbcbf6a253710bf0ea37b5d\"},\"headline\":\"Avances en el plan de gesti\u00f3n de residuos, planta de separaci\u00f3n y transferencia de residuos\",\"datePublished\":\"2015-04-20T12:00:51+00:00\",\"mainEntityOfPage\":{\"@id\":\"https:\\\/\\\/patagoniambiental.com.ar\\\/info\\\/avances-en-el-plan-de-gestion-de-residuos-planta-de-separacion-y-transferencia-de-residuos\\\/\"},\"wordCount\":218,\"publisher\":{\"@id\":\"https:\\\/\\\/patagoniambiental.com.ar\\\/info\\\/#organization\"},\"image\":{\"@id\":\"https:\\\/\\\/patagoniambiental.com.ar\\\/info\\\/avances-en-el-plan-de-gestion-de-residuos-planta-de-separacion-y-transferencia-de-residuos\\\/#primaryimage\"},\"thumbnailUrl\":\"\",\"keywords\":[\"ambiente\",\"GIRSU\"],\"articleSection\":[\"Municipales\",\"Noticias\"],\"inLanguage\":\"es\"},{\"@type\":\"WebPage\",\"@id\":\"https:\\\/\\\/patagoniambiental.com.ar\\\/info\\\/avances-en-el-plan-de-gestion-de-residuos-planta-de-separacion-y-transferencia-de-residuos\\\/\",\"url\":\"https:\\\/\\\/patagoniambiental.com.ar\\\/info\\\/avances-en-el-plan-de-gestion-de-residuos-planta-de-separacion-y-transferencia-de-residuos\\\/\",\"name\":\"Avances en el plan de gesti\u00f3n de residuos, planta de separaci\u00f3n y transferencia de residuos\",\"isPartOf\":{\"@id\":\"https:\\\/\\\/patagoniambiental.com.ar\\\/info\\\/#website\"},\"primaryImageOfPage\":{\"@id\":\"https:\\\/\\\/patagoniambiental.com.ar\\\/info\\\/avances-en-el-plan-de-gestion-de-residuos-planta-de-separacion-y-transferencia-de-residuos\\\/#primaryimage\"},\"image\":{\"@id\":\"https:\\\/\\\/patagoniambiental.com.ar\\\/info\\\/avances-en-el-plan-de-gestion-de-residuos-planta-de-separacion-y-transferencia-de-residuos\\\/#primaryimage\"},\"thumbnailUrl\":\"\",\"datePublished\":\"2015-04-20T12:00:51+00:00\",\"breadcrumb\":{\"@id\":\"https:\\\/\\\/patagoniambiental.com.ar\\\/info\\\/avances-en-el-plan-de-gestion-de-residuos-planta-de-separacion-y-transferencia-de-residuos\\\/#breadcrumb\"},\"inLanguage\":\"es\",\"potentialAction\":[{\"@type\":\"ReadAction\",\"target\":[\"https:\\\/\\\/patagoniambiental.com.ar\\\/info\\\/avances-en-el-plan-de-gestion-de-residuos-planta-de-separacion-y-transferencia-de-residuos\\\/\"]}]},{\"@type\":\"ImageObject\",\"inLanguage\":\"es\",\"@id\":\"https:\\\/\\\/patagoniambiental.com.ar\\\/info\\\/avances-en-el-plan-de-gestion-de-residuos-planta-de-separacion-y-transferencia-de-residuos\\\/#primaryimage\",\"url\":\"\",\"contentUrl\":\"\"},{\"@type\":\"BreadcrumbList\",\"@id\":\"https:\\\/\\\/patagoniambiental.com.ar\\\/info\\\/avances-en-el-plan-de-gestion-de-residuos-planta-de-separacion-y-transferencia-de-residuos\\\/#breadcrumb\",\"itemListElement\":[{\"@type\":\"ListItem\",\"position\":1,\"name\":\"Inicio\",\"item\":\"https:\\\/\\\/patagoniambiental.com.ar\\\/info\\\/\"},{\"@type\":\"ListItem\",\"position\":2,\"name\":\"Avances en el plan de gesti\u00f3n de residuos, planta de separaci\u00f3n y transferencia de residuos\"}]},{\"@type\":\"WebSite\",\"@id\":\"https:\\\/\\\/patagoniambiental.com.ar\\\/info\\\/#website\",\"url\":\"https:\\\/\\\/patagoniambiental.com.ar\\\/info\\\/\",\"name\":\"Patagonia Ambiental\",\"description\":\"Monitoreo y an\u00e1lisis de la situaci\u00f3n geopol\u00edtica en el mundo y su implicancia en la Patagonia\",\"publisher\":{\"@id\":\"https:\\\/\\\/patagoniambiental.com.ar\\\/info\\\/#organization\"},\"potentialAction\":[{\"@type\":\"SearchAction\",\"target\":{\"@type\":\"EntryPoint\",\"urlTemplate\":\"https:\\\/\\\/patagoniambiental.com.ar\\\/info\\\/?s={search_term_string}\"},\"query-input\":{\"@type\":\"PropertyValueSpecification\",\"valueRequired\":true,\"valueName\":\"search_term_string\"}}],\"inLanguage\":\"es\"},{\"@type\":\"Organization\",\"@id\":\"https:\\\/\\\/patagoniambiental.com.ar\\\/info\\\/#organization\",\"name\":\"Patagonia Ambiental\",\"url\":\"https:\\\/\\\/patagoniambiental.com.ar\\\/info\\\/\",\"logo\":{\"@type\":\"ImageObject\",\"inLanguage\":\"es\",\"@id\":\"https:\\\/\\\/patagoniambiental.com.ar\\\/info\\\/#\\\/schema\\\/logo\\\/image\\\/\",\"url\":\"https:\\\/\\\/patagoniambiental.com.ar\\\/info\\\/wp-content\\\/uploads\\\/2025\\\/05\\\/LOGO-PATAGONIA-AMBIENTAL.png\",\"contentUrl\":\"https:\\\/\\\/patagoniambiental.com.ar\\\/info\\\/wp-content\\\/uploads\\\/2025\\\/05\\\/LOGO-PATAGONIA-AMBIENTAL.png\",\"width\":433,\"height\":250,\"caption\":\"Patagonia Ambiental\"},\"image\":{\"@id\":\"https:\\\/\\\/patagoniambiental.com.ar\\\/info\\\/#\\\/schema\\\/logo\\\/image\\\/\"},\"sameAs\":[\"https:\\\/\\\/www.facebook.com\\\/patagonia.ambiental\",\"https:\\\/\\\/x.com\\\/PatAmb\"]},{\"@type\":\"Person\",\"@id\":\"https:\\\/\\\/patagoniambiental.com.ar\\\/info\\\/#\\\/schema\\\/person\\\/db12bff64bbcbf6a253710bf0ea37b5d\",\"name\":\"Patagonia Ambiental\",\"description\":\"Andr\u00e9s Nievas T\u00e9cnico en manejo ambiental, consultor Ambiental y escritor para medios locales e internacionales sobre temas de geopolitica y medio ambiente.\",\"sameAs\":[\"http:\\\/\\\/www.patagoniambiental.com.ar\",\"https:\\\/\\\/www.facebook.com\\\/share\\\/1C1V8Gv9BX\\\/?mibextid=qi2Omg\",\"@patagoniambiental\",\"https:\\\/\\\/youtube.com\\\/@patagoniaambiental2023?si=BLt58t0wuXquxlYZ\"]}]}<\/script>\n<!-- \/ Yoast SEO Premium plugin. -->","yoast_head_json":{"title":"Avances en el plan de gesti\u00f3n de residuos, planta de separaci\u00f3n y transferencia de residuos","robots":{"index":"index","follow":"follow","max-snippet":"max-snippet:-1","max-image-preview":"max-image-preview:large","max-video-preview":"max-video-preview:-1"},"canonical":"https:\/\/patagoniambiental.com.ar\/info\/avances-en-el-plan-de-gestion-de-residuos-planta-de-separacion-y-transferencia-de-residuos\/","og_locale":"es_ES","og_type":"article","og_title":"Avances en el plan de gesti\u00f3n de residuos, planta de separaci\u00f3n y transferencia de residuos","og_description":"Viedma.-El intendente Jos\u00e9 Luis Foulkes analiz\u00f3 con la Secretaria de Ambiente y Desarrollo Sustentable de Rio Negro,\u00a0 Dina Migani,\u00a0 y [&hellip;]","og_url":"https:\/\/patagoniambiental.com.ar\/info\/avances-en-el-plan-de-gestion-de-residuos-planta-de-separacion-y-transferencia-de-residuos\/","og_site_name":"Patagonia Ambiental","article_publisher":"https:\/\/www.facebook.com\/patagonia.ambiental","article_author":"https:\/\/www.facebook.com\/share\/1C1V8Gv9BX\/?mibextid=qi2Omg","article_published_time":"2015-04-20T12:00:51+00:00","author":"Patagonia Ambiental","twitter_card":"summary_large_image","twitter_creator":"@PatAmb","twitter_site":"@PatAmb","schema":{"@context":"https:\/\/schema.org","@graph":[{"@type":"Article","@id":"https:\/\/patagoniambiental.com.ar\/info\/avances-en-el-plan-de-gestion-de-residuos-planta-de-separacion-y-transferencia-de-residuos\/#article","isPartOf":{"@id":"https:\/\/patagoniambiental.com.ar\/info\/avances-en-el-plan-de-gestion-de-residuos-planta-de-separacion-y-transferencia-de-residuos\/"},"author":{"name":"Patagonia Ambiental","@id":"https:\/\/patagoniambiental.com.ar\/info\/#\/schema\/person\/db12bff64bbcbf6a253710bf0ea37b5d"},"headline":"Avances en el plan de gesti\u00f3n de residuos, planta de separaci\u00f3n y transferencia de residuos","datePublished":"2015-04-20T12:00:51+00:00","mainEntityOfPage":{"@id":"https:\/\/patagoniambiental.com.ar\/info\/avances-en-el-plan-de-gestion-de-residuos-planta-de-separacion-y-transferencia-de-residuos\/"},"wordCount":218,"publisher":{"@id":"https:\/\/patagoniambiental.com.ar\/info\/#organization"},"image":{"@id":"https:\/\/patagoniambiental.com.ar\/info\/avances-en-el-plan-de-gestion-de-residuos-planta-de-separacion-y-transferencia-de-residuos\/#primaryimage"},"thumbnailUrl":"","keywords":["ambiente","GIRSU"],"articleSection":["Municipales","Noticias"],"inLanguage":"es"},{"@type":"WebPage","@id":"https:\/\/patagoniambiental.com.ar\/info\/avances-en-el-plan-de-gestion-de-residuos-planta-de-separacion-y-transferencia-de-residuos\/","url":"https:\/\/patagoniambiental.com.ar\/info\/avances-en-el-plan-de-gestion-de-residuos-planta-de-separacion-y-transferencia-de-residuos\/","name":"Avances en el plan de gesti\u00f3n de residuos, planta de separaci\u00f3n y transferencia de residuos","isPartOf":{"@id":"https:\/\/patagoniambiental.com.ar\/info\/#website"},"primaryImageOfPage":{"@id":"https:\/\/patagoniambiental.com.ar\/info\/avances-en-el-plan-de-gestion-de-residuos-planta-de-separacion-y-transferencia-de-residuos\/#primaryimage"},"image":{"@id":"https:\/\/patagoniambiental.com.ar\/info\/avances-en-el-plan-de-gestion-de-residuos-planta-de-separacion-y-transferencia-de-residuos\/#primaryimage"},"thumbnailUrl":"","datePublished":"2015-04-20T12:00:51+00:00","breadcrumb":{"@id":"https:\/\/patagoniambiental.com.ar\/info\/avances-en-el-plan-de-gestion-de-residuos-planta-de-separacion-y-transferencia-de-residuos\/#breadcrumb"},"inLanguage":"es","potentialAction":[{"@type":"ReadAction","target":["https:\/\/patagoniambiental.com.ar\/info\/avances-en-el-plan-de-gestion-de-residuos-planta-de-separacion-y-transferencia-de-residuos\/"]}]},{"@type":"ImageObject","inLanguage":"es","@id":"https:\/\/patagoniambiental.com.ar\/info\/avances-en-el-plan-de-gestion-de-residuos-planta-de-separacion-y-transferencia-de-residuos\/#primaryimage","url":"","contentUrl":""},{"@type":"BreadcrumbList","@id":"https:\/\/patagoniambiental.com.ar\/info\/avances-en-el-plan-de-gestion-de-residuos-planta-de-separacion-y-transferencia-de-residuos\/#breadcrumb","itemListElement":[{"@type":"ListItem","position":1,"name":"Inicio","item":"https:\/\/patagoniambiental.com.ar\/info\/"},{"@type":"ListItem","position":2,"name":"Avances en el plan de gesti\u00f3n de residuos, planta de separaci\u00f3n y transferencia de residuos"}]},{"@type":"WebSite","@id":"https:\/\/patagoniambiental.com.ar\/info\/#website","url":"https:\/\/patagoniambiental.com.ar\/info\/","name":"Patagonia Ambiental","description":"Monitoreo y an\u00e1lisis de la situaci\u00f3n geopol\u00edtica en el mundo y su implicancia en la Patagonia","publisher":{"@id":"https:\/\/patagoniambiental.com.ar\/info\/#organization"},"potentialAction":[{"@type":"SearchAction","target":{"@type":"EntryPoint","urlTemplate":"https:\/\/patagoniambiental.com.ar\/info\/?s={search_term_string}"},"query-input":{"@type":"PropertyValueSpecification","valueRequired":true,"valueName":"search_term_string"}}],"inLanguage":"es"},{"@type":"Organization","@id":"https:\/\/patagoniambiental.com.ar\/info\/#organization","name":"Patagonia Ambiental","url":"https:\/\/patagoniambiental.com.ar\/info\/","logo":{"@type":"ImageObject","inLanguage":"es","@id":"https:\/\/patagoniambiental.com.ar\/info\/#\/schema\/logo\/image\/","url":"https:\/\/patagoniambiental.com.ar\/info\/wp-content\/uploads\/2025\/05\/LOGO-PATAGONIA-AMBIENTAL.png","contentUrl":"https:\/\/patagoniambiental.com.ar\/info\/wp-content\/uploads\/2025\/05\/LOGO-PATAGONIA-AMBIENTAL.png","width":433,"height":250,"caption":"Patagonia Ambiental"},"image":{"@id":"https:\/\/patagoniambiental.com.ar\/info\/#\/schema\/logo\/image\/"},"sameAs":["https:\/\/www.facebook.com\/patagonia.ambiental","https:\/\/x.com\/PatAmb"]},{"@type":"Person","@id":"https:\/\/patagoniambiental.com.ar\/info\/#\/schema\/person\/db12bff64bbcbf6a253710bf0ea37b5d","name":"Patagonia Ambiental","description":"Andr\u00e9s Nievas T\u00e9cnico en manejo ambiental, consultor Ambiental y escritor para medios locales e internacionales sobre temas de geopolitica y medio ambiente.","sameAs":["http:\/\/www.patagoniambiental.com.ar","https:\/\/www.facebook.com\/share\/1C1V8Gv9BX\/?mibextid=qi2Omg","@patagoniambiental","https:\/\/youtube.com\/@patagoniaambiental2023?si=BLt58t0wuXquxlYZ"]}]}},"_links":{"self":[{"href":"https:\/\/patagoniambiental.com.ar\/info\/wp-json\/wp\/v2\/posts\/10259","targetHints":{"allow":["GET"]}}],"collection":[{"href":"https:\/\/patagoniambiental.com.ar\/info\/wp-json\/wp\/v2\/posts"}],"about":[{"href":"https:\/\/patagoniambiental.com.ar\/info\/wp-json\/wp\/v2\/types\/post"}],"author":[{"embeddable":true,"href":"https:\/\/patagoniambiental.com.ar\/info\/wp-json\/wp\/v2\/users\/2"}],"replies":[{"embeddable":true,"href":"https:\/\/patagoniambiental.com.ar\/info\/wp-json\/wp\/v2\/comments?post=10259"}],"version-history":[{"count":0,"href":"https:\/\/patagoniambiental.com.ar\/info\/wp-json\/wp\/v2\/posts\/10259\/revisions"}],"wp:featuredmedia":[{"embeddable":true,"href":"https:\/\/patagoniambiental.com.ar\/info\/wp-json\/"}],"wp:attachment":[{"href":"https:\/\/patagoniambiental.com.ar\/info\/wp-json\/wp\/v2\/media?parent=10259"}],"wp:term":[{"taxonomy":"category","embeddable":true,"href":"https:\/\/patagoniambiental.com.ar\/info\/wp-json\/wp\/v2\/categories?post=10259"},{"taxonomy":"post_tag","embeddable":true,"href":"https:\/\/patagoniambiental.com.ar\/info\/wp-json\/wp\/v2\/tags?post=10259"}],"curies":[{"name":"wp","href":"https:\/\/api.w.org\/{rel}","templated":true}]}}