{"id":10705,"date":"2015-04-29T19:00:30","date_gmt":"2015-04-29T22:00:30","guid":{"rendered":"http:\/\/patagoniambiental.com.ar\/?p=10705"},"modified":"2015-04-29T19:00:30","modified_gmt":"2015-04-29T22:00:30","slug":"el-foro-permanente-sobre-identidad-y-cultura-en-la-patagonia-presenta-la-conferenciaperros-zorros-y-seres-humanos-en-patagonia-prehispanica","status":"publish","type":"post","link":"https:\/\/patagoniambiental.com.ar\/info\/el-foro-permanente-sobre-identidad-y-cultura-en-la-patagonia-presenta-la-conferenciaperros-zorros-y-seres-humanos-en-patagonia-prehispanica\/","title":{"rendered":"El Foro Permanente sobre Identidad y Cultura en la Patagonia presenta la conferencia:\u201cPerros, zorros y seres humanos en Patagonia prehisp\u00e1nica\u201d"},"content":{"rendered":"<p>Viedma.- El Foro Permanente sobre Identidad y Cultura en la Patagonia (FOPICPA) presenta la conferencia: \u201cPerros, zorros y seres humanos en Patagonia prehisp\u00e1nica\u201d, dictada por el Dr. Luciano Prates, investigador del Conicet y docente de la Facultad de Ciencias Naturales y Museo de la Universidad Nacional de La Plata (UNLP).<!--more--><\/p>\n<p>El evento se llevar\u00e1 a cabo el martes 5 de mayo a las 19:00 hs. en la Manzana Hist\u00f3rica de Viedma, Col\u00f3n 450. La entrada es libre.<\/p>\n<p>Los c\u00e1nidos y los seres humanos han interactuado de manera intensa y ambigua desde hace miles de a\u00f1os y a lo largo del mundo. En esta conferencia se discute sobre las estrechas relaciones mostradas por ambos en el Cono Sur, especialmente Patagonia, durante tiempos prehisp\u00e1nicos (sobre todo despu\u00e9s de los 3000 a\u00f1os antes del presente). El \u00e9nfasis ser\u00e1 puesto, por un lado, en la dispersi\u00f3n de los perros y en su posible impacto en la vida de los cazadores recolectores locales y, por otro, en el v\u00ednculo especial entre las mismas sociedades y algunos c\u00e1nidos silvestres aut\u00f3ctonos.<\/p>\n<p>Martes 05\/05, 19 hs. \u2013 Manzana Hist\u00f3rica de Viedma, Col\u00f3n 450.<\/p>\n<p>Matr\u00edcula abierta y gratuita \u2013 No requiere inscripci\u00f3n previa<\/p>\n<p>Contacto e informaci\u00f3n adicional: fopicpa@unrn.edu.ar<\/p>\n<p>&nbsp;<\/p>\n<p><strong>Foro Permanente sobre Identidad y Cultura en la Patagonia<\/strong><\/p>\n<p>El Foro constituye un espacio plural de discusi\u00f3n y debate en torno a la tem\u00e1tica de la identidad y la cultura en la Patagonia que es, a su vez, convocante, integrador y articulador de las diferentes manifestaciones y espacios culturales presentes en la sociedad actual. Surge del creciente inter\u00e9s presente en distintos grupos y actores de la sociedad, de profundizar en la materia tanto a nivel local como regional. El Foro realiza reuniones peri\u00f3dicas en las que se invita a conferencistas destacados para abordar temas de relevancia vinculados a la problem\u00e1tica. Si bien su naturaleza es en primera instancia acad\u00e9mica, como espacio de reflexi\u00f3n-acci\u00f3n se propone la articulaci\u00f3n con los referentes de la actividad cultural, a la vez que busca la participaci\u00f3n amplia de la ciudadan\u00eda: se trata de reuniones y debates que cuentan con la participaci\u00f3n de artistas locales como generadores de identidad y practicantes de la cultura patag\u00f3nica, y se proponen abiertas al p\u00fablico en general donde se da lugar a todas las voces bajo el principio un\u00e1nime del respeto a las personas y sus ideas.<\/p>\n<p>El Foro es producto de los trabajos de un grupo de personas interesadas en los problemas de identidad y cultura y es impulsado por la Universidad Nacional de R\u00edo Negro (Instituto de Investigaci\u00f3n en Pol\u00edticas P\u00fablicas y Gobierno, Sede Atl\u00e1ntica), la Universidad Nacional del Comahue (Secretar\u00eda de Extensi\u00f3n y Departamento de Estudios Pol\u00edticos, CURZA), el Museo Hist\u00f3rico Regional \u201cEmma Nozzi\u201d y la Asociaci\u00f3n \u201cAmigos de lo Nuestro\u201d.<\/p>\n<p>Sus prop\u00f3sitos son:<br \/>\n1.<br \/>\nDesarrollar, estimular y difundir las reflexiones sobre identidad y cultura, enfocando centralmente el \u00e1mbito local, Viedma-Patagones, y el nivel regional, la Patagonia.<\/p>\n<p>2.<br \/>\nPresentar y compartir resultados y avances de investigaci\u00f3n en esta \u00e1rea de estudios y generar nuevos conocimientos e indagaciones.<\/p>\n<p>3.<br \/>\nGenerar un grupo de reflexi\u00f3n de base acad\u00e9mica multidisciplinaria, que incorpore en forma crucial los puntos de vista de los distintos actores interesados en la tem\u00e1tica.<\/p>\n<p>4.<br \/>\nEstablecer di\u00e1logos y colaboraciones entre investigadores de diferentes instituciones acad\u00e9micas y con distintas organizaciones de la sociedad.<\/p>\n<p>5.<br \/>\nArticular los espacios acad\u00e9micos con las manifestaciones culturales de la sociedad civil, en diferentes tipos de instituciones y asociaciones que convocan a la ciudadan\u00eda y son a su vez generadoras de identidades y cultura.<\/p>\n<p>6.<br \/>\nEstablecer una agenda de temas espec\u00edficos que oriente los debates en torno a identidad y cultura a nivel local y regional.<br \/>\nCoordinadores: Lic. Jes\u00fas Andr\u00e9s, Asociaci\u00f3n \u201cAmigos de lo Nuestro\u201d &#8211; Dr. Javier Serrano, UNRN &#8211; Lic. Jorge Bustos, Museo Hist\u00f3rico Regional \u201cEmma Nozzi\u201d, Banco de la Pcia. de Buenos Aires &#8211; Lic. Daniela Miranda, UNCo, CURZA.<br \/>\n\u00c1rea Prensa y Comunicaci\u00f3n<\/p>\n<p>SEDE ATL\u00c1NTICA UNRN<\/p>\n<p>&nbsp;<\/p>\n","protected":false},"excerpt":{"rendered":"<p>Viedma.- El Foro Permanente sobre Identidad y Cultura en la Patagonia (FOPICPA) presenta la conferencia: \u201cPerros, zorros y seres humanos [&hellip;]<\/p>\n","protected":false},"author":2,"featured_media":10706,"comment_status":"closed","ping_status":"closed","sticky":false,"template":"","format":"standard","meta":{"site-sidebar-layout":"default","site-content-layout":"","ast-site-content-layout":"default","site-content-style":"default","site-sidebar-style":"default","ast-global-header-display":"","ast-banner-title-visibility":"","ast-main-header-display":"","ast-hfb-above-header-display":"","ast-hfb-below-header-display":"","ast-hfb-mobile-header-display":"","site-post-title":"","ast-breadcrumbs-content":"","ast-featured-img":"","footer-sml-layout":"","ast-disable-related-posts":"","theme-transparent-header-meta":"","adv-header-id-meta":"","stick-header-meta":"","header-above-stick-meta":"","header-main-stick-meta":"","header-below-stick-meta":"","astra-migrate-meta-layouts":"default","ast-page-background-enabled":"default","ast-page-background-meta":{"desktop":{"background-color":"var(--ast-global-color-5)","background-image":"","background-repeat":"repeat","background-position":"center center","background-size":"auto","background-attachment":"scroll","background-type":"","background-media":"","overlay-type":"","overlay-color":"","overlay-opacity":"","overlay-gradient":""},"tablet":{"background-color":"","background-image":"","background-repeat":"repeat","background-position":"center center","background-size":"auto","background-attachment":"scroll","background-type":"","background-media":"","overlay-type":"","overlay-color":"","overlay-opacity":"","overlay-gradient":""},"mobile":{"background-color":"","background-image":"","background-repeat":"repeat","background-position":"center center","background-size":"auto","background-attachment":"scroll","background-type":"","background-media":"","overlay-type":"","overlay-color":"","overlay-opacity":"","overlay-gradient":""}},"ast-content-background-meta":{"desktop":{"background-color":"var(--ast-global-color-4)","background-image":"","background-repeat":"repeat","background-position":"center center","background-size":"auto","background-attachment":"scroll","background-type":"","background-media":"","overlay-type":"","overlay-color":"","overlay-opacity":"","overlay-gradient":""},"tablet":{"background-color":"var(--ast-global-color-4)","background-image":"","background-repeat":"repeat","background-position":"center center","background-size":"auto","background-attachment":"scroll","background-type":"","background-media":"","overlay-type":"","overlay-color":"","overlay-opacity":"","overlay-gradient":""},"mobile":{"background-color":"var(--ast-global-color-4)","background-image":"","background-repeat":"repeat","background-position":"center center","background-size":"auto","background-attachment":"scroll","background-type":"","background-media":"","overlay-type":"","overlay-color":"","overlay-opacity":"","overlay-gradient":""}},"footnotes":""},"categories":[12,1],"tags":[1319,3200,3201,103],"class_list":["post-10705","post","type-post","status-publish","format-standard","has-post-thumbnail","hentry","category-agenda-ambiental","category-noticias","tag-curza","tag-fopicpa","tag-unlap","tag-unrn"],"yoast_head":"<!-- This site is optimized with the Yoast SEO Premium plugin v23.0 (Yoast SEO v27.5) - https:\/\/yoast.com\/product\/yoast-seo-premium-wordpress\/ -->\n<title>El Foro Permanente sobre Identidad y Cultura en la Patagonia presenta la conferencia:\u201cPerros, zorros y seres humanos en Patagonia prehisp\u00e1nica\u201d<\/title>\n<meta name=\"robots\" content=\"index, follow, max-snippet:-1, max-image-preview:large, max-video-preview:-1\" \/>\n<link rel=\"canonical\" href=\"https:\/\/patagoniambiental.com.ar\/info\/el-foro-permanente-sobre-identidad-y-cultura-en-la-patagonia-presenta-la-conferenciaperros-zorros-y-seres-humanos-en-patagonia-prehispanica\/\" \/>\n<meta property=\"og:locale\" content=\"es_ES\" \/>\n<meta property=\"og:type\" content=\"article\" \/>\n<meta property=\"og:title\" content=\"El Foro Permanente sobre Identidad y Cultura en la Patagonia presenta la conferencia:\u201cPerros, zorros y seres humanos en Patagonia prehisp\u00e1nica\u201d\" \/>\n<meta property=\"og:description\" content=\"Viedma.- El Foro Permanente sobre Identidad y Cultura en la Patagonia (FOPICPA) presenta la conferencia: \u201cPerros, zorros y seres humanos [&hellip;]\" \/>\n<meta property=\"og:url\" content=\"https:\/\/patagoniambiental.com.ar\/info\/el-foro-permanente-sobre-identidad-y-cultura-en-la-patagonia-presenta-la-conferenciaperros-zorros-y-seres-humanos-en-patagonia-prehispanica\/\" \/>\n<meta property=\"og:site_name\" content=\"Patagonia Ambiental\" \/>\n<meta property=\"article:publisher\" content=\"https:\/\/www.facebook.com\/patagonia.ambiental\" \/>\n<meta property=\"article:author\" content=\"https:\/\/www.facebook.com\/share\/1C1V8Gv9BX\/?mibextid=qi2Omg\" \/>\n<meta property=\"article:published_time\" content=\"2015-04-29T22:00:30+00:00\" \/>\n<meta name=\"author\" content=\"Patagonia Ambiental\" \/>\n<meta name=\"twitter:card\" content=\"summary_large_image\" \/>\n<meta name=\"twitter:creator\" content=\"@PatAmb\" \/>\n<meta name=\"twitter:site\" content=\"@PatAmb\" \/>\n<script type=\"application\/ld+json\" class=\"yoast-schema-graph\">{\"@context\":\"https:\\\/\\\/schema.org\",\"@graph\":[{\"@type\":\"Article\",\"@id\":\"https:\\\/\\\/patagoniambiental.com.ar\\\/info\\\/el-foro-permanente-sobre-identidad-y-cultura-en-la-patagonia-presenta-la-conferenciaperros-zorros-y-seres-humanos-en-patagonia-prehispanica\\\/#article\",\"isPartOf\":{\"@id\":\"https:\\\/\\\/patagoniambiental.com.ar\\\/info\\\/el-foro-permanente-sobre-identidad-y-cultura-en-la-patagonia-presenta-la-conferenciaperros-zorros-y-seres-humanos-en-patagonia-prehispanica\\\/\"},\"author\":{\"name\":\"Patagonia Ambiental\",\"@id\":\"https:\\\/\\\/patagoniambiental.com.ar\\\/info\\\/#\\\/schema\\\/person\\\/db12bff64bbcbf6a253710bf0ea37b5d\"},\"headline\":\"El Foro Permanente sobre Identidad y Cultura en la Patagonia presenta la conferencia:\u201cPerros, zorros y seres humanos en Patagonia prehisp\u00e1nica\u201d\",\"datePublished\":\"2015-04-29T22:00:30+00:00\",\"mainEntityOfPage\":{\"@id\":\"https:\\\/\\\/patagoniambiental.com.ar\\\/info\\\/el-foro-permanente-sobre-identidad-y-cultura-en-la-patagonia-presenta-la-conferenciaperros-zorros-y-seres-humanos-en-patagonia-prehispanica\\\/\"},\"wordCount\":715,\"publisher\":{\"@id\":\"https:\\\/\\\/patagoniambiental.com.ar\\\/info\\\/#organization\"},\"image\":{\"@id\":\"https:\\\/\\\/patagoniambiental.com.ar\\\/info\\\/el-foro-permanente-sobre-identidad-y-cultura-en-la-patagonia-presenta-la-conferenciaperros-zorros-y-seres-humanos-en-patagonia-prehispanica\\\/#primaryimage\"},\"thumbnailUrl\":\"\",\"keywords\":[\"CURZA\",\"FOPICPA\",\"UNLAP\",\"UNRN\"],\"articleSection\":[\"Agenda Ambiental\",\"Noticias\"],\"inLanguage\":\"es\"},{\"@type\":\"WebPage\",\"@id\":\"https:\\\/\\\/patagoniambiental.com.ar\\\/info\\\/el-foro-permanente-sobre-identidad-y-cultura-en-la-patagonia-presenta-la-conferenciaperros-zorros-y-seres-humanos-en-patagonia-prehispanica\\\/\",\"url\":\"https:\\\/\\\/patagoniambiental.com.ar\\\/info\\\/el-foro-permanente-sobre-identidad-y-cultura-en-la-patagonia-presenta-la-conferenciaperros-zorros-y-seres-humanos-en-patagonia-prehispanica\\\/\",\"name\":\"El Foro Permanente sobre Identidad y Cultura en la Patagonia presenta la conferencia:\u201cPerros, zorros y seres humanos en Patagonia prehisp\u00e1nica\u201d\",\"isPartOf\":{\"@id\":\"https:\\\/\\\/patagoniambiental.com.ar\\\/info\\\/#website\"},\"primaryImageOfPage\":{\"@id\":\"https:\\\/\\\/patagoniambiental.com.ar\\\/info\\\/el-foro-permanente-sobre-identidad-y-cultura-en-la-patagonia-presenta-la-conferenciaperros-zorros-y-seres-humanos-en-patagonia-prehispanica\\\/#primaryimage\"},\"image\":{\"@id\":\"https:\\\/\\\/patagoniambiental.com.ar\\\/info\\\/el-foro-permanente-sobre-identidad-y-cultura-en-la-patagonia-presenta-la-conferenciaperros-zorros-y-seres-humanos-en-patagonia-prehispanica\\\/#primaryimage\"},\"thumbnailUrl\":\"\",\"datePublished\":\"2015-04-29T22:00:30+00:00\",\"breadcrumb\":{\"@id\":\"https:\\\/\\\/patagoniambiental.com.ar\\\/info\\\/el-foro-permanente-sobre-identidad-y-cultura-en-la-patagonia-presenta-la-conferenciaperros-zorros-y-seres-humanos-en-patagonia-prehispanica\\\/#breadcrumb\"},\"inLanguage\":\"es\",\"potentialAction\":[{\"@type\":\"ReadAction\",\"target\":[\"https:\\\/\\\/patagoniambiental.com.ar\\\/info\\\/el-foro-permanente-sobre-identidad-y-cultura-en-la-patagonia-presenta-la-conferenciaperros-zorros-y-seres-humanos-en-patagonia-prehispanica\\\/\"]}]},{\"@type\":\"ImageObject\",\"inLanguage\":\"es\",\"@id\":\"https:\\\/\\\/patagoniambiental.com.ar\\\/info\\\/el-foro-permanente-sobre-identidad-y-cultura-en-la-patagonia-presenta-la-conferenciaperros-zorros-y-seres-humanos-en-patagonia-prehispanica\\\/#primaryimage\",\"url\":\"\",\"contentUrl\":\"\"},{\"@type\":\"BreadcrumbList\",\"@id\":\"https:\\\/\\\/patagoniambiental.com.ar\\\/info\\\/el-foro-permanente-sobre-identidad-y-cultura-en-la-patagonia-presenta-la-conferenciaperros-zorros-y-seres-humanos-en-patagonia-prehispanica\\\/#breadcrumb\",\"itemListElement\":[{\"@type\":\"ListItem\",\"position\":1,\"name\":\"Inicio\",\"item\":\"https:\\\/\\\/patagoniambiental.com.ar\\\/info\\\/\"},{\"@type\":\"ListItem\",\"position\":2,\"name\":\"El Foro Permanente sobre Identidad y Cultura en la Patagonia presenta la conferencia:\u201cPerros, zorros y seres humanos en Patagonia prehisp\u00e1nica\u201d\"}]},{\"@type\":\"WebSite\",\"@id\":\"https:\\\/\\\/patagoniambiental.com.ar\\\/info\\\/#website\",\"url\":\"https:\\\/\\\/patagoniambiental.com.ar\\\/info\\\/\",\"name\":\"Patagonia Ambiental\",\"description\":\"Monitoreo y an\u00e1lisis de la situaci\u00f3n geopol\u00edtica en el mundo y su implicancia en la Patagonia\",\"publisher\":{\"@id\":\"https:\\\/\\\/patagoniambiental.com.ar\\\/info\\\/#organization\"},\"potentialAction\":[{\"@type\":\"SearchAction\",\"target\":{\"@type\":\"EntryPoint\",\"urlTemplate\":\"https:\\\/\\\/patagoniambiental.com.ar\\\/info\\\/?s={search_term_string}\"},\"query-input\":{\"@type\":\"PropertyValueSpecification\",\"valueRequired\":true,\"valueName\":\"search_term_string\"}}],\"inLanguage\":\"es\"},{\"@type\":\"Organization\",\"@id\":\"https:\\\/\\\/patagoniambiental.com.ar\\\/info\\\/#organization\",\"name\":\"Patagonia Ambiental\",\"url\":\"https:\\\/\\\/patagoniambiental.com.ar\\\/info\\\/\",\"logo\":{\"@type\":\"ImageObject\",\"inLanguage\":\"es\",\"@id\":\"https:\\\/\\\/patagoniambiental.com.ar\\\/info\\\/#\\\/schema\\\/logo\\\/image\\\/\",\"url\":\"https:\\\/\\\/patagoniambiental.com.ar\\\/info\\\/wp-content\\\/uploads\\\/2025\\\/05\\\/LOGO-PATAGONIA-AMBIENTAL.png\",\"contentUrl\":\"https:\\\/\\\/patagoniambiental.com.ar\\\/info\\\/wp-content\\\/uploads\\\/2025\\\/05\\\/LOGO-PATAGONIA-AMBIENTAL.png\",\"width\":433,\"height\":250,\"caption\":\"Patagonia Ambiental\"},\"image\":{\"@id\":\"https:\\\/\\\/patagoniambiental.com.ar\\\/info\\\/#\\\/schema\\\/logo\\\/image\\\/\"},\"sameAs\":[\"https:\\\/\\\/www.facebook.com\\\/patagonia.ambiental\",\"https:\\\/\\\/x.com\\\/PatAmb\"]},{\"@type\":\"Person\",\"@id\":\"https:\\\/\\\/patagoniambiental.com.ar\\\/info\\\/#\\\/schema\\\/person\\\/db12bff64bbcbf6a253710bf0ea37b5d\",\"name\":\"Patagonia Ambiental\",\"description\":\"Andr\u00e9s Nievas T\u00e9cnico en manejo ambiental, consultor Ambiental y escritor para medios locales e internacionales sobre temas de geopolitica y medio ambiente.\",\"sameAs\":[\"http:\\\/\\\/www.patagoniambiental.com.ar\",\"https:\\\/\\\/www.facebook.com\\\/share\\\/1C1V8Gv9BX\\\/?mibextid=qi2Omg\",\"@patagoniambiental\",\"https:\\\/\\\/youtube.com\\\/@patagoniaambiental2023?si=BLt58t0wuXquxlYZ\"]}]}<\/script>\n<!-- \/ Yoast SEO Premium plugin. -->","yoast_head_json":{"title":"El Foro Permanente sobre Identidad y Cultura en la Patagonia presenta la conferencia:\u201cPerros, zorros y seres humanos en Patagonia prehisp\u00e1nica\u201d","robots":{"index":"index","follow":"follow","max-snippet":"max-snippet:-1","max-image-preview":"max-image-preview:large","max-video-preview":"max-video-preview:-1"},"canonical":"https:\/\/patagoniambiental.com.ar\/info\/el-foro-permanente-sobre-identidad-y-cultura-en-la-patagonia-presenta-la-conferenciaperros-zorros-y-seres-humanos-en-patagonia-prehispanica\/","og_locale":"es_ES","og_type":"article","og_title":"El Foro Permanente sobre Identidad y Cultura en la Patagonia presenta la conferencia:\u201cPerros, zorros y seres humanos en Patagonia prehisp\u00e1nica\u201d","og_description":"Viedma.- El Foro Permanente sobre Identidad y Cultura en la Patagonia (FOPICPA) presenta la conferencia: \u201cPerros, zorros y seres humanos [&hellip;]","og_url":"https:\/\/patagoniambiental.com.ar\/info\/el-foro-permanente-sobre-identidad-y-cultura-en-la-patagonia-presenta-la-conferenciaperros-zorros-y-seres-humanos-en-patagonia-prehispanica\/","og_site_name":"Patagonia Ambiental","article_publisher":"https:\/\/www.facebook.com\/patagonia.ambiental","article_author":"https:\/\/www.facebook.com\/share\/1C1V8Gv9BX\/?mibextid=qi2Omg","article_published_time":"2015-04-29T22:00:30+00:00","author":"Patagonia Ambiental","twitter_card":"summary_large_image","twitter_creator":"@PatAmb","twitter_site":"@PatAmb","schema":{"@context":"https:\/\/schema.org","@graph":[{"@type":"Article","@id":"https:\/\/patagoniambiental.com.ar\/info\/el-foro-permanente-sobre-identidad-y-cultura-en-la-patagonia-presenta-la-conferenciaperros-zorros-y-seres-humanos-en-patagonia-prehispanica\/#article","isPartOf":{"@id":"https:\/\/patagoniambiental.com.ar\/info\/el-foro-permanente-sobre-identidad-y-cultura-en-la-patagonia-presenta-la-conferenciaperros-zorros-y-seres-humanos-en-patagonia-prehispanica\/"},"author":{"name":"Patagonia Ambiental","@id":"https:\/\/patagoniambiental.com.ar\/info\/#\/schema\/person\/db12bff64bbcbf6a253710bf0ea37b5d"},"headline":"El Foro Permanente sobre Identidad y Cultura en la Patagonia presenta la conferencia:\u201cPerros, zorros y seres humanos en Patagonia prehisp\u00e1nica\u201d","datePublished":"2015-04-29T22:00:30+00:00","mainEntityOfPage":{"@id":"https:\/\/patagoniambiental.com.ar\/info\/el-foro-permanente-sobre-identidad-y-cultura-en-la-patagonia-presenta-la-conferenciaperros-zorros-y-seres-humanos-en-patagonia-prehispanica\/"},"wordCount":715,"publisher":{"@id":"https:\/\/patagoniambiental.com.ar\/info\/#organization"},"image":{"@id":"https:\/\/patagoniambiental.com.ar\/info\/el-foro-permanente-sobre-identidad-y-cultura-en-la-patagonia-presenta-la-conferenciaperros-zorros-y-seres-humanos-en-patagonia-prehispanica\/#primaryimage"},"thumbnailUrl":"","keywords":["CURZA","FOPICPA","UNLAP","UNRN"],"articleSection":["Agenda Ambiental","Noticias"],"inLanguage":"es"},{"@type":"WebPage","@id":"https:\/\/patagoniambiental.com.ar\/info\/el-foro-permanente-sobre-identidad-y-cultura-en-la-patagonia-presenta-la-conferenciaperros-zorros-y-seres-humanos-en-patagonia-prehispanica\/","url":"https:\/\/patagoniambiental.com.ar\/info\/el-foro-permanente-sobre-identidad-y-cultura-en-la-patagonia-presenta-la-conferenciaperros-zorros-y-seres-humanos-en-patagonia-prehispanica\/","name":"El Foro Permanente sobre Identidad y Cultura en la Patagonia presenta la conferencia:\u201cPerros, zorros y seres humanos en Patagonia prehisp\u00e1nica\u201d","isPartOf":{"@id":"https:\/\/patagoniambiental.com.ar\/info\/#website"},"primaryImageOfPage":{"@id":"https:\/\/patagoniambiental.com.ar\/info\/el-foro-permanente-sobre-identidad-y-cultura-en-la-patagonia-presenta-la-conferenciaperros-zorros-y-seres-humanos-en-patagonia-prehispanica\/#primaryimage"},"image":{"@id":"https:\/\/patagoniambiental.com.ar\/info\/el-foro-permanente-sobre-identidad-y-cultura-en-la-patagonia-presenta-la-conferenciaperros-zorros-y-seres-humanos-en-patagonia-prehispanica\/#primaryimage"},"thumbnailUrl":"","datePublished":"2015-04-29T22:00:30+00:00","breadcrumb":{"@id":"https:\/\/patagoniambiental.com.ar\/info\/el-foro-permanente-sobre-identidad-y-cultura-en-la-patagonia-presenta-la-conferenciaperros-zorros-y-seres-humanos-en-patagonia-prehispanica\/#breadcrumb"},"inLanguage":"es","potentialAction":[{"@type":"ReadAction","target":["https:\/\/patagoniambiental.com.ar\/info\/el-foro-permanente-sobre-identidad-y-cultura-en-la-patagonia-presenta-la-conferenciaperros-zorros-y-seres-humanos-en-patagonia-prehispanica\/"]}]},{"@type":"ImageObject","inLanguage":"es","@id":"https:\/\/patagoniambiental.com.ar\/info\/el-foro-permanente-sobre-identidad-y-cultura-en-la-patagonia-presenta-la-conferenciaperros-zorros-y-seres-humanos-en-patagonia-prehispanica\/#primaryimage","url":"","contentUrl":""},{"@type":"BreadcrumbList","@id":"https:\/\/patagoniambiental.com.ar\/info\/el-foro-permanente-sobre-identidad-y-cultura-en-la-patagonia-presenta-la-conferenciaperros-zorros-y-seres-humanos-en-patagonia-prehispanica\/#breadcrumb","itemListElement":[{"@type":"ListItem","position":1,"name":"Inicio","item":"https:\/\/patagoniambiental.com.ar\/info\/"},{"@type":"ListItem","position":2,"name":"El Foro Permanente sobre Identidad y Cultura en la Patagonia presenta la conferencia:\u201cPerros, zorros y seres humanos en Patagonia prehisp\u00e1nica\u201d"}]},{"@type":"WebSite","@id":"https:\/\/patagoniambiental.com.ar\/info\/#website","url":"https:\/\/patagoniambiental.com.ar\/info\/","name":"Patagonia Ambiental","description":"Monitoreo y an\u00e1lisis de la situaci\u00f3n geopol\u00edtica en el mundo y su implicancia en la Patagonia","publisher":{"@id":"https:\/\/patagoniambiental.com.ar\/info\/#organization"},"potentialAction":[{"@type":"SearchAction","target":{"@type":"EntryPoint","urlTemplate":"https:\/\/patagoniambiental.com.ar\/info\/?s={search_term_string}"},"query-input":{"@type":"PropertyValueSpecification","valueRequired":true,"valueName":"search_term_string"}}],"inLanguage":"es"},{"@type":"Organization","@id":"https:\/\/patagoniambiental.com.ar\/info\/#organization","name":"Patagonia Ambiental","url":"https:\/\/patagoniambiental.com.ar\/info\/","logo":{"@type":"ImageObject","inLanguage":"es","@id":"https:\/\/patagoniambiental.com.ar\/info\/#\/schema\/logo\/image\/","url":"https:\/\/patagoniambiental.com.ar\/info\/wp-content\/uploads\/2025\/05\/LOGO-PATAGONIA-AMBIENTAL.png","contentUrl":"https:\/\/patagoniambiental.com.ar\/info\/wp-content\/uploads\/2025\/05\/LOGO-PATAGONIA-AMBIENTAL.png","width":433,"height":250,"caption":"Patagonia Ambiental"},"image":{"@id":"https:\/\/patagoniambiental.com.ar\/info\/#\/schema\/logo\/image\/"},"sameAs":["https:\/\/www.facebook.com\/patagonia.ambiental","https:\/\/x.com\/PatAmb"]},{"@type":"Person","@id":"https:\/\/patagoniambiental.com.ar\/info\/#\/schema\/person\/db12bff64bbcbf6a253710bf0ea37b5d","name":"Patagonia Ambiental","description":"Andr\u00e9s Nievas T\u00e9cnico en manejo ambiental, consultor Ambiental y escritor para medios locales e internacionales sobre temas de geopolitica y medio ambiente.","sameAs":["http:\/\/www.patagoniambiental.com.ar","https:\/\/www.facebook.com\/share\/1C1V8Gv9BX\/?mibextid=qi2Omg","@patagoniambiental","https:\/\/youtube.com\/@patagoniaambiental2023?si=BLt58t0wuXquxlYZ"]}]}},"_links":{"self":[{"href":"https:\/\/patagoniambiental.com.ar\/info\/wp-json\/wp\/v2\/posts\/10705","targetHints":{"allow":["GET"]}}],"collection":[{"href":"https:\/\/patagoniambiental.com.ar\/info\/wp-json\/wp\/v2\/posts"}],"about":[{"href":"https:\/\/patagoniambiental.com.ar\/info\/wp-json\/wp\/v2\/types\/post"}],"author":[{"embeddable":true,"href":"https:\/\/patagoniambiental.com.ar\/info\/wp-json\/wp\/v2\/users\/2"}],"replies":[{"embeddable":true,"href":"https:\/\/patagoniambiental.com.ar\/info\/wp-json\/wp\/v2\/comments?post=10705"}],"version-history":[{"count":0,"href":"https:\/\/patagoniambiental.com.ar\/info\/wp-json\/wp\/v2\/posts\/10705\/revisions"}],"wp:featuredmedia":[{"embeddable":true,"href":"https:\/\/patagoniambiental.com.ar\/info\/wp-json\/"}],"wp:attachment":[{"href":"https:\/\/patagoniambiental.com.ar\/info\/wp-json\/wp\/v2\/media?parent=10705"}],"wp:term":[{"taxonomy":"category","embeddable":true,"href":"https:\/\/patagoniambiental.com.ar\/info\/wp-json\/wp\/v2\/categories?post=10705"},{"taxonomy":"post_tag","embeddable":true,"href":"https:\/\/patagoniambiental.com.ar\/info\/wp-json\/wp\/v2\/tags?post=10705"}],"curies":[{"name":"wp","href":"https:\/\/api.w.org\/{rel}","templated":true}]}}