{"id":10764,"date":"2015-05-01T09:00:35","date_gmt":"2015-05-01T12:00:35","guid":{"rendered":"http:\/\/patagoniambiental.com.ar\/?p=10764"},"modified":"2015-05-01T09:00:35","modified_gmt":"2015-05-01T12:00:35","slug":"actores-sociales-abordaran-la-problematica-del-agua-su-estudio-y-uso-sustentable-en-la-region","status":"publish","type":"post","link":"https:\/\/patagoniambiental.com.ar\/info\/actores-sociales-abordaran-la-problematica-del-agua-su-estudio-y-uso-sustentable-en-la-region\/","title":{"rendered":"Actores sociales abordar\u00e1n la problem\u00e1tica  del agua, su estudio y uso sustentable en la Regi\u00f3n"},"content":{"rendered":"<p>Ushuaia.-El evento es organizado en forma conjunta por la Secretar\u00eda de Desarrollo Sustentable y Ambiente de la Provincia, el INTA y la Universidad Nacional de Tierra del Fuego. Se realizar\u00e1 el 7 y 8 de mayo, con diversas conferencias a cargo de destacados especialistas en la materia.<!--more--><br \/>\nCon el objetivo de incrementar el conocimiento y el intercambio de experiencias en materia de estudio y la gesti\u00f3n de los recursos h\u00eddricos en la Regi\u00f3n, el pr\u00f3ximo 7 y 8 de mayo, se realizar\u00e1 en Ushuaia el I Foro del Agua \u2013 de la Regi\u00f3n Patagonia Austral.<\/p>\n<p>El evento es organizado en forma conjunta por la Secretar\u00eda de Desarrollo Sustentable y Ambiente de la Provincia de Tierra del Fuego, el INTA de Ushuaia y R\u00edo Grande y la Universidad Nacional de Tierra del Fuego (UNTDF).<\/p>\n<p>Adem\u00e1s de promover el intercambio de experiencias en materia del estudio y la gesti\u00f3n de los recursos h\u00eddricos en la Regi\u00f3n, la acci\u00f3n busca fortalecer v\u00ednculos interinstitucionales, a trav\u00e9s del inicio de un camino de trabajo conjunto.<\/p>\n<p>De este modo, el Foro patag\u00f3nico del Agua iniciar\u00e1 el jueves 7 de mayo a las 15.30 horas en el Sal\u00f3n Islas Malvinas de Casa de Gobierno, ubicado en San Mart\u00edn 450. En ese marco, se realizar\u00e1 una serie de conferencias por parte de destacados especialistas y funcionarios vinculados a la gesti\u00f3n de los recursos de distintas instituciones de la regi\u00f3n patag\u00f3nica.<\/p>\n<p>En tanto, el viernes 8 de mayo, el Foro se desarrollar\u00e1 en Aulas de Inclusi\u00f3n Digital, ubicadas en calle Magallanes N\u00b0292 a partir de las 9 horas, con una extensa agenda de presentaciones abiertas a la comunidad. Cabe destacar que para participar del I Foro Regional del Agua no es preciso realizar inscripci\u00f3n previa.<\/p>\n<p>Fuente: Shelknamsur<\/p>\n<p>&nbsp;<\/p>\n","protected":false},"excerpt":{"rendered":"<p>Ushuaia.-El evento es organizado en forma conjunta por la Secretar\u00eda de Desarrollo Sustentable y Ambiente de la Provincia, el INTA [&hellip;]<\/p>\n","protected":false},"author":2,"featured_media":10765,"comment_status":"closed","ping_status":"closed","sticky":false,"template":"","format":"standard","meta":{"site-sidebar-layout":"default","site-content-layout":"","ast-site-content-layout":"default","site-content-style":"default","site-sidebar-style":"default","ast-global-header-display":"","ast-banner-title-visibility":"","ast-main-header-display":"","ast-hfb-above-header-display":"","ast-hfb-below-header-display":"","ast-hfb-mobile-header-display":"","site-post-title":"","ast-breadcrumbs-content":"","ast-featured-img":"","footer-sml-layout":"","ast-disable-related-posts":"","theme-transparent-header-meta":"","adv-header-id-meta":"","stick-header-meta":"","header-above-stick-meta":"","header-main-stick-meta":"","header-below-stick-meta":"","astra-migrate-meta-layouts":"default","ast-page-background-enabled":"default","ast-page-background-meta":{"desktop":{"background-color":"var(--ast-global-color-5)","background-image":"","background-repeat":"repeat","background-position":"center center","background-size":"auto","background-attachment":"scroll","background-type":"","background-media":"","overlay-type":"","overlay-color":"","overlay-opacity":"","overlay-gradient":""},"tablet":{"background-color":"","background-image":"","background-repeat":"repeat","background-position":"center center","background-size":"auto","background-attachment":"scroll","background-type":"","background-media":"","overlay-type":"","overlay-color":"","overlay-opacity":"","overlay-gradient":""},"mobile":{"background-color":"","background-image":"","background-repeat":"repeat","background-position":"center center","background-size":"auto","background-attachment":"scroll","background-type":"","background-media":"","overlay-type":"","overlay-color":"","overlay-opacity":"","overlay-gradient":""}},"ast-content-background-meta":{"desktop":{"background-color":"var(--ast-global-color-4)","background-image":"","background-repeat":"repeat","background-position":"center center","background-size":"auto","background-attachment":"scroll","background-type":"","background-media":"","overlay-type":"","overlay-color":"","overlay-opacity":"","overlay-gradient":""},"tablet":{"background-color":"var(--ast-global-color-4)","background-image":"","background-repeat":"repeat","background-position":"center center","background-size":"auto","background-attachment":"scroll","background-type":"","background-media":"","overlay-type":"","overlay-color":"","overlay-opacity":"","overlay-gradient":""},"mobile":{"background-color":"var(--ast-global-color-4)","background-image":"","background-repeat":"repeat","background-position":"center center","background-size":"auto","background-attachment":"scroll","background-type":"","background-media":"","overlay-type":"","overlay-color":"","overlay-opacity":"","overlay-gradient":""}},"footnotes":""},"categories":[53,1],"tags":[87,397,454],"class_list":["post-10764","post","type-post","status-publish","format-standard","has-post-thumbnail","hentry","category-general","category-noticias","tag-agua","tag-inta","tag-untdf"],"yoast_head":"<!-- This site is optimized with the Yoast SEO Premium plugin v23.0 (Yoast SEO v27.5) - https:\/\/yoast.com\/product\/yoast-seo-premium-wordpress\/ -->\n<title>Actores sociales abordar\u00e1n la problem\u00e1tica del agua, su estudio y uso sustentable en la Regi\u00f3n<\/title>\n<meta name=\"robots\" content=\"index, follow, max-snippet:-1, max-image-preview:large, max-video-preview:-1\" \/>\n<link rel=\"canonical\" href=\"https:\/\/patagoniambiental.com.ar\/info\/actores-sociales-abordaran-la-problematica-del-agua-su-estudio-y-uso-sustentable-en-la-region\/\" \/>\n<meta property=\"og:locale\" content=\"es_ES\" \/>\n<meta property=\"og:type\" content=\"article\" \/>\n<meta property=\"og:title\" content=\"Actores sociales abordar\u00e1n la problem\u00e1tica del agua, su estudio y uso sustentable en la Regi\u00f3n\" \/>\n<meta property=\"og:description\" content=\"Ushuaia.-El evento es organizado en forma conjunta por la Secretar\u00eda de Desarrollo Sustentable y Ambiente de la Provincia, el INTA [&hellip;]\" \/>\n<meta property=\"og:url\" content=\"https:\/\/patagoniambiental.com.ar\/info\/actores-sociales-abordaran-la-problematica-del-agua-su-estudio-y-uso-sustentable-en-la-region\/\" \/>\n<meta property=\"og:site_name\" content=\"Patagonia Ambiental\" \/>\n<meta property=\"article:publisher\" content=\"https:\/\/www.facebook.com\/patagonia.ambiental\" \/>\n<meta property=\"article:author\" content=\"https:\/\/www.facebook.com\/share\/1C1V8Gv9BX\/?mibextid=qi2Omg\" \/>\n<meta property=\"article:published_time\" content=\"2015-05-01T12:00:35+00:00\" \/>\n<meta name=\"author\" content=\"Patagonia Ambiental\" \/>\n<meta name=\"twitter:card\" content=\"summary_large_image\" \/>\n<meta name=\"twitter:creator\" content=\"@PatAmb\" \/>\n<meta name=\"twitter:site\" content=\"@PatAmb\" \/>\n<script type=\"application\/ld+json\" class=\"yoast-schema-graph\">{\"@context\":\"https:\\\/\\\/schema.org\",\"@graph\":[{\"@type\":\"Article\",\"@id\":\"https:\\\/\\\/patagoniambiental.com.ar\\\/info\\\/actores-sociales-abordaran-la-problematica-del-agua-su-estudio-y-uso-sustentable-en-la-region\\\/#article\",\"isPartOf\":{\"@id\":\"https:\\\/\\\/patagoniambiental.com.ar\\\/info\\\/actores-sociales-abordaran-la-problematica-del-agua-su-estudio-y-uso-sustentable-en-la-region\\\/\"},\"author\":{\"name\":\"Patagonia Ambiental\",\"@id\":\"https:\\\/\\\/patagoniambiental.com.ar\\\/info\\\/#\\\/schema\\\/person\\\/db12bff64bbcbf6a253710bf0ea37b5d\"},\"headline\":\"Actores sociales abordar\u00e1n la problem\u00e1tica del agua, su estudio y uso sustentable en la Regi\u00f3n\",\"datePublished\":\"2015-05-01T12:00:35+00:00\",\"mainEntityOfPage\":{\"@id\":\"https:\\\/\\\/patagoniambiental.com.ar\\\/info\\\/actores-sociales-abordaran-la-problematica-del-agua-su-estudio-y-uso-sustentable-en-la-region\\\/\"},\"wordCount\":321,\"publisher\":{\"@id\":\"https:\\\/\\\/patagoniambiental.com.ar\\\/info\\\/#organization\"},\"image\":{\"@id\":\"https:\\\/\\\/patagoniambiental.com.ar\\\/info\\\/actores-sociales-abordaran-la-problematica-del-agua-su-estudio-y-uso-sustentable-en-la-region\\\/#primaryimage\"},\"thumbnailUrl\":\"\",\"keywords\":[\"Agua\",\"INTA\",\"UNTDF\"],\"articleSection\":[\"General\",\"Noticias\"],\"inLanguage\":\"es\"},{\"@type\":\"WebPage\",\"@id\":\"https:\\\/\\\/patagoniambiental.com.ar\\\/info\\\/actores-sociales-abordaran-la-problematica-del-agua-su-estudio-y-uso-sustentable-en-la-region\\\/\",\"url\":\"https:\\\/\\\/patagoniambiental.com.ar\\\/info\\\/actores-sociales-abordaran-la-problematica-del-agua-su-estudio-y-uso-sustentable-en-la-region\\\/\",\"name\":\"Actores sociales abordar\u00e1n la problem\u00e1tica del agua, su estudio y uso sustentable en la Regi\u00f3n\",\"isPartOf\":{\"@id\":\"https:\\\/\\\/patagoniambiental.com.ar\\\/info\\\/#website\"},\"primaryImageOfPage\":{\"@id\":\"https:\\\/\\\/patagoniambiental.com.ar\\\/info\\\/actores-sociales-abordaran-la-problematica-del-agua-su-estudio-y-uso-sustentable-en-la-region\\\/#primaryimage\"},\"image\":{\"@id\":\"https:\\\/\\\/patagoniambiental.com.ar\\\/info\\\/actores-sociales-abordaran-la-problematica-del-agua-su-estudio-y-uso-sustentable-en-la-region\\\/#primaryimage\"},\"thumbnailUrl\":\"\",\"datePublished\":\"2015-05-01T12:00:35+00:00\",\"breadcrumb\":{\"@id\":\"https:\\\/\\\/patagoniambiental.com.ar\\\/info\\\/actores-sociales-abordaran-la-problematica-del-agua-su-estudio-y-uso-sustentable-en-la-region\\\/#breadcrumb\"},\"inLanguage\":\"es\",\"potentialAction\":[{\"@type\":\"ReadAction\",\"target\":[\"https:\\\/\\\/patagoniambiental.com.ar\\\/info\\\/actores-sociales-abordaran-la-problematica-del-agua-su-estudio-y-uso-sustentable-en-la-region\\\/\"]}]},{\"@type\":\"ImageObject\",\"inLanguage\":\"es\",\"@id\":\"https:\\\/\\\/patagoniambiental.com.ar\\\/info\\\/actores-sociales-abordaran-la-problematica-del-agua-su-estudio-y-uso-sustentable-en-la-region\\\/#primaryimage\",\"url\":\"\",\"contentUrl\":\"\"},{\"@type\":\"BreadcrumbList\",\"@id\":\"https:\\\/\\\/patagoniambiental.com.ar\\\/info\\\/actores-sociales-abordaran-la-problematica-del-agua-su-estudio-y-uso-sustentable-en-la-region\\\/#breadcrumb\",\"itemListElement\":[{\"@type\":\"ListItem\",\"position\":1,\"name\":\"Inicio\",\"item\":\"https:\\\/\\\/patagoniambiental.com.ar\\\/info\\\/\"},{\"@type\":\"ListItem\",\"position\":2,\"name\":\"Actores sociales abordar\u00e1n la problem\u00e1tica del agua, su estudio y uso sustentable en la Regi\u00f3n\"}]},{\"@type\":\"WebSite\",\"@id\":\"https:\\\/\\\/patagoniambiental.com.ar\\\/info\\\/#website\",\"url\":\"https:\\\/\\\/patagoniambiental.com.ar\\\/info\\\/\",\"name\":\"Patagonia Ambiental\",\"description\":\"Monitoreo y an\u00e1lisis de la situaci\u00f3n geopol\u00edtica en el mundo y su implicancia en la Patagonia\",\"publisher\":{\"@id\":\"https:\\\/\\\/patagoniambiental.com.ar\\\/info\\\/#organization\"},\"potentialAction\":[{\"@type\":\"SearchAction\",\"target\":{\"@type\":\"EntryPoint\",\"urlTemplate\":\"https:\\\/\\\/patagoniambiental.com.ar\\\/info\\\/?s={search_term_string}\"},\"query-input\":{\"@type\":\"PropertyValueSpecification\",\"valueRequired\":true,\"valueName\":\"search_term_string\"}}],\"inLanguage\":\"es\"},{\"@type\":\"Organization\",\"@id\":\"https:\\\/\\\/patagoniambiental.com.ar\\\/info\\\/#organization\",\"name\":\"Patagonia Ambiental\",\"url\":\"https:\\\/\\\/patagoniambiental.com.ar\\\/info\\\/\",\"logo\":{\"@type\":\"ImageObject\",\"inLanguage\":\"es\",\"@id\":\"https:\\\/\\\/patagoniambiental.com.ar\\\/info\\\/#\\\/schema\\\/logo\\\/image\\\/\",\"url\":\"https:\\\/\\\/patagoniambiental.com.ar\\\/info\\\/wp-content\\\/uploads\\\/2025\\\/05\\\/LOGO-PATAGONIA-AMBIENTAL.png\",\"contentUrl\":\"https:\\\/\\\/patagoniambiental.com.ar\\\/info\\\/wp-content\\\/uploads\\\/2025\\\/05\\\/LOGO-PATAGONIA-AMBIENTAL.png\",\"width\":433,\"height\":250,\"caption\":\"Patagonia Ambiental\"},\"image\":{\"@id\":\"https:\\\/\\\/patagoniambiental.com.ar\\\/info\\\/#\\\/schema\\\/logo\\\/image\\\/\"},\"sameAs\":[\"https:\\\/\\\/www.facebook.com\\\/patagonia.ambiental\",\"https:\\\/\\\/x.com\\\/PatAmb\"]},{\"@type\":\"Person\",\"@id\":\"https:\\\/\\\/patagoniambiental.com.ar\\\/info\\\/#\\\/schema\\\/person\\\/db12bff64bbcbf6a253710bf0ea37b5d\",\"name\":\"Patagonia Ambiental\",\"description\":\"Andr\u00e9s Nievas T\u00e9cnico en manejo ambiental, consultor Ambiental y escritor para medios locales e internacionales sobre temas de geopolitica y medio ambiente.\",\"sameAs\":[\"http:\\\/\\\/www.patagoniambiental.com.ar\",\"https:\\\/\\\/www.facebook.com\\\/share\\\/1C1V8Gv9BX\\\/?mibextid=qi2Omg\",\"@patagoniambiental\",\"https:\\\/\\\/youtube.com\\\/@patagoniaambiental2023?si=BLt58t0wuXquxlYZ\"]}]}<\/script>\n<!-- \/ Yoast SEO Premium plugin. -->","yoast_head_json":{"title":"Actores sociales abordar\u00e1n la problem\u00e1tica del agua, su estudio y uso sustentable en la Regi\u00f3n","robots":{"index":"index","follow":"follow","max-snippet":"max-snippet:-1","max-image-preview":"max-image-preview:large","max-video-preview":"max-video-preview:-1"},"canonical":"https:\/\/patagoniambiental.com.ar\/info\/actores-sociales-abordaran-la-problematica-del-agua-su-estudio-y-uso-sustentable-en-la-region\/","og_locale":"es_ES","og_type":"article","og_title":"Actores sociales abordar\u00e1n la problem\u00e1tica del agua, su estudio y uso sustentable en la Regi\u00f3n","og_description":"Ushuaia.-El evento es organizado en forma conjunta por la Secretar\u00eda de Desarrollo Sustentable y Ambiente de la Provincia, el INTA [&hellip;]","og_url":"https:\/\/patagoniambiental.com.ar\/info\/actores-sociales-abordaran-la-problematica-del-agua-su-estudio-y-uso-sustentable-en-la-region\/","og_site_name":"Patagonia Ambiental","article_publisher":"https:\/\/www.facebook.com\/patagonia.ambiental","article_author":"https:\/\/www.facebook.com\/share\/1C1V8Gv9BX\/?mibextid=qi2Omg","article_published_time":"2015-05-01T12:00:35+00:00","author":"Patagonia Ambiental","twitter_card":"summary_large_image","twitter_creator":"@PatAmb","twitter_site":"@PatAmb","schema":{"@context":"https:\/\/schema.org","@graph":[{"@type":"Article","@id":"https:\/\/patagoniambiental.com.ar\/info\/actores-sociales-abordaran-la-problematica-del-agua-su-estudio-y-uso-sustentable-en-la-region\/#article","isPartOf":{"@id":"https:\/\/patagoniambiental.com.ar\/info\/actores-sociales-abordaran-la-problematica-del-agua-su-estudio-y-uso-sustentable-en-la-region\/"},"author":{"name":"Patagonia Ambiental","@id":"https:\/\/patagoniambiental.com.ar\/info\/#\/schema\/person\/db12bff64bbcbf6a253710bf0ea37b5d"},"headline":"Actores sociales abordar\u00e1n la problem\u00e1tica del agua, su estudio y uso sustentable en la Regi\u00f3n","datePublished":"2015-05-01T12:00:35+00:00","mainEntityOfPage":{"@id":"https:\/\/patagoniambiental.com.ar\/info\/actores-sociales-abordaran-la-problematica-del-agua-su-estudio-y-uso-sustentable-en-la-region\/"},"wordCount":321,"publisher":{"@id":"https:\/\/patagoniambiental.com.ar\/info\/#organization"},"image":{"@id":"https:\/\/patagoniambiental.com.ar\/info\/actores-sociales-abordaran-la-problematica-del-agua-su-estudio-y-uso-sustentable-en-la-region\/#primaryimage"},"thumbnailUrl":"","keywords":["Agua","INTA","UNTDF"],"articleSection":["General","Noticias"],"inLanguage":"es"},{"@type":"WebPage","@id":"https:\/\/patagoniambiental.com.ar\/info\/actores-sociales-abordaran-la-problematica-del-agua-su-estudio-y-uso-sustentable-en-la-region\/","url":"https:\/\/patagoniambiental.com.ar\/info\/actores-sociales-abordaran-la-problematica-del-agua-su-estudio-y-uso-sustentable-en-la-region\/","name":"Actores sociales abordar\u00e1n la problem\u00e1tica del agua, su estudio y uso sustentable en la Regi\u00f3n","isPartOf":{"@id":"https:\/\/patagoniambiental.com.ar\/info\/#website"},"primaryImageOfPage":{"@id":"https:\/\/patagoniambiental.com.ar\/info\/actores-sociales-abordaran-la-problematica-del-agua-su-estudio-y-uso-sustentable-en-la-region\/#primaryimage"},"image":{"@id":"https:\/\/patagoniambiental.com.ar\/info\/actores-sociales-abordaran-la-problematica-del-agua-su-estudio-y-uso-sustentable-en-la-region\/#primaryimage"},"thumbnailUrl":"","datePublished":"2015-05-01T12:00:35+00:00","breadcrumb":{"@id":"https:\/\/patagoniambiental.com.ar\/info\/actores-sociales-abordaran-la-problematica-del-agua-su-estudio-y-uso-sustentable-en-la-region\/#breadcrumb"},"inLanguage":"es","potentialAction":[{"@type":"ReadAction","target":["https:\/\/patagoniambiental.com.ar\/info\/actores-sociales-abordaran-la-problematica-del-agua-su-estudio-y-uso-sustentable-en-la-region\/"]}]},{"@type":"ImageObject","inLanguage":"es","@id":"https:\/\/patagoniambiental.com.ar\/info\/actores-sociales-abordaran-la-problematica-del-agua-su-estudio-y-uso-sustentable-en-la-region\/#primaryimage","url":"","contentUrl":""},{"@type":"BreadcrumbList","@id":"https:\/\/patagoniambiental.com.ar\/info\/actores-sociales-abordaran-la-problematica-del-agua-su-estudio-y-uso-sustentable-en-la-region\/#breadcrumb","itemListElement":[{"@type":"ListItem","position":1,"name":"Inicio","item":"https:\/\/patagoniambiental.com.ar\/info\/"},{"@type":"ListItem","position":2,"name":"Actores sociales abordar\u00e1n la problem\u00e1tica del agua, su estudio y uso sustentable en la Regi\u00f3n"}]},{"@type":"WebSite","@id":"https:\/\/patagoniambiental.com.ar\/info\/#website","url":"https:\/\/patagoniambiental.com.ar\/info\/","name":"Patagonia Ambiental","description":"Monitoreo y an\u00e1lisis de la situaci\u00f3n geopol\u00edtica en el mundo y su implicancia en la Patagonia","publisher":{"@id":"https:\/\/patagoniambiental.com.ar\/info\/#organization"},"potentialAction":[{"@type":"SearchAction","target":{"@type":"EntryPoint","urlTemplate":"https:\/\/patagoniambiental.com.ar\/info\/?s={search_term_string}"},"query-input":{"@type":"PropertyValueSpecification","valueRequired":true,"valueName":"search_term_string"}}],"inLanguage":"es"},{"@type":"Organization","@id":"https:\/\/patagoniambiental.com.ar\/info\/#organization","name":"Patagonia Ambiental","url":"https:\/\/patagoniambiental.com.ar\/info\/","logo":{"@type":"ImageObject","inLanguage":"es","@id":"https:\/\/patagoniambiental.com.ar\/info\/#\/schema\/logo\/image\/","url":"https:\/\/patagoniambiental.com.ar\/info\/wp-content\/uploads\/2025\/05\/LOGO-PATAGONIA-AMBIENTAL.png","contentUrl":"https:\/\/patagoniambiental.com.ar\/info\/wp-content\/uploads\/2025\/05\/LOGO-PATAGONIA-AMBIENTAL.png","width":433,"height":250,"caption":"Patagonia Ambiental"},"image":{"@id":"https:\/\/patagoniambiental.com.ar\/info\/#\/schema\/logo\/image\/"},"sameAs":["https:\/\/www.facebook.com\/patagonia.ambiental","https:\/\/x.com\/PatAmb"]},{"@type":"Person","@id":"https:\/\/patagoniambiental.com.ar\/info\/#\/schema\/person\/db12bff64bbcbf6a253710bf0ea37b5d","name":"Patagonia Ambiental","description":"Andr\u00e9s Nievas T\u00e9cnico en manejo ambiental, consultor Ambiental y escritor para medios locales e internacionales sobre temas de geopolitica y medio ambiente.","sameAs":["http:\/\/www.patagoniambiental.com.ar","https:\/\/www.facebook.com\/share\/1C1V8Gv9BX\/?mibextid=qi2Omg","@patagoniambiental","https:\/\/youtube.com\/@patagoniaambiental2023?si=BLt58t0wuXquxlYZ"]}]}},"_links":{"self":[{"href":"https:\/\/patagoniambiental.com.ar\/info\/wp-json\/wp\/v2\/posts\/10764","targetHints":{"allow":["GET"]}}],"collection":[{"href":"https:\/\/patagoniambiental.com.ar\/info\/wp-json\/wp\/v2\/posts"}],"about":[{"href":"https:\/\/patagoniambiental.com.ar\/info\/wp-json\/wp\/v2\/types\/post"}],"author":[{"embeddable":true,"href":"https:\/\/patagoniambiental.com.ar\/info\/wp-json\/wp\/v2\/users\/2"}],"replies":[{"embeddable":true,"href":"https:\/\/patagoniambiental.com.ar\/info\/wp-json\/wp\/v2\/comments?post=10764"}],"version-history":[{"count":0,"href":"https:\/\/patagoniambiental.com.ar\/info\/wp-json\/wp\/v2\/posts\/10764\/revisions"}],"wp:featuredmedia":[{"embeddable":true,"href":"https:\/\/patagoniambiental.com.ar\/info\/wp-json\/"}],"wp:attachment":[{"href":"https:\/\/patagoniambiental.com.ar\/info\/wp-json\/wp\/v2\/media?parent=10764"}],"wp:term":[{"taxonomy":"category","embeddable":true,"href":"https:\/\/patagoniambiental.com.ar\/info\/wp-json\/wp\/v2\/categories?post=10764"},{"taxonomy":"post_tag","embeddable":true,"href":"https:\/\/patagoniambiental.com.ar\/info\/wp-json\/wp\/v2\/tags?post=10764"}],"curies":[{"name":"wp","href":"https:\/\/api.w.org\/{rel}","templated":true}]}}