{"id":11058,"date":"2015-06-17T09:00:58","date_gmt":"2015-06-17T12:00:58","guid":{"rendered":"http:\/\/patagoniambiental.com.ar\/?p=11058"},"modified":"2015-06-17T09:00:58","modified_gmt":"2015-06-17T12:00:58","slug":"17-junio-dia-mundial-de-lucha-contra-la-desertificacion-y-la-sequia","status":"publish","type":"post","link":"https:\/\/patagoniambiental.com.ar\/info\/17-junio-dia-mundial-de-lucha-contra-la-desertificacion-y-la-sequia\/","title":{"rendered":"17 Junio &#8211; D\u00eda Mundial de Lucha contra la Desertificaci\u00f3n y la Sequ\u00eda"},"content":{"rendered":"<p>Efem\u00e9rides Ambientales.-El 17 de junio de 1994 se firm\u00f3 la Convenci\u00f3n de las Naciones Unidas de Lucha contra la Desertificaci\u00f3n (UNCCD).<!--more--><\/p>\n<p>El 19 de diciembre de ese a\u00f1o, la Asamblea General de la ONU proclam\u00f3 el 17 de junio como el D\u00eda Mundial de Lucha contra la Desertificaci\u00f3n y la Sequ\u00eda (Resoluci\u00f3n 49\/115). Se invit\u00f3 a los Estados a que dedicaran el D\u00eda Mundial a sensibilizar la opini\u00f3n p\u00fablica respecto de la necesidad de cooperaci\u00f3n internacional para luchar contra la desertificaci\u00f3n y los efectos de la sequ\u00eda y respecto de la aplicaci\u00f3n de la Convenci\u00f3n de las Naciones Unidas de Lucha contra la Desertificaci\u00f3n.<\/p>\n<p>La Desertificaci\u00f3n es la degradaci\u00f3n de las tierras de zonas \u00e1ridas, semi\u00e1ridas y subh\u00famedas secas resultante de diversos factores, tales como las variaciones clim\u00e1ticas y las actividades humanas.<\/p>\n<p>La desertificaci\u00f3n no es un problema aislado, sino que est\u00e1 plenamente relacionado con los cambios clim\u00e1ticos, la conservaci\u00f3n de la biodiversidad y la necesidad del manejo sustentable de los recursos naturales. Los v\u00ednculos entre estos aspectos y los factores socioecon\u00f3micos son cruciales, pues la problem\u00e1tica de la desertificaci\u00f3n es un s\u00edntoma de ruptura del equilibrio entre el sistema de recursos naturales y el sistema socio-econ\u00f3mico que los explota.<\/p>\n<p>Por tal motivo, la soluci\u00f3n pasa tanto por la concientizaci\u00f3n como por dar prioridad a pol\u00edticas sustentables.<\/p>\n<p>En la Rep\u00fablica Argentina, las zonas \u00e1ridas (tierras secas), semi\u00e1ridas, y subh\u00famedas secas representan el 75% de la superficie total del pa\u00eds. De acuerdo a la clasificaci\u00f3n agro-ecol\u00f3gica se pueden mencionar las siguientes regiones a nivel nacional: Regi\u00f3n de la Puna, Regi\u00f3n del Chaco (\u00e1rido, semi\u00e1rido y subh\u00famedo), Regi\u00f3n de los Valles Aridos, Regi\u00f3n Centro Oeste y Regi\u00f3n Patag\u00f3nica, todas con importantes avances del proceso de desertificaci\u00f3n.<br \/>\nArgentina suscribi\u00f3 en 1994 la Convenci\u00f3n de las Naciones Unidas de Lucha contra la Desertificaci\u00f3n, ratificada en 1996 por el Congreso de la Naci\u00f3n, mediante el dictado de la Ley 24.701. La Secretar\u00eda de Ambiente y Desarrollo Sustentable (SAyDS), perteneciente al Ministerio de Salud y Ambiente es la autoridad de aplicaci\u00f3n en materia ambiental de dicha Ley y consecuentemente es el Organo de Coordinaci\u00f3n Nacional (OCN) a trav\u00e9s de la Direcci\u00f3n de Conservaci\u00f3n del Suelo y Lucha contra la Desertificaci\u00f3n.<\/p>\n<p>Esta Convenci\u00f3n constituye un valor fundamental en la lucha contra la pobreza, pues se centra en zonas de extremas necesidades e inestabilidad social, siendo un instrumento para el desarrollo sostenible y protecci\u00f3n del medio ambiente.<\/p>\n<p>Como un eslab\u00f3n fundamental en el dise\u00f1o de una Estrategia de Desarrollo Sustentable y en cumplimiento del compromiso asumido para la puesta en pr\u00e1ctica de la Agenda 21, se inserta el Programa de Acci\u00f3n Nacional (PAN) de Lucha contra la Desertificaci\u00f3n. El mismo se inici\u00f3 con una discusi\u00f3n amplia con las instituciones y organismos p\u00fablicos nacionales, provinciales, municipales, organizaciones no gubernamentales (ONG) y asociaciones de productores relacionadas con la problem\u00e1tica, identificando estrategias para un futuro accionar.<\/p>\n<p>La elaboraci\u00f3n del diagn\u00f3stico del PAN, culmin\u00f3 en 1997, con el Documento Base del mismo, que se constituy\u00f3 en marco para las actividades nacionales y locales de lucha contra la desertificaci\u00f3n. El PAN es un proceso participativo abierto y en funcionamiento.<\/p>\n<p>\u00c1reas del Programa de Acci\u00f3n Nacional<\/p>\n<p>\u2022 Programas de Acci\u00f3n Provinciales, Interprovinciales y Regionales<br \/>\n\u2022 Red Nacional de informaci\u00f3n Lucha contra la Desertificaci\u00f3n<br \/>\n\u2022 Sistema de Monitoreo y Evaluaci\u00f3n Nacional de la Desertificaci\u00f3n<br \/>\n\u2022 Sensibilizaci\u00f3n P\u00fablica, Educaci\u00f3n y Capacitaci\u00f3n<br \/>\n\u2022 Fortalecimiento del Marco Institucional y Jur\u00eddico<br \/>\n\u2022 Fortalecimiento del Marco Econ\u00f3mico Financiero<br \/>\n\u2022 Inserci\u00f3n del Programa Nacional en el orden Regional e Internacional<\/p>\n<p>Argentina tiene la ventaja de poseer un potencial muy importante de Instituciones involucradas o que potencialmente pueden involucrarse en la lucha contra la desertificaci\u00f3n que cubren toda el \u00e1rea geogr\u00e1fica con esta problem\u00e1tica.<\/p>\n<p>Debe destacarse la participaci\u00f3n de los representantes del sector t\u00e9cnico cient\u00edfico, con el aporte de proyectos de investigaci\u00f3n y extensi\u00f3n, dando cumplimiento al mandato del Comit\u00e9 de Ciencia y Tecnolog\u00eda (CST) de la Convenci\u00f3n. Se destaca tambi\u00e9n la participaci\u00f3n de Organizaciones no Gubernamentales, Asociaci\u00f3n de Productores, comunidades ind\u00edgenas y otros actores sociales. Entre las actividades con ONG\u2019s, se encuentra la conformaci\u00f3n de la Red local e Internacional de ONG\u2019s en Desertificaci\u00f3n (RIOD), cuyo objetivo es el intercambio de informaci\u00f3n y experiencia.<\/p>\n<p>En el marco del Convenio entre SAyDS, el Instituto Nacional de Tecnolog\u00eda Agropecuaria (INTA) y la Agencia Alemana de Cooperaci\u00f3n T\u00e9cnica (GTZ), se desarrolla el Programa de Apoyo al PAN (APAN). Ultimamente se ha renovado dicho convenio mediante la firma del Acuerdo con GTZ para la \u00faltima etapa de dicho proyecto, el que invertir\u00e1 1,5 mill\u00f3n y medio de d\u00f3lares durante 3 a\u00f1os en la Argentina.<\/p>\n<p>El PAN ha fomentado el desarrollo de actividades a trav\u00e9s del Proyecto de Prevenci\u00f3n y Control de la Desertificaci\u00f3n en Patagonia (PRODESAR, 1989-2001), que se desarroll\u00f3 en el INTA, con Peque\u00f1as y Medianas Empresas (PyMES) y Minifundistas, a nivel de sistemas reales de producci\u00f3n.<\/p>\n<p>En el contexto del PAN se est\u00e1n realizando gestiones a fin de implementar el \u00abFondo Rotativo para la promoci\u00f3n de Microemprendimientos como base del desarrollo local\u00bb. El mismo se constituye a partir de aportes nacionales, provinciales y de la cooperaci\u00f3n bilateral y multilateral.<\/p>\n<p>Nuestro pa\u00eds, participa del Programa de Acci\u00f3n Subregional de Desarrollo Sostenible de la Puna Americana que involucra a los siguientes pa\u00edses: Argentina, Bolivia, Chile, Per\u00fa y Ecuador.<\/p>\n<p>Por otra parte, tiene a cargo la coordinaci\u00f3n del:<\/p>\n<p>Programa de Acci\u00f3n Subregional de Desarrollo Sostenible del Gran Chaco Americano (PAS). En este programa participan los pa\u00edses vecinos de Paraguay y Bolivia e involucra pr\u00e1cticamente a todas las provincias del Norte Argentino. Ante la necesidad de revertir la pobreza, preservar el ecosistema y detener la grave degradaci\u00f3n de los recursos naturales, las Rep\u00fablicas de Argentina, Bolivia y Paraguay consideran al Gran Chaco Americano como una unidad para la promoci\u00f3n del Desarrollo Sostenible y manifiestan la necesidad de trabajar en forma conjunta en el marco de la Convenci\u00f3n Internacional de Lucha contra la Desertificaci\u00f3n, de Conservaci\u00f3n de la Biodiversidad y Cambio Clim\u00e1tico.<\/p>\n<p>El Programa de Acci\u00f3n Subregional de Desarrollo Sostenible del Gran Chaco Americano cuenta con el apoyo del Mecanismo Mundial (GM) para el desarrollo de un Proyecto a ser presentado al Fondo para el Medio Ambiente Mundial (FMAM), lo que permitir\u00eda contar en un futuro pr\u00f3ximo con amplia cooperaci\u00f3n econ\u00f3mica internacional para esta Subregi\u00f3n de Am\u00e9rica Latina.<\/p>\n<p>El Proyecto se propone cumplir con los siguientes objetivos:<\/p>\n<p>Promover el planeamiento estrat\u00e9gico para la gesti\u00f3n integrada de los ecosistemas<br \/>\nFavorecer el desarrollo de las comunidades locales como base para la reducci\u00f3n de la pobreza y el uso sustentable de los recursos naturales<br \/>\nEl Desarrollo de modelos sostenibles en ecosistemas fr\u00e1giles<br \/>\nLa Creaci\u00f3n de Reservas de la Biosfera y Corredores Biol\u00f3gicos<br \/>\nPromover la protecci\u00f3n de los ecosistemas compartidos del Gran Chaco<br \/>\nEl fortalecimiento de las Areas Silvestres Protegidas.<\/p>\n<p>Fuente: Secretaria de Ambiente y Desarrollo Sustentable de la Naci\u00f3n<\/p>\n","protected":false},"excerpt":{"rendered":"<p>Efem\u00e9rides Ambientales.-El 17 de junio de 1994 se firm\u00f3 la Convenci\u00f3n de las Naciones Unidas de Lucha contra la Desertificaci\u00f3n [&hellip;]<\/p>\n","protected":false},"author":2,"featured_media":11059,"comment_status":"closed","ping_status":"closed","sticky":false,"template":"","format":"standard","meta":{"site-sidebar-layout":"default","site-content-layout":"","ast-site-content-layout":"default","site-content-style":"default","site-sidebar-style":"default","ast-global-header-display":"","ast-banner-title-visibility":"","ast-main-header-display":"","ast-hfb-above-header-display":"","ast-hfb-below-header-display":"","ast-hfb-mobile-header-display":"","site-post-title":"","ast-breadcrumbs-content":"","ast-featured-img":"","footer-sml-layout":"","ast-disable-related-posts":"","theme-transparent-header-meta":"","adv-header-id-meta":"","stick-header-meta":"","header-above-stick-meta":"","header-main-stick-meta":"","header-below-stick-meta":"","astra-migrate-meta-layouts":"default","ast-page-background-enabled":"default","ast-page-background-meta":{"desktop":{"background-color":"var(--ast-global-color-5)","background-image":"","background-repeat":"repeat","background-position":"center center","background-size":"auto","background-attachment":"scroll","background-type":"","background-media":"","overlay-type":"","overlay-color":"","overlay-opacity":"","overlay-gradient":""},"tablet":{"background-color":"","background-image":"","background-repeat":"repeat","background-position":"center center","background-size":"auto","background-attachment":"scroll","background-type":"","background-media":"","overlay-type":"","overlay-color":"","overlay-opacity":"","overlay-gradient":""},"mobile":{"background-color":"","background-image":"","background-repeat":"repeat","background-position":"center center","background-size":"auto","background-attachment":"scroll","background-type":"","background-media":"","overlay-type":"","overlay-color":"","overlay-opacity":"","overlay-gradient":""}},"ast-content-background-meta":{"desktop":{"background-color":"var(--ast-global-color-4)","background-image":"","background-repeat":"repeat","background-position":"center center","background-size":"auto","background-attachment":"scroll","background-type":"","background-media":"","overlay-type":"","overlay-color":"","overlay-opacity":"","overlay-gradient":""},"tablet":{"background-color":"var(--ast-global-color-4)","background-image":"","background-repeat":"repeat","background-position":"center center","background-size":"auto","background-attachment":"scroll","background-type":"","background-media":"","overlay-type":"","overlay-color":"","overlay-opacity":"","overlay-gradient":""},"mobile":{"background-color":"var(--ast-global-color-4)","background-image":"","background-repeat":"repeat","background-position":"center center","background-size":"auto","background-attachment":"scroll","background-type":"","background-media":"","overlay-type":"","overlay-color":"","overlay-opacity":"","overlay-gradient":""}},"footnotes":""},"categories":[53,1],"tags":[65,114,397,210,2626],"class_list":["post-11058","post","type-post","status-publish","format-standard","has-post-thumbnail","hentry","category-general","category-noticias","tag-ambiente","tag-desertificacion","tag-inta","tag-sayds","tag-sequia"],"yoast_head":"<!-- This site is optimized with the Yoast SEO Premium plugin v23.0 (Yoast SEO v27.4) - https:\/\/yoast.com\/product\/yoast-seo-premium-wordpress\/ -->\n<title>17 Junio - D\u00eda Mundial de Lucha contra la Desertificaci\u00f3n y la Sequ\u00eda<\/title>\n<meta name=\"robots\" content=\"index, follow, max-snippet:-1, max-image-preview:large, max-video-preview:-1\" \/>\n<link rel=\"canonical\" href=\"https:\/\/patagoniambiental.com.ar\/info\/17-junio-dia-mundial-de-lucha-contra-la-desertificacion-y-la-sequia\/\" \/>\n<meta property=\"og:locale\" content=\"es_ES\" \/>\n<meta property=\"og:type\" content=\"article\" \/>\n<meta property=\"og:title\" content=\"17 Junio - D\u00eda Mundial de Lucha contra la Desertificaci\u00f3n y la Sequ\u00eda\" \/>\n<meta property=\"og:description\" content=\"Efem\u00e9rides Ambientales.-El 17 de junio de 1994 se firm\u00f3 la Convenci\u00f3n de las Naciones Unidas de Lucha contra la Desertificaci\u00f3n [&hellip;]\" \/>\n<meta property=\"og:url\" content=\"https:\/\/patagoniambiental.com.ar\/info\/17-junio-dia-mundial-de-lucha-contra-la-desertificacion-y-la-sequia\/\" \/>\n<meta property=\"og:site_name\" content=\"Patagonia Ambiental\" \/>\n<meta property=\"article:publisher\" content=\"https:\/\/www.facebook.com\/patagonia.ambiental\" \/>\n<meta property=\"article:author\" content=\"https:\/\/www.facebook.com\/share\/1C1V8Gv9BX\/?mibextid=qi2Omg\" \/>\n<meta property=\"article:published_time\" content=\"2015-06-17T12:00:58+00:00\" \/>\n<meta name=\"author\" content=\"Patagonia Ambiental\" \/>\n<meta name=\"twitter:card\" content=\"summary_large_image\" \/>\n<meta name=\"twitter:creator\" content=\"@PatAmb\" \/>\n<meta name=\"twitter:site\" content=\"@PatAmb\" \/>\n<script type=\"application\/ld+json\" class=\"yoast-schema-graph\">{\"@context\":\"https:\\\/\\\/schema.org\",\"@graph\":[{\"@type\":\"Article\",\"@id\":\"https:\\\/\\\/patagoniambiental.com.ar\\\/info\\\/17-junio-dia-mundial-de-lucha-contra-la-desertificacion-y-la-sequia\\\/#article\",\"isPartOf\":{\"@id\":\"https:\\\/\\\/patagoniambiental.com.ar\\\/info\\\/17-junio-dia-mundial-de-lucha-contra-la-desertificacion-y-la-sequia\\\/\"},\"author\":{\"name\":\"Patagonia Ambiental\",\"@id\":\"https:\\\/\\\/patagoniambiental.com.ar\\\/info\\\/#\\\/schema\\\/person\\\/db12bff64bbcbf6a253710bf0ea37b5d\"},\"headline\":\"17 Junio &#8211; D\u00eda Mundial de Lucha contra la Desertificaci\u00f3n y la Sequ\u00eda\",\"datePublished\":\"2015-06-17T12:00:58+00:00\",\"mainEntityOfPage\":{\"@id\":\"https:\\\/\\\/patagoniambiental.com.ar\\\/info\\\/17-junio-dia-mundial-de-lucha-contra-la-desertificacion-y-la-sequia\\\/\"},\"wordCount\":1271,\"publisher\":{\"@id\":\"https:\\\/\\\/patagoniambiental.com.ar\\\/info\\\/#organization\"},\"image\":{\"@id\":\"https:\\\/\\\/patagoniambiental.com.ar\\\/info\\\/17-junio-dia-mundial-de-lucha-contra-la-desertificacion-y-la-sequia\\\/#primaryimage\"},\"thumbnailUrl\":\"\",\"keywords\":[\"ambiente\",\"Desertificaci\u00f3n\",\"INTA\",\"SAyDS\",\"sequ\u00eda\"],\"articleSection\":[\"General\",\"Noticias\"],\"inLanguage\":\"es\"},{\"@type\":\"WebPage\",\"@id\":\"https:\\\/\\\/patagoniambiental.com.ar\\\/info\\\/17-junio-dia-mundial-de-lucha-contra-la-desertificacion-y-la-sequia\\\/\",\"url\":\"https:\\\/\\\/patagoniambiental.com.ar\\\/info\\\/17-junio-dia-mundial-de-lucha-contra-la-desertificacion-y-la-sequia\\\/\",\"name\":\"17 Junio - D\u00eda Mundial de Lucha contra la Desertificaci\u00f3n y la Sequ\u00eda\",\"isPartOf\":{\"@id\":\"https:\\\/\\\/patagoniambiental.com.ar\\\/info\\\/#website\"},\"primaryImageOfPage\":{\"@id\":\"https:\\\/\\\/patagoniambiental.com.ar\\\/info\\\/17-junio-dia-mundial-de-lucha-contra-la-desertificacion-y-la-sequia\\\/#primaryimage\"},\"image\":{\"@id\":\"https:\\\/\\\/patagoniambiental.com.ar\\\/info\\\/17-junio-dia-mundial-de-lucha-contra-la-desertificacion-y-la-sequia\\\/#primaryimage\"},\"thumbnailUrl\":\"\",\"datePublished\":\"2015-06-17T12:00:58+00:00\",\"breadcrumb\":{\"@id\":\"https:\\\/\\\/patagoniambiental.com.ar\\\/info\\\/17-junio-dia-mundial-de-lucha-contra-la-desertificacion-y-la-sequia\\\/#breadcrumb\"},\"inLanguage\":\"es\",\"potentialAction\":[{\"@type\":\"ReadAction\",\"target\":[\"https:\\\/\\\/patagoniambiental.com.ar\\\/info\\\/17-junio-dia-mundial-de-lucha-contra-la-desertificacion-y-la-sequia\\\/\"]}]},{\"@type\":\"ImageObject\",\"inLanguage\":\"es\",\"@id\":\"https:\\\/\\\/patagoniambiental.com.ar\\\/info\\\/17-junio-dia-mundial-de-lucha-contra-la-desertificacion-y-la-sequia\\\/#primaryimage\",\"url\":\"\",\"contentUrl\":\"\"},{\"@type\":\"BreadcrumbList\",\"@id\":\"https:\\\/\\\/patagoniambiental.com.ar\\\/info\\\/17-junio-dia-mundial-de-lucha-contra-la-desertificacion-y-la-sequia\\\/#breadcrumb\",\"itemListElement\":[{\"@type\":\"ListItem\",\"position\":1,\"name\":\"Inicio\",\"item\":\"https:\\\/\\\/patagoniambiental.com.ar\\\/info\\\/\"},{\"@type\":\"ListItem\",\"position\":2,\"name\":\"17 Junio &#8211; D\u00eda Mundial de Lucha contra la Desertificaci\u00f3n y la Sequ\u00eda\"}]},{\"@type\":\"WebSite\",\"@id\":\"https:\\\/\\\/patagoniambiental.com.ar\\\/info\\\/#website\",\"url\":\"https:\\\/\\\/patagoniambiental.com.ar\\\/info\\\/\",\"name\":\"Patagonia Ambiental\",\"description\":\"Monitoreo y an\u00e1lisis de la situaci\u00f3n geopol\u00edtica en el mundo y su implicancia en la Patagonia\",\"publisher\":{\"@id\":\"https:\\\/\\\/patagoniambiental.com.ar\\\/info\\\/#organization\"},\"potentialAction\":[{\"@type\":\"SearchAction\",\"target\":{\"@type\":\"EntryPoint\",\"urlTemplate\":\"https:\\\/\\\/patagoniambiental.com.ar\\\/info\\\/?s={search_term_string}\"},\"query-input\":{\"@type\":\"PropertyValueSpecification\",\"valueRequired\":true,\"valueName\":\"search_term_string\"}}],\"inLanguage\":\"es\"},{\"@type\":\"Organization\",\"@id\":\"https:\\\/\\\/patagoniambiental.com.ar\\\/info\\\/#organization\",\"name\":\"Patagonia Ambiental\",\"url\":\"https:\\\/\\\/patagoniambiental.com.ar\\\/info\\\/\",\"logo\":{\"@type\":\"ImageObject\",\"inLanguage\":\"es\",\"@id\":\"https:\\\/\\\/patagoniambiental.com.ar\\\/info\\\/#\\\/schema\\\/logo\\\/image\\\/\",\"url\":\"https:\\\/\\\/patagoniambiental.com.ar\\\/info\\\/wp-content\\\/uploads\\\/2025\\\/05\\\/LOGO-PATAGONIA-AMBIENTAL.png\",\"contentUrl\":\"https:\\\/\\\/patagoniambiental.com.ar\\\/info\\\/wp-content\\\/uploads\\\/2025\\\/05\\\/LOGO-PATAGONIA-AMBIENTAL.png\",\"width\":433,\"height\":250,\"caption\":\"Patagonia Ambiental\"},\"image\":{\"@id\":\"https:\\\/\\\/patagoniambiental.com.ar\\\/info\\\/#\\\/schema\\\/logo\\\/image\\\/\"},\"sameAs\":[\"https:\\\/\\\/www.facebook.com\\\/patagonia.ambiental\",\"https:\\\/\\\/x.com\\\/PatAmb\"]},{\"@type\":\"Person\",\"@id\":\"https:\\\/\\\/patagoniambiental.com.ar\\\/info\\\/#\\\/schema\\\/person\\\/db12bff64bbcbf6a253710bf0ea37b5d\",\"name\":\"Patagonia Ambiental\",\"description\":\"Andr\u00e9s Nievas T\u00e9cnico en manejo ambiental, consultor Ambiental y escritor para medios locales e internacionales sobre temas de geopolitica y medio ambiente.\",\"sameAs\":[\"http:\\\/\\\/www.patagoniambiental.com.ar\",\"https:\\\/\\\/www.facebook.com\\\/share\\\/1C1V8Gv9BX\\\/?mibextid=qi2Omg\",\"@patagoniambiental\",\"https:\\\/\\\/youtube.com\\\/@patagoniaambiental2023?si=BLt58t0wuXquxlYZ\"]}]}<\/script>\n<!-- \/ Yoast SEO Premium plugin. -->","yoast_head_json":{"title":"17 Junio - D\u00eda Mundial de Lucha contra la Desertificaci\u00f3n y la Sequ\u00eda","robots":{"index":"index","follow":"follow","max-snippet":"max-snippet:-1","max-image-preview":"max-image-preview:large","max-video-preview":"max-video-preview:-1"},"canonical":"https:\/\/patagoniambiental.com.ar\/info\/17-junio-dia-mundial-de-lucha-contra-la-desertificacion-y-la-sequia\/","og_locale":"es_ES","og_type":"article","og_title":"17 Junio - D\u00eda Mundial de Lucha contra la Desertificaci\u00f3n y la Sequ\u00eda","og_description":"Efem\u00e9rides Ambientales.-El 17 de junio de 1994 se firm\u00f3 la Convenci\u00f3n de las Naciones Unidas de Lucha contra la Desertificaci\u00f3n [&hellip;]","og_url":"https:\/\/patagoniambiental.com.ar\/info\/17-junio-dia-mundial-de-lucha-contra-la-desertificacion-y-la-sequia\/","og_site_name":"Patagonia Ambiental","article_publisher":"https:\/\/www.facebook.com\/patagonia.ambiental","article_author":"https:\/\/www.facebook.com\/share\/1C1V8Gv9BX\/?mibextid=qi2Omg","article_published_time":"2015-06-17T12:00:58+00:00","author":"Patagonia Ambiental","twitter_card":"summary_large_image","twitter_creator":"@PatAmb","twitter_site":"@PatAmb","schema":{"@context":"https:\/\/schema.org","@graph":[{"@type":"Article","@id":"https:\/\/patagoniambiental.com.ar\/info\/17-junio-dia-mundial-de-lucha-contra-la-desertificacion-y-la-sequia\/#article","isPartOf":{"@id":"https:\/\/patagoniambiental.com.ar\/info\/17-junio-dia-mundial-de-lucha-contra-la-desertificacion-y-la-sequia\/"},"author":{"name":"Patagonia Ambiental","@id":"https:\/\/patagoniambiental.com.ar\/info\/#\/schema\/person\/db12bff64bbcbf6a253710bf0ea37b5d"},"headline":"17 Junio &#8211; D\u00eda Mundial de Lucha contra la Desertificaci\u00f3n y la Sequ\u00eda","datePublished":"2015-06-17T12:00:58+00:00","mainEntityOfPage":{"@id":"https:\/\/patagoniambiental.com.ar\/info\/17-junio-dia-mundial-de-lucha-contra-la-desertificacion-y-la-sequia\/"},"wordCount":1271,"publisher":{"@id":"https:\/\/patagoniambiental.com.ar\/info\/#organization"},"image":{"@id":"https:\/\/patagoniambiental.com.ar\/info\/17-junio-dia-mundial-de-lucha-contra-la-desertificacion-y-la-sequia\/#primaryimage"},"thumbnailUrl":"","keywords":["ambiente","Desertificaci\u00f3n","INTA","SAyDS","sequ\u00eda"],"articleSection":["General","Noticias"],"inLanguage":"es"},{"@type":"WebPage","@id":"https:\/\/patagoniambiental.com.ar\/info\/17-junio-dia-mundial-de-lucha-contra-la-desertificacion-y-la-sequia\/","url":"https:\/\/patagoniambiental.com.ar\/info\/17-junio-dia-mundial-de-lucha-contra-la-desertificacion-y-la-sequia\/","name":"17 Junio - D\u00eda Mundial de Lucha contra la Desertificaci\u00f3n y la Sequ\u00eda","isPartOf":{"@id":"https:\/\/patagoniambiental.com.ar\/info\/#website"},"primaryImageOfPage":{"@id":"https:\/\/patagoniambiental.com.ar\/info\/17-junio-dia-mundial-de-lucha-contra-la-desertificacion-y-la-sequia\/#primaryimage"},"image":{"@id":"https:\/\/patagoniambiental.com.ar\/info\/17-junio-dia-mundial-de-lucha-contra-la-desertificacion-y-la-sequia\/#primaryimage"},"thumbnailUrl":"","datePublished":"2015-06-17T12:00:58+00:00","breadcrumb":{"@id":"https:\/\/patagoniambiental.com.ar\/info\/17-junio-dia-mundial-de-lucha-contra-la-desertificacion-y-la-sequia\/#breadcrumb"},"inLanguage":"es","potentialAction":[{"@type":"ReadAction","target":["https:\/\/patagoniambiental.com.ar\/info\/17-junio-dia-mundial-de-lucha-contra-la-desertificacion-y-la-sequia\/"]}]},{"@type":"ImageObject","inLanguage":"es","@id":"https:\/\/patagoniambiental.com.ar\/info\/17-junio-dia-mundial-de-lucha-contra-la-desertificacion-y-la-sequia\/#primaryimage","url":"","contentUrl":""},{"@type":"BreadcrumbList","@id":"https:\/\/patagoniambiental.com.ar\/info\/17-junio-dia-mundial-de-lucha-contra-la-desertificacion-y-la-sequia\/#breadcrumb","itemListElement":[{"@type":"ListItem","position":1,"name":"Inicio","item":"https:\/\/patagoniambiental.com.ar\/info\/"},{"@type":"ListItem","position":2,"name":"17 Junio &#8211; D\u00eda Mundial de Lucha contra la Desertificaci\u00f3n y la Sequ\u00eda"}]},{"@type":"WebSite","@id":"https:\/\/patagoniambiental.com.ar\/info\/#website","url":"https:\/\/patagoniambiental.com.ar\/info\/","name":"Patagonia Ambiental","description":"Monitoreo y an\u00e1lisis de la situaci\u00f3n geopol\u00edtica en el mundo y su implicancia en la Patagonia","publisher":{"@id":"https:\/\/patagoniambiental.com.ar\/info\/#organization"},"potentialAction":[{"@type":"SearchAction","target":{"@type":"EntryPoint","urlTemplate":"https:\/\/patagoniambiental.com.ar\/info\/?s={search_term_string}"},"query-input":{"@type":"PropertyValueSpecification","valueRequired":true,"valueName":"search_term_string"}}],"inLanguage":"es"},{"@type":"Organization","@id":"https:\/\/patagoniambiental.com.ar\/info\/#organization","name":"Patagonia Ambiental","url":"https:\/\/patagoniambiental.com.ar\/info\/","logo":{"@type":"ImageObject","inLanguage":"es","@id":"https:\/\/patagoniambiental.com.ar\/info\/#\/schema\/logo\/image\/","url":"https:\/\/patagoniambiental.com.ar\/info\/wp-content\/uploads\/2025\/05\/LOGO-PATAGONIA-AMBIENTAL.png","contentUrl":"https:\/\/patagoniambiental.com.ar\/info\/wp-content\/uploads\/2025\/05\/LOGO-PATAGONIA-AMBIENTAL.png","width":433,"height":250,"caption":"Patagonia Ambiental"},"image":{"@id":"https:\/\/patagoniambiental.com.ar\/info\/#\/schema\/logo\/image\/"},"sameAs":["https:\/\/www.facebook.com\/patagonia.ambiental","https:\/\/x.com\/PatAmb"]},{"@type":"Person","@id":"https:\/\/patagoniambiental.com.ar\/info\/#\/schema\/person\/db12bff64bbcbf6a253710bf0ea37b5d","name":"Patagonia Ambiental","description":"Andr\u00e9s Nievas T\u00e9cnico en manejo ambiental, consultor Ambiental y escritor para medios locales e internacionales sobre temas de geopolitica y medio ambiente.","sameAs":["http:\/\/www.patagoniambiental.com.ar","https:\/\/www.facebook.com\/share\/1C1V8Gv9BX\/?mibextid=qi2Omg","@patagoniambiental","https:\/\/youtube.com\/@patagoniaambiental2023?si=BLt58t0wuXquxlYZ"]}]}},"_links":{"self":[{"href":"https:\/\/patagoniambiental.com.ar\/info\/wp-json\/wp\/v2\/posts\/11058","targetHints":{"allow":["GET"]}}],"collection":[{"href":"https:\/\/patagoniambiental.com.ar\/info\/wp-json\/wp\/v2\/posts"}],"about":[{"href":"https:\/\/patagoniambiental.com.ar\/info\/wp-json\/wp\/v2\/types\/post"}],"author":[{"embeddable":true,"href":"https:\/\/patagoniambiental.com.ar\/info\/wp-json\/wp\/v2\/users\/2"}],"replies":[{"embeddable":true,"href":"https:\/\/patagoniambiental.com.ar\/info\/wp-json\/wp\/v2\/comments?post=11058"}],"version-history":[{"count":0,"href":"https:\/\/patagoniambiental.com.ar\/info\/wp-json\/wp\/v2\/posts\/11058\/revisions"}],"wp:featuredmedia":[{"embeddable":true,"href":"https:\/\/patagoniambiental.com.ar\/info\/wp-json\/"}],"wp:attachment":[{"href":"https:\/\/patagoniambiental.com.ar\/info\/wp-json\/wp\/v2\/media?parent=11058"}],"wp:term":[{"taxonomy":"category","embeddable":true,"href":"https:\/\/patagoniambiental.com.ar\/info\/wp-json\/wp\/v2\/categories?post=11058"},{"taxonomy":"post_tag","embeddable":true,"href":"https:\/\/patagoniambiental.com.ar\/info\/wp-json\/wp\/v2\/tags?post=11058"}],"curies":[{"name":"wp","href":"https:\/\/api.w.org\/{rel}","templated":true}]}}