{"id":11680,"date":"2015-06-02T09:00:43","date_gmt":"2015-06-02T12:00:43","guid":{"rendered":"http:\/\/patagoniambiental.com.ar\/?p=11680"},"modified":"2015-06-02T09:00:43","modified_gmt":"2015-06-02T12:00:43","slug":"en-la-semana-de-mayo-usamos-la-escarapela-patria-en-la-semana-del-ambiente-ponete-la-verde-y-blanca","status":"publish","type":"post","link":"https:\/\/patagoniambiental.com.ar\/info\/en-la-semana-de-mayo-usamos-la-escarapela-patria-en-la-semana-del-ambiente-ponete-la-verde-y-blanca\/","title":{"rendered":"En la Semana de Mayo usamos la escarapela patria. En la Semana del Ambiente, \u00a1ponete la verde y blanca!"},"content":{"rendered":"<p>Fundaci\u00f3n Vida Silvestre Argentina.-El viernes 5 de junio es el D\u00eda Mundial del Medio Ambiente y Vida Silvestre lo celebra presentando 5\u00a0 propuestas para una Argentina Sustentable. (Se adjunta resumen y link a documento).<!--more--><br \/>\n\u2022La \u00abPlataforma para la Agenda P\u00fablica Argentina 2016-2020: Cinco ideas para una Argentina Sustentable\u201d, fue entregada a los precandidatos presidenciales, a quienes les pedimos que nos cuenten cu\u00e1l ser\u00e1 su compromiso ambiental en caso de ser electos. En el D\u00eda Mundial del Medio Ambiente los daremos a conocer.<br \/>\n\u2022\u00a1Sumate al D\u00eda Mundial del Medio Ambiente! El viernes 5 de junio, te invitamos a ponerte la escarapela verde y blanca del Planeta, y a celebrar con Vida Silvestre, de 9 a 18 h, en Plaza San Mart\u00edn. Durante el transcurso de ese d\u00eda, la artista Alejandra Gougy (Cosecha Prendas Vintage)\u00a0 armar\u00e1 la escarapela del Planeta con residuos provistos por\u00a0 la cooperativa El Ceibo. Escuelas p\u00fablicas y privadas de la ciudad de Buenos Aires participar\u00e1n de la actividad con sus alumnos de primaria (se suspende por lluvia y se traslada al viernes 12 de junio). Nos acompa\u00f1an en esta actividad: Villavicencio (Sponsor Principal) y Fundaci\u00f3n Andreani, Quilmes, Unit\u00e1n y Zurich (Auspiciantes).<\/p>\n<p><strong>Acerca de Vida Silvestre<\/strong><\/p>\n<p>La Fundaci\u00f3n Vida Silvestre Argentina es una organizaci\u00f3n no gubernamental, de bien p\u00fablico y sin fines de lucro, creada en 1977. Su misi\u00f3n es proponer e implementar soluciones para conservar la naturaleza, promover el uso sustentable de los recursos naturales y una conducta responsable en un contexto de cambio clim\u00e1tico. Desde 1988 est\u00e1 asociada y representa en la Argentina a WWF, una de las organizaciones independientes de conservaci\u00f3n m\u00e1s grande del mundo, presente en 100 pa\u00edses. Para m\u00e1s informaci\u00f3n: www.vidasilvestre.org.ar<\/p>\n<p>&nbsp;<\/p>\n<p>&lt;&lt;<a href=\"http:\/\/awsassets.wwfar.panda.org\/downloads\/cinco_ideas_para_una_argentina_sustentable_1.pdf\" target=\"_blank\">LINK A DOCUMENTO<\/a>&gt;&gt;<\/p>\n<p>&nbsp;<\/p>\n<p><strong>Plataforma para la Agenda P\u00fablica Argentina 2016-2020: Cinco ideas para una Argentina Sustentable (Resumen)<\/strong><\/p>\n<p>&nbsp;<\/p>\n<p>1. Educaci\u00f3n y acceso a la informaci\u00f3n ambiental: el 53% de los argentinos manifiesta que una mejor educaci\u00f3n es clave para abordar los problemas ambientales. (Encuesta Ambiental Nacional \u2013 Vida Silvestre \/Poliarqu\u00eda, 2014)<br \/>\n\u2022Reglamentar e implementar la Ley de Acceso a la Informaci\u00f3n Ambiental Nacional.<br \/>\n\u2022Dar el debate para desarrollar e implementar una Ley de Presupuestos M\u00ednimos de Educaci\u00f3n Ambiental que pueda organizar y sistematizar una propuesta pedag\u00f3gica y did\u00e1ctica nacional, definiendo consensos b\u00e1sicos, pero sosteniendo y encuadrando las especificidades propias de cada jurisdicci\u00f3n.<\/p>\n<p>2. Protecci\u00f3n de la biodiversidad y de sus servicios ecosist\u00e9micos: la Argentina\u00a0 se encuentra\u00a0 9\u00ba dentro de los 10 pa\u00edses que totalizan m\u00e1s del 60% de la capacidad de la tierra de producir estos recursos y proveer servicios ambientales. ( Informe Planeta Vivo, WWF, 2010)<br \/>\n\u2022Fortalecer y ampliar el Sistema Federal de \u00c1reas Protegidas (SIFAP) y promover una ley que fije est\u00e1ndares m\u00ednimos y pol\u00edticas comunes entre las diferentes jurisdicciones y actores interesados.<br \/>\n\u2022Conservar al menos un 17% de la superficie de cada regi\u00f3n natural terrestre y el 10% del Mar Argentino, seg\u00fan las metas planteadas en la Convenci\u00f3n de Diversidad Biol\u00f3gica -firmadas en 1992 por el gobierno argentino y ratificadas en 1994 por el Congreso Nacional mediante Ley 24.375.<br \/>\n\u2022Regular est\u00e1ndares m\u00ednimos de inversi\u00f3n y de manejo de las \u00e1reas, promover sistemas de incentivos para la creaci\u00f3n de \u00e1reas privadas, y proponer claros mecanismos de coordinaci\u00f3n entre las jurisdicciones junto con la definici\u00f3n de un r\u00e9gimen de financiamiento del sistema.<\/p>\n<p>3. Ordenamiento territorial: una herramienta necesaria para orientar decisiones sobre el uso estrat\u00e9gico del territorio en sus dimensiones econ\u00f3mica, social y ambiental.<br \/>\n\u2022Consolidar la implementaci\u00f3n efectiva de la Ley de Bosques, herramienta vigente y pionera en plantear, a nivel nacional, el ordenamiento territorial sobre una base ambiental, y la creaci\u00f3n de un fondo para el reconocimiento del valor de los servicios ambientales que no deber\u00eda ser inferior al 0.3% del Presupuesto Nacional m\u00e1s el 2% de las retenciones a las exportaciones de los productos agr\u00edcolas, ganaderos y forestales.<br \/>\n\u2022Sancionar una Ley de Presupuestos M\u00ednimos para la Protecci\u00f3n de los Bienes y Servicios Ambientales, teniendo en cuenta las econom\u00edas y comunidades regionales, y que promueva los mejores usos del territorio sumando mecanismos de financiamiento adecuado con incentivos econ\u00f3micos directos, as\u00ed como las mejoras necesarias en materia de infraestructura para acompa\u00f1ar el proceso de desarrollo sustentable.<\/p>\n<p>4. Producci\u00f3n sostenible: es posible lograr una duplicaci\u00f3n de la carga ganadera sin perder una buena condici\u00f3n de los pastizales para la biodiversidad, permitiendo lograr incrementos de m\u00e1s del 50% en la producci\u00f3n de carne (m\u00e1s de 40Kg\/ha.a\u00f1o). (Vida Silvestre)<br \/>\n\u2022Desarrollar incentivos e instrumentos concretos que promuevan la adopci\u00f3n de buenas pr\u00e1cticas, comenzando por aquellas actividades con incidencia en el territorio: ganader\u00eda, agricultura, pesca, forestal, miner\u00eda, petr\u00f3leo, gas, y adoptando en aquellos casos en que ya existan, est\u00e1ndares reconocidos internacionalmente como el FSC para sistemas forestales o el MSC para productos de la pesca.<br \/>\n\u2022Desarrollar un planeamiento a largo plazo de la matriz energ\u00e9tica, con una mirada moderna, tomando en cuenta las m\u00faltiples oportunidades que tiene la Argentina en esta materia a partir del desarrollo de las energ\u00edas renovables.<\/p>\n<p>5. Consumo responsable: 66% de los consumidores globales consideran la sustentabilidad del producto cuando definen la compra (Nielsen, Global Survey of Corporate Citizenship, 2012)<br \/>\n\u2022Involucrar activamente a la Argentina en el desarrollo de sistemas de compras sustentables en todo lo vinculado a compras y contrataciones en el sector p\u00fablico.<br \/>\n\u2022Adoptar e incentivar a trav\u00e9s de diferentes instrumentos de pol\u00edticas p\u00fablicas, est\u00e1ndares de calidad con reconocimiento internacional, para aquellas actividades basadas en el uso de los recursos naturales como la pesca, la ganader\u00eda, la agricultura y la actividad forestal, con el objetivo de brindarle al consumidor certezas sobre su desempe\u00f1o ambiental, y al mismo tiempo, brindarle oportunidades de mercado internacional a esos productos argentinos.<br \/>\n\u2022Acelerar y fortalecer el sistema de etiquetado de eficiencia energ\u00e9tica nacional para electrodom\u00e9sticos y autom\u00f3viles, para facilitar la informaci\u00f3n al consumidor y su educaci\u00f3n.<\/p>\n<p>&nbsp;<br \/>\nFuente: Fundaci\u00f3n Vida Silvestre Argentina<\/p>\n","protected":false},"excerpt":{"rendered":"<p>Fundaci\u00f3n Vida Silvestre Argentina.-El viernes 5 de junio es el D\u00eda Mundial del Medio Ambiente y Vida Silvestre lo celebra [&hellip;]<\/p>\n","protected":false},"author":2,"featured_media":11681,"comment_status":"closed","ping_status":"closed","sticky":false,"template":"","format":"standard","meta":{"site-sidebar-layout":"default","site-content-layout":"","ast-site-content-layout":"default","site-content-style":"default","site-sidebar-style":"default","ast-global-header-display":"","ast-banner-title-visibility":"","ast-main-header-display":"","ast-hfb-above-header-display":"","ast-hfb-below-header-display":"","ast-hfb-mobile-header-display":"","site-post-title":"","ast-breadcrumbs-content":"","ast-featured-img":"","footer-sml-layout":"","ast-disable-related-posts":"","theme-transparent-header-meta":"","adv-header-id-meta":"","stick-header-meta":"","header-above-stick-meta":"","header-main-stick-meta":"","header-below-stick-meta":"","astra-migrate-meta-layouts":"default","ast-page-background-enabled":"default","ast-page-background-meta":{"desktop":{"background-color":"var(--ast-global-color-5)","background-image":"","background-repeat":"repeat","background-position":"center center","background-size":"auto","background-attachment":"scroll","background-type":"","background-media":"","overlay-type":"","overlay-color":"","overlay-opacity":"","overlay-gradient":""},"tablet":{"background-color":"","background-image":"","background-repeat":"repeat","background-position":"center center","background-size":"auto","background-attachment":"scroll","background-type":"","background-media":"","overlay-type":"","overlay-color":"","overlay-opacity":"","overlay-gradient":""},"mobile":{"background-color":"","background-image":"","background-repeat":"repeat","background-position":"center center","background-size":"auto","background-attachment":"scroll","background-type":"","background-media":"","overlay-type":"","overlay-color":"","overlay-opacity":"","overlay-gradient":""}},"ast-content-background-meta":{"desktop":{"background-color":"var(--ast-global-color-4)","background-image":"","background-repeat":"repeat","background-position":"center center","background-size":"auto","background-attachment":"scroll","background-type":"","background-media":"","overlay-type":"","overlay-color":"","overlay-opacity":"","overlay-gradient":""},"tablet":{"background-color":"var(--ast-global-color-4)","background-image":"","background-repeat":"repeat","background-position":"center center","background-size":"auto","background-attachment":"scroll","background-type":"","background-media":"","overlay-type":"","overlay-color":"","overlay-opacity":"","overlay-gradient":""},"mobile":{"background-color":"var(--ast-global-color-4)","background-image":"","background-repeat":"repeat","background-position":"center center","background-size":"auto","background-attachment":"scroll","background-type":"","background-media":"","overlay-type":"","overlay-color":"","overlay-opacity":"","overlay-gradient":""}},"footnotes":""},"categories":[1,3],"tags":[65,499,3297,250],"class_list":["post-11680","post","type-post","status-publish","format-standard","has-post-thumbnail","hentry","category-noticias","category-ong","tag-ambiente","tag-fvsa","tag-sifap","tag-wwf"],"yoast_head":"<!-- This site is optimized with the Yoast SEO Premium plugin v23.0 (Yoast SEO v27.5) - https:\/\/yoast.com\/product\/yoast-seo-premium-wordpress\/ -->\n<title>En la Semana de Mayo usamos la escarapela patria. En la Semana del Ambiente, \u00a1ponete la verde y blanca!<\/title>\n<meta name=\"robots\" content=\"index, follow, max-snippet:-1, max-image-preview:large, max-video-preview:-1\" \/>\n<link rel=\"canonical\" href=\"https:\/\/patagoniambiental.com.ar\/info\/en-la-semana-de-mayo-usamos-la-escarapela-patria-en-la-semana-del-ambiente-ponete-la-verde-y-blanca\/\" \/>\n<meta property=\"og:locale\" content=\"es_ES\" \/>\n<meta property=\"og:type\" content=\"article\" \/>\n<meta property=\"og:title\" content=\"En la Semana de Mayo usamos la escarapela patria. En la Semana del Ambiente, \u00a1ponete la verde y blanca!\" \/>\n<meta property=\"og:description\" content=\"Fundaci\u00f3n Vida Silvestre Argentina.-El viernes 5 de junio es el D\u00eda Mundial del Medio Ambiente y Vida Silvestre lo celebra [&hellip;]\" \/>\n<meta property=\"og:url\" content=\"https:\/\/patagoniambiental.com.ar\/info\/en-la-semana-de-mayo-usamos-la-escarapela-patria-en-la-semana-del-ambiente-ponete-la-verde-y-blanca\/\" \/>\n<meta property=\"og:site_name\" content=\"Patagonia Ambiental\" \/>\n<meta property=\"article:publisher\" content=\"https:\/\/www.facebook.com\/patagonia.ambiental\" \/>\n<meta property=\"article:author\" content=\"https:\/\/www.facebook.com\/share\/1C1V8Gv9BX\/?mibextid=qi2Omg\" \/>\n<meta property=\"article:published_time\" content=\"2015-06-02T12:00:43+00:00\" \/>\n<meta name=\"author\" content=\"Patagonia Ambiental\" \/>\n<meta name=\"twitter:card\" content=\"summary_large_image\" \/>\n<meta name=\"twitter:creator\" content=\"@PatAmb\" \/>\n<meta name=\"twitter:site\" content=\"@PatAmb\" \/>\n<script type=\"application\/ld+json\" class=\"yoast-schema-graph\">{\"@context\":\"https:\\\/\\\/schema.org\",\"@graph\":[{\"@type\":\"Article\",\"@id\":\"https:\\\/\\\/patagoniambiental.com.ar\\\/info\\\/en-la-semana-de-mayo-usamos-la-escarapela-patria-en-la-semana-del-ambiente-ponete-la-verde-y-blanca\\\/#article\",\"isPartOf\":{\"@id\":\"https:\\\/\\\/patagoniambiental.com.ar\\\/info\\\/en-la-semana-de-mayo-usamos-la-escarapela-patria-en-la-semana-del-ambiente-ponete-la-verde-y-blanca\\\/\"},\"author\":{\"name\":\"Patagonia Ambiental\",\"@id\":\"https:\\\/\\\/patagoniambiental.com.ar\\\/info\\\/#\\\/schema\\\/person\\\/db12bff64bbcbf6a253710bf0ea37b5d\"},\"headline\":\"En la Semana de Mayo usamos la escarapela patria. En la Semana del Ambiente, \u00a1ponete la verde y blanca!\",\"datePublished\":\"2015-06-02T12:00:43+00:00\",\"mainEntityOfPage\":{\"@id\":\"https:\\\/\\\/patagoniambiental.com.ar\\\/info\\\/en-la-semana-de-mayo-usamos-la-escarapela-patria-en-la-semana-del-ambiente-ponete-la-verde-y-blanca\\\/\"},\"wordCount\":1049,\"publisher\":{\"@id\":\"https:\\\/\\\/patagoniambiental.com.ar\\\/info\\\/#organization\"},\"image\":{\"@id\":\"https:\\\/\\\/patagoniambiental.com.ar\\\/info\\\/en-la-semana-de-mayo-usamos-la-escarapela-patria-en-la-semana-del-ambiente-ponete-la-verde-y-blanca\\\/#primaryimage\"},\"thumbnailUrl\":\"\",\"keywords\":[\"ambiente\",\"FVSA\",\"SIFAP\",\"WWF\"],\"articleSection\":[\"Noticias\",\"ONG\"],\"inLanguage\":\"es\"},{\"@type\":\"WebPage\",\"@id\":\"https:\\\/\\\/patagoniambiental.com.ar\\\/info\\\/en-la-semana-de-mayo-usamos-la-escarapela-patria-en-la-semana-del-ambiente-ponete-la-verde-y-blanca\\\/\",\"url\":\"https:\\\/\\\/patagoniambiental.com.ar\\\/info\\\/en-la-semana-de-mayo-usamos-la-escarapela-patria-en-la-semana-del-ambiente-ponete-la-verde-y-blanca\\\/\",\"name\":\"En la Semana de Mayo usamos la escarapela patria. En la Semana del Ambiente, \u00a1ponete la verde y blanca!\",\"isPartOf\":{\"@id\":\"https:\\\/\\\/patagoniambiental.com.ar\\\/info\\\/#website\"},\"primaryImageOfPage\":{\"@id\":\"https:\\\/\\\/patagoniambiental.com.ar\\\/info\\\/en-la-semana-de-mayo-usamos-la-escarapela-patria-en-la-semana-del-ambiente-ponete-la-verde-y-blanca\\\/#primaryimage\"},\"image\":{\"@id\":\"https:\\\/\\\/patagoniambiental.com.ar\\\/info\\\/en-la-semana-de-mayo-usamos-la-escarapela-patria-en-la-semana-del-ambiente-ponete-la-verde-y-blanca\\\/#primaryimage\"},\"thumbnailUrl\":\"\",\"datePublished\":\"2015-06-02T12:00:43+00:00\",\"breadcrumb\":{\"@id\":\"https:\\\/\\\/patagoniambiental.com.ar\\\/info\\\/en-la-semana-de-mayo-usamos-la-escarapela-patria-en-la-semana-del-ambiente-ponete-la-verde-y-blanca\\\/#breadcrumb\"},\"inLanguage\":\"es\",\"potentialAction\":[{\"@type\":\"ReadAction\",\"target\":[\"https:\\\/\\\/patagoniambiental.com.ar\\\/info\\\/en-la-semana-de-mayo-usamos-la-escarapela-patria-en-la-semana-del-ambiente-ponete-la-verde-y-blanca\\\/\"]}]},{\"@type\":\"ImageObject\",\"inLanguage\":\"es\",\"@id\":\"https:\\\/\\\/patagoniambiental.com.ar\\\/info\\\/en-la-semana-de-mayo-usamos-la-escarapela-patria-en-la-semana-del-ambiente-ponete-la-verde-y-blanca\\\/#primaryimage\",\"url\":\"\",\"contentUrl\":\"\"},{\"@type\":\"BreadcrumbList\",\"@id\":\"https:\\\/\\\/patagoniambiental.com.ar\\\/info\\\/en-la-semana-de-mayo-usamos-la-escarapela-patria-en-la-semana-del-ambiente-ponete-la-verde-y-blanca\\\/#breadcrumb\",\"itemListElement\":[{\"@type\":\"ListItem\",\"position\":1,\"name\":\"Inicio\",\"item\":\"https:\\\/\\\/patagoniambiental.com.ar\\\/info\\\/\"},{\"@type\":\"ListItem\",\"position\":2,\"name\":\"En la Semana de Mayo usamos la escarapela patria. En la Semana del Ambiente, \u00a1ponete la verde y blanca!\"}]},{\"@type\":\"WebSite\",\"@id\":\"https:\\\/\\\/patagoniambiental.com.ar\\\/info\\\/#website\",\"url\":\"https:\\\/\\\/patagoniambiental.com.ar\\\/info\\\/\",\"name\":\"Patagonia Ambiental\",\"description\":\"Monitoreo y an\u00e1lisis de la situaci\u00f3n geopol\u00edtica en el mundo y su implicancia en la Patagonia\",\"publisher\":{\"@id\":\"https:\\\/\\\/patagoniambiental.com.ar\\\/info\\\/#organization\"},\"potentialAction\":[{\"@type\":\"SearchAction\",\"target\":{\"@type\":\"EntryPoint\",\"urlTemplate\":\"https:\\\/\\\/patagoniambiental.com.ar\\\/info\\\/?s={search_term_string}\"},\"query-input\":{\"@type\":\"PropertyValueSpecification\",\"valueRequired\":true,\"valueName\":\"search_term_string\"}}],\"inLanguage\":\"es\"},{\"@type\":\"Organization\",\"@id\":\"https:\\\/\\\/patagoniambiental.com.ar\\\/info\\\/#organization\",\"name\":\"Patagonia Ambiental\",\"url\":\"https:\\\/\\\/patagoniambiental.com.ar\\\/info\\\/\",\"logo\":{\"@type\":\"ImageObject\",\"inLanguage\":\"es\",\"@id\":\"https:\\\/\\\/patagoniambiental.com.ar\\\/info\\\/#\\\/schema\\\/logo\\\/image\\\/\",\"url\":\"https:\\\/\\\/patagoniambiental.com.ar\\\/info\\\/wp-content\\\/uploads\\\/2025\\\/05\\\/LOGO-PATAGONIA-AMBIENTAL.png\",\"contentUrl\":\"https:\\\/\\\/patagoniambiental.com.ar\\\/info\\\/wp-content\\\/uploads\\\/2025\\\/05\\\/LOGO-PATAGONIA-AMBIENTAL.png\",\"width\":433,\"height\":250,\"caption\":\"Patagonia Ambiental\"},\"image\":{\"@id\":\"https:\\\/\\\/patagoniambiental.com.ar\\\/info\\\/#\\\/schema\\\/logo\\\/image\\\/\"},\"sameAs\":[\"https:\\\/\\\/www.facebook.com\\\/patagonia.ambiental\",\"https:\\\/\\\/x.com\\\/PatAmb\"]},{\"@type\":\"Person\",\"@id\":\"https:\\\/\\\/patagoniambiental.com.ar\\\/info\\\/#\\\/schema\\\/person\\\/db12bff64bbcbf6a253710bf0ea37b5d\",\"name\":\"Patagonia Ambiental\",\"description\":\"Andr\u00e9s Nievas T\u00e9cnico en manejo ambiental, consultor Ambiental y escritor para medios locales e internacionales sobre temas de geopolitica y medio ambiente.\",\"sameAs\":[\"http:\\\/\\\/www.patagoniambiental.com.ar\",\"https:\\\/\\\/www.facebook.com\\\/share\\\/1C1V8Gv9BX\\\/?mibextid=qi2Omg\",\"@patagoniambiental\",\"https:\\\/\\\/youtube.com\\\/@patagoniaambiental2023?si=BLt58t0wuXquxlYZ\"]}]}<\/script>\n<!-- \/ Yoast SEO Premium plugin. -->","yoast_head_json":{"title":"En la Semana de Mayo usamos la escarapela patria. En la Semana del Ambiente, \u00a1ponete la verde y blanca!","robots":{"index":"index","follow":"follow","max-snippet":"max-snippet:-1","max-image-preview":"max-image-preview:large","max-video-preview":"max-video-preview:-1"},"canonical":"https:\/\/patagoniambiental.com.ar\/info\/en-la-semana-de-mayo-usamos-la-escarapela-patria-en-la-semana-del-ambiente-ponete-la-verde-y-blanca\/","og_locale":"es_ES","og_type":"article","og_title":"En la Semana de Mayo usamos la escarapela patria. En la Semana del Ambiente, \u00a1ponete la verde y blanca!","og_description":"Fundaci\u00f3n Vida Silvestre Argentina.-El viernes 5 de junio es el D\u00eda Mundial del Medio Ambiente y Vida Silvestre lo celebra [&hellip;]","og_url":"https:\/\/patagoniambiental.com.ar\/info\/en-la-semana-de-mayo-usamos-la-escarapela-patria-en-la-semana-del-ambiente-ponete-la-verde-y-blanca\/","og_site_name":"Patagonia Ambiental","article_publisher":"https:\/\/www.facebook.com\/patagonia.ambiental","article_author":"https:\/\/www.facebook.com\/share\/1C1V8Gv9BX\/?mibextid=qi2Omg","article_published_time":"2015-06-02T12:00:43+00:00","author":"Patagonia Ambiental","twitter_card":"summary_large_image","twitter_creator":"@PatAmb","twitter_site":"@PatAmb","schema":{"@context":"https:\/\/schema.org","@graph":[{"@type":"Article","@id":"https:\/\/patagoniambiental.com.ar\/info\/en-la-semana-de-mayo-usamos-la-escarapela-patria-en-la-semana-del-ambiente-ponete-la-verde-y-blanca\/#article","isPartOf":{"@id":"https:\/\/patagoniambiental.com.ar\/info\/en-la-semana-de-mayo-usamos-la-escarapela-patria-en-la-semana-del-ambiente-ponete-la-verde-y-blanca\/"},"author":{"name":"Patagonia Ambiental","@id":"https:\/\/patagoniambiental.com.ar\/info\/#\/schema\/person\/db12bff64bbcbf6a253710bf0ea37b5d"},"headline":"En la Semana de Mayo usamos la escarapela patria. En la Semana del Ambiente, \u00a1ponete la verde y blanca!","datePublished":"2015-06-02T12:00:43+00:00","mainEntityOfPage":{"@id":"https:\/\/patagoniambiental.com.ar\/info\/en-la-semana-de-mayo-usamos-la-escarapela-patria-en-la-semana-del-ambiente-ponete-la-verde-y-blanca\/"},"wordCount":1049,"publisher":{"@id":"https:\/\/patagoniambiental.com.ar\/info\/#organization"},"image":{"@id":"https:\/\/patagoniambiental.com.ar\/info\/en-la-semana-de-mayo-usamos-la-escarapela-patria-en-la-semana-del-ambiente-ponete-la-verde-y-blanca\/#primaryimage"},"thumbnailUrl":"","keywords":["ambiente","FVSA","SIFAP","WWF"],"articleSection":["Noticias","ONG"],"inLanguage":"es"},{"@type":"WebPage","@id":"https:\/\/patagoniambiental.com.ar\/info\/en-la-semana-de-mayo-usamos-la-escarapela-patria-en-la-semana-del-ambiente-ponete-la-verde-y-blanca\/","url":"https:\/\/patagoniambiental.com.ar\/info\/en-la-semana-de-mayo-usamos-la-escarapela-patria-en-la-semana-del-ambiente-ponete-la-verde-y-blanca\/","name":"En la Semana de Mayo usamos la escarapela patria. En la Semana del Ambiente, \u00a1ponete la verde y blanca!","isPartOf":{"@id":"https:\/\/patagoniambiental.com.ar\/info\/#website"},"primaryImageOfPage":{"@id":"https:\/\/patagoniambiental.com.ar\/info\/en-la-semana-de-mayo-usamos-la-escarapela-patria-en-la-semana-del-ambiente-ponete-la-verde-y-blanca\/#primaryimage"},"image":{"@id":"https:\/\/patagoniambiental.com.ar\/info\/en-la-semana-de-mayo-usamos-la-escarapela-patria-en-la-semana-del-ambiente-ponete-la-verde-y-blanca\/#primaryimage"},"thumbnailUrl":"","datePublished":"2015-06-02T12:00:43+00:00","breadcrumb":{"@id":"https:\/\/patagoniambiental.com.ar\/info\/en-la-semana-de-mayo-usamos-la-escarapela-patria-en-la-semana-del-ambiente-ponete-la-verde-y-blanca\/#breadcrumb"},"inLanguage":"es","potentialAction":[{"@type":"ReadAction","target":["https:\/\/patagoniambiental.com.ar\/info\/en-la-semana-de-mayo-usamos-la-escarapela-patria-en-la-semana-del-ambiente-ponete-la-verde-y-blanca\/"]}]},{"@type":"ImageObject","inLanguage":"es","@id":"https:\/\/patagoniambiental.com.ar\/info\/en-la-semana-de-mayo-usamos-la-escarapela-patria-en-la-semana-del-ambiente-ponete-la-verde-y-blanca\/#primaryimage","url":"","contentUrl":""},{"@type":"BreadcrumbList","@id":"https:\/\/patagoniambiental.com.ar\/info\/en-la-semana-de-mayo-usamos-la-escarapela-patria-en-la-semana-del-ambiente-ponete-la-verde-y-blanca\/#breadcrumb","itemListElement":[{"@type":"ListItem","position":1,"name":"Inicio","item":"https:\/\/patagoniambiental.com.ar\/info\/"},{"@type":"ListItem","position":2,"name":"En la Semana de Mayo usamos la escarapela patria. En la Semana del Ambiente, \u00a1ponete la verde y blanca!"}]},{"@type":"WebSite","@id":"https:\/\/patagoniambiental.com.ar\/info\/#website","url":"https:\/\/patagoniambiental.com.ar\/info\/","name":"Patagonia Ambiental","description":"Monitoreo y an\u00e1lisis de la situaci\u00f3n geopol\u00edtica en el mundo y su implicancia en la Patagonia","publisher":{"@id":"https:\/\/patagoniambiental.com.ar\/info\/#organization"},"potentialAction":[{"@type":"SearchAction","target":{"@type":"EntryPoint","urlTemplate":"https:\/\/patagoniambiental.com.ar\/info\/?s={search_term_string}"},"query-input":{"@type":"PropertyValueSpecification","valueRequired":true,"valueName":"search_term_string"}}],"inLanguage":"es"},{"@type":"Organization","@id":"https:\/\/patagoniambiental.com.ar\/info\/#organization","name":"Patagonia Ambiental","url":"https:\/\/patagoniambiental.com.ar\/info\/","logo":{"@type":"ImageObject","inLanguage":"es","@id":"https:\/\/patagoniambiental.com.ar\/info\/#\/schema\/logo\/image\/","url":"https:\/\/patagoniambiental.com.ar\/info\/wp-content\/uploads\/2025\/05\/LOGO-PATAGONIA-AMBIENTAL.png","contentUrl":"https:\/\/patagoniambiental.com.ar\/info\/wp-content\/uploads\/2025\/05\/LOGO-PATAGONIA-AMBIENTAL.png","width":433,"height":250,"caption":"Patagonia Ambiental"},"image":{"@id":"https:\/\/patagoniambiental.com.ar\/info\/#\/schema\/logo\/image\/"},"sameAs":["https:\/\/www.facebook.com\/patagonia.ambiental","https:\/\/x.com\/PatAmb"]},{"@type":"Person","@id":"https:\/\/patagoniambiental.com.ar\/info\/#\/schema\/person\/db12bff64bbcbf6a253710bf0ea37b5d","name":"Patagonia Ambiental","description":"Andr\u00e9s Nievas T\u00e9cnico en manejo ambiental, consultor Ambiental y escritor para medios locales e internacionales sobre temas de geopolitica y medio ambiente.","sameAs":["http:\/\/www.patagoniambiental.com.ar","https:\/\/www.facebook.com\/share\/1C1V8Gv9BX\/?mibextid=qi2Omg","@patagoniambiental","https:\/\/youtube.com\/@patagoniaambiental2023?si=BLt58t0wuXquxlYZ"]}]}},"_links":{"self":[{"href":"https:\/\/patagoniambiental.com.ar\/info\/wp-json\/wp\/v2\/posts\/11680","targetHints":{"allow":["GET"]}}],"collection":[{"href":"https:\/\/patagoniambiental.com.ar\/info\/wp-json\/wp\/v2\/posts"}],"about":[{"href":"https:\/\/patagoniambiental.com.ar\/info\/wp-json\/wp\/v2\/types\/post"}],"author":[{"embeddable":true,"href":"https:\/\/patagoniambiental.com.ar\/info\/wp-json\/wp\/v2\/users\/2"}],"replies":[{"embeddable":true,"href":"https:\/\/patagoniambiental.com.ar\/info\/wp-json\/wp\/v2\/comments?post=11680"}],"version-history":[{"count":0,"href":"https:\/\/patagoniambiental.com.ar\/info\/wp-json\/wp\/v2\/posts\/11680\/revisions"}],"wp:featuredmedia":[{"embeddable":true,"href":"https:\/\/patagoniambiental.com.ar\/info\/wp-json\/"}],"wp:attachment":[{"href":"https:\/\/patagoniambiental.com.ar\/info\/wp-json\/wp\/v2\/media?parent=11680"}],"wp:term":[{"taxonomy":"category","embeddable":true,"href":"https:\/\/patagoniambiental.com.ar\/info\/wp-json\/wp\/v2\/categories?post=11680"},{"taxonomy":"post_tag","embeddable":true,"href":"https:\/\/patagoniambiental.com.ar\/info\/wp-json\/wp\/v2\/tags?post=11680"}],"curies":[{"name":"wp","href":"https:\/\/api.w.org\/{rel}","templated":true}]}}