{"id":11692,"date":"2015-06-02T09:00:50","date_gmt":"2015-06-02T12:00:50","guid":{"rendered":"http:\/\/patagoniambiental.com.ar\/?p=11692"},"modified":"2015-06-02T09:00:50","modified_gmt":"2015-06-02T12:00:50","slug":"chubut-entre-las-cuatro-propuestas-de-america-latina-y-el-caribe-para-crear-nuevas-reservas-de-biosfera","status":"publish","type":"post","link":"https:\/\/patagoniambiental.com.ar\/info\/chubut-entre-las-cuatro-propuestas-de-america-latina-y-el-caribe-para-crear-nuevas-reservas-de-biosfera\/","title":{"rendered":"Chubut entre las cuatro propuestas de Am\u00e9rica Latina y el Caribe para crear nuevas Reservas de Bi\u00f3sfera"},"content":{"rendered":"<p>Chubut.-Tras la recomendaci\u00f3n del Comit\u00e9 Consultivo de la UNESCO de aprobar cuatro propuestas de Am\u00e9rica Latina y el Caribe para crear nuevas Reservas de Bi\u00f3sfera, Chubut tiene la posibilidad de acceder a una nueva distinci\u00f3n internacional creando la Reserva de Bi\u00f3sfera Patagonia Azul.<!--more--> Del 8 al 12 de junio se realizar\u00e1 en Par\u00eds, la sesi\u00f3n donde se evaluar\u00e1n las 17 propuestas de todo el mundo.<\/p>\n<p>Al respecto, el secretario de Turismo y \u00c1reas Protegidas del Chubut, Carlos Zonza Nigro, manifest\u00f3: \u201cEsta postulaci\u00f3n se enmarca en nuestro Plan Integral de Conservaci\u00f3n, donde nos planteamos como objetivo central dentro de esta gesti\u00f3n al menos duplicar la cantidad de hect\u00e1reas bajo figuras de conservaci\u00f3n y ya superamos ese objetivo; ingresamos a la gesti\u00f3n con el 6.2%, hoy estamos en el 13.5% y con la posible aprobaci\u00f3n de la Reserva de Bi\u00f3sfera Patagonia Azul y otro proyecto del \u00c1rea Marina Tombo, podr\u00edamos llegar antes de fin de a\u00f1o al 30%, es un gran logro para la conservaci\u00f3n y el turismo en la provincia del Chubut\u201d, e indic\u00f3: \u201capuntamos a continuar ligando el turismo con el desarrollo sustentable y la conservaci\u00f3n; sabemos que es la clave para el futuro y el ordenamiento para el presente\u201d.<\/p>\n<p>As\u00ed tambi\u00e9n, el titular de la cartera de Turismo se refiri\u00f3 a la nueva Reserva de Bi\u00f3sfera: \u201cSe trata de un sello de rango internacional en materia de conservaci\u00f3n pero que incluye las actividades del hombre y el desarrollo tur\u00edstico y econ\u00f3mico en la regi\u00f3n\u201d, y destac\u00f3 que \u201cla creaci\u00f3n de la Reserva de Bi\u00f3sfera Patagonia Azul implicar\u00eda para Chubut contar con la Reserva de Bi\u00f3sfera m\u00e1s grande de la Argentina, con una extensi\u00f3n de 3,1 millones de hect\u00e1reas e incluyendo tierra y mar\u201d.<\/p>\n<p>Por su parte, Graciela Pien, de la Unidad de Coordinaci\u00f3n del Programa MAB, valor\u00f3 la instancia a la que han llegado los proyectos y afirm\u00f3: \u201cLa aceptaci\u00f3n de estas propuestas podr\u00e1 representar para estos cuatro Estados Miembros una oportunidad \u00fanica de aumentar la capacidad de sus ciudadanos de gestionar eficazmente la riqueza de los recursos naturales que contienen en favor del bienestar de las poblaciones humanas y el medioambiente\u201d.<\/p>\n<p>Adem\u00e1s de la propuesta de Chubut, en Am\u00e9rica Latina se presentaron proyectos del Departamento de Santa Cruz en Bolivia, Cacique Lempira en Honduras, y la Isla de Cozumel en M\u00e9xico.<\/p>\n<p><strong>Sobre Patagonia Azul<\/strong><\/p>\n<p>La Reserva de Bi\u00f3sfera Patagonia Azul contempla 3,1 millones de hect\u00e1reas con tres n\u00facleos: el \u00e1rea marina Tombo, un \u00e1rea intermedia desde Cabo Raso hasta la Bah\u00eda de Camarones, y el tercero es el Parque Interjurisdiccional Marino Costero.<\/p>\n<p>Al incluir Punta Tombo y el Parque Marino Costero, este proyecto result\u00f3 ser el sector costero de Argentina de mayor biodiversidad del pa\u00eds, con 53 especies de mam\u00edferos terrestres, 190 especies de algas, 84 especies de aves, ambientes marinos \u00fanicos y mucho m\u00e1s.<\/p>\n<p>Lo innovador en esta figura de Bi\u00f3sfera -a diferencia del Patrimonio de la Humanidad- es que no es s\u00f3lo protecci\u00f3n, sino que implica la conservaci\u00f3n de recursos y la realizaci\u00f3n econ\u00f3mica de quienes viven ah\u00ed.<\/p>\n<p>La postulaci\u00f3n surgi\u00f3 de la Secretar\u00eda de Turismo y \u00c1reas Protegidas del Chubut, en tanto el proyecto fue realizado conjuntamente con la Asociaci\u00f3n Global Penguin Society (GPS) que preside Pablo Borboroglu.<\/p>\n<p>Fuente: Diario Cronica<\/p>\n","protected":false},"excerpt":{"rendered":"<p>Chubut.-Tras la recomendaci\u00f3n del Comit\u00e9 Consultivo de la UNESCO de aprobar cuatro propuestas de Am\u00e9rica Latina y el Caribe para [&hellip;]<\/p>\n","protected":false},"author":2,"featured_media":11693,"comment_status":"closed","ping_status":"closed","sticky":false,"template":"","format":"standard","meta":{"site-sidebar-layout":"default","site-content-layout":"","ast-site-content-layout":"default","site-content-style":"default","site-sidebar-style":"default","ast-global-header-display":"","ast-banner-title-visibility":"","ast-main-header-display":"","ast-hfb-above-header-display":"","ast-hfb-below-header-display":"","ast-hfb-mobile-header-display":"","site-post-title":"","ast-breadcrumbs-content":"","ast-featured-img":"","footer-sml-layout":"","ast-disable-related-posts":"","theme-transparent-header-meta":"","adv-header-id-meta":"","stick-header-meta":"","header-above-stick-meta":"","header-main-stick-meta":"","header-below-stick-meta":"","astra-migrate-meta-layouts":"default","ast-page-background-enabled":"default","ast-page-background-meta":{"desktop":{"background-color":"var(--ast-global-color-5)","background-image":"","background-repeat":"repeat","background-position":"center center","background-size":"auto","background-attachment":"scroll","background-type":"","background-media":"","overlay-type":"","overlay-color":"","overlay-opacity":"","overlay-gradient":""},"tablet":{"background-color":"","background-image":"","background-repeat":"repeat","background-position":"center center","background-size":"auto","background-attachment":"scroll","background-type":"","background-media":"","overlay-type":"","overlay-color":"","overlay-opacity":"","overlay-gradient":""},"mobile":{"background-color":"","background-image":"","background-repeat":"repeat","background-position":"center center","background-size":"auto","background-attachment":"scroll","background-type":"","background-media":"","overlay-type":"","overlay-color":"","overlay-opacity":"","overlay-gradient":""}},"ast-content-background-meta":{"desktop":{"background-color":"var(--ast-global-color-4)","background-image":"","background-repeat":"repeat","background-position":"center center","background-size":"auto","background-attachment":"scroll","background-type":"","background-media":"","overlay-type":"","overlay-color":"","overlay-opacity":"","overlay-gradient":""},"tablet":{"background-color":"var(--ast-global-color-4)","background-image":"","background-repeat":"repeat","background-position":"center center","background-size":"auto","background-attachment":"scroll","background-type":"","background-media":"","overlay-type":"","overlay-color":"","overlay-opacity":"","overlay-gradient":""},"mobile":{"background-color":"var(--ast-global-color-4)","background-image":"","background-repeat":"repeat","background-position":"center center","background-size":"auto","background-attachment":"scroll","background-type":"","background-media":"","overlay-type":"","overlay-color":"","overlay-opacity":"","overlay-gradient":""}},"footnotes":""},"categories":[23,1],"tags":[317,126],"class_list":["post-11692","post","type-post","status-publish","format-standard","has-post-thumbnail","hentry","category-internacionales","category-noticias","tag-biosfera","tag-unesco"],"yoast_head":"<!-- This site is optimized with the Yoast SEO Premium plugin v23.0 (Yoast SEO v27.4) - https:\/\/yoast.com\/product\/yoast-seo-premium-wordpress\/ -->\n<title>Chubut entre las cuatro propuestas de Am\u00e9rica Latina y el Caribe para crear nuevas Reservas de Bi\u00f3sfera<\/title>\n<meta name=\"robots\" content=\"index, follow, max-snippet:-1, max-image-preview:large, max-video-preview:-1\" \/>\n<link rel=\"canonical\" href=\"https:\/\/patagoniambiental.com.ar\/info\/chubut-entre-las-cuatro-propuestas-de-america-latina-y-el-caribe-para-crear-nuevas-reservas-de-biosfera\/\" \/>\n<meta property=\"og:locale\" content=\"es_ES\" \/>\n<meta property=\"og:type\" content=\"article\" \/>\n<meta property=\"og:title\" content=\"Chubut entre las cuatro propuestas de Am\u00e9rica Latina y el Caribe para crear nuevas Reservas de Bi\u00f3sfera\" \/>\n<meta property=\"og:description\" content=\"Chubut.-Tras la recomendaci\u00f3n del Comit\u00e9 Consultivo de la UNESCO de aprobar cuatro propuestas de Am\u00e9rica Latina y el Caribe para [&hellip;]\" \/>\n<meta property=\"og:url\" content=\"https:\/\/patagoniambiental.com.ar\/info\/chubut-entre-las-cuatro-propuestas-de-america-latina-y-el-caribe-para-crear-nuevas-reservas-de-biosfera\/\" \/>\n<meta property=\"og:site_name\" content=\"Patagonia Ambiental\" \/>\n<meta property=\"article:publisher\" content=\"https:\/\/www.facebook.com\/patagonia.ambiental\" \/>\n<meta property=\"article:author\" content=\"https:\/\/www.facebook.com\/share\/1C1V8Gv9BX\/?mibextid=qi2Omg\" \/>\n<meta property=\"article:published_time\" content=\"2015-06-02T12:00:50+00:00\" \/>\n<meta name=\"author\" content=\"Patagonia Ambiental\" \/>\n<meta name=\"twitter:card\" content=\"summary_large_image\" \/>\n<meta name=\"twitter:creator\" content=\"@PatAmb\" \/>\n<meta name=\"twitter:site\" content=\"@PatAmb\" \/>\n<script type=\"application\/ld+json\" class=\"yoast-schema-graph\">{\"@context\":\"https:\\\/\\\/schema.org\",\"@graph\":[{\"@type\":\"Article\",\"@id\":\"https:\\\/\\\/patagoniambiental.com.ar\\\/info\\\/chubut-entre-las-cuatro-propuestas-de-america-latina-y-el-caribe-para-crear-nuevas-reservas-de-biosfera\\\/#article\",\"isPartOf\":{\"@id\":\"https:\\\/\\\/patagoniambiental.com.ar\\\/info\\\/chubut-entre-las-cuatro-propuestas-de-america-latina-y-el-caribe-para-crear-nuevas-reservas-de-biosfera\\\/\"},\"author\":{\"name\":\"Patagonia Ambiental\",\"@id\":\"https:\\\/\\\/patagoniambiental.com.ar\\\/info\\\/#\\\/schema\\\/person\\\/db12bff64bbcbf6a253710bf0ea37b5d\"},\"headline\":\"Chubut entre las cuatro propuestas de Am\u00e9rica Latina y el Caribe para crear nuevas Reservas de Bi\u00f3sfera\",\"datePublished\":\"2015-06-02T12:00:50+00:00\",\"mainEntityOfPage\":{\"@id\":\"https:\\\/\\\/patagoniambiental.com.ar\\\/info\\\/chubut-entre-las-cuatro-propuestas-de-america-latina-y-el-caribe-para-crear-nuevas-reservas-de-biosfera\\\/\"},\"wordCount\":599,\"publisher\":{\"@id\":\"https:\\\/\\\/patagoniambiental.com.ar\\\/info\\\/#organization\"},\"image\":{\"@id\":\"https:\\\/\\\/patagoniambiental.com.ar\\\/info\\\/chubut-entre-las-cuatro-propuestas-de-america-latina-y-el-caribe-para-crear-nuevas-reservas-de-biosfera\\\/#primaryimage\"},\"thumbnailUrl\":\"\",\"keywords\":[\"Biosfera\",\"UNESCO\"],\"articleSection\":[\"Internacionales\",\"Noticias\"],\"inLanguage\":\"es\"},{\"@type\":\"WebPage\",\"@id\":\"https:\\\/\\\/patagoniambiental.com.ar\\\/info\\\/chubut-entre-las-cuatro-propuestas-de-america-latina-y-el-caribe-para-crear-nuevas-reservas-de-biosfera\\\/\",\"url\":\"https:\\\/\\\/patagoniambiental.com.ar\\\/info\\\/chubut-entre-las-cuatro-propuestas-de-america-latina-y-el-caribe-para-crear-nuevas-reservas-de-biosfera\\\/\",\"name\":\"Chubut entre las cuatro propuestas de Am\u00e9rica Latina y el Caribe para crear nuevas Reservas de Bi\u00f3sfera\",\"isPartOf\":{\"@id\":\"https:\\\/\\\/patagoniambiental.com.ar\\\/info\\\/#website\"},\"primaryImageOfPage\":{\"@id\":\"https:\\\/\\\/patagoniambiental.com.ar\\\/info\\\/chubut-entre-las-cuatro-propuestas-de-america-latina-y-el-caribe-para-crear-nuevas-reservas-de-biosfera\\\/#primaryimage\"},\"image\":{\"@id\":\"https:\\\/\\\/patagoniambiental.com.ar\\\/info\\\/chubut-entre-las-cuatro-propuestas-de-america-latina-y-el-caribe-para-crear-nuevas-reservas-de-biosfera\\\/#primaryimage\"},\"thumbnailUrl\":\"\",\"datePublished\":\"2015-06-02T12:00:50+00:00\",\"breadcrumb\":{\"@id\":\"https:\\\/\\\/patagoniambiental.com.ar\\\/info\\\/chubut-entre-las-cuatro-propuestas-de-america-latina-y-el-caribe-para-crear-nuevas-reservas-de-biosfera\\\/#breadcrumb\"},\"inLanguage\":\"es\",\"potentialAction\":[{\"@type\":\"ReadAction\",\"target\":[\"https:\\\/\\\/patagoniambiental.com.ar\\\/info\\\/chubut-entre-las-cuatro-propuestas-de-america-latina-y-el-caribe-para-crear-nuevas-reservas-de-biosfera\\\/\"]}]},{\"@type\":\"ImageObject\",\"inLanguage\":\"es\",\"@id\":\"https:\\\/\\\/patagoniambiental.com.ar\\\/info\\\/chubut-entre-las-cuatro-propuestas-de-america-latina-y-el-caribe-para-crear-nuevas-reservas-de-biosfera\\\/#primaryimage\",\"url\":\"\",\"contentUrl\":\"\"},{\"@type\":\"BreadcrumbList\",\"@id\":\"https:\\\/\\\/patagoniambiental.com.ar\\\/info\\\/chubut-entre-las-cuatro-propuestas-de-america-latina-y-el-caribe-para-crear-nuevas-reservas-de-biosfera\\\/#breadcrumb\",\"itemListElement\":[{\"@type\":\"ListItem\",\"position\":1,\"name\":\"Inicio\",\"item\":\"https:\\\/\\\/patagoniambiental.com.ar\\\/info\\\/\"},{\"@type\":\"ListItem\",\"position\":2,\"name\":\"Chubut entre las cuatro propuestas de Am\u00e9rica Latina y el Caribe para crear nuevas Reservas de Bi\u00f3sfera\"}]},{\"@type\":\"WebSite\",\"@id\":\"https:\\\/\\\/patagoniambiental.com.ar\\\/info\\\/#website\",\"url\":\"https:\\\/\\\/patagoniambiental.com.ar\\\/info\\\/\",\"name\":\"Patagonia Ambiental\",\"description\":\"Monitoreo y an\u00e1lisis de la situaci\u00f3n geopol\u00edtica en el mundo y su implicancia en la Patagonia\",\"publisher\":{\"@id\":\"https:\\\/\\\/patagoniambiental.com.ar\\\/info\\\/#organization\"},\"potentialAction\":[{\"@type\":\"SearchAction\",\"target\":{\"@type\":\"EntryPoint\",\"urlTemplate\":\"https:\\\/\\\/patagoniambiental.com.ar\\\/info\\\/?s={search_term_string}\"},\"query-input\":{\"@type\":\"PropertyValueSpecification\",\"valueRequired\":true,\"valueName\":\"search_term_string\"}}],\"inLanguage\":\"es\"},{\"@type\":\"Organization\",\"@id\":\"https:\\\/\\\/patagoniambiental.com.ar\\\/info\\\/#organization\",\"name\":\"Patagonia Ambiental\",\"url\":\"https:\\\/\\\/patagoniambiental.com.ar\\\/info\\\/\",\"logo\":{\"@type\":\"ImageObject\",\"inLanguage\":\"es\",\"@id\":\"https:\\\/\\\/patagoniambiental.com.ar\\\/info\\\/#\\\/schema\\\/logo\\\/image\\\/\",\"url\":\"https:\\\/\\\/patagoniambiental.com.ar\\\/info\\\/wp-content\\\/uploads\\\/2025\\\/05\\\/LOGO-PATAGONIA-AMBIENTAL.png\",\"contentUrl\":\"https:\\\/\\\/patagoniambiental.com.ar\\\/info\\\/wp-content\\\/uploads\\\/2025\\\/05\\\/LOGO-PATAGONIA-AMBIENTAL.png\",\"width\":433,\"height\":250,\"caption\":\"Patagonia Ambiental\"},\"image\":{\"@id\":\"https:\\\/\\\/patagoniambiental.com.ar\\\/info\\\/#\\\/schema\\\/logo\\\/image\\\/\"},\"sameAs\":[\"https:\\\/\\\/www.facebook.com\\\/patagonia.ambiental\",\"https:\\\/\\\/x.com\\\/PatAmb\"]},{\"@type\":\"Person\",\"@id\":\"https:\\\/\\\/patagoniambiental.com.ar\\\/info\\\/#\\\/schema\\\/person\\\/db12bff64bbcbf6a253710bf0ea37b5d\",\"name\":\"Patagonia Ambiental\",\"description\":\"Andr\u00e9s Nievas T\u00e9cnico en manejo ambiental, consultor Ambiental y escritor para medios locales e internacionales sobre temas de geopolitica y medio ambiente.\",\"sameAs\":[\"http:\\\/\\\/www.patagoniambiental.com.ar\",\"https:\\\/\\\/www.facebook.com\\\/share\\\/1C1V8Gv9BX\\\/?mibextid=qi2Omg\",\"@patagoniambiental\",\"https:\\\/\\\/youtube.com\\\/@patagoniaambiental2023?si=BLt58t0wuXquxlYZ\"]}]}<\/script>\n<!-- \/ Yoast SEO Premium plugin. -->","yoast_head_json":{"title":"Chubut entre las cuatro propuestas de Am\u00e9rica Latina y el Caribe para crear nuevas Reservas de Bi\u00f3sfera","robots":{"index":"index","follow":"follow","max-snippet":"max-snippet:-1","max-image-preview":"max-image-preview:large","max-video-preview":"max-video-preview:-1"},"canonical":"https:\/\/patagoniambiental.com.ar\/info\/chubut-entre-las-cuatro-propuestas-de-america-latina-y-el-caribe-para-crear-nuevas-reservas-de-biosfera\/","og_locale":"es_ES","og_type":"article","og_title":"Chubut entre las cuatro propuestas de Am\u00e9rica Latina y el Caribe para crear nuevas Reservas de Bi\u00f3sfera","og_description":"Chubut.-Tras la recomendaci\u00f3n del Comit\u00e9 Consultivo de la UNESCO de aprobar cuatro propuestas de Am\u00e9rica Latina y el Caribe para [&hellip;]","og_url":"https:\/\/patagoniambiental.com.ar\/info\/chubut-entre-las-cuatro-propuestas-de-america-latina-y-el-caribe-para-crear-nuevas-reservas-de-biosfera\/","og_site_name":"Patagonia Ambiental","article_publisher":"https:\/\/www.facebook.com\/patagonia.ambiental","article_author":"https:\/\/www.facebook.com\/share\/1C1V8Gv9BX\/?mibextid=qi2Omg","article_published_time":"2015-06-02T12:00:50+00:00","author":"Patagonia Ambiental","twitter_card":"summary_large_image","twitter_creator":"@PatAmb","twitter_site":"@PatAmb","schema":{"@context":"https:\/\/schema.org","@graph":[{"@type":"Article","@id":"https:\/\/patagoniambiental.com.ar\/info\/chubut-entre-las-cuatro-propuestas-de-america-latina-y-el-caribe-para-crear-nuevas-reservas-de-biosfera\/#article","isPartOf":{"@id":"https:\/\/patagoniambiental.com.ar\/info\/chubut-entre-las-cuatro-propuestas-de-america-latina-y-el-caribe-para-crear-nuevas-reservas-de-biosfera\/"},"author":{"name":"Patagonia Ambiental","@id":"https:\/\/patagoniambiental.com.ar\/info\/#\/schema\/person\/db12bff64bbcbf6a253710bf0ea37b5d"},"headline":"Chubut entre las cuatro propuestas de Am\u00e9rica Latina y el Caribe para crear nuevas Reservas de Bi\u00f3sfera","datePublished":"2015-06-02T12:00:50+00:00","mainEntityOfPage":{"@id":"https:\/\/patagoniambiental.com.ar\/info\/chubut-entre-las-cuatro-propuestas-de-america-latina-y-el-caribe-para-crear-nuevas-reservas-de-biosfera\/"},"wordCount":599,"publisher":{"@id":"https:\/\/patagoniambiental.com.ar\/info\/#organization"},"image":{"@id":"https:\/\/patagoniambiental.com.ar\/info\/chubut-entre-las-cuatro-propuestas-de-america-latina-y-el-caribe-para-crear-nuevas-reservas-de-biosfera\/#primaryimage"},"thumbnailUrl":"","keywords":["Biosfera","UNESCO"],"articleSection":["Internacionales","Noticias"],"inLanguage":"es"},{"@type":"WebPage","@id":"https:\/\/patagoniambiental.com.ar\/info\/chubut-entre-las-cuatro-propuestas-de-america-latina-y-el-caribe-para-crear-nuevas-reservas-de-biosfera\/","url":"https:\/\/patagoniambiental.com.ar\/info\/chubut-entre-las-cuatro-propuestas-de-america-latina-y-el-caribe-para-crear-nuevas-reservas-de-biosfera\/","name":"Chubut entre las cuatro propuestas de Am\u00e9rica Latina y el Caribe para crear nuevas Reservas de Bi\u00f3sfera","isPartOf":{"@id":"https:\/\/patagoniambiental.com.ar\/info\/#website"},"primaryImageOfPage":{"@id":"https:\/\/patagoniambiental.com.ar\/info\/chubut-entre-las-cuatro-propuestas-de-america-latina-y-el-caribe-para-crear-nuevas-reservas-de-biosfera\/#primaryimage"},"image":{"@id":"https:\/\/patagoniambiental.com.ar\/info\/chubut-entre-las-cuatro-propuestas-de-america-latina-y-el-caribe-para-crear-nuevas-reservas-de-biosfera\/#primaryimage"},"thumbnailUrl":"","datePublished":"2015-06-02T12:00:50+00:00","breadcrumb":{"@id":"https:\/\/patagoniambiental.com.ar\/info\/chubut-entre-las-cuatro-propuestas-de-america-latina-y-el-caribe-para-crear-nuevas-reservas-de-biosfera\/#breadcrumb"},"inLanguage":"es","potentialAction":[{"@type":"ReadAction","target":["https:\/\/patagoniambiental.com.ar\/info\/chubut-entre-las-cuatro-propuestas-de-america-latina-y-el-caribe-para-crear-nuevas-reservas-de-biosfera\/"]}]},{"@type":"ImageObject","inLanguage":"es","@id":"https:\/\/patagoniambiental.com.ar\/info\/chubut-entre-las-cuatro-propuestas-de-america-latina-y-el-caribe-para-crear-nuevas-reservas-de-biosfera\/#primaryimage","url":"","contentUrl":""},{"@type":"BreadcrumbList","@id":"https:\/\/patagoniambiental.com.ar\/info\/chubut-entre-las-cuatro-propuestas-de-america-latina-y-el-caribe-para-crear-nuevas-reservas-de-biosfera\/#breadcrumb","itemListElement":[{"@type":"ListItem","position":1,"name":"Inicio","item":"https:\/\/patagoniambiental.com.ar\/info\/"},{"@type":"ListItem","position":2,"name":"Chubut entre las cuatro propuestas de Am\u00e9rica Latina y el Caribe para crear nuevas Reservas de Bi\u00f3sfera"}]},{"@type":"WebSite","@id":"https:\/\/patagoniambiental.com.ar\/info\/#website","url":"https:\/\/patagoniambiental.com.ar\/info\/","name":"Patagonia Ambiental","description":"Monitoreo y an\u00e1lisis de la situaci\u00f3n geopol\u00edtica en el mundo y su implicancia en la Patagonia","publisher":{"@id":"https:\/\/patagoniambiental.com.ar\/info\/#organization"},"potentialAction":[{"@type":"SearchAction","target":{"@type":"EntryPoint","urlTemplate":"https:\/\/patagoniambiental.com.ar\/info\/?s={search_term_string}"},"query-input":{"@type":"PropertyValueSpecification","valueRequired":true,"valueName":"search_term_string"}}],"inLanguage":"es"},{"@type":"Organization","@id":"https:\/\/patagoniambiental.com.ar\/info\/#organization","name":"Patagonia Ambiental","url":"https:\/\/patagoniambiental.com.ar\/info\/","logo":{"@type":"ImageObject","inLanguage":"es","@id":"https:\/\/patagoniambiental.com.ar\/info\/#\/schema\/logo\/image\/","url":"https:\/\/patagoniambiental.com.ar\/info\/wp-content\/uploads\/2025\/05\/LOGO-PATAGONIA-AMBIENTAL.png","contentUrl":"https:\/\/patagoniambiental.com.ar\/info\/wp-content\/uploads\/2025\/05\/LOGO-PATAGONIA-AMBIENTAL.png","width":433,"height":250,"caption":"Patagonia Ambiental"},"image":{"@id":"https:\/\/patagoniambiental.com.ar\/info\/#\/schema\/logo\/image\/"},"sameAs":["https:\/\/www.facebook.com\/patagonia.ambiental","https:\/\/x.com\/PatAmb"]},{"@type":"Person","@id":"https:\/\/patagoniambiental.com.ar\/info\/#\/schema\/person\/db12bff64bbcbf6a253710bf0ea37b5d","name":"Patagonia Ambiental","description":"Andr\u00e9s Nievas T\u00e9cnico en manejo ambiental, consultor Ambiental y escritor para medios locales e internacionales sobre temas de geopolitica y medio ambiente.","sameAs":["http:\/\/www.patagoniambiental.com.ar","https:\/\/www.facebook.com\/share\/1C1V8Gv9BX\/?mibextid=qi2Omg","@patagoniambiental","https:\/\/youtube.com\/@patagoniaambiental2023?si=BLt58t0wuXquxlYZ"]}]}},"_links":{"self":[{"href":"https:\/\/patagoniambiental.com.ar\/info\/wp-json\/wp\/v2\/posts\/11692","targetHints":{"allow":["GET"]}}],"collection":[{"href":"https:\/\/patagoniambiental.com.ar\/info\/wp-json\/wp\/v2\/posts"}],"about":[{"href":"https:\/\/patagoniambiental.com.ar\/info\/wp-json\/wp\/v2\/types\/post"}],"author":[{"embeddable":true,"href":"https:\/\/patagoniambiental.com.ar\/info\/wp-json\/wp\/v2\/users\/2"}],"replies":[{"embeddable":true,"href":"https:\/\/patagoniambiental.com.ar\/info\/wp-json\/wp\/v2\/comments?post=11692"}],"version-history":[{"count":0,"href":"https:\/\/patagoniambiental.com.ar\/info\/wp-json\/wp\/v2\/posts\/11692\/revisions"}],"wp:featuredmedia":[{"embeddable":true,"href":"https:\/\/patagoniambiental.com.ar\/info\/wp-json\/"}],"wp:attachment":[{"href":"https:\/\/patagoniambiental.com.ar\/info\/wp-json\/wp\/v2\/media?parent=11692"}],"wp:term":[{"taxonomy":"category","embeddable":true,"href":"https:\/\/patagoniambiental.com.ar\/info\/wp-json\/wp\/v2\/categories?post=11692"},{"taxonomy":"post_tag","embeddable":true,"href":"https:\/\/patagoniambiental.com.ar\/info\/wp-json\/wp\/v2\/tags?post=11692"}],"curies":[{"name":"wp","href":"https:\/\/api.w.org\/{rel}","templated":true}]}}