{"id":11721,"date":"2015-06-03T09:00:48","date_gmt":"2015-06-03T12:00:48","guid":{"rendered":"http:\/\/patagoniambiental.com.ar\/?p=11721"},"modified":"2015-06-03T09:00:48","modified_gmt":"2015-06-03T12:00:48","slug":"capacitacion-para-docentes-uso-de-agroquimicos","status":"publish","type":"post","link":"https:\/\/patagoniambiental.com.ar\/info\/capacitacion-para-docentes-uso-de-agroquimicos\/","title":{"rendered":"CAPACITACION PARA DOCENTES: Uso de agroqu\u00edmicos"},"content":{"rendered":"<p>General Pico.-Se llev\u00f3 a cabo una capacitaci\u00f3n destinada a docentes de escuelas primarias y secundarias del \u00e1mbito rural y escuelas t\u00e9cnicas, sobre el uso de los agroqu\u00edmicos. Se abordaron temas relacionados a la salud, medio ambiente y legislaci\u00f3n al respecto.<!--more--> El curso se ofreci\u00f3 en el Centro Cultural Provincial.<br \/>\nLa t\u00e9cnica de la Direcci\u00f3n de Agricultura y Ganader\u00eda del Ministerio de la Producci\u00f3n, Mar\u00eda Elena Ballester, destac\u00f3 que se trata de talleres que se desarrollar\u00e1n en cuatro m\u00f3dulos donde la semana pasada se ofreci\u00f3 el aspecto b\u00e1sico e introductorio y luego continuar\u00edan versando sobre aspectos relacionados a Salud, otro con respecto al Medio Ambiente y finalmente referido a Legislaci\u00f3n, en sucesivas presentaciones.<br \/>\nLa funcionaria especific\u00f3 que \u00abel encuentro se realiz\u00f3 en conjunto con el Ministerio de Cultura y Educaci\u00f3n, a trav\u00e9s de un exhorto que lleg\u00f3 desde la Defensor\u00eda del Pueblo, respecto al pedido de normativas y otras acciones en conjunto con Salud, Educaci\u00f3n y Medio Ambiente, para avanzar en la tem\u00e1tica de los agroqu\u00edmicos en el \u00e1mbito escolar\u00bb.<br \/>\nAgreg\u00f3 que esta fue la segunda capacitaci\u00f3n al respecto, dado que le pasado mi\u00e9rcoles, se ofreci\u00f3 en General Pico. Ballester indic\u00f3 que posteriormente, el curso se extender\u00e1 con los productores agropecuarios.<br \/>\n\u00abEstamos viendo las inquietudes que llegan a los colegios porque realmente los alumnos las exponen de manera importante, interrogantes sobre la utilizaci\u00f3n de los cultivos agropecuarios con los de uso dom\u00e9stico y veterinario, con las responsabilidades que se deben asumir en cada uno de ellos porque hay veces que los principios activos son pr\u00e1cticamente los mismos\u00bb, apunt\u00f3.<br \/>\nUno de los problemas \u00abes el envase vac\u00edo de los agroqu\u00edmicos, otro el de las pulverizaciones y todo eso tiene que ver con las buenas pr\u00e1cticas. Se trata de empezar a inculcar desde el alumno el conocimiento sobre el uso de los agroqu\u00edmicos y la responsabilidad que se debe asumir\u00bb.<\/p>\n<p>Afectaci\u00f3n<br \/>\nTiempo atr\u00e1s, los estragos del uso de agroqu\u00edmicos y su empleo en zonas cercanas al ejido urbano gener\u00f3 pol\u00e9mica. Por esa raz\u00f3n, Ballester respondi\u00f3 a LA ARENA que la capacitaci\u00f3n en General Pico cont\u00f3 con la presencia de representantes de dicha localidad. \u00abEllos plantearon esta situaci\u00f3n, nosotros desde provincia tuvimos una acci\u00f3n respecto a ese tema, se investig\u00f3 y se resolvi\u00f3, se habl\u00f3 de la ordenanza que tiene al respecto, la actuaci\u00f3n de los responsables y se trat\u00f3 la cuesti\u00f3n, analizando que no todo lo publicado es lo que ocurre realmente\u00bb, finaliz\u00f3, no sin descartar que existe correlaci\u00f3n entre el uso inapropiado o el exceso de agroqu\u00edmicos en la salud de poblaciones rurales, m\u00e1s cercanas al empleo de dicho insumo.<br \/>\nFuente: Diario La Arena<\/p>\n","protected":false},"excerpt":{"rendered":"<p>General Pico.-Se llev\u00f3 a cabo una capacitaci\u00f3n destinada a docentes de escuelas primarias y secundarias del \u00e1mbito rural y escuelas [&hellip;]<\/p>\n","protected":false},"author":2,"featured_media":11723,"comment_status":"closed","ping_status":"closed","sticky":false,"template":"","format":"standard","meta":{"site-sidebar-layout":"default","site-content-layout":"","ast-site-content-layout":"default","site-content-style":"default","site-sidebar-style":"default","ast-global-header-display":"","ast-banner-title-visibility":"","ast-main-header-display":"","ast-hfb-above-header-display":"","ast-hfb-below-header-display":"","ast-hfb-mobile-header-display":"","site-post-title":"","ast-breadcrumbs-content":"","ast-featured-img":"","footer-sml-layout":"","ast-disable-related-posts":"","theme-transparent-header-meta":"","adv-header-id-meta":"","stick-header-meta":"","header-above-stick-meta":"","header-main-stick-meta":"","header-below-stick-meta":"","astra-migrate-meta-layouts":"default","ast-page-background-enabled":"default","ast-page-background-meta":{"desktop":{"background-color":"var(--ast-global-color-5)","background-image":"","background-repeat":"repeat","background-position":"center center","background-size":"auto","background-attachment":"scroll","background-type":"","background-media":"","overlay-type":"","overlay-color":"","overlay-opacity":"","overlay-gradient":""},"tablet":{"background-color":"","background-image":"","background-repeat":"repeat","background-position":"center center","background-size":"auto","background-attachment":"scroll","background-type":"","background-media":"","overlay-type":"","overlay-color":"","overlay-opacity":"","overlay-gradient":""},"mobile":{"background-color":"","background-image":"","background-repeat":"repeat","background-position":"center center","background-size":"auto","background-attachment":"scroll","background-type":"","background-media":"","overlay-type":"","overlay-color":"","overlay-opacity":"","overlay-gradient":""}},"ast-content-background-meta":{"desktop":{"background-color":"var(--ast-global-color-4)","background-image":"","background-repeat":"repeat","background-position":"center center","background-size":"auto","background-attachment":"scroll","background-type":"","background-media":"","overlay-type":"","overlay-color":"","overlay-opacity":"","overlay-gradient":""},"tablet":{"background-color":"var(--ast-global-color-4)","background-image":"","background-repeat":"repeat","background-position":"center center","background-size":"auto","background-attachment":"scroll","background-type":"","background-media":"","overlay-type":"","overlay-color":"","overlay-opacity":"","overlay-gradient":""},"mobile":{"background-color":"var(--ast-global-color-4)","background-image":"","background-repeat":"repeat","background-position":"center center","background-size":"auto","background-attachment":"scroll","background-type":"","background-media":"","overlay-type":"","overlay-color":"","overlay-opacity":"","overlay-gradient":""}},"footnotes":""},"categories":[53,1],"tags":[281],"class_list":["post-11721","post","type-post","status-publish","format-standard","has-post-thumbnail","hentry","category-general","category-noticias","tag-agroquimicos"],"yoast_head":"<!-- This site is optimized with the Yoast SEO Premium plugin v23.0 (Yoast SEO v27.4) - https:\/\/yoast.com\/product\/yoast-seo-premium-wordpress\/ -->\n<title>CAPACITACION PARA DOCENTES: Uso de agroqu\u00edmicos<\/title>\n<meta name=\"robots\" content=\"index, follow, max-snippet:-1, max-image-preview:large, max-video-preview:-1\" \/>\n<link rel=\"canonical\" href=\"https:\/\/patagoniambiental.com.ar\/info\/capacitacion-para-docentes-uso-de-agroquimicos\/\" \/>\n<meta property=\"og:locale\" content=\"es_ES\" \/>\n<meta property=\"og:type\" content=\"article\" \/>\n<meta property=\"og:title\" content=\"CAPACITACION PARA DOCENTES: Uso de agroqu\u00edmicos\" \/>\n<meta property=\"og:description\" content=\"General Pico.-Se llev\u00f3 a cabo una capacitaci\u00f3n destinada a docentes de escuelas primarias y secundarias del \u00e1mbito rural y escuelas [&hellip;]\" \/>\n<meta property=\"og:url\" content=\"https:\/\/patagoniambiental.com.ar\/info\/capacitacion-para-docentes-uso-de-agroquimicos\/\" \/>\n<meta property=\"og:site_name\" content=\"Patagonia Ambiental\" \/>\n<meta property=\"article:publisher\" content=\"https:\/\/www.facebook.com\/patagonia.ambiental\" \/>\n<meta property=\"article:author\" content=\"https:\/\/www.facebook.com\/share\/1C1V8Gv9BX\/?mibextid=qi2Omg\" \/>\n<meta property=\"article:published_time\" content=\"2015-06-03T12:00:48+00:00\" \/>\n<meta name=\"author\" content=\"Patagonia Ambiental\" \/>\n<meta name=\"twitter:card\" content=\"summary_large_image\" \/>\n<meta name=\"twitter:creator\" content=\"@PatAmb\" \/>\n<meta name=\"twitter:site\" content=\"@PatAmb\" \/>\n<script type=\"application\/ld+json\" class=\"yoast-schema-graph\">{\"@context\":\"https:\\\/\\\/schema.org\",\"@graph\":[{\"@type\":\"Article\",\"@id\":\"https:\\\/\\\/patagoniambiental.com.ar\\\/info\\\/capacitacion-para-docentes-uso-de-agroquimicos\\\/#article\",\"isPartOf\":{\"@id\":\"https:\\\/\\\/patagoniambiental.com.ar\\\/info\\\/capacitacion-para-docentes-uso-de-agroquimicos\\\/\"},\"author\":{\"name\":\"Patagonia Ambiental\",\"@id\":\"https:\\\/\\\/patagoniambiental.com.ar\\\/info\\\/#\\\/schema\\\/person\\\/db12bff64bbcbf6a253710bf0ea37b5d\"},\"headline\":\"CAPACITACION PARA DOCENTES: Uso de agroqu\u00edmicos\",\"datePublished\":\"2015-06-03T12:00:48+00:00\",\"mainEntityOfPage\":{\"@id\":\"https:\\\/\\\/patagoniambiental.com.ar\\\/info\\\/capacitacion-para-docentes-uso-de-agroquimicos\\\/\"},\"wordCount\":482,\"publisher\":{\"@id\":\"https:\\\/\\\/patagoniambiental.com.ar\\\/info\\\/#organization\"},\"image\":{\"@id\":\"https:\\\/\\\/patagoniambiental.com.ar\\\/info\\\/capacitacion-para-docentes-uso-de-agroquimicos\\\/#primaryimage\"},\"thumbnailUrl\":\"\",\"keywords\":[\"Agroqu\u00edmicos\"],\"articleSection\":[\"General\",\"Noticias\"],\"inLanguage\":\"es\"},{\"@type\":\"WebPage\",\"@id\":\"https:\\\/\\\/patagoniambiental.com.ar\\\/info\\\/capacitacion-para-docentes-uso-de-agroquimicos\\\/\",\"url\":\"https:\\\/\\\/patagoniambiental.com.ar\\\/info\\\/capacitacion-para-docentes-uso-de-agroquimicos\\\/\",\"name\":\"CAPACITACION PARA DOCENTES: Uso de agroqu\u00edmicos\",\"isPartOf\":{\"@id\":\"https:\\\/\\\/patagoniambiental.com.ar\\\/info\\\/#website\"},\"primaryImageOfPage\":{\"@id\":\"https:\\\/\\\/patagoniambiental.com.ar\\\/info\\\/capacitacion-para-docentes-uso-de-agroquimicos\\\/#primaryimage\"},\"image\":{\"@id\":\"https:\\\/\\\/patagoniambiental.com.ar\\\/info\\\/capacitacion-para-docentes-uso-de-agroquimicos\\\/#primaryimage\"},\"thumbnailUrl\":\"\",\"datePublished\":\"2015-06-03T12:00:48+00:00\",\"breadcrumb\":{\"@id\":\"https:\\\/\\\/patagoniambiental.com.ar\\\/info\\\/capacitacion-para-docentes-uso-de-agroquimicos\\\/#breadcrumb\"},\"inLanguage\":\"es\",\"potentialAction\":[{\"@type\":\"ReadAction\",\"target\":[\"https:\\\/\\\/patagoniambiental.com.ar\\\/info\\\/capacitacion-para-docentes-uso-de-agroquimicos\\\/\"]}]},{\"@type\":\"ImageObject\",\"inLanguage\":\"es\",\"@id\":\"https:\\\/\\\/patagoniambiental.com.ar\\\/info\\\/capacitacion-para-docentes-uso-de-agroquimicos\\\/#primaryimage\",\"url\":\"\",\"contentUrl\":\"\"},{\"@type\":\"BreadcrumbList\",\"@id\":\"https:\\\/\\\/patagoniambiental.com.ar\\\/info\\\/capacitacion-para-docentes-uso-de-agroquimicos\\\/#breadcrumb\",\"itemListElement\":[{\"@type\":\"ListItem\",\"position\":1,\"name\":\"Inicio\",\"item\":\"https:\\\/\\\/patagoniambiental.com.ar\\\/info\\\/\"},{\"@type\":\"ListItem\",\"position\":2,\"name\":\"CAPACITACION PARA DOCENTES: Uso de agroqu\u00edmicos\"}]},{\"@type\":\"WebSite\",\"@id\":\"https:\\\/\\\/patagoniambiental.com.ar\\\/info\\\/#website\",\"url\":\"https:\\\/\\\/patagoniambiental.com.ar\\\/info\\\/\",\"name\":\"Patagonia Ambiental\",\"description\":\"Monitoreo y an\u00e1lisis de la situaci\u00f3n geopol\u00edtica en el mundo y su implicancia en la Patagonia\",\"publisher\":{\"@id\":\"https:\\\/\\\/patagoniambiental.com.ar\\\/info\\\/#organization\"},\"potentialAction\":[{\"@type\":\"SearchAction\",\"target\":{\"@type\":\"EntryPoint\",\"urlTemplate\":\"https:\\\/\\\/patagoniambiental.com.ar\\\/info\\\/?s={search_term_string}\"},\"query-input\":{\"@type\":\"PropertyValueSpecification\",\"valueRequired\":true,\"valueName\":\"search_term_string\"}}],\"inLanguage\":\"es\"},{\"@type\":\"Organization\",\"@id\":\"https:\\\/\\\/patagoniambiental.com.ar\\\/info\\\/#organization\",\"name\":\"Patagonia Ambiental\",\"url\":\"https:\\\/\\\/patagoniambiental.com.ar\\\/info\\\/\",\"logo\":{\"@type\":\"ImageObject\",\"inLanguage\":\"es\",\"@id\":\"https:\\\/\\\/patagoniambiental.com.ar\\\/info\\\/#\\\/schema\\\/logo\\\/image\\\/\",\"url\":\"https:\\\/\\\/patagoniambiental.com.ar\\\/info\\\/wp-content\\\/uploads\\\/2025\\\/05\\\/LOGO-PATAGONIA-AMBIENTAL.png\",\"contentUrl\":\"https:\\\/\\\/patagoniambiental.com.ar\\\/info\\\/wp-content\\\/uploads\\\/2025\\\/05\\\/LOGO-PATAGONIA-AMBIENTAL.png\",\"width\":433,\"height\":250,\"caption\":\"Patagonia Ambiental\"},\"image\":{\"@id\":\"https:\\\/\\\/patagoniambiental.com.ar\\\/info\\\/#\\\/schema\\\/logo\\\/image\\\/\"},\"sameAs\":[\"https:\\\/\\\/www.facebook.com\\\/patagonia.ambiental\",\"https:\\\/\\\/x.com\\\/PatAmb\"]},{\"@type\":\"Person\",\"@id\":\"https:\\\/\\\/patagoniambiental.com.ar\\\/info\\\/#\\\/schema\\\/person\\\/db12bff64bbcbf6a253710bf0ea37b5d\",\"name\":\"Patagonia Ambiental\",\"description\":\"Andr\u00e9s Nievas T\u00e9cnico en manejo ambiental, consultor Ambiental y escritor para medios locales e internacionales sobre temas de geopolitica y medio ambiente.\",\"sameAs\":[\"http:\\\/\\\/www.patagoniambiental.com.ar\",\"https:\\\/\\\/www.facebook.com\\\/share\\\/1C1V8Gv9BX\\\/?mibextid=qi2Omg\",\"@patagoniambiental\",\"https:\\\/\\\/youtube.com\\\/@patagoniaambiental2023?si=BLt58t0wuXquxlYZ\"]}]}<\/script>\n<!-- \/ Yoast SEO Premium plugin. -->","yoast_head_json":{"title":"CAPACITACION PARA DOCENTES: Uso de agroqu\u00edmicos","robots":{"index":"index","follow":"follow","max-snippet":"max-snippet:-1","max-image-preview":"max-image-preview:large","max-video-preview":"max-video-preview:-1"},"canonical":"https:\/\/patagoniambiental.com.ar\/info\/capacitacion-para-docentes-uso-de-agroquimicos\/","og_locale":"es_ES","og_type":"article","og_title":"CAPACITACION PARA DOCENTES: Uso de agroqu\u00edmicos","og_description":"General Pico.-Se llev\u00f3 a cabo una capacitaci\u00f3n destinada a docentes de escuelas primarias y secundarias del \u00e1mbito rural y escuelas [&hellip;]","og_url":"https:\/\/patagoniambiental.com.ar\/info\/capacitacion-para-docentes-uso-de-agroquimicos\/","og_site_name":"Patagonia Ambiental","article_publisher":"https:\/\/www.facebook.com\/patagonia.ambiental","article_author":"https:\/\/www.facebook.com\/share\/1C1V8Gv9BX\/?mibextid=qi2Omg","article_published_time":"2015-06-03T12:00:48+00:00","author":"Patagonia Ambiental","twitter_card":"summary_large_image","twitter_creator":"@PatAmb","twitter_site":"@PatAmb","schema":{"@context":"https:\/\/schema.org","@graph":[{"@type":"Article","@id":"https:\/\/patagoniambiental.com.ar\/info\/capacitacion-para-docentes-uso-de-agroquimicos\/#article","isPartOf":{"@id":"https:\/\/patagoniambiental.com.ar\/info\/capacitacion-para-docentes-uso-de-agroquimicos\/"},"author":{"name":"Patagonia Ambiental","@id":"https:\/\/patagoniambiental.com.ar\/info\/#\/schema\/person\/db12bff64bbcbf6a253710bf0ea37b5d"},"headline":"CAPACITACION PARA DOCENTES: Uso de agroqu\u00edmicos","datePublished":"2015-06-03T12:00:48+00:00","mainEntityOfPage":{"@id":"https:\/\/patagoniambiental.com.ar\/info\/capacitacion-para-docentes-uso-de-agroquimicos\/"},"wordCount":482,"publisher":{"@id":"https:\/\/patagoniambiental.com.ar\/info\/#organization"},"image":{"@id":"https:\/\/patagoniambiental.com.ar\/info\/capacitacion-para-docentes-uso-de-agroquimicos\/#primaryimage"},"thumbnailUrl":"","keywords":["Agroqu\u00edmicos"],"articleSection":["General","Noticias"],"inLanguage":"es"},{"@type":"WebPage","@id":"https:\/\/patagoniambiental.com.ar\/info\/capacitacion-para-docentes-uso-de-agroquimicos\/","url":"https:\/\/patagoniambiental.com.ar\/info\/capacitacion-para-docentes-uso-de-agroquimicos\/","name":"CAPACITACION PARA DOCENTES: Uso de agroqu\u00edmicos","isPartOf":{"@id":"https:\/\/patagoniambiental.com.ar\/info\/#website"},"primaryImageOfPage":{"@id":"https:\/\/patagoniambiental.com.ar\/info\/capacitacion-para-docentes-uso-de-agroquimicos\/#primaryimage"},"image":{"@id":"https:\/\/patagoniambiental.com.ar\/info\/capacitacion-para-docentes-uso-de-agroquimicos\/#primaryimage"},"thumbnailUrl":"","datePublished":"2015-06-03T12:00:48+00:00","breadcrumb":{"@id":"https:\/\/patagoniambiental.com.ar\/info\/capacitacion-para-docentes-uso-de-agroquimicos\/#breadcrumb"},"inLanguage":"es","potentialAction":[{"@type":"ReadAction","target":["https:\/\/patagoniambiental.com.ar\/info\/capacitacion-para-docentes-uso-de-agroquimicos\/"]}]},{"@type":"ImageObject","inLanguage":"es","@id":"https:\/\/patagoniambiental.com.ar\/info\/capacitacion-para-docentes-uso-de-agroquimicos\/#primaryimage","url":"","contentUrl":""},{"@type":"BreadcrumbList","@id":"https:\/\/patagoniambiental.com.ar\/info\/capacitacion-para-docentes-uso-de-agroquimicos\/#breadcrumb","itemListElement":[{"@type":"ListItem","position":1,"name":"Inicio","item":"https:\/\/patagoniambiental.com.ar\/info\/"},{"@type":"ListItem","position":2,"name":"CAPACITACION PARA DOCENTES: Uso de agroqu\u00edmicos"}]},{"@type":"WebSite","@id":"https:\/\/patagoniambiental.com.ar\/info\/#website","url":"https:\/\/patagoniambiental.com.ar\/info\/","name":"Patagonia Ambiental","description":"Monitoreo y an\u00e1lisis de la situaci\u00f3n geopol\u00edtica en el mundo y su implicancia en la Patagonia","publisher":{"@id":"https:\/\/patagoniambiental.com.ar\/info\/#organization"},"potentialAction":[{"@type":"SearchAction","target":{"@type":"EntryPoint","urlTemplate":"https:\/\/patagoniambiental.com.ar\/info\/?s={search_term_string}"},"query-input":{"@type":"PropertyValueSpecification","valueRequired":true,"valueName":"search_term_string"}}],"inLanguage":"es"},{"@type":"Organization","@id":"https:\/\/patagoniambiental.com.ar\/info\/#organization","name":"Patagonia Ambiental","url":"https:\/\/patagoniambiental.com.ar\/info\/","logo":{"@type":"ImageObject","inLanguage":"es","@id":"https:\/\/patagoniambiental.com.ar\/info\/#\/schema\/logo\/image\/","url":"https:\/\/patagoniambiental.com.ar\/info\/wp-content\/uploads\/2025\/05\/LOGO-PATAGONIA-AMBIENTAL.png","contentUrl":"https:\/\/patagoniambiental.com.ar\/info\/wp-content\/uploads\/2025\/05\/LOGO-PATAGONIA-AMBIENTAL.png","width":433,"height":250,"caption":"Patagonia Ambiental"},"image":{"@id":"https:\/\/patagoniambiental.com.ar\/info\/#\/schema\/logo\/image\/"},"sameAs":["https:\/\/www.facebook.com\/patagonia.ambiental","https:\/\/x.com\/PatAmb"]},{"@type":"Person","@id":"https:\/\/patagoniambiental.com.ar\/info\/#\/schema\/person\/db12bff64bbcbf6a253710bf0ea37b5d","name":"Patagonia Ambiental","description":"Andr\u00e9s Nievas T\u00e9cnico en manejo ambiental, consultor Ambiental y escritor para medios locales e internacionales sobre temas de geopolitica y medio ambiente.","sameAs":["http:\/\/www.patagoniambiental.com.ar","https:\/\/www.facebook.com\/share\/1C1V8Gv9BX\/?mibextid=qi2Omg","@patagoniambiental","https:\/\/youtube.com\/@patagoniaambiental2023?si=BLt58t0wuXquxlYZ"]}]}},"_links":{"self":[{"href":"https:\/\/patagoniambiental.com.ar\/info\/wp-json\/wp\/v2\/posts\/11721","targetHints":{"allow":["GET"]}}],"collection":[{"href":"https:\/\/patagoniambiental.com.ar\/info\/wp-json\/wp\/v2\/posts"}],"about":[{"href":"https:\/\/patagoniambiental.com.ar\/info\/wp-json\/wp\/v2\/types\/post"}],"author":[{"embeddable":true,"href":"https:\/\/patagoniambiental.com.ar\/info\/wp-json\/wp\/v2\/users\/2"}],"replies":[{"embeddable":true,"href":"https:\/\/patagoniambiental.com.ar\/info\/wp-json\/wp\/v2\/comments?post=11721"}],"version-history":[{"count":0,"href":"https:\/\/patagoniambiental.com.ar\/info\/wp-json\/wp\/v2\/posts\/11721\/revisions"}],"wp:featuredmedia":[{"embeddable":true,"href":"https:\/\/patagoniambiental.com.ar\/info\/wp-json\/"}],"wp:attachment":[{"href":"https:\/\/patagoniambiental.com.ar\/info\/wp-json\/wp\/v2\/media?parent=11721"}],"wp:term":[{"taxonomy":"category","embeddable":true,"href":"https:\/\/patagoniambiental.com.ar\/info\/wp-json\/wp\/v2\/categories?post=11721"},{"taxonomy":"post_tag","embeddable":true,"href":"https:\/\/patagoniambiental.com.ar\/info\/wp-json\/wp\/v2\/tags?post=11721"}],"curies":[{"name":"wp","href":"https:\/\/api.w.org\/{rel}","templated":true}]}}