{"id":11801,"date":"2015-06-04T19:00:33","date_gmt":"2015-06-04T22:00:33","guid":{"rendered":"http:\/\/patagoniambiental.com.ar\/?p=11801"},"modified":"2015-06-04T19:00:33","modified_gmt":"2015-06-04T22:00:33","slug":"la-sayds-desarrollara-distintas-actividades-por-el-dia-mundial-del-medio-ambiente","status":"publish","type":"post","link":"https:\/\/patagoniambiental.com.ar\/info\/la-sayds-desarrollara-distintas-actividades-por-el-dia-mundial-del-medio-ambiente\/","title":{"rendered":"La SAyDS desarrollar\u00e1 distintas actividades por el D\u00eda Mundial del Medio Ambiente"},"content":{"rendered":"<p>Viedma.-Con motivo de conmemorarse el 5 de junio el D\u00eda Mundial del Medio Ambiente, la Secretar\u00eda de Ambiente y Desarrollo Sustentable tiene prevista una serie de actividades en distintos puntos de la provincia.<!--more--> Por un lado, se invit\u00f3 a todas las instituciones educativas rionegrinas de Nivel Inicial y Primario a participar de la propuesta \u201cFrases y dibujos para el cuidado del Ambiente\u201d. Adem\u00e1s, como parte de las acciones de la SAyDS para generar conciencia ambiental, el viernes 5 de junio se realizar\u00e1 la apertura de una nueva Delegaci\u00f3n en Jacobacci y de una oficina de auditor\u00edas, control y fiscalizaci\u00f3n en General Roca.<br \/>\nEl D\u00eda Mundial del Medio Ambiente fue establecido por la Asamblea General de Naciones Unidas, en su Resoluci\u00f3n (XXVII) del 15 de diciembre de 1972 con la que se dio inicio a la Conferencia de Estocolmo, Suecia, cuyo tema central fue el Ambiente. Se celebra el 5 de junio de cada a\u00f1o desde 1973.<br \/>\nCon el objetivo de propiciar la toma de conciencia por parte de la comunidad educativa, teniendo en cuenta valores como la responsabilidad y el respeto por el ambiente y para fortalecer la participaci\u00f3n de los alumnos en funci\u00f3n de valorar nuestro entorno y continuar\u00a0 con la participaci\u00f3n de la comunidad, desde la Secretar\u00eda de Ambiente se convoc\u00f3 a todas las comunidades educativas de Nivel Inicial y Primario. La invitaci\u00f3n fue realizada por la titular de la cartera, la ingeniera Dina Migani, a las Direcciones de Nivel del Ministerio de Educaci\u00f3n y Derechos Humanos.<br \/>\nLa propuesta es para que los alumnos elaboren frases sencillas sobre el cuidado del medio ambiente, atendiendo a las diferentes realidades de nuestra provincia. Para los m\u00e1s peque\u00f1os (salas de 4 y 5 a\u00f1os y desde primero hasta tercer grado) se los invitar\u00e1 a la creaci\u00f3n de dibujos alusivos a la fecha.<br \/>\nDesde la SAyDS se elegir\u00e1n al azar diferentes escuelas para realizar el lanzamiento de este proyecto y durante esa jornada, adem\u00e1s de reiterar la convocatoria para que los chicos se expresen a trav\u00e9s de frases y dibujos,\u00a0 se concretar\u00e1n actividades entre el personal de la Secretar\u00eda y la comunidad educativa: confecci\u00f3n de carteler\u00eda y su colocaci\u00f3n en la manzana de la escuela, elaboraci\u00f3n de una pintura en forma conjunta con los m\u00e1s peque\u00f1os, plantaci\u00f3n de \u00e1rboles y plantines. Estas actividades se desarrollar\u00e1n a lo largo de todo junio.<br \/>\nLas producciones que realicen los alumnos deber\u00e1n ser entregadas a cada Supervisi\u00f3n Escolar. Las frases y dibujos son de car\u00e1cter individual y pueden ser presentadas en formato A4. El material para el armado es a elecci\u00f3n del alumno y con la gu\u00eda del docente a cargo.<br \/>\nNuevas oficinas<br \/>\nComo parte de las actividades por la conmemoraci\u00f3n del D\u00eda Mundial del Medio Ambiente, la SAyDS realizar\u00e1 la apertura y puesta en marcha de una nueva oficina en la ciudad de Ingeniero Jacobacci. Al mismo tiempo pondr\u00e1 en funcionamiento una oficina en General Roca, que funcionar\u00e1 como anexo de la sede de Fern\u00e1ndez Oro del citado organismo.<br \/>\nEn Jacobacci se comenzar\u00e1 a atender al p\u00fablico este 5 de junio. La oficina est\u00e1 ubicada en la calle Mart\u00edn Coronado 958, en donde tambi\u00e9n funcionan delegaciones dependientes del Ministerio de Producci\u00f3n y Ganader\u00eda, SENASA y Agricultura Familiar. Ayl\u00e9n Rodr\u00edguez, licenciada en Gesti\u00f3n Ambiental, ser\u00e1 la coordinadora de la Delegaci\u00f3n, que tiene jurisdicci\u00f3n para toda la L\u00ednea Sur.<br \/>\nLa atenci\u00f3n al p\u00fablico ser\u00e1 de 8 a 12 horas y all\u00ed se podr\u00e1n realizar tr\u00e1mites, gestiones y solicitar asesoramiento al igual que en las dem\u00e1s dependencias de la SAyDS que funcionan en diferentes puntos de la provincia \u2013 San Carlos de Bariloche, El Bols\u00f3n, Gral. Fern\u00e1ndez Oro y su sede central en Viedma.<br \/>\nLa oficina De Gral. Roca, que tambi\u00e9n comienza a funcionar este 5 de junio, contar\u00e1 con personal t\u00e9cnico que estar\u00e1 abocado a las tareas de auditor\u00eda, control y fiscalizaci\u00f3n de dep\u00f3sitos de agroqu\u00edmicos, jugueras, sidreras, canteras y estaciones de servicio. Se trata de una extensi\u00f3n de la Delegaci\u00f3n en Fern\u00e1ndez Oro y est\u00e1 ubicada en calle 9 de Julio casi Espa\u00f1a, donde comparte las instalaciones con otras dependencias como Ministerio de Gobierno, Miner\u00eda y Delegaci\u00f3n de Tierras, entre otras.<\/p>\n<p>Fuente: Secretaria de Ambiente y Desarrollo Sustentable de Rio Negro<\/p>\n<p>&nbsp;<\/p>\n<p>&nbsp;<\/p>\n<p>&nbsp;<\/p>\n<p>&nbsp;<\/p>\n<p>&nbsp;<\/p>\n<p>&nbsp;<\/p>\n<p>&nbsp;<\/p>\n<p>&nbsp;<\/p>\n<p>&nbsp;<\/p>\n","protected":false},"excerpt":{"rendered":"<p>Viedma.-Con motivo de conmemorarse el 5 de junio el D\u00eda Mundial del Medio Ambiente, la Secretar\u00eda de Ambiente y Desarrollo [&hellip;]<\/p>\n","protected":false},"author":2,"featured_media":11803,"comment_status":"closed","ping_status":"closed","sticky":false,"template":"","format":"standard","meta":{"site-sidebar-layout":"default","site-content-layout":"","ast-site-content-layout":"default","site-content-style":"default","site-sidebar-style":"default","ast-global-header-display":"","ast-banner-title-visibility":"","ast-main-header-display":"","ast-hfb-above-header-display":"","ast-hfb-below-header-display":"","ast-hfb-mobile-header-display":"","site-post-title":"","ast-breadcrumbs-content":"","ast-featured-img":"","footer-sml-layout":"","ast-disable-related-posts":"","theme-transparent-header-meta":"","adv-header-id-meta":"","stick-header-meta":"","header-above-stick-meta":"","header-main-stick-meta":"","header-below-stick-meta":"","astra-migrate-meta-layouts":"default","ast-page-background-enabled":"default","ast-page-background-meta":{"desktop":{"background-color":"var(--ast-global-color-5)","background-image":"","background-repeat":"repeat","background-position":"center center","background-size":"auto","background-attachment":"scroll","background-type":"","background-media":"","overlay-type":"","overlay-color":"","overlay-opacity":"","overlay-gradient":""},"tablet":{"background-color":"","background-image":"","background-repeat":"repeat","background-position":"center center","background-size":"auto","background-attachment":"scroll","background-type":"","background-media":"","overlay-type":"","overlay-color":"","overlay-opacity":"","overlay-gradient":""},"mobile":{"background-color":"","background-image":"","background-repeat":"repeat","background-position":"center center","background-size":"auto","background-attachment":"scroll","background-type":"","background-media":"","overlay-type":"","overlay-color":"","overlay-opacity":"","overlay-gradient":""}},"ast-content-background-meta":{"desktop":{"background-color":"var(--ast-global-color-4)","background-image":"","background-repeat":"repeat","background-position":"center center","background-size":"auto","background-attachment":"scroll","background-type":"","background-media":"","overlay-type":"","overlay-color":"","overlay-opacity":"","overlay-gradient":""},"tablet":{"background-color":"var(--ast-global-color-4)","background-image":"","background-repeat":"repeat","background-position":"center center","background-size":"auto","background-attachment":"scroll","background-type":"","background-media":"","overlay-type":"","overlay-color":"","overlay-opacity":"","overlay-gradient":""},"mobile":{"background-color":"var(--ast-global-color-4)","background-image":"","background-repeat":"repeat","background-position":"center center","background-size":"auto","background-attachment":"scroll","background-type":"","background-media":"","overlay-type":"","overlay-color":"","overlay-opacity":"","overlay-gradient":""}},"footnotes":""},"categories":[12,1,13,14],"tags":[65,1157],"class_list":["post-11801","post","type-post","status-publish","format-standard","has-post-thumbnail","hentry","category-agenda-ambiental","category-noticias","category-provinciales","category-rio-negro","tag-ambiente","tag-senasa"],"yoast_head":"<!-- This site is optimized with the Yoast SEO Premium plugin v23.0 (Yoast SEO v27.5) - https:\/\/yoast.com\/product\/yoast-seo-premium-wordpress\/ -->\n<title>La SAyDS desarrollar\u00e1 distintas actividades por el D\u00eda Mundial del Medio Ambiente<\/title>\n<meta name=\"robots\" content=\"index, follow, max-snippet:-1, max-image-preview:large, max-video-preview:-1\" \/>\n<link rel=\"canonical\" href=\"https:\/\/patagoniambiental.com.ar\/info\/la-sayds-desarrollara-distintas-actividades-por-el-dia-mundial-del-medio-ambiente\/\" \/>\n<meta property=\"og:locale\" content=\"es_ES\" \/>\n<meta property=\"og:type\" content=\"article\" \/>\n<meta property=\"og:title\" content=\"La SAyDS desarrollar\u00e1 distintas actividades por el D\u00eda Mundial del Medio Ambiente\" \/>\n<meta property=\"og:description\" content=\"Viedma.-Con motivo de conmemorarse el 5 de junio el D\u00eda Mundial del Medio Ambiente, la Secretar\u00eda de Ambiente y Desarrollo [&hellip;]\" \/>\n<meta property=\"og:url\" content=\"https:\/\/patagoniambiental.com.ar\/info\/la-sayds-desarrollara-distintas-actividades-por-el-dia-mundial-del-medio-ambiente\/\" \/>\n<meta property=\"og:site_name\" content=\"Patagonia Ambiental\" \/>\n<meta property=\"article:publisher\" content=\"https:\/\/www.facebook.com\/patagonia.ambiental\" \/>\n<meta property=\"article:author\" content=\"https:\/\/www.facebook.com\/share\/1C1V8Gv9BX\/?mibextid=qi2Omg\" \/>\n<meta property=\"article:published_time\" content=\"2015-06-04T22:00:33+00:00\" \/>\n<meta name=\"author\" content=\"Patagonia Ambiental\" \/>\n<meta name=\"twitter:card\" content=\"summary_large_image\" \/>\n<meta name=\"twitter:creator\" content=\"@PatAmb\" \/>\n<meta name=\"twitter:site\" content=\"@PatAmb\" \/>\n<script type=\"application\/ld+json\" class=\"yoast-schema-graph\">{\"@context\":\"https:\\\/\\\/schema.org\",\"@graph\":[{\"@type\":\"Article\",\"@id\":\"https:\\\/\\\/patagoniambiental.com.ar\\\/info\\\/la-sayds-desarrollara-distintas-actividades-por-el-dia-mundial-del-medio-ambiente\\\/#article\",\"isPartOf\":{\"@id\":\"https:\\\/\\\/patagoniambiental.com.ar\\\/info\\\/la-sayds-desarrollara-distintas-actividades-por-el-dia-mundial-del-medio-ambiente\\\/\"},\"author\":{\"name\":\"Patagonia Ambiental\",\"@id\":\"https:\\\/\\\/patagoniambiental.com.ar\\\/info\\\/#\\\/schema\\\/person\\\/db12bff64bbcbf6a253710bf0ea37b5d\"},\"headline\":\"La SAyDS desarrollar\u00e1 distintas actividades por el D\u00eda Mundial del Medio Ambiente\",\"datePublished\":\"2015-06-04T22:00:33+00:00\",\"mainEntityOfPage\":{\"@id\":\"https:\\\/\\\/patagoniambiental.com.ar\\\/info\\\/la-sayds-desarrollara-distintas-actividades-por-el-dia-mundial-del-medio-ambiente\\\/\"},\"wordCount\":773,\"publisher\":{\"@id\":\"https:\\\/\\\/patagoniambiental.com.ar\\\/info\\\/#organization\"},\"image\":{\"@id\":\"https:\\\/\\\/patagoniambiental.com.ar\\\/info\\\/la-sayds-desarrollara-distintas-actividades-por-el-dia-mundial-del-medio-ambiente\\\/#primaryimage\"},\"thumbnailUrl\":\"\",\"keywords\":[\"ambiente\",\"Senasa\"],\"articleSection\":[\"Agenda Ambiental\",\"Noticias\",\"Provinciales\",\"R\u00edo Negro\"],\"inLanguage\":\"es\"},{\"@type\":\"WebPage\",\"@id\":\"https:\\\/\\\/patagoniambiental.com.ar\\\/info\\\/la-sayds-desarrollara-distintas-actividades-por-el-dia-mundial-del-medio-ambiente\\\/\",\"url\":\"https:\\\/\\\/patagoniambiental.com.ar\\\/info\\\/la-sayds-desarrollara-distintas-actividades-por-el-dia-mundial-del-medio-ambiente\\\/\",\"name\":\"La SAyDS desarrollar\u00e1 distintas actividades por el D\u00eda Mundial del Medio Ambiente\",\"isPartOf\":{\"@id\":\"https:\\\/\\\/patagoniambiental.com.ar\\\/info\\\/#website\"},\"primaryImageOfPage\":{\"@id\":\"https:\\\/\\\/patagoniambiental.com.ar\\\/info\\\/la-sayds-desarrollara-distintas-actividades-por-el-dia-mundial-del-medio-ambiente\\\/#primaryimage\"},\"image\":{\"@id\":\"https:\\\/\\\/patagoniambiental.com.ar\\\/info\\\/la-sayds-desarrollara-distintas-actividades-por-el-dia-mundial-del-medio-ambiente\\\/#primaryimage\"},\"thumbnailUrl\":\"\",\"datePublished\":\"2015-06-04T22:00:33+00:00\",\"breadcrumb\":{\"@id\":\"https:\\\/\\\/patagoniambiental.com.ar\\\/info\\\/la-sayds-desarrollara-distintas-actividades-por-el-dia-mundial-del-medio-ambiente\\\/#breadcrumb\"},\"inLanguage\":\"es\",\"potentialAction\":[{\"@type\":\"ReadAction\",\"target\":[\"https:\\\/\\\/patagoniambiental.com.ar\\\/info\\\/la-sayds-desarrollara-distintas-actividades-por-el-dia-mundial-del-medio-ambiente\\\/\"]}]},{\"@type\":\"ImageObject\",\"inLanguage\":\"es\",\"@id\":\"https:\\\/\\\/patagoniambiental.com.ar\\\/info\\\/la-sayds-desarrollara-distintas-actividades-por-el-dia-mundial-del-medio-ambiente\\\/#primaryimage\",\"url\":\"\",\"contentUrl\":\"\"},{\"@type\":\"BreadcrumbList\",\"@id\":\"https:\\\/\\\/patagoniambiental.com.ar\\\/info\\\/la-sayds-desarrollara-distintas-actividades-por-el-dia-mundial-del-medio-ambiente\\\/#breadcrumb\",\"itemListElement\":[{\"@type\":\"ListItem\",\"position\":1,\"name\":\"Inicio\",\"item\":\"https:\\\/\\\/patagoniambiental.com.ar\\\/info\\\/\"},{\"@type\":\"ListItem\",\"position\":2,\"name\":\"La SAyDS desarrollar\u00e1 distintas actividades por el D\u00eda Mundial del Medio Ambiente\"}]},{\"@type\":\"WebSite\",\"@id\":\"https:\\\/\\\/patagoniambiental.com.ar\\\/info\\\/#website\",\"url\":\"https:\\\/\\\/patagoniambiental.com.ar\\\/info\\\/\",\"name\":\"Patagonia Ambiental\",\"description\":\"Monitoreo y an\u00e1lisis de la situaci\u00f3n geopol\u00edtica en el mundo y su implicancia en la Patagonia\",\"publisher\":{\"@id\":\"https:\\\/\\\/patagoniambiental.com.ar\\\/info\\\/#organization\"},\"potentialAction\":[{\"@type\":\"SearchAction\",\"target\":{\"@type\":\"EntryPoint\",\"urlTemplate\":\"https:\\\/\\\/patagoniambiental.com.ar\\\/info\\\/?s={search_term_string}\"},\"query-input\":{\"@type\":\"PropertyValueSpecification\",\"valueRequired\":true,\"valueName\":\"search_term_string\"}}],\"inLanguage\":\"es\"},{\"@type\":\"Organization\",\"@id\":\"https:\\\/\\\/patagoniambiental.com.ar\\\/info\\\/#organization\",\"name\":\"Patagonia Ambiental\",\"url\":\"https:\\\/\\\/patagoniambiental.com.ar\\\/info\\\/\",\"logo\":{\"@type\":\"ImageObject\",\"inLanguage\":\"es\",\"@id\":\"https:\\\/\\\/patagoniambiental.com.ar\\\/info\\\/#\\\/schema\\\/logo\\\/image\\\/\",\"url\":\"https:\\\/\\\/patagoniambiental.com.ar\\\/info\\\/wp-content\\\/uploads\\\/2025\\\/05\\\/LOGO-PATAGONIA-AMBIENTAL.png\",\"contentUrl\":\"https:\\\/\\\/patagoniambiental.com.ar\\\/info\\\/wp-content\\\/uploads\\\/2025\\\/05\\\/LOGO-PATAGONIA-AMBIENTAL.png\",\"width\":433,\"height\":250,\"caption\":\"Patagonia Ambiental\"},\"image\":{\"@id\":\"https:\\\/\\\/patagoniambiental.com.ar\\\/info\\\/#\\\/schema\\\/logo\\\/image\\\/\"},\"sameAs\":[\"https:\\\/\\\/www.facebook.com\\\/patagonia.ambiental\",\"https:\\\/\\\/x.com\\\/PatAmb\"]},{\"@type\":\"Person\",\"@id\":\"https:\\\/\\\/patagoniambiental.com.ar\\\/info\\\/#\\\/schema\\\/person\\\/db12bff64bbcbf6a253710bf0ea37b5d\",\"name\":\"Patagonia Ambiental\",\"description\":\"Andr\u00e9s Nievas T\u00e9cnico en manejo ambiental, consultor Ambiental y escritor para medios locales e internacionales sobre temas de geopolitica y medio ambiente.\",\"sameAs\":[\"http:\\\/\\\/www.patagoniambiental.com.ar\",\"https:\\\/\\\/www.facebook.com\\\/share\\\/1C1V8Gv9BX\\\/?mibextid=qi2Omg\",\"@patagoniambiental\",\"https:\\\/\\\/youtube.com\\\/@patagoniaambiental2023?si=BLt58t0wuXquxlYZ\"]}]}<\/script>\n<!-- \/ Yoast SEO Premium plugin. -->","yoast_head_json":{"title":"La SAyDS desarrollar\u00e1 distintas actividades por el D\u00eda Mundial del Medio Ambiente","robots":{"index":"index","follow":"follow","max-snippet":"max-snippet:-1","max-image-preview":"max-image-preview:large","max-video-preview":"max-video-preview:-1"},"canonical":"https:\/\/patagoniambiental.com.ar\/info\/la-sayds-desarrollara-distintas-actividades-por-el-dia-mundial-del-medio-ambiente\/","og_locale":"es_ES","og_type":"article","og_title":"La SAyDS desarrollar\u00e1 distintas actividades por el D\u00eda Mundial del Medio Ambiente","og_description":"Viedma.-Con motivo de conmemorarse el 5 de junio el D\u00eda Mundial del Medio Ambiente, la Secretar\u00eda de Ambiente y Desarrollo [&hellip;]","og_url":"https:\/\/patagoniambiental.com.ar\/info\/la-sayds-desarrollara-distintas-actividades-por-el-dia-mundial-del-medio-ambiente\/","og_site_name":"Patagonia Ambiental","article_publisher":"https:\/\/www.facebook.com\/patagonia.ambiental","article_author":"https:\/\/www.facebook.com\/share\/1C1V8Gv9BX\/?mibextid=qi2Omg","article_published_time":"2015-06-04T22:00:33+00:00","author":"Patagonia Ambiental","twitter_card":"summary_large_image","twitter_creator":"@PatAmb","twitter_site":"@PatAmb","schema":{"@context":"https:\/\/schema.org","@graph":[{"@type":"Article","@id":"https:\/\/patagoniambiental.com.ar\/info\/la-sayds-desarrollara-distintas-actividades-por-el-dia-mundial-del-medio-ambiente\/#article","isPartOf":{"@id":"https:\/\/patagoniambiental.com.ar\/info\/la-sayds-desarrollara-distintas-actividades-por-el-dia-mundial-del-medio-ambiente\/"},"author":{"name":"Patagonia Ambiental","@id":"https:\/\/patagoniambiental.com.ar\/info\/#\/schema\/person\/db12bff64bbcbf6a253710bf0ea37b5d"},"headline":"La SAyDS desarrollar\u00e1 distintas actividades por el D\u00eda Mundial del Medio Ambiente","datePublished":"2015-06-04T22:00:33+00:00","mainEntityOfPage":{"@id":"https:\/\/patagoniambiental.com.ar\/info\/la-sayds-desarrollara-distintas-actividades-por-el-dia-mundial-del-medio-ambiente\/"},"wordCount":773,"publisher":{"@id":"https:\/\/patagoniambiental.com.ar\/info\/#organization"},"image":{"@id":"https:\/\/patagoniambiental.com.ar\/info\/la-sayds-desarrollara-distintas-actividades-por-el-dia-mundial-del-medio-ambiente\/#primaryimage"},"thumbnailUrl":"","keywords":["ambiente","Senasa"],"articleSection":["Agenda Ambiental","Noticias","Provinciales","R\u00edo Negro"],"inLanguage":"es"},{"@type":"WebPage","@id":"https:\/\/patagoniambiental.com.ar\/info\/la-sayds-desarrollara-distintas-actividades-por-el-dia-mundial-del-medio-ambiente\/","url":"https:\/\/patagoniambiental.com.ar\/info\/la-sayds-desarrollara-distintas-actividades-por-el-dia-mundial-del-medio-ambiente\/","name":"La SAyDS desarrollar\u00e1 distintas actividades por el D\u00eda Mundial del Medio Ambiente","isPartOf":{"@id":"https:\/\/patagoniambiental.com.ar\/info\/#website"},"primaryImageOfPage":{"@id":"https:\/\/patagoniambiental.com.ar\/info\/la-sayds-desarrollara-distintas-actividades-por-el-dia-mundial-del-medio-ambiente\/#primaryimage"},"image":{"@id":"https:\/\/patagoniambiental.com.ar\/info\/la-sayds-desarrollara-distintas-actividades-por-el-dia-mundial-del-medio-ambiente\/#primaryimage"},"thumbnailUrl":"","datePublished":"2015-06-04T22:00:33+00:00","breadcrumb":{"@id":"https:\/\/patagoniambiental.com.ar\/info\/la-sayds-desarrollara-distintas-actividades-por-el-dia-mundial-del-medio-ambiente\/#breadcrumb"},"inLanguage":"es","potentialAction":[{"@type":"ReadAction","target":["https:\/\/patagoniambiental.com.ar\/info\/la-sayds-desarrollara-distintas-actividades-por-el-dia-mundial-del-medio-ambiente\/"]}]},{"@type":"ImageObject","inLanguage":"es","@id":"https:\/\/patagoniambiental.com.ar\/info\/la-sayds-desarrollara-distintas-actividades-por-el-dia-mundial-del-medio-ambiente\/#primaryimage","url":"","contentUrl":""},{"@type":"BreadcrumbList","@id":"https:\/\/patagoniambiental.com.ar\/info\/la-sayds-desarrollara-distintas-actividades-por-el-dia-mundial-del-medio-ambiente\/#breadcrumb","itemListElement":[{"@type":"ListItem","position":1,"name":"Inicio","item":"https:\/\/patagoniambiental.com.ar\/info\/"},{"@type":"ListItem","position":2,"name":"La SAyDS desarrollar\u00e1 distintas actividades por el D\u00eda Mundial del Medio Ambiente"}]},{"@type":"WebSite","@id":"https:\/\/patagoniambiental.com.ar\/info\/#website","url":"https:\/\/patagoniambiental.com.ar\/info\/","name":"Patagonia Ambiental","description":"Monitoreo y an\u00e1lisis de la situaci\u00f3n geopol\u00edtica en el mundo y su implicancia en la Patagonia","publisher":{"@id":"https:\/\/patagoniambiental.com.ar\/info\/#organization"},"potentialAction":[{"@type":"SearchAction","target":{"@type":"EntryPoint","urlTemplate":"https:\/\/patagoniambiental.com.ar\/info\/?s={search_term_string}"},"query-input":{"@type":"PropertyValueSpecification","valueRequired":true,"valueName":"search_term_string"}}],"inLanguage":"es"},{"@type":"Organization","@id":"https:\/\/patagoniambiental.com.ar\/info\/#organization","name":"Patagonia Ambiental","url":"https:\/\/patagoniambiental.com.ar\/info\/","logo":{"@type":"ImageObject","inLanguage":"es","@id":"https:\/\/patagoniambiental.com.ar\/info\/#\/schema\/logo\/image\/","url":"https:\/\/patagoniambiental.com.ar\/info\/wp-content\/uploads\/2025\/05\/LOGO-PATAGONIA-AMBIENTAL.png","contentUrl":"https:\/\/patagoniambiental.com.ar\/info\/wp-content\/uploads\/2025\/05\/LOGO-PATAGONIA-AMBIENTAL.png","width":433,"height":250,"caption":"Patagonia Ambiental"},"image":{"@id":"https:\/\/patagoniambiental.com.ar\/info\/#\/schema\/logo\/image\/"},"sameAs":["https:\/\/www.facebook.com\/patagonia.ambiental","https:\/\/x.com\/PatAmb"]},{"@type":"Person","@id":"https:\/\/patagoniambiental.com.ar\/info\/#\/schema\/person\/db12bff64bbcbf6a253710bf0ea37b5d","name":"Patagonia Ambiental","description":"Andr\u00e9s Nievas T\u00e9cnico en manejo ambiental, consultor Ambiental y escritor para medios locales e internacionales sobre temas de geopolitica y medio ambiente.","sameAs":["http:\/\/www.patagoniambiental.com.ar","https:\/\/www.facebook.com\/share\/1C1V8Gv9BX\/?mibextid=qi2Omg","@patagoniambiental","https:\/\/youtube.com\/@patagoniaambiental2023?si=BLt58t0wuXquxlYZ"]}]}},"_links":{"self":[{"href":"https:\/\/patagoniambiental.com.ar\/info\/wp-json\/wp\/v2\/posts\/11801","targetHints":{"allow":["GET"]}}],"collection":[{"href":"https:\/\/patagoniambiental.com.ar\/info\/wp-json\/wp\/v2\/posts"}],"about":[{"href":"https:\/\/patagoniambiental.com.ar\/info\/wp-json\/wp\/v2\/types\/post"}],"author":[{"embeddable":true,"href":"https:\/\/patagoniambiental.com.ar\/info\/wp-json\/wp\/v2\/users\/2"}],"replies":[{"embeddable":true,"href":"https:\/\/patagoniambiental.com.ar\/info\/wp-json\/wp\/v2\/comments?post=11801"}],"version-history":[{"count":0,"href":"https:\/\/patagoniambiental.com.ar\/info\/wp-json\/wp\/v2\/posts\/11801\/revisions"}],"wp:featuredmedia":[{"embeddable":true,"href":"https:\/\/patagoniambiental.com.ar\/info\/wp-json\/"}],"wp:attachment":[{"href":"https:\/\/patagoniambiental.com.ar\/info\/wp-json\/wp\/v2\/media?parent=11801"}],"wp:term":[{"taxonomy":"category","embeddable":true,"href":"https:\/\/patagoniambiental.com.ar\/info\/wp-json\/wp\/v2\/categories?post=11801"},{"taxonomy":"post_tag","embeddable":true,"href":"https:\/\/patagoniambiental.com.ar\/info\/wp-json\/wp\/v2\/tags?post=11801"}],"curies":[{"name":"wp","href":"https:\/\/api.w.org\/{rel}","templated":true}]}}