{"id":11845,"date":"2015-06-05T19:00:34","date_gmt":"2015-06-05T22:00:34","guid":{"rendered":"http:\/\/patagoniambiental.com.ar\/?p=11845"},"modified":"2015-06-05T19:00:34","modified_gmt":"2015-06-05T22:00:34","slug":"campana-nacional-promociona-los-destinos-de-nieve-de-patagonia","status":"publish","type":"post","link":"https:\/\/patagoniambiental.com.ar\/info\/campana-nacional-promociona-los-destinos-de-nieve-de-patagonia\/","title":{"rendered":"Campa\u00f1a Nacional promociona los Destinos de Nieve de Patagonia"},"content":{"rendered":"<p>Viedma.-El Ministerio de Turismo de la Naci\u00f3n puso en marcha una fuerte campa\u00f1a de promoci\u00f3n que busca motivar a los argentinos a elegir los Destinos de Nieve del pa\u00eds para este invierno.<!--more--><\/p>\n<p>La nieve invadir\u00e1 las calles de los principales centros emisores de turistas del pa\u00eds, hasta fines de agosto, producto de la campa\u00f1a publicitaria que lleva a cabo el Ministerio de Turismo de la Naci\u00f3n con el acompa\u00f1amiento del Ente Patagonia Argentina. La acci\u00f3n promocional tiene una duraci\u00f3n de noventa d\u00edas y se activar\u00e1 en Capital Federal, Gran Buenos Aires, C\u00f3rdoba, Rosario, Mendoza y Salta, buscando estimular a los potenciales turistas a trav\u00e9s de distintas herramientas, a vacacionar en el sur argentino en la pr\u00f3xima temporada invernal.<\/p>\n<p>En las piezas gr\u00e1ficas dise\u00f1adas para la campa\u00f1a se observan grandes im\u00e1genes con gente disfrutando de la nieve bajo el slogan \u201cElijo Viajar\u201d #NieveArgentina, en el marco del Programa Nacional \u201cArgentina es tu mundo. Date una vuelta\u201d.<\/p>\n<p>La Subsecretar\u00eda de Promoci\u00f3n Tur\u00edstica Nacional, dise\u00f1\u00f3 la campa\u00f1a promocional que tiene como objetivo impulsar el turismo de invierno, hacia los centros de esqu\u00ed de la Patagonia, que tendr\u00e1n su apertura el 20 de junio y que presentan novedades en materia de servicios e infraestructura.<\/p>\n<p>La campa\u00f1a promocional abarca diversos formatos y canales buscando llegar a todos los p\u00fablicos de este segmento. Incluye pantallas led, gigantograf\u00edas y carteles en v\u00eda p\u00fablica, carteles transiluminados en el subte, paneles del metrobus, publicaciones especiales en diarios nacionales, proyecci\u00f3n de spots publicitarios en m\u00e1s de cien salas de cine y una campa\u00f1a digital en Facebook, Twitter, Google, YouTube y sitios estrat\u00e9gicos. Paralelamente, se desarrollar\u00e1n viajes de prensa, eventos y otras acciones de promoci\u00f3n que forman parte de la estrategia.<\/p>\n<p>&nbsp;<\/p>\n<p>Fuente:\u00a0Ministerio de Turismo, Cultura y Deporte de R\u00edo Negro<\/p>\n","protected":false},"excerpt":{"rendered":"<p>Viedma.-El Ministerio de Turismo de la Naci\u00f3n puso en marcha una fuerte campa\u00f1a de promoci\u00f3n que busca motivar a los [&hellip;]<\/p>\n","protected":false},"author":2,"featured_media":11847,"comment_status":"closed","ping_status":"closed","sticky":false,"template":"","format":"standard","meta":{"site-sidebar-layout":"default","site-content-layout":"","ast-site-content-layout":"default","site-content-style":"default","site-sidebar-style":"default","ast-global-header-display":"","ast-banner-title-visibility":"","ast-main-header-display":"","ast-hfb-above-header-display":"","ast-hfb-below-header-display":"","ast-hfb-mobile-header-display":"","site-post-title":"","ast-breadcrumbs-content":"","ast-featured-img":"","footer-sml-layout":"","ast-disable-related-posts":"","theme-transparent-header-meta":"","adv-header-id-meta":"","stick-header-meta":"","header-above-stick-meta":"","header-main-stick-meta":"","header-below-stick-meta":"","astra-migrate-meta-layouts":"default","ast-page-background-enabled":"default","ast-page-background-meta":{"desktop":{"background-color":"var(--ast-global-color-5)","background-image":"","background-repeat":"repeat","background-position":"center center","background-size":"auto","background-attachment":"scroll","background-type":"","background-media":"","overlay-type":"","overlay-color":"","overlay-opacity":"","overlay-gradient":""},"tablet":{"background-color":"","background-image":"","background-repeat":"repeat","background-position":"center center","background-size":"auto","background-attachment":"scroll","background-type":"","background-media":"","overlay-type":"","overlay-color":"","overlay-opacity":"","overlay-gradient":""},"mobile":{"background-color":"","background-image":"","background-repeat":"repeat","background-position":"center center","background-size":"auto","background-attachment":"scroll","background-type":"","background-media":"","overlay-type":"","overlay-color":"","overlay-opacity":"","overlay-gradient":""}},"ast-content-background-meta":{"desktop":{"background-color":"var(--ast-global-color-4)","background-image":"","background-repeat":"repeat","background-position":"center center","background-size":"auto","background-attachment":"scroll","background-type":"","background-media":"","overlay-type":"","overlay-color":"","overlay-opacity":"","overlay-gradient":""},"tablet":{"background-color":"var(--ast-global-color-4)","background-image":"","background-repeat":"repeat","background-position":"center center","background-size":"auto","background-attachment":"scroll","background-type":"","background-media":"","overlay-type":"","overlay-color":"","overlay-opacity":"","overlay-gradient":""},"mobile":{"background-color":"var(--ast-global-color-4)","background-image":"","background-repeat":"repeat","background-position":"center center","background-size":"auto","background-attachment":"scroll","background-type":"","background-media":"","overlay-type":"","overlay-color":"","overlay-opacity":"","overlay-gradient":""}},"footnotes":""},"categories":[1,13,14],"tags":[307,5],"class_list":["post-11845","post","type-post","status-publish","format-standard","has-post-thumbnail","hentry","category-noticias","category-provinciales","category-rio-negro","tag-patagonia","tag-turismo"],"yoast_head":"<!-- This site is optimized with the Yoast SEO Premium plugin v23.0 (Yoast SEO v27.5) - https:\/\/yoast.com\/product\/yoast-seo-premium-wordpress\/ -->\n<title>Campa\u00f1a Nacional promociona los Destinos de Nieve de Patagonia<\/title>\n<meta name=\"robots\" content=\"index, follow, max-snippet:-1, max-image-preview:large, max-video-preview:-1\" \/>\n<link rel=\"canonical\" href=\"https:\/\/patagoniambiental.com.ar\/info\/campana-nacional-promociona-los-destinos-de-nieve-de-patagonia\/\" \/>\n<meta property=\"og:locale\" content=\"es_ES\" \/>\n<meta property=\"og:type\" content=\"article\" \/>\n<meta property=\"og:title\" content=\"Campa\u00f1a Nacional promociona los Destinos de Nieve de Patagonia\" \/>\n<meta property=\"og:description\" content=\"Viedma.-El Ministerio de Turismo de la Naci\u00f3n puso en marcha una fuerte campa\u00f1a de promoci\u00f3n que busca motivar a los [&hellip;]\" \/>\n<meta property=\"og:url\" content=\"https:\/\/patagoniambiental.com.ar\/info\/campana-nacional-promociona-los-destinos-de-nieve-de-patagonia\/\" \/>\n<meta property=\"og:site_name\" content=\"Patagonia Ambiental\" \/>\n<meta property=\"article:publisher\" content=\"https:\/\/www.facebook.com\/patagonia.ambiental\" \/>\n<meta property=\"article:author\" content=\"https:\/\/www.facebook.com\/share\/1C1V8Gv9BX\/?mibextid=qi2Omg\" \/>\n<meta property=\"article:published_time\" content=\"2015-06-05T22:00:34+00:00\" \/>\n<meta name=\"author\" content=\"Patagonia Ambiental\" \/>\n<meta name=\"twitter:card\" content=\"summary_large_image\" \/>\n<meta name=\"twitter:creator\" content=\"@PatAmb\" \/>\n<meta name=\"twitter:site\" content=\"@PatAmb\" \/>\n<script type=\"application\/ld+json\" class=\"yoast-schema-graph\">{\"@context\":\"https:\\\/\\\/schema.org\",\"@graph\":[{\"@type\":\"Article\",\"@id\":\"https:\\\/\\\/patagoniambiental.com.ar\\\/info\\\/campana-nacional-promociona-los-destinos-de-nieve-de-patagonia\\\/#article\",\"isPartOf\":{\"@id\":\"https:\\\/\\\/patagoniambiental.com.ar\\\/info\\\/campana-nacional-promociona-los-destinos-de-nieve-de-patagonia\\\/\"},\"author\":{\"name\":\"Patagonia Ambiental\",\"@id\":\"https:\\\/\\\/patagoniambiental.com.ar\\\/info\\\/#\\\/schema\\\/person\\\/db12bff64bbcbf6a253710bf0ea37b5d\"},\"headline\":\"Campa\u00f1a Nacional promociona los Destinos de Nieve de Patagonia\",\"datePublished\":\"2015-06-05T22:00:34+00:00\",\"mainEntityOfPage\":{\"@id\":\"https:\\\/\\\/patagoniambiental.com.ar\\\/info\\\/campana-nacional-promociona-los-destinos-de-nieve-de-patagonia\\\/\"},\"wordCount\":336,\"publisher\":{\"@id\":\"https:\\\/\\\/patagoniambiental.com.ar\\\/info\\\/#organization\"},\"image\":{\"@id\":\"https:\\\/\\\/patagoniambiental.com.ar\\\/info\\\/campana-nacional-promociona-los-destinos-de-nieve-de-patagonia\\\/#primaryimage\"},\"thumbnailUrl\":\"\",\"keywords\":[\"Patagonia\",\"Turismo\"],\"articleSection\":[\"Noticias\",\"Provinciales\",\"R\u00edo Negro\"],\"inLanguage\":\"es\"},{\"@type\":\"WebPage\",\"@id\":\"https:\\\/\\\/patagoniambiental.com.ar\\\/info\\\/campana-nacional-promociona-los-destinos-de-nieve-de-patagonia\\\/\",\"url\":\"https:\\\/\\\/patagoniambiental.com.ar\\\/info\\\/campana-nacional-promociona-los-destinos-de-nieve-de-patagonia\\\/\",\"name\":\"Campa\u00f1a Nacional promociona los Destinos de Nieve de Patagonia\",\"isPartOf\":{\"@id\":\"https:\\\/\\\/patagoniambiental.com.ar\\\/info\\\/#website\"},\"primaryImageOfPage\":{\"@id\":\"https:\\\/\\\/patagoniambiental.com.ar\\\/info\\\/campana-nacional-promociona-los-destinos-de-nieve-de-patagonia\\\/#primaryimage\"},\"image\":{\"@id\":\"https:\\\/\\\/patagoniambiental.com.ar\\\/info\\\/campana-nacional-promociona-los-destinos-de-nieve-de-patagonia\\\/#primaryimage\"},\"thumbnailUrl\":\"\",\"datePublished\":\"2015-06-05T22:00:34+00:00\",\"breadcrumb\":{\"@id\":\"https:\\\/\\\/patagoniambiental.com.ar\\\/info\\\/campana-nacional-promociona-los-destinos-de-nieve-de-patagonia\\\/#breadcrumb\"},\"inLanguage\":\"es\",\"potentialAction\":[{\"@type\":\"ReadAction\",\"target\":[\"https:\\\/\\\/patagoniambiental.com.ar\\\/info\\\/campana-nacional-promociona-los-destinos-de-nieve-de-patagonia\\\/\"]}]},{\"@type\":\"ImageObject\",\"inLanguage\":\"es\",\"@id\":\"https:\\\/\\\/patagoniambiental.com.ar\\\/info\\\/campana-nacional-promociona-los-destinos-de-nieve-de-patagonia\\\/#primaryimage\",\"url\":\"\",\"contentUrl\":\"\"},{\"@type\":\"BreadcrumbList\",\"@id\":\"https:\\\/\\\/patagoniambiental.com.ar\\\/info\\\/campana-nacional-promociona-los-destinos-de-nieve-de-patagonia\\\/#breadcrumb\",\"itemListElement\":[{\"@type\":\"ListItem\",\"position\":1,\"name\":\"Inicio\",\"item\":\"https:\\\/\\\/patagoniambiental.com.ar\\\/info\\\/\"},{\"@type\":\"ListItem\",\"position\":2,\"name\":\"Campa\u00f1a Nacional promociona los Destinos de Nieve de Patagonia\"}]},{\"@type\":\"WebSite\",\"@id\":\"https:\\\/\\\/patagoniambiental.com.ar\\\/info\\\/#website\",\"url\":\"https:\\\/\\\/patagoniambiental.com.ar\\\/info\\\/\",\"name\":\"Patagonia Ambiental\",\"description\":\"Monitoreo y an\u00e1lisis de la situaci\u00f3n geopol\u00edtica en el mundo y su implicancia en la Patagonia\",\"publisher\":{\"@id\":\"https:\\\/\\\/patagoniambiental.com.ar\\\/info\\\/#organization\"},\"potentialAction\":[{\"@type\":\"SearchAction\",\"target\":{\"@type\":\"EntryPoint\",\"urlTemplate\":\"https:\\\/\\\/patagoniambiental.com.ar\\\/info\\\/?s={search_term_string}\"},\"query-input\":{\"@type\":\"PropertyValueSpecification\",\"valueRequired\":true,\"valueName\":\"search_term_string\"}}],\"inLanguage\":\"es\"},{\"@type\":\"Organization\",\"@id\":\"https:\\\/\\\/patagoniambiental.com.ar\\\/info\\\/#organization\",\"name\":\"Patagonia Ambiental\",\"url\":\"https:\\\/\\\/patagoniambiental.com.ar\\\/info\\\/\",\"logo\":{\"@type\":\"ImageObject\",\"inLanguage\":\"es\",\"@id\":\"https:\\\/\\\/patagoniambiental.com.ar\\\/info\\\/#\\\/schema\\\/logo\\\/image\\\/\",\"url\":\"https:\\\/\\\/patagoniambiental.com.ar\\\/info\\\/wp-content\\\/uploads\\\/2025\\\/05\\\/LOGO-PATAGONIA-AMBIENTAL.png\",\"contentUrl\":\"https:\\\/\\\/patagoniambiental.com.ar\\\/info\\\/wp-content\\\/uploads\\\/2025\\\/05\\\/LOGO-PATAGONIA-AMBIENTAL.png\",\"width\":433,\"height\":250,\"caption\":\"Patagonia Ambiental\"},\"image\":{\"@id\":\"https:\\\/\\\/patagoniambiental.com.ar\\\/info\\\/#\\\/schema\\\/logo\\\/image\\\/\"},\"sameAs\":[\"https:\\\/\\\/www.facebook.com\\\/patagonia.ambiental\",\"https:\\\/\\\/x.com\\\/PatAmb\"]},{\"@type\":\"Person\",\"@id\":\"https:\\\/\\\/patagoniambiental.com.ar\\\/info\\\/#\\\/schema\\\/person\\\/db12bff64bbcbf6a253710bf0ea37b5d\",\"name\":\"Patagonia Ambiental\",\"description\":\"Andr\u00e9s Nievas T\u00e9cnico en manejo ambiental, consultor Ambiental y escritor para medios locales e internacionales sobre temas de geopolitica y medio ambiente.\",\"sameAs\":[\"http:\\\/\\\/www.patagoniambiental.com.ar\",\"https:\\\/\\\/www.facebook.com\\\/share\\\/1C1V8Gv9BX\\\/?mibextid=qi2Omg\",\"@patagoniambiental\",\"https:\\\/\\\/youtube.com\\\/@patagoniaambiental2023?si=BLt58t0wuXquxlYZ\"]}]}<\/script>\n<!-- \/ Yoast SEO Premium plugin. -->","yoast_head_json":{"title":"Campa\u00f1a Nacional promociona los Destinos de Nieve de Patagonia","robots":{"index":"index","follow":"follow","max-snippet":"max-snippet:-1","max-image-preview":"max-image-preview:large","max-video-preview":"max-video-preview:-1"},"canonical":"https:\/\/patagoniambiental.com.ar\/info\/campana-nacional-promociona-los-destinos-de-nieve-de-patagonia\/","og_locale":"es_ES","og_type":"article","og_title":"Campa\u00f1a Nacional promociona los Destinos de Nieve de Patagonia","og_description":"Viedma.-El Ministerio de Turismo de la Naci\u00f3n puso en marcha una fuerte campa\u00f1a de promoci\u00f3n que busca motivar a los [&hellip;]","og_url":"https:\/\/patagoniambiental.com.ar\/info\/campana-nacional-promociona-los-destinos-de-nieve-de-patagonia\/","og_site_name":"Patagonia Ambiental","article_publisher":"https:\/\/www.facebook.com\/patagonia.ambiental","article_author":"https:\/\/www.facebook.com\/share\/1C1V8Gv9BX\/?mibextid=qi2Omg","article_published_time":"2015-06-05T22:00:34+00:00","author":"Patagonia Ambiental","twitter_card":"summary_large_image","twitter_creator":"@PatAmb","twitter_site":"@PatAmb","schema":{"@context":"https:\/\/schema.org","@graph":[{"@type":"Article","@id":"https:\/\/patagoniambiental.com.ar\/info\/campana-nacional-promociona-los-destinos-de-nieve-de-patagonia\/#article","isPartOf":{"@id":"https:\/\/patagoniambiental.com.ar\/info\/campana-nacional-promociona-los-destinos-de-nieve-de-patagonia\/"},"author":{"name":"Patagonia Ambiental","@id":"https:\/\/patagoniambiental.com.ar\/info\/#\/schema\/person\/db12bff64bbcbf6a253710bf0ea37b5d"},"headline":"Campa\u00f1a Nacional promociona los Destinos de Nieve de Patagonia","datePublished":"2015-06-05T22:00:34+00:00","mainEntityOfPage":{"@id":"https:\/\/patagoniambiental.com.ar\/info\/campana-nacional-promociona-los-destinos-de-nieve-de-patagonia\/"},"wordCount":336,"publisher":{"@id":"https:\/\/patagoniambiental.com.ar\/info\/#organization"},"image":{"@id":"https:\/\/patagoniambiental.com.ar\/info\/campana-nacional-promociona-los-destinos-de-nieve-de-patagonia\/#primaryimage"},"thumbnailUrl":"","keywords":["Patagonia","Turismo"],"articleSection":["Noticias","Provinciales","R\u00edo Negro"],"inLanguage":"es"},{"@type":"WebPage","@id":"https:\/\/patagoniambiental.com.ar\/info\/campana-nacional-promociona-los-destinos-de-nieve-de-patagonia\/","url":"https:\/\/patagoniambiental.com.ar\/info\/campana-nacional-promociona-los-destinos-de-nieve-de-patagonia\/","name":"Campa\u00f1a Nacional promociona los Destinos de Nieve de Patagonia","isPartOf":{"@id":"https:\/\/patagoniambiental.com.ar\/info\/#website"},"primaryImageOfPage":{"@id":"https:\/\/patagoniambiental.com.ar\/info\/campana-nacional-promociona-los-destinos-de-nieve-de-patagonia\/#primaryimage"},"image":{"@id":"https:\/\/patagoniambiental.com.ar\/info\/campana-nacional-promociona-los-destinos-de-nieve-de-patagonia\/#primaryimage"},"thumbnailUrl":"","datePublished":"2015-06-05T22:00:34+00:00","breadcrumb":{"@id":"https:\/\/patagoniambiental.com.ar\/info\/campana-nacional-promociona-los-destinos-de-nieve-de-patagonia\/#breadcrumb"},"inLanguage":"es","potentialAction":[{"@type":"ReadAction","target":["https:\/\/patagoniambiental.com.ar\/info\/campana-nacional-promociona-los-destinos-de-nieve-de-patagonia\/"]}]},{"@type":"ImageObject","inLanguage":"es","@id":"https:\/\/patagoniambiental.com.ar\/info\/campana-nacional-promociona-los-destinos-de-nieve-de-patagonia\/#primaryimage","url":"","contentUrl":""},{"@type":"BreadcrumbList","@id":"https:\/\/patagoniambiental.com.ar\/info\/campana-nacional-promociona-los-destinos-de-nieve-de-patagonia\/#breadcrumb","itemListElement":[{"@type":"ListItem","position":1,"name":"Inicio","item":"https:\/\/patagoniambiental.com.ar\/info\/"},{"@type":"ListItem","position":2,"name":"Campa\u00f1a Nacional promociona los Destinos de Nieve de Patagonia"}]},{"@type":"WebSite","@id":"https:\/\/patagoniambiental.com.ar\/info\/#website","url":"https:\/\/patagoniambiental.com.ar\/info\/","name":"Patagonia Ambiental","description":"Monitoreo y an\u00e1lisis de la situaci\u00f3n geopol\u00edtica en el mundo y su implicancia en la Patagonia","publisher":{"@id":"https:\/\/patagoniambiental.com.ar\/info\/#organization"},"potentialAction":[{"@type":"SearchAction","target":{"@type":"EntryPoint","urlTemplate":"https:\/\/patagoniambiental.com.ar\/info\/?s={search_term_string}"},"query-input":{"@type":"PropertyValueSpecification","valueRequired":true,"valueName":"search_term_string"}}],"inLanguage":"es"},{"@type":"Organization","@id":"https:\/\/patagoniambiental.com.ar\/info\/#organization","name":"Patagonia Ambiental","url":"https:\/\/patagoniambiental.com.ar\/info\/","logo":{"@type":"ImageObject","inLanguage":"es","@id":"https:\/\/patagoniambiental.com.ar\/info\/#\/schema\/logo\/image\/","url":"https:\/\/patagoniambiental.com.ar\/info\/wp-content\/uploads\/2025\/05\/LOGO-PATAGONIA-AMBIENTAL.png","contentUrl":"https:\/\/patagoniambiental.com.ar\/info\/wp-content\/uploads\/2025\/05\/LOGO-PATAGONIA-AMBIENTAL.png","width":433,"height":250,"caption":"Patagonia Ambiental"},"image":{"@id":"https:\/\/patagoniambiental.com.ar\/info\/#\/schema\/logo\/image\/"},"sameAs":["https:\/\/www.facebook.com\/patagonia.ambiental","https:\/\/x.com\/PatAmb"]},{"@type":"Person","@id":"https:\/\/patagoniambiental.com.ar\/info\/#\/schema\/person\/db12bff64bbcbf6a253710bf0ea37b5d","name":"Patagonia Ambiental","description":"Andr\u00e9s Nievas T\u00e9cnico en manejo ambiental, consultor Ambiental y escritor para medios locales e internacionales sobre temas de geopolitica y medio ambiente.","sameAs":["http:\/\/www.patagoniambiental.com.ar","https:\/\/www.facebook.com\/share\/1C1V8Gv9BX\/?mibextid=qi2Omg","@patagoniambiental","https:\/\/youtube.com\/@patagoniaambiental2023?si=BLt58t0wuXquxlYZ"]}]}},"_links":{"self":[{"href":"https:\/\/patagoniambiental.com.ar\/info\/wp-json\/wp\/v2\/posts\/11845","targetHints":{"allow":["GET"]}}],"collection":[{"href":"https:\/\/patagoniambiental.com.ar\/info\/wp-json\/wp\/v2\/posts"}],"about":[{"href":"https:\/\/patagoniambiental.com.ar\/info\/wp-json\/wp\/v2\/types\/post"}],"author":[{"embeddable":true,"href":"https:\/\/patagoniambiental.com.ar\/info\/wp-json\/wp\/v2\/users\/2"}],"replies":[{"embeddable":true,"href":"https:\/\/patagoniambiental.com.ar\/info\/wp-json\/wp\/v2\/comments?post=11845"}],"version-history":[{"count":0,"href":"https:\/\/patagoniambiental.com.ar\/info\/wp-json\/wp\/v2\/posts\/11845\/revisions"}],"wp:featuredmedia":[{"embeddable":true,"href":"https:\/\/patagoniambiental.com.ar\/info\/wp-json\/"}],"wp:attachment":[{"href":"https:\/\/patagoniambiental.com.ar\/info\/wp-json\/wp\/v2\/media?parent=11845"}],"wp:term":[{"taxonomy":"category","embeddable":true,"href":"https:\/\/patagoniambiental.com.ar\/info\/wp-json\/wp\/v2\/categories?post=11845"},{"taxonomy":"post_tag","embeddable":true,"href":"https:\/\/patagoniambiental.com.ar\/info\/wp-json\/wp\/v2\/tags?post=11845"}],"curies":[{"name":"wp","href":"https:\/\/api.w.org\/{rel}","templated":true}]}}