{"id":11887,"date":"2015-06-06T19:00:15","date_gmt":"2015-06-06T22:00:15","guid":{"rendered":"http:\/\/patagoniambiental.com.ar\/?p=11887"},"modified":"2015-06-06T19:00:15","modified_gmt":"2015-06-06T22:00:15","slug":"convocados-por-ambiente-del-chubut-referentes-municipales-del-girsu-comenzaron-a-delinear-el-plan-provincial-de-gestion-de-residuos","status":"publish","type":"post","link":"https:\/\/patagoniambiental.com.ar\/info\/convocados-por-ambiente-del-chubut-referentes-municipales-del-girsu-comenzaron-a-delinear-el-plan-provincial-de-gestion-de-residuos\/","title":{"rendered":"Convocados por Ambiente del Chubut referentes municipales del GIRSU comenzaron a delinear el Plan Provincial de Gesti\u00f3n de Residuos"},"content":{"rendered":"<p>Chubut.-La actividad forma parte de una serie de acciones organizadas por el Ministerio de Ambiente y Control del Desarrollo Sustentable, en el marco de la celebraci\u00f3n del D\u00eda Mundial del Ambiente.<!--more--><br \/>\nCon la participaci\u00f3n de referentes ambientales de las localidades de la provincia con Sistema de Gesti\u00f3n Integral de Residuos S\u00f3lidos Urbanos se realiz\u00f3 el \u00faltimo mi\u00e9rcoles en Rawson el taller \u201cLa gesti\u00f3n de residuos en Chubut: Avances y Desaf\u00edos\u201d.<br \/>\nLa actividad forma parte de una serie de acciones organizadas por el Ministerio de Ambiente y Control del Desarrollo Sustentable, en el marco de la celebraci\u00f3n del D\u00eda Mundial del Ambiente.<br \/>\nLa reuni\u00f3n fue presidida por el subsecretario de Gesti\u00f3n Ambiental y Desarrollo Sustentable, Ariel Gamboa, quien destac\u00f3 el encuentro sirvi\u00f3 \u201cpara intercambiar experiencias y comenzar a delinear el Plan Provincial de Gesti\u00f3n de Residuos que queremos y necesitamos con visi\u00f3n hacia el futuro para los 15 o 20 pr\u00f3ximos a\u00f1os\u201d.<br \/>\n\u201cEl encuentro fue muy positivo y enriquecedor para todos, pudimos abordar las diferentes problem\u00e1ticas que afectan a cada uno de los Municipios de acuerdo a su tama\u00f1o, como las relacionadas a lo econ\u00f3mico, al equipamiento y al sostenimiento de la gesti\u00f3n a trav\u00e9s de las tasas, una de las facultades de los Municipios\u201d, agreg\u00f3 Gamboa.<br \/>\nEl funcionario asegur\u00f3 que \u201ctodos los participantes destacamos la importancia de la educaci\u00f3n ambiental, para que la gente se apropie de las estrategias del GIRSU y acompa\u00f1e con la separaci\u00f3n en origen\u201d.<br \/>\nFinalmente el subsecretario de Gesti\u00f3n Ambiental opin\u00f3 que si se logra que \u201cla Planta de Tratamiento de Comodoro Rivadavia y Rada Tilly comience a funcionar, el 80% de la provincia tendr\u00e1 alg\u00fan tipo de gesti\u00f3n de residuos, lo cual es muy buen dato en relaci\u00f3n al futuro\u201d.<br \/>\nFuente: Cholila Online<\/p>\n<p>&nbsp;<\/p>\n","protected":false},"excerpt":{"rendered":"<p>Chubut.-La actividad forma parte de una serie de acciones organizadas por el Ministerio de Ambiente y Control del Desarrollo Sustentable, [&hellip;]<\/p>\n","protected":false},"author":2,"featured_media":11889,"comment_status":"closed","ping_status":"closed","sticky":false,"template":"","format":"standard","meta":{"site-sidebar-layout":"default","site-content-layout":"","ast-site-content-layout":"default","site-content-style":"default","site-sidebar-style":"default","ast-global-header-display":"","ast-banner-title-visibility":"","ast-main-header-display":"","ast-hfb-above-header-display":"","ast-hfb-below-header-display":"","ast-hfb-mobile-header-display":"","site-post-title":"","ast-breadcrumbs-content":"","ast-featured-img":"","footer-sml-layout":"","ast-disable-related-posts":"","theme-transparent-header-meta":"","adv-header-id-meta":"","stick-header-meta":"","header-above-stick-meta":"","header-main-stick-meta":"","header-below-stick-meta":"","astra-migrate-meta-layouts":"default","ast-page-background-enabled":"default","ast-page-background-meta":{"desktop":{"background-color":"var(--ast-global-color-5)","background-image":"","background-repeat":"repeat","background-position":"center center","background-size":"auto","background-attachment":"scroll","background-type":"","background-media":"","overlay-type":"","overlay-color":"","overlay-opacity":"","overlay-gradient":""},"tablet":{"background-color":"","background-image":"","background-repeat":"repeat","background-position":"center center","background-size":"auto","background-attachment":"scroll","background-type":"","background-media":"","overlay-type":"","overlay-color":"","overlay-opacity":"","overlay-gradient":""},"mobile":{"background-color":"","background-image":"","background-repeat":"repeat","background-position":"center center","background-size":"auto","background-attachment":"scroll","background-type":"","background-media":"","overlay-type":"","overlay-color":"","overlay-opacity":"","overlay-gradient":""}},"ast-content-background-meta":{"desktop":{"background-color":"var(--ast-global-color-4)","background-image":"","background-repeat":"repeat","background-position":"center center","background-size":"auto","background-attachment":"scroll","background-type":"","background-media":"","overlay-type":"","overlay-color":"","overlay-opacity":"","overlay-gradient":""},"tablet":{"background-color":"var(--ast-global-color-4)","background-image":"","background-repeat":"repeat","background-position":"center center","background-size":"auto","background-attachment":"scroll","background-type":"","background-media":"","overlay-type":"","overlay-color":"","overlay-opacity":"","overlay-gradient":""},"mobile":{"background-color":"var(--ast-global-color-4)","background-image":"","background-repeat":"repeat","background-position":"center center","background-size":"auto","background-attachment":"scroll","background-type":"","background-media":"","overlay-type":"","overlay-color":"","overlay-opacity":"","overlay-gradient":""}},"footnotes":""},"categories":[26,1,13],"tags":[65,284],"class_list":["post-11887","post","type-post","status-publish","format-standard","has-post-thumbnail","hentry","category-chubut","category-noticias","category-provinciales","tag-ambiente","tag-girsu"],"yoast_head":"<!-- This site is optimized with the Yoast SEO Premium plugin v23.0 (Yoast SEO v27.5) - https:\/\/yoast.com\/product\/yoast-seo-premium-wordpress\/ -->\n<title>Convocados por Ambiente del Chubut referentes municipales del GIRSU comenzaron a delinear el Plan Provincial de Gesti\u00f3n de Residuos<\/title>\n<meta name=\"robots\" content=\"index, follow, max-snippet:-1, max-image-preview:large, max-video-preview:-1\" \/>\n<link rel=\"canonical\" href=\"https:\/\/patagoniambiental.com.ar\/info\/convocados-por-ambiente-del-chubut-referentes-municipales-del-girsu-comenzaron-a-delinear-el-plan-provincial-de-gestion-de-residuos\/\" \/>\n<meta property=\"og:locale\" content=\"es_ES\" \/>\n<meta property=\"og:type\" content=\"article\" \/>\n<meta property=\"og:title\" content=\"Convocados por Ambiente del Chubut referentes municipales del GIRSU comenzaron a delinear el Plan Provincial de Gesti\u00f3n de Residuos\" \/>\n<meta property=\"og:description\" content=\"Chubut.-La actividad forma parte de una serie de acciones organizadas por el Ministerio de Ambiente y Control del Desarrollo Sustentable, [&hellip;]\" \/>\n<meta property=\"og:url\" content=\"https:\/\/patagoniambiental.com.ar\/info\/convocados-por-ambiente-del-chubut-referentes-municipales-del-girsu-comenzaron-a-delinear-el-plan-provincial-de-gestion-de-residuos\/\" \/>\n<meta property=\"og:site_name\" content=\"Patagonia Ambiental\" \/>\n<meta property=\"article:publisher\" content=\"https:\/\/www.facebook.com\/patagonia.ambiental\" \/>\n<meta property=\"article:author\" content=\"https:\/\/www.facebook.com\/share\/1C1V8Gv9BX\/?mibextid=qi2Omg\" \/>\n<meta property=\"article:published_time\" content=\"2015-06-06T22:00:15+00:00\" \/>\n<meta name=\"author\" content=\"Patagonia Ambiental\" \/>\n<meta name=\"twitter:card\" content=\"summary_large_image\" \/>\n<meta name=\"twitter:creator\" content=\"@PatAmb\" \/>\n<meta name=\"twitter:site\" content=\"@PatAmb\" \/>\n<script type=\"application\/ld+json\" class=\"yoast-schema-graph\">{\"@context\":\"https:\\\/\\\/schema.org\",\"@graph\":[{\"@type\":\"Article\",\"@id\":\"https:\\\/\\\/patagoniambiental.com.ar\\\/info\\\/convocados-por-ambiente-del-chubut-referentes-municipales-del-girsu-comenzaron-a-delinear-el-plan-provincial-de-gestion-de-residuos\\\/#article\",\"isPartOf\":{\"@id\":\"https:\\\/\\\/patagoniambiental.com.ar\\\/info\\\/convocados-por-ambiente-del-chubut-referentes-municipales-del-girsu-comenzaron-a-delinear-el-plan-provincial-de-gestion-de-residuos\\\/\"},\"author\":{\"name\":\"Patagonia Ambiental\",\"@id\":\"https:\\\/\\\/patagoniambiental.com.ar\\\/info\\\/#\\\/schema\\\/person\\\/db12bff64bbcbf6a253710bf0ea37b5d\"},\"headline\":\"Convocados por Ambiente del Chubut referentes municipales del GIRSU comenzaron a delinear el Plan Provincial de Gesti\u00f3n de Residuos\",\"datePublished\":\"2015-06-06T22:00:15+00:00\",\"mainEntityOfPage\":{\"@id\":\"https:\\\/\\\/patagoniambiental.com.ar\\\/info\\\/convocados-por-ambiente-del-chubut-referentes-municipales-del-girsu-comenzaron-a-delinear-el-plan-provincial-de-gestion-de-residuos\\\/\"},\"wordCount\":335,\"publisher\":{\"@id\":\"https:\\\/\\\/patagoniambiental.com.ar\\\/info\\\/#organization\"},\"image\":{\"@id\":\"https:\\\/\\\/patagoniambiental.com.ar\\\/info\\\/convocados-por-ambiente-del-chubut-referentes-municipales-del-girsu-comenzaron-a-delinear-el-plan-provincial-de-gestion-de-residuos\\\/#primaryimage\"},\"thumbnailUrl\":\"\",\"keywords\":[\"ambiente\",\"GIRSU\"],\"articleSection\":[\"Chubut\",\"Noticias\",\"Provinciales\"],\"inLanguage\":\"es\"},{\"@type\":\"WebPage\",\"@id\":\"https:\\\/\\\/patagoniambiental.com.ar\\\/info\\\/convocados-por-ambiente-del-chubut-referentes-municipales-del-girsu-comenzaron-a-delinear-el-plan-provincial-de-gestion-de-residuos\\\/\",\"url\":\"https:\\\/\\\/patagoniambiental.com.ar\\\/info\\\/convocados-por-ambiente-del-chubut-referentes-municipales-del-girsu-comenzaron-a-delinear-el-plan-provincial-de-gestion-de-residuos\\\/\",\"name\":\"Convocados por Ambiente del Chubut referentes municipales del GIRSU comenzaron a delinear el Plan Provincial de Gesti\u00f3n de Residuos\",\"isPartOf\":{\"@id\":\"https:\\\/\\\/patagoniambiental.com.ar\\\/info\\\/#website\"},\"primaryImageOfPage\":{\"@id\":\"https:\\\/\\\/patagoniambiental.com.ar\\\/info\\\/convocados-por-ambiente-del-chubut-referentes-municipales-del-girsu-comenzaron-a-delinear-el-plan-provincial-de-gestion-de-residuos\\\/#primaryimage\"},\"image\":{\"@id\":\"https:\\\/\\\/patagoniambiental.com.ar\\\/info\\\/convocados-por-ambiente-del-chubut-referentes-municipales-del-girsu-comenzaron-a-delinear-el-plan-provincial-de-gestion-de-residuos\\\/#primaryimage\"},\"thumbnailUrl\":\"\",\"datePublished\":\"2015-06-06T22:00:15+00:00\",\"breadcrumb\":{\"@id\":\"https:\\\/\\\/patagoniambiental.com.ar\\\/info\\\/convocados-por-ambiente-del-chubut-referentes-municipales-del-girsu-comenzaron-a-delinear-el-plan-provincial-de-gestion-de-residuos\\\/#breadcrumb\"},\"inLanguage\":\"es\",\"potentialAction\":[{\"@type\":\"ReadAction\",\"target\":[\"https:\\\/\\\/patagoniambiental.com.ar\\\/info\\\/convocados-por-ambiente-del-chubut-referentes-municipales-del-girsu-comenzaron-a-delinear-el-plan-provincial-de-gestion-de-residuos\\\/\"]}]},{\"@type\":\"ImageObject\",\"inLanguage\":\"es\",\"@id\":\"https:\\\/\\\/patagoniambiental.com.ar\\\/info\\\/convocados-por-ambiente-del-chubut-referentes-municipales-del-girsu-comenzaron-a-delinear-el-plan-provincial-de-gestion-de-residuos\\\/#primaryimage\",\"url\":\"\",\"contentUrl\":\"\"},{\"@type\":\"BreadcrumbList\",\"@id\":\"https:\\\/\\\/patagoniambiental.com.ar\\\/info\\\/convocados-por-ambiente-del-chubut-referentes-municipales-del-girsu-comenzaron-a-delinear-el-plan-provincial-de-gestion-de-residuos\\\/#breadcrumb\",\"itemListElement\":[{\"@type\":\"ListItem\",\"position\":1,\"name\":\"Inicio\",\"item\":\"https:\\\/\\\/patagoniambiental.com.ar\\\/info\\\/\"},{\"@type\":\"ListItem\",\"position\":2,\"name\":\"Convocados por Ambiente del Chubut referentes municipales del GIRSU comenzaron a delinear el Plan Provincial de Gesti\u00f3n de Residuos\"}]},{\"@type\":\"WebSite\",\"@id\":\"https:\\\/\\\/patagoniambiental.com.ar\\\/info\\\/#website\",\"url\":\"https:\\\/\\\/patagoniambiental.com.ar\\\/info\\\/\",\"name\":\"Patagonia Ambiental\",\"description\":\"Monitoreo y an\u00e1lisis de la situaci\u00f3n geopol\u00edtica en el mundo y su implicancia en la Patagonia\",\"publisher\":{\"@id\":\"https:\\\/\\\/patagoniambiental.com.ar\\\/info\\\/#organization\"},\"potentialAction\":[{\"@type\":\"SearchAction\",\"target\":{\"@type\":\"EntryPoint\",\"urlTemplate\":\"https:\\\/\\\/patagoniambiental.com.ar\\\/info\\\/?s={search_term_string}\"},\"query-input\":{\"@type\":\"PropertyValueSpecification\",\"valueRequired\":true,\"valueName\":\"search_term_string\"}}],\"inLanguage\":\"es\"},{\"@type\":\"Organization\",\"@id\":\"https:\\\/\\\/patagoniambiental.com.ar\\\/info\\\/#organization\",\"name\":\"Patagonia Ambiental\",\"url\":\"https:\\\/\\\/patagoniambiental.com.ar\\\/info\\\/\",\"logo\":{\"@type\":\"ImageObject\",\"inLanguage\":\"es\",\"@id\":\"https:\\\/\\\/patagoniambiental.com.ar\\\/info\\\/#\\\/schema\\\/logo\\\/image\\\/\",\"url\":\"https:\\\/\\\/patagoniambiental.com.ar\\\/info\\\/wp-content\\\/uploads\\\/2025\\\/05\\\/LOGO-PATAGONIA-AMBIENTAL.png\",\"contentUrl\":\"https:\\\/\\\/patagoniambiental.com.ar\\\/info\\\/wp-content\\\/uploads\\\/2025\\\/05\\\/LOGO-PATAGONIA-AMBIENTAL.png\",\"width\":433,\"height\":250,\"caption\":\"Patagonia Ambiental\"},\"image\":{\"@id\":\"https:\\\/\\\/patagoniambiental.com.ar\\\/info\\\/#\\\/schema\\\/logo\\\/image\\\/\"},\"sameAs\":[\"https:\\\/\\\/www.facebook.com\\\/patagonia.ambiental\",\"https:\\\/\\\/x.com\\\/PatAmb\"]},{\"@type\":\"Person\",\"@id\":\"https:\\\/\\\/patagoniambiental.com.ar\\\/info\\\/#\\\/schema\\\/person\\\/db12bff64bbcbf6a253710bf0ea37b5d\",\"name\":\"Patagonia Ambiental\",\"description\":\"Andr\u00e9s Nievas T\u00e9cnico en manejo ambiental, consultor Ambiental y escritor para medios locales e internacionales sobre temas de geopolitica y medio ambiente.\",\"sameAs\":[\"http:\\\/\\\/www.patagoniambiental.com.ar\",\"https:\\\/\\\/www.facebook.com\\\/share\\\/1C1V8Gv9BX\\\/?mibextid=qi2Omg\",\"@patagoniambiental\",\"https:\\\/\\\/youtube.com\\\/@patagoniaambiental2023?si=BLt58t0wuXquxlYZ\"]}]}<\/script>\n<!-- \/ Yoast SEO Premium plugin. -->","yoast_head_json":{"title":"Convocados por Ambiente del Chubut referentes municipales del GIRSU comenzaron a delinear el Plan Provincial de Gesti\u00f3n de Residuos","robots":{"index":"index","follow":"follow","max-snippet":"max-snippet:-1","max-image-preview":"max-image-preview:large","max-video-preview":"max-video-preview:-1"},"canonical":"https:\/\/patagoniambiental.com.ar\/info\/convocados-por-ambiente-del-chubut-referentes-municipales-del-girsu-comenzaron-a-delinear-el-plan-provincial-de-gestion-de-residuos\/","og_locale":"es_ES","og_type":"article","og_title":"Convocados por Ambiente del Chubut referentes municipales del GIRSU comenzaron a delinear el Plan Provincial de Gesti\u00f3n de Residuos","og_description":"Chubut.-La actividad forma parte de una serie de acciones organizadas por el Ministerio de Ambiente y Control del Desarrollo Sustentable, [&hellip;]","og_url":"https:\/\/patagoniambiental.com.ar\/info\/convocados-por-ambiente-del-chubut-referentes-municipales-del-girsu-comenzaron-a-delinear-el-plan-provincial-de-gestion-de-residuos\/","og_site_name":"Patagonia Ambiental","article_publisher":"https:\/\/www.facebook.com\/patagonia.ambiental","article_author":"https:\/\/www.facebook.com\/share\/1C1V8Gv9BX\/?mibextid=qi2Omg","article_published_time":"2015-06-06T22:00:15+00:00","author":"Patagonia Ambiental","twitter_card":"summary_large_image","twitter_creator":"@PatAmb","twitter_site":"@PatAmb","schema":{"@context":"https:\/\/schema.org","@graph":[{"@type":"Article","@id":"https:\/\/patagoniambiental.com.ar\/info\/convocados-por-ambiente-del-chubut-referentes-municipales-del-girsu-comenzaron-a-delinear-el-plan-provincial-de-gestion-de-residuos\/#article","isPartOf":{"@id":"https:\/\/patagoniambiental.com.ar\/info\/convocados-por-ambiente-del-chubut-referentes-municipales-del-girsu-comenzaron-a-delinear-el-plan-provincial-de-gestion-de-residuos\/"},"author":{"name":"Patagonia Ambiental","@id":"https:\/\/patagoniambiental.com.ar\/info\/#\/schema\/person\/db12bff64bbcbf6a253710bf0ea37b5d"},"headline":"Convocados por Ambiente del Chubut referentes municipales del GIRSU comenzaron a delinear el Plan Provincial de Gesti\u00f3n de Residuos","datePublished":"2015-06-06T22:00:15+00:00","mainEntityOfPage":{"@id":"https:\/\/patagoniambiental.com.ar\/info\/convocados-por-ambiente-del-chubut-referentes-municipales-del-girsu-comenzaron-a-delinear-el-plan-provincial-de-gestion-de-residuos\/"},"wordCount":335,"publisher":{"@id":"https:\/\/patagoniambiental.com.ar\/info\/#organization"},"image":{"@id":"https:\/\/patagoniambiental.com.ar\/info\/convocados-por-ambiente-del-chubut-referentes-municipales-del-girsu-comenzaron-a-delinear-el-plan-provincial-de-gestion-de-residuos\/#primaryimage"},"thumbnailUrl":"","keywords":["ambiente","GIRSU"],"articleSection":["Chubut","Noticias","Provinciales"],"inLanguage":"es"},{"@type":"WebPage","@id":"https:\/\/patagoniambiental.com.ar\/info\/convocados-por-ambiente-del-chubut-referentes-municipales-del-girsu-comenzaron-a-delinear-el-plan-provincial-de-gestion-de-residuos\/","url":"https:\/\/patagoniambiental.com.ar\/info\/convocados-por-ambiente-del-chubut-referentes-municipales-del-girsu-comenzaron-a-delinear-el-plan-provincial-de-gestion-de-residuos\/","name":"Convocados por Ambiente del Chubut referentes municipales del GIRSU comenzaron a delinear el Plan Provincial de Gesti\u00f3n de Residuos","isPartOf":{"@id":"https:\/\/patagoniambiental.com.ar\/info\/#website"},"primaryImageOfPage":{"@id":"https:\/\/patagoniambiental.com.ar\/info\/convocados-por-ambiente-del-chubut-referentes-municipales-del-girsu-comenzaron-a-delinear-el-plan-provincial-de-gestion-de-residuos\/#primaryimage"},"image":{"@id":"https:\/\/patagoniambiental.com.ar\/info\/convocados-por-ambiente-del-chubut-referentes-municipales-del-girsu-comenzaron-a-delinear-el-plan-provincial-de-gestion-de-residuos\/#primaryimage"},"thumbnailUrl":"","datePublished":"2015-06-06T22:00:15+00:00","breadcrumb":{"@id":"https:\/\/patagoniambiental.com.ar\/info\/convocados-por-ambiente-del-chubut-referentes-municipales-del-girsu-comenzaron-a-delinear-el-plan-provincial-de-gestion-de-residuos\/#breadcrumb"},"inLanguage":"es","potentialAction":[{"@type":"ReadAction","target":["https:\/\/patagoniambiental.com.ar\/info\/convocados-por-ambiente-del-chubut-referentes-municipales-del-girsu-comenzaron-a-delinear-el-plan-provincial-de-gestion-de-residuos\/"]}]},{"@type":"ImageObject","inLanguage":"es","@id":"https:\/\/patagoniambiental.com.ar\/info\/convocados-por-ambiente-del-chubut-referentes-municipales-del-girsu-comenzaron-a-delinear-el-plan-provincial-de-gestion-de-residuos\/#primaryimage","url":"","contentUrl":""},{"@type":"BreadcrumbList","@id":"https:\/\/patagoniambiental.com.ar\/info\/convocados-por-ambiente-del-chubut-referentes-municipales-del-girsu-comenzaron-a-delinear-el-plan-provincial-de-gestion-de-residuos\/#breadcrumb","itemListElement":[{"@type":"ListItem","position":1,"name":"Inicio","item":"https:\/\/patagoniambiental.com.ar\/info\/"},{"@type":"ListItem","position":2,"name":"Convocados por Ambiente del Chubut referentes municipales del GIRSU comenzaron a delinear el Plan Provincial de Gesti\u00f3n de Residuos"}]},{"@type":"WebSite","@id":"https:\/\/patagoniambiental.com.ar\/info\/#website","url":"https:\/\/patagoniambiental.com.ar\/info\/","name":"Patagonia Ambiental","description":"Monitoreo y an\u00e1lisis de la situaci\u00f3n geopol\u00edtica en el mundo y su implicancia en la Patagonia","publisher":{"@id":"https:\/\/patagoniambiental.com.ar\/info\/#organization"},"potentialAction":[{"@type":"SearchAction","target":{"@type":"EntryPoint","urlTemplate":"https:\/\/patagoniambiental.com.ar\/info\/?s={search_term_string}"},"query-input":{"@type":"PropertyValueSpecification","valueRequired":true,"valueName":"search_term_string"}}],"inLanguage":"es"},{"@type":"Organization","@id":"https:\/\/patagoniambiental.com.ar\/info\/#organization","name":"Patagonia Ambiental","url":"https:\/\/patagoniambiental.com.ar\/info\/","logo":{"@type":"ImageObject","inLanguage":"es","@id":"https:\/\/patagoniambiental.com.ar\/info\/#\/schema\/logo\/image\/","url":"https:\/\/patagoniambiental.com.ar\/info\/wp-content\/uploads\/2025\/05\/LOGO-PATAGONIA-AMBIENTAL.png","contentUrl":"https:\/\/patagoniambiental.com.ar\/info\/wp-content\/uploads\/2025\/05\/LOGO-PATAGONIA-AMBIENTAL.png","width":433,"height":250,"caption":"Patagonia Ambiental"},"image":{"@id":"https:\/\/patagoniambiental.com.ar\/info\/#\/schema\/logo\/image\/"},"sameAs":["https:\/\/www.facebook.com\/patagonia.ambiental","https:\/\/x.com\/PatAmb"]},{"@type":"Person","@id":"https:\/\/patagoniambiental.com.ar\/info\/#\/schema\/person\/db12bff64bbcbf6a253710bf0ea37b5d","name":"Patagonia Ambiental","description":"Andr\u00e9s Nievas T\u00e9cnico en manejo ambiental, consultor Ambiental y escritor para medios locales e internacionales sobre temas de geopolitica y medio ambiente.","sameAs":["http:\/\/www.patagoniambiental.com.ar","https:\/\/www.facebook.com\/share\/1C1V8Gv9BX\/?mibextid=qi2Omg","@patagoniambiental","https:\/\/youtube.com\/@patagoniaambiental2023?si=BLt58t0wuXquxlYZ"]}]}},"_links":{"self":[{"href":"https:\/\/patagoniambiental.com.ar\/info\/wp-json\/wp\/v2\/posts\/11887","targetHints":{"allow":["GET"]}}],"collection":[{"href":"https:\/\/patagoniambiental.com.ar\/info\/wp-json\/wp\/v2\/posts"}],"about":[{"href":"https:\/\/patagoniambiental.com.ar\/info\/wp-json\/wp\/v2\/types\/post"}],"author":[{"embeddable":true,"href":"https:\/\/patagoniambiental.com.ar\/info\/wp-json\/wp\/v2\/users\/2"}],"replies":[{"embeddable":true,"href":"https:\/\/patagoniambiental.com.ar\/info\/wp-json\/wp\/v2\/comments?post=11887"}],"version-history":[{"count":0,"href":"https:\/\/patagoniambiental.com.ar\/info\/wp-json\/wp\/v2\/posts\/11887\/revisions"}],"wp:featuredmedia":[{"embeddable":true,"href":"https:\/\/patagoniambiental.com.ar\/info\/wp-json\/"}],"wp:attachment":[{"href":"https:\/\/patagoniambiental.com.ar\/info\/wp-json\/wp\/v2\/media?parent=11887"}],"wp:term":[{"taxonomy":"category","embeddable":true,"href":"https:\/\/patagoniambiental.com.ar\/info\/wp-json\/wp\/v2\/categories?post=11887"},{"taxonomy":"post_tag","embeddable":true,"href":"https:\/\/patagoniambiental.com.ar\/info\/wp-json\/wp\/v2\/tags?post=11887"}],"curies":[{"name":"wp","href":"https:\/\/api.w.org\/{rel}","templated":true}]}}