{"id":11948,"date":"2015-06-10T09:00:20","date_gmt":"2015-06-10T12:00:20","guid":{"rendered":"http:\/\/patagoniambiental.com.ar\/?p=11948"},"modified":"2015-06-10T09:00:20","modified_gmt":"2015-06-10T12:00:20","slug":"vinculacion-tecnologica-se-viene-el-primer-encuentro-tecnologico-en-turismo-y-ciencia-impulsado-por-el-cenpat","status":"publish","type":"post","link":"https:\/\/patagoniambiental.com.ar\/info\/vinculacion-tecnologica-se-viene-el-primer-encuentro-tecnologico-en-turismo-y-ciencia-impulsado-por-el-cenpat\/","title":{"rendered":"VINCULACI\u00d3N TECNOL\u00d3GICA: Se viene el primer Encuentro Tecnol\u00f3gico en Turismo y Ciencia impulsado por el CENPAT"},"content":{"rendered":"<p>Chubut.-Se dar\u00e1n a conocer las potencialidades y capacidades del CENPAT para el fomento y desarrollo de actividades que combinan Turismo y Ciencia.<!--more--><\/p>\n<p>&nbsp;<\/p>\n<figure id=\"attachment_11949\" aria-describedby=\"caption-attachment-11949\" style=\"width: 600px\" class=\"wp-caption alignleft\"><a href=\"http:\/\/patagoniambiental.com.ar\/wp-content\/uploads\/2015\/06\/untitled10.png\"><img fetchpriority=\"high\" decoding=\"async\" class=\"wp-image-11949 size-medium\" src=\"http:\/\/patagoniambiental.com.ar\/wp-content\/uploads\/2015\/06\/untitled10-600x400.png\" alt=\"untitled\" width=\"600\" height=\"400\" \/><\/a><figcaption id=\"caption-attachment-11949\" class=\"wp-caption-text\">Turismo y Ciencia, una nueva l\u00ednea de trabajo del CENPAT-CONICET<\/figcaption><\/figure>\n<p>En la ma\u00f1ana del jueves 11 de junio se realizar\u00e1 en las instalaciones del Centro Nacional Patag\u00f3nico (CENPAT-CONICET) un Encuentro Tecnol\u00f3gico en Turismo y Ciencia.<\/p>\n<p>Los ENTEC (Encuentros Tecnol\u00f3gicos) son espacios generados por el Consejo Nacional de Investigaciones Cient\u00edficas y T\u00e9cnicas (CONICET) que propician la interacci\u00f3n y el intercambio entre el sector cient\u00edfico-tecnol\u00f3gico y diferentes sectores productivos de la regi\u00f3n.<\/p>\n<p>Espec\u00edficamente el ENTEC que propicia el CENPAT es un evento destinado a empresas, organizaciones y organismos de gesti\u00f3n p\u00fablicos y privados relacionados al turismo. Se dar\u00e1n a conocer las potencialidades y capacidades del CENPAT y de todo Conicet a trav\u00e9s de la Red de Oficinas de Vinculaci\u00f3n, para el fomento y desarrollo de actividades que combinan Turismo y Ciencia, teniendo en cuenta que la inserci\u00f3n del conocimiento se podr\u00eda traducir en un valor agregado de los productos tur\u00edsticos existentes como as\u00ed tambi\u00e9n en la generaci\u00f3n de nuevos productos que ampl\u00eden la oferta tur\u00edstica de la regi\u00f3n.<\/p>\n<p>Desde la organizaci\u00f3n del evento han manifestado que \u201cel CENPAT, adem\u00e1s de generar valoraciones sist\u00e9micas, planes de manejo, evaluaciones de impacto ambiental y relevamientos entre otras cuestiones, ofrece una diversidad de l\u00edneas de investigaci\u00f3n que se desarrollan en un marco adecuado para el desarrollo del Turismo de Intereses Especiales\u201d.<\/p>\n<p>El encuentro comenzar\u00e1 a las 9 hs. con las presentaciones del Director del CENPAT-CONICET, Dr. Rolando Gonz\u00e1lez-Jos\u00e9, y de la Coordinadora de la Oficina de Vinculaci\u00f3n Tecnol\u00f3gica, Lic. Mar\u00eda Elena Lizurume. Continuar\u00e1 con la presentaci\u00f3n del proyecto institucional \u201cTurismo, Ciencia y Educaci\u00f3n para la inclusi\u00f3n\u201d a cargo del Dr. Diego R. Gonz\u00e1lez Zevallos; y seguir\u00e1 con dos interesantes mesas redondas sobre \u201cTurismo N\u00e1utico, subacu\u00e1tico y Educativo\u201d y \u201cTurismo de Intereses Especiales\u201d.<\/p>\n<p>\u201cLa idea que subyace a estos encuentros tecnol\u00f3gicos es la de generar proyectos y desarrollar espacios estrat\u00e9gicos de articulaci\u00f3n entre los investigadores y los sectores socioproductivos, estatal y ONGs dentro del marco de las pol\u00edticas de CONICET de apertura y vinculaci\u00f3n con la sociedad\u201d explic\u00f3 la Lic. Mar\u00eda Elena Lizurume.Fuente: CONICET<\/p>\n","protected":false},"excerpt":{"rendered":"<p>Chubut.-Se dar\u00e1n a conocer las potencialidades y capacidades del CENPAT para el fomento y desarrollo de actividades que combinan Turismo [&hellip;]<\/p>\n","protected":false},"author":2,"featured_media":11949,"comment_status":"closed","ping_status":"closed","sticky":false,"template":"","format":"standard","meta":{"site-sidebar-layout":"default","site-content-layout":"","ast-site-content-layout":"default","site-content-style":"default","site-sidebar-style":"default","ast-global-header-display":"","ast-banner-title-visibility":"","ast-main-header-display":"","ast-hfb-above-header-display":"","ast-hfb-below-header-display":"","ast-hfb-mobile-header-display":"","site-post-title":"","ast-breadcrumbs-content":"","ast-featured-img":"","footer-sml-layout":"","ast-disable-related-posts":"","theme-transparent-header-meta":"","adv-header-id-meta":"","stick-header-meta":"","header-above-stick-meta":"","header-main-stick-meta":"","header-below-stick-meta":"","astra-migrate-meta-layouts":"default","ast-page-background-enabled":"default","ast-page-background-meta":{"desktop":{"background-color":"var(--ast-global-color-5)","background-image":"","background-repeat":"repeat","background-position":"center center","background-size":"auto","background-attachment":"scroll","background-type":"","background-media":"","overlay-type":"","overlay-color":"","overlay-opacity":"","overlay-gradient":""},"tablet":{"background-color":"","background-image":"","background-repeat":"repeat","background-position":"center center","background-size":"auto","background-attachment":"scroll","background-type":"","background-media":"","overlay-type":"","overlay-color":"","overlay-opacity":"","overlay-gradient":""},"mobile":{"background-color":"","background-image":"","background-repeat":"repeat","background-position":"center center","background-size":"auto","background-attachment":"scroll","background-type":"","background-media":"","overlay-type":"","overlay-color":"","overlay-opacity":"","overlay-gradient":""}},"ast-content-background-meta":{"desktop":{"background-color":"var(--ast-global-color-4)","background-image":"","background-repeat":"repeat","background-position":"center center","background-size":"auto","background-attachment":"scroll","background-type":"","background-media":"","overlay-type":"","overlay-color":"","overlay-opacity":"","overlay-gradient":""},"tablet":{"background-color":"var(--ast-global-color-4)","background-image":"","background-repeat":"repeat","background-position":"center center","background-size":"auto","background-attachment":"scroll","background-type":"","background-media":"","overlay-type":"","overlay-color":"","overlay-opacity":"","overlay-gradient":""},"mobile":{"background-color":"var(--ast-global-color-4)","background-image":"","background-repeat":"repeat","background-position":"center center","background-size":"auto","background-attachment":"scroll","background-type":"","background-media":"","overlay-type":"","overlay-color":"","overlay-opacity":"","overlay-gradient":""}},"footnotes":""},"categories":[12,1],"tags":[369,257,160,5],"class_list":["post-11948","post","type-post","status-publish","format-standard","has-post-thumbnail","hentry","category-agenda-ambiental","category-noticias","tag-cenpat","tag-ciencia","tag-conicet","tag-turismo"],"yoast_head":"<!-- This site is optimized with the Yoast SEO Premium plugin v23.0 (Yoast SEO v27.4) - https:\/\/yoast.com\/product\/yoast-seo-premium-wordpress\/ -->\n<title>VINCULACI\u00d3N TECNOL\u00d3GICA: Se viene el primer Encuentro Tecnol\u00f3gico en Turismo y Ciencia impulsado por el CENPAT<\/title>\n<meta name=\"robots\" content=\"index, follow, max-snippet:-1, max-image-preview:large, max-video-preview:-1\" \/>\n<link rel=\"canonical\" href=\"https:\/\/patagoniambiental.com.ar\/info\/vinculacion-tecnologica-se-viene-el-primer-encuentro-tecnologico-en-turismo-y-ciencia-impulsado-por-el-cenpat\/\" \/>\n<meta property=\"og:locale\" content=\"es_ES\" \/>\n<meta property=\"og:type\" content=\"article\" \/>\n<meta property=\"og:title\" content=\"VINCULACI\u00d3N TECNOL\u00d3GICA: Se viene el primer Encuentro Tecnol\u00f3gico en Turismo y Ciencia impulsado por el CENPAT\" \/>\n<meta property=\"og:description\" content=\"Chubut.-Se dar\u00e1n a conocer las potencialidades y capacidades del CENPAT para el fomento y desarrollo de actividades que combinan Turismo [&hellip;]\" \/>\n<meta property=\"og:url\" content=\"https:\/\/patagoniambiental.com.ar\/info\/vinculacion-tecnologica-se-viene-el-primer-encuentro-tecnologico-en-turismo-y-ciencia-impulsado-por-el-cenpat\/\" \/>\n<meta property=\"og:site_name\" content=\"Patagonia Ambiental\" \/>\n<meta property=\"article:publisher\" content=\"https:\/\/www.facebook.com\/patagonia.ambiental\" \/>\n<meta property=\"article:author\" content=\"https:\/\/www.facebook.com\/share\/1C1V8Gv9BX\/?mibextid=qi2Omg\" \/>\n<meta property=\"article:published_time\" content=\"2015-06-10T12:00:20+00:00\" \/>\n<meta name=\"author\" content=\"Patagonia Ambiental\" \/>\n<meta name=\"twitter:card\" content=\"summary_large_image\" \/>\n<meta name=\"twitter:creator\" content=\"@PatAmb\" \/>\n<meta name=\"twitter:site\" content=\"@PatAmb\" \/>\n<script type=\"application\/ld+json\" class=\"yoast-schema-graph\">{\"@context\":\"https:\\\/\\\/schema.org\",\"@graph\":[{\"@type\":\"Article\",\"@id\":\"https:\\\/\\\/patagoniambiental.com.ar\\\/info\\\/vinculacion-tecnologica-se-viene-el-primer-encuentro-tecnologico-en-turismo-y-ciencia-impulsado-por-el-cenpat\\\/#article\",\"isPartOf\":{\"@id\":\"https:\\\/\\\/patagoniambiental.com.ar\\\/info\\\/vinculacion-tecnologica-se-viene-el-primer-encuentro-tecnologico-en-turismo-y-ciencia-impulsado-por-el-cenpat\\\/\"},\"author\":{\"name\":\"Patagonia Ambiental\",\"@id\":\"https:\\\/\\\/patagoniambiental.com.ar\\\/info\\\/#\\\/schema\\\/person\\\/db12bff64bbcbf6a253710bf0ea37b5d\"},\"headline\":\"VINCULACI\u00d3N TECNOL\u00d3GICA: Se viene el primer Encuentro Tecnol\u00f3gico en Turismo y Ciencia impulsado por el CENPAT\",\"datePublished\":\"2015-06-10T12:00:20+00:00\",\"mainEntityOfPage\":{\"@id\":\"https:\\\/\\\/patagoniambiental.com.ar\\\/info\\\/vinculacion-tecnologica-se-viene-el-primer-encuentro-tecnologico-en-turismo-y-ciencia-impulsado-por-el-cenpat\\\/\"},\"wordCount\":433,\"publisher\":{\"@id\":\"https:\\\/\\\/patagoniambiental.com.ar\\\/info\\\/#organization\"},\"image\":{\"@id\":\"https:\\\/\\\/patagoniambiental.com.ar\\\/info\\\/vinculacion-tecnologica-se-viene-el-primer-encuentro-tecnologico-en-turismo-y-ciencia-impulsado-por-el-cenpat\\\/#primaryimage\"},\"thumbnailUrl\":\"\",\"keywords\":[\"CENPAT\",\"ciencia\",\"CONICET\",\"Turismo\"],\"articleSection\":[\"Agenda Ambiental\",\"Noticias\"],\"inLanguage\":\"es\"},{\"@type\":\"WebPage\",\"@id\":\"https:\\\/\\\/patagoniambiental.com.ar\\\/info\\\/vinculacion-tecnologica-se-viene-el-primer-encuentro-tecnologico-en-turismo-y-ciencia-impulsado-por-el-cenpat\\\/\",\"url\":\"https:\\\/\\\/patagoniambiental.com.ar\\\/info\\\/vinculacion-tecnologica-se-viene-el-primer-encuentro-tecnologico-en-turismo-y-ciencia-impulsado-por-el-cenpat\\\/\",\"name\":\"VINCULACI\u00d3N TECNOL\u00d3GICA: Se viene el primer Encuentro Tecnol\u00f3gico en Turismo y Ciencia impulsado por el CENPAT\",\"isPartOf\":{\"@id\":\"https:\\\/\\\/patagoniambiental.com.ar\\\/info\\\/#website\"},\"primaryImageOfPage\":{\"@id\":\"https:\\\/\\\/patagoniambiental.com.ar\\\/info\\\/vinculacion-tecnologica-se-viene-el-primer-encuentro-tecnologico-en-turismo-y-ciencia-impulsado-por-el-cenpat\\\/#primaryimage\"},\"image\":{\"@id\":\"https:\\\/\\\/patagoniambiental.com.ar\\\/info\\\/vinculacion-tecnologica-se-viene-el-primer-encuentro-tecnologico-en-turismo-y-ciencia-impulsado-por-el-cenpat\\\/#primaryimage\"},\"thumbnailUrl\":\"\",\"datePublished\":\"2015-06-10T12:00:20+00:00\",\"breadcrumb\":{\"@id\":\"https:\\\/\\\/patagoniambiental.com.ar\\\/info\\\/vinculacion-tecnologica-se-viene-el-primer-encuentro-tecnologico-en-turismo-y-ciencia-impulsado-por-el-cenpat\\\/#breadcrumb\"},\"inLanguage\":\"es\",\"potentialAction\":[{\"@type\":\"ReadAction\",\"target\":[\"https:\\\/\\\/patagoniambiental.com.ar\\\/info\\\/vinculacion-tecnologica-se-viene-el-primer-encuentro-tecnologico-en-turismo-y-ciencia-impulsado-por-el-cenpat\\\/\"]}]},{\"@type\":\"ImageObject\",\"inLanguage\":\"es\",\"@id\":\"https:\\\/\\\/patagoniambiental.com.ar\\\/info\\\/vinculacion-tecnologica-se-viene-el-primer-encuentro-tecnologico-en-turismo-y-ciencia-impulsado-por-el-cenpat\\\/#primaryimage\",\"url\":\"\",\"contentUrl\":\"\"},{\"@type\":\"BreadcrumbList\",\"@id\":\"https:\\\/\\\/patagoniambiental.com.ar\\\/info\\\/vinculacion-tecnologica-se-viene-el-primer-encuentro-tecnologico-en-turismo-y-ciencia-impulsado-por-el-cenpat\\\/#breadcrumb\",\"itemListElement\":[{\"@type\":\"ListItem\",\"position\":1,\"name\":\"Inicio\",\"item\":\"https:\\\/\\\/patagoniambiental.com.ar\\\/info\\\/\"},{\"@type\":\"ListItem\",\"position\":2,\"name\":\"VINCULACI\u00d3N TECNOL\u00d3GICA: Se viene el primer Encuentro Tecnol\u00f3gico en Turismo y Ciencia impulsado por el CENPAT\"}]},{\"@type\":\"WebSite\",\"@id\":\"https:\\\/\\\/patagoniambiental.com.ar\\\/info\\\/#website\",\"url\":\"https:\\\/\\\/patagoniambiental.com.ar\\\/info\\\/\",\"name\":\"Patagonia Ambiental\",\"description\":\"Monitoreo y an\u00e1lisis de la situaci\u00f3n geopol\u00edtica en el mundo y su implicancia en la Patagonia\",\"publisher\":{\"@id\":\"https:\\\/\\\/patagoniambiental.com.ar\\\/info\\\/#organization\"},\"potentialAction\":[{\"@type\":\"SearchAction\",\"target\":{\"@type\":\"EntryPoint\",\"urlTemplate\":\"https:\\\/\\\/patagoniambiental.com.ar\\\/info\\\/?s={search_term_string}\"},\"query-input\":{\"@type\":\"PropertyValueSpecification\",\"valueRequired\":true,\"valueName\":\"search_term_string\"}}],\"inLanguage\":\"es\"},{\"@type\":\"Organization\",\"@id\":\"https:\\\/\\\/patagoniambiental.com.ar\\\/info\\\/#organization\",\"name\":\"Patagonia Ambiental\",\"url\":\"https:\\\/\\\/patagoniambiental.com.ar\\\/info\\\/\",\"logo\":{\"@type\":\"ImageObject\",\"inLanguage\":\"es\",\"@id\":\"https:\\\/\\\/patagoniambiental.com.ar\\\/info\\\/#\\\/schema\\\/logo\\\/image\\\/\",\"url\":\"https:\\\/\\\/patagoniambiental.com.ar\\\/info\\\/wp-content\\\/uploads\\\/2025\\\/05\\\/LOGO-PATAGONIA-AMBIENTAL.png\",\"contentUrl\":\"https:\\\/\\\/patagoniambiental.com.ar\\\/info\\\/wp-content\\\/uploads\\\/2025\\\/05\\\/LOGO-PATAGONIA-AMBIENTAL.png\",\"width\":433,\"height\":250,\"caption\":\"Patagonia Ambiental\"},\"image\":{\"@id\":\"https:\\\/\\\/patagoniambiental.com.ar\\\/info\\\/#\\\/schema\\\/logo\\\/image\\\/\"},\"sameAs\":[\"https:\\\/\\\/www.facebook.com\\\/patagonia.ambiental\",\"https:\\\/\\\/x.com\\\/PatAmb\"]},{\"@type\":\"Person\",\"@id\":\"https:\\\/\\\/patagoniambiental.com.ar\\\/info\\\/#\\\/schema\\\/person\\\/db12bff64bbcbf6a253710bf0ea37b5d\",\"name\":\"Patagonia Ambiental\",\"description\":\"Andr\u00e9s Nievas T\u00e9cnico en manejo ambiental, consultor Ambiental y escritor para medios locales e internacionales sobre temas de geopolitica y medio ambiente.\",\"sameAs\":[\"http:\\\/\\\/www.patagoniambiental.com.ar\",\"https:\\\/\\\/www.facebook.com\\\/share\\\/1C1V8Gv9BX\\\/?mibextid=qi2Omg\",\"@patagoniambiental\",\"https:\\\/\\\/youtube.com\\\/@patagoniaambiental2023?si=BLt58t0wuXquxlYZ\"]}]}<\/script>\n<!-- \/ Yoast SEO Premium plugin. -->","yoast_head_json":{"title":"VINCULACI\u00d3N TECNOL\u00d3GICA: Se viene el primer Encuentro Tecnol\u00f3gico en Turismo y Ciencia impulsado por el CENPAT","robots":{"index":"index","follow":"follow","max-snippet":"max-snippet:-1","max-image-preview":"max-image-preview:large","max-video-preview":"max-video-preview:-1"},"canonical":"https:\/\/patagoniambiental.com.ar\/info\/vinculacion-tecnologica-se-viene-el-primer-encuentro-tecnologico-en-turismo-y-ciencia-impulsado-por-el-cenpat\/","og_locale":"es_ES","og_type":"article","og_title":"VINCULACI\u00d3N TECNOL\u00d3GICA: Se viene el primer Encuentro Tecnol\u00f3gico en Turismo y Ciencia impulsado por el CENPAT","og_description":"Chubut.-Se dar\u00e1n a conocer las potencialidades y capacidades del CENPAT para el fomento y desarrollo de actividades que combinan Turismo [&hellip;]","og_url":"https:\/\/patagoniambiental.com.ar\/info\/vinculacion-tecnologica-se-viene-el-primer-encuentro-tecnologico-en-turismo-y-ciencia-impulsado-por-el-cenpat\/","og_site_name":"Patagonia Ambiental","article_publisher":"https:\/\/www.facebook.com\/patagonia.ambiental","article_author":"https:\/\/www.facebook.com\/share\/1C1V8Gv9BX\/?mibextid=qi2Omg","article_published_time":"2015-06-10T12:00:20+00:00","author":"Patagonia Ambiental","twitter_card":"summary_large_image","twitter_creator":"@PatAmb","twitter_site":"@PatAmb","schema":{"@context":"https:\/\/schema.org","@graph":[{"@type":"Article","@id":"https:\/\/patagoniambiental.com.ar\/info\/vinculacion-tecnologica-se-viene-el-primer-encuentro-tecnologico-en-turismo-y-ciencia-impulsado-por-el-cenpat\/#article","isPartOf":{"@id":"https:\/\/patagoniambiental.com.ar\/info\/vinculacion-tecnologica-se-viene-el-primer-encuentro-tecnologico-en-turismo-y-ciencia-impulsado-por-el-cenpat\/"},"author":{"name":"Patagonia Ambiental","@id":"https:\/\/patagoniambiental.com.ar\/info\/#\/schema\/person\/db12bff64bbcbf6a253710bf0ea37b5d"},"headline":"VINCULACI\u00d3N TECNOL\u00d3GICA: Se viene el primer Encuentro Tecnol\u00f3gico en Turismo y Ciencia impulsado por el CENPAT","datePublished":"2015-06-10T12:00:20+00:00","mainEntityOfPage":{"@id":"https:\/\/patagoniambiental.com.ar\/info\/vinculacion-tecnologica-se-viene-el-primer-encuentro-tecnologico-en-turismo-y-ciencia-impulsado-por-el-cenpat\/"},"wordCount":433,"publisher":{"@id":"https:\/\/patagoniambiental.com.ar\/info\/#organization"},"image":{"@id":"https:\/\/patagoniambiental.com.ar\/info\/vinculacion-tecnologica-se-viene-el-primer-encuentro-tecnologico-en-turismo-y-ciencia-impulsado-por-el-cenpat\/#primaryimage"},"thumbnailUrl":"","keywords":["CENPAT","ciencia","CONICET","Turismo"],"articleSection":["Agenda Ambiental","Noticias"],"inLanguage":"es"},{"@type":"WebPage","@id":"https:\/\/patagoniambiental.com.ar\/info\/vinculacion-tecnologica-se-viene-el-primer-encuentro-tecnologico-en-turismo-y-ciencia-impulsado-por-el-cenpat\/","url":"https:\/\/patagoniambiental.com.ar\/info\/vinculacion-tecnologica-se-viene-el-primer-encuentro-tecnologico-en-turismo-y-ciencia-impulsado-por-el-cenpat\/","name":"VINCULACI\u00d3N TECNOL\u00d3GICA: Se viene el primer Encuentro Tecnol\u00f3gico en Turismo y Ciencia impulsado por el CENPAT","isPartOf":{"@id":"https:\/\/patagoniambiental.com.ar\/info\/#website"},"primaryImageOfPage":{"@id":"https:\/\/patagoniambiental.com.ar\/info\/vinculacion-tecnologica-se-viene-el-primer-encuentro-tecnologico-en-turismo-y-ciencia-impulsado-por-el-cenpat\/#primaryimage"},"image":{"@id":"https:\/\/patagoniambiental.com.ar\/info\/vinculacion-tecnologica-se-viene-el-primer-encuentro-tecnologico-en-turismo-y-ciencia-impulsado-por-el-cenpat\/#primaryimage"},"thumbnailUrl":"","datePublished":"2015-06-10T12:00:20+00:00","breadcrumb":{"@id":"https:\/\/patagoniambiental.com.ar\/info\/vinculacion-tecnologica-se-viene-el-primer-encuentro-tecnologico-en-turismo-y-ciencia-impulsado-por-el-cenpat\/#breadcrumb"},"inLanguage":"es","potentialAction":[{"@type":"ReadAction","target":["https:\/\/patagoniambiental.com.ar\/info\/vinculacion-tecnologica-se-viene-el-primer-encuentro-tecnologico-en-turismo-y-ciencia-impulsado-por-el-cenpat\/"]}]},{"@type":"ImageObject","inLanguage":"es","@id":"https:\/\/patagoniambiental.com.ar\/info\/vinculacion-tecnologica-se-viene-el-primer-encuentro-tecnologico-en-turismo-y-ciencia-impulsado-por-el-cenpat\/#primaryimage","url":"","contentUrl":""},{"@type":"BreadcrumbList","@id":"https:\/\/patagoniambiental.com.ar\/info\/vinculacion-tecnologica-se-viene-el-primer-encuentro-tecnologico-en-turismo-y-ciencia-impulsado-por-el-cenpat\/#breadcrumb","itemListElement":[{"@type":"ListItem","position":1,"name":"Inicio","item":"https:\/\/patagoniambiental.com.ar\/info\/"},{"@type":"ListItem","position":2,"name":"VINCULACI\u00d3N TECNOL\u00d3GICA: Se viene el primer Encuentro Tecnol\u00f3gico en Turismo y Ciencia impulsado por el CENPAT"}]},{"@type":"WebSite","@id":"https:\/\/patagoniambiental.com.ar\/info\/#website","url":"https:\/\/patagoniambiental.com.ar\/info\/","name":"Patagonia Ambiental","description":"Monitoreo y an\u00e1lisis de la situaci\u00f3n geopol\u00edtica en el mundo y su implicancia en la Patagonia","publisher":{"@id":"https:\/\/patagoniambiental.com.ar\/info\/#organization"},"potentialAction":[{"@type":"SearchAction","target":{"@type":"EntryPoint","urlTemplate":"https:\/\/patagoniambiental.com.ar\/info\/?s={search_term_string}"},"query-input":{"@type":"PropertyValueSpecification","valueRequired":true,"valueName":"search_term_string"}}],"inLanguage":"es"},{"@type":"Organization","@id":"https:\/\/patagoniambiental.com.ar\/info\/#organization","name":"Patagonia Ambiental","url":"https:\/\/patagoniambiental.com.ar\/info\/","logo":{"@type":"ImageObject","inLanguage":"es","@id":"https:\/\/patagoniambiental.com.ar\/info\/#\/schema\/logo\/image\/","url":"https:\/\/patagoniambiental.com.ar\/info\/wp-content\/uploads\/2025\/05\/LOGO-PATAGONIA-AMBIENTAL.png","contentUrl":"https:\/\/patagoniambiental.com.ar\/info\/wp-content\/uploads\/2025\/05\/LOGO-PATAGONIA-AMBIENTAL.png","width":433,"height":250,"caption":"Patagonia Ambiental"},"image":{"@id":"https:\/\/patagoniambiental.com.ar\/info\/#\/schema\/logo\/image\/"},"sameAs":["https:\/\/www.facebook.com\/patagonia.ambiental","https:\/\/x.com\/PatAmb"]},{"@type":"Person","@id":"https:\/\/patagoniambiental.com.ar\/info\/#\/schema\/person\/db12bff64bbcbf6a253710bf0ea37b5d","name":"Patagonia Ambiental","description":"Andr\u00e9s Nievas T\u00e9cnico en manejo ambiental, consultor Ambiental y escritor para medios locales e internacionales sobre temas de geopolitica y medio ambiente.","sameAs":["http:\/\/www.patagoniambiental.com.ar","https:\/\/www.facebook.com\/share\/1C1V8Gv9BX\/?mibextid=qi2Omg","@patagoniambiental","https:\/\/youtube.com\/@patagoniaambiental2023?si=BLt58t0wuXquxlYZ"]}]}},"_links":{"self":[{"href":"https:\/\/patagoniambiental.com.ar\/info\/wp-json\/wp\/v2\/posts\/11948","targetHints":{"allow":["GET"]}}],"collection":[{"href":"https:\/\/patagoniambiental.com.ar\/info\/wp-json\/wp\/v2\/posts"}],"about":[{"href":"https:\/\/patagoniambiental.com.ar\/info\/wp-json\/wp\/v2\/types\/post"}],"author":[{"embeddable":true,"href":"https:\/\/patagoniambiental.com.ar\/info\/wp-json\/wp\/v2\/users\/2"}],"replies":[{"embeddable":true,"href":"https:\/\/patagoniambiental.com.ar\/info\/wp-json\/wp\/v2\/comments?post=11948"}],"version-history":[{"count":0,"href":"https:\/\/patagoniambiental.com.ar\/info\/wp-json\/wp\/v2\/posts\/11948\/revisions"}],"wp:featuredmedia":[{"embeddable":true,"href":"https:\/\/patagoniambiental.com.ar\/info\/wp-json\/"}],"wp:attachment":[{"href":"https:\/\/patagoniambiental.com.ar\/info\/wp-json\/wp\/v2\/media?parent=11948"}],"wp:term":[{"taxonomy":"category","embeddable":true,"href":"https:\/\/patagoniambiental.com.ar\/info\/wp-json\/wp\/v2\/categories?post=11948"},{"taxonomy":"post_tag","embeddable":true,"href":"https:\/\/patagoniambiental.com.ar\/info\/wp-json\/wp\/v2\/tags?post=11948"}],"curies":[{"name":"wp","href":"https:\/\/api.w.org\/{rel}","templated":true}]}}