{"id":11985,"date":"2015-06-11T09:00:54","date_gmt":"2015-06-11T12:00:54","guid":{"rendered":"http:\/\/patagoniambiental.com.ar\/?p=11985"},"modified":"2015-06-11T09:00:54","modified_gmt":"2015-06-11T12:00:54","slug":"invap-construira-y-operara-un-parque-eolicose-asocio-con-otra-empresa-estatal-de-la-provincia-transcomahue-para-crear-eolica-rionegrina","status":"publish","type":"post","link":"https:\/\/patagoniambiental.com.ar\/info\/invap-construira-y-operara-un-parque-eolicose-asocio-con-otra-empresa-estatal-de-la-provincia-transcomahue-para-crear-eolica-rionegrina\/","title":{"rendered":"Invap construir\u00e1 y operar\u00e1 un parque e\u00f3lico"},"content":{"rendered":"<p>San Carlos de Bariloche.-Se asoci\u00f3 con otra empresa estatal de la provincia, Transcomahue, para crear E\u00f3lica Rionegrina. La empresa estatal rionegrina Invap montar\u00e1 y operar\u00e1 un parque e\u00f3lico de generaci\u00f3n de electricidad en la meseta de Cerro Polic\u00eda, a unos 30 kil\u00f3metros de la presa El Choc\u00f3n. Lo har\u00e1 en sociedad con otra firma p\u00fablica de la provincia, Transcomahue.<!--more--><\/p>\n<p>&nbsp;<\/p>\n<figure id=\"attachment_11986\" aria-describedby=\"caption-attachment-11986\" style=\"width: 600px\" class=\"wp-caption alignleft\"><a href=\"http:\/\/patagoniambiental.com.ar\/wp-content\/uploads\/2015\/06\/imagen1.jpg\"><img fetchpriority=\"high\" decoding=\"async\" class=\"wp-image-11986 size-medium\" src=\"http:\/\/patagoniambiental.com.ar\/wp-content\/uploads\/2015\/06\/imagen1-600x400.jpg\" alt=\"Bariloche. El Gobernador Weretilnek, firm\u00f3 junto a Horacio Othegy, Genrente Gral. de INVAP,un convenio  para una nueva empresa de eGenerador de energ\u00eda e\u00f3lica Foto:Alejandra BArtoliche\" width=\"600\" height=\"400\" \/><\/a><figcaption id=\"caption-attachment-11986\" class=\"wp-caption-text\">Bariloche. El Gobernador Weretilnek, firm\u00f3 junto a Horacio Othegy, Genrente Gral. de INVAP,un convenio para una nueva empresa de eGenerador de energ\u00eda e\u00f3lica<br \/> Foto:Alejandra BArtoliche<\/figcaption><\/figure>\n<p>El acuerdo fue sellado al mediod\u00eda de este mi\u00e9rcoles entre el gobernador Alberto Weretilneck y el gerente general de Invap, H\u00e9ctor Otheguy, en representaci\u00f3n tambi\u00e9n de Invap Ingenier\u00eda, que integra la neuquina Ingenier\u00eda Sima.Se necesitan casi 50 millones de d\u00f3lares para montar media docena de aerogeneradores que sumar\u00e1n una potencia instalada de 17 megavatios (MW).<\/p>\n<p>La energ\u00eda all\u00ed generada se sumar\u00e1 al sistema interconectado nacional en Villa El Choc\u00f3n, provincia de Neuqu\u00e9n, a trav\u00e9s de una l\u00ednea de alta tensi\u00f3n de 132 kilovoltios (kV) de 30 kil\u00f3metros de extensi\u00f3n.<\/p>\n<p>Transcomahue es la empresa estatal que opera y mantiene la red de alta tensi\u00f3n de la zona del Alto Valle, el Valle Medio y Catriel.<\/p>\n<p>La nueva sociedad saldr\u00e1 a buscar financiamiento bancario con avales de sus accionistas y no se descartan aportes del Estado.<\/p>\n<p>La idea es hacer crecer el parque e\u00f3lico hasta alcanzar una potencia instalada de 300 MW. El esquema financiero supone una tasa de retorno del 10% y un recupero del capital a 15 a\u00f1os.<\/p>\n<p>Fuente: Diario Rio Negro<\/p>\n<p>&nbsp;<\/p>\n","protected":false},"excerpt":{"rendered":"<p>San Carlos de Bariloche.-Se asoci\u00f3 con otra empresa estatal de la provincia, Transcomahue, para crear E\u00f3lica Rionegrina. La empresa estatal [&hellip;]<\/p>\n","protected":false},"author":2,"featured_media":11986,"comment_status":"closed","ping_status":"closed","sticky":false,"template":"","format":"standard","meta":{"site-sidebar-layout":"default","site-content-layout":"","ast-site-content-layout":"default","site-content-style":"default","site-sidebar-style":"default","ast-global-header-display":"","ast-banner-title-visibility":"","ast-main-header-display":"","ast-hfb-above-header-display":"","ast-hfb-below-header-display":"","ast-hfb-mobile-header-display":"","site-post-title":"","ast-breadcrumbs-content":"","ast-featured-img":"","footer-sml-layout":"","ast-disable-related-posts":"","theme-transparent-header-meta":"","adv-header-id-meta":"","stick-header-meta":"","header-above-stick-meta":"","header-main-stick-meta":"","header-below-stick-meta":"","astra-migrate-meta-layouts":"default","ast-page-background-enabled":"default","ast-page-background-meta":{"desktop":{"background-color":"var(--ast-global-color-5)","background-image":"","background-repeat":"repeat","background-position":"center center","background-size":"auto","background-attachment":"scroll","background-type":"","background-media":"","overlay-type":"","overlay-color":"","overlay-opacity":"","overlay-gradient":""},"tablet":{"background-color":"","background-image":"","background-repeat":"repeat","background-position":"center center","background-size":"auto","background-attachment":"scroll","background-type":"","background-media":"","overlay-type":"","overlay-color":"","overlay-opacity":"","overlay-gradient":""},"mobile":{"background-color":"","background-image":"","background-repeat":"repeat","background-position":"center center","background-size":"auto","background-attachment":"scroll","background-type":"","background-media":"","overlay-type":"","overlay-color":"","overlay-opacity":"","overlay-gradient":""}},"ast-content-background-meta":{"desktop":{"background-color":"var(--ast-global-color-4)","background-image":"","background-repeat":"repeat","background-position":"center center","background-size":"auto","background-attachment":"scroll","background-type":"","background-media":"","overlay-type":"","overlay-color":"","overlay-opacity":"","overlay-gradient":""},"tablet":{"background-color":"var(--ast-global-color-4)","background-image":"","background-repeat":"repeat","background-position":"center center","background-size":"auto","background-attachment":"scroll","background-type":"","background-media":"","overlay-type":"","overlay-color":"","overlay-opacity":"","overlay-gradient":""},"mobile":{"background-color":"var(--ast-global-color-4)","background-image":"","background-repeat":"repeat","background-position":"center center","background-size":"auto","background-attachment":"scroll","background-type":"","background-media":"","overlay-type":"","overlay-color":"","overlay-opacity":"","overlay-gradient":""}},"footnotes":""},"categories":[1,13,14],"tags":[74,198],"class_list":["post-11985","post","type-post","status-publish","format-standard","has-post-thumbnail","hentry","category-noticias","category-provinciales","category-rio-negro","tag-invap","tag-transcomahue"],"yoast_head":"<!-- This site is optimized with the Yoast SEO Premium plugin v23.0 (Yoast SEO v27.4) - https:\/\/yoast.com\/product\/yoast-seo-premium-wordpress\/ -->\n<title>Invap construir\u00e1 y operar\u00e1 un parque e\u00f3lico<\/title>\n<meta name=\"robots\" content=\"index, follow, max-snippet:-1, max-image-preview:large, max-video-preview:-1\" \/>\n<link rel=\"canonical\" href=\"https:\/\/patagoniambiental.com.ar\/info\/invap-construira-y-operara-un-parque-eolicose-asocio-con-otra-empresa-estatal-de-la-provincia-transcomahue-para-crear-eolica-rionegrina\/\" \/>\n<meta property=\"og:locale\" content=\"es_ES\" \/>\n<meta property=\"og:type\" content=\"article\" \/>\n<meta property=\"og:title\" content=\"Invap construir\u00e1 y operar\u00e1 un parque e\u00f3lico\" \/>\n<meta property=\"og:description\" content=\"San Carlos de Bariloche.-Se asoci\u00f3 con otra empresa estatal de la provincia, Transcomahue, para crear E\u00f3lica Rionegrina. La empresa estatal [&hellip;]\" \/>\n<meta property=\"og:url\" content=\"https:\/\/patagoniambiental.com.ar\/info\/invap-construira-y-operara-un-parque-eolicose-asocio-con-otra-empresa-estatal-de-la-provincia-transcomahue-para-crear-eolica-rionegrina\/\" \/>\n<meta property=\"og:site_name\" content=\"Patagonia Ambiental\" \/>\n<meta property=\"article:publisher\" content=\"https:\/\/www.facebook.com\/patagonia.ambiental\" \/>\n<meta property=\"article:author\" content=\"https:\/\/www.facebook.com\/share\/1C1V8Gv9BX\/?mibextid=qi2Omg\" \/>\n<meta property=\"article:published_time\" content=\"2015-06-11T12:00:54+00:00\" \/>\n<meta name=\"author\" content=\"Patagonia Ambiental\" \/>\n<meta name=\"twitter:card\" content=\"summary_large_image\" \/>\n<meta name=\"twitter:creator\" content=\"@PatAmb\" \/>\n<meta name=\"twitter:site\" content=\"@PatAmb\" \/>\n<script type=\"application\/ld+json\" class=\"yoast-schema-graph\">{\"@context\":\"https:\\\/\\\/schema.org\",\"@graph\":[{\"@type\":\"Article\",\"@id\":\"https:\\\/\\\/patagoniambiental.com.ar\\\/info\\\/invap-construira-y-operara-un-parque-eolicose-asocio-con-otra-empresa-estatal-de-la-provincia-transcomahue-para-crear-eolica-rionegrina\\\/#article\",\"isPartOf\":{\"@id\":\"https:\\\/\\\/patagoniambiental.com.ar\\\/info\\\/invap-construira-y-operara-un-parque-eolicose-asocio-con-otra-empresa-estatal-de-la-provincia-transcomahue-para-crear-eolica-rionegrina\\\/\"},\"author\":{\"name\":\"Patagonia Ambiental\",\"@id\":\"https:\\\/\\\/patagoniambiental.com.ar\\\/info\\\/#\\\/schema\\\/person\\\/db12bff64bbcbf6a253710bf0ea37b5d\"},\"headline\":\"Invap construir\u00e1 y operar\u00e1 un parque e\u00f3lico\",\"datePublished\":\"2015-06-11T12:00:54+00:00\",\"mainEntityOfPage\":{\"@id\":\"https:\\\/\\\/patagoniambiental.com.ar\\\/info\\\/invap-construira-y-operara-un-parque-eolicose-asocio-con-otra-empresa-estatal-de-la-provincia-transcomahue-para-crear-eolica-rionegrina\\\/\"},\"wordCount\":298,\"publisher\":{\"@id\":\"https:\\\/\\\/patagoniambiental.com.ar\\\/info\\\/#organization\"},\"image\":{\"@id\":\"https:\\\/\\\/patagoniambiental.com.ar\\\/info\\\/invap-construira-y-operara-un-parque-eolicose-asocio-con-otra-empresa-estatal-de-la-provincia-transcomahue-para-crear-eolica-rionegrina\\\/#primaryimage\"},\"thumbnailUrl\":\"\",\"keywords\":[\"INVAP\",\"TRANSCOMAHUE\"],\"articleSection\":[\"Noticias\",\"Provinciales\",\"R\u00edo Negro\"],\"inLanguage\":\"es\"},{\"@type\":\"WebPage\",\"@id\":\"https:\\\/\\\/patagoniambiental.com.ar\\\/info\\\/invap-construira-y-operara-un-parque-eolicose-asocio-con-otra-empresa-estatal-de-la-provincia-transcomahue-para-crear-eolica-rionegrina\\\/\",\"url\":\"https:\\\/\\\/patagoniambiental.com.ar\\\/info\\\/invap-construira-y-operara-un-parque-eolicose-asocio-con-otra-empresa-estatal-de-la-provincia-transcomahue-para-crear-eolica-rionegrina\\\/\",\"name\":\"Invap construir\u00e1 y operar\u00e1 un parque e\u00f3lico\",\"isPartOf\":{\"@id\":\"https:\\\/\\\/patagoniambiental.com.ar\\\/info\\\/#website\"},\"primaryImageOfPage\":{\"@id\":\"https:\\\/\\\/patagoniambiental.com.ar\\\/info\\\/invap-construira-y-operara-un-parque-eolicose-asocio-con-otra-empresa-estatal-de-la-provincia-transcomahue-para-crear-eolica-rionegrina\\\/#primaryimage\"},\"image\":{\"@id\":\"https:\\\/\\\/patagoniambiental.com.ar\\\/info\\\/invap-construira-y-operara-un-parque-eolicose-asocio-con-otra-empresa-estatal-de-la-provincia-transcomahue-para-crear-eolica-rionegrina\\\/#primaryimage\"},\"thumbnailUrl\":\"\",\"datePublished\":\"2015-06-11T12:00:54+00:00\",\"breadcrumb\":{\"@id\":\"https:\\\/\\\/patagoniambiental.com.ar\\\/info\\\/invap-construira-y-operara-un-parque-eolicose-asocio-con-otra-empresa-estatal-de-la-provincia-transcomahue-para-crear-eolica-rionegrina\\\/#breadcrumb\"},\"inLanguage\":\"es\",\"potentialAction\":[{\"@type\":\"ReadAction\",\"target\":[\"https:\\\/\\\/patagoniambiental.com.ar\\\/info\\\/invap-construira-y-operara-un-parque-eolicose-asocio-con-otra-empresa-estatal-de-la-provincia-transcomahue-para-crear-eolica-rionegrina\\\/\"]}]},{\"@type\":\"ImageObject\",\"inLanguage\":\"es\",\"@id\":\"https:\\\/\\\/patagoniambiental.com.ar\\\/info\\\/invap-construira-y-operara-un-parque-eolicose-asocio-con-otra-empresa-estatal-de-la-provincia-transcomahue-para-crear-eolica-rionegrina\\\/#primaryimage\",\"url\":\"\",\"contentUrl\":\"\"},{\"@type\":\"BreadcrumbList\",\"@id\":\"https:\\\/\\\/patagoniambiental.com.ar\\\/info\\\/invap-construira-y-operara-un-parque-eolicose-asocio-con-otra-empresa-estatal-de-la-provincia-transcomahue-para-crear-eolica-rionegrina\\\/#breadcrumb\",\"itemListElement\":[{\"@type\":\"ListItem\",\"position\":1,\"name\":\"Inicio\",\"item\":\"https:\\\/\\\/patagoniambiental.com.ar\\\/info\\\/\"},{\"@type\":\"ListItem\",\"position\":2,\"name\":\"Invap construir\u00e1 y operar\u00e1 un parque e\u00f3lico\"}]},{\"@type\":\"WebSite\",\"@id\":\"https:\\\/\\\/patagoniambiental.com.ar\\\/info\\\/#website\",\"url\":\"https:\\\/\\\/patagoniambiental.com.ar\\\/info\\\/\",\"name\":\"Patagonia Ambiental\",\"description\":\"Monitoreo y an\u00e1lisis de la situaci\u00f3n geopol\u00edtica en el mundo y su implicancia en la Patagonia\",\"publisher\":{\"@id\":\"https:\\\/\\\/patagoniambiental.com.ar\\\/info\\\/#organization\"},\"potentialAction\":[{\"@type\":\"SearchAction\",\"target\":{\"@type\":\"EntryPoint\",\"urlTemplate\":\"https:\\\/\\\/patagoniambiental.com.ar\\\/info\\\/?s={search_term_string}\"},\"query-input\":{\"@type\":\"PropertyValueSpecification\",\"valueRequired\":true,\"valueName\":\"search_term_string\"}}],\"inLanguage\":\"es\"},{\"@type\":\"Organization\",\"@id\":\"https:\\\/\\\/patagoniambiental.com.ar\\\/info\\\/#organization\",\"name\":\"Patagonia Ambiental\",\"url\":\"https:\\\/\\\/patagoniambiental.com.ar\\\/info\\\/\",\"logo\":{\"@type\":\"ImageObject\",\"inLanguage\":\"es\",\"@id\":\"https:\\\/\\\/patagoniambiental.com.ar\\\/info\\\/#\\\/schema\\\/logo\\\/image\\\/\",\"url\":\"https:\\\/\\\/patagoniambiental.com.ar\\\/info\\\/wp-content\\\/uploads\\\/2025\\\/05\\\/LOGO-PATAGONIA-AMBIENTAL.png\",\"contentUrl\":\"https:\\\/\\\/patagoniambiental.com.ar\\\/info\\\/wp-content\\\/uploads\\\/2025\\\/05\\\/LOGO-PATAGONIA-AMBIENTAL.png\",\"width\":433,\"height\":250,\"caption\":\"Patagonia Ambiental\"},\"image\":{\"@id\":\"https:\\\/\\\/patagoniambiental.com.ar\\\/info\\\/#\\\/schema\\\/logo\\\/image\\\/\"},\"sameAs\":[\"https:\\\/\\\/www.facebook.com\\\/patagonia.ambiental\",\"https:\\\/\\\/x.com\\\/PatAmb\"]},{\"@type\":\"Person\",\"@id\":\"https:\\\/\\\/patagoniambiental.com.ar\\\/info\\\/#\\\/schema\\\/person\\\/db12bff64bbcbf6a253710bf0ea37b5d\",\"name\":\"Patagonia Ambiental\",\"description\":\"Andr\u00e9s Nievas T\u00e9cnico en manejo ambiental, consultor Ambiental y escritor para medios locales e internacionales sobre temas de geopolitica y medio ambiente.\",\"sameAs\":[\"http:\\\/\\\/www.patagoniambiental.com.ar\",\"https:\\\/\\\/www.facebook.com\\\/share\\\/1C1V8Gv9BX\\\/?mibextid=qi2Omg\",\"@patagoniambiental\",\"https:\\\/\\\/youtube.com\\\/@patagoniaambiental2023?si=BLt58t0wuXquxlYZ\"]}]}<\/script>\n<!-- \/ Yoast SEO Premium plugin. -->","yoast_head_json":{"title":"Invap construir\u00e1 y operar\u00e1 un parque e\u00f3lico","robots":{"index":"index","follow":"follow","max-snippet":"max-snippet:-1","max-image-preview":"max-image-preview:large","max-video-preview":"max-video-preview:-1"},"canonical":"https:\/\/patagoniambiental.com.ar\/info\/invap-construira-y-operara-un-parque-eolicose-asocio-con-otra-empresa-estatal-de-la-provincia-transcomahue-para-crear-eolica-rionegrina\/","og_locale":"es_ES","og_type":"article","og_title":"Invap construir\u00e1 y operar\u00e1 un parque e\u00f3lico","og_description":"San Carlos de Bariloche.-Se asoci\u00f3 con otra empresa estatal de la provincia, Transcomahue, para crear E\u00f3lica Rionegrina. La empresa estatal [&hellip;]","og_url":"https:\/\/patagoniambiental.com.ar\/info\/invap-construira-y-operara-un-parque-eolicose-asocio-con-otra-empresa-estatal-de-la-provincia-transcomahue-para-crear-eolica-rionegrina\/","og_site_name":"Patagonia Ambiental","article_publisher":"https:\/\/www.facebook.com\/patagonia.ambiental","article_author":"https:\/\/www.facebook.com\/share\/1C1V8Gv9BX\/?mibextid=qi2Omg","article_published_time":"2015-06-11T12:00:54+00:00","author":"Patagonia Ambiental","twitter_card":"summary_large_image","twitter_creator":"@PatAmb","twitter_site":"@PatAmb","schema":{"@context":"https:\/\/schema.org","@graph":[{"@type":"Article","@id":"https:\/\/patagoniambiental.com.ar\/info\/invap-construira-y-operara-un-parque-eolicose-asocio-con-otra-empresa-estatal-de-la-provincia-transcomahue-para-crear-eolica-rionegrina\/#article","isPartOf":{"@id":"https:\/\/patagoniambiental.com.ar\/info\/invap-construira-y-operara-un-parque-eolicose-asocio-con-otra-empresa-estatal-de-la-provincia-transcomahue-para-crear-eolica-rionegrina\/"},"author":{"name":"Patagonia Ambiental","@id":"https:\/\/patagoniambiental.com.ar\/info\/#\/schema\/person\/db12bff64bbcbf6a253710bf0ea37b5d"},"headline":"Invap construir\u00e1 y operar\u00e1 un parque e\u00f3lico","datePublished":"2015-06-11T12:00:54+00:00","mainEntityOfPage":{"@id":"https:\/\/patagoniambiental.com.ar\/info\/invap-construira-y-operara-un-parque-eolicose-asocio-con-otra-empresa-estatal-de-la-provincia-transcomahue-para-crear-eolica-rionegrina\/"},"wordCount":298,"publisher":{"@id":"https:\/\/patagoniambiental.com.ar\/info\/#organization"},"image":{"@id":"https:\/\/patagoniambiental.com.ar\/info\/invap-construira-y-operara-un-parque-eolicose-asocio-con-otra-empresa-estatal-de-la-provincia-transcomahue-para-crear-eolica-rionegrina\/#primaryimage"},"thumbnailUrl":"","keywords":["INVAP","TRANSCOMAHUE"],"articleSection":["Noticias","Provinciales","R\u00edo Negro"],"inLanguage":"es"},{"@type":"WebPage","@id":"https:\/\/patagoniambiental.com.ar\/info\/invap-construira-y-operara-un-parque-eolicose-asocio-con-otra-empresa-estatal-de-la-provincia-transcomahue-para-crear-eolica-rionegrina\/","url":"https:\/\/patagoniambiental.com.ar\/info\/invap-construira-y-operara-un-parque-eolicose-asocio-con-otra-empresa-estatal-de-la-provincia-transcomahue-para-crear-eolica-rionegrina\/","name":"Invap construir\u00e1 y operar\u00e1 un parque e\u00f3lico","isPartOf":{"@id":"https:\/\/patagoniambiental.com.ar\/info\/#website"},"primaryImageOfPage":{"@id":"https:\/\/patagoniambiental.com.ar\/info\/invap-construira-y-operara-un-parque-eolicose-asocio-con-otra-empresa-estatal-de-la-provincia-transcomahue-para-crear-eolica-rionegrina\/#primaryimage"},"image":{"@id":"https:\/\/patagoniambiental.com.ar\/info\/invap-construira-y-operara-un-parque-eolicose-asocio-con-otra-empresa-estatal-de-la-provincia-transcomahue-para-crear-eolica-rionegrina\/#primaryimage"},"thumbnailUrl":"","datePublished":"2015-06-11T12:00:54+00:00","breadcrumb":{"@id":"https:\/\/patagoniambiental.com.ar\/info\/invap-construira-y-operara-un-parque-eolicose-asocio-con-otra-empresa-estatal-de-la-provincia-transcomahue-para-crear-eolica-rionegrina\/#breadcrumb"},"inLanguage":"es","potentialAction":[{"@type":"ReadAction","target":["https:\/\/patagoniambiental.com.ar\/info\/invap-construira-y-operara-un-parque-eolicose-asocio-con-otra-empresa-estatal-de-la-provincia-transcomahue-para-crear-eolica-rionegrina\/"]}]},{"@type":"ImageObject","inLanguage":"es","@id":"https:\/\/patagoniambiental.com.ar\/info\/invap-construira-y-operara-un-parque-eolicose-asocio-con-otra-empresa-estatal-de-la-provincia-transcomahue-para-crear-eolica-rionegrina\/#primaryimage","url":"","contentUrl":""},{"@type":"BreadcrumbList","@id":"https:\/\/patagoniambiental.com.ar\/info\/invap-construira-y-operara-un-parque-eolicose-asocio-con-otra-empresa-estatal-de-la-provincia-transcomahue-para-crear-eolica-rionegrina\/#breadcrumb","itemListElement":[{"@type":"ListItem","position":1,"name":"Inicio","item":"https:\/\/patagoniambiental.com.ar\/info\/"},{"@type":"ListItem","position":2,"name":"Invap construir\u00e1 y operar\u00e1 un parque e\u00f3lico"}]},{"@type":"WebSite","@id":"https:\/\/patagoniambiental.com.ar\/info\/#website","url":"https:\/\/patagoniambiental.com.ar\/info\/","name":"Patagonia Ambiental","description":"Monitoreo y an\u00e1lisis de la situaci\u00f3n geopol\u00edtica en el mundo y su implicancia en la Patagonia","publisher":{"@id":"https:\/\/patagoniambiental.com.ar\/info\/#organization"},"potentialAction":[{"@type":"SearchAction","target":{"@type":"EntryPoint","urlTemplate":"https:\/\/patagoniambiental.com.ar\/info\/?s={search_term_string}"},"query-input":{"@type":"PropertyValueSpecification","valueRequired":true,"valueName":"search_term_string"}}],"inLanguage":"es"},{"@type":"Organization","@id":"https:\/\/patagoniambiental.com.ar\/info\/#organization","name":"Patagonia Ambiental","url":"https:\/\/patagoniambiental.com.ar\/info\/","logo":{"@type":"ImageObject","inLanguage":"es","@id":"https:\/\/patagoniambiental.com.ar\/info\/#\/schema\/logo\/image\/","url":"https:\/\/patagoniambiental.com.ar\/info\/wp-content\/uploads\/2025\/05\/LOGO-PATAGONIA-AMBIENTAL.png","contentUrl":"https:\/\/patagoniambiental.com.ar\/info\/wp-content\/uploads\/2025\/05\/LOGO-PATAGONIA-AMBIENTAL.png","width":433,"height":250,"caption":"Patagonia Ambiental"},"image":{"@id":"https:\/\/patagoniambiental.com.ar\/info\/#\/schema\/logo\/image\/"},"sameAs":["https:\/\/www.facebook.com\/patagonia.ambiental","https:\/\/x.com\/PatAmb"]},{"@type":"Person","@id":"https:\/\/patagoniambiental.com.ar\/info\/#\/schema\/person\/db12bff64bbcbf6a253710bf0ea37b5d","name":"Patagonia Ambiental","description":"Andr\u00e9s Nievas T\u00e9cnico en manejo ambiental, consultor Ambiental y escritor para medios locales e internacionales sobre temas de geopolitica y medio ambiente.","sameAs":["http:\/\/www.patagoniambiental.com.ar","https:\/\/www.facebook.com\/share\/1C1V8Gv9BX\/?mibextid=qi2Omg","@patagoniambiental","https:\/\/youtube.com\/@patagoniaambiental2023?si=BLt58t0wuXquxlYZ"]}]}},"_links":{"self":[{"href":"https:\/\/patagoniambiental.com.ar\/info\/wp-json\/wp\/v2\/posts\/11985","targetHints":{"allow":["GET"]}}],"collection":[{"href":"https:\/\/patagoniambiental.com.ar\/info\/wp-json\/wp\/v2\/posts"}],"about":[{"href":"https:\/\/patagoniambiental.com.ar\/info\/wp-json\/wp\/v2\/types\/post"}],"author":[{"embeddable":true,"href":"https:\/\/patagoniambiental.com.ar\/info\/wp-json\/wp\/v2\/users\/2"}],"replies":[{"embeddable":true,"href":"https:\/\/patagoniambiental.com.ar\/info\/wp-json\/wp\/v2\/comments?post=11985"}],"version-history":[{"count":0,"href":"https:\/\/patagoniambiental.com.ar\/info\/wp-json\/wp\/v2\/posts\/11985\/revisions"}],"wp:featuredmedia":[{"embeddable":true,"href":"https:\/\/patagoniambiental.com.ar\/info\/wp-json\/"}],"wp:attachment":[{"href":"https:\/\/patagoniambiental.com.ar\/info\/wp-json\/wp\/v2\/media?parent=11985"}],"wp:term":[{"taxonomy":"category","embeddable":true,"href":"https:\/\/patagoniambiental.com.ar\/info\/wp-json\/wp\/v2\/categories?post=11985"},{"taxonomy":"post_tag","embeddable":true,"href":"https:\/\/patagoniambiental.com.ar\/info\/wp-json\/wp\/v2\/tags?post=11985"}],"curies":[{"name":"wp","href":"https:\/\/api.w.org\/{rel}","templated":true}]}}