{"id":11996,"date":"2015-06-11T09:00:07","date_gmt":"2015-06-11T12:00:07","guid":{"rendered":"http:\/\/patagoniambiental.com.ar\/?p=11996"},"modified":"2015-06-11T09:00:07","modified_gmt":"2015-06-11T12:00:07","slug":"bariloche-aguas-rionegrinas-colabora-con-la-ceb-tras-el-alud-en-el-cerro-catedral","status":"publish","type":"post","link":"https:\/\/patagoniambiental.com.ar\/info\/bariloche-aguas-rionegrinas-colabora-con-la-ceb-tras-el-alud-en-el-cerro-catedral\/","title":{"rendered":"Bariloche: Aguas Rionegrinas colabora con la CEB tras el alud en el Cerro Catedral"},"content":{"rendered":"<p>San Carlos de Bariloche.-La empresa estatal Aguas Rionegrinas colabora desde ayer con la Cooperativa de Electricidad de Bariloche (CEB) que brinda tambi\u00e9n el servicio de cloacas, para solucionar inconvenientes en la ciudad tras el alud que se produjo en el cerro Catedral.<!--more--><\/p>\n<p>&nbsp;<\/p>\n<p>La colaboraci\u00f3n fue dispuesta por el presidente de Aguas Rionegrinas, Roger Garc\u00eda, a partir de la necesidad de la Cooperativa de recibir colaboraci\u00f3n.<br \/>\nDe esta manera, la firma estatal asiste con equipo t\u00e9cnico y personal el trabajo de la CEB en busca de la normalizaci\u00f3n del servicio.<br \/>\nEn este marco, se realiza una tarea permanente y sistem\u00e1tica de desobstrucci\u00f3n de las bocas de registro y ca\u00f1er\u00edas en el centro de esqu\u00ed.<br \/>\nTodo el sistema se vio afectado debido a la lluvia y nevadas ocurridas en las \u00faltimas semanas.<br \/>\nDe manera complementaria, Aguas Rionegrinas colabora con la limpieza en los lugares afectados.<br \/>\nEn estos sitios se procede a la desinfecci\u00f3n, seg\u00fan indica el protocolo en estos casos, con la ayuda de un equipo \u201cAquatech\u201d.<br \/>\nEl veh\u00edculo fue cedido a pr\u00e9stamo por el servicio de Aguas Rionegrinas en General Roca y cumple una funci\u00f3n de relevancia en este tipo de trabajos.<br \/>\nSeg\u00fan se prev\u00e9, los trabajos se extender\u00e1n hasta ma\u00f1ana, inclusive.<\/p>\n<p>Fuente: Aguas Rionegrinas<\/p>\n","protected":false},"excerpt":{"rendered":"<p>San Carlos de Bariloche.-La empresa estatal Aguas Rionegrinas colabora desde ayer con la Cooperativa de Electricidad de Bariloche (CEB) que [&hellip;]<\/p>\n","protected":false},"author":2,"featured_media":11997,"comment_status":"closed","ping_status":"closed","sticky":false,"template":"","format":"standard","meta":{"site-sidebar-layout":"default","site-content-layout":"","ast-site-content-layout":"default","site-content-style":"default","site-sidebar-style":"default","ast-global-header-display":"","ast-banner-title-visibility":"","ast-main-header-display":"","ast-hfb-above-header-display":"","ast-hfb-below-header-display":"","ast-hfb-mobile-header-display":"","site-post-title":"","ast-breadcrumbs-content":"","ast-featured-img":"","footer-sml-layout":"","ast-disable-related-posts":"","theme-transparent-header-meta":"","adv-header-id-meta":"","stick-header-meta":"","header-above-stick-meta":"","header-main-stick-meta":"","header-below-stick-meta":"","astra-migrate-meta-layouts":"default","ast-page-background-enabled":"default","ast-page-background-meta":{"desktop":{"background-color":"var(--ast-global-color-5)","background-image":"","background-repeat":"repeat","background-position":"center center","background-size":"auto","background-attachment":"scroll","background-type":"","background-media":"","overlay-type":"","overlay-color":"","overlay-opacity":"","overlay-gradient":""},"tablet":{"background-color":"","background-image":"","background-repeat":"repeat","background-position":"center center","background-size":"auto","background-attachment":"scroll","background-type":"","background-media":"","overlay-type":"","overlay-color":"","overlay-opacity":"","overlay-gradient":""},"mobile":{"background-color":"","background-image":"","background-repeat":"repeat","background-position":"center center","background-size":"auto","background-attachment":"scroll","background-type":"","background-media":"","overlay-type":"","overlay-color":"","overlay-opacity":"","overlay-gradient":""}},"ast-content-background-meta":{"desktop":{"background-color":"var(--ast-global-color-4)","background-image":"","background-repeat":"repeat","background-position":"center center","background-size":"auto","background-attachment":"scroll","background-type":"","background-media":"","overlay-type":"","overlay-color":"","overlay-opacity":"","overlay-gradient":""},"tablet":{"background-color":"var(--ast-global-color-4)","background-image":"","background-repeat":"repeat","background-position":"center center","background-size":"auto","background-attachment":"scroll","background-type":"","background-media":"","overlay-type":"","overlay-color":"","overlay-opacity":"","overlay-gradient":""},"mobile":{"background-color":"var(--ast-global-color-4)","background-image":"","background-repeat":"repeat","background-position":"center center","background-size":"auto","background-attachment":"scroll","background-type":"","background-media":"","overlay-type":"","overlay-color":"","overlay-opacity":"","overlay-gradient":""}},"footnotes":""},"categories":[1,13,14],"tags":[84],"class_list":["post-11996","post","type-post","status-publish","format-standard","has-post-thumbnail","hentry","category-noticias","category-provinciales","category-rio-negro","tag-arsa"],"yoast_head":"<!-- This site is optimized with the Yoast SEO Premium plugin v23.0 (Yoast SEO v27.4) - https:\/\/yoast.com\/product\/yoast-seo-premium-wordpress\/ -->\n<title>Bariloche: Aguas Rionegrinas colabora con la CEB tras el alud en el Cerro Catedral<\/title>\n<meta name=\"robots\" content=\"index, follow, max-snippet:-1, max-image-preview:large, max-video-preview:-1\" \/>\n<link rel=\"canonical\" href=\"https:\/\/patagoniambiental.com.ar\/info\/bariloche-aguas-rionegrinas-colabora-con-la-ceb-tras-el-alud-en-el-cerro-catedral\/\" \/>\n<meta property=\"og:locale\" content=\"es_ES\" \/>\n<meta property=\"og:type\" content=\"article\" \/>\n<meta property=\"og:title\" content=\"Bariloche: Aguas Rionegrinas colabora con la CEB tras el alud en el Cerro Catedral\" \/>\n<meta property=\"og:description\" content=\"San Carlos de Bariloche.-La empresa estatal Aguas Rionegrinas colabora desde ayer con la Cooperativa de Electricidad de Bariloche (CEB) que [&hellip;]\" \/>\n<meta property=\"og:url\" content=\"https:\/\/patagoniambiental.com.ar\/info\/bariloche-aguas-rionegrinas-colabora-con-la-ceb-tras-el-alud-en-el-cerro-catedral\/\" \/>\n<meta property=\"og:site_name\" content=\"Patagonia Ambiental\" \/>\n<meta property=\"article:publisher\" content=\"https:\/\/www.facebook.com\/patagonia.ambiental\" \/>\n<meta property=\"article:author\" content=\"https:\/\/www.facebook.com\/share\/1C1V8Gv9BX\/?mibextid=qi2Omg\" \/>\n<meta property=\"article:published_time\" content=\"2015-06-11T12:00:07+00:00\" \/>\n<meta name=\"author\" content=\"Patagonia Ambiental\" \/>\n<meta name=\"twitter:card\" content=\"summary_large_image\" \/>\n<meta name=\"twitter:creator\" content=\"@PatAmb\" \/>\n<meta name=\"twitter:site\" content=\"@PatAmb\" \/>\n<script type=\"application\/ld+json\" class=\"yoast-schema-graph\">{\"@context\":\"https:\\\/\\\/schema.org\",\"@graph\":[{\"@type\":\"Article\",\"@id\":\"https:\\\/\\\/patagoniambiental.com.ar\\\/info\\\/bariloche-aguas-rionegrinas-colabora-con-la-ceb-tras-el-alud-en-el-cerro-catedral\\\/#article\",\"isPartOf\":{\"@id\":\"https:\\\/\\\/patagoniambiental.com.ar\\\/info\\\/bariloche-aguas-rionegrinas-colabora-con-la-ceb-tras-el-alud-en-el-cerro-catedral\\\/\"},\"author\":{\"name\":\"Patagonia Ambiental\",\"@id\":\"https:\\\/\\\/patagoniambiental.com.ar\\\/info\\\/#\\\/schema\\\/person\\\/db12bff64bbcbf6a253710bf0ea37b5d\"},\"headline\":\"Bariloche: Aguas Rionegrinas colabora con la CEB tras el alud en el Cerro Catedral\",\"datePublished\":\"2015-06-11T12:00:07+00:00\",\"mainEntityOfPage\":{\"@id\":\"https:\\\/\\\/patagoniambiental.com.ar\\\/info\\\/bariloche-aguas-rionegrinas-colabora-con-la-ceb-tras-el-alud-en-el-cerro-catedral\\\/\"},\"wordCount\":238,\"publisher\":{\"@id\":\"https:\\\/\\\/patagoniambiental.com.ar\\\/info\\\/#organization\"},\"image\":{\"@id\":\"https:\\\/\\\/patagoniambiental.com.ar\\\/info\\\/bariloche-aguas-rionegrinas-colabora-con-la-ceb-tras-el-alud-en-el-cerro-catedral\\\/#primaryimage\"},\"thumbnailUrl\":\"\",\"keywords\":[\"ARSA\"],\"articleSection\":[\"Noticias\",\"Provinciales\",\"R\u00edo Negro\"],\"inLanguage\":\"es\"},{\"@type\":\"WebPage\",\"@id\":\"https:\\\/\\\/patagoniambiental.com.ar\\\/info\\\/bariloche-aguas-rionegrinas-colabora-con-la-ceb-tras-el-alud-en-el-cerro-catedral\\\/\",\"url\":\"https:\\\/\\\/patagoniambiental.com.ar\\\/info\\\/bariloche-aguas-rionegrinas-colabora-con-la-ceb-tras-el-alud-en-el-cerro-catedral\\\/\",\"name\":\"Bariloche: Aguas Rionegrinas colabora con la CEB tras el alud en el Cerro Catedral\",\"isPartOf\":{\"@id\":\"https:\\\/\\\/patagoniambiental.com.ar\\\/info\\\/#website\"},\"primaryImageOfPage\":{\"@id\":\"https:\\\/\\\/patagoniambiental.com.ar\\\/info\\\/bariloche-aguas-rionegrinas-colabora-con-la-ceb-tras-el-alud-en-el-cerro-catedral\\\/#primaryimage\"},\"image\":{\"@id\":\"https:\\\/\\\/patagoniambiental.com.ar\\\/info\\\/bariloche-aguas-rionegrinas-colabora-con-la-ceb-tras-el-alud-en-el-cerro-catedral\\\/#primaryimage\"},\"thumbnailUrl\":\"\",\"datePublished\":\"2015-06-11T12:00:07+00:00\",\"breadcrumb\":{\"@id\":\"https:\\\/\\\/patagoniambiental.com.ar\\\/info\\\/bariloche-aguas-rionegrinas-colabora-con-la-ceb-tras-el-alud-en-el-cerro-catedral\\\/#breadcrumb\"},\"inLanguage\":\"es\",\"potentialAction\":[{\"@type\":\"ReadAction\",\"target\":[\"https:\\\/\\\/patagoniambiental.com.ar\\\/info\\\/bariloche-aguas-rionegrinas-colabora-con-la-ceb-tras-el-alud-en-el-cerro-catedral\\\/\"]}]},{\"@type\":\"ImageObject\",\"inLanguage\":\"es\",\"@id\":\"https:\\\/\\\/patagoniambiental.com.ar\\\/info\\\/bariloche-aguas-rionegrinas-colabora-con-la-ceb-tras-el-alud-en-el-cerro-catedral\\\/#primaryimage\",\"url\":\"\",\"contentUrl\":\"\"},{\"@type\":\"BreadcrumbList\",\"@id\":\"https:\\\/\\\/patagoniambiental.com.ar\\\/info\\\/bariloche-aguas-rionegrinas-colabora-con-la-ceb-tras-el-alud-en-el-cerro-catedral\\\/#breadcrumb\",\"itemListElement\":[{\"@type\":\"ListItem\",\"position\":1,\"name\":\"Inicio\",\"item\":\"https:\\\/\\\/patagoniambiental.com.ar\\\/info\\\/\"},{\"@type\":\"ListItem\",\"position\":2,\"name\":\"Bariloche: Aguas Rionegrinas colabora con la CEB tras el alud en el Cerro Catedral\"}]},{\"@type\":\"WebSite\",\"@id\":\"https:\\\/\\\/patagoniambiental.com.ar\\\/info\\\/#website\",\"url\":\"https:\\\/\\\/patagoniambiental.com.ar\\\/info\\\/\",\"name\":\"Patagonia Ambiental\",\"description\":\"Monitoreo y an\u00e1lisis de la situaci\u00f3n geopol\u00edtica en el mundo y su implicancia en la Patagonia\",\"publisher\":{\"@id\":\"https:\\\/\\\/patagoniambiental.com.ar\\\/info\\\/#organization\"},\"potentialAction\":[{\"@type\":\"SearchAction\",\"target\":{\"@type\":\"EntryPoint\",\"urlTemplate\":\"https:\\\/\\\/patagoniambiental.com.ar\\\/info\\\/?s={search_term_string}\"},\"query-input\":{\"@type\":\"PropertyValueSpecification\",\"valueRequired\":true,\"valueName\":\"search_term_string\"}}],\"inLanguage\":\"es\"},{\"@type\":\"Organization\",\"@id\":\"https:\\\/\\\/patagoniambiental.com.ar\\\/info\\\/#organization\",\"name\":\"Patagonia Ambiental\",\"url\":\"https:\\\/\\\/patagoniambiental.com.ar\\\/info\\\/\",\"logo\":{\"@type\":\"ImageObject\",\"inLanguage\":\"es\",\"@id\":\"https:\\\/\\\/patagoniambiental.com.ar\\\/info\\\/#\\\/schema\\\/logo\\\/image\\\/\",\"url\":\"https:\\\/\\\/patagoniambiental.com.ar\\\/info\\\/wp-content\\\/uploads\\\/2025\\\/05\\\/LOGO-PATAGONIA-AMBIENTAL.png\",\"contentUrl\":\"https:\\\/\\\/patagoniambiental.com.ar\\\/info\\\/wp-content\\\/uploads\\\/2025\\\/05\\\/LOGO-PATAGONIA-AMBIENTAL.png\",\"width\":433,\"height\":250,\"caption\":\"Patagonia Ambiental\"},\"image\":{\"@id\":\"https:\\\/\\\/patagoniambiental.com.ar\\\/info\\\/#\\\/schema\\\/logo\\\/image\\\/\"},\"sameAs\":[\"https:\\\/\\\/www.facebook.com\\\/patagonia.ambiental\",\"https:\\\/\\\/x.com\\\/PatAmb\"]},{\"@type\":\"Person\",\"@id\":\"https:\\\/\\\/patagoniambiental.com.ar\\\/info\\\/#\\\/schema\\\/person\\\/db12bff64bbcbf6a253710bf0ea37b5d\",\"name\":\"Patagonia Ambiental\",\"description\":\"Andr\u00e9s Nievas T\u00e9cnico en manejo ambiental, consultor Ambiental y escritor para medios locales e internacionales sobre temas de geopolitica y medio ambiente.\",\"sameAs\":[\"http:\\\/\\\/www.patagoniambiental.com.ar\",\"https:\\\/\\\/www.facebook.com\\\/share\\\/1C1V8Gv9BX\\\/?mibextid=qi2Omg\",\"@patagoniambiental\",\"https:\\\/\\\/youtube.com\\\/@patagoniaambiental2023?si=BLt58t0wuXquxlYZ\"]}]}<\/script>\n<!-- \/ Yoast SEO Premium plugin. -->","yoast_head_json":{"title":"Bariloche: Aguas Rionegrinas colabora con la CEB tras el alud en el Cerro Catedral","robots":{"index":"index","follow":"follow","max-snippet":"max-snippet:-1","max-image-preview":"max-image-preview:large","max-video-preview":"max-video-preview:-1"},"canonical":"https:\/\/patagoniambiental.com.ar\/info\/bariloche-aguas-rionegrinas-colabora-con-la-ceb-tras-el-alud-en-el-cerro-catedral\/","og_locale":"es_ES","og_type":"article","og_title":"Bariloche: Aguas Rionegrinas colabora con la CEB tras el alud en el Cerro Catedral","og_description":"San Carlos de Bariloche.-La empresa estatal Aguas Rionegrinas colabora desde ayer con la Cooperativa de Electricidad de Bariloche (CEB) que [&hellip;]","og_url":"https:\/\/patagoniambiental.com.ar\/info\/bariloche-aguas-rionegrinas-colabora-con-la-ceb-tras-el-alud-en-el-cerro-catedral\/","og_site_name":"Patagonia Ambiental","article_publisher":"https:\/\/www.facebook.com\/patagonia.ambiental","article_author":"https:\/\/www.facebook.com\/share\/1C1V8Gv9BX\/?mibextid=qi2Omg","article_published_time":"2015-06-11T12:00:07+00:00","author":"Patagonia Ambiental","twitter_card":"summary_large_image","twitter_creator":"@PatAmb","twitter_site":"@PatAmb","schema":{"@context":"https:\/\/schema.org","@graph":[{"@type":"Article","@id":"https:\/\/patagoniambiental.com.ar\/info\/bariloche-aguas-rionegrinas-colabora-con-la-ceb-tras-el-alud-en-el-cerro-catedral\/#article","isPartOf":{"@id":"https:\/\/patagoniambiental.com.ar\/info\/bariloche-aguas-rionegrinas-colabora-con-la-ceb-tras-el-alud-en-el-cerro-catedral\/"},"author":{"name":"Patagonia Ambiental","@id":"https:\/\/patagoniambiental.com.ar\/info\/#\/schema\/person\/db12bff64bbcbf6a253710bf0ea37b5d"},"headline":"Bariloche: Aguas Rionegrinas colabora con la CEB tras el alud en el Cerro Catedral","datePublished":"2015-06-11T12:00:07+00:00","mainEntityOfPage":{"@id":"https:\/\/patagoniambiental.com.ar\/info\/bariloche-aguas-rionegrinas-colabora-con-la-ceb-tras-el-alud-en-el-cerro-catedral\/"},"wordCount":238,"publisher":{"@id":"https:\/\/patagoniambiental.com.ar\/info\/#organization"},"image":{"@id":"https:\/\/patagoniambiental.com.ar\/info\/bariloche-aguas-rionegrinas-colabora-con-la-ceb-tras-el-alud-en-el-cerro-catedral\/#primaryimage"},"thumbnailUrl":"","keywords":["ARSA"],"articleSection":["Noticias","Provinciales","R\u00edo Negro"],"inLanguage":"es"},{"@type":"WebPage","@id":"https:\/\/patagoniambiental.com.ar\/info\/bariloche-aguas-rionegrinas-colabora-con-la-ceb-tras-el-alud-en-el-cerro-catedral\/","url":"https:\/\/patagoniambiental.com.ar\/info\/bariloche-aguas-rionegrinas-colabora-con-la-ceb-tras-el-alud-en-el-cerro-catedral\/","name":"Bariloche: Aguas Rionegrinas colabora con la CEB tras el alud en el Cerro Catedral","isPartOf":{"@id":"https:\/\/patagoniambiental.com.ar\/info\/#website"},"primaryImageOfPage":{"@id":"https:\/\/patagoniambiental.com.ar\/info\/bariloche-aguas-rionegrinas-colabora-con-la-ceb-tras-el-alud-en-el-cerro-catedral\/#primaryimage"},"image":{"@id":"https:\/\/patagoniambiental.com.ar\/info\/bariloche-aguas-rionegrinas-colabora-con-la-ceb-tras-el-alud-en-el-cerro-catedral\/#primaryimage"},"thumbnailUrl":"","datePublished":"2015-06-11T12:00:07+00:00","breadcrumb":{"@id":"https:\/\/patagoniambiental.com.ar\/info\/bariloche-aguas-rionegrinas-colabora-con-la-ceb-tras-el-alud-en-el-cerro-catedral\/#breadcrumb"},"inLanguage":"es","potentialAction":[{"@type":"ReadAction","target":["https:\/\/patagoniambiental.com.ar\/info\/bariloche-aguas-rionegrinas-colabora-con-la-ceb-tras-el-alud-en-el-cerro-catedral\/"]}]},{"@type":"ImageObject","inLanguage":"es","@id":"https:\/\/patagoniambiental.com.ar\/info\/bariloche-aguas-rionegrinas-colabora-con-la-ceb-tras-el-alud-en-el-cerro-catedral\/#primaryimage","url":"","contentUrl":""},{"@type":"BreadcrumbList","@id":"https:\/\/patagoniambiental.com.ar\/info\/bariloche-aguas-rionegrinas-colabora-con-la-ceb-tras-el-alud-en-el-cerro-catedral\/#breadcrumb","itemListElement":[{"@type":"ListItem","position":1,"name":"Inicio","item":"https:\/\/patagoniambiental.com.ar\/info\/"},{"@type":"ListItem","position":2,"name":"Bariloche: Aguas Rionegrinas colabora con la CEB tras el alud en el Cerro Catedral"}]},{"@type":"WebSite","@id":"https:\/\/patagoniambiental.com.ar\/info\/#website","url":"https:\/\/patagoniambiental.com.ar\/info\/","name":"Patagonia Ambiental","description":"Monitoreo y an\u00e1lisis de la situaci\u00f3n geopol\u00edtica en el mundo y su implicancia en la Patagonia","publisher":{"@id":"https:\/\/patagoniambiental.com.ar\/info\/#organization"},"potentialAction":[{"@type":"SearchAction","target":{"@type":"EntryPoint","urlTemplate":"https:\/\/patagoniambiental.com.ar\/info\/?s={search_term_string}"},"query-input":{"@type":"PropertyValueSpecification","valueRequired":true,"valueName":"search_term_string"}}],"inLanguage":"es"},{"@type":"Organization","@id":"https:\/\/patagoniambiental.com.ar\/info\/#organization","name":"Patagonia Ambiental","url":"https:\/\/patagoniambiental.com.ar\/info\/","logo":{"@type":"ImageObject","inLanguage":"es","@id":"https:\/\/patagoniambiental.com.ar\/info\/#\/schema\/logo\/image\/","url":"https:\/\/patagoniambiental.com.ar\/info\/wp-content\/uploads\/2025\/05\/LOGO-PATAGONIA-AMBIENTAL.png","contentUrl":"https:\/\/patagoniambiental.com.ar\/info\/wp-content\/uploads\/2025\/05\/LOGO-PATAGONIA-AMBIENTAL.png","width":433,"height":250,"caption":"Patagonia Ambiental"},"image":{"@id":"https:\/\/patagoniambiental.com.ar\/info\/#\/schema\/logo\/image\/"},"sameAs":["https:\/\/www.facebook.com\/patagonia.ambiental","https:\/\/x.com\/PatAmb"]},{"@type":"Person","@id":"https:\/\/patagoniambiental.com.ar\/info\/#\/schema\/person\/db12bff64bbcbf6a253710bf0ea37b5d","name":"Patagonia Ambiental","description":"Andr\u00e9s Nievas T\u00e9cnico en manejo ambiental, consultor Ambiental y escritor para medios locales e internacionales sobre temas de geopolitica y medio ambiente.","sameAs":["http:\/\/www.patagoniambiental.com.ar","https:\/\/www.facebook.com\/share\/1C1V8Gv9BX\/?mibextid=qi2Omg","@patagoniambiental","https:\/\/youtube.com\/@patagoniaambiental2023?si=BLt58t0wuXquxlYZ"]}]}},"_links":{"self":[{"href":"https:\/\/patagoniambiental.com.ar\/info\/wp-json\/wp\/v2\/posts\/11996","targetHints":{"allow":["GET"]}}],"collection":[{"href":"https:\/\/patagoniambiental.com.ar\/info\/wp-json\/wp\/v2\/posts"}],"about":[{"href":"https:\/\/patagoniambiental.com.ar\/info\/wp-json\/wp\/v2\/types\/post"}],"author":[{"embeddable":true,"href":"https:\/\/patagoniambiental.com.ar\/info\/wp-json\/wp\/v2\/users\/2"}],"replies":[{"embeddable":true,"href":"https:\/\/patagoniambiental.com.ar\/info\/wp-json\/wp\/v2\/comments?post=11996"}],"version-history":[{"count":0,"href":"https:\/\/patagoniambiental.com.ar\/info\/wp-json\/wp\/v2\/posts\/11996\/revisions"}],"wp:featuredmedia":[{"embeddable":true,"href":"https:\/\/patagoniambiental.com.ar\/info\/wp-json\/"}],"wp:attachment":[{"href":"https:\/\/patagoniambiental.com.ar\/info\/wp-json\/wp\/v2\/media?parent=11996"}],"wp:term":[{"taxonomy":"category","embeddable":true,"href":"https:\/\/patagoniambiental.com.ar\/info\/wp-json\/wp\/v2\/categories?post=11996"},{"taxonomy":"post_tag","embeddable":true,"href":"https:\/\/patagoniambiental.com.ar\/info\/wp-json\/wp\/v2\/tags?post=11996"}],"curies":[{"name":"wp","href":"https:\/\/api.w.org\/{rel}","templated":true}]}}