{"id":12079,"date":"2015-06-15T19:00:51","date_gmt":"2015-06-15T22:00:51","guid":{"rendered":"http:\/\/patagoniambiental.com.ar\/?p=12079"},"modified":"2015-06-15T19:00:51","modified_gmt":"2015-06-15T22:00:51","slug":"el-dpa-licito-la-obra-de-mantenimiento-de-la-central-hidroelectrica-julian-romero","status":"publish","type":"post","link":"https:\/\/patagoniambiental.com.ar\/info\/el-dpa-licito-la-obra-de-mantenimiento-de-la-central-hidroelectrica-julian-romero\/","title":{"rendered":"El DPA licit\u00f3 la obra de mantenimiento de la Central Hidroel\u00e9ctrica Juli\u00e1n Romero"},"content":{"rendered":"<p>El Departamento Provincial de Aguas licit\u00f3 el viernes la obra de mantenimiento sobre el revestimiento de hormig\u00f3n existente en los canales de aducci\u00f3n y restituci\u00f3n de la Central Hidroel\u00e9ctrica Juli\u00e1n Romero.<!--more--><\/p>\n<p>&nbsp;<\/p>\n<p>La obra insume un presupuesto oficial de $1.504.625 que ser\u00e1n financiados por el Estado provincial.<\/p>\n<p>Su concreci\u00f3n, permitir\u00e1 el funcionamiento \u00f3ptimo de la central que posee mediante dos turbinas, una potencia instalada de 5,52 MW. En este sentido se mejorar\u00e1 adem\u00e1s la generaci\u00f3n de energ\u00eda en la central, que se destina al sistema interconectado nacional a trav\u00e9s de la Compa\u00f1\u00eda Administradora del Mercado Mayorista El\u00e9ctrico S.A (CAMMESA).<\/p>\n<p>En esta oportunidad, present\u00f3 una oferta la empresa KAISEN SRL, cotizando las tareas en un monto de $1.725.688. Dicha oferta ser\u00e1 correspondientemente evaluada.<\/p>\n<p>El evento estuvo encabezado por el intendente general del DPA Nicola Fant\u00f3n. Tambi\u00e9n estuvieron presentes el intendente de Hidr\u00e1ulica y Saneamiento, Carlos Selzer; Gonzalo Asencio; Claudio Dom\u00ednguez del \u00e1rea de Compras; y desde la empresa oferente asisti\u00f3 Rodrigo Muga.<\/p>\n<p>La Central Hidroel\u00e9ctrica Juli\u00e1n Romero, posee canales que superan 50 a\u00f1os de antig\u00fcedad, por esto la puesta en marcha de esta importante obra, encarada por el Gobierno de R\u00edo Negro, mejorar\u00e1 notablemente la estabilidad de los taludes y asegurar\u00e1 la operatividad de dicha central. Las tareas se llevar\u00e1n a cabo sobre el Canal Principal de riego del Sistema Alto Valle, presentan un plazo de ejecuci\u00f3n es de 60 d\u00edas corridos a partir de la fecha del replanteo.<\/p>\n<p>D esta forma, las tareas se realizar\u00e1n a partir de la progresiva km 18, 420, de Cinco Saltos, comprendiendo la reparaci\u00f3n de los pa\u00f1os de hormig\u00f3n de taludes y\/o solera en el canal aductor, y en el de restituci\u00f3n de la Central. De este modo, se har\u00e1 el remplazo de los pa\u00f1os m\u00e1s da\u00f1ados que ser\u00e1n seleccionados previamente antes del inicio de los trabajos.<\/p>\n<p>Asimismo, se continuar\u00e1 con labores de demolici\u00f3n de las losas seleccionadas, extracci\u00f3n de escombros, recomposici\u00f3n de base con suelos compactados y ejecuci\u00f3n de nueva losa de hormig\u00f3n. Tambi\u00e9n se har\u00e1 la reparaci\u00f3n y reacondicionamiento de juntas de dilataci\u00f3n de los pa\u00f1os existentes, cuya tarea posibilitar\u00e1 un \u00f3ptimo paso del agua por debajo del revestimiento.<\/p>\n<p>Fuente: Gobierno de Rio Negro<\/p>\n<p>&nbsp;<\/p>\n","protected":false},"excerpt":{"rendered":"<p>El Departamento Provincial de Aguas licit\u00f3 el viernes la obra de mantenimiento sobre el revestimiento de hormig\u00f3n existente en los [&hellip;]<\/p>\n","protected":false},"author":2,"featured_media":12080,"comment_status":"closed","ping_status":"closed","sticky":false,"template":"","format":"standard","meta":{"site-sidebar-layout":"default","site-content-layout":"","ast-site-content-layout":"default","site-content-style":"default","site-sidebar-style":"default","ast-global-header-display":"","ast-banner-title-visibility":"","ast-main-header-display":"","ast-hfb-above-header-display":"","ast-hfb-below-header-display":"","ast-hfb-mobile-header-display":"","site-post-title":"","ast-breadcrumbs-content":"","ast-featured-img":"","footer-sml-layout":"","ast-disable-related-posts":"","theme-transparent-header-meta":"","adv-header-id-meta":"","stick-header-meta":"","header-above-stick-meta":"","header-main-stick-meta":"","header-below-stick-meta":"","astra-migrate-meta-layouts":"default","ast-page-background-enabled":"default","ast-page-background-meta":{"desktop":{"background-color":"var(--ast-global-color-5)","background-image":"","background-repeat":"repeat","background-position":"center center","background-size":"auto","background-attachment":"scroll","background-type":"","background-media":"","overlay-type":"","overlay-color":"","overlay-opacity":"","overlay-gradient":""},"tablet":{"background-color":"","background-image":"","background-repeat":"repeat","background-position":"center center","background-size":"auto","background-attachment":"scroll","background-type":"","background-media":"","overlay-type":"","overlay-color":"","overlay-opacity":"","overlay-gradient":""},"mobile":{"background-color":"","background-image":"","background-repeat":"repeat","background-position":"center center","background-size":"auto","background-attachment":"scroll","background-type":"","background-media":"","overlay-type":"","overlay-color":"","overlay-opacity":"","overlay-gradient":""}},"ast-content-background-meta":{"desktop":{"background-color":"var(--ast-global-color-4)","background-image":"","background-repeat":"repeat","background-position":"center center","background-size":"auto","background-attachment":"scroll","background-type":"","background-media":"","overlay-type":"","overlay-color":"","overlay-opacity":"","overlay-gradient":""},"tablet":{"background-color":"var(--ast-global-color-4)","background-image":"","background-repeat":"repeat","background-position":"center center","background-size":"auto","background-attachment":"scroll","background-type":"","background-media":"","overlay-type":"","overlay-color":"","overlay-opacity":"","overlay-gradient":""},"mobile":{"background-color":"var(--ast-global-color-4)","background-image":"","background-repeat":"repeat","background-position":"center center","background-size":"auto","background-attachment":"scroll","background-type":"","background-media":"","overlay-type":"","overlay-color":"","overlay-opacity":"","overlay-gradient":""}},"footnotes":""},"categories":[1,13,14],"tags":[89],"class_list":["post-12079","post","type-post","status-publish","format-standard","has-post-thumbnail","hentry","category-noticias","category-provinciales","category-rio-negro","tag-dpa"],"yoast_head":"<!-- This site is optimized with the Yoast SEO Premium plugin v23.0 (Yoast SEO v27.4) - https:\/\/yoast.com\/product\/yoast-seo-premium-wordpress\/ -->\n<title>El DPA licit\u00f3 la obra de mantenimiento de la Central Hidroel\u00e9ctrica Juli\u00e1n Romero<\/title>\n<meta name=\"robots\" content=\"index, follow, max-snippet:-1, max-image-preview:large, max-video-preview:-1\" \/>\n<link rel=\"canonical\" href=\"https:\/\/patagoniambiental.com.ar\/info\/el-dpa-licito-la-obra-de-mantenimiento-de-la-central-hidroelectrica-julian-romero\/\" \/>\n<meta property=\"og:locale\" content=\"es_ES\" \/>\n<meta property=\"og:type\" content=\"article\" \/>\n<meta property=\"og:title\" content=\"El DPA licit\u00f3 la obra de mantenimiento de la Central Hidroel\u00e9ctrica Juli\u00e1n Romero\" \/>\n<meta property=\"og:description\" content=\"El Departamento Provincial de Aguas licit\u00f3 el viernes la obra de mantenimiento sobre el revestimiento de hormig\u00f3n existente en los [&hellip;]\" \/>\n<meta property=\"og:url\" content=\"https:\/\/patagoniambiental.com.ar\/info\/el-dpa-licito-la-obra-de-mantenimiento-de-la-central-hidroelectrica-julian-romero\/\" \/>\n<meta property=\"og:site_name\" content=\"Patagonia Ambiental\" \/>\n<meta property=\"article:publisher\" content=\"https:\/\/www.facebook.com\/patagonia.ambiental\" \/>\n<meta property=\"article:author\" content=\"https:\/\/www.facebook.com\/share\/1C1V8Gv9BX\/?mibextid=qi2Omg\" \/>\n<meta property=\"article:published_time\" content=\"2015-06-15T22:00:51+00:00\" \/>\n<meta name=\"author\" content=\"Patagonia Ambiental\" \/>\n<meta name=\"twitter:card\" content=\"summary_large_image\" \/>\n<meta name=\"twitter:creator\" content=\"@PatAmb\" \/>\n<meta name=\"twitter:site\" content=\"@PatAmb\" \/>\n<script type=\"application\/ld+json\" class=\"yoast-schema-graph\">{\"@context\":\"https:\\\/\\\/schema.org\",\"@graph\":[{\"@type\":\"Article\",\"@id\":\"https:\\\/\\\/patagoniambiental.com.ar\\\/info\\\/el-dpa-licito-la-obra-de-mantenimiento-de-la-central-hidroelectrica-julian-romero\\\/#article\",\"isPartOf\":{\"@id\":\"https:\\\/\\\/patagoniambiental.com.ar\\\/info\\\/el-dpa-licito-la-obra-de-mantenimiento-de-la-central-hidroelectrica-julian-romero\\\/\"},\"author\":{\"name\":\"Patagonia Ambiental\",\"@id\":\"https:\\\/\\\/patagoniambiental.com.ar\\\/info\\\/#\\\/schema\\\/person\\\/db12bff64bbcbf6a253710bf0ea37b5d\"},\"headline\":\"El DPA licit\u00f3 la obra de mantenimiento de la Central Hidroel\u00e9ctrica Juli\u00e1n Romero\",\"datePublished\":\"2015-06-15T22:00:51+00:00\",\"mainEntityOfPage\":{\"@id\":\"https:\\\/\\\/patagoniambiental.com.ar\\\/info\\\/el-dpa-licito-la-obra-de-mantenimiento-de-la-central-hidroelectrica-julian-romero\\\/\"},\"wordCount\":415,\"publisher\":{\"@id\":\"https:\\\/\\\/patagoniambiental.com.ar\\\/info\\\/#organization\"},\"image\":{\"@id\":\"https:\\\/\\\/patagoniambiental.com.ar\\\/info\\\/el-dpa-licito-la-obra-de-mantenimiento-de-la-central-hidroelectrica-julian-romero\\\/#primaryimage\"},\"thumbnailUrl\":\"\",\"keywords\":[\"DPA\"],\"articleSection\":[\"Noticias\",\"Provinciales\",\"R\u00edo Negro\"],\"inLanguage\":\"es\"},{\"@type\":\"WebPage\",\"@id\":\"https:\\\/\\\/patagoniambiental.com.ar\\\/info\\\/el-dpa-licito-la-obra-de-mantenimiento-de-la-central-hidroelectrica-julian-romero\\\/\",\"url\":\"https:\\\/\\\/patagoniambiental.com.ar\\\/info\\\/el-dpa-licito-la-obra-de-mantenimiento-de-la-central-hidroelectrica-julian-romero\\\/\",\"name\":\"El DPA licit\u00f3 la obra de mantenimiento de la Central Hidroel\u00e9ctrica Juli\u00e1n Romero\",\"isPartOf\":{\"@id\":\"https:\\\/\\\/patagoniambiental.com.ar\\\/info\\\/#website\"},\"primaryImageOfPage\":{\"@id\":\"https:\\\/\\\/patagoniambiental.com.ar\\\/info\\\/el-dpa-licito-la-obra-de-mantenimiento-de-la-central-hidroelectrica-julian-romero\\\/#primaryimage\"},\"image\":{\"@id\":\"https:\\\/\\\/patagoniambiental.com.ar\\\/info\\\/el-dpa-licito-la-obra-de-mantenimiento-de-la-central-hidroelectrica-julian-romero\\\/#primaryimage\"},\"thumbnailUrl\":\"\",\"datePublished\":\"2015-06-15T22:00:51+00:00\",\"breadcrumb\":{\"@id\":\"https:\\\/\\\/patagoniambiental.com.ar\\\/info\\\/el-dpa-licito-la-obra-de-mantenimiento-de-la-central-hidroelectrica-julian-romero\\\/#breadcrumb\"},\"inLanguage\":\"es\",\"potentialAction\":[{\"@type\":\"ReadAction\",\"target\":[\"https:\\\/\\\/patagoniambiental.com.ar\\\/info\\\/el-dpa-licito-la-obra-de-mantenimiento-de-la-central-hidroelectrica-julian-romero\\\/\"]}]},{\"@type\":\"ImageObject\",\"inLanguage\":\"es\",\"@id\":\"https:\\\/\\\/patagoniambiental.com.ar\\\/info\\\/el-dpa-licito-la-obra-de-mantenimiento-de-la-central-hidroelectrica-julian-romero\\\/#primaryimage\",\"url\":\"\",\"contentUrl\":\"\"},{\"@type\":\"BreadcrumbList\",\"@id\":\"https:\\\/\\\/patagoniambiental.com.ar\\\/info\\\/el-dpa-licito-la-obra-de-mantenimiento-de-la-central-hidroelectrica-julian-romero\\\/#breadcrumb\",\"itemListElement\":[{\"@type\":\"ListItem\",\"position\":1,\"name\":\"Inicio\",\"item\":\"https:\\\/\\\/patagoniambiental.com.ar\\\/info\\\/\"},{\"@type\":\"ListItem\",\"position\":2,\"name\":\"El DPA licit\u00f3 la obra de mantenimiento de la Central Hidroel\u00e9ctrica Juli\u00e1n Romero\"}]},{\"@type\":\"WebSite\",\"@id\":\"https:\\\/\\\/patagoniambiental.com.ar\\\/info\\\/#website\",\"url\":\"https:\\\/\\\/patagoniambiental.com.ar\\\/info\\\/\",\"name\":\"Patagonia Ambiental\",\"description\":\"Monitoreo y an\u00e1lisis de la situaci\u00f3n geopol\u00edtica en el mundo y su implicancia en la Patagonia\",\"publisher\":{\"@id\":\"https:\\\/\\\/patagoniambiental.com.ar\\\/info\\\/#organization\"},\"potentialAction\":[{\"@type\":\"SearchAction\",\"target\":{\"@type\":\"EntryPoint\",\"urlTemplate\":\"https:\\\/\\\/patagoniambiental.com.ar\\\/info\\\/?s={search_term_string}\"},\"query-input\":{\"@type\":\"PropertyValueSpecification\",\"valueRequired\":true,\"valueName\":\"search_term_string\"}}],\"inLanguage\":\"es\"},{\"@type\":\"Organization\",\"@id\":\"https:\\\/\\\/patagoniambiental.com.ar\\\/info\\\/#organization\",\"name\":\"Patagonia Ambiental\",\"url\":\"https:\\\/\\\/patagoniambiental.com.ar\\\/info\\\/\",\"logo\":{\"@type\":\"ImageObject\",\"inLanguage\":\"es\",\"@id\":\"https:\\\/\\\/patagoniambiental.com.ar\\\/info\\\/#\\\/schema\\\/logo\\\/image\\\/\",\"url\":\"https:\\\/\\\/patagoniambiental.com.ar\\\/info\\\/wp-content\\\/uploads\\\/2025\\\/05\\\/LOGO-PATAGONIA-AMBIENTAL.png\",\"contentUrl\":\"https:\\\/\\\/patagoniambiental.com.ar\\\/info\\\/wp-content\\\/uploads\\\/2025\\\/05\\\/LOGO-PATAGONIA-AMBIENTAL.png\",\"width\":433,\"height\":250,\"caption\":\"Patagonia Ambiental\"},\"image\":{\"@id\":\"https:\\\/\\\/patagoniambiental.com.ar\\\/info\\\/#\\\/schema\\\/logo\\\/image\\\/\"},\"sameAs\":[\"https:\\\/\\\/www.facebook.com\\\/patagonia.ambiental\",\"https:\\\/\\\/x.com\\\/PatAmb\"]},{\"@type\":\"Person\",\"@id\":\"https:\\\/\\\/patagoniambiental.com.ar\\\/info\\\/#\\\/schema\\\/person\\\/db12bff64bbcbf6a253710bf0ea37b5d\",\"name\":\"Patagonia Ambiental\",\"description\":\"Andr\u00e9s Nievas T\u00e9cnico en manejo ambiental, consultor Ambiental y escritor para medios locales e internacionales sobre temas de geopolitica y medio ambiente.\",\"sameAs\":[\"http:\\\/\\\/www.patagoniambiental.com.ar\",\"https:\\\/\\\/www.facebook.com\\\/share\\\/1C1V8Gv9BX\\\/?mibextid=qi2Omg\",\"@patagoniambiental\",\"https:\\\/\\\/youtube.com\\\/@patagoniaambiental2023?si=BLt58t0wuXquxlYZ\"]}]}<\/script>\n<!-- \/ Yoast SEO Premium plugin. -->","yoast_head_json":{"title":"El DPA licit\u00f3 la obra de mantenimiento de la Central Hidroel\u00e9ctrica Juli\u00e1n Romero","robots":{"index":"index","follow":"follow","max-snippet":"max-snippet:-1","max-image-preview":"max-image-preview:large","max-video-preview":"max-video-preview:-1"},"canonical":"https:\/\/patagoniambiental.com.ar\/info\/el-dpa-licito-la-obra-de-mantenimiento-de-la-central-hidroelectrica-julian-romero\/","og_locale":"es_ES","og_type":"article","og_title":"El DPA licit\u00f3 la obra de mantenimiento de la Central Hidroel\u00e9ctrica Juli\u00e1n Romero","og_description":"El Departamento Provincial de Aguas licit\u00f3 el viernes la obra de mantenimiento sobre el revestimiento de hormig\u00f3n existente en los [&hellip;]","og_url":"https:\/\/patagoniambiental.com.ar\/info\/el-dpa-licito-la-obra-de-mantenimiento-de-la-central-hidroelectrica-julian-romero\/","og_site_name":"Patagonia Ambiental","article_publisher":"https:\/\/www.facebook.com\/patagonia.ambiental","article_author":"https:\/\/www.facebook.com\/share\/1C1V8Gv9BX\/?mibextid=qi2Omg","article_published_time":"2015-06-15T22:00:51+00:00","author":"Patagonia Ambiental","twitter_card":"summary_large_image","twitter_creator":"@PatAmb","twitter_site":"@PatAmb","schema":{"@context":"https:\/\/schema.org","@graph":[{"@type":"Article","@id":"https:\/\/patagoniambiental.com.ar\/info\/el-dpa-licito-la-obra-de-mantenimiento-de-la-central-hidroelectrica-julian-romero\/#article","isPartOf":{"@id":"https:\/\/patagoniambiental.com.ar\/info\/el-dpa-licito-la-obra-de-mantenimiento-de-la-central-hidroelectrica-julian-romero\/"},"author":{"name":"Patagonia Ambiental","@id":"https:\/\/patagoniambiental.com.ar\/info\/#\/schema\/person\/db12bff64bbcbf6a253710bf0ea37b5d"},"headline":"El DPA licit\u00f3 la obra de mantenimiento de la Central Hidroel\u00e9ctrica Juli\u00e1n Romero","datePublished":"2015-06-15T22:00:51+00:00","mainEntityOfPage":{"@id":"https:\/\/patagoniambiental.com.ar\/info\/el-dpa-licito-la-obra-de-mantenimiento-de-la-central-hidroelectrica-julian-romero\/"},"wordCount":415,"publisher":{"@id":"https:\/\/patagoniambiental.com.ar\/info\/#organization"},"image":{"@id":"https:\/\/patagoniambiental.com.ar\/info\/el-dpa-licito-la-obra-de-mantenimiento-de-la-central-hidroelectrica-julian-romero\/#primaryimage"},"thumbnailUrl":"","keywords":["DPA"],"articleSection":["Noticias","Provinciales","R\u00edo Negro"],"inLanguage":"es"},{"@type":"WebPage","@id":"https:\/\/patagoniambiental.com.ar\/info\/el-dpa-licito-la-obra-de-mantenimiento-de-la-central-hidroelectrica-julian-romero\/","url":"https:\/\/patagoniambiental.com.ar\/info\/el-dpa-licito-la-obra-de-mantenimiento-de-la-central-hidroelectrica-julian-romero\/","name":"El DPA licit\u00f3 la obra de mantenimiento de la Central Hidroel\u00e9ctrica Juli\u00e1n Romero","isPartOf":{"@id":"https:\/\/patagoniambiental.com.ar\/info\/#website"},"primaryImageOfPage":{"@id":"https:\/\/patagoniambiental.com.ar\/info\/el-dpa-licito-la-obra-de-mantenimiento-de-la-central-hidroelectrica-julian-romero\/#primaryimage"},"image":{"@id":"https:\/\/patagoniambiental.com.ar\/info\/el-dpa-licito-la-obra-de-mantenimiento-de-la-central-hidroelectrica-julian-romero\/#primaryimage"},"thumbnailUrl":"","datePublished":"2015-06-15T22:00:51+00:00","breadcrumb":{"@id":"https:\/\/patagoniambiental.com.ar\/info\/el-dpa-licito-la-obra-de-mantenimiento-de-la-central-hidroelectrica-julian-romero\/#breadcrumb"},"inLanguage":"es","potentialAction":[{"@type":"ReadAction","target":["https:\/\/patagoniambiental.com.ar\/info\/el-dpa-licito-la-obra-de-mantenimiento-de-la-central-hidroelectrica-julian-romero\/"]}]},{"@type":"ImageObject","inLanguage":"es","@id":"https:\/\/patagoniambiental.com.ar\/info\/el-dpa-licito-la-obra-de-mantenimiento-de-la-central-hidroelectrica-julian-romero\/#primaryimage","url":"","contentUrl":""},{"@type":"BreadcrumbList","@id":"https:\/\/patagoniambiental.com.ar\/info\/el-dpa-licito-la-obra-de-mantenimiento-de-la-central-hidroelectrica-julian-romero\/#breadcrumb","itemListElement":[{"@type":"ListItem","position":1,"name":"Inicio","item":"https:\/\/patagoniambiental.com.ar\/info\/"},{"@type":"ListItem","position":2,"name":"El DPA licit\u00f3 la obra de mantenimiento de la Central Hidroel\u00e9ctrica Juli\u00e1n Romero"}]},{"@type":"WebSite","@id":"https:\/\/patagoniambiental.com.ar\/info\/#website","url":"https:\/\/patagoniambiental.com.ar\/info\/","name":"Patagonia Ambiental","description":"Monitoreo y an\u00e1lisis de la situaci\u00f3n geopol\u00edtica en el mundo y su implicancia en la Patagonia","publisher":{"@id":"https:\/\/patagoniambiental.com.ar\/info\/#organization"},"potentialAction":[{"@type":"SearchAction","target":{"@type":"EntryPoint","urlTemplate":"https:\/\/patagoniambiental.com.ar\/info\/?s={search_term_string}"},"query-input":{"@type":"PropertyValueSpecification","valueRequired":true,"valueName":"search_term_string"}}],"inLanguage":"es"},{"@type":"Organization","@id":"https:\/\/patagoniambiental.com.ar\/info\/#organization","name":"Patagonia Ambiental","url":"https:\/\/patagoniambiental.com.ar\/info\/","logo":{"@type":"ImageObject","inLanguage":"es","@id":"https:\/\/patagoniambiental.com.ar\/info\/#\/schema\/logo\/image\/","url":"https:\/\/patagoniambiental.com.ar\/info\/wp-content\/uploads\/2025\/05\/LOGO-PATAGONIA-AMBIENTAL.png","contentUrl":"https:\/\/patagoniambiental.com.ar\/info\/wp-content\/uploads\/2025\/05\/LOGO-PATAGONIA-AMBIENTAL.png","width":433,"height":250,"caption":"Patagonia Ambiental"},"image":{"@id":"https:\/\/patagoniambiental.com.ar\/info\/#\/schema\/logo\/image\/"},"sameAs":["https:\/\/www.facebook.com\/patagonia.ambiental","https:\/\/x.com\/PatAmb"]},{"@type":"Person","@id":"https:\/\/patagoniambiental.com.ar\/info\/#\/schema\/person\/db12bff64bbcbf6a253710bf0ea37b5d","name":"Patagonia Ambiental","description":"Andr\u00e9s Nievas T\u00e9cnico en manejo ambiental, consultor Ambiental y escritor para medios locales e internacionales sobre temas de geopolitica y medio ambiente.","sameAs":["http:\/\/www.patagoniambiental.com.ar","https:\/\/www.facebook.com\/share\/1C1V8Gv9BX\/?mibextid=qi2Omg","@patagoniambiental","https:\/\/youtube.com\/@patagoniaambiental2023?si=BLt58t0wuXquxlYZ"]}]}},"_links":{"self":[{"href":"https:\/\/patagoniambiental.com.ar\/info\/wp-json\/wp\/v2\/posts\/12079","targetHints":{"allow":["GET"]}}],"collection":[{"href":"https:\/\/patagoniambiental.com.ar\/info\/wp-json\/wp\/v2\/posts"}],"about":[{"href":"https:\/\/patagoniambiental.com.ar\/info\/wp-json\/wp\/v2\/types\/post"}],"author":[{"embeddable":true,"href":"https:\/\/patagoniambiental.com.ar\/info\/wp-json\/wp\/v2\/users\/2"}],"replies":[{"embeddable":true,"href":"https:\/\/patagoniambiental.com.ar\/info\/wp-json\/wp\/v2\/comments?post=12079"}],"version-history":[{"count":0,"href":"https:\/\/patagoniambiental.com.ar\/info\/wp-json\/wp\/v2\/posts\/12079\/revisions"}],"wp:featuredmedia":[{"embeddable":true,"href":"https:\/\/patagoniambiental.com.ar\/info\/wp-json\/"}],"wp:attachment":[{"href":"https:\/\/patagoniambiental.com.ar\/info\/wp-json\/wp\/v2\/media?parent=12079"}],"wp:term":[{"taxonomy":"category","embeddable":true,"href":"https:\/\/patagoniambiental.com.ar\/info\/wp-json\/wp\/v2\/categories?post=12079"},{"taxonomy":"post_tag","embeddable":true,"href":"https:\/\/patagoniambiental.com.ar\/info\/wp-json\/wp\/v2\/tags?post=12079"}],"curies":[{"name":"wp","href":"https:\/\/api.w.org\/{rel}","templated":true}]}}