{"id":12102,"date":"2015-06-16T19:00:47","date_gmt":"2015-06-16T22:00:47","guid":{"rendered":"http:\/\/patagoniambiental.com.ar\/?p=12102"},"modified":"2015-06-16T19:00:47","modified_gmt":"2015-06-16T22:00:47","slug":"dia-mundial-del-medio-ambiente-la-untdf-participo-en-las-ii-jornadas-provinciales-de-medio-ambiente","status":"publish","type":"post","link":"https:\/\/patagoniambiental.com.ar\/info\/dia-mundial-del-medio-ambiente-la-untdf-participo-en-las-ii-jornadas-provinciales-de-medio-ambiente\/","title":{"rendered":"D\u00cdA MUNDIAL DEL MEDIO AMBIENTE: La UNTDF particip\u00f3 en las II Jornadas Provinciales de Medio Ambiente"},"content":{"rendered":"<p>Ushuaia.-El debate sobre problem\u00e1tica socio-ambiental en Tierra del Fuego fue impulsado por la Secretar\u00eda Provincial de Desarrollo Sustentable y Ambiente con el objetivo de instalar la gesti\u00f3n ambiental como tema prioritario en la agenda p\u00fablica.<!--more--><\/p>\n<p>En el marco de las celebraciones del \u201cD\u00eda Mundial del Medio Ambiente\u201d, la Universidad Nacional de Tierra del Fuego particip\u00f3 de las II Jornadas Provinciales que abordan esta problem\u00e1tica, impulsadas junto a la Secretar\u00eda Provincial de Desarrollo Sustentable y Ambiente.<br \/>\nEl espacio de encuentro realizado el jueves en R\u00edo Grande y el viernes en Ushuaia tuvo como tema central la Ecolog\u00eda Urbana; ocasi\u00f3n en la que se busc\u00f3 poner de manera multisectorial un an\u00e1lisis integral sobre los problemas socio\u2013ambientales existentes en los ejidos urbanos de Tierra del Fuego.<br \/>\nParticiparon especialistas, t\u00e9cnicos, investigadores y representantes de asociaciones ambientalistas, que dictaron conferencias y propiciaron espacios de reflexi\u00f3n sobre tem\u00e1ticas como: la gesti\u00f3n integral de los residuos; los recursos h\u00eddricos de la regi\u00f3n y la educaci\u00f3n ambiental, entre otros.<br \/>\nEn esta ocasi\u00f3n el rector organizador de la UNTDF, Roberto Domecq, quien estuvo a cargo de la apertura del evento, expres\u00f3: \u201cLa Universidad acompa\u00f1a estas jornadas asumiendo la problem\u00e1tica ambiental en el territorio y con cierto \u00e9nfasis en lo que es el desarrollo sostenible\u201d, asimismo sostuvo que \u201cla UNTDF analiza de qu\u00e9 manera puede aportar en estos temas, que son necesarios abordar desde tres dimensiones, desde los problemas locales, los problemas de tipo nacional y los cambios globales\u201d.<br \/>\nDe este modo, los actores buscaron instalar la gesti\u00f3n ambiental como tema prioritario en la agenda p\u00fablica. El evento cont\u00f3 con la participaci\u00f3n especial del Lic. Antonio Elio Brailovsky, especialista en el tema reconocido en el \u00e1mbito acad\u00e9mico nacional e internacional.<br \/>\nEn dicha oportunidad estuvieron presentes tambi\u00e9n organizaciones ambientalistas locales que expusieron sobre las diferentes acciones que se llevan adelante en la comunidad, como as\u00ed tambi\u00e9n se realizaron talleres, exposiciones fotogr\u00e1ficas, con el objetivo de crear conciencia ambiental en la comunidad.<\/p>\n<p>Fuente: El Diario del Fin del Mundo<\/p>\n","protected":false},"excerpt":{"rendered":"<p>Ushuaia.-El debate sobre problem\u00e1tica socio-ambiental en Tierra del Fuego fue impulsado por la Secretar\u00eda Provincial de Desarrollo Sustentable y Ambiente [&hellip;]<\/p>\n","protected":false},"author":2,"featured_media":3198,"comment_status":"closed","ping_status":"closed","sticky":false,"template":"","format":"standard","meta":{"site-sidebar-layout":"default","site-content-layout":"","ast-site-content-layout":"default","site-content-style":"default","site-sidebar-style":"default","ast-global-header-display":"","ast-banner-title-visibility":"","ast-main-header-display":"","ast-hfb-above-header-display":"","ast-hfb-below-header-display":"","ast-hfb-mobile-header-display":"","site-post-title":"","ast-breadcrumbs-content":"","ast-featured-img":"","footer-sml-layout":"","ast-disable-related-posts":"","theme-transparent-header-meta":"","adv-header-id-meta":"","stick-header-meta":"","header-above-stick-meta":"","header-main-stick-meta":"","header-below-stick-meta":"","astra-migrate-meta-layouts":"default","ast-page-background-enabled":"default","ast-page-background-meta":{"desktop":{"background-color":"var(--ast-global-color-5)","background-image":"","background-repeat":"repeat","background-position":"center center","background-size":"auto","background-attachment":"scroll","background-type":"","background-media":"","overlay-type":"","overlay-color":"","overlay-opacity":"","overlay-gradient":""},"tablet":{"background-color":"","background-image":"","background-repeat":"repeat","background-position":"center center","background-size":"auto","background-attachment":"scroll","background-type":"","background-media":"","overlay-type":"","overlay-color":"","overlay-opacity":"","overlay-gradient":""},"mobile":{"background-color":"","background-image":"","background-repeat":"repeat","background-position":"center center","background-size":"auto","background-attachment":"scroll","background-type":"","background-media":"","overlay-type":"","overlay-color":"","overlay-opacity":"","overlay-gradient":""}},"ast-content-background-meta":{"desktop":{"background-color":"var(--ast-global-color-4)","background-image":"","background-repeat":"repeat","background-position":"center center","background-size":"auto","background-attachment":"scroll","background-type":"","background-media":"","overlay-type":"","overlay-color":"","overlay-opacity":"","overlay-gradient":""},"tablet":{"background-color":"var(--ast-global-color-4)","background-image":"","background-repeat":"repeat","background-position":"center center","background-size":"auto","background-attachment":"scroll","background-type":"","background-media":"","overlay-type":"","overlay-color":"","overlay-opacity":"","overlay-gradient":""},"mobile":{"background-color":"var(--ast-global-color-4)","background-image":"","background-repeat":"repeat","background-position":"center center","background-size":"auto","background-attachment":"scroll","background-type":"","background-media":"","overlay-type":"","overlay-color":"","overlay-opacity":"","overlay-gradient":""}},"footnotes":""},"categories":[12,1],"tags":[],"class_list":["post-12102","post","type-post","status-publish","format-standard","has-post-thumbnail","hentry","category-agenda-ambiental","category-noticias"],"yoast_head":"<!-- This site is optimized with the Yoast SEO Premium plugin v23.0 (Yoast SEO v27.4) - https:\/\/yoast.com\/product\/yoast-seo-premium-wordpress\/ -->\n<title>D\u00cdA MUNDIAL DEL MEDIO AMBIENTE: La UNTDF particip\u00f3 en las II Jornadas Provinciales de Medio Ambiente<\/title>\n<meta name=\"robots\" content=\"index, follow, max-snippet:-1, max-image-preview:large, max-video-preview:-1\" \/>\n<link rel=\"canonical\" href=\"https:\/\/patagoniambiental.com.ar\/info\/dia-mundial-del-medio-ambiente-la-untdf-participo-en-las-ii-jornadas-provinciales-de-medio-ambiente\/\" \/>\n<meta property=\"og:locale\" content=\"es_ES\" \/>\n<meta property=\"og:type\" content=\"article\" \/>\n<meta property=\"og:title\" content=\"D\u00cdA MUNDIAL DEL MEDIO AMBIENTE: La UNTDF particip\u00f3 en las II Jornadas Provinciales de Medio Ambiente\" \/>\n<meta property=\"og:description\" content=\"Ushuaia.-El debate sobre problem\u00e1tica socio-ambiental en Tierra del Fuego fue impulsado por la Secretar\u00eda Provincial de Desarrollo Sustentable y Ambiente [&hellip;]\" \/>\n<meta property=\"og:url\" content=\"https:\/\/patagoniambiental.com.ar\/info\/dia-mundial-del-medio-ambiente-la-untdf-participo-en-las-ii-jornadas-provinciales-de-medio-ambiente\/\" \/>\n<meta property=\"og:site_name\" content=\"Patagonia Ambiental\" \/>\n<meta property=\"article:publisher\" content=\"https:\/\/www.facebook.com\/patagonia.ambiental\" \/>\n<meta property=\"article:author\" content=\"https:\/\/www.facebook.com\/share\/1C1V8Gv9BX\/?mibextid=qi2Omg\" \/>\n<meta property=\"article:published_time\" content=\"2015-06-16T22:00:47+00:00\" \/>\n<meta name=\"author\" content=\"Patagonia Ambiental\" \/>\n<meta name=\"twitter:card\" content=\"summary_large_image\" \/>\n<meta name=\"twitter:creator\" content=\"@PatAmb\" \/>\n<meta name=\"twitter:site\" content=\"@PatAmb\" \/>\n<script type=\"application\/ld+json\" class=\"yoast-schema-graph\">{\"@context\":\"https:\\\/\\\/schema.org\",\"@graph\":[{\"@type\":\"Article\",\"@id\":\"https:\\\/\\\/patagoniambiental.com.ar\\\/info\\\/dia-mundial-del-medio-ambiente-la-untdf-participo-en-las-ii-jornadas-provinciales-de-medio-ambiente\\\/#article\",\"isPartOf\":{\"@id\":\"https:\\\/\\\/patagoniambiental.com.ar\\\/info\\\/dia-mundial-del-medio-ambiente-la-untdf-participo-en-las-ii-jornadas-provinciales-de-medio-ambiente\\\/\"},\"author\":{\"name\":\"Patagonia Ambiental\",\"@id\":\"https:\\\/\\\/patagoniambiental.com.ar\\\/info\\\/#\\\/schema\\\/person\\\/db12bff64bbcbf6a253710bf0ea37b5d\"},\"headline\":\"D\u00cdA MUNDIAL DEL MEDIO AMBIENTE: La UNTDF particip\u00f3 en las II Jornadas Provinciales de Medio Ambiente\",\"datePublished\":\"2015-06-16T22:00:47+00:00\",\"mainEntityOfPage\":{\"@id\":\"https:\\\/\\\/patagoniambiental.com.ar\\\/info\\\/dia-mundial-del-medio-ambiente-la-untdf-participo-en-las-ii-jornadas-provinciales-de-medio-ambiente\\\/\"},\"wordCount\":374,\"publisher\":{\"@id\":\"https:\\\/\\\/patagoniambiental.com.ar\\\/info\\\/#organization\"},\"image\":{\"@id\":\"https:\\\/\\\/patagoniambiental.com.ar\\\/info\\\/dia-mundial-del-medio-ambiente-la-untdf-participo-en-las-ii-jornadas-provinciales-de-medio-ambiente\\\/#primaryimage\"},\"thumbnailUrl\":\"\",\"articleSection\":[\"Agenda Ambiental\",\"Noticias\"],\"inLanguage\":\"es\"},{\"@type\":\"WebPage\",\"@id\":\"https:\\\/\\\/patagoniambiental.com.ar\\\/info\\\/dia-mundial-del-medio-ambiente-la-untdf-participo-en-las-ii-jornadas-provinciales-de-medio-ambiente\\\/\",\"url\":\"https:\\\/\\\/patagoniambiental.com.ar\\\/info\\\/dia-mundial-del-medio-ambiente-la-untdf-participo-en-las-ii-jornadas-provinciales-de-medio-ambiente\\\/\",\"name\":\"D\u00cdA MUNDIAL DEL MEDIO AMBIENTE: La UNTDF particip\u00f3 en las II Jornadas Provinciales de Medio Ambiente\",\"isPartOf\":{\"@id\":\"https:\\\/\\\/patagoniambiental.com.ar\\\/info\\\/#website\"},\"primaryImageOfPage\":{\"@id\":\"https:\\\/\\\/patagoniambiental.com.ar\\\/info\\\/dia-mundial-del-medio-ambiente-la-untdf-participo-en-las-ii-jornadas-provinciales-de-medio-ambiente\\\/#primaryimage\"},\"image\":{\"@id\":\"https:\\\/\\\/patagoniambiental.com.ar\\\/info\\\/dia-mundial-del-medio-ambiente-la-untdf-participo-en-las-ii-jornadas-provinciales-de-medio-ambiente\\\/#primaryimage\"},\"thumbnailUrl\":\"\",\"datePublished\":\"2015-06-16T22:00:47+00:00\",\"breadcrumb\":{\"@id\":\"https:\\\/\\\/patagoniambiental.com.ar\\\/info\\\/dia-mundial-del-medio-ambiente-la-untdf-participo-en-las-ii-jornadas-provinciales-de-medio-ambiente\\\/#breadcrumb\"},\"inLanguage\":\"es\",\"potentialAction\":[{\"@type\":\"ReadAction\",\"target\":[\"https:\\\/\\\/patagoniambiental.com.ar\\\/info\\\/dia-mundial-del-medio-ambiente-la-untdf-participo-en-las-ii-jornadas-provinciales-de-medio-ambiente\\\/\"]}]},{\"@type\":\"ImageObject\",\"inLanguage\":\"es\",\"@id\":\"https:\\\/\\\/patagoniambiental.com.ar\\\/info\\\/dia-mundial-del-medio-ambiente-la-untdf-participo-en-las-ii-jornadas-provinciales-de-medio-ambiente\\\/#primaryimage\",\"url\":\"\",\"contentUrl\":\"\"},{\"@type\":\"BreadcrumbList\",\"@id\":\"https:\\\/\\\/patagoniambiental.com.ar\\\/info\\\/dia-mundial-del-medio-ambiente-la-untdf-participo-en-las-ii-jornadas-provinciales-de-medio-ambiente\\\/#breadcrumb\",\"itemListElement\":[{\"@type\":\"ListItem\",\"position\":1,\"name\":\"Inicio\",\"item\":\"https:\\\/\\\/patagoniambiental.com.ar\\\/info\\\/\"},{\"@type\":\"ListItem\",\"position\":2,\"name\":\"D\u00cdA MUNDIAL DEL MEDIO AMBIENTE: La UNTDF particip\u00f3 en las II Jornadas Provinciales de Medio Ambiente\"}]},{\"@type\":\"WebSite\",\"@id\":\"https:\\\/\\\/patagoniambiental.com.ar\\\/info\\\/#website\",\"url\":\"https:\\\/\\\/patagoniambiental.com.ar\\\/info\\\/\",\"name\":\"Patagonia Ambiental\",\"description\":\"Monitoreo y an\u00e1lisis de la situaci\u00f3n geopol\u00edtica en el mundo y su implicancia en la Patagonia\",\"publisher\":{\"@id\":\"https:\\\/\\\/patagoniambiental.com.ar\\\/info\\\/#organization\"},\"potentialAction\":[{\"@type\":\"SearchAction\",\"target\":{\"@type\":\"EntryPoint\",\"urlTemplate\":\"https:\\\/\\\/patagoniambiental.com.ar\\\/info\\\/?s={search_term_string}\"},\"query-input\":{\"@type\":\"PropertyValueSpecification\",\"valueRequired\":true,\"valueName\":\"search_term_string\"}}],\"inLanguage\":\"es\"},{\"@type\":\"Organization\",\"@id\":\"https:\\\/\\\/patagoniambiental.com.ar\\\/info\\\/#organization\",\"name\":\"Patagonia Ambiental\",\"url\":\"https:\\\/\\\/patagoniambiental.com.ar\\\/info\\\/\",\"logo\":{\"@type\":\"ImageObject\",\"inLanguage\":\"es\",\"@id\":\"https:\\\/\\\/patagoniambiental.com.ar\\\/info\\\/#\\\/schema\\\/logo\\\/image\\\/\",\"url\":\"https:\\\/\\\/patagoniambiental.com.ar\\\/info\\\/wp-content\\\/uploads\\\/2025\\\/05\\\/LOGO-PATAGONIA-AMBIENTAL.png\",\"contentUrl\":\"https:\\\/\\\/patagoniambiental.com.ar\\\/info\\\/wp-content\\\/uploads\\\/2025\\\/05\\\/LOGO-PATAGONIA-AMBIENTAL.png\",\"width\":433,\"height\":250,\"caption\":\"Patagonia Ambiental\"},\"image\":{\"@id\":\"https:\\\/\\\/patagoniambiental.com.ar\\\/info\\\/#\\\/schema\\\/logo\\\/image\\\/\"},\"sameAs\":[\"https:\\\/\\\/www.facebook.com\\\/patagonia.ambiental\",\"https:\\\/\\\/x.com\\\/PatAmb\"]},{\"@type\":\"Person\",\"@id\":\"https:\\\/\\\/patagoniambiental.com.ar\\\/info\\\/#\\\/schema\\\/person\\\/db12bff64bbcbf6a253710bf0ea37b5d\",\"name\":\"Patagonia Ambiental\",\"description\":\"Andr\u00e9s Nievas T\u00e9cnico en manejo ambiental, consultor Ambiental y escritor para medios locales e internacionales sobre temas de geopolitica y medio ambiente.\",\"sameAs\":[\"http:\\\/\\\/www.patagoniambiental.com.ar\",\"https:\\\/\\\/www.facebook.com\\\/share\\\/1C1V8Gv9BX\\\/?mibextid=qi2Omg\",\"@patagoniambiental\",\"https:\\\/\\\/youtube.com\\\/@patagoniaambiental2023?si=BLt58t0wuXquxlYZ\"]}]}<\/script>\n<!-- \/ Yoast SEO Premium plugin. -->","yoast_head_json":{"title":"D\u00cdA MUNDIAL DEL MEDIO AMBIENTE: La UNTDF particip\u00f3 en las II Jornadas Provinciales de Medio Ambiente","robots":{"index":"index","follow":"follow","max-snippet":"max-snippet:-1","max-image-preview":"max-image-preview:large","max-video-preview":"max-video-preview:-1"},"canonical":"https:\/\/patagoniambiental.com.ar\/info\/dia-mundial-del-medio-ambiente-la-untdf-participo-en-las-ii-jornadas-provinciales-de-medio-ambiente\/","og_locale":"es_ES","og_type":"article","og_title":"D\u00cdA MUNDIAL DEL MEDIO AMBIENTE: La UNTDF particip\u00f3 en las II Jornadas Provinciales de Medio Ambiente","og_description":"Ushuaia.-El debate sobre problem\u00e1tica socio-ambiental en Tierra del Fuego fue impulsado por la Secretar\u00eda Provincial de Desarrollo Sustentable y Ambiente [&hellip;]","og_url":"https:\/\/patagoniambiental.com.ar\/info\/dia-mundial-del-medio-ambiente-la-untdf-participo-en-las-ii-jornadas-provinciales-de-medio-ambiente\/","og_site_name":"Patagonia Ambiental","article_publisher":"https:\/\/www.facebook.com\/patagonia.ambiental","article_author":"https:\/\/www.facebook.com\/share\/1C1V8Gv9BX\/?mibextid=qi2Omg","article_published_time":"2015-06-16T22:00:47+00:00","author":"Patagonia Ambiental","twitter_card":"summary_large_image","twitter_creator":"@PatAmb","twitter_site":"@PatAmb","schema":{"@context":"https:\/\/schema.org","@graph":[{"@type":"Article","@id":"https:\/\/patagoniambiental.com.ar\/info\/dia-mundial-del-medio-ambiente-la-untdf-participo-en-las-ii-jornadas-provinciales-de-medio-ambiente\/#article","isPartOf":{"@id":"https:\/\/patagoniambiental.com.ar\/info\/dia-mundial-del-medio-ambiente-la-untdf-participo-en-las-ii-jornadas-provinciales-de-medio-ambiente\/"},"author":{"name":"Patagonia Ambiental","@id":"https:\/\/patagoniambiental.com.ar\/info\/#\/schema\/person\/db12bff64bbcbf6a253710bf0ea37b5d"},"headline":"D\u00cdA MUNDIAL DEL MEDIO AMBIENTE: La UNTDF particip\u00f3 en las II Jornadas Provinciales de Medio Ambiente","datePublished":"2015-06-16T22:00:47+00:00","mainEntityOfPage":{"@id":"https:\/\/patagoniambiental.com.ar\/info\/dia-mundial-del-medio-ambiente-la-untdf-participo-en-las-ii-jornadas-provinciales-de-medio-ambiente\/"},"wordCount":374,"publisher":{"@id":"https:\/\/patagoniambiental.com.ar\/info\/#organization"},"image":{"@id":"https:\/\/patagoniambiental.com.ar\/info\/dia-mundial-del-medio-ambiente-la-untdf-participo-en-las-ii-jornadas-provinciales-de-medio-ambiente\/#primaryimage"},"thumbnailUrl":"","articleSection":["Agenda Ambiental","Noticias"],"inLanguage":"es"},{"@type":"WebPage","@id":"https:\/\/patagoniambiental.com.ar\/info\/dia-mundial-del-medio-ambiente-la-untdf-participo-en-las-ii-jornadas-provinciales-de-medio-ambiente\/","url":"https:\/\/patagoniambiental.com.ar\/info\/dia-mundial-del-medio-ambiente-la-untdf-participo-en-las-ii-jornadas-provinciales-de-medio-ambiente\/","name":"D\u00cdA MUNDIAL DEL MEDIO AMBIENTE: La UNTDF particip\u00f3 en las II Jornadas Provinciales de Medio Ambiente","isPartOf":{"@id":"https:\/\/patagoniambiental.com.ar\/info\/#website"},"primaryImageOfPage":{"@id":"https:\/\/patagoniambiental.com.ar\/info\/dia-mundial-del-medio-ambiente-la-untdf-participo-en-las-ii-jornadas-provinciales-de-medio-ambiente\/#primaryimage"},"image":{"@id":"https:\/\/patagoniambiental.com.ar\/info\/dia-mundial-del-medio-ambiente-la-untdf-participo-en-las-ii-jornadas-provinciales-de-medio-ambiente\/#primaryimage"},"thumbnailUrl":"","datePublished":"2015-06-16T22:00:47+00:00","breadcrumb":{"@id":"https:\/\/patagoniambiental.com.ar\/info\/dia-mundial-del-medio-ambiente-la-untdf-participo-en-las-ii-jornadas-provinciales-de-medio-ambiente\/#breadcrumb"},"inLanguage":"es","potentialAction":[{"@type":"ReadAction","target":["https:\/\/patagoniambiental.com.ar\/info\/dia-mundial-del-medio-ambiente-la-untdf-participo-en-las-ii-jornadas-provinciales-de-medio-ambiente\/"]}]},{"@type":"ImageObject","inLanguage":"es","@id":"https:\/\/patagoniambiental.com.ar\/info\/dia-mundial-del-medio-ambiente-la-untdf-participo-en-las-ii-jornadas-provinciales-de-medio-ambiente\/#primaryimage","url":"","contentUrl":""},{"@type":"BreadcrumbList","@id":"https:\/\/patagoniambiental.com.ar\/info\/dia-mundial-del-medio-ambiente-la-untdf-participo-en-las-ii-jornadas-provinciales-de-medio-ambiente\/#breadcrumb","itemListElement":[{"@type":"ListItem","position":1,"name":"Inicio","item":"https:\/\/patagoniambiental.com.ar\/info\/"},{"@type":"ListItem","position":2,"name":"D\u00cdA MUNDIAL DEL MEDIO AMBIENTE: La UNTDF particip\u00f3 en las II Jornadas Provinciales de Medio Ambiente"}]},{"@type":"WebSite","@id":"https:\/\/patagoniambiental.com.ar\/info\/#website","url":"https:\/\/patagoniambiental.com.ar\/info\/","name":"Patagonia Ambiental","description":"Monitoreo y an\u00e1lisis de la situaci\u00f3n geopol\u00edtica en el mundo y su implicancia en la Patagonia","publisher":{"@id":"https:\/\/patagoniambiental.com.ar\/info\/#organization"},"potentialAction":[{"@type":"SearchAction","target":{"@type":"EntryPoint","urlTemplate":"https:\/\/patagoniambiental.com.ar\/info\/?s={search_term_string}"},"query-input":{"@type":"PropertyValueSpecification","valueRequired":true,"valueName":"search_term_string"}}],"inLanguage":"es"},{"@type":"Organization","@id":"https:\/\/patagoniambiental.com.ar\/info\/#organization","name":"Patagonia Ambiental","url":"https:\/\/patagoniambiental.com.ar\/info\/","logo":{"@type":"ImageObject","inLanguage":"es","@id":"https:\/\/patagoniambiental.com.ar\/info\/#\/schema\/logo\/image\/","url":"https:\/\/patagoniambiental.com.ar\/info\/wp-content\/uploads\/2025\/05\/LOGO-PATAGONIA-AMBIENTAL.png","contentUrl":"https:\/\/patagoniambiental.com.ar\/info\/wp-content\/uploads\/2025\/05\/LOGO-PATAGONIA-AMBIENTAL.png","width":433,"height":250,"caption":"Patagonia Ambiental"},"image":{"@id":"https:\/\/patagoniambiental.com.ar\/info\/#\/schema\/logo\/image\/"},"sameAs":["https:\/\/www.facebook.com\/patagonia.ambiental","https:\/\/x.com\/PatAmb"]},{"@type":"Person","@id":"https:\/\/patagoniambiental.com.ar\/info\/#\/schema\/person\/db12bff64bbcbf6a253710bf0ea37b5d","name":"Patagonia Ambiental","description":"Andr\u00e9s Nievas T\u00e9cnico en manejo ambiental, consultor Ambiental y escritor para medios locales e internacionales sobre temas de geopolitica y medio ambiente.","sameAs":["http:\/\/www.patagoniambiental.com.ar","https:\/\/www.facebook.com\/share\/1C1V8Gv9BX\/?mibextid=qi2Omg","@patagoniambiental","https:\/\/youtube.com\/@patagoniaambiental2023?si=BLt58t0wuXquxlYZ"]}]}},"_links":{"self":[{"href":"https:\/\/patagoniambiental.com.ar\/info\/wp-json\/wp\/v2\/posts\/12102","targetHints":{"allow":["GET"]}}],"collection":[{"href":"https:\/\/patagoniambiental.com.ar\/info\/wp-json\/wp\/v2\/posts"}],"about":[{"href":"https:\/\/patagoniambiental.com.ar\/info\/wp-json\/wp\/v2\/types\/post"}],"author":[{"embeddable":true,"href":"https:\/\/patagoniambiental.com.ar\/info\/wp-json\/wp\/v2\/users\/2"}],"replies":[{"embeddable":true,"href":"https:\/\/patagoniambiental.com.ar\/info\/wp-json\/wp\/v2\/comments?post=12102"}],"version-history":[{"count":0,"href":"https:\/\/patagoniambiental.com.ar\/info\/wp-json\/wp\/v2\/posts\/12102\/revisions"}],"wp:featuredmedia":[{"embeddable":true,"href":"https:\/\/patagoniambiental.com.ar\/info\/wp-json\/"}],"wp:attachment":[{"href":"https:\/\/patagoniambiental.com.ar\/info\/wp-json\/wp\/v2\/media?parent=12102"}],"wp:term":[{"taxonomy":"category","embeddable":true,"href":"https:\/\/patagoniambiental.com.ar\/info\/wp-json\/wp\/v2\/categories?post=12102"},{"taxonomy":"post_tag","embeddable":true,"href":"https:\/\/patagoniambiental.com.ar\/info\/wp-json\/wp\/v2\/tags?post=12102"}],"curies":[{"name":"wp","href":"https:\/\/api.w.org\/{rel}","templated":true}]}}