{"id":12154,"date":"2015-06-18T19:00:39","date_gmt":"2015-06-18T22:00:39","guid":{"rendered":"http:\/\/patagoniambiental.com.ar\/?p=12154"},"modified":"2015-06-18T19:00:39","modified_gmt":"2015-06-18T22:00:39","slug":"se-difundio-laudato-si-la-enciclica-del-papa-francisco-sobre-el-medio-ambiente","status":"publish","type":"post","link":"https:\/\/patagoniambiental.com.ar\/info\/se-difundio-laudato-si-la-enciclica-del-papa-francisco-sobre-el-medio-ambiente\/","title":{"rendered":"Se difundi\u00f3 \u00abLaudato si\u00bb, la enc\u00edclica del papa Francisco sobre el medio ambiente"},"content":{"rendered":"<p>Vaticano.-(Por Elisabetta Piqu\u00e9\u00a0). En el esperado texto, el pont\u00edfice invita a una \u00abvaliente revoluci\u00f3n cultural\u00bb ante el cambio clim\u00e1tico y critica con fuerza a los \u00abpoderes econ\u00f3micos\u00bb.<!--more--><\/p>\n<p>Es mucho m\u00e1s que una enc\u00edclica \u00abverde\u00bb. En Laudato si, sobre el cuidado de la casa com\u00fan, publicada hoy por el Vaticano en medio de inmensa expectativa y luego de gran revuelo por la filtraci\u00f3n de un borrador, el papa Francisco no s\u00f3lo lanza un llamado de alerta ante el cambio clim\u00e1tico actual, con consecuencias desastrosas, sino urge acciones concretas ante la degradaci\u00f3n social que ha sufrido el planeta en los \u00faltimos dos siglos.<\/p>\n<p>En su esperad\u00edsimo documento, el primer Papa del Sur del mundo, luego de destacar que la crisis ecol\u00f3gica es una manifestaci\u00f3n externa de la crisis \u00e9tica, cultural y espiritual de la modernidad, invita a todos, no s\u00f3lo a los cat\u00f3licos, a una \u00abvaliente revoluci\u00f3n cultural\u00bb. Critica con fuerza a los \u00abpoderes econ\u00f3micos\u00bb y llama con fuerza a una \u00abconversi\u00f3n ecol\u00f3gica\u00bb, a un \u00abcambio radical en el comportamiento de la humanidad\u00bb -con un estilo de vida m\u00e1s sobrio, simple, solidario, menos acelerado y consumista-, as\u00ed como a un cambio del sistema mundial, \u00abinsostenible desde diversos puntos de vista\u00bb.<\/p>\n<p>\u00abHoy no podemos dejar de reconocer que un verdadero planteo ecol\u00f3gico se convierte siempre en planteo social, que debe integrar la justicia en las discusiones sobre el ambiente, para escuchar tanto el clamor de la tierra como el clamor de los pobres\u00bb, escribe el Papa, con lenguaje simple y directo, accesible a todos.<br \/>\n\u00abNunca hemos maltratado y lastimado nuestra casa com\u00fan como en los \u00faltimos dos siglos\u00bb, denuncia. \u00abNadie pretende volver a la \u00e9poca de las cavernas, pero s\u00ed es indispensable aminorar la marcha para mirar la realidad de otra manera, recoger los avances positivos y sostenibles y, a la vez, recuperar los valores y los grandes fines arrasados por un desenfreno megal\u00f3mano\u00bb, sugiere.<\/p>\n<p>Titulada como el famoso c\u00e1ntico de las criaturas de San Francisco -Laudato si (Alabado seas)- y dividida en 6 cap\u00edtulos, la enc\u00edclica, que sobre todo en Estados Unidos es esperada con inmensa expectativa, subraya \u00ablas ra\u00edces humanas\u00bb del deterioro ambiental que vivimos. Y a lo largo de sus 187 p\u00e1ginas en su versi\u00f3n espa\u00f1ol -el idioma en la que fue escrita-, aborda la problem\u00e1tica ecol\u00f3gica a trav\u00e9s de una \u00f3ptica original: la \u00edntima relaci\u00f3n entre los pobres y la fragilidad del planeta; la convicci\u00f3n de que en el mundo todo est\u00e1 conectado; la cr\u00edtica al nuevo paradigma y a las formas de poder que derivan de la tecnolog\u00eda; la invitaci\u00f3n a buscar otros modos de entender la econom\u00eda y el progreso; el valor propio de cada criatura; la necesidad de debates sinceros y honestos; la grave responsabilidad de la pol\u00edtica internacional y local; la cultura del descarte y la propuesta de un nuevo estilo de vida.<\/p>\n<p>&nbsp;<\/p>\n<p>\u00abLa tierra, nuestra casa, parece convertirse cada vez m\u00e1s en un inmenso dep\u00f3sito de porquer\u00eda\u00bb, dispara el ex arzobispo de Buenos Aires, que enumera en la primera parte del documento diversas formas de contaminaci\u00f3n, as\u00ed como el \u00abpreocupante calentamiento del sistema clim\u00e1tico\u00bb. Como es sabido, \u00e9ste ha provocado el constante crecimiento del nivel del mar, eventos metereol\u00f3gicos extremos, el agotamiento de recursos vitales como el agua potable, y la disminuci\u00f3n de selvas, bosques y biodiversidad.<\/p>\n<p>\u00abSe ha vuelto urgente e imperioso el desarrollo de pol\u00edticas para que en los pr\u00f3ximos a\u00f1os la emisi\u00f3n de anhidrido carb\u00f3nico y de otros gases altamente contaminantes sea reducida dr\u00e1sticamente\u00bb, asegura el Papa, que llama a la utilizaci\u00f3n de fuentes de energ\u00eda limpias y renovables. El mismo Francisco -que en el texto cita a diversas conferencias episcopales y a sus predecesores, Benedicto XVI y San Juan Pablo II -, hab\u00eda dicho en enero que esperaba que este documento pueda ayudar a lograr un acuerdo en la cumbre sobre cambio clim\u00e1tico que tendr\u00e1 lugar en Par\u00eds, en diciembre pr\u00f3ximo.<br \/>\nLa Tierra y los pobres<\/p>\n<p>Con su habitual estilo, directo y claro, comprensible a todos, el Papa menciona \u00abla pobreza del agua\u00bb que se da especialmente en \u00c1frica, as\u00ed como el grav\u00edsimo problema de la calidad de agua disponible para los pobres. Y critica la tendencia a privatizar este recurso: \u00abEn realidad, el acceso al agua potable y segura es un derecho humano b\u00e1sico\u00bb, sentencia, fustigando a su vez el derroche de agua.<br \/>\n<em><strong>\u00abNo se pueden ignorar los enormes intereses econ\u00f3micos internacionales que, bajo pretexto de cuidarlos, pueden atentar contra las soberan\u00edas nacionales\u00bb .<\/strong><\/em><br \/>\nAl hablar de la Amazonia y la cuenca fluvial del Congo como \u00abgrandes pulmones del planeta\u00bb, denuncia que \u00abno se pueden ignorar los enormes intereses econ\u00f3micos internacionales que, bajo pretexto de cuidarlos, pueden atentar contra las soberan\u00edas nacionales\u00bb. \u00abDe hecho, existen propuestas de internacionalizaci\u00f3n de la Amazonia que s\u00f3lo sirven a los intereses econ\u00f3micos de las corporaciones trasnacionales\u00bb, acusa, citando el documento de Aparecida.<\/p>\n<p>En todo el documento el Papa insiste en que \u00abel deterioro del ambiente y de la sociedad afectan de un modo especial a los m\u00e1s d\u00e9biles del planeta\u00bb y que todo es consecuencia de haber del antropocentrismo, es decir, de haber puesto al hombre como el centro de todo. Recuerda que se desperdicia aproximadamente un tercio de los alimentos que se producen y \u00abel alimento que se deshecha es como si se robara de la mesa del pobre\u00bb.<\/p>\n<p>&nbsp;<\/p>\n<p><strong>Sobre los \u00abpoderes econ\u00f3micos\u00bb<\/strong><\/p>\n<p>Asegura que hay una \u00abdeuda ecol\u00f3gica\u00bb entre el Norte y el Sur. Y que mientras \u00abla deuda externa de los pa\u00edses pobres se ha convertido en un instrumento de control, no ocurre lo mismo con la deuda ecol\u00f3gica\u00bb. \u00abLa tierra de los pobres del Sur es rica y poco contaminada, pero el acceso a la propiedad de los bienes y recursos para satisfacer sus necesidades vitales les est\u00e1 vedado por un sistema de relaciones comerciales y de propiedad estructuralmente perverso\u00bb, afirma.<\/p>\n<p>Francisco critica duramente al \u00abparadigma tecnocr\u00e1tico\u00bb actual, que tiende a ejercer su dominio sobre la econom\u00eda y la pol\u00edtica. Cita varias veces a Caritas in veritate, la enc\u00edclica \u00abecon\u00f3mica\u00bb de su predecesor Benedicto XVI y destaca que \u00abel mercado por s\u00ed mismo no garantiza el desarrollo humano e integral y la inclusi\u00f3n social\u00bb.<br \/>\n<em><strong>\u00abLos poderes econ\u00f3micos contin\u00faan justificando el actual sistema mundial, donde priman una especulaci\u00f3n y una b\u00fasqueda de la renta financiera que tienden a ignorar todo contexto y los efectos sobre la dignidad y el medio ambiente\u00bb .<\/strong><\/em><br \/>\n\u00abLos poderes econ\u00f3micos contin\u00faan justificando el actual sistema mundial, donde priman una especulaci\u00f3n y una b\u00fasqueda de la renta financiera que tienden a ignorar todo contexto y los efectos sobre la dignidad y el medio ambiente\u00bb, acusa. \u00abAs\u00ed se manifiesta que la degradaci\u00f3n ambiental y la degradaci\u00f3n humana y \u00e9tica est\u00e1n \u00edntimamente unidas\u00bb, agrega.<\/p>\n<p>Para salir de esa \u00abespiral de autodestrucci\u00f3n en la que nos estamos sumergiendo\u00bb, Francisco invita finalmente a un cambio de rumbo. \u00abPara afrontar los problemas de fondo, que no pueden ser resueltos por acciones de pa\u00edses aislados, es indispensable un consenso mundial que lleve, por ejemplo, a programar una agricultura sostenible y diversificada, a desarrollar formas renovables y poco contaminantes de energ\u00eda, a fomentar una mayor eficiencia energ\u00e9tica, a promover una gesti\u00f3n m\u00e1s adecuada de los recursos forestales y mar\u00edtimos, a asegurar a todos el acceso al agua potable\u00bb, indica.<\/p>\n<p>Sin pelos en la lengua, asegura que \u00ablas cumbres mundiales sobre el ambiente de los \u00faltimos a\u00f1os no respondieron a las expectativas por falta de voluntad pol\u00edtica\u00bb. Por otro lado, indica que \u00ablos pa\u00edses pobres necesitan tener como prioridad la erradicaci\u00f3n de la miseria y el desarrollo social de sus habitantes, aunque deban analizar el nivel escandaloso de consumo de algunos sectores privilegiados de su poblaci\u00f3n y controlar mejor su corrupci\u00f3n\u00bb. \u00abTambi\u00e9n es verdad que deben desarrollar formas menos contaminantes de energ\u00eda, pero para ello requieren contar con la ayuda de los pa\u00edses que han crecido mucho a costa de la contaminaci\u00f3n actual del planeta\u00bb, agrega.<\/p>\n<p>Fuente: La Naci\u00f3n<\/p>\n<p>&nbsp;<\/p>\n<p>&nbsp;<\/p>\n<p>&nbsp;<\/p>\n","protected":false},"excerpt":{"rendered":"<p>Vaticano.-(Por Elisabetta Piqu\u00e9\u00a0). En el esperado texto, el pont\u00edfice invita a una \u00abvaliente revoluci\u00f3n cultural\u00bb ante el cambio clim\u00e1tico y [&hellip;]<\/p>\n","protected":false},"author":2,"featured_media":12155,"comment_status":"closed","ping_status":"closed","sticky":false,"template":"","format":"video","meta":{"site-sidebar-layout":"default","site-content-layout":"","ast-site-content-layout":"default","site-content-style":"default","site-sidebar-style":"default","ast-global-header-display":"","ast-banner-title-visibility":"","ast-main-header-display":"","ast-hfb-above-header-display":"","ast-hfb-below-header-display":"","ast-hfb-mobile-header-display":"","site-post-title":"","ast-breadcrumbs-content":"","ast-featured-img":"","footer-sml-layout":"","ast-disable-related-posts":"","theme-transparent-header-meta":"","adv-header-id-meta":"","stick-header-meta":"","header-above-stick-meta":"","header-main-stick-meta":"","header-below-stick-meta":"","astra-migrate-meta-layouts":"default","ast-page-background-enabled":"default","ast-page-background-meta":{"desktop":{"background-color":"var(--ast-global-color-5)","background-image":"","background-repeat":"repeat","background-position":"center center","background-size":"auto","background-attachment":"scroll","background-type":"","background-media":"","overlay-type":"","overlay-color":"","overlay-opacity":"","overlay-gradient":""},"tablet":{"background-color":"","background-image":"","background-repeat":"repeat","background-position":"center center","background-size":"auto","background-attachment":"scroll","background-type":"","background-media":"","overlay-type":"","overlay-color":"","overlay-opacity":"","overlay-gradient":""},"mobile":{"background-color":"","background-image":"","background-repeat":"repeat","background-position":"center center","background-size":"auto","background-attachment":"scroll","background-type":"","background-media":"","overlay-type":"","overlay-color":"","overlay-opacity":"","overlay-gradient":""}},"ast-content-background-meta":{"desktop":{"background-color":"var(--ast-global-color-4)","background-image":"","background-repeat":"repeat","background-position":"center center","background-size":"auto","background-attachment":"scroll","background-type":"","background-media":"","overlay-type":"","overlay-color":"","overlay-opacity":"","overlay-gradient":""},"tablet":{"background-color":"var(--ast-global-color-4)","background-image":"","background-repeat":"repeat","background-position":"center center","background-size":"auto","background-attachment":"scroll","background-type":"","background-media":"","overlay-type":"","overlay-color":"","overlay-opacity":"","overlay-gradient":""},"mobile":{"background-color":"var(--ast-global-color-4)","background-image":"","background-repeat":"repeat","background-position":"center center","background-size":"auto","background-attachment":"scroll","background-type":"","background-media":"","overlay-type":"","overlay-color":"","overlay-opacity":"","overlay-gradient":""}},"footnotes":""},"categories":[23,1],"tags":[240],"class_list":["post-12154","post","type-post","status-publish","format-video","has-post-thumbnail","hentry","category-internacionales","category-noticias","tag-enciclica","post_format-post-format-video"],"yoast_head":"<!-- This site is optimized with the Yoast SEO Premium plugin v23.0 (Yoast SEO v27.4) - https:\/\/yoast.com\/product\/yoast-seo-premium-wordpress\/ -->\n<title>Se difundi\u00f3 &quot;Laudato si&quot;, la enc\u00edclica del papa Francisco sobre el medio ambiente<\/title>\n<meta name=\"robots\" content=\"index, follow, max-snippet:-1, max-image-preview:large, max-video-preview:-1\" \/>\n<link rel=\"canonical\" href=\"https:\/\/patagoniambiental.com.ar\/info\/se-difundio-laudato-si-la-enciclica-del-papa-francisco-sobre-el-medio-ambiente\/\" \/>\n<meta property=\"og:locale\" content=\"es_ES\" \/>\n<meta property=\"og:type\" content=\"article\" \/>\n<meta property=\"og:title\" content=\"Se difundi\u00f3 &quot;Laudato si&quot;, la enc\u00edclica del papa Francisco sobre el medio ambiente\" \/>\n<meta property=\"og:description\" content=\"Vaticano.-(Por Elisabetta Piqu\u00e9\u00a0). En el esperado texto, el pont\u00edfice invita a una \u00abvaliente revoluci\u00f3n cultural\u00bb ante el cambio clim\u00e1tico y [&hellip;]\" \/>\n<meta property=\"og:url\" content=\"https:\/\/patagoniambiental.com.ar\/info\/se-difundio-laudato-si-la-enciclica-del-papa-francisco-sobre-el-medio-ambiente\/\" \/>\n<meta property=\"og:site_name\" content=\"Patagonia Ambiental\" \/>\n<meta property=\"article:publisher\" content=\"https:\/\/www.facebook.com\/patagonia.ambiental\" \/>\n<meta property=\"article:author\" content=\"https:\/\/www.facebook.com\/share\/1C1V8Gv9BX\/?mibextid=qi2Omg\" \/>\n<meta property=\"article:published_time\" content=\"2015-06-18T22:00:39+00:00\" \/>\n<meta name=\"author\" content=\"Patagonia Ambiental\" \/>\n<meta name=\"twitter:card\" content=\"summary_large_image\" \/>\n<meta name=\"twitter:creator\" content=\"@PatAmb\" \/>\n<meta name=\"twitter:site\" content=\"@PatAmb\" \/>\n<script type=\"application\/ld+json\" class=\"yoast-schema-graph\">{\"@context\":\"https:\\\/\\\/schema.org\",\"@graph\":[{\"@type\":\"Article\",\"@id\":\"https:\\\/\\\/patagoniambiental.com.ar\\\/info\\\/se-difundio-laudato-si-la-enciclica-del-papa-francisco-sobre-el-medio-ambiente\\\/#article\",\"isPartOf\":{\"@id\":\"https:\\\/\\\/patagoniambiental.com.ar\\\/info\\\/se-difundio-laudato-si-la-enciclica-del-papa-francisco-sobre-el-medio-ambiente\\\/\"},\"author\":{\"name\":\"Patagonia Ambiental\",\"@id\":\"https:\\\/\\\/patagoniambiental.com.ar\\\/info\\\/#\\\/schema\\\/person\\\/db12bff64bbcbf6a253710bf0ea37b5d\"},\"headline\":\"Se difundi\u00f3 \u00abLaudato si\u00bb, la enc\u00edclica del papa Francisco sobre el medio ambiente\",\"datePublished\":\"2015-06-18T22:00:39+00:00\",\"mainEntityOfPage\":{\"@id\":\"https:\\\/\\\/patagoniambiental.com.ar\\\/info\\\/se-difundio-laudato-si-la-enciclica-del-papa-francisco-sobre-el-medio-ambiente\\\/\"},\"wordCount\":1433,\"publisher\":{\"@id\":\"https:\\\/\\\/patagoniambiental.com.ar\\\/info\\\/#organization\"},\"image\":{\"@id\":\"https:\\\/\\\/patagoniambiental.com.ar\\\/info\\\/se-difundio-laudato-si-la-enciclica-del-papa-francisco-sobre-el-medio-ambiente\\\/#primaryimage\"},\"thumbnailUrl\":\"\",\"keywords\":[\"Enciclica\"],\"articleSection\":[\"Internacionales\",\"Noticias\"],\"inLanguage\":\"es\"},{\"@type\":\"WebPage\",\"@id\":\"https:\\\/\\\/patagoniambiental.com.ar\\\/info\\\/se-difundio-laudato-si-la-enciclica-del-papa-francisco-sobre-el-medio-ambiente\\\/\",\"url\":\"https:\\\/\\\/patagoniambiental.com.ar\\\/info\\\/se-difundio-laudato-si-la-enciclica-del-papa-francisco-sobre-el-medio-ambiente\\\/\",\"name\":\"Se difundi\u00f3 \\\"Laudato si\\\", la enc\u00edclica del papa Francisco sobre el medio ambiente\",\"isPartOf\":{\"@id\":\"https:\\\/\\\/patagoniambiental.com.ar\\\/info\\\/#website\"},\"primaryImageOfPage\":{\"@id\":\"https:\\\/\\\/patagoniambiental.com.ar\\\/info\\\/se-difundio-laudato-si-la-enciclica-del-papa-francisco-sobre-el-medio-ambiente\\\/#primaryimage\"},\"image\":{\"@id\":\"https:\\\/\\\/patagoniambiental.com.ar\\\/info\\\/se-difundio-laudato-si-la-enciclica-del-papa-francisco-sobre-el-medio-ambiente\\\/#primaryimage\"},\"thumbnailUrl\":\"\",\"datePublished\":\"2015-06-18T22:00:39+00:00\",\"breadcrumb\":{\"@id\":\"https:\\\/\\\/patagoniambiental.com.ar\\\/info\\\/se-difundio-laudato-si-la-enciclica-del-papa-francisco-sobre-el-medio-ambiente\\\/#breadcrumb\"},\"inLanguage\":\"es\",\"potentialAction\":[{\"@type\":\"ReadAction\",\"target\":[\"https:\\\/\\\/patagoniambiental.com.ar\\\/info\\\/se-difundio-laudato-si-la-enciclica-del-papa-francisco-sobre-el-medio-ambiente\\\/\"]}]},{\"@type\":\"ImageObject\",\"inLanguage\":\"es\",\"@id\":\"https:\\\/\\\/patagoniambiental.com.ar\\\/info\\\/se-difundio-laudato-si-la-enciclica-del-papa-francisco-sobre-el-medio-ambiente\\\/#primaryimage\",\"url\":\"\",\"contentUrl\":\"\"},{\"@type\":\"BreadcrumbList\",\"@id\":\"https:\\\/\\\/patagoniambiental.com.ar\\\/info\\\/se-difundio-laudato-si-la-enciclica-del-papa-francisco-sobre-el-medio-ambiente\\\/#breadcrumb\",\"itemListElement\":[{\"@type\":\"ListItem\",\"position\":1,\"name\":\"Inicio\",\"item\":\"https:\\\/\\\/patagoniambiental.com.ar\\\/info\\\/\"},{\"@type\":\"ListItem\",\"position\":2,\"name\":\"Se difundi\u00f3 \u00abLaudato si\u00bb, la enc\u00edclica del papa Francisco sobre el medio ambiente\"}]},{\"@type\":\"WebSite\",\"@id\":\"https:\\\/\\\/patagoniambiental.com.ar\\\/info\\\/#website\",\"url\":\"https:\\\/\\\/patagoniambiental.com.ar\\\/info\\\/\",\"name\":\"Patagonia Ambiental\",\"description\":\"Monitoreo y an\u00e1lisis de la situaci\u00f3n geopol\u00edtica en el mundo y su implicancia en la Patagonia\",\"publisher\":{\"@id\":\"https:\\\/\\\/patagoniambiental.com.ar\\\/info\\\/#organization\"},\"potentialAction\":[{\"@type\":\"SearchAction\",\"target\":{\"@type\":\"EntryPoint\",\"urlTemplate\":\"https:\\\/\\\/patagoniambiental.com.ar\\\/info\\\/?s={search_term_string}\"},\"query-input\":{\"@type\":\"PropertyValueSpecification\",\"valueRequired\":true,\"valueName\":\"search_term_string\"}}],\"inLanguage\":\"es\"},{\"@type\":\"Organization\",\"@id\":\"https:\\\/\\\/patagoniambiental.com.ar\\\/info\\\/#organization\",\"name\":\"Patagonia Ambiental\",\"url\":\"https:\\\/\\\/patagoniambiental.com.ar\\\/info\\\/\",\"logo\":{\"@type\":\"ImageObject\",\"inLanguage\":\"es\",\"@id\":\"https:\\\/\\\/patagoniambiental.com.ar\\\/info\\\/#\\\/schema\\\/logo\\\/image\\\/\",\"url\":\"https:\\\/\\\/patagoniambiental.com.ar\\\/info\\\/wp-content\\\/uploads\\\/2025\\\/05\\\/LOGO-PATAGONIA-AMBIENTAL.png\",\"contentUrl\":\"https:\\\/\\\/patagoniambiental.com.ar\\\/info\\\/wp-content\\\/uploads\\\/2025\\\/05\\\/LOGO-PATAGONIA-AMBIENTAL.png\",\"width\":433,\"height\":250,\"caption\":\"Patagonia Ambiental\"},\"image\":{\"@id\":\"https:\\\/\\\/patagoniambiental.com.ar\\\/info\\\/#\\\/schema\\\/logo\\\/image\\\/\"},\"sameAs\":[\"https:\\\/\\\/www.facebook.com\\\/patagonia.ambiental\",\"https:\\\/\\\/x.com\\\/PatAmb\"]},{\"@type\":\"Person\",\"@id\":\"https:\\\/\\\/patagoniambiental.com.ar\\\/info\\\/#\\\/schema\\\/person\\\/db12bff64bbcbf6a253710bf0ea37b5d\",\"name\":\"Patagonia Ambiental\",\"description\":\"Andr\u00e9s Nievas T\u00e9cnico en manejo ambiental, consultor Ambiental y escritor para medios locales e internacionales sobre temas de geopolitica y medio ambiente.\",\"sameAs\":[\"http:\\\/\\\/www.patagoniambiental.com.ar\",\"https:\\\/\\\/www.facebook.com\\\/share\\\/1C1V8Gv9BX\\\/?mibextid=qi2Omg\",\"@patagoniambiental\",\"https:\\\/\\\/youtube.com\\\/@patagoniaambiental2023?si=BLt58t0wuXquxlYZ\"]}]}<\/script>\n<!-- \/ Yoast SEO Premium plugin. -->","yoast_head_json":{"title":"Se difundi\u00f3 \"Laudato si\", la enc\u00edclica del papa Francisco sobre el medio ambiente","robots":{"index":"index","follow":"follow","max-snippet":"max-snippet:-1","max-image-preview":"max-image-preview:large","max-video-preview":"max-video-preview:-1"},"canonical":"https:\/\/patagoniambiental.com.ar\/info\/se-difundio-laudato-si-la-enciclica-del-papa-francisco-sobre-el-medio-ambiente\/","og_locale":"es_ES","og_type":"article","og_title":"Se difundi\u00f3 \"Laudato si\", la enc\u00edclica del papa Francisco sobre el medio ambiente","og_description":"Vaticano.-(Por Elisabetta Piqu\u00e9\u00a0). En el esperado texto, el pont\u00edfice invita a una \u00abvaliente revoluci\u00f3n cultural\u00bb ante el cambio clim\u00e1tico y [&hellip;]","og_url":"https:\/\/patagoniambiental.com.ar\/info\/se-difundio-laudato-si-la-enciclica-del-papa-francisco-sobre-el-medio-ambiente\/","og_site_name":"Patagonia Ambiental","article_publisher":"https:\/\/www.facebook.com\/patagonia.ambiental","article_author":"https:\/\/www.facebook.com\/share\/1C1V8Gv9BX\/?mibextid=qi2Omg","article_published_time":"2015-06-18T22:00:39+00:00","author":"Patagonia Ambiental","twitter_card":"summary_large_image","twitter_creator":"@PatAmb","twitter_site":"@PatAmb","schema":{"@context":"https:\/\/schema.org","@graph":[{"@type":"Article","@id":"https:\/\/patagoniambiental.com.ar\/info\/se-difundio-laudato-si-la-enciclica-del-papa-francisco-sobre-el-medio-ambiente\/#article","isPartOf":{"@id":"https:\/\/patagoniambiental.com.ar\/info\/se-difundio-laudato-si-la-enciclica-del-papa-francisco-sobre-el-medio-ambiente\/"},"author":{"name":"Patagonia Ambiental","@id":"https:\/\/patagoniambiental.com.ar\/info\/#\/schema\/person\/db12bff64bbcbf6a253710bf0ea37b5d"},"headline":"Se difundi\u00f3 \u00abLaudato si\u00bb, la enc\u00edclica del papa Francisco sobre el medio ambiente","datePublished":"2015-06-18T22:00:39+00:00","mainEntityOfPage":{"@id":"https:\/\/patagoniambiental.com.ar\/info\/se-difundio-laudato-si-la-enciclica-del-papa-francisco-sobre-el-medio-ambiente\/"},"wordCount":1433,"publisher":{"@id":"https:\/\/patagoniambiental.com.ar\/info\/#organization"},"image":{"@id":"https:\/\/patagoniambiental.com.ar\/info\/se-difundio-laudato-si-la-enciclica-del-papa-francisco-sobre-el-medio-ambiente\/#primaryimage"},"thumbnailUrl":"","keywords":["Enciclica"],"articleSection":["Internacionales","Noticias"],"inLanguage":"es"},{"@type":"WebPage","@id":"https:\/\/patagoniambiental.com.ar\/info\/se-difundio-laudato-si-la-enciclica-del-papa-francisco-sobre-el-medio-ambiente\/","url":"https:\/\/patagoniambiental.com.ar\/info\/se-difundio-laudato-si-la-enciclica-del-papa-francisco-sobre-el-medio-ambiente\/","name":"Se difundi\u00f3 \"Laudato si\", la enc\u00edclica del papa Francisco sobre el medio ambiente","isPartOf":{"@id":"https:\/\/patagoniambiental.com.ar\/info\/#website"},"primaryImageOfPage":{"@id":"https:\/\/patagoniambiental.com.ar\/info\/se-difundio-laudato-si-la-enciclica-del-papa-francisco-sobre-el-medio-ambiente\/#primaryimage"},"image":{"@id":"https:\/\/patagoniambiental.com.ar\/info\/se-difundio-laudato-si-la-enciclica-del-papa-francisco-sobre-el-medio-ambiente\/#primaryimage"},"thumbnailUrl":"","datePublished":"2015-06-18T22:00:39+00:00","breadcrumb":{"@id":"https:\/\/patagoniambiental.com.ar\/info\/se-difundio-laudato-si-la-enciclica-del-papa-francisco-sobre-el-medio-ambiente\/#breadcrumb"},"inLanguage":"es","potentialAction":[{"@type":"ReadAction","target":["https:\/\/patagoniambiental.com.ar\/info\/se-difundio-laudato-si-la-enciclica-del-papa-francisco-sobre-el-medio-ambiente\/"]}]},{"@type":"ImageObject","inLanguage":"es","@id":"https:\/\/patagoniambiental.com.ar\/info\/se-difundio-laudato-si-la-enciclica-del-papa-francisco-sobre-el-medio-ambiente\/#primaryimage","url":"","contentUrl":""},{"@type":"BreadcrumbList","@id":"https:\/\/patagoniambiental.com.ar\/info\/se-difundio-laudato-si-la-enciclica-del-papa-francisco-sobre-el-medio-ambiente\/#breadcrumb","itemListElement":[{"@type":"ListItem","position":1,"name":"Inicio","item":"https:\/\/patagoniambiental.com.ar\/info\/"},{"@type":"ListItem","position":2,"name":"Se difundi\u00f3 \u00abLaudato si\u00bb, la enc\u00edclica del papa Francisco sobre el medio ambiente"}]},{"@type":"WebSite","@id":"https:\/\/patagoniambiental.com.ar\/info\/#website","url":"https:\/\/patagoniambiental.com.ar\/info\/","name":"Patagonia Ambiental","description":"Monitoreo y an\u00e1lisis de la situaci\u00f3n geopol\u00edtica en el mundo y su implicancia en la Patagonia","publisher":{"@id":"https:\/\/patagoniambiental.com.ar\/info\/#organization"},"potentialAction":[{"@type":"SearchAction","target":{"@type":"EntryPoint","urlTemplate":"https:\/\/patagoniambiental.com.ar\/info\/?s={search_term_string}"},"query-input":{"@type":"PropertyValueSpecification","valueRequired":true,"valueName":"search_term_string"}}],"inLanguage":"es"},{"@type":"Organization","@id":"https:\/\/patagoniambiental.com.ar\/info\/#organization","name":"Patagonia Ambiental","url":"https:\/\/patagoniambiental.com.ar\/info\/","logo":{"@type":"ImageObject","inLanguage":"es","@id":"https:\/\/patagoniambiental.com.ar\/info\/#\/schema\/logo\/image\/","url":"https:\/\/patagoniambiental.com.ar\/info\/wp-content\/uploads\/2025\/05\/LOGO-PATAGONIA-AMBIENTAL.png","contentUrl":"https:\/\/patagoniambiental.com.ar\/info\/wp-content\/uploads\/2025\/05\/LOGO-PATAGONIA-AMBIENTAL.png","width":433,"height":250,"caption":"Patagonia Ambiental"},"image":{"@id":"https:\/\/patagoniambiental.com.ar\/info\/#\/schema\/logo\/image\/"},"sameAs":["https:\/\/www.facebook.com\/patagonia.ambiental","https:\/\/x.com\/PatAmb"]},{"@type":"Person","@id":"https:\/\/patagoniambiental.com.ar\/info\/#\/schema\/person\/db12bff64bbcbf6a253710bf0ea37b5d","name":"Patagonia Ambiental","description":"Andr\u00e9s Nievas T\u00e9cnico en manejo ambiental, consultor Ambiental y escritor para medios locales e internacionales sobre temas de geopolitica y medio ambiente.","sameAs":["http:\/\/www.patagoniambiental.com.ar","https:\/\/www.facebook.com\/share\/1C1V8Gv9BX\/?mibextid=qi2Omg","@patagoniambiental","https:\/\/youtube.com\/@patagoniaambiental2023?si=BLt58t0wuXquxlYZ"]}]}},"_links":{"self":[{"href":"https:\/\/patagoniambiental.com.ar\/info\/wp-json\/wp\/v2\/posts\/12154","targetHints":{"allow":["GET"]}}],"collection":[{"href":"https:\/\/patagoniambiental.com.ar\/info\/wp-json\/wp\/v2\/posts"}],"about":[{"href":"https:\/\/patagoniambiental.com.ar\/info\/wp-json\/wp\/v2\/types\/post"}],"author":[{"embeddable":true,"href":"https:\/\/patagoniambiental.com.ar\/info\/wp-json\/wp\/v2\/users\/2"}],"replies":[{"embeddable":true,"href":"https:\/\/patagoniambiental.com.ar\/info\/wp-json\/wp\/v2\/comments?post=12154"}],"version-history":[{"count":0,"href":"https:\/\/patagoniambiental.com.ar\/info\/wp-json\/wp\/v2\/posts\/12154\/revisions"}],"wp:featuredmedia":[{"embeddable":true,"href":"https:\/\/patagoniambiental.com.ar\/info\/wp-json\/"}],"wp:attachment":[{"href":"https:\/\/patagoniambiental.com.ar\/info\/wp-json\/wp\/v2\/media?parent=12154"}],"wp:term":[{"taxonomy":"category","embeddable":true,"href":"https:\/\/patagoniambiental.com.ar\/info\/wp-json\/wp\/v2\/categories?post=12154"},{"taxonomy":"post_tag","embeddable":true,"href":"https:\/\/patagoniambiental.com.ar\/info\/wp-json\/wp\/v2\/tags?post=12154"}],"curies":[{"name":"wp","href":"https:\/\/api.w.org\/{rel}","templated":true}]}}