{"id":12170,"date":"2015-06-18T19:00:18","date_gmt":"2015-06-18T22:00:18","guid":{"rendered":"http:\/\/patagoniambiental.com.ar\/?p=12170"},"modified":"2015-06-18T19:00:18","modified_gmt":"2015-06-18T22:00:18","slug":"propuesta-de-la-untdf-exposicion-fotografica-elija-naturaleza","status":"publish","type":"post","link":"https:\/\/patagoniambiental.com.ar\/info\/propuesta-de-la-untdf-exposicion-fotografica-elija-naturaleza\/","title":{"rendered":"PROPUESTA DE LA UNTDF: Exposici\u00f3n fotogr\u00e1fica \u201cElija Naturaleza\u201d"},"content":{"rendered":"<p>Tierra del Fuego.-La Universidad Nacional de Tierra del Fuego impulsa el proyecto Espacio Documenta. Se trata de una campa\u00f1a fotogr\u00e1fica de alto impacto que tiene como objetivo promover la conciencia ambiental.<!--more--> La exposici\u00f3n se lucir\u00e1 durante este mes en la sede de la instituci\u00f3n en Yrigoyen 879 de Ushuaia.<\/p>\n<p>La Casa de las Artes de la Universidad Nacional de Tierra del Fuego presenta la muestra fotogr\u00e1fica \u201cElija Naturaleza\u201d. Esto se da en el marco de las actividades por el \u201cD\u00eda Mundial del Medio Ambiente\u201d. La propuesta art\u00edstica impulsa una campa\u00f1a de concientizaci\u00f3n que apunta a \u201cEnse\u00f1ar en una cultura Ambientalista\u201d.<br \/>\nElija Naturaleza se constituye como una proclama a favor de la promoci\u00f3n de la conciencia ambiental, creada conjuntamente por la Escuela Julio Verne y por el taller Espacio Documenta, que es coordinado por la artista Fernanda Rivera Luque, a instancias de los cursos de Fotograf\u00eda que ofrece la Municipalidad de Ushuaia. Participan del proyecto Cynthia Cordi, Juan Barrera, Daniela Galvan y Ernesto C\u00f3rdoba. Como fot\u00f3grafos invitados, exponen Malala Lekander y Facundo Santana.<br \/>\nLa campa\u00f1a fotogr\u00e1fica de alto impacto fue montada en la sede de Yrigoyen 879 de Ushuaia, con el fin de transformarse en un disparador para la reflexi\u00f3n sobre la vinculaci\u00f3n con el ambiente y su biodiversidad. Planeada como campa\u00f1a itinerante para la circulaci\u00f3n en espacios de exhibici\u00f3n p\u00fablicos y privados, busca crear conciencia desde la creatividad y la participaci\u00f3n de la comunidad.<br \/>\nAlgunos de los objetivos de la campa\u00f1a son contribuir al establecimiento de v\u00ednculos saludables con el ambiente y su biodiversidad, que permitan el disfrute, valoraci\u00f3n y conservaci\u00f3n. Tambi\u00e9n, fomentar el esp\u00edritu comunitario y el compromiso social solidario con buenas pr\u00e1cticas en el cuidado de nuestro entorno natural, involucrando a las nuevas generaciones y a la comunidad en su totalidad, a trav\u00e9s del trabajo colaborativo.<br \/>\nCabe destacar que \u201cElija Naturaleza\u201d podr\u00e1 ser visitada durante el mes de junio en la sede de H. Yrigoyen 879, Ushuaia.<\/p>\n<p>Fuente: El Diario del Fin del Mundo<\/p>\n","protected":false},"excerpt":{"rendered":"<p>Tierra del Fuego.-La Universidad Nacional de Tierra del Fuego impulsa el proyecto Espacio Documenta. Se trata de una campa\u00f1a fotogr\u00e1fica [&hellip;]<\/p>\n","protected":false},"author":2,"featured_media":10079,"comment_status":"closed","ping_status":"closed","sticky":false,"template":"","format":"standard","meta":{"site-sidebar-layout":"default","site-content-layout":"","ast-site-content-layout":"default","site-content-style":"default","site-sidebar-style":"default","ast-global-header-display":"","ast-banner-title-visibility":"","ast-main-header-display":"","ast-hfb-above-header-display":"","ast-hfb-below-header-display":"","ast-hfb-mobile-header-display":"","site-post-title":"","ast-breadcrumbs-content":"","ast-featured-img":"","footer-sml-layout":"","ast-disable-related-posts":"","theme-transparent-header-meta":"","adv-header-id-meta":"","stick-header-meta":"","header-above-stick-meta":"","header-main-stick-meta":"","header-below-stick-meta":"","astra-migrate-meta-layouts":"default","ast-page-background-enabled":"default","ast-page-background-meta":{"desktop":{"background-color":"var(--ast-global-color-5)","background-image":"","background-repeat":"repeat","background-position":"center center","background-size":"auto","background-attachment":"scroll","background-type":"","background-media":"","overlay-type":"","overlay-color":"","overlay-opacity":"","overlay-gradient":""},"tablet":{"background-color":"","background-image":"","background-repeat":"repeat","background-position":"center center","background-size":"auto","background-attachment":"scroll","background-type":"","background-media":"","overlay-type":"","overlay-color":"","overlay-opacity":"","overlay-gradient":""},"mobile":{"background-color":"","background-image":"","background-repeat":"repeat","background-position":"center center","background-size":"auto","background-attachment":"scroll","background-type":"","background-media":"","overlay-type":"","overlay-color":"","overlay-opacity":"","overlay-gradient":""}},"ast-content-background-meta":{"desktop":{"background-color":"var(--ast-global-color-4)","background-image":"","background-repeat":"repeat","background-position":"center center","background-size":"auto","background-attachment":"scroll","background-type":"","background-media":"","overlay-type":"","overlay-color":"","overlay-opacity":"","overlay-gradient":""},"tablet":{"background-color":"var(--ast-global-color-4)","background-image":"","background-repeat":"repeat","background-position":"center center","background-size":"auto","background-attachment":"scroll","background-type":"","background-media":"","overlay-type":"","overlay-color":"","overlay-opacity":"","overlay-gradient":""},"mobile":{"background-color":"var(--ast-global-color-4)","background-image":"","background-repeat":"repeat","background-position":"center center","background-size":"auto","background-attachment":"scroll","background-type":"","background-media":"","overlay-type":"","overlay-color":"","overlay-opacity":"","overlay-gradient":""}},"footnotes":""},"categories":[12,1],"tags":[],"class_list":["post-12170","post","type-post","status-publish","format-standard","has-post-thumbnail","hentry","category-agenda-ambiental","category-noticias"],"yoast_head":"<!-- This site is optimized with the Yoast SEO Premium plugin v23.0 (Yoast SEO v27.4) - https:\/\/yoast.com\/product\/yoast-seo-premium-wordpress\/ -->\n<title>PROPUESTA DE LA UNTDF: Exposici\u00f3n fotogr\u00e1fica \u201cElija Naturaleza\u201d<\/title>\n<meta name=\"robots\" content=\"index, follow, max-snippet:-1, max-image-preview:large, max-video-preview:-1\" \/>\n<link rel=\"canonical\" href=\"https:\/\/patagoniambiental.com.ar\/info\/propuesta-de-la-untdf-exposicion-fotografica-elija-naturaleza\/\" \/>\n<meta property=\"og:locale\" content=\"es_ES\" \/>\n<meta property=\"og:type\" content=\"article\" \/>\n<meta property=\"og:title\" content=\"PROPUESTA DE LA UNTDF: Exposici\u00f3n fotogr\u00e1fica \u201cElija Naturaleza\u201d\" \/>\n<meta property=\"og:description\" content=\"Tierra del Fuego.-La Universidad Nacional de Tierra del Fuego impulsa el proyecto Espacio Documenta. Se trata de una campa\u00f1a fotogr\u00e1fica [&hellip;]\" \/>\n<meta property=\"og:url\" content=\"https:\/\/patagoniambiental.com.ar\/info\/propuesta-de-la-untdf-exposicion-fotografica-elija-naturaleza\/\" \/>\n<meta property=\"og:site_name\" content=\"Patagonia Ambiental\" \/>\n<meta property=\"article:publisher\" content=\"https:\/\/www.facebook.com\/patagonia.ambiental\" \/>\n<meta property=\"article:author\" content=\"https:\/\/www.facebook.com\/share\/1C1V8Gv9BX\/?mibextid=qi2Omg\" \/>\n<meta property=\"article:published_time\" content=\"2015-06-18T22:00:18+00:00\" \/>\n<meta name=\"author\" content=\"Patagonia Ambiental\" \/>\n<meta name=\"twitter:card\" content=\"summary_large_image\" \/>\n<meta name=\"twitter:creator\" content=\"@PatAmb\" \/>\n<meta name=\"twitter:site\" content=\"@PatAmb\" \/>\n<script type=\"application\/ld+json\" class=\"yoast-schema-graph\">{\"@context\":\"https:\\\/\\\/schema.org\",\"@graph\":[{\"@type\":\"Article\",\"@id\":\"https:\\\/\\\/patagoniambiental.com.ar\\\/info\\\/propuesta-de-la-untdf-exposicion-fotografica-elija-naturaleza\\\/#article\",\"isPartOf\":{\"@id\":\"https:\\\/\\\/patagoniambiental.com.ar\\\/info\\\/propuesta-de-la-untdf-exposicion-fotografica-elija-naturaleza\\\/\"},\"author\":{\"name\":\"Patagonia Ambiental\",\"@id\":\"https:\\\/\\\/patagoniambiental.com.ar\\\/info\\\/#\\\/schema\\\/person\\\/db12bff64bbcbf6a253710bf0ea37b5d\"},\"headline\":\"PROPUESTA DE LA UNTDF: Exposici\u00f3n fotogr\u00e1fica \u201cElija Naturaleza\u201d\",\"datePublished\":\"2015-06-18T22:00:18+00:00\",\"mainEntityOfPage\":{\"@id\":\"https:\\\/\\\/patagoniambiental.com.ar\\\/info\\\/propuesta-de-la-untdf-exposicion-fotografica-elija-naturaleza\\\/\"},\"wordCount\":365,\"publisher\":{\"@id\":\"https:\\\/\\\/patagoniambiental.com.ar\\\/info\\\/#organization\"},\"image\":{\"@id\":\"https:\\\/\\\/patagoniambiental.com.ar\\\/info\\\/propuesta-de-la-untdf-exposicion-fotografica-elija-naturaleza\\\/#primaryimage\"},\"thumbnailUrl\":\"\",\"articleSection\":[\"Agenda Ambiental\",\"Noticias\"],\"inLanguage\":\"es\"},{\"@type\":\"WebPage\",\"@id\":\"https:\\\/\\\/patagoniambiental.com.ar\\\/info\\\/propuesta-de-la-untdf-exposicion-fotografica-elija-naturaleza\\\/\",\"url\":\"https:\\\/\\\/patagoniambiental.com.ar\\\/info\\\/propuesta-de-la-untdf-exposicion-fotografica-elija-naturaleza\\\/\",\"name\":\"PROPUESTA DE LA UNTDF: Exposici\u00f3n fotogr\u00e1fica \u201cElija Naturaleza\u201d\",\"isPartOf\":{\"@id\":\"https:\\\/\\\/patagoniambiental.com.ar\\\/info\\\/#website\"},\"primaryImageOfPage\":{\"@id\":\"https:\\\/\\\/patagoniambiental.com.ar\\\/info\\\/propuesta-de-la-untdf-exposicion-fotografica-elija-naturaleza\\\/#primaryimage\"},\"image\":{\"@id\":\"https:\\\/\\\/patagoniambiental.com.ar\\\/info\\\/propuesta-de-la-untdf-exposicion-fotografica-elija-naturaleza\\\/#primaryimage\"},\"thumbnailUrl\":\"\",\"datePublished\":\"2015-06-18T22:00:18+00:00\",\"breadcrumb\":{\"@id\":\"https:\\\/\\\/patagoniambiental.com.ar\\\/info\\\/propuesta-de-la-untdf-exposicion-fotografica-elija-naturaleza\\\/#breadcrumb\"},\"inLanguage\":\"es\",\"potentialAction\":[{\"@type\":\"ReadAction\",\"target\":[\"https:\\\/\\\/patagoniambiental.com.ar\\\/info\\\/propuesta-de-la-untdf-exposicion-fotografica-elija-naturaleza\\\/\"]}]},{\"@type\":\"ImageObject\",\"inLanguage\":\"es\",\"@id\":\"https:\\\/\\\/patagoniambiental.com.ar\\\/info\\\/propuesta-de-la-untdf-exposicion-fotografica-elija-naturaleza\\\/#primaryimage\",\"url\":\"\",\"contentUrl\":\"\"},{\"@type\":\"BreadcrumbList\",\"@id\":\"https:\\\/\\\/patagoniambiental.com.ar\\\/info\\\/propuesta-de-la-untdf-exposicion-fotografica-elija-naturaleza\\\/#breadcrumb\",\"itemListElement\":[{\"@type\":\"ListItem\",\"position\":1,\"name\":\"Inicio\",\"item\":\"https:\\\/\\\/patagoniambiental.com.ar\\\/info\\\/\"},{\"@type\":\"ListItem\",\"position\":2,\"name\":\"PROPUESTA DE LA UNTDF: Exposici\u00f3n fotogr\u00e1fica \u201cElija Naturaleza\u201d\"}]},{\"@type\":\"WebSite\",\"@id\":\"https:\\\/\\\/patagoniambiental.com.ar\\\/info\\\/#website\",\"url\":\"https:\\\/\\\/patagoniambiental.com.ar\\\/info\\\/\",\"name\":\"Patagonia Ambiental\",\"description\":\"Monitoreo y an\u00e1lisis de la situaci\u00f3n geopol\u00edtica en el mundo y su implicancia en la Patagonia\",\"publisher\":{\"@id\":\"https:\\\/\\\/patagoniambiental.com.ar\\\/info\\\/#organization\"},\"potentialAction\":[{\"@type\":\"SearchAction\",\"target\":{\"@type\":\"EntryPoint\",\"urlTemplate\":\"https:\\\/\\\/patagoniambiental.com.ar\\\/info\\\/?s={search_term_string}\"},\"query-input\":{\"@type\":\"PropertyValueSpecification\",\"valueRequired\":true,\"valueName\":\"search_term_string\"}}],\"inLanguage\":\"es\"},{\"@type\":\"Organization\",\"@id\":\"https:\\\/\\\/patagoniambiental.com.ar\\\/info\\\/#organization\",\"name\":\"Patagonia Ambiental\",\"url\":\"https:\\\/\\\/patagoniambiental.com.ar\\\/info\\\/\",\"logo\":{\"@type\":\"ImageObject\",\"inLanguage\":\"es\",\"@id\":\"https:\\\/\\\/patagoniambiental.com.ar\\\/info\\\/#\\\/schema\\\/logo\\\/image\\\/\",\"url\":\"https:\\\/\\\/patagoniambiental.com.ar\\\/info\\\/wp-content\\\/uploads\\\/2025\\\/05\\\/LOGO-PATAGONIA-AMBIENTAL.png\",\"contentUrl\":\"https:\\\/\\\/patagoniambiental.com.ar\\\/info\\\/wp-content\\\/uploads\\\/2025\\\/05\\\/LOGO-PATAGONIA-AMBIENTAL.png\",\"width\":433,\"height\":250,\"caption\":\"Patagonia Ambiental\"},\"image\":{\"@id\":\"https:\\\/\\\/patagoniambiental.com.ar\\\/info\\\/#\\\/schema\\\/logo\\\/image\\\/\"},\"sameAs\":[\"https:\\\/\\\/www.facebook.com\\\/patagonia.ambiental\",\"https:\\\/\\\/x.com\\\/PatAmb\"]},{\"@type\":\"Person\",\"@id\":\"https:\\\/\\\/patagoniambiental.com.ar\\\/info\\\/#\\\/schema\\\/person\\\/db12bff64bbcbf6a253710bf0ea37b5d\",\"name\":\"Patagonia Ambiental\",\"description\":\"Andr\u00e9s Nievas T\u00e9cnico en manejo ambiental, consultor Ambiental y escritor para medios locales e internacionales sobre temas de geopolitica y medio ambiente.\",\"sameAs\":[\"http:\\\/\\\/www.patagoniambiental.com.ar\",\"https:\\\/\\\/www.facebook.com\\\/share\\\/1C1V8Gv9BX\\\/?mibextid=qi2Omg\",\"@patagoniambiental\",\"https:\\\/\\\/youtube.com\\\/@patagoniaambiental2023?si=BLt58t0wuXquxlYZ\"]}]}<\/script>\n<!-- \/ Yoast SEO Premium plugin. -->","yoast_head_json":{"title":"PROPUESTA DE LA UNTDF: Exposici\u00f3n fotogr\u00e1fica \u201cElija Naturaleza\u201d","robots":{"index":"index","follow":"follow","max-snippet":"max-snippet:-1","max-image-preview":"max-image-preview:large","max-video-preview":"max-video-preview:-1"},"canonical":"https:\/\/patagoniambiental.com.ar\/info\/propuesta-de-la-untdf-exposicion-fotografica-elija-naturaleza\/","og_locale":"es_ES","og_type":"article","og_title":"PROPUESTA DE LA UNTDF: Exposici\u00f3n fotogr\u00e1fica \u201cElija Naturaleza\u201d","og_description":"Tierra del Fuego.-La Universidad Nacional de Tierra del Fuego impulsa el proyecto Espacio Documenta. Se trata de una campa\u00f1a fotogr\u00e1fica [&hellip;]","og_url":"https:\/\/patagoniambiental.com.ar\/info\/propuesta-de-la-untdf-exposicion-fotografica-elija-naturaleza\/","og_site_name":"Patagonia Ambiental","article_publisher":"https:\/\/www.facebook.com\/patagonia.ambiental","article_author":"https:\/\/www.facebook.com\/share\/1C1V8Gv9BX\/?mibextid=qi2Omg","article_published_time":"2015-06-18T22:00:18+00:00","author":"Patagonia Ambiental","twitter_card":"summary_large_image","twitter_creator":"@PatAmb","twitter_site":"@PatAmb","schema":{"@context":"https:\/\/schema.org","@graph":[{"@type":"Article","@id":"https:\/\/patagoniambiental.com.ar\/info\/propuesta-de-la-untdf-exposicion-fotografica-elija-naturaleza\/#article","isPartOf":{"@id":"https:\/\/patagoniambiental.com.ar\/info\/propuesta-de-la-untdf-exposicion-fotografica-elija-naturaleza\/"},"author":{"name":"Patagonia Ambiental","@id":"https:\/\/patagoniambiental.com.ar\/info\/#\/schema\/person\/db12bff64bbcbf6a253710bf0ea37b5d"},"headline":"PROPUESTA DE LA UNTDF: Exposici\u00f3n fotogr\u00e1fica \u201cElija Naturaleza\u201d","datePublished":"2015-06-18T22:00:18+00:00","mainEntityOfPage":{"@id":"https:\/\/patagoniambiental.com.ar\/info\/propuesta-de-la-untdf-exposicion-fotografica-elija-naturaleza\/"},"wordCount":365,"publisher":{"@id":"https:\/\/patagoniambiental.com.ar\/info\/#organization"},"image":{"@id":"https:\/\/patagoniambiental.com.ar\/info\/propuesta-de-la-untdf-exposicion-fotografica-elija-naturaleza\/#primaryimage"},"thumbnailUrl":"","articleSection":["Agenda Ambiental","Noticias"],"inLanguage":"es"},{"@type":"WebPage","@id":"https:\/\/patagoniambiental.com.ar\/info\/propuesta-de-la-untdf-exposicion-fotografica-elija-naturaleza\/","url":"https:\/\/patagoniambiental.com.ar\/info\/propuesta-de-la-untdf-exposicion-fotografica-elija-naturaleza\/","name":"PROPUESTA DE LA UNTDF: Exposici\u00f3n fotogr\u00e1fica \u201cElija Naturaleza\u201d","isPartOf":{"@id":"https:\/\/patagoniambiental.com.ar\/info\/#website"},"primaryImageOfPage":{"@id":"https:\/\/patagoniambiental.com.ar\/info\/propuesta-de-la-untdf-exposicion-fotografica-elija-naturaleza\/#primaryimage"},"image":{"@id":"https:\/\/patagoniambiental.com.ar\/info\/propuesta-de-la-untdf-exposicion-fotografica-elija-naturaleza\/#primaryimage"},"thumbnailUrl":"","datePublished":"2015-06-18T22:00:18+00:00","breadcrumb":{"@id":"https:\/\/patagoniambiental.com.ar\/info\/propuesta-de-la-untdf-exposicion-fotografica-elija-naturaleza\/#breadcrumb"},"inLanguage":"es","potentialAction":[{"@type":"ReadAction","target":["https:\/\/patagoniambiental.com.ar\/info\/propuesta-de-la-untdf-exposicion-fotografica-elija-naturaleza\/"]}]},{"@type":"ImageObject","inLanguage":"es","@id":"https:\/\/patagoniambiental.com.ar\/info\/propuesta-de-la-untdf-exposicion-fotografica-elija-naturaleza\/#primaryimage","url":"","contentUrl":""},{"@type":"BreadcrumbList","@id":"https:\/\/patagoniambiental.com.ar\/info\/propuesta-de-la-untdf-exposicion-fotografica-elija-naturaleza\/#breadcrumb","itemListElement":[{"@type":"ListItem","position":1,"name":"Inicio","item":"https:\/\/patagoniambiental.com.ar\/info\/"},{"@type":"ListItem","position":2,"name":"PROPUESTA DE LA UNTDF: Exposici\u00f3n fotogr\u00e1fica \u201cElija Naturaleza\u201d"}]},{"@type":"WebSite","@id":"https:\/\/patagoniambiental.com.ar\/info\/#website","url":"https:\/\/patagoniambiental.com.ar\/info\/","name":"Patagonia Ambiental","description":"Monitoreo y an\u00e1lisis de la situaci\u00f3n geopol\u00edtica en el mundo y su implicancia en la Patagonia","publisher":{"@id":"https:\/\/patagoniambiental.com.ar\/info\/#organization"},"potentialAction":[{"@type":"SearchAction","target":{"@type":"EntryPoint","urlTemplate":"https:\/\/patagoniambiental.com.ar\/info\/?s={search_term_string}"},"query-input":{"@type":"PropertyValueSpecification","valueRequired":true,"valueName":"search_term_string"}}],"inLanguage":"es"},{"@type":"Organization","@id":"https:\/\/patagoniambiental.com.ar\/info\/#organization","name":"Patagonia Ambiental","url":"https:\/\/patagoniambiental.com.ar\/info\/","logo":{"@type":"ImageObject","inLanguage":"es","@id":"https:\/\/patagoniambiental.com.ar\/info\/#\/schema\/logo\/image\/","url":"https:\/\/patagoniambiental.com.ar\/info\/wp-content\/uploads\/2025\/05\/LOGO-PATAGONIA-AMBIENTAL.png","contentUrl":"https:\/\/patagoniambiental.com.ar\/info\/wp-content\/uploads\/2025\/05\/LOGO-PATAGONIA-AMBIENTAL.png","width":433,"height":250,"caption":"Patagonia Ambiental"},"image":{"@id":"https:\/\/patagoniambiental.com.ar\/info\/#\/schema\/logo\/image\/"},"sameAs":["https:\/\/www.facebook.com\/patagonia.ambiental","https:\/\/x.com\/PatAmb"]},{"@type":"Person","@id":"https:\/\/patagoniambiental.com.ar\/info\/#\/schema\/person\/db12bff64bbcbf6a253710bf0ea37b5d","name":"Patagonia Ambiental","description":"Andr\u00e9s Nievas T\u00e9cnico en manejo ambiental, consultor Ambiental y escritor para medios locales e internacionales sobre temas de geopolitica y medio ambiente.","sameAs":["http:\/\/www.patagoniambiental.com.ar","https:\/\/www.facebook.com\/share\/1C1V8Gv9BX\/?mibextid=qi2Omg","@patagoniambiental","https:\/\/youtube.com\/@patagoniaambiental2023?si=BLt58t0wuXquxlYZ"]}]}},"_links":{"self":[{"href":"https:\/\/patagoniambiental.com.ar\/info\/wp-json\/wp\/v2\/posts\/12170","targetHints":{"allow":["GET"]}}],"collection":[{"href":"https:\/\/patagoniambiental.com.ar\/info\/wp-json\/wp\/v2\/posts"}],"about":[{"href":"https:\/\/patagoniambiental.com.ar\/info\/wp-json\/wp\/v2\/types\/post"}],"author":[{"embeddable":true,"href":"https:\/\/patagoniambiental.com.ar\/info\/wp-json\/wp\/v2\/users\/2"}],"replies":[{"embeddable":true,"href":"https:\/\/patagoniambiental.com.ar\/info\/wp-json\/wp\/v2\/comments?post=12170"}],"version-history":[{"count":0,"href":"https:\/\/patagoniambiental.com.ar\/info\/wp-json\/wp\/v2\/posts\/12170\/revisions"}],"wp:featuredmedia":[{"embeddable":true,"href":"https:\/\/patagoniambiental.com.ar\/info\/wp-json\/"}],"wp:attachment":[{"href":"https:\/\/patagoniambiental.com.ar\/info\/wp-json\/wp\/v2\/media?parent=12170"}],"wp:term":[{"taxonomy":"category","embeddable":true,"href":"https:\/\/patagoniambiental.com.ar\/info\/wp-json\/wp\/v2\/categories?post=12170"},{"taxonomy":"post_tag","embeddable":true,"href":"https:\/\/patagoniambiental.com.ar\/info\/wp-json\/wp\/v2\/tags?post=12170"}],"curies":[{"name":"wp","href":"https:\/\/api.w.org\/{rel}","templated":true}]}}