{"id":12173,"date":"2015-06-18T19:00:34","date_gmt":"2015-06-18T22:00:34","guid":{"rendered":"http:\/\/patagoniambiental.com.ar\/?p=12173"},"modified":"2015-06-18T19:00:34","modified_gmt":"2015-06-18T22:00:34","slug":"valcheta-apoyo-del-gobierno-provincial-a-la-31-fiesta-de-la-matra-y-las-artesanias","status":"publish","type":"post","link":"https:\/\/patagoniambiental.com.ar\/info\/valcheta-apoyo-del-gobierno-provincial-a-la-31-fiesta-de-la-matra-y-las-artesanias\/","title":{"rendered":"Valcheta: Apoyo del Gobierno Provincial a la 31\u00b0 Fiesta de la Matra y las Artesan\u00edas"},"content":{"rendered":"<p>Valcheta.-Con el acompa\u00f1amiento del Gobierno de R\u00edo Negro, se llevar\u00e1 a cabo la 31\u00b0 Fiesta de la Matra y las Artesan\u00edas en Valcheta. La misma tendr\u00e1 comienzo el viernes y finalizar\u00e1 el domingo.<!--more--><br \/>\nLa nueva edici\u00f3n de la Fiesta, que es organizada por la Municipalidad de Valcheta, cuenta con financiamiento del Consejo Federal de Inversiones (CFI), a trav\u00e9s de la Secretar\u00eda de Planificaci\u00f3n de R\u00edo Negro.<\/p>\n<p>La Fiesta quedar\u00e1 inaugurada el viernes a las 10.30 con un acto en el que participar\u00e1n autoridades\u00a0 provinciales, municipales y representantes de la comunidad de artesanos y tejedores de Valcheta.<\/p>\n<p>El viernes y s\u00e1bado por la noche se realizar\u00e1n distintos espect\u00e1culos musicales que contar\u00e1n con la actuaci\u00f3n de la reconocida cantante Patricia Sosa. Tambi\u00e9n, habr\u00e1 shows de danzas y humor, y el s\u00e1bado se elegir\u00e1 a la Reina de la Fiesta de este a\u00f1o. Finalmente, para el domingo por la tarde se prev\u00e9 un espect\u00e1culo de t\u00edteres en el Centro Cultural Liban\u00e9s de la localidad.<\/p>\n<p>Durante los tres d\u00edas de festejos se podr\u00e1 recorrer la tradicional feria de artesanos en el sal\u00f3n de usos m\u00faltiples de la Escuela 277 y se podr\u00e1 visitar el Museo Provincial \u201cM.I.Kopp\u201d\u00a0 que para esta ocasi\u00f3n ofrece una propuesta denominada \u201cValcheta Mundo Jur\u00e1sico\u201d.<\/p>\n<p>La Secretar\u00eda de Planificaci\u00f3n acompa\u00f1a la realizaci\u00f3n de este evento, brindando apoyo t\u00e9cnico y financiero a trav\u00e9s de su Unidad de Enlace provincial con el CFI, contribuyendo de esta manera a la puesta en valor de las distintas actividades culturales y tur\u00edsticas de la Provincia.<br \/>\nFuente: Gobierno de Rio Negro<\/p>\n","protected":false},"excerpt":{"rendered":"<p>Valcheta.-Con el acompa\u00f1amiento del Gobierno de R\u00edo Negro, se llevar\u00e1 a cabo la 31\u00b0 Fiesta de la Matra y las [&hellip;]<\/p>\n","protected":false},"author":2,"featured_media":1595,"comment_status":"closed","ping_status":"closed","sticky":false,"template":"","format":"standard","meta":{"site-sidebar-layout":"default","site-content-layout":"","ast-site-content-layout":"default","site-content-style":"default","site-sidebar-style":"default","ast-global-header-display":"","ast-banner-title-visibility":"","ast-main-header-display":"","ast-hfb-above-header-display":"","ast-hfb-below-header-display":"","ast-hfb-mobile-header-display":"","site-post-title":"","ast-breadcrumbs-content":"","ast-featured-img":"","footer-sml-layout":"","ast-disable-related-posts":"","theme-transparent-header-meta":"","adv-header-id-meta":"","stick-header-meta":"","header-above-stick-meta":"","header-main-stick-meta":"","header-below-stick-meta":"","astra-migrate-meta-layouts":"default","ast-page-background-enabled":"default","ast-page-background-meta":{"desktop":{"background-color":"var(--ast-global-color-5)","background-image":"","background-repeat":"repeat","background-position":"center center","background-size":"auto","background-attachment":"scroll","background-type":"","background-media":"","overlay-type":"","overlay-color":"","overlay-opacity":"","overlay-gradient":""},"tablet":{"background-color":"","background-image":"","background-repeat":"repeat","background-position":"center center","background-size":"auto","background-attachment":"scroll","background-type":"","background-media":"","overlay-type":"","overlay-color":"","overlay-opacity":"","overlay-gradient":""},"mobile":{"background-color":"","background-image":"","background-repeat":"repeat","background-position":"center center","background-size":"auto","background-attachment":"scroll","background-type":"","background-media":"","overlay-type":"","overlay-color":"","overlay-opacity":"","overlay-gradient":""}},"ast-content-background-meta":{"desktop":{"background-color":"var(--ast-global-color-4)","background-image":"","background-repeat":"repeat","background-position":"center center","background-size":"auto","background-attachment":"scroll","background-type":"","background-media":"","overlay-type":"","overlay-color":"","overlay-opacity":"","overlay-gradient":""},"tablet":{"background-color":"var(--ast-global-color-4)","background-image":"","background-repeat":"repeat","background-position":"center center","background-size":"auto","background-attachment":"scroll","background-type":"","background-media":"","overlay-type":"","overlay-color":"","overlay-opacity":"","overlay-gradient":""},"mobile":{"background-color":"var(--ast-global-color-4)","background-image":"","background-repeat":"repeat","background-position":"center center","background-size":"auto","background-attachment":"scroll","background-type":"","background-media":"","overlay-type":"","overlay-color":"","overlay-opacity":"","overlay-gradient":""}},"footnotes":""},"categories":[12,1],"tags":[],"class_list":["post-12173","post","type-post","status-publish","format-standard","has-post-thumbnail","hentry","category-agenda-ambiental","category-noticias"],"yoast_head":"<!-- This site is optimized with the Yoast SEO Premium plugin v23.0 (Yoast SEO v27.4) - https:\/\/yoast.com\/product\/yoast-seo-premium-wordpress\/ -->\n<title>Valcheta: Apoyo del Gobierno Provincial a la 31\u00b0 Fiesta de la Matra y las Artesan\u00edas<\/title>\n<meta name=\"robots\" content=\"index, follow, max-snippet:-1, max-image-preview:large, max-video-preview:-1\" \/>\n<link rel=\"canonical\" href=\"https:\/\/patagoniambiental.com.ar\/info\/valcheta-apoyo-del-gobierno-provincial-a-la-31-fiesta-de-la-matra-y-las-artesanias\/\" \/>\n<meta property=\"og:locale\" content=\"es_ES\" \/>\n<meta property=\"og:type\" content=\"article\" \/>\n<meta property=\"og:title\" content=\"Valcheta: Apoyo del Gobierno Provincial a la 31\u00b0 Fiesta de la Matra y las Artesan\u00edas\" \/>\n<meta property=\"og:description\" content=\"Valcheta.-Con el acompa\u00f1amiento del Gobierno de R\u00edo Negro, se llevar\u00e1 a cabo la 31\u00b0 Fiesta de la Matra y las [&hellip;]\" \/>\n<meta property=\"og:url\" content=\"https:\/\/patagoniambiental.com.ar\/info\/valcheta-apoyo-del-gobierno-provincial-a-la-31-fiesta-de-la-matra-y-las-artesanias\/\" \/>\n<meta property=\"og:site_name\" content=\"Patagonia Ambiental\" \/>\n<meta property=\"article:publisher\" content=\"https:\/\/www.facebook.com\/patagonia.ambiental\" \/>\n<meta property=\"article:author\" content=\"https:\/\/www.facebook.com\/share\/1C1V8Gv9BX\/?mibextid=qi2Omg\" \/>\n<meta property=\"article:published_time\" content=\"2015-06-18T22:00:34+00:00\" \/>\n<meta name=\"author\" content=\"Patagonia Ambiental\" \/>\n<meta name=\"twitter:card\" content=\"summary_large_image\" \/>\n<meta name=\"twitter:creator\" content=\"@PatAmb\" \/>\n<meta name=\"twitter:site\" content=\"@PatAmb\" \/>\n<script type=\"application\/ld+json\" class=\"yoast-schema-graph\">{\"@context\":\"https:\\\/\\\/schema.org\",\"@graph\":[{\"@type\":\"Article\",\"@id\":\"https:\\\/\\\/patagoniambiental.com.ar\\\/info\\\/valcheta-apoyo-del-gobierno-provincial-a-la-31-fiesta-de-la-matra-y-las-artesanias\\\/#article\",\"isPartOf\":{\"@id\":\"https:\\\/\\\/patagoniambiental.com.ar\\\/info\\\/valcheta-apoyo-del-gobierno-provincial-a-la-31-fiesta-de-la-matra-y-las-artesanias\\\/\"},\"author\":{\"name\":\"Patagonia Ambiental\",\"@id\":\"https:\\\/\\\/patagoniambiental.com.ar\\\/info\\\/#\\\/schema\\\/person\\\/db12bff64bbcbf6a253710bf0ea37b5d\"},\"headline\":\"Valcheta: Apoyo del Gobierno Provincial a la 31\u00b0 Fiesta de la Matra y las Artesan\u00edas\",\"datePublished\":\"2015-06-18T22:00:34+00:00\",\"mainEntityOfPage\":{\"@id\":\"https:\\\/\\\/patagoniambiental.com.ar\\\/info\\\/valcheta-apoyo-del-gobierno-provincial-a-la-31-fiesta-de-la-matra-y-las-artesanias\\\/\"},\"wordCount\":301,\"publisher\":{\"@id\":\"https:\\\/\\\/patagoniambiental.com.ar\\\/info\\\/#organization\"},\"image\":{\"@id\":\"https:\\\/\\\/patagoniambiental.com.ar\\\/info\\\/valcheta-apoyo-del-gobierno-provincial-a-la-31-fiesta-de-la-matra-y-las-artesanias\\\/#primaryimage\"},\"thumbnailUrl\":\"\",\"articleSection\":[\"Agenda Ambiental\",\"Noticias\"],\"inLanguage\":\"es\"},{\"@type\":\"WebPage\",\"@id\":\"https:\\\/\\\/patagoniambiental.com.ar\\\/info\\\/valcheta-apoyo-del-gobierno-provincial-a-la-31-fiesta-de-la-matra-y-las-artesanias\\\/\",\"url\":\"https:\\\/\\\/patagoniambiental.com.ar\\\/info\\\/valcheta-apoyo-del-gobierno-provincial-a-la-31-fiesta-de-la-matra-y-las-artesanias\\\/\",\"name\":\"Valcheta: Apoyo del Gobierno Provincial a la 31\u00b0 Fiesta de la Matra y las Artesan\u00edas\",\"isPartOf\":{\"@id\":\"https:\\\/\\\/patagoniambiental.com.ar\\\/info\\\/#website\"},\"primaryImageOfPage\":{\"@id\":\"https:\\\/\\\/patagoniambiental.com.ar\\\/info\\\/valcheta-apoyo-del-gobierno-provincial-a-la-31-fiesta-de-la-matra-y-las-artesanias\\\/#primaryimage\"},\"image\":{\"@id\":\"https:\\\/\\\/patagoniambiental.com.ar\\\/info\\\/valcheta-apoyo-del-gobierno-provincial-a-la-31-fiesta-de-la-matra-y-las-artesanias\\\/#primaryimage\"},\"thumbnailUrl\":\"\",\"datePublished\":\"2015-06-18T22:00:34+00:00\",\"breadcrumb\":{\"@id\":\"https:\\\/\\\/patagoniambiental.com.ar\\\/info\\\/valcheta-apoyo-del-gobierno-provincial-a-la-31-fiesta-de-la-matra-y-las-artesanias\\\/#breadcrumb\"},\"inLanguage\":\"es\",\"potentialAction\":[{\"@type\":\"ReadAction\",\"target\":[\"https:\\\/\\\/patagoniambiental.com.ar\\\/info\\\/valcheta-apoyo-del-gobierno-provincial-a-la-31-fiesta-de-la-matra-y-las-artesanias\\\/\"]}]},{\"@type\":\"ImageObject\",\"inLanguage\":\"es\",\"@id\":\"https:\\\/\\\/patagoniambiental.com.ar\\\/info\\\/valcheta-apoyo-del-gobierno-provincial-a-la-31-fiesta-de-la-matra-y-las-artesanias\\\/#primaryimage\",\"url\":\"\",\"contentUrl\":\"\"},{\"@type\":\"BreadcrumbList\",\"@id\":\"https:\\\/\\\/patagoniambiental.com.ar\\\/info\\\/valcheta-apoyo-del-gobierno-provincial-a-la-31-fiesta-de-la-matra-y-las-artesanias\\\/#breadcrumb\",\"itemListElement\":[{\"@type\":\"ListItem\",\"position\":1,\"name\":\"Inicio\",\"item\":\"https:\\\/\\\/patagoniambiental.com.ar\\\/info\\\/\"},{\"@type\":\"ListItem\",\"position\":2,\"name\":\"Valcheta: Apoyo del Gobierno Provincial a la 31\u00b0 Fiesta de la Matra y las Artesan\u00edas\"}]},{\"@type\":\"WebSite\",\"@id\":\"https:\\\/\\\/patagoniambiental.com.ar\\\/info\\\/#website\",\"url\":\"https:\\\/\\\/patagoniambiental.com.ar\\\/info\\\/\",\"name\":\"Patagonia Ambiental\",\"description\":\"Monitoreo y an\u00e1lisis de la situaci\u00f3n geopol\u00edtica en el mundo y su implicancia en la Patagonia\",\"publisher\":{\"@id\":\"https:\\\/\\\/patagoniambiental.com.ar\\\/info\\\/#organization\"},\"potentialAction\":[{\"@type\":\"SearchAction\",\"target\":{\"@type\":\"EntryPoint\",\"urlTemplate\":\"https:\\\/\\\/patagoniambiental.com.ar\\\/info\\\/?s={search_term_string}\"},\"query-input\":{\"@type\":\"PropertyValueSpecification\",\"valueRequired\":true,\"valueName\":\"search_term_string\"}}],\"inLanguage\":\"es\"},{\"@type\":\"Organization\",\"@id\":\"https:\\\/\\\/patagoniambiental.com.ar\\\/info\\\/#organization\",\"name\":\"Patagonia Ambiental\",\"url\":\"https:\\\/\\\/patagoniambiental.com.ar\\\/info\\\/\",\"logo\":{\"@type\":\"ImageObject\",\"inLanguage\":\"es\",\"@id\":\"https:\\\/\\\/patagoniambiental.com.ar\\\/info\\\/#\\\/schema\\\/logo\\\/image\\\/\",\"url\":\"https:\\\/\\\/patagoniambiental.com.ar\\\/info\\\/wp-content\\\/uploads\\\/2025\\\/05\\\/LOGO-PATAGONIA-AMBIENTAL.png\",\"contentUrl\":\"https:\\\/\\\/patagoniambiental.com.ar\\\/info\\\/wp-content\\\/uploads\\\/2025\\\/05\\\/LOGO-PATAGONIA-AMBIENTAL.png\",\"width\":433,\"height\":250,\"caption\":\"Patagonia Ambiental\"},\"image\":{\"@id\":\"https:\\\/\\\/patagoniambiental.com.ar\\\/info\\\/#\\\/schema\\\/logo\\\/image\\\/\"},\"sameAs\":[\"https:\\\/\\\/www.facebook.com\\\/patagonia.ambiental\",\"https:\\\/\\\/x.com\\\/PatAmb\"]},{\"@type\":\"Person\",\"@id\":\"https:\\\/\\\/patagoniambiental.com.ar\\\/info\\\/#\\\/schema\\\/person\\\/db12bff64bbcbf6a253710bf0ea37b5d\",\"name\":\"Patagonia Ambiental\",\"description\":\"Andr\u00e9s Nievas T\u00e9cnico en manejo ambiental, consultor Ambiental y escritor para medios locales e internacionales sobre temas de geopolitica y medio ambiente.\",\"sameAs\":[\"http:\\\/\\\/www.patagoniambiental.com.ar\",\"https:\\\/\\\/www.facebook.com\\\/share\\\/1C1V8Gv9BX\\\/?mibextid=qi2Omg\",\"@patagoniambiental\",\"https:\\\/\\\/youtube.com\\\/@patagoniaambiental2023?si=BLt58t0wuXquxlYZ\"]}]}<\/script>\n<!-- \/ Yoast SEO Premium plugin. -->","yoast_head_json":{"title":"Valcheta: Apoyo del Gobierno Provincial a la 31\u00b0 Fiesta de la Matra y las Artesan\u00edas","robots":{"index":"index","follow":"follow","max-snippet":"max-snippet:-1","max-image-preview":"max-image-preview:large","max-video-preview":"max-video-preview:-1"},"canonical":"https:\/\/patagoniambiental.com.ar\/info\/valcheta-apoyo-del-gobierno-provincial-a-la-31-fiesta-de-la-matra-y-las-artesanias\/","og_locale":"es_ES","og_type":"article","og_title":"Valcheta: Apoyo del Gobierno Provincial a la 31\u00b0 Fiesta de la Matra y las Artesan\u00edas","og_description":"Valcheta.-Con el acompa\u00f1amiento del Gobierno de R\u00edo Negro, se llevar\u00e1 a cabo la 31\u00b0 Fiesta de la Matra y las [&hellip;]","og_url":"https:\/\/patagoniambiental.com.ar\/info\/valcheta-apoyo-del-gobierno-provincial-a-la-31-fiesta-de-la-matra-y-las-artesanias\/","og_site_name":"Patagonia Ambiental","article_publisher":"https:\/\/www.facebook.com\/patagonia.ambiental","article_author":"https:\/\/www.facebook.com\/share\/1C1V8Gv9BX\/?mibextid=qi2Omg","article_published_time":"2015-06-18T22:00:34+00:00","author":"Patagonia Ambiental","twitter_card":"summary_large_image","twitter_creator":"@PatAmb","twitter_site":"@PatAmb","schema":{"@context":"https:\/\/schema.org","@graph":[{"@type":"Article","@id":"https:\/\/patagoniambiental.com.ar\/info\/valcheta-apoyo-del-gobierno-provincial-a-la-31-fiesta-de-la-matra-y-las-artesanias\/#article","isPartOf":{"@id":"https:\/\/patagoniambiental.com.ar\/info\/valcheta-apoyo-del-gobierno-provincial-a-la-31-fiesta-de-la-matra-y-las-artesanias\/"},"author":{"name":"Patagonia Ambiental","@id":"https:\/\/patagoniambiental.com.ar\/info\/#\/schema\/person\/db12bff64bbcbf6a253710bf0ea37b5d"},"headline":"Valcheta: Apoyo del Gobierno Provincial a la 31\u00b0 Fiesta de la Matra y las Artesan\u00edas","datePublished":"2015-06-18T22:00:34+00:00","mainEntityOfPage":{"@id":"https:\/\/patagoniambiental.com.ar\/info\/valcheta-apoyo-del-gobierno-provincial-a-la-31-fiesta-de-la-matra-y-las-artesanias\/"},"wordCount":301,"publisher":{"@id":"https:\/\/patagoniambiental.com.ar\/info\/#organization"},"image":{"@id":"https:\/\/patagoniambiental.com.ar\/info\/valcheta-apoyo-del-gobierno-provincial-a-la-31-fiesta-de-la-matra-y-las-artesanias\/#primaryimage"},"thumbnailUrl":"","articleSection":["Agenda Ambiental","Noticias"],"inLanguage":"es"},{"@type":"WebPage","@id":"https:\/\/patagoniambiental.com.ar\/info\/valcheta-apoyo-del-gobierno-provincial-a-la-31-fiesta-de-la-matra-y-las-artesanias\/","url":"https:\/\/patagoniambiental.com.ar\/info\/valcheta-apoyo-del-gobierno-provincial-a-la-31-fiesta-de-la-matra-y-las-artesanias\/","name":"Valcheta: Apoyo del Gobierno Provincial a la 31\u00b0 Fiesta de la Matra y las Artesan\u00edas","isPartOf":{"@id":"https:\/\/patagoniambiental.com.ar\/info\/#website"},"primaryImageOfPage":{"@id":"https:\/\/patagoniambiental.com.ar\/info\/valcheta-apoyo-del-gobierno-provincial-a-la-31-fiesta-de-la-matra-y-las-artesanias\/#primaryimage"},"image":{"@id":"https:\/\/patagoniambiental.com.ar\/info\/valcheta-apoyo-del-gobierno-provincial-a-la-31-fiesta-de-la-matra-y-las-artesanias\/#primaryimage"},"thumbnailUrl":"","datePublished":"2015-06-18T22:00:34+00:00","breadcrumb":{"@id":"https:\/\/patagoniambiental.com.ar\/info\/valcheta-apoyo-del-gobierno-provincial-a-la-31-fiesta-de-la-matra-y-las-artesanias\/#breadcrumb"},"inLanguage":"es","potentialAction":[{"@type":"ReadAction","target":["https:\/\/patagoniambiental.com.ar\/info\/valcheta-apoyo-del-gobierno-provincial-a-la-31-fiesta-de-la-matra-y-las-artesanias\/"]}]},{"@type":"ImageObject","inLanguage":"es","@id":"https:\/\/patagoniambiental.com.ar\/info\/valcheta-apoyo-del-gobierno-provincial-a-la-31-fiesta-de-la-matra-y-las-artesanias\/#primaryimage","url":"","contentUrl":""},{"@type":"BreadcrumbList","@id":"https:\/\/patagoniambiental.com.ar\/info\/valcheta-apoyo-del-gobierno-provincial-a-la-31-fiesta-de-la-matra-y-las-artesanias\/#breadcrumb","itemListElement":[{"@type":"ListItem","position":1,"name":"Inicio","item":"https:\/\/patagoniambiental.com.ar\/info\/"},{"@type":"ListItem","position":2,"name":"Valcheta: Apoyo del Gobierno Provincial a la 31\u00b0 Fiesta de la Matra y las Artesan\u00edas"}]},{"@type":"WebSite","@id":"https:\/\/patagoniambiental.com.ar\/info\/#website","url":"https:\/\/patagoniambiental.com.ar\/info\/","name":"Patagonia Ambiental","description":"Monitoreo y an\u00e1lisis de la situaci\u00f3n geopol\u00edtica en el mundo y su implicancia en la Patagonia","publisher":{"@id":"https:\/\/patagoniambiental.com.ar\/info\/#organization"},"potentialAction":[{"@type":"SearchAction","target":{"@type":"EntryPoint","urlTemplate":"https:\/\/patagoniambiental.com.ar\/info\/?s={search_term_string}"},"query-input":{"@type":"PropertyValueSpecification","valueRequired":true,"valueName":"search_term_string"}}],"inLanguage":"es"},{"@type":"Organization","@id":"https:\/\/patagoniambiental.com.ar\/info\/#organization","name":"Patagonia Ambiental","url":"https:\/\/patagoniambiental.com.ar\/info\/","logo":{"@type":"ImageObject","inLanguage":"es","@id":"https:\/\/patagoniambiental.com.ar\/info\/#\/schema\/logo\/image\/","url":"https:\/\/patagoniambiental.com.ar\/info\/wp-content\/uploads\/2025\/05\/LOGO-PATAGONIA-AMBIENTAL.png","contentUrl":"https:\/\/patagoniambiental.com.ar\/info\/wp-content\/uploads\/2025\/05\/LOGO-PATAGONIA-AMBIENTAL.png","width":433,"height":250,"caption":"Patagonia Ambiental"},"image":{"@id":"https:\/\/patagoniambiental.com.ar\/info\/#\/schema\/logo\/image\/"},"sameAs":["https:\/\/www.facebook.com\/patagonia.ambiental","https:\/\/x.com\/PatAmb"]},{"@type":"Person","@id":"https:\/\/patagoniambiental.com.ar\/info\/#\/schema\/person\/db12bff64bbcbf6a253710bf0ea37b5d","name":"Patagonia Ambiental","description":"Andr\u00e9s Nievas T\u00e9cnico en manejo ambiental, consultor Ambiental y escritor para medios locales e internacionales sobre temas de geopolitica y medio ambiente.","sameAs":["http:\/\/www.patagoniambiental.com.ar","https:\/\/www.facebook.com\/share\/1C1V8Gv9BX\/?mibextid=qi2Omg","@patagoniambiental","https:\/\/youtube.com\/@patagoniaambiental2023?si=BLt58t0wuXquxlYZ"]}]}},"_links":{"self":[{"href":"https:\/\/patagoniambiental.com.ar\/info\/wp-json\/wp\/v2\/posts\/12173","targetHints":{"allow":["GET"]}}],"collection":[{"href":"https:\/\/patagoniambiental.com.ar\/info\/wp-json\/wp\/v2\/posts"}],"about":[{"href":"https:\/\/patagoniambiental.com.ar\/info\/wp-json\/wp\/v2\/types\/post"}],"author":[{"embeddable":true,"href":"https:\/\/patagoniambiental.com.ar\/info\/wp-json\/wp\/v2\/users\/2"}],"replies":[{"embeddable":true,"href":"https:\/\/patagoniambiental.com.ar\/info\/wp-json\/wp\/v2\/comments?post=12173"}],"version-history":[{"count":0,"href":"https:\/\/patagoniambiental.com.ar\/info\/wp-json\/wp\/v2\/posts\/12173\/revisions"}],"wp:featuredmedia":[{"embeddable":true,"href":"https:\/\/patagoniambiental.com.ar\/info\/wp-json\/"}],"wp:attachment":[{"href":"https:\/\/patagoniambiental.com.ar\/info\/wp-json\/wp\/v2\/media?parent=12173"}],"wp:term":[{"taxonomy":"category","embeddable":true,"href":"https:\/\/patagoniambiental.com.ar\/info\/wp-json\/wp\/v2\/categories?post=12173"},{"taxonomy":"post_tag","embeddable":true,"href":"https:\/\/patagoniambiental.com.ar\/info\/wp-json\/wp\/v2\/tags?post=12173"}],"curies":[{"name":"wp","href":"https:\/\/api.w.org\/{rel}","templated":true}]}}