{"id":12181,"date":"2015-06-19T09:00:46","date_gmt":"2015-06-19T12:00:46","guid":{"rendered":"http:\/\/patagoniambiental.com.ar\/?p=12181"},"modified":"2015-06-19T09:00:46","modified_gmt":"2015-06-19T12:00:46","slug":"el-viento-ya-genera-energia-en-cutral-co","status":"publish","type":"post","link":"https:\/\/patagoniambiental.com.ar\/info\/el-viento-ya-genera-energia-en-cutral-co\/","title":{"rendered":"El viento ya genera energ\u00eda en Cutral Co"},"content":{"rendered":"<p>CUTRAL CO (ACC).- Naci\u00f3n aport\u00f3 84 millones para este proyecto. Se utilizar\u00e1 para abastecer el parque tecnol\u00f3gico.<!--more--><\/p>\n<figure id=\"attachment_12182\" aria-describedby=\"caption-attachment-12182\" style=\"width: 600px\" class=\"wp-caption alignleft\"><a href=\"http:\/\/patagoniambiental.com.ar\/wp-content\/uploads\/2015\/06\/imagen3.jpg\"><img fetchpriority=\"high\" decoding=\"async\" class=\"wp-image-12182 size-medium\" src=\"http:\/\/patagoniambiental.com.ar\/wp-content\/uploads\/2015\/06\/imagen3-600x358.jpg\" alt=\"imagen\" width=\"600\" height=\"358\" \/><\/a><figcaption id=\"caption-attachment-12182\" class=\"wp-caption-text\">Si hay r\u00e1fagas de 80 kil\u00f3metros por hora, la m\u00e1quina se detiene por razones de seguridad.<\/figcaption><\/figure>\n<p>El primer generador e\u00f3lico que se fabric\u00f3 en el parque tecnol\u00f3gico de esta ciudad ya est\u00e1 instalado. Tiene una potencia de 30 kilovatios y es de mediana potencia.<\/p>\n<p>El equipo, que fue dise\u00f1ado y construido por Invap Ingenier\u00eda con la colaboraci\u00f3n de universidades, permitir\u00e1 generar la energ\u00eda que ser\u00e1 absorbida dentro del propio parque tecnol\u00f3gico.<\/p>\n<p>El responsable del proyecto por Invap Ingenier\u00eda, Mauricio Schneebeli, explic\u00f3 que se trata de una \u00abm\u00e1quina de generaci\u00f3n e\u00f3lica, de 30 kilovatios, con generaci\u00f3n de imanes permanentes, palas acopladas al rotor y con un sistema de control de paso, que le permite controlar la potencia que para las m\u00e1quinas chicas, es algo novedoso\u00bb.<\/p>\n<p>Este control de paso se usaba en equipos de mayor potencia, por lo que al ser incorporado en este de media \u00able da mayor versatilidad\u00bb, explic\u00f3.<\/p>\n<p>El generador comienza a funcionar cuando el viento alcanza una velocidad de 15 kil\u00f3metros por hora y mantiene un ritmo sostenido hasta los 10 kil\u00f3metros. Cuando las r\u00e1fagas alcanzan los 80 kil\u00f3metros, se frena por cuestiones de seguridad. \u00abEs una m\u00e1quina \u00edntegramente dise\u00f1ada por Invap Ingenier\u00eda y universidades que fabricamos, seguiremos haci\u00e9ndolo en el parque tecnol\u00f3gico\u00bb, acot\u00f3.<\/p>\n<p>Toda la energ\u00eda que produzca el molino ser\u00e1 aportada al sistema interno de la red el\u00e9ctrica del parque tecnol\u00f3gico. Desde Invap, Carlos Denapoli se\u00f1al\u00f3 que cuando lo generado sea superior a lo que en ese momento se est\u00e9 consumiendo en el parque, la energ\u00eda excedente estar\u00e1 disponible para ser usada por otros consumos que est\u00e9n asociados a la red.<\/p>\n<p>Los responsables del proyecto esperan que en pocos d\u00edas el parque tecnol\u00f3gico \u00absea el\u00e9ctricamente sustentable y que podamos abastecernos de la energ\u00eda e\u00f3lica cuando tengamos la materia prima, que es el viento\u00bb. Por su parte, Hugo Brendstrup, tambi\u00e9n de Invap, expres\u00f3 la gran satisfacci\u00f3n de \u00abestar viviendo la materializaci\u00f3n de todo un plan de trabajo; tenemos los recursos, las instalaciones, el personal y la tecnolog\u00eda, ahora falta que esto tome volumen en un plazo no muy lejano y se produzca el despegue e\u00f3lico en la Argentina, que es lo que est\u00e1 faltando\u00bb.<\/p>\n<p>El intendente Ram\u00f3n Rioseco destac\u00f3 el producto de fabricaci\u00f3n nacional e indic\u00f3 que la mayor parte de los recursos invertidos en el parque tecnol\u00f3gico fueron aportado por Naci\u00f3n, con 84 millones de pesos. Los otros recursos, en menor medida, los aport\u00f3 la comuna que dirige.<\/p>\n<p>Rioseco asegur\u00f3 que las otras f\u00e1bricas que se levantan en el parque tecnol\u00f3gico, como es la planta de microfusi\u00f3n, \u00abavanzan a pasos agigantados y estimamos inaugurarlas en 60 d\u00edas; para que comiencen a funcionar se est\u00e1 instalando el equipamiento\u00bb.<\/p>\n<p>Fuente: Diario Rio Negro<\/p>\n<p>&nbsp;<\/p>\n<p>&nbsp;<\/p>\n<p>&nbsp;<\/p>\n","protected":false},"excerpt":{"rendered":"<p>CUTRAL CO (ACC).- Naci\u00f3n aport\u00f3 84 millones para este proyecto. Se utilizar\u00e1 para abastecer el parque tecnol\u00f3gico.<\/p>\n","protected":false},"author":2,"featured_media":12182,"comment_status":"closed","ping_status":"closed","sticky":false,"template":"","format":"standard","meta":{"site-sidebar-layout":"default","site-content-layout":"","ast-site-content-layout":"default","site-content-style":"default","site-sidebar-style":"default","ast-global-header-display":"","ast-banner-title-visibility":"","ast-main-header-display":"","ast-hfb-above-header-display":"","ast-hfb-below-header-display":"","ast-hfb-mobile-header-display":"","site-post-title":"","ast-breadcrumbs-content":"","ast-featured-img":"","footer-sml-layout":"","ast-disable-related-posts":"","theme-transparent-header-meta":"","adv-header-id-meta":"","stick-header-meta":"","header-above-stick-meta":"","header-main-stick-meta":"","header-below-stick-meta":"","astra-migrate-meta-layouts":"default","ast-page-background-enabled":"default","ast-page-background-meta":{"desktop":{"background-color":"var(--ast-global-color-5)","background-image":"","background-repeat":"repeat","background-position":"center center","background-size":"auto","background-attachment":"scroll","background-type":"","background-media":"","overlay-type":"","overlay-color":"","overlay-opacity":"","overlay-gradient":""},"tablet":{"background-color":"","background-image":"","background-repeat":"repeat","background-position":"center center","background-size":"auto","background-attachment":"scroll","background-type":"","background-media":"","overlay-type":"","overlay-color":"","overlay-opacity":"","overlay-gradient":""},"mobile":{"background-color":"","background-image":"","background-repeat":"repeat","background-position":"center center","background-size":"auto","background-attachment":"scroll","background-type":"","background-media":"","overlay-type":"","overlay-color":"","overlay-opacity":"","overlay-gradient":""}},"ast-content-background-meta":{"desktop":{"background-color":"var(--ast-global-color-4)","background-image":"","background-repeat":"repeat","background-position":"center center","background-size":"auto","background-attachment":"scroll","background-type":"","background-media":"","overlay-type":"","overlay-color":"","overlay-opacity":"","overlay-gradient":""},"tablet":{"background-color":"var(--ast-global-color-4)","background-image":"","background-repeat":"repeat","background-position":"center center","background-size":"auto","background-attachment":"scroll","background-type":"","background-media":"","overlay-type":"","overlay-color":"","overlay-opacity":"","overlay-gradient":""},"mobile":{"background-color":"var(--ast-global-color-4)","background-image":"","background-repeat":"repeat","background-position":"center center","background-size":"auto","background-attachment":"scroll","background-type":"","background-media":"","overlay-type":"","overlay-color":"","overlay-opacity":"","overlay-gradient":""}},"footnotes":""},"categories":[18,1,13],"tags":[],"class_list":["post-12181","post","type-post","status-publish","format-standard","has-post-thumbnail","hentry","category-neuquen","category-noticias","category-provinciales"],"yoast_head":"<!-- This site is optimized with the Yoast SEO Premium plugin v23.0 (Yoast SEO v27.4) - https:\/\/yoast.com\/product\/yoast-seo-premium-wordpress\/ -->\n<title>El viento ya genera energ\u00eda en Cutral Co<\/title>\n<meta name=\"robots\" content=\"index, follow, max-snippet:-1, max-image-preview:large, max-video-preview:-1\" \/>\n<link rel=\"canonical\" href=\"https:\/\/patagoniambiental.com.ar\/info\/el-viento-ya-genera-energia-en-cutral-co\/\" \/>\n<meta property=\"og:locale\" content=\"es_ES\" \/>\n<meta property=\"og:type\" content=\"article\" \/>\n<meta property=\"og:title\" content=\"El viento ya genera energ\u00eda en Cutral Co\" \/>\n<meta property=\"og:description\" content=\"CUTRAL CO (ACC).- Naci\u00f3n aport\u00f3 84 millones para este proyecto. Se utilizar\u00e1 para abastecer el parque tecnol\u00f3gico.\" \/>\n<meta property=\"og:url\" content=\"https:\/\/patagoniambiental.com.ar\/info\/el-viento-ya-genera-energia-en-cutral-co\/\" \/>\n<meta property=\"og:site_name\" content=\"Patagonia Ambiental\" \/>\n<meta property=\"article:publisher\" content=\"https:\/\/www.facebook.com\/patagonia.ambiental\" \/>\n<meta property=\"article:author\" content=\"https:\/\/www.facebook.com\/share\/1C1V8Gv9BX\/?mibextid=qi2Omg\" \/>\n<meta property=\"article:published_time\" content=\"2015-06-19T12:00:46+00:00\" \/>\n<meta name=\"author\" content=\"Patagonia Ambiental\" \/>\n<meta name=\"twitter:card\" content=\"summary_large_image\" \/>\n<meta name=\"twitter:creator\" content=\"@PatAmb\" \/>\n<meta name=\"twitter:site\" content=\"@PatAmb\" \/>\n<script type=\"application\/ld+json\" class=\"yoast-schema-graph\">{\"@context\":\"https:\\\/\\\/schema.org\",\"@graph\":[{\"@type\":\"Article\",\"@id\":\"https:\\\/\\\/patagoniambiental.com.ar\\\/info\\\/el-viento-ya-genera-energia-en-cutral-co\\\/#article\",\"isPartOf\":{\"@id\":\"https:\\\/\\\/patagoniambiental.com.ar\\\/info\\\/el-viento-ya-genera-energia-en-cutral-co\\\/\"},\"author\":{\"name\":\"Patagonia Ambiental\",\"@id\":\"https:\\\/\\\/patagoniambiental.com.ar\\\/info\\\/#\\\/schema\\\/person\\\/db12bff64bbcbf6a253710bf0ea37b5d\"},\"headline\":\"El viento ya genera energ\u00eda en Cutral Co\",\"datePublished\":\"2015-06-19T12:00:46+00:00\",\"mainEntityOfPage\":{\"@id\":\"https:\\\/\\\/patagoniambiental.com.ar\\\/info\\\/el-viento-ya-genera-energia-en-cutral-co\\\/\"},\"wordCount\":525,\"publisher\":{\"@id\":\"https:\\\/\\\/patagoniambiental.com.ar\\\/info\\\/#organization\"},\"image\":{\"@id\":\"https:\\\/\\\/patagoniambiental.com.ar\\\/info\\\/el-viento-ya-genera-energia-en-cutral-co\\\/#primaryimage\"},\"thumbnailUrl\":\"\",\"articleSection\":[\"Neuqu\u00e9n\",\"Noticias\",\"Provinciales\"],\"inLanguage\":\"es\"},{\"@type\":\"WebPage\",\"@id\":\"https:\\\/\\\/patagoniambiental.com.ar\\\/info\\\/el-viento-ya-genera-energia-en-cutral-co\\\/\",\"url\":\"https:\\\/\\\/patagoniambiental.com.ar\\\/info\\\/el-viento-ya-genera-energia-en-cutral-co\\\/\",\"name\":\"El viento ya genera energ\u00eda en Cutral Co\",\"isPartOf\":{\"@id\":\"https:\\\/\\\/patagoniambiental.com.ar\\\/info\\\/#website\"},\"primaryImageOfPage\":{\"@id\":\"https:\\\/\\\/patagoniambiental.com.ar\\\/info\\\/el-viento-ya-genera-energia-en-cutral-co\\\/#primaryimage\"},\"image\":{\"@id\":\"https:\\\/\\\/patagoniambiental.com.ar\\\/info\\\/el-viento-ya-genera-energia-en-cutral-co\\\/#primaryimage\"},\"thumbnailUrl\":\"\",\"datePublished\":\"2015-06-19T12:00:46+00:00\",\"breadcrumb\":{\"@id\":\"https:\\\/\\\/patagoniambiental.com.ar\\\/info\\\/el-viento-ya-genera-energia-en-cutral-co\\\/#breadcrumb\"},\"inLanguage\":\"es\",\"potentialAction\":[{\"@type\":\"ReadAction\",\"target\":[\"https:\\\/\\\/patagoniambiental.com.ar\\\/info\\\/el-viento-ya-genera-energia-en-cutral-co\\\/\"]}]},{\"@type\":\"ImageObject\",\"inLanguage\":\"es\",\"@id\":\"https:\\\/\\\/patagoniambiental.com.ar\\\/info\\\/el-viento-ya-genera-energia-en-cutral-co\\\/#primaryimage\",\"url\":\"\",\"contentUrl\":\"\"},{\"@type\":\"BreadcrumbList\",\"@id\":\"https:\\\/\\\/patagoniambiental.com.ar\\\/info\\\/el-viento-ya-genera-energia-en-cutral-co\\\/#breadcrumb\",\"itemListElement\":[{\"@type\":\"ListItem\",\"position\":1,\"name\":\"Inicio\",\"item\":\"https:\\\/\\\/patagoniambiental.com.ar\\\/info\\\/\"},{\"@type\":\"ListItem\",\"position\":2,\"name\":\"El viento ya genera energ\u00eda en Cutral Co\"}]},{\"@type\":\"WebSite\",\"@id\":\"https:\\\/\\\/patagoniambiental.com.ar\\\/info\\\/#website\",\"url\":\"https:\\\/\\\/patagoniambiental.com.ar\\\/info\\\/\",\"name\":\"Patagonia Ambiental\",\"description\":\"Monitoreo y an\u00e1lisis de la situaci\u00f3n geopol\u00edtica en el mundo y su implicancia en la Patagonia\",\"publisher\":{\"@id\":\"https:\\\/\\\/patagoniambiental.com.ar\\\/info\\\/#organization\"},\"potentialAction\":[{\"@type\":\"SearchAction\",\"target\":{\"@type\":\"EntryPoint\",\"urlTemplate\":\"https:\\\/\\\/patagoniambiental.com.ar\\\/info\\\/?s={search_term_string}\"},\"query-input\":{\"@type\":\"PropertyValueSpecification\",\"valueRequired\":true,\"valueName\":\"search_term_string\"}}],\"inLanguage\":\"es\"},{\"@type\":\"Organization\",\"@id\":\"https:\\\/\\\/patagoniambiental.com.ar\\\/info\\\/#organization\",\"name\":\"Patagonia Ambiental\",\"url\":\"https:\\\/\\\/patagoniambiental.com.ar\\\/info\\\/\",\"logo\":{\"@type\":\"ImageObject\",\"inLanguage\":\"es\",\"@id\":\"https:\\\/\\\/patagoniambiental.com.ar\\\/info\\\/#\\\/schema\\\/logo\\\/image\\\/\",\"url\":\"https:\\\/\\\/patagoniambiental.com.ar\\\/info\\\/wp-content\\\/uploads\\\/2025\\\/05\\\/LOGO-PATAGONIA-AMBIENTAL.png\",\"contentUrl\":\"https:\\\/\\\/patagoniambiental.com.ar\\\/info\\\/wp-content\\\/uploads\\\/2025\\\/05\\\/LOGO-PATAGONIA-AMBIENTAL.png\",\"width\":433,\"height\":250,\"caption\":\"Patagonia Ambiental\"},\"image\":{\"@id\":\"https:\\\/\\\/patagoniambiental.com.ar\\\/info\\\/#\\\/schema\\\/logo\\\/image\\\/\"},\"sameAs\":[\"https:\\\/\\\/www.facebook.com\\\/patagonia.ambiental\",\"https:\\\/\\\/x.com\\\/PatAmb\"]},{\"@type\":\"Person\",\"@id\":\"https:\\\/\\\/patagoniambiental.com.ar\\\/info\\\/#\\\/schema\\\/person\\\/db12bff64bbcbf6a253710bf0ea37b5d\",\"name\":\"Patagonia Ambiental\",\"description\":\"Andr\u00e9s Nievas T\u00e9cnico en manejo ambiental, consultor Ambiental y escritor para medios locales e internacionales sobre temas de geopolitica y medio ambiente.\",\"sameAs\":[\"http:\\\/\\\/www.patagoniambiental.com.ar\",\"https:\\\/\\\/www.facebook.com\\\/share\\\/1C1V8Gv9BX\\\/?mibextid=qi2Omg\",\"@patagoniambiental\",\"https:\\\/\\\/youtube.com\\\/@patagoniaambiental2023?si=BLt58t0wuXquxlYZ\"]}]}<\/script>\n<!-- \/ Yoast SEO Premium plugin. -->","yoast_head_json":{"title":"El viento ya genera energ\u00eda en Cutral Co","robots":{"index":"index","follow":"follow","max-snippet":"max-snippet:-1","max-image-preview":"max-image-preview:large","max-video-preview":"max-video-preview:-1"},"canonical":"https:\/\/patagoniambiental.com.ar\/info\/el-viento-ya-genera-energia-en-cutral-co\/","og_locale":"es_ES","og_type":"article","og_title":"El viento ya genera energ\u00eda en Cutral Co","og_description":"CUTRAL CO (ACC).- Naci\u00f3n aport\u00f3 84 millones para este proyecto. Se utilizar\u00e1 para abastecer el parque tecnol\u00f3gico.","og_url":"https:\/\/patagoniambiental.com.ar\/info\/el-viento-ya-genera-energia-en-cutral-co\/","og_site_name":"Patagonia Ambiental","article_publisher":"https:\/\/www.facebook.com\/patagonia.ambiental","article_author":"https:\/\/www.facebook.com\/share\/1C1V8Gv9BX\/?mibextid=qi2Omg","article_published_time":"2015-06-19T12:00:46+00:00","author":"Patagonia Ambiental","twitter_card":"summary_large_image","twitter_creator":"@PatAmb","twitter_site":"@PatAmb","schema":{"@context":"https:\/\/schema.org","@graph":[{"@type":"Article","@id":"https:\/\/patagoniambiental.com.ar\/info\/el-viento-ya-genera-energia-en-cutral-co\/#article","isPartOf":{"@id":"https:\/\/patagoniambiental.com.ar\/info\/el-viento-ya-genera-energia-en-cutral-co\/"},"author":{"name":"Patagonia Ambiental","@id":"https:\/\/patagoniambiental.com.ar\/info\/#\/schema\/person\/db12bff64bbcbf6a253710bf0ea37b5d"},"headline":"El viento ya genera energ\u00eda en Cutral Co","datePublished":"2015-06-19T12:00:46+00:00","mainEntityOfPage":{"@id":"https:\/\/patagoniambiental.com.ar\/info\/el-viento-ya-genera-energia-en-cutral-co\/"},"wordCount":525,"publisher":{"@id":"https:\/\/patagoniambiental.com.ar\/info\/#organization"},"image":{"@id":"https:\/\/patagoniambiental.com.ar\/info\/el-viento-ya-genera-energia-en-cutral-co\/#primaryimage"},"thumbnailUrl":"","articleSection":["Neuqu\u00e9n","Noticias","Provinciales"],"inLanguage":"es"},{"@type":"WebPage","@id":"https:\/\/patagoniambiental.com.ar\/info\/el-viento-ya-genera-energia-en-cutral-co\/","url":"https:\/\/patagoniambiental.com.ar\/info\/el-viento-ya-genera-energia-en-cutral-co\/","name":"El viento ya genera energ\u00eda en Cutral Co","isPartOf":{"@id":"https:\/\/patagoniambiental.com.ar\/info\/#website"},"primaryImageOfPage":{"@id":"https:\/\/patagoniambiental.com.ar\/info\/el-viento-ya-genera-energia-en-cutral-co\/#primaryimage"},"image":{"@id":"https:\/\/patagoniambiental.com.ar\/info\/el-viento-ya-genera-energia-en-cutral-co\/#primaryimage"},"thumbnailUrl":"","datePublished":"2015-06-19T12:00:46+00:00","breadcrumb":{"@id":"https:\/\/patagoniambiental.com.ar\/info\/el-viento-ya-genera-energia-en-cutral-co\/#breadcrumb"},"inLanguage":"es","potentialAction":[{"@type":"ReadAction","target":["https:\/\/patagoniambiental.com.ar\/info\/el-viento-ya-genera-energia-en-cutral-co\/"]}]},{"@type":"ImageObject","inLanguage":"es","@id":"https:\/\/patagoniambiental.com.ar\/info\/el-viento-ya-genera-energia-en-cutral-co\/#primaryimage","url":"","contentUrl":""},{"@type":"BreadcrumbList","@id":"https:\/\/patagoniambiental.com.ar\/info\/el-viento-ya-genera-energia-en-cutral-co\/#breadcrumb","itemListElement":[{"@type":"ListItem","position":1,"name":"Inicio","item":"https:\/\/patagoniambiental.com.ar\/info\/"},{"@type":"ListItem","position":2,"name":"El viento ya genera energ\u00eda en Cutral Co"}]},{"@type":"WebSite","@id":"https:\/\/patagoniambiental.com.ar\/info\/#website","url":"https:\/\/patagoniambiental.com.ar\/info\/","name":"Patagonia Ambiental","description":"Monitoreo y an\u00e1lisis de la situaci\u00f3n geopol\u00edtica en el mundo y su implicancia en la Patagonia","publisher":{"@id":"https:\/\/patagoniambiental.com.ar\/info\/#organization"},"potentialAction":[{"@type":"SearchAction","target":{"@type":"EntryPoint","urlTemplate":"https:\/\/patagoniambiental.com.ar\/info\/?s={search_term_string}"},"query-input":{"@type":"PropertyValueSpecification","valueRequired":true,"valueName":"search_term_string"}}],"inLanguage":"es"},{"@type":"Organization","@id":"https:\/\/patagoniambiental.com.ar\/info\/#organization","name":"Patagonia Ambiental","url":"https:\/\/patagoniambiental.com.ar\/info\/","logo":{"@type":"ImageObject","inLanguage":"es","@id":"https:\/\/patagoniambiental.com.ar\/info\/#\/schema\/logo\/image\/","url":"https:\/\/patagoniambiental.com.ar\/info\/wp-content\/uploads\/2025\/05\/LOGO-PATAGONIA-AMBIENTAL.png","contentUrl":"https:\/\/patagoniambiental.com.ar\/info\/wp-content\/uploads\/2025\/05\/LOGO-PATAGONIA-AMBIENTAL.png","width":433,"height":250,"caption":"Patagonia Ambiental"},"image":{"@id":"https:\/\/patagoniambiental.com.ar\/info\/#\/schema\/logo\/image\/"},"sameAs":["https:\/\/www.facebook.com\/patagonia.ambiental","https:\/\/x.com\/PatAmb"]},{"@type":"Person","@id":"https:\/\/patagoniambiental.com.ar\/info\/#\/schema\/person\/db12bff64bbcbf6a253710bf0ea37b5d","name":"Patagonia Ambiental","description":"Andr\u00e9s Nievas T\u00e9cnico en manejo ambiental, consultor Ambiental y escritor para medios locales e internacionales sobre temas de geopolitica y medio ambiente.","sameAs":["http:\/\/www.patagoniambiental.com.ar","https:\/\/www.facebook.com\/share\/1C1V8Gv9BX\/?mibextid=qi2Omg","@patagoniambiental","https:\/\/youtube.com\/@patagoniaambiental2023?si=BLt58t0wuXquxlYZ"]}]}},"_links":{"self":[{"href":"https:\/\/patagoniambiental.com.ar\/info\/wp-json\/wp\/v2\/posts\/12181","targetHints":{"allow":["GET"]}}],"collection":[{"href":"https:\/\/patagoniambiental.com.ar\/info\/wp-json\/wp\/v2\/posts"}],"about":[{"href":"https:\/\/patagoniambiental.com.ar\/info\/wp-json\/wp\/v2\/types\/post"}],"author":[{"embeddable":true,"href":"https:\/\/patagoniambiental.com.ar\/info\/wp-json\/wp\/v2\/users\/2"}],"replies":[{"embeddable":true,"href":"https:\/\/patagoniambiental.com.ar\/info\/wp-json\/wp\/v2\/comments?post=12181"}],"version-history":[{"count":0,"href":"https:\/\/patagoniambiental.com.ar\/info\/wp-json\/wp\/v2\/posts\/12181\/revisions"}],"wp:featuredmedia":[{"embeddable":true,"href":"https:\/\/patagoniambiental.com.ar\/info\/wp-json\/"}],"wp:attachment":[{"href":"https:\/\/patagoniambiental.com.ar\/info\/wp-json\/wp\/v2\/media?parent=12181"}],"wp:term":[{"taxonomy":"category","embeddable":true,"href":"https:\/\/patagoniambiental.com.ar\/info\/wp-json\/wp\/v2\/categories?post=12181"},{"taxonomy":"post_tag","embeddable":true,"href":"https:\/\/patagoniambiental.com.ar\/info\/wp-json\/wp\/v2\/tags?post=12181"}],"curies":[{"name":"wp","href":"https:\/\/api.w.org\/{rel}","templated":true}]}}