{"id":12193,"date":"2015-06-19T09:00:14","date_gmt":"2015-06-19T12:00:14","guid":{"rendered":"http:\/\/patagoniambiental.com.ar\/?p=12193"},"modified":"2015-06-19T09:00:14","modified_gmt":"2015-06-19T12:00:14","slug":"las-charlas-de-formacion-comenzaran-hoy-administracion-peninsula-valdes-capacita-a-guardafaunas-y-guias","status":"publish","type":"post","link":"https:\/\/patagoniambiental.com.ar\/info\/las-charlas-de-formacion-comenzaran-hoy-administracion-peninsula-valdes-capacita-a-guardafaunas-y-guias\/","title":{"rendered":"LAS CHARLAS DE FORMACI\u00d3N COMENZAR\u00c1N HOY: Administraci\u00f3n Pen\u00ednsula Vald\u00e9s capacita a guardafaunas y gu\u00edas"},"content":{"rendered":"<p>Puerto Madryn.-HOY, a las 18 horas, en las INSTALACIONES DE la C\u00e1mara de Industria, Comercio y Producci\u00f3n de Puerto Madryn, la Administraci\u00f3n Pen\u00ednsula Vald\u00e9s iniciar\u00e1 su ciclo anual de charlas con \u201cLa vida en Pen\u00ednsula de aquellos a\u00f1os\u201d, que dictar\u00e1 el reconocido veterinario y ganadero Jorge Iriarte.<!--more--><br \/>\nLas charlas de ACTUALIZACI\u00d3N de informaci\u00f3n est\u00e1n dirigidas a guardafaunas, empleados de la APV e informantes y gu\u00edas tur\u00edsticos. Este a\u00f1o el primer encuentro tratar\u00e1 sobre \u201cLa vida en Pen\u00ednsula de aquellos a\u00f1os\u201d, finalizando con un taller especial sobre \u201cCompetencias claves en el perfil del gu\u00eda tur\u00edstico\u201d.<\/p>\n<p><strong>Todas las charlas<\/strong><br \/>\nLas conferencias, que estar\u00e1n a cargo de investigadores del Centro Nacional Patag\u00f3nico (Cenpat), representantes del Centro de Estudios Hist\u00f3ricos y un especialista en desarrollo humano y organizacional se realizar\u00e1n todos los viernes desde el 19 de junio al 24 de julio.<br \/>\nEn esta l\u00ednea, el d\u00eda 26 de junio se brindar\u00e1 la charla \u201cMam\u00edferos Marinos\u201d a cargo de Mariano Coscarella (Cenpat); el 3 de julio el Centro de Estudios Hist\u00f3ricos presentar\u00e1 la \u201cHistoria de la Pen\u00ednsula Vald\u00e9s\u201d; el 10 de julio Ana Cinti (Cenpat) hablar\u00e1 sobre \u201cPesca y marisquer\u00eda artesanal\u201d y el viernes 17 Marina Richeri y Luc\u00eda Castillo (Cenpat) desarrollar\u00e1n una charla referida a \u201d Las plantas de Pen\u00ednsula Vald\u00e9s y sus usos tradicionales\u201d.<br \/>\nLa novedad de este a\u00f1o es que el ciclo de ACTUALIZACI\u00d3N finalizar\u00e1 con el taller \u201cCompetencias claves en el perfil del gu\u00eda tur\u00edstico\u201d en el cual el Especialista en Desarrollo Humano y Organizacional Luis Miguel Morales Urrea desarrollar\u00e1, entre otros temas, las competencias que debe tener un gu\u00eda al momento de recibir a un grupo de turistas, el manejo asertivo de la comunicaci\u00f3n y el trato correcto.<br \/>\nLas charlas son de entrada libre y gratuita y est\u00e1n dirigidas a guardafaunas, gu\u00edas e informantes tur\u00edsticos y personal de la Administraci\u00f3n Pen\u00ednsula Vald\u00e9s. Los interesados en participar de la capacitaci\u00f3n, en la cual la APV entregar\u00e1 certificados de asistencia, pueden inscribirse v\u00eda mail a eventos@peninsulavaldes.org.ar.<br \/>\nFuente: El Diario de Madryn<\/p>\n","protected":false},"excerpt":{"rendered":"<p>Puerto Madryn.-HOY, a las 18 horas, en las INSTALACIONES DE la C\u00e1mara de Industria, Comercio y Producci\u00f3n de Puerto Madryn, [&hellip;]<\/p>\n","protected":false},"author":2,"featured_media":12194,"comment_status":"closed","ping_status":"closed","sticky":false,"template":"","format":"standard","meta":{"site-sidebar-layout":"default","site-content-layout":"","ast-site-content-layout":"default","site-content-style":"default","site-sidebar-style":"default","ast-global-header-display":"","ast-banner-title-visibility":"","ast-main-header-display":"","ast-hfb-above-header-display":"","ast-hfb-below-header-display":"","ast-hfb-mobile-header-display":"","site-post-title":"","ast-breadcrumbs-content":"","ast-featured-img":"","footer-sml-layout":"","ast-disable-related-posts":"","theme-transparent-header-meta":"","adv-header-id-meta":"","stick-header-meta":"","header-above-stick-meta":"","header-main-stick-meta":"","header-below-stick-meta":"","astra-migrate-meta-layouts":"default","ast-page-background-enabled":"default","ast-page-background-meta":{"desktop":{"background-color":"var(--ast-global-color-5)","background-image":"","background-repeat":"repeat","background-position":"center center","background-size":"auto","background-attachment":"scroll","background-type":"","background-media":"","overlay-type":"","overlay-color":"","overlay-opacity":"","overlay-gradient":""},"tablet":{"background-color":"","background-image":"","background-repeat":"repeat","background-position":"center center","background-size":"auto","background-attachment":"scroll","background-type":"","background-media":"","overlay-type":"","overlay-color":"","overlay-opacity":"","overlay-gradient":""},"mobile":{"background-color":"","background-image":"","background-repeat":"repeat","background-position":"center center","background-size":"auto","background-attachment":"scroll","background-type":"","background-media":"","overlay-type":"","overlay-color":"","overlay-opacity":"","overlay-gradient":""}},"ast-content-background-meta":{"desktop":{"background-color":"var(--ast-global-color-4)","background-image":"","background-repeat":"repeat","background-position":"center center","background-size":"auto","background-attachment":"scroll","background-type":"","background-media":"","overlay-type":"","overlay-color":"","overlay-opacity":"","overlay-gradient":""},"tablet":{"background-color":"var(--ast-global-color-4)","background-image":"","background-repeat":"repeat","background-position":"center center","background-size":"auto","background-attachment":"scroll","background-type":"","background-media":"","overlay-type":"","overlay-color":"","overlay-opacity":"","overlay-gradient":""},"mobile":{"background-color":"var(--ast-global-color-4)","background-image":"","background-repeat":"repeat","background-position":"center center","background-size":"auto","background-attachment":"scroll","background-type":"","background-media":"","overlay-type":"","overlay-color":"","overlay-opacity":"","overlay-gradient":""}},"footnotes":""},"categories":[12,1],"tags":[],"class_list":["post-12193","post","type-post","status-publish","format-standard","has-post-thumbnail","hentry","category-agenda-ambiental","category-noticias"],"yoast_head":"<!-- This site is optimized with the Yoast SEO Premium plugin v23.0 (Yoast SEO v27.4) - https:\/\/yoast.com\/product\/yoast-seo-premium-wordpress\/ -->\n<title>LAS CHARLAS DE FORMACI\u00d3N COMENZAR\u00c1N HOY: Administraci\u00f3n Pen\u00ednsula Vald\u00e9s capacita a guardafaunas y gu\u00edas<\/title>\n<meta name=\"robots\" content=\"index, follow, max-snippet:-1, max-image-preview:large, max-video-preview:-1\" \/>\n<link rel=\"canonical\" href=\"https:\/\/patagoniambiental.com.ar\/info\/las-charlas-de-formacion-comenzaran-hoy-administracion-peninsula-valdes-capacita-a-guardafaunas-y-guias\/\" \/>\n<meta property=\"og:locale\" content=\"es_ES\" \/>\n<meta property=\"og:type\" content=\"article\" \/>\n<meta property=\"og:title\" content=\"LAS CHARLAS DE FORMACI\u00d3N COMENZAR\u00c1N HOY: Administraci\u00f3n Pen\u00ednsula Vald\u00e9s capacita a guardafaunas y gu\u00edas\" \/>\n<meta property=\"og:description\" content=\"Puerto Madryn.-HOY, a las 18 horas, en las INSTALACIONES DE la C\u00e1mara de Industria, Comercio y Producci\u00f3n de Puerto Madryn, [&hellip;]\" \/>\n<meta property=\"og:url\" content=\"https:\/\/patagoniambiental.com.ar\/info\/las-charlas-de-formacion-comenzaran-hoy-administracion-peninsula-valdes-capacita-a-guardafaunas-y-guias\/\" \/>\n<meta property=\"og:site_name\" content=\"Patagonia Ambiental\" \/>\n<meta property=\"article:publisher\" content=\"https:\/\/www.facebook.com\/patagonia.ambiental\" \/>\n<meta property=\"article:author\" content=\"https:\/\/www.facebook.com\/share\/1C1V8Gv9BX\/?mibextid=qi2Omg\" \/>\n<meta property=\"article:published_time\" content=\"2015-06-19T12:00:14+00:00\" \/>\n<meta name=\"author\" content=\"Patagonia Ambiental\" \/>\n<meta name=\"twitter:card\" content=\"summary_large_image\" \/>\n<meta name=\"twitter:creator\" content=\"@PatAmb\" \/>\n<meta name=\"twitter:site\" content=\"@PatAmb\" \/>\n<script type=\"application\/ld+json\" class=\"yoast-schema-graph\">{\"@context\":\"https:\\\/\\\/schema.org\",\"@graph\":[{\"@type\":\"Article\",\"@id\":\"https:\\\/\\\/patagoniambiental.com.ar\\\/info\\\/las-charlas-de-formacion-comenzaran-hoy-administracion-peninsula-valdes-capacita-a-guardafaunas-y-guias\\\/#article\",\"isPartOf\":{\"@id\":\"https:\\\/\\\/patagoniambiental.com.ar\\\/info\\\/las-charlas-de-formacion-comenzaran-hoy-administracion-peninsula-valdes-capacita-a-guardafaunas-y-guias\\\/\"},\"author\":{\"name\":\"Patagonia Ambiental\",\"@id\":\"https:\\\/\\\/patagoniambiental.com.ar\\\/info\\\/#\\\/schema\\\/person\\\/db12bff64bbcbf6a253710bf0ea37b5d\"},\"headline\":\"LAS CHARLAS DE FORMACI\u00d3N COMENZAR\u00c1N HOY: Administraci\u00f3n Pen\u00ednsula Vald\u00e9s capacita a guardafaunas y gu\u00edas\",\"datePublished\":\"2015-06-19T12:00:14+00:00\",\"mainEntityOfPage\":{\"@id\":\"https:\\\/\\\/patagoniambiental.com.ar\\\/info\\\/las-charlas-de-formacion-comenzaran-hoy-administracion-peninsula-valdes-capacita-a-guardafaunas-y-guias\\\/\"},\"wordCount\":392,\"publisher\":{\"@id\":\"https:\\\/\\\/patagoniambiental.com.ar\\\/info\\\/#organization\"},\"image\":{\"@id\":\"https:\\\/\\\/patagoniambiental.com.ar\\\/info\\\/las-charlas-de-formacion-comenzaran-hoy-administracion-peninsula-valdes-capacita-a-guardafaunas-y-guias\\\/#primaryimage\"},\"thumbnailUrl\":\"\",\"articleSection\":[\"Agenda Ambiental\",\"Noticias\"],\"inLanguage\":\"es\"},{\"@type\":\"WebPage\",\"@id\":\"https:\\\/\\\/patagoniambiental.com.ar\\\/info\\\/las-charlas-de-formacion-comenzaran-hoy-administracion-peninsula-valdes-capacita-a-guardafaunas-y-guias\\\/\",\"url\":\"https:\\\/\\\/patagoniambiental.com.ar\\\/info\\\/las-charlas-de-formacion-comenzaran-hoy-administracion-peninsula-valdes-capacita-a-guardafaunas-y-guias\\\/\",\"name\":\"LAS CHARLAS DE FORMACI\u00d3N COMENZAR\u00c1N HOY: Administraci\u00f3n Pen\u00ednsula Vald\u00e9s capacita a guardafaunas y gu\u00edas\",\"isPartOf\":{\"@id\":\"https:\\\/\\\/patagoniambiental.com.ar\\\/info\\\/#website\"},\"primaryImageOfPage\":{\"@id\":\"https:\\\/\\\/patagoniambiental.com.ar\\\/info\\\/las-charlas-de-formacion-comenzaran-hoy-administracion-peninsula-valdes-capacita-a-guardafaunas-y-guias\\\/#primaryimage\"},\"image\":{\"@id\":\"https:\\\/\\\/patagoniambiental.com.ar\\\/info\\\/las-charlas-de-formacion-comenzaran-hoy-administracion-peninsula-valdes-capacita-a-guardafaunas-y-guias\\\/#primaryimage\"},\"thumbnailUrl\":\"\",\"datePublished\":\"2015-06-19T12:00:14+00:00\",\"breadcrumb\":{\"@id\":\"https:\\\/\\\/patagoniambiental.com.ar\\\/info\\\/las-charlas-de-formacion-comenzaran-hoy-administracion-peninsula-valdes-capacita-a-guardafaunas-y-guias\\\/#breadcrumb\"},\"inLanguage\":\"es\",\"potentialAction\":[{\"@type\":\"ReadAction\",\"target\":[\"https:\\\/\\\/patagoniambiental.com.ar\\\/info\\\/las-charlas-de-formacion-comenzaran-hoy-administracion-peninsula-valdes-capacita-a-guardafaunas-y-guias\\\/\"]}]},{\"@type\":\"ImageObject\",\"inLanguage\":\"es\",\"@id\":\"https:\\\/\\\/patagoniambiental.com.ar\\\/info\\\/las-charlas-de-formacion-comenzaran-hoy-administracion-peninsula-valdes-capacita-a-guardafaunas-y-guias\\\/#primaryimage\",\"url\":\"\",\"contentUrl\":\"\"},{\"@type\":\"BreadcrumbList\",\"@id\":\"https:\\\/\\\/patagoniambiental.com.ar\\\/info\\\/las-charlas-de-formacion-comenzaran-hoy-administracion-peninsula-valdes-capacita-a-guardafaunas-y-guias\\\/#breadcrumb\",\"itemListElement\":[{\"@type\":\"ListItem\",\"position\":1,\"name\":\"Inicio\",\"item\":\"https:\\\/\\\/patagoniambiental.com.ar\\\/info\\\/\"},{\"@type\":\"ListItem\",\"position\":2,\"name\":\"LAS CHARLAS DE FORMACI\u00d3N COMENZAR\u00c1N HOY: Administraci\u00f3n Pen\u00ednsula Vald\u00e9s capacita a guardafaunas y gu\u00edas\"}]},{\"@type\":\"WebSite\",\"@id\":\"https:\\\/\\\/patagoniambiental.com.ar\\\/info\\\/#website\",\"url\":\"https:\\\/\\\/patagoniambiental.com.ar\\\/info\\\/\",\"name\":\"Patagonia Ambiental\",\"description\":\"Monitoreo y an\u00e1lisis de la situaci\u00f3n geopol\u00edtica en el mundo y su implicancia en la Patagonia\",\"publisher\":{\"@id\":\"https:\\\/\\\/patagoniambiental.com.ar\\\/info\\\/#organization\"},\"potentialAction\":[{\"@type\":\"SearchAction\",\"target\":{\"@type\":\"EntryPoint\",\"urlTemplate\":\"https:\\\/\\\/patagoniambiental.com.ar\\\/info\\\/?s={search_term_string}\"},\"query-input\":{\"@type\":\"PropertyValueSpecification\",\"valueRequired\":true,\"valueName\":\"search_term_string\"}}],\"inLanguage\":\"es\"},{\"@type\":\"Organization\",\"@id\":\"https:\\\/\\\/patagoniambiental.com.ar\\\/info\\\/#organization\",\"name\":\"Patagonia Ambiental\",\"url\":\"https:\\\/\\\/patagoniambiental.com.ar\\\/info\\\/\",\"logo\":{\"@type\":\"ImageObject\",\"inLanguage\":\"es\",\"@id\":\"https:\\\/\\\/patagoniambiental.com.ar\\\/info\\\/#\\\/schema\\\/logo\\\/image\\\/\",\"url\":\"https:\\\/\\\/patagoniambiental.com.ar\\\/info\\\/wp-content\\\/uploads\\\/2025\\\/05\\\/LOGO-PATAGONIA-AMBIENTAL.png\",\"contentUrl\":\"https:\\\/\\\/patagoniambiental.com.ar\\\/info\\\/wp-content\\\/uploads\\\/2025\\\/05\\\/LOGO-PATAGONIA-AMBIENTAL.png\",\"width\":433,\"height\":250,\"caption\":\"Patagonia Ambiental\"},\"image\":{\"@id\":\"https:\\\/\\\/patagoniambiental.com.ar\\\/info\\\/#\\\/schema\\\/logo\\\/image\\\/\"},\"sameAs\":[\"https:\\\/\\\/www.facebook.com\\\/patagonia.ambiental\",\"https:\\\/\\\/x.com\\\/PatAmb\"]},{\"@type\":\"Person\",\"@id\":\"https:\\\/\\\/patagoniambiental.com.ar\\\/info\\\/#\\\/schema\\\/person\\\/db12bff64bbcbf6a253710bf0ea37b5d\",\"name\":\"Patagonia Ambiental\",\"description\":\"Andr\u00e9s Nievas T\u00e9cnico en manejo ambiental, consultor Ambiental y escritor para medios locales e internacionales sobre temas de geopolitica y medio ambiente.\",\"sameAs\":[\"http:\\\/\\\/www.patagoniambiental.com.ar\",\"https:\\\/\\\/www.facebook.com\\\/share\\\/1C1V8Gv9BX\\\/?mibextid=qi2Omg\",\"@patagoniambiental\",\"https:\\\/\\\/youtube.com\\\/@patagoniaambiental2023?si=BLt58t0wuXquxlYZ\"]}]}<\/script>\n<!-- \/ Yoast SEO Premium plugin. -->","yoast_head_json":{"title":"LAS CHARLAS DE FORMACI\u00d3N COMENZAR\u00c1N HOY: Administraci\u00f3n Pen\u00ednsula Vald\u00e9s capacita a guardafaunas y gu\u00edas","robots":{"index":"index","follow":"follow","max-snippet":"max-snippet:-1","max-image-preview":"max-image-preview:large","max-video-preview":"max-video-preview:-1"},"canonical":"https:\/\/patagoniambiental.com.ar\/info\/las-charlas-de-formacion-comenzaran-hoy-administracion-peninsula-valdes-capacita-a-guardafaunas-y-guias\/","og_locale":"es_ES","og_type":"article","og_title":"LAS CHARLAS DE FORMACI\u00d3N COMENZAR\u00c1N HOY: Administraci\u00f3n Pen\u00ednsula Vald\u00e9s capacita a guardafaunas y gu\u00edas","og_description":"Puerto Madryn.-HOY, a las 18 horas, en las INSTALACIONES DE la C\u00e1mara de Industria, Comercio y Producci\u00f3n de Puerto Madryn, [&hellip;]","og_url":"https:\/\/patagoniambiental.com.ar\/info\/las-charlas-de-formacion-comenzaran-hoy-administracion-peninsula-valdes-capacita-a-guardafaunas-y-guias\/","og_site_name":"Patagonia Ambiental","article_publisher":"https:\/\/www.facebook.com\/patagonia.ambiental","article_author":"https:\/\/www.facebook.com\/share\/1C1V8Gv9BX\/?mibextid=qi2Omg","article_published_time":"2015-06-19T12:00:14+00:00","author":"Patagonia Ambiental","twitter_card":"summary_large_image","twitter_creator":"@PatAmb","twitter_site":"@PatAmb","schema":{"@context":"https:\/\/schema.org","@graph":[{"@type":"Article","@id":"https:\/\/patagoniambiental.com.ar\/info\/las-charlas-de-formacion-comenzaran-hoy-administracion-peninsula-valdes-capacita-a-guardafaunas-y-guias\/#article","isPartOf":{"@id":"https:\/\/patagoniambiental.com.ar\/info\/las-charlas-de-formacion-comenzaran-hoy-administracion-peninsula-valdes-capacita-a-guardafaunas-y-guias\/"},"author":{"name":"Patagonia Ambiental","@id":"https:\/\/patagoniambiental.com.ar\/info\/#\/schema\/person\/db12bff64bbcbf6a253710bf0ea37b5d"},"headline":"LAS CHARLAS DE FORMACI\u00d3N COMENZAR\u00c1N HOY: Administraci\u00f3n Pen\u00ednsula Vald\u00e9s capacita a guardafaunas y gu\u00edas","datePublished":"2015-06-19T12:00:14+00:00","mainEntityOfPage":{"@id":"https:\/\/patagoniambiental.com.ar\/info\/las-charlas-de-formacion-comenzaran-hoy-administracion-peninsula-valdes-capacita-a-guardafaunas-y-guias\/"},"wordCount":392,"publisher":{"@id":"https:\/\/patagoniambiental.com.ar\/info\/#organization"},"image":{"@id":"https:\/\/patagoniambiental.com.ar\/info\/las-charlas-de-formacion-comenzaran-hoy-administracion-peninsula-valdes-capacita-a-guardafaunas-y-guias\/#primaryimage"},"thumbnailUrl":"","articleSection":["Agenda Ambiental","Noticias"],"inLanguage":"es"},{"@type":"WebPage","@id":"https:\/\/patagoniambiental.com.ar\/info\/las-charlas-de-formacion-comenzaran-hoy-administracion-peninsula-valdes-capacita-a-guardafaunas-y-guias\/","url":"https:\/\/patagoniambiental.com.ar\/info\/las-charlas-de-formacion-comenzaran-hoy-administracion-peninsula-valdes-capacita-a-guardafaunas-y-guias\/","name":"LAS CHARLAS DE FORMACI\u00d3N COMENZAR\u00c1N HOY: Administraci\u00f3n Pen\u00ednsula Vald\u00e9s capacita a guardafaunas y gu\u00edas","isPartOf":{"@id":"https:\/\/patagoniambiental.com.ar\/info\/#website"},"primaryImageOfPage":{"@id":"https:\/\/patagoniambiental.com.ar\/info\/las-charlas-de-formacion-comenzaran-hoy-administracion-peninsula-valdes-capacita-a-guardafaunas-y-guias\/#primaryimage"},"image":{"@id":"https:\/\/patagoniambiental.com.ar\/info\/las-charlas-de-formacion-comenzaran-hoy-administracion-peninsula-valdes-capacita-a-guardafaunas-y-guias\/#primaryimage"},"thumbnailUrl":"","datePublished":"2015-06-19T12:00:14+00:00","breadcrumb":{"@id":"https:\/\/patagoniambiental.com.ar\/info\/las-charlas-de-formacion-comenzaran-hoy-administracion-peninsula-valdes-capacita-a-guardafaunas-y-guias\/#breadcrumb"},"inLanguage":"es","potentialAction":[{"@type":"ReadAction","target":["https:\/\/patagoniambiental.com.ar\/info\/las-charlas-de-formacion-comenzaran-hoy-administracion-peninsula-valdes-capacita-a-guardafaunas-y-guias\/"]}]},{"@type":"ImageObject","inLanguage":"es","@id":"https:\/\/patagoniambiental.com.ar\/info\/las-charlas-de-formacion-comenzaran-hoy-administracion-peninsula-valdes-capacita-a-guardafaunas-y-guias\/#primaryimage","url":"","contentUrl":""},{"@type":"BreadcrumbList","@id":"https:\/\/patagoniambiental.com.ar\/info\/las-charlas-de-formacion-comenzaran-hoy-administracion-peninsula-valdes-capacita-a-guardafaunas-y-guias\/#breadcrumb","itemListElement":[{"@type":"ListItem","position":1,"name":"Inicio","item":"https:\/\/patagoniambiental.com.ar\/info\/"},{"@type":"ListItem","position":2,"name":"LAS CHARLAS DE FORMACI\u00d3N COMENZAR\u00c1N HOY: Administraci\u00f3n Pen\u00ednsula Vald\u00e9s capacita a guardafaunas y gu\u00edas"}]},{"@type":"WebSite","@id":"https:\/\/patagoniambiental.com.ar\/info\/#website","url":"https:\/\/patagoniambiental.com.ar\/info\/","name":"Patagonia Ambiental","description":"Monitoreo y an\u00e1lisis de la situaci\u00f3n geopol\u00edtica en el mundo y su implicancia en la Patagonia","publisher":{"@id":"https:\/\/patagoniambiental.com.ar\/info\/#organization"},"potentialAction":[{"@type":"SearchAction","target":{"@type":"EntryPoint","urlTemplate":"https:\/\/patagoniambiental.com.ar\/info\/?s={search_term_string}"},"query-input":{"@type":"PropertyValueSpecification","valueRequired":true,"valueName":"search_term_string"}}],"inLanguage":"es"},{"@type":"Organization","@id":"https:\/\/patagoniambiental.com.ar\/info\/#organization","name":"Patagonia Ambiental","url":"https:\/\/patagoniambiental.com.ar\/info\/","logo":{"@type":"ImageObject","inLanguage":"es","@id":"https:\/\/patagoniambiental.com.ar\/info\/#\/schema\/logo\/image\/","url":"https:\/\/patagoniambiental.com.ar\/info\/wp-content\/uploads\/2025\/05\/LOGO-PATAGONIA-AMBIENTAL.png","contentUrl":"https:\/\/patagoniambiental.com.ar\/info\/wp-content\/uploads\/2025\/05\/LOGO-PATAGONIA-AMBIENTAL.png","width":433,"height":250,"caption":"Patagonia Ambiental"},"image":{"@id":"https:\/\/patagoniambiental.com.ar\/info\/#\/schema\/logo\/image\/"},"sameAs":["https:\/\/www.facebook.com\/patagonia.ambiental","https:\/\/x.com\/PatAmb"]},{"@type":"Person","@id":"https:\/\/patagoniambiental.com.ar\/info\/#\/schema\/person\/db12bff64bbcbf6a253710bf0ea37b5d","name":"Patagonia Ambiental","description":"Andr\u00e9s Nievas T\u00e9cnico en manejo ambiental, consultor Ambiental y escritor para medios locales e internacionales sobre temas de geopolitica y medio ambiente.","sameAs":["http:\/\/www.patagoniambiental.com.ar","https:\/\/www.facebook.com\/share\/1C1V8Gv9BX\/?mibextid=qi2Omg","@patagoniambiental","https:\/\/youtube.com\/@patagoniaambiental2023?si=BLt58t0wuXquxlYZ"]}]}},"_links":{"self":[{"href":"https:\/\/patagoniambiental.com.ar\/info\/wp-json\/wp\/v2\/posts\/12193","targetHints":{"allow":["GET"]}}],"collection":[{"href":"https:\/\/patagoniambiental.com.ar\/info\/wp-json\/wp\/v2\/posts"}],"about":[{"href":"https:\/\/patagoniambiental.com.ar\/info\/wp-json\/wp\/v2\/types\/post"}],"author":[{"embeddable":true,"href":"https:\/\/patagoniambiental.com.ar\/info\/wp-json\/wp\/v2\/users\/2"}],"replies":[{"embeddable":true,"href":"https:\/\/patagoniambiental.com.ar\/info\/wp-json\/wp\/v2\/comments?post=12193"}],"version-history":[{"count":0,"href":"https:\/\/patagoniambiental.com.ar\/info\/wp-json\/wp\/v2\/posts\/12193\/revisions"}],"wp:featuredmedia":[{"embeddable":true,"href":"https:\/\/patagoniambiental.com.ar\/info\/wp-json\/"}],"wp:attachment":[{"href":"https:\/\/patagoniambiental.com.ar\/info\/wp-json\/wp\/v2\/media?parent=12193"}],"wp:term":[{"taxonomy":"category","embeddable":true,"href":"https:\/\/patagoniambiental.com.ar\/info\/wp-json\/wp\/v2\/categories?post=12193"},{"taxonomy":"post_tag","embeddable":true,"href":"https:\/\/patagoniambiental.com.ar\/info\/wp-json\/wp\/v2\/tags?post=12193"}],"curies":[{"name":"wp","href":"https:\/\/api.w.org\/{rel}","templated":true}]}}