{"id":12301,"date":"2015-06-20T19:00:56","date_gmt":"2015-06-20T22:00:56","guid":{"rendered":"http:\/\/patagoniambiental.com.ar\/?p=12301"},"modified":"2015-06-20T19:00:56","modified_gmt":"2015-06-20T22:00:56","slug":"abo-wind-y-su-ambicioso-proyecto-para-construir-el-parque-eolico-de-anelo","status":"publish","type":"post","link":"https:\/\/patagoniambiental.com.ar\/info\/abo-wind-y-su-ambicioso-proyecto-para-construir-el-parque-eolico-de-anelo\/","title":{"rendered":"ABO WIND y su ambicioso proyecto para construir el parque e\u00f3lico de A\u00f1elo"},"content":{"rendered":"<p>A\u00f1elo.-La empresa destin\u00f3 500 mil d\u00f3lares para realizar la campa\u00f1a de medici\u00f3n de vientos y ahora espera la aprobaci\u00f3n definitiva del estudio ambiental, presentado ante las autoridades.<!--more--> Con dos aerogeneradores estar\u00eda resuelto el abastecimiento de energ\u00eda el\u00e9ctrica del pueblo petrolero, ubicado en Vaca Muerta.<\/p>\n<p>&nbsp;<\/p>\n<p>Por Gast\u00f3n Fen\u00e9s<br \/>\ngaston.fenes@energiaestrategica.<\/p>\n<p>&nbsp;<\/p>\n<figure id=\"attachment_12302\" aria-describedby=\"caption-attachment-12302\" style=\"width: 600px\" class=\"wp-caption alignleft\"><a href=\"http:\/\/patagoniambiental.com.ar\/wp-content\/uploads\/2015\/06\/a-elo.jpg\"><img fetchpriority=\"high\" decoding=\"async\" class=\"wp-image-12302 size-medium\" src=\"http:\/\/patagoniambiental.com.ar\/wp-content\/uploads\/2015\/06\/a-elo-600x342.jpg\" alt=\"a--elo\" width=\"600\" height=\"342\" \/><\/a><figcaption id=\"caption-attachment-12302\" class=\"wp-caption-text\">A\u00f1elo, el pueblo ubicado en la cercan\u00edas de Loma Campana, el yacimiento de hidrocarburos no convencionales que explota YPF.<\/figcaption><\/figure>\n<p>La Agencia para la Promoci\u00f3n y el Desarrollo de Inversiones del Neuqu\u00e9n (ADI-Nqn) lanz\u00f3 en 2011 la licitaci\u00f3n p\u00fablica para la construcci\u00f3n y puesta en marcha de un parque e\u00f3lico en la localidad de A\u00f1elo, pueblo situado 100 km al norte de la capital provincial que en 1991 contaba con 993 habitantes y en la actualidad alcanza los 6.000 fijos, con el agregado que cada ma\u00f1ana llegan entre 5 y 6 mil operarios para trabajar en los yacimientos.<\/p>\n<p>En ese entonces, ABO WIND present\u00f3 la oferta con mejor precio y se qued\u00f3 con dos predios de gran extensi\u00f3n, donde tiene previsto realizar el proyecto. Sumadas, estas dos centrales permitir\u00edan adicionar 100 MW de potencia al Sistema Interconectado Nacional (SIN).<\/p>\n<p>No obstante, para una primera etapa est\u00e1 previsto comenzar con 4 MW (dos aerogeneradores) para suministrar energ\u00eda el\u00e9ctrica a toda su poblaci\u00f3n, prioridad primordial. Significa una inversi\u00f3n de 4 millones de d\u00f3lares.<\/p>\n<p>\u00bfEn qu\u00e9 instancia se encuentra la iniciativa? Vanesa Revelli, CEO de la compa\u00f1\u00eda, cuenta a energiaestrat\u00e9gica.com que ya acumulan tres a\u00f1os de evaluaci\u00f3n de vientos, proceso que asegura \u201cresult\u00f3 exitoso\u201d y confirma la factibilidad de la propuesta. Implic\u00f3 el desembolso de 500 mil d\u00f3lares en concepto de instalaci\u00f3n de m\u00e1stil, campa\u00f1a de medici\u00f3n, revegetaci\u00f3n de sendero abierto para el m\u00e1stil, estudios el\u00e9ctricos y ambientales, audiencia p\u00fablica, auditor\u00eda internacional de mediciones, viajes a sitio, cambio de anem\u00f3metros, entre otros.<\/p>\n<p>Sin embargo, para dar comienzo a tal emprendimiento, la empresaria explica que es necesario tener en manos la Licencia Ambiental, actualmente en tr\u00e1mite ante la Secretar\u00eda de Estado de Ambiente y Desarrollo Sostenible provincial. Ya fue presentada y en la audiencia p\u00fablica realizada el 26 de septiembre de 2014 no recibi\u00f3 objeciones.<\/p>\n<p>\u201cEstamos expectantes porque es un gran proyecto; es muy valioso que los Gobiernos encuentran en la energ\u00eda e\u00f3lica una soluci\u00f3n energ\u00e9tica\u201d, resalta la ejecutiva.<\/p>\n<p>Una vez resuelto este primer paso, que garantiza que no habr\u00e1 impacto contra el medio ambiente, la empresa conseguir\u00eda el visto bueno del Mercado El\u00e9ctrico Mayorista (MEM) para comenzar con las operaciones.<\/p>\n<p>En cuanto al financiamiento de las obras Revelli asegura que \u201cestamos en conversaciones y notamos gran inter\u00e9s de los inversores\u201d. Pero fiel al profesionalismo alem\u00e1n (origen de ABO WIND), antes de cerrar contrato la empresa espera las autorizaciones legales correspondientes.<\/p>\n<p><strong>Pedido de pr\u00f3rroga<\/strong><\/p>\n<p>En estas condiciones, Revelli plantea a las autoridades extender el plazo para la construcci\u00f3n del parque, por licitaci\u00f3n estipulado en 24 meses. \u201cNo comenzamos con las obras porque nos faltan las autorizaciones pero estamos preparados para avanzar en el proyecto\u201d, sostiene.<\/p>\n<p><strong>Inversiones en l\u00edneas de media tensi\u00f3n<\/strong><\/p>\n<p>El ministerio de Energ\u00eda y Servicios P\u00fablicos de la Provincia firm\u00f3 el contrato para la \u201cEstaci\u00f3n Transformadora Loma Campana\u201d,\u00a0 inversi\u00f3n que alcanza los 90 millones de pesos m\u00e1s IVA. El Ente Provincial de Energ\u00eda del Neuqu\u00e9n (EPEN) ha realizado la compra de todo el equipamiento \u2013 transformadores de potencia, interruptores y seccionadores y dem\u00e1s equipos en\u00a0 media tensi\u00f3n \u2013en 33 y 13,2 kV- que suman una inversi\u00f3n superior a los 22 millones de pesos.<\/p>\n<p>Revelli resalt\u00f3 que esta obra permite montar uno o dos aerogeneradores, sin tener que desembolsar 9 millones de d\u00f3lares por la estaci\u00f3n transformadora para conectar en l\u00ednea de 132 kV.<\/p>\n<p>&nbsp;<\/p>\n<p>&nbsp;<\/p>\n<p>Fuente: Energ\u00eda Estrategica<\/p>\n","protected":false},"excerpt":{"rendered":"<p>A\u00f1elo.-La empresa destin\u00f3 500 mil d\u00f3lares para realizar la campa\u00f1a de medici\u00f3n de vientos y ahora espera la aprobaci\u00f3n definitiva [&hellip;]<\/p>\n","protected":false},"author":2,"featured_media":12302,"comment_status":"closed","ping_status":"closed","sticky":false,"template":"","format":"standard","meta":{"site-sidebar-layout":"default","site-content-layout":"","ast-site-content-layout":"default","site-content-style":"default","site-sidebar-style":"default","ast-global-header-display":"","ast-banner-title-visibility":"","ast-main-header-display":"","ast-hfb-above-header-display":"","ast-hfb-below-header-display":"","ast-hfb-mobile-header-display":"","site-post-title":"","ast-breadcrumbs-content":"","ast-featured-img":"","footer-sml-layout":"","ast-disable-related-posts":"","theme-transparent-header-meta":"","adv-header-id-meta":"","stick-header-meta":"","header-above-stick-meta":"","header-main-stick-meta":"","header-below-stick-meta":"","astra-migrate-meta-layouts":"default","ast-page-background-enabled":"default","ast-page-background-meta":{"desktop":{"background-color":"var(--ast-global-color-5)","background-image":"","background-repeat":"repeat","background-position":"center center","background-size":"auto","background-attachment":"scroll","background-type":"","background-media":"","overlay-type":"","overlay-color":"","overlay-opacity":"","overlay-gradient":""},"tablet":{"background-color":"","background-image":"","background-repeat":"repeat","background-position":"center center","background-size":"auto","background-attachment":"scroll","background-type":"","background-media":"","overlay-type":"","overlay-color":"","overlay-opacity":"","overlay-gradient":""},"mobile":{"background-color":"","background-image":"","background-repeat":"repeat","background-position":"center center","background-size":"auto","background-attachment":"scroll","background-type":"","background-media":"","overlay-type":"","overlay-color":"","overlay-opacity":"","overlay-gradient":""}},"ast-content-background-meta":{"desktop":{"background-color":"var(--ast-global-color-4)","background-image":"","background-repeat":"repeat","background-position":"center center","background-size":"auto","background-attachment":"scroll","background-type":"","background-media":"","overlay-type":"","overlay-color":"","overlay-opacity":"","overlay-gradient":""},"tablet":{"background-color":"var(--ast-global-color-4)","background-image":"","background-repeat":"repeat","background-position":"center center","background-size":"auto","background-attachment":"scroll","background-type":"","background-media":"","overlay-type":"","overlay-color":"","overlay-opacity":"","overlay-gradient":""},"mobile":{"background-color":"var(--ast-global-color-4)","background-image":"","background-repeat":"repeat","background-position":"center center","background-size":"auto","background-attachment":"scroll","background-type":"","background-media":"","overlay-type":"","overlay-color":"","overlay-opacity":"","overlay-gradient":""}},"footnotes":""},"categories":[18,1,13],"tags":[],"class_list":["post-12301","post","type-post","status-publish","format-standard","has-post-thumbnail","hentry","category-neuquen","category-noticias","category-provinciales"],"yoast_head":"<!-- This site is optimized with the Yoast SEO Premium plugin v23.0 (Yoast SEO v27.4) - https:\/\/yoast.com\/product\/yoast-seo-premium-wordpress\/ -->\n<title>ABO WIND y su ambicioso proyecto para construir el parque e\u00f3lico de A\u00f1elo<\/title>\n<meta name=\"robots\" content=\"index, follow, max-snippet:-1, max-image-preview:large, max-video-preview:-1\" \/>\n<link rel=\"canonical\" href=\"https:\/\/patagoniambiental.com.ar\/info\/abo-wind-y-su-ambicioso-proyecto-para-construir-el-parque-eolico-de-anelo\/\" \/>\n<meta property=\"og:locale\" content=\"es_ES\" \/>\n<meta property=\"og:type\" content=\"article\" \/>\n<meta property=\"og:title\" content=\"ABO WIND y su ambicioso proyecto para construir el parque e\u00f3lico de A\u00f1elo\" \/>\n<meta property=\"og:description\" content=\"A\u00f1elo.-La empresa destin\u00f3 500 mil d\u00f3lares para realizar la campa\u00f1a de medici\u00f3n de vientos y ahora espera la aprobaci\u00f3n definitiva [&hellip;]\" \/>\n<meta property=\"og:url\" content=\"https:\/\/patagoniambiental.com.ar\/info\/abo-wind-y-su-ambicioso-proyecto-para-construir-el-parque-eolico-de-anelo\/\" \/>\n<meta property=\"og:site_name\" content=\"Patagonia Ambiental\" \/>\n<meta property=\"article:publisher\" content=\"https:\/\/www.facebook.com\/patagonia.ambiental\" \/>\n<meta property=\"article:author\" content=\"https:\/\/www.facebook.com\/share\/1C1V8Gv9BX\/?mibextid=qi2Omg\" \/>\n<meta property=\"article:published_time\" content=\"2015-06-20T22:00:56+00:00\" \/>\n<meta name=\"author\" content=\"Patagonia Ambiental\" \/>\n<meta name=\"twitter:card\" content=\"summary_large_image\" \/>\n<meta name=\"twitter:creator\" content=\"@PatAmb\" \/>\n<meta name=\"twitter:site\" content=\"@PatAmb\" \/>\n<script type=\"application\/ld+json\" class=\"yoast-schema-graph\">{\"@context\":\"https:\\\/\\\/schema.org\",\"@graph\":[{\"@type\":\"Article\",\"@id\":\"https:\\\/\\\/patagoniambiental.com.ar\\\/info\\\/abo-wind-y-su-ambicioso-proyecto-para-construir-el-parque-eolico-de-anelo\\\/#article\",\"isPartOf\":{\"@id\":\"https:\\\/\\\/patagoniambiental.com.ar\\\/info\\\/abo-wind-y-su-ambicioso-proyecto-para-construir-el-parque-eolico-de-anelo\\\/\"},\"author\":{\"name\":\"Patagonia Ambiental\",\"@id\":\"https:\\\/\\\/patagoniambiental.com.ar\\\/info\\\/#\\\/schema\\\/person\\\/db12bff64bbcbf6a253710bf0ea37b5d\"},\"headline\":\"ABO WIND y su ambicioso proyecto para construir el parque e\u00f3lico de A\u00f1elo\",\"datePublished\":\"2015-06-20T22:00:56+00:00\",\"mainEntityOfPage\":{\"@id\":\"https:\\\/\\\/patagoniambiental.com.ar\\\/info\\\/abo-wind-y-su-ambicioso-proyecto-para-construir-el-parque-eolico-de-anelo\\\/\"},\"wordCount\":681,\"publisher\":{\"@id\":\"https:\\\/\\\/patagoniambiental.com.ar\\\/info\\\/#organization\"},\"image\":{\"@id\":\"https:\\\/\\\/patagoniambiental.com.ar\\\/info\\\/abo-wind-y-su-ambicioso-proyecto-para-construir-el-parque-eolico-de-anelo\\\/#primaryimage\"},\"thumbnailUrl\":\"\",\"articleSection\":[\"Neuqu\u00e9n\",\"Noticias\",\"Provinciales\"],\"inLanguage\":\"es\"},{\"@type\":\"WebPage\",\"@id\":\"https:\\\/\\\/patagoniambiental.com.ar\\\/info\\\/abo-wind-y-su-ambicioso-proyecto-para-construir-el-parque-eolico-de-anelo\\\/\",\"url\":\"https:\\\/\\\/patagoniambiental.com.ar\\\/info\\\/abo-wind-y-su-ambicioso-proyecto-para-construir-el-parque-eolico-de-anelo\\\/\",\"name\":\"ABO WIND y su ambicioso proyecto para construir el parque e\u00f3lico de A\u00f1elo\",\"isPartOf\":{\"@id\":\"https:\\\/\\\/patagoniambiental.com.ar\\\/info\\\/#website\"},\"primaryImageOfPage\":{\"@id\":\"https:\\\/\\\/patagoniambiental.com.ar\\\/info\\\/abo-wind-y-su-ambicioso-proyecto-para-construir-el-parque-eolico-de-anelo\\\/#primaryimage\"},\"image\":{\"@id\":\"https:\\\/\\\/patagoniambiental.com.ar\\\/info\\\/abo-wind-y-su-ambicioso-proyecto-para-construir-el-parque-eolico-de-anelo\\\/#primaryimage\"},\"thumbnailUrl\":\"\",\"datePublished\":\"2015-06-20T22:00:56+00:00\",\"breadcrumb\":{\"@id\":\"https:\\\/\\\/patagoniambiental.com.ar\\\/info\\\/abo-wind-y-su-ambicioso-proyecto-para-construir-el-parque-eolico-de-anelo\\\/#breadcrumb\"},\"inLanguage\":\"es\",\"potentialAction\":[{\"@type\":\"ReadAction\",\"target\":[\"https:\\\/\\\/patagoniambiental.com.ar\\\/info\\\/abo-wind-y-su-ambicioso-proyecto-para-construir-el-parque-eolico-de-anelo\\\/\"]}]},{\"@type\":\"ImageObject\",\"inLanguage\":\"es\",\"@id\":\"https:\\\/\\\/patagoniambiental.com.ar\\\/info\\\/abo-wind-y-su-ambicioso-proyecto-para-construir-el-parque-eolico-de-anelo\\\/#primaryimage\",\"url\":\"\",\"contentUrl\":\"\"},{\"@type\":\"BreadcrumbList\",\"@id\":\"https:\\\/\\\/patagoniambiental.com.ar\\\/info\\\/abo-wind-y-su-ambicioso-proyecto-para-construir-el-parque-eolico-de-anelo\\\/#breadcrumb\",\"itemListElement\":[{\"@type\":\"ListItem\",\"position\":1,\"name\":\"Inicio\",\"item\":\"https:\\\/\\\/patagoniambiental.com.ar\\\/info\\\/\"},{\"@type\":\"ListItem\",\"position\":2,\"name\":\"ABO WIND y su ambicioso proyecto para construir el parque e\u00f3lico de A\u00f1elo\"}]},{\"@type\":\"WebSite\",\"@id\":\"https:\\\/\\\/patagoniambiental.com.ar\\\/info\\\/#website\",\"url\":\"https:\\\/\\\/patagoniambiental.com.ar\\\/info\\\/\",\"name\":\"Patagonia Ambiental\",\"description\":\"Monitoreo y an\u00e1lisis de la situaci\u00f3n geopol\u00edtica en el mundo y su implicancia en la Patagonia\",\"publisher\":{\"@id\":\"https:\\\/\\\/patagoniambiental.com.ar\\\/info\\\/#organization\"},\"potentialAction\":[{\"@type\":\"SearchAction\",\"target\":{\"@type\":\"EntryPoint\",\"urlTemplate\":\"https:\\\/\\\/patagoniambiental.com.ar\\\/info\\\/?s={search_term_string}\"},\"query-input\":{\"@type\":\"PropertyValueSpecification\",\"valueRequired\":true,\"valueName\":\"search_term_string\"}}],\"inLanguage\":\"es\"},{\"@type\":\"Organization\",\"@id\":\"https:\\\/\\\/patagoniambiental.com.ar\\\/info\\\/#organization\",\"name\":\"Patagonia Ambiental\",\"url\":\"https:\\\/\\\/patagoniambiental.com.ar\\\/info\\\/\",\"logo\":{\"@type\":\"ImageObject\",\"inLanguage\":\"es\",\"@id\":\"https:\\\/\\\/patagoniambiental.com.ar\\\/info\\\/#\\\/schema\\\/logo\\\/image\\\/\",\"url\":\"https:\\\/\\\/patagoniambiental.com.ar\\\/info\\\/wp-content\\\/uploads\\\/2025\\\/05\\\/LOGO-PATAGONIA-AMBIENTAL.png\",\"contentUrl\":\"https:\\\/\\\/patagoniambiental.com.ar\\\/info\\\/wp-content\\\/uploads\\\/2025\\\/05\\\/LOGO-PATAGONIA-AMBIENTAL.png\",\"width\":433,\"height\":250,\"caption\":\"Patagonia Ambiental\"},\"image\":{\"@id\":\"https:\\\/\\\/patagoniambiental.com.ar\\\/info\\\/#\\\/schema\\\/logo\\\/image\\\/\"},\"sameAs\":[\"https:\\\/\\\/www.facebook.com\\\/patagonia.ambiental\",\"https:\\\/\\\/x.com\\\/PatAmb\"]},{\"@type\":\"Person\",\"@id\":\"https:\\\/\\\/patagoniambiental.com.ar\\\/info\\\/#\\\/schema\\\/person\\\/db12bff64bbcbf6a253710bf0ea37b5d\",\"name\":\"Patagonia Ambiental\",\"description\":\"Andr\u00e9s Nievas T\u00e9cnico en manejo ambiental, consultor Ambiental y escritor para medios locales e internacionales sobre temas de geopolitica y medio ambiente.\",\"sameAs\":[\"http:\\\/\\\/www.patagoniambiental.com.ar\",\"https:\\\/\\\/www.facebook.com\\\/share\\\/1C1V8Gv9BX\\\/?mibextid=qi2Omg\",\"@patagoniambiental\",\"https:\\\/\\\/youtube.com\\\/@patagoniaambiental2023?si=BLt58t0wuXquxlYZ\"]}]}<\/script>\n<!-- \/ Yoast SEO Premium plugin. -->","yoast_head_json":{"title":"ABO WIND y su ambicioso proyecto para construir el parque e\u00f3lico de A\u00f1elo","robots":{"index":"index","follow":"follow","max-snippet":"max-snippet:-1","max-image-preview":"max-image-preview:large","max-video-preview":"max-video-preview:-1"},"canonical":"https:\/\/patagoniambiental.com.ar\/info\/abo-wind-y-su-ambicioso-proyecto-para-construir-el-parque-eolico-de-anelo\/","og_locale":"es_ES","og_type":"article","og_title":"ABO WIND y su ambicioso proyecto para construir el parque e\u00f3lico de A\u00f1elo","og_description":"A\u00f1elo.-La empresa destin\u00f3 500 mil d\u00f3lares para realizar la campa\u00f1a de medici\u00f3n de vientos y ahora espera la aprobaci\u00f3n definitiva [&hellip;]","og_url":"https:\/\/patagoniambiental.com.ar\/info\/abo-wind-y-su-ambicioso-proyecto-para-construir-el-parque-eolico-de-anelo\/","og_site_name":"Patagonia Ambiental","article_publisher":"https:\/\/www.facebook.com\/patagonia.ambiental","article_author":"https:\/\/www.facebook.com\/share\/1C1V8Gv9BX\/?mibextid=qi2Omg","article_published_time":"2015-06-20T22:00:56+00:00","author":"Patagonia Ambiental","twitter_card":"summary_large_image","twitter_creator":"@PatAmb","twitter_site":"@PatAmb","schema":{"@context":"https:\/\/schema.org","@graph":[{"@type":"Article","@id":"https:\/\/patagoniambiental.com.ar\/info\/abo-wind-y-su-ambicioso-proyecto-para-construir-el-parque-eolico-de-anelo\/#article","isPartOf":{"@id":"https:\/\/patagoniambiental.com.ar\/info\/abo-wind-y-su-ambicioso-proyecto-para-construir-el-parque-eolico-de-anelo\/"},"author":{"name":"Patagonia Ambiental","@id":"https:\/\/patagoniambiental.com.ar\/info\/#\/schema\/person\/db12bff64bbcbf6a253710bf0ea37b5d"},"headline":"ABO WIND y su ambicioso proyecto para construir el parque e\u00f3lico de A\u00f1elo","datePublished":"2015-06-20T22:00:56+00:00","mainEntityOfPage":{"@id":"https:\/\/patagoniambiental.com.ar\/info\/abo-wind-y-su-ambicioso-proyecto-para-construir-el-parque-eolico-de-anelo\/"},"wordCount":681,"publisher":{"@id":"https:\/\/patagoniambiental.com.ar\/info\/#organization"},"image":{"@id":"https:\/\/patagoniambiental.com.ar\/info\/abo-wind-y-su-ambicioso-proyecto-para-construir-el-parque-eolico-de-anelo\/#primaryimage"},"thumbnailUrl":"","articleSection":["Neuqu\u00e9n","Noticias","Provinciales"],"inLanguage":"es"},{"@type":"WebPage","@id":"https:\/\/patagoniambiental.com.ar\/info\/abo-wind-y-su-ambicioso-proyecto-para-construir-el-parque-eolico-de-anelo\/","url":"https:\/\/patagoniambiental.com.ar\/info\/abo-wind-y-su-ambicioso-proyecto-para-construir-el-parque-eolico-de-anelo\/","name":"ABO WIND y su ambicioso proyecto para construir el parque e\u00f3lico de A\u00f1elo","isPartOf":{"@id":"https:\/\/patagoniambiental.com.ar\/info\/#website"},"primaryImageOfPage":{"@id":"https:\/\/patagoniambiental.com.ar\/info\/abo-wind-y-su-ambicioso-proyecto-para-construir-el-parque-eolico-de-anelo\/#primaryimage"},"image":{"@id":"https:\/\/patagoniambiental.com.ar\/info\/abo-wind-y-su-ambicioso-proyecto-para-construir-el-parque-eolico-de-anelo\/#primaryimage"},"thumbnailUrl":"","datePublished":"2015-06-20T22:00:56+00:00","breadcrumb":{"@id":"https:\/\/patagoniambiental.com.ar\/info\/abo-wind-y-su-ambicioso-proyecto-para-construir-el-parque-eolico-de-anelo\/#breadcrumb"},"inLanguage":"es","potentialAction":[{"@type":"ReadAction","target":["https:\/\/patagoniambiental.com.ar\/info\/abo-wind-y-su-ambicioso-proyecto-para-construir-el-parque-eolico-de-anelo\/"]}]},{"@type":"ImageObject","inLanguage":"es","@id":"https:\/\/patagoniambiental.com.ar\/info\/abo-wind-y-su-ambicioso-proyecto-para-construir-el-parque-eolico-de-anelo\/#primaryimage","url":"","contentUrl":""},{"@type":"BreadcrumbList","@id":"https:\/\/patagoniambiental.com.ar\/info\/abo-wind-y-su-ambicioso-proyecto-para-construir-el-parque-eolico-de-anelo\/#breadcrumb","itemListElement":[{"@type":"ListItem","position":1,"name":"Inicio","item":"https:\/\/patagoniambiental.com.ar\/info\/"},{"@type":"ListItem","position":2,"name":"ABO WIND y su ambicioso proyecto para construir el parque e\u00f3lico de A\u00f1elo"}]},{"@type":"WebSite","@id":"https:\/\/patagoniambiental.com.ar\/info\/#website","url":"https:\/\/patagoniambiental.com.ar\/info\/","name":"Patagonia Ambiental","description":"Monitoreo y an\u00e1lisis de la situaci\u00f3n geopol\u00edtica en el mundo y su implicancia en la Patagonia","publisher":{"@id":"https:\/\/patagoniambiental.com.ar\/info\/#organization"},"potentialAction":[{"@type":"SearchAction","target":{"@type":"EntryPoint","urlTemplate":"https:\/\/patagoniambiental.com.ar\/info\/?s={search_term_string}"},"query-input":{"@type":"PropertyValueSpecification","valueRequired":true,"valueName":"search_term_string"}}],"inLanguage":"es"},{"@type":"Organization","@id":"https:\/\/patagoniambiental.com.ar\/info\/#organization","name":"Patagonia Ambiental","url":"https:\/\/patagoniambiental.com.ar\/info\/","logo":{"@type":"ImageObject","inLanguage":"es","@id":"https:\/\/patagoniambiental.com.ar\/info\/#\/schema\/logo\/image\/","url":"https:\/\/patagoniambiental.com.ar\/info\/wp-content\/uploads\/2025\/05\/LOGO-PATAGONIA-AMBIENTAL.png","contentUrl":"https:\/\/patagoniambiental.com.ar\/info\/wp-content\/uploads\/2025\/05\/LOGO-PATAGONIA-AMBIENTAL.png","width":433,"height":250,"caption":"Patagonia Ambiental"},"image":{"@id":"https:\/\/patagoniambiental.com.ar\/info\/#\/schema\/logo\/image\/"},"sameAs":["https:\/\/www.facebook.com\/patagonia.ambiental","https:\/\/x.com\/PatAmb"]},{"@type":"Person","@id":"https:\/\/patagoniambiental.com.ar\/info\/#\/schema\/person\/db12bff64bbcbf6a253710bf0ea37b5d","name":"Patagonia Ambiental","description":"Andr\u00e9s Nievas T\u00e9cnico en manejo ambiental, consultor Ambiental y escritor para medios locales e internacionales sobre temas de geopolitica y medio ambiente.","sameAs":["http:\/\/www.patagoniambiental.com.ar","https:\/\/www.facebook.com\/share\/1C1V8Gv9BX\/?mibextid=qi2Omg","@patagoniambiental","https:\/\/youtube.com\/@patagoniaambiental2023?si=BLt58t0wuXquxlYZ"]}]}},"_links":{"self":[{"href":"https:\/\/patagoniambiental.com.ar\/info\/wp-json\/wp\/v2\/posts\/12301","targetHints":{"allow":["GET"]}}],"collection":[{"href":"https:\/\/patagoniambiental.com.ar\/info\/wp-json\/wp\/v2\/posts"}],"about":[{"href":"https:\/\/patagoniambiental.com.ar\/info\/wp-json\/wp\/v2\/types\/post"}],"author":[{"embeddable":true,"href":"https:\/\/patagoniambiental.com.ar\/info\/wp-json\/wp\/v2\/users\/2"}],"replies":[{"embeddable":true,"href":"https:\/\/patagoniambiental.com.ar\/info\/wp-json\/wp\/v2\/comments?post=12301"}],"version-history":[{"count":0,"href":"https:\/\/patagoniambiental.com.ar\/info\/wp-json\/wp\/v2\/posts\/12301\/revisions"}],"wp:featuredmedia":[{"embeddable":true,"href":"https:\/\/patagoniambiental.com.ar\/info\/wp-json\/"}],"wp:attachment":[{"href":"https:\/\/patagoniambiental.com.ar\/info\/wp-json\/wp\/v2\/media?parent=12301"}],"wp:term":[{"taxonomy":"category","embeddable":true,"href":"https:\/\/patagoniambiental.com.ar\/info\/wp-json\/wp\/v2\/categories?post=12301"},{"taxonomy":"post_tag","embeddable":true,"href":"https:\/\/patagoniambiental.com.ar\/info\/wp-json\/wp\/v2\/tags?post=12301"}],"curies":[{"name":"wp","href":"https:\/\/api.w.org\/{rel}","templated":true}]}}