{"id":12326,"date":"2015-06-22T09:00:35","date_gmt":"2015-06-22T12:00:35","guid":{"rendered":"http:\/\/patagoniambiental.com.ar\/?p=12326"},"modified":"2015-06-22T09:00:35","modified_gmt":"2015-06-22T12:00:35","slug":"10-anos-estudiando-la-capa-de-ozono-desde-la-patagonia","status":"publish","type":"post","link":"https:\/\/patagoniambiental.com.ar\/info\/10-anos-estudiando-la-capa-de-ozono-desde-la-patagonia\/","title":{"rendered":"10 a\u00f1os estudiando la capa de ozono desde la Patagonia"},"content":{"rendered":"<p>R\u00edo Gallegos.-La regi\u00f3n es clave, ya que desde agosto a diciembre el agujero de ozono se ubica sobre el sur. Se miden los rayos ultravioleta, que tienen su m\u00e1ximo en octubre.<!--more--><\/p>\n<p>&nbsp;<\/p>\n<figure id=\"attachment_12327\" aria-describedby=\"caption-attachment-12327\" style=\"width: 600px\" class=\"wp-caption alignleft\"><a href=\"http:\/\/patagoniambiental.com.ar\/wp-content\/uploads\/2015\/06\/imagen4.jpg\"><img fetchpriority=\"high\" decoding=\"async\" class=\"wp-image-12327 size-medium\" src=\"http:\/\/patagoniambiental.com.ar\/wp-content\/uploads\/2015\/06\/imagen4-600x285.jpg\" alt=\"imagen\" width=\"600\" height=\"285\" \/><\/a><figcaption id=\"caption-attachment-12327\" class=\"wp-caption-text\">Las mediciones se hacen mediante el empleo de un rayo l\u00e1ser. Se registra el ozono entre los 10 y los 50 kil\u00f3metros de altura.<\/figcaption><\/figure>\n<p>En R\u00edo Gallegos est\u00e1 ubicada la \u00fanica estaci\u00f3n terrena que estudia la capa de ozono en Sudam\u00e9rica. Actualmente, cuenta con 15 instrumentos, lo que la convierte en una de las m\u00e1s completas del mundo.El pasado 10 de junio se cumplieron 10 a\u00f1os desde que se traslad\u00f3 a la base a\u00e9rea de R\u00edo Gallegos el sistema de rayos l\u00e1ser que tiene como fin estudiar la capa de ozono y fue desarrollado por la Divisi\u00f3n Lidar del Centro de Investigaciones en L\u00e1seres y Aplicaciones (Ceilap).<\/p>\n<p>El doctor Eduardo Quel, director la Unidad de Investigaci\u00f3n y Desarrollo Estrat\u00e9gicos para la Defensa (Unidef-Citedef-Conicet), de la cual depende el Ceilap, coment\u00f3 a la Agencia CTyS que \u00abla estaci\u00f3n terrena fue incorporando m\u00e1s instrumentos para estudiar la capa de ozono en esta d\u00e9cada, hasta convertirse en una de las m\u00e1s importantes del mundo\u00bb. Ahora, en colaboraci\u00f3n con Jap\u00f3n y Chile, est\u00e1 adquiriendo un equipamiento m\u00e1s, que representa una inversi\u00f3n cercana a los 4 millones de d\u00f3lares.<\/p>\n<p>Pese a que se buscan indicios de la recuperaci\u00f3n de la capa de ozono, hay una gran incertidumbre al respecto. \u00abNo hay una certeza de que haya una tendencia positiva; se puede hablar de estabilizaci\u00f3n, pero no se puede afirmar que haya una recuperaci\u00f3n hasta el momento\u00bb, coment\u00f3 Quel.<\/p>\n<p>Desde agosto a diciembre, el agujero de ozono se ubica sobre el sector sur de la Patagonia. En efecto, tambi\u00e9n hay instrumentos para detectar la incidencia de los rayos ultravioleta, cuyo punto m\u00e1ximo acontece en el mes de octubre.<\/p>\n<p>Fue una decisi\u00f3n estrat\u00e9gica ubicar una estaci\u00f3n terrena en R\u00edo Gallegos, porque, desde all\u00ed, seg\u00fan el momento del a\u00f1o, se puede estudiar el agujero de ozono, el borde del mismo y la parte en que la capa no est\u00e1 tan afectada.<\/p>\n<p>Todo comenz\u00f3 hace exactamente 10 a\u00f1os, cuando se coloc\u00f3 all\u00ed el sistema l\u00e1ser desarrollado por la Divisi\u00f3n Lidar del Ceilap, que permite medir el ozono entre los 10 y 50 kil\u00f3metros de altura. Otro paso muy importante se dio en 2010, al incorporar un instrumento japon\u00e9s que complementa el an\u00e1lisis del ozono entre los 30 y 80 kil\u00f3metros de altura.<\/p>\n<p>\u00abAmbos equipamientos operan de maneras muy diferentes, lo cual enriquece el estudio, pero ello implica un desaf\u00edo a la hora de unificar los datos que ofrecen\u00bb, explic\u00f3 el f\u00edsico Quel. Mientras el l\u00e1ser env\u00eda pulsos a la atm\u00f3sfera y analiza c\u00f3mo dichos fotones son absorbidos por la capa de ozono, el instrumento japon\u00e9s mide la radiaci\u00f3n de microondas emitidas por el ozono.<\/p>\n<p>Adem\u00e1s, a partir de la colaboraci\u00f3n con investigadores chilenos, se utilizan globos sondas para estudiar el ozono entre los 10 y 30 kil\u00f3metros de altura. De esta manera, se obtienen datos superpuestos a trav\u00e9s de diversos m\u00e9todos de estudio y la expectativa es continuar incrementando el potencial de la estaci\u00f3n terrena.<\/p>\n<p>\u00abEs muy rico todo el sistema de medici\u00f3n que poseemos\u00bb, valor\u00f3 Quel. Y asever\u00f3: \u00abEstamos usando pr\u00e1cticamente todo el potencial de medici\u00f3n de ozono que existe a nivel mundial: rayos l\u00e1ser, sondas, radi\u00f3metro y el instrumento Brewer que mide la columna total del ozono\u00bb. (Agencia CTyS)<\/p>\n<p>Fuente: Diario Rio Negro<\/p>\n","protected":false},"excerpt":{"rendered":"<p>R\u00edo Gallegos.-La regi\u00f3n es clave, ya que desde agosto a diciembre el agujero de ozono se ubica sobre el sur. [&hellip;]<\/p>\n","protected":false},"author":2,"featured_media":12327,"comment_status":"closed","ping_status":"closed","sticky":false,"template":"","format":"standard","meta":{"site-sidebar-layout":"default","site-content-layout":"","ast-site-content-layout":"default","site-content-style":"default","site-sidebar-style":"default","ast-global-header-display":"","ast-banner-title-visibility":"","ast-main-header-display":"","ast-hfb-above-header-display":"","ast-hfb-below-header-display":"","ast-hfb-mobile-header-display":"","site-post-title":"","ast-breadcrumbs-content":"","ast-featured-img":"","footer-sml-layout":"","ast-disable-related-posts":"","theme-transparent-header-meta":"","adv-header-id-meta":"","stick-header-meta":"","header-above-stick-meta":"","header-main-stick-meta":"","header-below-stick-meta":"","astra-migrate-meta-layouts":"default","ast-page-background-enabled":"default","ast-page-background-meta":{"desktop":{"background-color":"var(--ast-global-color-5)","background-image":"","background-repeat":"repeat","background-position":"center center","background-size":"auto","background-attachment":"scroll","background-type":"","background-media":"","overlay-type":"","overlay-color":"","overlay-opacity":"","overlay-gradient":""},"tablet":{"background-color":"","background-image":"","background-repeat":"repeat","background-position":"center center","background-size":"auto","background-attachment":"scroll","background-type":"","background-media":"","overlay-type":"","overlay-color":"","overlay-opacity":"","overlay-gradient":""},"mobile":{"background-color":"","background-image":"","background-repeat":"repeat","background-position":"center center","background-size":"auto","background-attachment":"scroll","background-type":"","background-media":"","overlay-type":"","overlay-color":"","overlay-opacity":"","overlay-gradient":""}},"ast-content-background-meta":{"desktop":{"background-color":"var(--ast-global-color-4)","background-image":"","background-repeat":"repeat","background-position":"center center","background-size":"auto","background-attachment":"scroll","background-type":"","background-media":"","overlay-type":"","overlay-color":"","overlay-opacity":"","overlay-gradient":""},"tablet":{"background-color":"var(--ast-global-color-4)","background-image":"","background-repeat":"repeat","background-position":"center center","background-size":"auto","background-attachment":"scroll","background-type":"","background-media":"","overlay-type":"","overlay-color":"","overlay-opacity":"","overlay-gradient":""},"mobile":{"background-color":"var(--ast-global-color-4)","background-image":"","background-repeat":"repeat","background-position":"center center","background-size":"auto","background-attachment":"scroll","background-type":"","background-media":"","overlay-type":"","overlay-color":"","overlay-opacity":"","overlay-gradient":""}},"footnotes":""},"categories":[1,13,25],"tags":[],"class_list":["post-12326","post","type-post","status-publish","format-standard","has-post-thumbnail","hentry","category-noticias","category-provinciales","category-tierra-del-fuego"],"yoast_head":"<!-- This site is optimized with the Yoast SEO Premium plugin v23.0 (Yoast SEO v27.4) - https:\/\/yoast.com\/product\/yoast-seo-premium-wordpress\/ -->\n<title>10 a\u00f1os estudiando la capa de ozono desde la Patagonia<\/title>\n<meta name=\"robots\" content=\"index, follow, max-snippet:-1, max-image-preview:large, max-video-preview:-1\" \/>\n<link rel=\"canonical\" href=\"https:\/\/patagoniambiental.com.ar\/info\/10-anos-estudiando-la-capa-de-ozono-desde-la-patagonia\/\" \/>\n<meta property=\"og:locale\" content=\"es_ES\" \/>\n<meta property=\"og:type\" content=\"article\" \/>\n<meta property=\"og:title\" content=\"10 a\u00f1os estudiando la capa de ozono desde la Patagonia\" \/>\n<meta property=\"og:description\" content=\"R\u00edo Gallegos.-La regi\u00f3n es clave, ya que desde agosto a diciembre el agujero de ozono se ubica sobre el sur. [&hellip;]\" \/>\n<meta property=\"og:url\" content=\"https:\/\/patagoniambiental.com.ar\/info\/10-anos-estudiando-la-capa-de-ozono-desde-la-patagonia\/\" \/>\n<meta property=\"og:site_name\" content=\"Patagonia Ambiental\" \/>\n<meta property=\"article:publisher\" content=\"https:\/\/www.facebook.com\/patagonia.ambiental\" \/>\n<meta property=\"article:author\" content=\"https:\/\/www.facebook.com\/share\/1C1V8Gv9BX\/?mibextid=qi2Omg\" \/>\n<meta property=\"article:published_time\" content=\"2015-06-22T12:00:35+00:00\" \/>\n<meta name=\"author\" content=\"Patagonia Ambiental\" \/>\n<meta name=\"twitter:card\" content=\"summary_large_image\" \/>\n<meta name=\"twitter:creator\" content=\"@PatAmb\" \/>\n<meta name=\"twitter:site\" content=\"@PatAmb\" \/>\n<script type=\"application\/ld+json\" class=\"yoast-schema-graph\">{\"@context\":\"https:\\\/\\\/schema.org\",\"@graph\":[{\"@type\":\"Article\",\"@id\":\"https:\\\/\\\/patagoniambiental.com.ar\\\/info\\\/10-anos-estudiando-la-capa-de-ozono-desde-la-patagonia\\\/#article\",\"isPartOf\":{\"@id\":\"https:\\\/\\\/patagoniambiental.com.ar\\\/info\\\/10-anos-estudiando-la-capa-de-ozono-desde-la-patagonia\\\/\"},\"author\":{\"name\":\"Patagonia Ambiental\",\"@id\":\"https:\\\/\\\/patagoniambiental.com.ar\\\/info\\\/#\\\/schema\\\/person\\\/db12bff64bbcbf6a253710bf0ea37b5d\"},\"headline\":\"10 a\u00f1os estudiando la capa de ozono desde la Patagonia\",\"datePublished\":\"2015-06-22T12:00:35+00:00\",\"mainEntityOfPage\":{\"@id\":\"https:\\\/\\\/patagoniambiental.com.ar\\\/info\\\/10-anos-estudiando-la-capa-de-ozono-desde-la-patagonia\\\/\"},\"wordCount\":636,\"publisher\":{\"@id\":\"https:\\\/\\\/patagoniambiental.com.ar\\\/info\\\/#organization\"},\"image\":{\"@id\":\"https:\\\/\\\/patagoniambiental.com.ar\\\/info\\\/10-anos-estudiando-la-capa-de-ozono-desde-la-patagonia\\\/#primaryimage\"},\"thumbnailUrl\":\"\",\"articleSection\":[\"Noticias\",\"Provinciales\",\"Tierra del Fuego\"],\"inLanguage\":\"es\"},{\"@type\":\"WebPage\",\"@id\":\"https:\\\/\\\/patagoniambiental.com.ar\\\/info\\\/10-anos-estudiando-la-capa-de-ozono-desde-la-patagonia\\\/\",\"url\":\"https:\\\/\\\/patagoniambiental.com.ar\\\/info\\\/10-anos-estudiando-la-capa-de-ozono-desde-la-patagonia\\\/\",\"name\":\"10 a\u00f1os estudiando la capa de ozono desde la Patagonia\",\"isPartOf\":{\"@id\":\"https:\\\/\\\/patagoniambiental.com.ar\\\/info\\\/#website\"},\"primaryImageOfPage\":{\"@id\":\"https:\\\/\\\/patagoniambiental.com.ar\\\/info\\\/10-anos-estudiando-la-capa-de-ozono-desde-la-patagonia\\\/#primaryimage\"},\"image\":{\"@id\":\"https:\\\/\\\/patagoniambiental.com.ar\\\/info\\\/10-anos-estudiando-la-capa-de-ozono-desde-la-patagonia\\\/#primaryimage\"},\"thumbnailUrl\":\"\",\"datePublished\":\"2015-06-22T12:00:35+00:00\",\"breadcrumb\":{\"@id\":\"https:\\\/\\\/patagoniambiental.com.ar\\\/info\\\/10-anos-estudiando-la-capa-de-ozono-desde-la-patagonia\\\/#breadcrumb\"},\"inLanguage\":\"es\",\"potentialAction\":[{\"@type\":\"ReadAction\",\"target\":[\"https:\\\/\\\/patagoniambiental.com.ar\\\/info\\\/10-anos-estudiando-la-capa-de-ozono-desde-la-patagonia\\\/\"]}]},{\"@type\":\"ImageObject\",\"inLanguage\":\"es\",\"@id\":\"https:\\\/\\\/patagoniambiental.com.ar\\\/info\\\/10-anos-estudiando-la-capa-de-ozono-desde-la-patagonia\\\/#primaryimage\",\"url\":\"\",\"contentUrl\":\"\"},{\"@type\":\"BreadcrumbList\",\"@id\":\"https:\\\/\\\/patagoniambiental.com.ar\\\/info\\\/10-anos-estudiando-la-capa-de-ozono-desde-la-patagonia\\\/#breadcrumb\",\"itemListElement\":[{\"@type\":\"ListItem\",\"position\":1,\"name\":\"Inicio\",\"item\":\"https:\\\/\\\/patagoniambiental.com.ar\\\/info\\\/\"},{\"@type\":\"ListItem\",\"position\":2,\"name\":\"10 a\u00f1os estudiando la capa de ozono desde la Patagonia\"}]},{\"@type\":\"WebSite\",\"@id\":\"https:\\\/\\\/patagoniambiental.com.ar\\\/info\\\/#website\",\"url\":\"https:\\\/\\\/patagoniambiental.com.ar\\\/info\\\/\",\"name\":\"Patagonia Ambiental\",\"description\":\"Monitoreo y an\u00e1lisis de la situaci\u00f3n geopol\u00edtica en el mundo y su implicancia en la Patagonia\",\"publisher\":{\"@id\":\"https:\\\/\\\/patagoniambiental.com.ar\\\/info\\\/#organization\"},\"potentialAction\":[{\"@type\":\"SearchAction\",\"target\":{\"@type\":\"EntryPoint\",\"urlTemplate\":\"https:\\\/\\\/patagoniambiental.com.ar\\\/info\\\/?s={search_term_string}\"},\"query-input\":{\"@type\":\"PropertyValueSpecification\",\"valueRequired\":true,\"valueName\":\"search_term_string\"}}],\"inLanguage\":\"es\"},{\"@type\":\"Organization\",\"@id\":\"https:\\\/\\\/patagoniambiental.com.ar\\\/info\\\/#organization\",\"name\":\"Patagonia Ambiental\",\"url\":\"https:\\\/\\\/patagoniambiental.com.ar\\\/info\\\/\",\"logo\":{\"@type\":\"ImageObject\",\"inLanguage\":\"es\",\"@id\":\"https:\\\/\\\/patagoniambiental.com.ar\\\/info\\\/#\\\/schema\\\/logo\\\/image\\\/\",\"url\":\"https:\\\/\\\/patagoniambiental.com.ar\\\/info\\\/wp-content\\\/uploads\\\/2025\\\/05\\\/LOGO-PATAGONIA-AMBIENTAL.png\",\"contentUrl\":\"https:\\\/\\\/patagoniambiental.com.ar\\\/info\\\/wp-content\\\/uploads\\\/2025\\\/05\\\/LOGO-PATAGONIA-AMBIENTAL.png\",\"width\":433,\"height\":250,\"caption\":\"Patagonia Ambiental\"},\"image\":{\"@id\":\"https:\\\/\\\/patagoniambiental.com.ar\\\/info\\\/#\\\/schema\\\/logo\\\/image\\\/\"},\"sameAs\":[\"https:\\\/\\\/www.facebook.com\\\/patagonia.ambiental\",\"https:\\\/\\\/x.com\\\/PatAmb\"]},{\"@type\":\"Person\",\"@id\":\"https:\\\/\\\/patagoniambiental.com.ar\\\/info\\\/#\\\/schema\\\/person\\\/db12bff64bbcbf6a253710bf0ea37b5d\",\"name\":\"Patagonia Ambiental\",\"description\":\"Andr\u00e9s Nievas T\u00e9cnico en manejo ambiental, consultor Ambiental y escritor para medios locales e internacionales sobre temas de geopolitica y medio ambiente.\",\"sameAs\":[\"http:\\\/\\\/www.patagoniambiental.com.ar\",\"https:\\\/\\\/www.facebook.com\\\/share\\\/1C1V8Gv9BX\\\/?mibextid=qi2Omg\",\"@patagoniambiental\",\"https:\\\/\\\/youtube.com\\\/@patagoniaambiental2023?si=BLt58t0wuXquxlYZ\"]}]}<\/script>\n<!-- \/ Yoast SEO Premium plugin. -->","yoast_head_json":{"title":"10 a\u00f1os estudiando la capa de ozono desde la Patagonia","robots":{"index":"index","follow":"follow","max-snippet":"max-snippet:-1","max-image-preview":"max-image-preview:large","max-video-preview":"max-video-preview:-1"},"canonical":"https:\/\/patagoniambiental.com.ar\/info\/10-anos-estudiando-la-capa-de-ozono-desde-la-patagonia\/","og_locale":"es_ES","og_type":"article","og_title":"10 a\u00f1os estudiando la capa de ozono desde la Patagonia","og_description":"R\u00edo Gallegos.-La regi\u00f3n es clave, ya que desde agosto a diciembre el agujero de ozono se ubica sobre el sur. [&hellip;]","og_url":"https:\/\/patagoniambiental.com.ar\/info\/10-anos-estudiando-la-capa-de-ozono-desde-la-patagonia\/","og_site_name":"Patagonia Ambiental","article_publisher":"https:\/\/www.facebook.com\/patagonia.ambiental","article_author":"https:\/\/www.facebook.com\/share\/1C1V8Gv9BX\/?mibextid=qi2Omg","article_published_time":"2015-06-22T12:00:35+00:00","author":"Patagonia Ambiental","twitter_card":"summary_large_image","twitter_creator":"@PatAmb","twitter_site":"@PatAmb","schema":{"@context":"https:\/\/schema.org","@graph":[{"@type":"Article","@id":"https:\/\/patagoniambiental.com.ar\/info\/10-anos-estudiando-la-capa-de-ozono-desde-la-patagonia\/#article","isPartOf":{"@id":"https:\/\/patagoniambiental.com.ar\/info\/10-anos-estudiando-la-capa-de-ozono-desde-la-patagonia\/"},"author":{"name":"Patagonia Ambiental","@id":"https:\/\/patagoniambiental.com.ar\/info\/#\/schema\/person\/db12bff64bbcbf6a253710bf0ea37b5d"},"headline":"10 a\u00f1os estudiando la capa de ozono desde la Patagonia","datePublished":"2015-06-22T12:00:35+00:00","mainEntityOfPage":{"@id":"https:\/\/patagoniambiental.com.ar\/info\/10-anos-estudiando-la-capa-de-ozono-desde-la-patagonia\/"},"wordCount":636,"publisher":{"@id":"https:\/\/patagoniambiental.com.ar\/info\/#organization"},"image":{"@id":"https:\/\/patagoniambiental.com.ar\/info\/10-anos-estudiando-la-capa-de-ozono-desde-la-patagonia\/#primaryimage"},"thumbnailUrl":"","articleSection":["Noticias","Provinciales","Tierra del Fuego"],"inLanguage":"es"},{"@type":"WebPage","@id":"https:\/\/patagoniambiental.com.ar\/info\/10-anos-estudiando-la-capa-de-ozono-desde-la-patagonia\/","url":"https:\/\/patagoniambiental.com.ar\/info\/10-anos-estudiando-la-capa-de-ozono-desde-la-patagonia\/","name":"10 a\u00f1os estudiando la capa de ozono desde la Patagonia","isPartOf":{"@id":"https:\/\/patagoniambiental.com.ar\/info\/#website"},"primaryImageOfPage":{"@id":"https:\/\/patagoniambiental.com.ar\/info\/10-anos-estudiando-la-capa-de-ozono-desde-la-patagonia\/#primaryimage"},"image":{"@id":"https:\/\/patagoniambiental.com.ar\/info\/10-anos-estudiando-la-capa-de-ozono-desde-la-patagonia\/#primaryimage"},"thumbnailUrl":"","datePublished":"2015-06-22T12:00:35+00:00","breadcrumb":{"@id":"https:\/\/patagoniambiental.com.ar\/info\/10-anos-estudiando-la-capa-de-ozono-desde-la-patagonia\/#breadcrumb"},"inLanguage":"es","potentialAction":[{"@type":"ReadAction","target":["https:\/\/patagoniambiental.com.ar\/info\/10-anos-estudiando-la-capa-de-ozono-desde-la-patagonia\/"]}]},{"@type":"ImageObject","inLanguage":"es","@id":"https:\/\/patagoniambiental.com.ar\/info\/10-anos-estudiando-la-capa-de-ozono-desde-la-patagonia\/#primaryimage","url":"","contentUrl":""},{"@type":"BreadcrumbList","@id":"https:\/\/patagoniambiental.com.ar\/info\/10-anos-estudiando-la-capa-de-ozono-desde-la-patagonia\/#breadcrumb","itemListElement":[{"@type":"ListItem","position":1,"name":"Inicio","item":"https:\/\/patagoniambiental.com.ar\/info\/"},{"@type":"ListItem","position":2,"name":"10 a\u00f1os estudiando la capa de ozono desde la Patagonia"}]},{"@type":"WebSite","@id":"https:\/\/patagoniambiental.com.ar\/info\/#website","url":"https:\/\/patagoniambiental.com.ar\/info\/","name":"Patagonia Ambiental","description":"Monitoreo y an\u00e1lisis de la situaci\u00f3n geopol\u00edtica en el mundo y su implicancia en la Patagonia","publisher":{"@id":"https:\/\/patagoniambiental.com.ar\/info\/#organization"},"potentialAction":[{"@type":"SearchAction","target":{"@type":"EntryPoint","urlTemplate":"https:\/\/patagoniambiental.com.ar\/info\/?s={search_term_string}"},"query-input":{"@type":"PropertyValueSpecification","valueRequired":true,"valueName":"search_term_string"}}],"inLanguage":"es"},{"@type":"Organization","@id":"https:\/\/patagoniambiental.com.ar\/info\/#organization","name":"Patagonia Ambiental","url":"https:\/\/patagoniambiental.com.ar\/info\/","logo":{"@type":"ImageObject","inLanguage":"es","@id":"https:\/\/patagoniambiental.com.ar\/info\/#\/schema\/logo\/image\/","url":"https:\/\/patagoniambiental.com.ar\/info\/wp-content\/uploads\/2025\/05\/LOGO-PATAGONIA-AMBIENTAL.png","contentUrl":"https:\/\/patagoniambiental.com.ar\/info\/wp-content\/uploads\/2025\/05\/LOGO-PATAGONIA-AMBIENTAL.png","width":433,"height":250,"caption":"Patagonia Ambiental"},"image":{"@id":"https:\/\/patagoniambiental.com.ar\/info\/#\/schema\/logo\/image\/"},"sameAs":["https:\/\/www.facebook.com\/patagonia.ambiental","https:\/\/x.com\/PatAmb"]},{"@type":"Person","@id":"https:\/\/patagoniambiental.com.ar\/info\/#\/schema\/person\/db12bff64bbcbf6a253710bf0ea37b5d","name":"Patagonia Ambiental","description":"Andr\u00e9s Nievas T\u00e9cnico en manejo ambiental, consultor Ambiental y escritor para medios locales e internacionales sobre temas de geopolitica y medio ambiente.","sameAs":["http:\/\/www.patagoniambiental.com.ar","https:\/\/www.facebook.com\/share\/1C1V8Gv9BX\/?mibextid=qi2Omg","@patagoniambiental","https:\/\/youtube.com\/@patagoniaambiental2023?si=BLt58t0wuXquxlYZ"]}]}},"_links":{"self":[{"href":"https:\/\/patagoniambiental.com.ar\/info\/wp-json\/wp\/v2\/posts\/12326","targetHints":{"allow":["GET"]}}],"collection":[{"href":"https:\/\/patagoniambiental.com.ar\/info\/wp-json\/wp\/v2\/posts"}],"about":[{"href":"https:\/\/patagoniambiental.com.ar\/info\/wp-json\/wp\/v2\/types\/post"}],"author":[{"embeddable":true,"href":"https:\/\/patagoniambiental.com.ar\/info\/wp-json\/wp\/v2\/users\/2"}],"replies":[{"embeddable":true,"href":"https:\/\/patagoniambiental.com.ar\/info\/wp-json\/wp\/v2\/comments?post=12326"}],"version-history":[{"count":0,"href":"https:\/\/patagoniambiental.com.ar\/info\/wp-json\/wp\/v2\/posts\/12326\/revisions"}],"wp:featuredmedia":[{"embeddable":true,"href":"https:\/\/patagoniambiental.com.ar\/info\/wp-json\/"}],"wp:attachment":[{"href":"https:\/\/patagoniambiental.com.ar\/info\/wp-json\/wp\/v2\/media?parent=12326"}],"wp:term":[{"taxonomy":"category","embeddable":true,"href":"https:\/\/patagoniambiental.com.ar\/info\/wp-json\/wp\/v2\/categories?post=12326"},{"taxonomy":"post_tag","embeddable":true,"href":"https:\/\/patagoniambiental.com.ar\/info\/wp-json\/wp\/v2\/tags?post=12326"}],"curies":[{"name":"wp","href":"https:\/\/api.w.org\/{rel}","templated":true}]}}