{"id":12441,"date":"2015-06-25T09:00:38","date_gmt":"2015-06-25T12:00:38","guid":{"rendered":"http:\/\/patagoniambiental.com.ar\/?p=12441"},"modified":"2015-06-25T09:00:38","modified_gmt":"2015-06-25T12:00:38","slug":"autoridades-ambientales-del-pais-adhirieron-a-la-enciclica-del-papa-francisco","status":"publish","type":"post","link":"https:\/\/patagoniambiental.com.ar\/info\/autoridades-ambientales-del-pais-adhirieron-a-la-enciclica-del-papa-francisco\/","title":{"rendered":"Autoridades ambientales del pa\u00eds adhirieron a la enc\u00edclica del Papa Francisco"},"content":{"rendered":"<p>Buenos Aires.-Las autoridades ambientales de las distintas provincias de la Argentina, y de la Secretar\u00eda de Ambiente de la Naci\u00f3n, nucleadas en el Consejo Federal del Medio Ambiente (COFEMA), se reunieron este mi\u00e9rcoles para elevar un documento en apoyo y adhesi\u00f3n a la Enc\u00edclica Ambiental<!--more--> \u00abLaudato Si\u00bb, publicada el pasado 18 de junio por el Papa Francisco.<\/p>\n<p>El Presidente del COFEMA y titular del Organismo Provincial para el Desarrollo Sostenible, Hugo Bilbao destac\u00f3 \u00abla profunda alegr\u00eda de que este Papa argentino, con visi\u00f3n latinoamericana haya realizado esta enc\u00edclica social que nos habla de temas ambientales, en la cual el sur, interpela fraternalmente al norte\u00bb.<br \/>\n\u201cA la vez que nos invita a reflexionar qu\u00e9 mundo le queremos dejar a las futuras generaciones, desde un punto de vista que no es exclusivamente religioso, sino tambi\u00e9n con un profundo conocimiento cient\u00edfico, bregando por el cuidado del planeta, y de los pa\u00edses y colectivos sociales m\u00e1s pobres, que son quienes m\u00e1s vulnerabilidad tienen ante las consecuencias del cambio clim\u00e1tico\u00bb, a\u00f1adi\u00f3.<br \/>\nPor su parte, el Secretario de Ambiente de la Naci\u00f3n, Sergio Lorusso reflexion\u00f3 sobre la Enc\u00edclica la cual \u00abinvita a cuidar lo que Dios nos leg\u00f3, sintetizando todo lo bueno que podemos hacer y lo malo que debemos dejar de hacer para cuidado del planeta\u00bb.<br \/>\nEn el documento suscripto por las autoridades ambientales de todo el pa\u00eds,\u00a0 se expresa la plena adhesi\u00f3n a la enc\u00edclica papal \u00abLaudato Si\u00bb.<br \/>\nEl documento ser\u00e1 enviado al Santo Padre como muestra del compromiso asumido. A la vez que se realiz\u00f3 un repaso de lo hecho en materia de energ\u00edas renovables, tratamiento de residuos, cuidado de bosques nativos y de agua, y en educaci\u00f3n ambiental, a lo cual reafirmaron la decisi\u00f3n de trabajar redoblando los esfuerzos para continuar con estas pol\u00edticas, tomando la Enc\u00edclica como gu\u00eda inspiradora y la premisa papal \u00abpara el cuidado de la casa com\u00fan es mucho el esfuerzo que debemos realizar todav\u00eda\u00bb.<\/p>\n<p>Fuente: Aninoticias<\/p>\n<p>&nbsp;<\/p>\n","protected":false},"excerpt":{"rendered":"<p>Buenos Aires.-Las autoridades ambientales de las distintas provincias de la Argentina, y de la Secretar\u00eda de Ambiente de la Naci\u00f3n, [&hellip;]<\/p>\n","protected":false},"author":2,"featured_media":1713,"comment_status":"closed","ping_status":"closed","sticky":false,"template":"","format":"standard","meta":{"site-sidebar-layout":"default","site-content-layout":"","ast-site-content-layout":"default","site-content-style":"default","site-sidebar-style":"default","ast-global-header-display":"","ast-banner-title-visibility":"","ast-main-header-display":"","ast-hfb-above-header-display":"","ast-hfb-below-header-display":"","ast-hfb-mobile-header-display":"","site-post-title":"","ast-breadcrumbs-content":"","ast-featured-img":"","footer-sml-layout":"","ast-disable-related-posts":"","theme-transparent-header-meta":"","adv-header-id-meta":"","stick-header-meta":"","header-above-stick-meta":"","header-main-stick-meta":"","header-below-stick-meta":"","astra-migrate-meta-layouts":"default","ast-page-background-enabled":"default","ast-page-background-meta":{"desktop":{"background-color":"var(--ast-global-color-5)","background-image":"","background-repeat":"repeat","background-position":"center center","background-size":"auto","background-attachment":"scroll","background-type":"","background-media":"","overlay-type":"","overlay-color":"","overlay-opacity":"","overlay-gradient":""},"tablet":{"background-color":"","background-image":"","background-repeat":"repeat","background-position":"center center","background-size":"auto","background-attachment":"scroll","background-type":"","background-media":"","overlay-type":"","overlay-color":"","overlay-opacity":"","overlay-gradient":""},"mobile":{"background-color":"","background-image":"","background-repeat":"repeat","background-position":"center center","background-size":"auto","background-attachment":"scroll","background-type":"","background-media":"","overlay-type":"","overlay-color":"","overlay-opacity":"","overlay-gradient":""}},"ast-content-background-meta":{"desktop":{"background-color":"var(--ast-global-color-4)","background-image":"","background-repeat":"repeat","background-position":"center center","background-size":"auto","background-attachment":"scroll","background-type":"","background-media":"","overlay-type":"","overlay-color":"","overlay-opacity":"","overlay-gradient":""},"tablet":{"background-color":"var(--ast-global-color-4)","background-image":"","background-repeat":"repeat","background-position":"center center","background-size":"auto","background-attachment":"scroll","background-type":"","background-media":"","overlay-type":"","overlay-color":"","overlay-opacity":"","overlay-gradient":""},"mobile":{"background-color":"var(--ast-global-color-4)","background-image":"","background-repeat":"repeat","background-position":"center center","background-size":"auto","background-attachment":"scroll","background-type":"","background-media":"","overlay-type":"","overlay-color":"","overlay-opacity":"","overlay-gradient":""}},"footnotes":""},"categories":[23,1],"tags":[],"class_list":["post-12441","post","type-post","status-publish","format-standard","has-post-thumbnail","hentry","category-internacionales","category-noticias"],"yoast_head":"<!-- This site is optimized with the Yoast SEO Premium plugin v23.0 (Yoast SEO v27.4) - https:\/\/yoast.com\/product\/yoast-seo-premium-wordpress\/ -->\n<title>Autoridades ambientales del pa\u00eds adhirieron a la enc\u00edclica del Papa Francisco<\/title>\n<meta name=\"robots\" content=\"index, follow, max-snippet:-1, max-image-preview:large, max-video-preview:-1\" \/>\n<link rel=\"canonical\" href=\"https:\/\/patagoniambiental.com.ar\/info\/autoridades-ambientales-del-pais-adhirieron-a-la-enciclica-del-papa-francisco\/\" \/>\n<meta property=\"og:locale\" content=\"es_ES\" \/>\n<meta property=\"og:type\" content=\"article\" \/>\n<meta property=\"og:title\" content=\"Autoridades ambientales del pa\u00eds adhirieron a la enc\u00edclica del Papa Francisco\" \/>\n<meta property=\"og:description\" content=\"Buenos Aires.-Las autoridades ambientales de las distintas provincias de la Argentina, y de la Secretar\u00eda de Ambiente de la Naci\u00f3n, [&hellip;]\" \/>\n<meta property=\"og:url\" content=\"https:\/\/patagoniambiental.com.ar\/info\/autoridades-ambientales-del-pais-adhirieron-a-la-enciclica-del-papa-francisco\/\" \/>\n<meta property=\"og:site_name\" content=\"Patagonia Ambiental\" \/>\n<meta property=\"article:publisher\" content=\"https:\/\/www.facebook.com\/patagonia.ambiental\" \/>\n<meta property=\"article:author\" content=\"https:\/\/www.facebook.com\/share\/1C1V8Gv9BX\/?mibextid=qi2Omg\" \/>\n<meta property=\"article:published_time\" content=\"2015-06-25T12:00:38+00:00\" \/>\n<meta name=\"author\" content=\"Patagonia Ambiental\" \/>\n<meta name=\"twitter:card\" content=\"summary_large_image\" \/>\n<meta name=\"twitter:creator\" content=\"@PatAmb\" \/>\n<meta name=\"twitter:site\" content=\"@PatAmb\" \/>\n<script type=\"application\/ld+json\" class=\"yoast-schema-graph\">{\"@context\":\"https:\\\/\\\/schema.org\",\"@graph\":[{\"@type\":\"Article\",\"@id\":\"https:\\\/\\\/patagoniambiental.com.ar\\\/info\\\/autoridades-ambientales-del-pais-adhirieron-a-la-enciclica-del-papa-francisco\\\/#article\",\"isPartOf\":{\"@id\":\"https:\\\/\\\/patagoniambiental.com.ar\\\/info\\\/autoridades-ambientales-del-pais-adhirieron-a-la-enciclica-del-papa-francisco\\\/\"},\"author\":{\"name\":\"Patagonia Ambiental\",\"@id\":\"https:\\\/\\\/patagoniambiental.com.ar\\\/info\\\/#\\\/schema\\\/person\\\/db12bff64bbcbf6a253710bf0ea37b5d\"},\"headline\":\"Autoridades ambientales del pa\u00eds adhirieron a la enc\u00edclica del Papa Francisco\",\"datePublished\":\"2015-06-25T12:00:38+00:00\",\"mainEntityOfPage\":{\"@id\":\"https:\\\/\\\/patagoniambiental.com.ar\\\/info\\\/autoridades-ambientales-del-pais-adhirieron-a-la-enciclica-del-papa-francisco\\\/\"},\"wordCount\":361,\"publisher\":{\"@id\":\"https:\\\/\\\/patagoniambiental.com.ar\\\/info\\\/#organization\"},\"image\":{\"@id\":\"https:\\\/\\\/patagoniambiental.com.ar\\\/info\\\/autoridades-ambientales-del-pais-adhirieron-a-la-enciclica-del-papa-francisco\\\/#primaryimage\"},\"thumbnailUrl\":\"\",\"articleSection\":[\"Internacionales\",\"Noticias\"],\"inLanguage\":\"es\"},{\"@type\":\"WebPage\",\"@id\":\"https:\\\/\\\/patagoniambiental.com.ar\\\/info\\\/autoridades-ambientales-del-pais-adhirieron-a-la-enciclica-del-papa-francisco\\\/\",\"url\":\"https:\\\/\\\/patagoniambiental.com.ar\\\/info\\\/autoridades-ambientales-del-pais-adhirieron-a-la-enciclica-del-papa-francisco\\\/\",\"name\":\"Autoridades ambientales del pa\u00eds adhirieron a la enc\u00edclica del Papa Francisco\",\"isPartOf\":{\"@id\":\"https:\\\/\\\/patagoniambiental.com.ar\\\/info\\\/#website\"},\"primaryImageOfPage\":{\"@id\":\"https:\\\/\\\/patagoniambiental.com.ar\\\/info\\\/autoridades-ambientales-del-pais-adhirieron-a-la-enciclica-del-papa-francisco\\\/#primaryimage\"},\"image\":{\"@id\":\"https:\\\/\\\/patagoniambiental.com.ar\\\/info\\\/autoridades-ambientales-del-pais-adhirieron-a-la-enciclica-del-papa-francisco\\\/#primaryimage\"},\"thumbnailUrl\":\"\",\"datePublished\":\"2015-06-25T12:00:38+00:00\",\"breadcrumb\":{\"@id\":\"https:\\\/\\\/patagoniambiental.com.ar\\\/info\\\/autoridades-ambientales-del-pais-adhirieron-a-la-enciclica-del-papa-francisco\\\/#breadcrumb\"},\"inLanguage\":\"es\",\"potentialAction\":[{\"@type\":\"ReadAction\",\"target\":[\"https:\\\/\\\/patagoniambiental.com.ar\\\/info\\\/autoridades-ambientales-del-pais-adhirieron-a-la-enciclica-del-papa-francisco\\\/\"]}]},{\"@type\":\"ImageObject\",\"inLanguage\":\"es\",\"@id\":\"https:\\\/\\\/patagoniambiental.com.ar\\\/info\\\/autoridades-ambientales-del-pais-adhirieron-a-la-enciclica-del-papa-francisco\\\/#primaryimage\",\"url\":\"\",\"contentUrl\":\"\"},{\"@type\":\"BreadcrumbList\",\"@id\":\"https:\\\/\\\/patagoniambiental.com.ar\\\/info\\\/autoridades-ambientales-del-pais-adhirieron-a-la-enciclica-del-papa-francisco\\\/#breadcrumb\",\"itemListElement\":[{\"@type\":\"ListItem\",\"position\":1,\"name\":\"Inicio\",\"item\":\"https:\\\/\\\/patagoniambiental.com.ar\\\/info\\\/\"},{\"@type\":\"ListItem\",\"position\":2,\"name\":\"Autoridades ambientales del pa\u00eds adhirieron a la enc\u00edclica del Papa Francisco\"}]},{\"@type\":\"WebSite\",\"@id\":\"https:\\\/\\\/patagoniambiental.com.ar\\\/info\\\/#website\",\"url\":\"https:\\\/\\\/patagoniambiental.com.ar\\\/info\\\/\",\"name\":\"Patagonia Ambiental\",\"description\":\"Monitoreo y an\u00e1lisis de la situaci\u00f3n geopol\u00edtica en el mundo y su implicancia en la Patagonia\",\"publisher\":{\"@id\":\"https:\\\/\\\/patagoniambiental.com.ar\\\/info\\\/#organization\"},\"potentialAction\":[{\"@type\":\"SearchAction\",\"target\":{\"@type\":\"EntryPoint\",\"urlTemplate\":\"https:\\\/\\\/patagoniambiental.com.ar\\\/info\\\/?s={search_term_string}\"},\"query-input\":{\"@type\":\"PropertyValueSpecification\",\"valueRequired\":true,\"valueName\":\"search_term_string\"}}],\"inLanguage\":\"es\"},{\"@type\":\"Organization\",\"@id\":\"https:\\\/\\\/patagoniambiental.com.ar\\\/info\\\/#organization\",\"name\":\"Patagonia Ambiental\",\"url\":\"https:\\\/\\\/patagoniambiental.com.ar\\\/info\\\/\",\"logo\":{\"@type\":\"ImageObject\",\"inLanguage\":\"es\",\"@id\":\"https:\\\/\\\/patagoniambiental.com.ar\\\/info\\\/#\\\/schema\\\/logo\\\/image\\\/\",\"url\":\"https:\\\/\\\/patagoniambiental.com.ar\\\/info\\\/wp-content\\\/uploads\\\/2025\\\/05\\\/LOGO-PATAGONIA-AMBIENTAL.png\",\"contentUrl\":\"https:\\\/\\\/patagoniambiental.com.ar\\\/info\\\/wp-content\\\/uploads\\\/2025\\\/05\\\/LOGO-PATAGONIA-AMBIENTAL.png\",\"width\":433,\"height\":250,\"caption\":\"Patagonia Ambiental\"},\"image\":{\"@id\":\"https:\\\/\\\/patagoniambiental.com.ar\\\/info\\\/#\\\/schema\\\/logo\\\/image\\\/\"},\"sameAs\":[\"https:\\\/\\\/www.facebook.com\\\/patagonia.ambiental\",\"https:\\\/\\\/x.com\\\/PatAmb\"]},{\"@type\":\"Person\",\"@id\":\"https:\\\/\\\/patagoniambiental.com.ar\\\/info\\\/#\\\/schema\\\/person\\\/db12bff64bbcbf6a253710bf0ea37b5d\",\"name\":\"Patagonia Ambiental\",\"description\":\"Andr\u00e9s Nievas T\u00e9cnico en manejo ambiental, consultor Ambiental y escritor para medios locales e internacionales sobre temas de geopolitica y medio ambiente.\",\"sameAs\":[\"http:\\\/\\\/www.patagoniambiental.com.ar\",\"https:\\\/\\\/www.facebook.com\\\/share\\\/1C1V8Gv9BX\\\/?mibextid=qi2Omg\",\"@patagoniambiental\",\"https:\\\/\\\/youtube.com\\\/@patagoniaambiental2023?si=BLt58t0wuXquxlYZ\"]}]}<\/script>\n<!-- \/ Yoast SEO Premium plugin. -->","yoast_head_json":{"title":"Autoridades ambientales del pa\u00eds adhirieron a la enc\u00edclica del Papa Francisco","robots":{"index":"index","follow":"follow","max-snippet":"max-snippet:-1","max-image-preview":"max-image-preview:large","max-video-preview":"max-video-preview:-1"},"canonical":"https:\/\/patagoniambiental.com.ar\/info\/autoridades-ambientales-del-pais-adhirieron-a-la-enciclica-del-papa-francisco\/","og_locale":"es_ES","og_type":"article","og_title":"Autoridades ambientales del pa\u00eds adhirieron a la enc\u00edclica del Papa Francisco","og_description":"Buenos Aires.-Las autoridades ambientales de las distintas provincias de la Argentina, y de la Secretar\u00eda de Ambiente de la Naci\u00f3n, [&hellip;]","og_url":"https:\/\/patagoniambiental.com.ar\/info\/autoridades-ambientales-del-pais-adhirieron-a-la-enciclica-del-papa-francisco\/","og_site_name":"Patagonia Ambiental","article_publisher":"https:\/\/www.facebook.com\/patagonia.ambiental","article_author":"https:\/\/www.facebook.com\/share\/1C1V8Gv9BX\/?mibextid=qi2Omg","article_published_time":"2015-06-25T12:00:38+00:00","author":"Patagonia Ambiental","twitter_card":"summary_large_image","twitter_creator":"@PatAmb","twitter_site":"@PatAmb","schema":{"@context":"https:\/\/schema.org","@graph":[{"@type":"Article","@id":"https:\/\/patagoniambiental.com.ar\/info\/autoridades-ambientales-del-pais-adhirieron-a-la-enciclica-del-papa-francisco\/#article","isPartOf":{"@id":"https:\/\/patagoniambiental.com.ar\/info\/autoridades-ambientales-del-pais-adhirieron-a-la-enciclica-del-papa-francisco\/"},"author":{"name":"Patagonia Ambiental","@id":"https:\/\/patagoniambiental.com.ar\/info\/#\/schema\/person\/db12bff64bbcbf6a253710bf0ea37b5d"},"headline":"Autoridades ambientales del pa\u00eds adhirieron a la enc\u00edclica del Papa Francisco","datePublished":"2015-06-25T12:00:38+00:00","mainEntityOfPage":{"@id":"https:\/\/patagoniambiental.com.ar\/info\/autoridades-ambientales-del-pais-adhirieron-a-la-enciclica-del-papa-francisco\/"},"wordCount":361,"publisher":{"@id":"https:\/\/patagoniambiental.com.ar\/info\/#organization"},"image":{"@id":"https:\/\/patagoniambiental.com.ar\/info\/autoridades-ambientales-del-pais-adhirieron-a-la-enciclica-del-papa-francisco\/#primaryimage"},"thumbnailUrl":"","articleSection":["Internacionales","Noticias"],"inLanguage":"es"},{"@type":"WebPage","@id":"https:\/\/patagoniambiental.com.ar\/info\/autoridades-ambientales-del-pais-adhirieron-a-la-enciclica-del-papa-francisco\/","url":"https:\/\/patagoniambiental.com.ar\/info\/autoridades-ambientales-del-pais-adhirieron-a-la-enciclica-del-papa-francisco\/","name":"Autoridades ambientales del pa\u00eds adhirieron a la enc\u00edclica del Papa Francisco","isPartOf":{"@id":"https:\/\/patagoniambiental.com.ar\/info\/#website"},"primaryImageOfPage":{"@id":"https:\/\/patagoniambiental.com.ar\/info\/autoridades-ambientales-del-pais-adhirieron-a-la-enciclica-del-papa-francisco\/#primaryimage"},"image":{"@id":"https:\/\/patagoniambiental.com.ar\/info\/autoridades-ambientales-del-pais-adhirieron-a-la-enciclica-del-papa-francisco\/#primaryimage"},"thumbnailUrl":"","datePublished":"2015-06-25T12:00:38+00:00","breadcrumb":{"@id":"https:\/\/patagoniambiental.com.ar\/info\/autoridades-ambientales-del-pais-adhirieron-a-la-enciclica-del-papa-francisco\/#breadcrumb"},"inLanguage":"es","potentialAction":[{"@type":"ReadAction","target":["https:\/\/patagoniambiental.com.ar\/info\/autoridades-ambientales-del-pais-adhirieron-a-la-enciclica-del-papa-francisco\/"]}]},{"@type":"ImageObject","inLanguage":"es","@id":"https:\/\/patagoniambiental.com.ar\/info\/autoridades-ambientales-del-pais-adhirieron-a-la-enciclica-del-papa-francisco\/#primaryimage","url":"","contentUrl":""},{"@type":"BreadcrumbList","@id":"https:\/\/patagoniambiental.com.ar\/info\/autoridades-ambientales-del-pais-adhirieron-a-la-enciclica-del-papa-francisco\/#breadcrumb","itemListElement":[{"@type":"ListItem","position":1,"name":"Inicio","item":"https:\/\/patagoniambiental.com.ar\/info\/"},{"@type":"ListItem","position":2,"name":"Autoridades ambientales del pa\u00eds adhirieron a la enc\u00edclica del Papa Francisco"}]},{"@type":"WebSite","@id":"https:\/\/patagoniambiental.com.ar\/info\/#website","url":"https:\/\/patagoniambiental.com.ar\/info\/","name":"Patagonia Ambiental","description":"Monitoreo y an\u00e1lisis de la situaci\u00f3n geopol\u00edtica en el mundo y su implicancia en la Patagonia","publisher":{"@id":"https:\/\/patagoniambiental.com.ar\/info\/#organization"},"potentialAction":[{"@type":"SearchAction","target":{"@type":"EntryPoint","urlTemplate":"https:\/\/patagoniambiental.com.ar\/info\/?s={search_term_string}"},"query-input":{"@type":"PropertyValueSpecification","valueRequired":true,"valueName":"search_term_string"}}],"inLanguage":"es"},{"@type":"Organization","@id":"https:\/\/patagoniambiental.com.ar\/info\/#organization","name":"Patagonia Ambiental","url":"https:\/\/patagoniambiental.com.ar\/info\/","logo":{"@type":"ImageObject","inLanguage":"es","@id":"https:\/\/patagoniambiental.com.ar\/info\/#\/schema\/logo\/image\/","url":"https:\/\/patagoniambiental.com.ar\/info\/wp-content\/uploads\/2025\/05\/LOGO-PATAGONIA-AMBIENTAL.png","contentUrl":"https:\/\/patagoniambiental.com.ar\/info\/wp-content\/uploads\/2025\/05\/LOGO-PATAGONIA-AMBIENTAL.png","width":433,"height":250,"caption":"Patagonia Ambiental"},"image":{"@id":"https:\/\/patagoniambiental.com.ar\/info\/#\/schema\/logo\/image\/"},"sameAs":["https:\/\/www.facebook.com\/patagonia.ambiental","https:\/\/x.com\/PatAmb"]},{"@type":"Person","@id":"https:\/\/patagoniambiental.com.ar\/info\/#\/schema\/person\/db12bff64bbcbf6a253710bf0ea37b5d","name":"Patagonia Ambiental","description":"Andr\u00e9s Nievas T\u00e9cnico en manejo ambiental, consultor Ambiental y escritor para medios locales e internacionales sobre temas de geopolitica y medio ambiente.","sameAs":["http:\/\/www.patagoniambiental.com.ar","https:\/\/www.facebook.com\/share\/1C1V8Gv9BX\/?mibextid=qi2Omg","@patagoniambiental","https:\/\/youtube.com\/@patagoniaambiental2023?si=BLt58t0wuXquxlYZ"]}]}},"_links":{"self":[{"href":"https:\/\/patagoniambiental.com.ar\/info\/wp-json\/wp\/v2\/posts\/12441","targetHints":{"allow":["GET"]}}],"collection":[{"href":"https:\/\/patagoniambiental.com.ar\/info\/wp-json\/wp\/v2\/posts"}],"about":[{"href":"https:\/\/patagoniambiental.com.ar\/info\/wp-json\/wp\/v2\/types\/post"}],"author":[{"embeddable":true,"href":"https:\/\/patagoniambiental.com.ar\/info\/wp-json\/wp\/v2\/users\/2"}],"replies":[{"embeddable":true,"href":"https:\/\/patagoniambiental.com.ar\/info\/wp-json\/wp\/v2\/comments?post=12441"}],"version-history":[{"count":0,"href":"https:\/\/patagoniambiental.com.ar\/info\/wp-json\/wp\/v2\/posts\/12441\/revisions"}],"wp:featuredmedia":[{"embeddable":true,"href":"https:\/\/patagoniambiental.com.ar\/info\/wp-json\/"}],"wp:attachment":[{"href":"https:\/\/patagoniambiental.com.ar\/info\/wp-json\/wp\/v2\/media?parent=12441"}],"wp:term":[{"taxonomy":"category","embeddable":true,"href":"https:\/\/patagoniambiental.com.ar\/info\/wp-json\/wp\/v2\/categories?post=12441"},{"taxonomy":"post_tag","embeddable":true,"href":"https:\/\/patagoniambiental.com.ar\/info\/wp-json\/wp\/v2\/tags?post=12441"}],"curies":[{"name":"wp","href":"https:\/\/api.w.org\/{rel}","templated":true}]}}