{"id":12443,"date":"2015-06-25T09:00:30","date_gmt":"2015-06-25T12:00:30","guid":{"rendered":"http:\/\/patagoniambiental.com.ar\/?p=12443"},"modified":"2015-06-25T09:00:30","modified_gmt":"2015-06-25T12:00:30","slug":"vaticano-ya-esta-publicada-ahora-hay-que-trabajar-afirmo-francisco-sobre-su-enciclica-medioambiental","status":"publish","type":"post","link":"https:\/\/patagoniambiental.com.ar\/info\/vaticano-ya-esta-publicada-ahora-hay-que-trabajar-afirmo-francisco-sobre-su-enciclica-medioambiental\/","title":{"rendered":"Vaticano: \u00abYa est\u00e1 publicada, ahora hay que trabajar\u00bb, afirm\u00f3 Francisco sobre su enc\u00edclica medioambiental"},"content":{"rendered":"<p>Vaticano.-El Papa convoc\u00f3 hoy a \u00abtrabajar\u00bb tras la publicaci\u00f3n de su enc\u00edclica \u00abLaudato S\u00ed\u00bb en la que conden\u00f3 el calentamiento global y llam\u00f3 a \u00abtomar conciencia\u00bb sobre el medioambiente, la falta de vivienda y el acceso limitado al agua potable.<!--more--><br \/>\n\u00abYa est\u00e1 publicada. Ahora hay que trabajar\u00bb, le dijo Francisco a T\u00e9lam sobre su primera enc\u00edclica tras la audiencia p\u00fablica de hoy en la que estuvo presente el presidente de la Fundaci\u00f3n Desarrollo Argentino (DAR) Jos\u00e9 \u00abPepe\u00bb Scioli.<\/p>\n<p>\u00abSaludos y bendiciones a toda tu familia y a todos los argentinos\u00bb, le envi\u00f3 Francisco al hermano del precandidato a presidente por el Frente para la Victoria, Daniel Scioli, que estuvo acompa\u00f1ado por Luisa S\u00e1nchez Sorondo, descendiente de la \u00abvenerable\u00bb Mar\u00eda Antonia de Paz y Figueroa, fundadora de la Santa Casa de Ejercicios y que podr\u00eda convertirse en la primera beata laica argentina de prosperar su caso en la Junta M\u00e9dica Vaticana que se reunir\u00e1 ma\u00f1ana.<\/p>\n<p>Durante la audiencia general, el Santo Padre reconoci\u00f3 que \u00abno le gusta\u00bb el t\u00e9rmino \u00abfamilia irregular\u00bb para designar a los separados y se pregunt\u00f3 \u00abc\u00f3mo acompa\u00f1arlos para que los ni\u00f1os no se conviertan en rehenes del padre o de la madre\u00bb.<\/p>\n<p>A 24 horas de que el Vaticano presentara el documento que guiar\u00e1 el trabajo del pr\u00f3ximo S\u00ednodo de Obispos que versar\u00e1 sobre \u00abla vocaci\u00f3n y la misi\u00f3n de la familia en la Iglesia y en el mundo contempor\u00e1neo\u201d, el papa volvi\u00f3 a referirse al tema de la familia y sus \u00abheridas\u00bb.<\/p>\n<p>\u00abEn la familia todo est\u00e1 entrelazado. Los esposos son `una sola carne&#8217;, de tal manera que todas las heridas y abandonos afectan a la carne viva que son sus hijos. As\u00ed se entienden las palabras de Jes\u00fas sobre la grave responsabilidad de custodiar el v\u00ednculo conyugal, que da origen a la familia\u00bb, plante\u00f3 tambi\u00e9n Francisco en la \u00faltima audiencia general antes del receso previsto hasta el pr\u00f3ximo 5 de agosto.<\/p>\n<p>\u00abEn algunos casos, la separaci\u00f3n es inevitable, precisamente para proteger al c\u00f3nyuge m\u00e1s d\u00e9bil o a los hijos peque\u00f1os. Pero no faltan los casos en que los esposos, por la fe y el amor a los hijos, siguen dando testimonio de su fidelidad al v\u00ednculo en el que han cre\u00eddo\u00bb, complet\u00f3.<\/p>\n<p>Las palabras de Francisco tienen lugar al d\u00eda siguiente de la presentaci\u00f3n del \u00abInstrumentum Laboris\u00bb que ser\u00e1 la base del trabajo del pr\u00f3ximo S\u00ednodo de octubre y en el que el Vaticano reconocer\u00e1 la existencia de un \u00abcom\u00fan acuerdo\u00bb entre los cat\u00f3licos para que los divorciados vueltos a casar recorran un \u00abcamino penitencial\u00bb para poder acceder al sacramento de la Eucarist\u00eda.<\/p>\n<p>El encuentro ante los fieles en la plaza San Pedro tuvo el \u00abentusiasmo total de los argentinos y de todos los presentes\u00bb, seg\u00fan describi\u00f3 en di\u00e1logo con esta agencia el oficial de protocolo del Vaticano, Guillermo Karcher.<\/p>\n<p>\u00abA Francisco le hace mucho bien el encuentro con los argentinos\u00bb, a\u00f1adi\u00f3 en referencia a los m\u00e1s de 200 compatriotas que lo saludan todos los mi\u00e9rcoles.<\/p>\n<p>Francisco tambi\u00e9n salud\u00f3 hoy al fil\u00f3sofo Ramiro Podetti, autor de una recopilaci\u00f3n sobre las \u00abVisiones uruguayas sobre Malvinas\u00bb publicada por el Foro Malvinas de Montevideo en apoyo a la soberan\u00eda argentina sobre los archipi\u00e9lagos nacionales.<\/p>\n<p>Fuente: TELAM<\/p>\n<p>&nbsp;<\/p>\n<p>&nbsp;<\/p>\n","protected":false},"excerpt":{"rendered":"<p>Vaticano.-El Papa convoc\u00f3 hoy a \u00abtrabajar\u00bb tras la publicaci\u00f3n de su enc\u00edclica \u00abLaudato S\u00ed\u00bb en la que conden\u00f3 el calentamiento [&hellip;]<\/p>\n","protected":false},"author":2,"featured_media":602,"comment_status":"closed","ping_status":"closed","sticky":false,"template":"","format":"standard","meta":{"site-sidebar-layout":"default","site-content-layout":"","ast-site-content-layout":"default","site-content-style":"default","site-sidebar-style":"default","ast-global-header-display":"","ast-banner-title-visibility":"","ast-main-header-display":"","ast-hfb-above-header-display":"","ast-hfb-below-header-display":"","ast-hfb-mobile-header-display":"","site-post-title":"","ast-breadcrumbs-content":"","ast-featured-img":"","footer-sml-layout":"","ast-disable-related-posts":"","theme-transparent-header-meta":"","adv-header-id-meta":"","stick-header-meta":"","header-above-stick-meta":"","header-main-stick-meta":"","header-below-stick-meta":"","astra-migrate-meta-layouts":"default","ast-page-background-enabled":"default","ast-page-background-meta":{"desktop":{"background-color":"var(--ast-global-color-5)","background-image":"","background-repeat":"repeat","background-position":"center center","background-size":"auto","background-attachment":"scroll","background-type":"","background-media":"","overlay-type":"","overlay-color":"","overlay-opacity":"","overlay-gradient":""},"tablet":{"background-color":"","background-image":"","background-repeat":"repeat","background-position":"center center","background-size":"auto","background-attachment":"scroll","background-type":"","background-media":"","overlay-type":"","overlay-color":"","overlay-opacity":"","overlay-gradient":""},"mobile":{"background-color":"","background-image":"","background-repeat":"repeat","background-position":"center center","background-size":"auto","background-attachment":"scroll","background-type":"","background-media":"","overlay-type":"","overlay-color":"","overlay-opacity":"","overlay-gradient":""}},"ast-content-background-meta":{"desktop":{"background-color":"var(--ast-global-color-4)","background-image":"","background-repeat":"repeat","background-position":"center center","background-size":"auto","background-attachment":"scroll","background-type":"","background-media":"","overlay-type":"","overlay-color":"","overlay-opacity":"","overlay-gradient":""},"tablet":{"background-color":"var(--ast-global-color-4)","background-image":"","background-repeat":"repeat","background-position":"center center","background-size":"auto","background-attachment":"scroll","background-type":"","background-media":"","overlay-type":"","overlay-color":"","overlay-opacity":"","overlay-gradient":""},"mobile":{"background-color":"var(--ast-global-color-4)","background-image":"","background-repeat":"repeat","background-position":"center center","background-size":"auto","background-attachment":"scroll","background-type":"","background-media":"","overlay-type":"","overlay-color":"","overlay-opacity":"","overlay-gradient":""}},"footnotes":""},"categories":[23,1],"tags":[],"class_list":["post-12443","post","type-post","status-publish","format-standard","has-post-thumbnail","hentry","category-internacionales","category-noticias"],"yoast_head":"<!-- This site is optimized with the Yoast SEO Premium plugin v23.0 (Yoast SEO v27.4) - https:\/\/yoast.com\/product\/yoast-seo-premium-wordpress\/ -->\n<title>Vaticano: &quot;Ya est\u00e1 publicada, ahora hay que trabajar&quot;, afirm\u00f3 Francisco sobre su enc\u00edclica medioambiental<\/title>\n<meta name=\"robots\" content=\"index, follow, max-snippet:-1, max-image-preview:large, max-video-preview:-1\" \/>\n<link rel=\"canonical\" href=\"https:\/\/patagoniambiental.com.ar\/info\/vaticano-ya-esta-publicada-ahora-hay-que-trabajar-afirmo-francisco-sobre-su-enciclica-medioambiental\/\" \/>\n<meta property=\"og:locale\" content=\"es_ES\" \/>\n<meta property=\"og:type\" content=\"article\" \/>\n<meta property=\"og:title\" content=\"Vaticano: &quot;Ya est\u00e1 publicada, ahora hay que trabajar&quot;, afirm\u00f3 Francisco sobre su enc\u00edclica medioambiental\" \/>\n<meta property=\"og:description\" content=\"Vaticano.-El Papa convoc\u00f3 hoy a \u00abtrabajar\u00bb tras la publicaci\u00f3n de su enc\u00edclica \u00abLaudato S\u00ed\u00bb en la que conden\u00f3 el calentamiento [&hellip;]\" \/>\n<meta property=\"og:url\" content=\"https:\/\/patagoniambiental.com.ar\/info\/vaticano-ya-esta-publicada-ahora-hay-que-trabajar-afirmo-francisco-sobre-su-enciclica-medioambiental\/\" \/>\n<meta property=\"og:site_name\" content=\"Patagonia Ambiental\" \/>\n<meta property=\"article:publisher\" content=\"https:\/\/www.facebook.com\/patagonia.ambiental\" \/>\n<meta property=\"article:author\" content=\"https:\/\/www.facebook.com\/share\/1C1V8Gv9BX\/?mibextid=qi2Omg\" \/>\n<meta property=\"article:published_time\" content=\"2015-06-25T12:00:30+00:00\" \/>\n<meta name=\"author\" content=\"Patagonia Ambiental\" \/>\n<meta name=\"twitter:card\" content=\"summary_large_image\" \/>\n<meta name=\"twitter:creator\" content=\"@PatAmb\" \/>\n<meta name=\"twitter:site\" content=\"@PatAmb\" \/>\n<script type=\"application\/ld+json\" class=\"yoast-schema-graph\">{\"@context\":\"https:\\\/\\\/schema.org\",\"@graph\":[{\"@type\":\"Article\",\"@id\":\"https:\\\/\\\/patagoniambiental.com.ar\\\/info\\\/vaticano-ya-esta-publicada-ahora-hay-que-trabajar-afirmo-francisco-sobre-su-enciclica-medioambiental\\\/#article\",\"isPartOf\":{\"@id\":\"https:\\\/\\\/patagoniambiental.com.ar\\\/info\\\/vaticano-ya-esta-publicada-ahora-hay-que-trabajar-afirmo-francisco-sobre-su-enciclica-medioambiental\\\/\"},\"author\":{\"name\":\"Patagonia Ambiental\",\"@id\":\"https:\\\/\\\/patagoniambiental.com.ar\\\/info\\\/#\\\/schema\\\/person\\\/db12bff64bbcbf6a253710bf0ea37b5d\"},\"headline\":\"Vaticano: \u00abYa est\u00e1 publicada, ahora hay que trabajar\u00bb, afirm\u00f3 Francisco sobre su enc\u00edclica medioambiental\",\"datePublished\":\"2015-06-25T12:00:30+00:00\",\"mainEntityOfPage\":{\"@id\":\"https:\\\/\\\/patagoniambiental.com.ar\\\/info\\\/vaticano-ya-esta-publicada-ahora-hay-que-trabajar-afirmo-francisco-sobre-su-enciclica-medioambiental\\\/\"},\"wordCount\":592,\"publisher\":{\"@id\":\"https:\\\/\\\/patagoniambiental.com.ar\\\/info\\\/#organization\"},\"image\":{\"@id\":\"https:\\\/\\\/patagoniambiental.com.ar\\\/info\\\/vaticano-ya-esta-publicada-ahora-hay-que-trabajar-afirmo-francisco-sobre-su-enciclica-medioambiental\\\/#primaryimage\"},\"thumbnailUrl\":\"\",\"articleSection\":[\"Internacionales\",\"Noticias\"],\"inLanguage\":\"es\"},{\"@type\":\"WebPage\",\"@id\":\"https:\\\/\\\/patagoniambiental.com.ar\\\/info\\\/vaticano-ya-esta-publicada-ahora-hay-que-trabajar-afirmo-francisco-sobre-su-enciclica-medioambiental\\\/\",\"url\":\"https:\\\/\\\/patagoniambiental.com.ar\\\/info\\\/vaticano-ya-esta-publicada-ahora-hay-que-trabajar-afirmo-francisco-sobre-su-enciclica-medioambiental\\\/\",\"name\":\"Vaticano: \\\"Ya est\u00e1 publicada, ahora hay que trabajar\\\", afirm\u00f3 Francisco sobre su enc\u00edclica medioambiental\",\"isPartOf\":{\"@id\":\"https:\\\/\\\/patagoniambiental.com.ar\\\/info\\\/#website\"},\"primaryImageOfPage\":{\"@id\":\"https:\\\/\\\/patagoniambiental.com.ar\\\/info\\\/vaticano-ya-esta-publicada-ahora-hay-que-trabajar-afirmo-francisco-sobre-su-enciclica-medioambiental\\\/#primaryimage\"},\"image\":{\"@id\":\"https:\\\/\\\/patagoniambiental.com.ar\\\/info\\\/vaticano-ya-esta-publicada-ahora-hay-que-trabajar-afirmo-francisco-sobre-su-enciclica-medioambiental\\\/#primaryimage\"},\"thumbnailUrl\":\"\",\"datePublished\":\"2015-06-25T12:00:30+00:00\",\"breadcrumb\":{\"@id\":\"https:\\\/\\\/patagoniambiental.com.ar\\\/info\\\/vaticano-ya-esta-publicada-ahora-hay-que-trabajar-afirmo-francisco-sobre-su-enciclica-medioambiental\\\/#breadcrumb\"},\"inLanguage\":\"es\",\"potentialAction\":[{\"@type\":\"ReadAction\",\"target\":[\"https:\\\/\\\/patagoniambiental.com.ar\\\/info\\\/vaticano-ya-esta-publicada-ahora-hay-que-trabajar-afirmo-francisco-sobre-su-enciclica-medioambiental\\\/\"]}]},{\"@type\":\"ImageObject\",\"inLanguage\":\"es\",\"@id\":\"https:\\\/\\\/patagoniambiental.com.ar\\\/info\\\/vaticano-ya-esta-publicada-ahora-hay-que-trabajar-afirmo-francisco-sobre-su-enciclica-medioambiental\\\/#primaryimage\",\"url\":\"\",\"contentUrl\":\"\"},{\"@type\":\"BreadcrumbList\",\"@id\":\"https:\\\/\\\/patagoniambiental.com.ar\\\/info\\\/vaticano-ya-esta-publicada-ahora-hay-que-trabajar-afirmo-francisco-sobre-su-enciclica-medioambiental\\\/#breadcrumb\",\"itemListElement\":[{\"@type\":\"ListItem\",\"position\":1,\"name\":\"Inicio\",\"item\":\"https:\\\/\\\/patagoniambiental.com.ar\\\/info\\\/\"},{\"@type\":\"ListItem\",\"position\":2,\"name\":\"Vaticano: \u00abYa est\u00e1 publicada, ahora hay que trabajar\u00bb, afirm\u00f3 Francisco sobre su enc\u00edclica medioambiental\"}]},{\"@type\":\"WebSite\",\"@id\":\"https:\\\/\\\/patagoniambiental.com.ar\\\/info\\\/#website\",\"url\":\"https:\\\/\\\/patagoniambiental.com.ar\\\/info\\\/\",\"name\":\"Patagonia Ambiental\",\"description\":\"Monitoreo y an\u00e1lisis de la situaci\u00f3n geopol\u00edtica en el mundo y su implicancia en la Patagonia\",\"publisher\":{\"@id\":\"https:\\\/\\\/patagoniambiental.com.ar\\\/info\\\/#organization\"},\"potentialAction\":[{\"@type\":\"SearchAction\",\"target\":{\"@type\":\"EntryPoint\",\"urlTemplate\":\"https:\\\/\\\/patagoniambiental.com.ar\\\/info\\\/?s={search_term_string}\"},\"query-input\":{\"@type\":\"PropertyValueSpecification\",\"valueRequired\":true,\"valueName\":\"search_term_string\"}}],\"inLanguage\":\"es\"},{\"@type\":\"Organization\",\"@id\":\"https:\\\/\\\/patagoniambiental.com.ar\\\/info\\\/#organization\",\"name\":\"Patagonia Ambiental\",\"url\":\"https:\\\/\\\/patagoniambiental.com.ar\\\/info\\\/\",\"logo\":{\"@type\":\"ImageObject\",\"inLanguage\":\"es\",\"@id\":\"https:\\\/\\\/patagoniambiental.com.ar\\\/info\\\/#\\\/schema\\\/logo\\\/image\\\/\",\"url\":\"https:\\\/\\\/patagoniambiental.com.ar\\\/info\\\/wp-content\\\/uploads\\\/2025\\\/05\\\/LOGO-PATAGONIA-AMBIENTAL.png\",\"contentUrl\":\"https:\\\/\\\/patagoniambiental.com.ar\\\/info\\\/wp-content\\\/uploads\\\/2025\\\/05\\\/LOGO-PATAGONIA-AMBIENTAL.png\",\"width\":433,\"height\":250,\"caption\":\"Patagonia Ambiental\"},\"image\":{\"@id\":\"https:\\\/\\\/patagoniambiental.com.ar\\\/info\\\/#\\\/schema\\\/logo\\\/image\\\/\"},\"sameAs\":[\"https:\\\/\\\/www.facebook.com\\\/patagonia.ambiental\",\"https:\\\/\\\/x.com\\\/PatAmb\"]},{\"@type\":\"Person\",\"@id\":\"https:\\\/\\\/patagoniambiental.com.ar\\\/info\\\/#\\\/schema\\\/person\\\/db12bff64bbcbf6a253710bf0ea37b5d\",\"name\":\"Patagonia Ambiental\",\"description\":\"Andr\u00e9s Nievas T\u00e9cnico en manejo ambiental, consultor Ambiental y escritor para medios locales e internacionales sobre temas de geopolitica y medio ambiente.\",\"sameAs\":[\"http:\\\/\\\/www.patagoniambiental.com.ar\",\"https:\\\/\\\/www.facebook.com\\\/share\\\/1C1V8Gv9BX\\\/?mibextid=qi2Omg\",\"@patagoniambiental\",\"https:\\\/\\\/youtube.com\\\/@patagoniaambiental2023?si=BLt58t0wuXquxlYZ\"]}]}<\/script>\n<!-- \/ Yoast SEO Premium plugin. -->","yoast_head_json":{"title":"Vaticano: \"Ya est\u00e1 publicada, ahora hay que trabajar\", afirm\u00f3 Francisco sobre su enc\u00edclica medioambiental","robots":{"index":"index","follow":"follow","max-snippet":"max-snippet:-1","max-image-preview":"max-image-preview:large","max-video-preview":"max-video-preview:-1"},"canonical":"https:\/\/patagoniambiental.com.ar\/info\/vaticano-ya-esta-publicada-ahora-hay-que-trabajar-afirmo-francisco-sobre-su-enciclica-medioambiental\/","og_locale":"es_ES","og_type":"article","og_title":"Vaticano: \"Ya est\u00e1 publicada, ahora hay que trabajar\", afirm\u00f3 Francisco sobre su enc\u00edclica medioambiental","og_description":"Vaticano.-El Papa convoc\u00f3 hoy a \u00abtrabajar\u00bb tras la publicaci\u00f3n de su enc\u00edclica \u00abLaudato S\u00ed\u00bb en la que conden\u00f3 el calentamiento [&hellip;]","og_url":"https:\/\/patagoniambiental.com.ar\/info\/vaticano-ya-esta-publicada-ahora-hay-que-trabajar-afirmo-francisco-sobre-su-enciclica-medioambiental\/","og_site_name":"Patagonia Ambiental","article_publisher":"https:\/\/www.facebook.com\/patagonia.ambiental","article_author":"https:\/\/www.facebook.com\/share\/1C1V8Gv9BX\/?mibextid=qi2Omg","article_published_time":"2015-06-25T12:00:30+00:00","author":"Patagonia Ambiental","twitter_card":"summary_large_image","twitter_creator":"@PatAmb","twitter_site":"@PatAmb","schema":{"@context":"https:\/\/schema.org","@graph":[{"@type":"Article","@id":"https:\/\/patagoniambiental.com.ar\/info\/vaticano-ya-esta-publicada-ahora-hay-que-trabajar-afirmo-francisco-sobre-su-enciclica-medioambiental\/#article","isPartOf":{"@id":"https:\/\/patagoniambiental.com.ar\/info\/vaticano-ya-esta-publicada-ahora-hay-que-trabajar-afirmo-francisco-sobre-su-enciclica-medioambiental\/"},"author":{"name":"Patagonia Ambiental","@id":"https:\/\/patagoniambiental.com.ar\/info\/#\/schema\/person\/db12bff64bbcbf6a253710bf0ea37b5d"},"headline":"Vaticano: \u00abYa est\u00e1 publicada, ahora hay que trabajar\u00bb, afirm\u00f3 Francisco sobre su enc\u00edclica medioambiental","datePublished":"2015-06-25T12:00:30+00:00","mainEntityOfPage":{"@id":"https:\/\/patagoniambiental.com.ar\/info\/vaticano-ya-esta-publicada-ahora-hay-que-trabajar-afirmo-francisco-sobre-su-enciclica-medioambiental\/"},"wordCount":592,"publisher":{"@id":"https:\/\/patagoniambiental.com.ar\/info\/#organization"},"image":{"@id":"https:\/\/patagoniambiental.com.ar\/info\/vaticano-ya-esta-publicada-ahora-hay-que-trabajar-afirmo-francisco-sobre-su-enciclica-medioambiental\/#primaryimage"},"thumbnailUrl":"","articleSection":["Internacionales","Noticias"],"inLanguage":"es"},{"@type":"WebPage","@id":"https:\/\/patagoniambiental.com.ar\/info\/vaticano-ya-esta-publicada-ahora-hay-que-trabajar-afirmo-francisco-sobre-su-enciclica-medioambiental\/","url":"https:\/\/patagoniambiental.com.ar\/info\/vaticano-ya-esta-publicada-ahora-hay-que-trabajar-afirmo-francisco-sobre-su-enciclica-medioambiental\/","name":"Vaticano: \"Ya est\u00e1 publicada, ahora hay que trabajar\", afirm\u00f3 Francisco sobre su enc\u00edclica medioambiental","isPartOf":{"@id":"https:\/\/patagoniambiental.com.ar\/info\/#website"},"primaryImageOfPage":{"@id":"https:\/\/patagoniambiental.com.ar\/info\/vaticano-ya-esta-publicada-ahora-hay-que-trabajar-afirmo-francisco-sobre-su-enciclica-medioambiental\/#primaryimage"},"image":{"@id":"https:\/\/patagoniambiental.com.ar\/info\/vaticano-ya-esta-publicada-ahora-hay-que-trabajar-afirmo-francisco-sobre-su-enciclica-medioambiental\/#primaryimage"},"thumbnailUrl":"","datePublished":"2015-06-25T12:00:30+00:00","breadcrumb":{"@id":"https:\/\/patagoniambiental.com.ar\/info\/vaticano-ya-esta-publicada-ahora-hay-que-trabajar-afirmo-francisco-sobre-su-enciclica-medioambiental\/#breadcrumb"},"inLanguage":"es","potentialAction":[{"@type":"ReadAction","target":["https:\/\/patagoniambiental.com.ar\/info\/vaticano-ya-esta-publicada-ahora-hay-que-trabajar-afirmo-francisco-sobre-su-enciclica-medioambiental\/"]}]},{"@type":"ImageObject","inLanguage":"es","@id":"https:\/\/patagoniambiental.com.ar\/info\/vaticano-ya-esta-publicada-ahora-hay-que-trabajar-afirmo-francisco-sobre-su-enciclica-medioambiental\/#primaryimage","url":"","contentUrl":""},{"@type":"BreadcrumbList","@id":"https:\/\/patagoniambiental.com.ar\/info\/vaticano-ya-esta-publicada-ahora-hay-que-trabajar-afirmo-francisco-sobre-su-enciclica-medioambiental\/#breadcrumb","itemListElement":[{"@type":"ListItem","position":1,"name":"Inicio","item":"https:\/\/patagoniambiental.com.ar\/info\/"},{"@type":"ListItem","position":2,"name":"Vaticano: \u00abYa est\u00e1 publicada, ahora hay que trabajar\u00bb, afirm\u00f3 Francisco sobre su enc\u00edclica medioambiental"}]},{"@type":"WebSite","@id":"https:\/\/patagoniambiental.com.ar\/info\/#website","url":"https:\/\/patagoniambiental.com.ar\/info\/","name":"Patagonia Ambiental","description":"Monitoreo y an\u00e1lisis de la situaci\u00f3n geopol\u00edtica en el mundo y su implicancia en la Patagonia","publisher":{"@id":"https:\/\/patagoniambiental.com.ar\/info\/#organization"},"potentialAction":[{"@type":"SearchAction","target":{"@type":"EntryPoint","urlTemplate":"https:\/\/patagoniambiental.com.ar\/info\/?s={search_term_string}"},"query-input":{"@type":"PropertyValueSpecification","valueRequired":true,"valueName":"search_term_string"}}],"inLanguage":"es"},{"@type":"Organization","@id":"https:\/\/patagoniambiental.com.ar\/info\/#organization","name":"Patagonia Ambiental","url":"https:\/\/patagoniambiental.com.ar\/info\/","logo":{"@type":"ImageObject","inLanguage":"es","@id":"https:\/\/patagoniambiental.com.ar\/info\/#\/schema\/logo\/image\/","url":"https:\/\/patagoniambiental.com.ar\/info\/wp-content\/uploads\/2025\/05\/LOGO-PATAGONIA-AMBIENTAL.png","contentUrl":"https:\/\/patagoniambiental.com.ar\/info\/wp-content\/uploads\/2025\/05\/LOGO-PATAGONIA-AMBIENTAL.png","width":433,"height":250,"caption":"Patagonia Ambiental"},"image":{"@id":"https:\/\/patagoniambiental.com.ar\/info\/#\/schema\/logo\/image\/"},"sameAs":["https:\/\/www.facebook.com\/patagonia.ambiental","https:\/\/x.com\/PatAmb"]},{"@type":"Person","@id":"https:\/\/patagoniambiental.com.ar\/info\/#\/schema\/person\/db12bff64bbcbf6a253710bf0ea37b5d","name":"Patagonia Ambiental","description":"Andr\u00e9s Nievas T\u00e9cnico en manejo ambiental, consultor Ambiental y escritor para medios locales e internacionales sobre temas de geopolitica y medio ambiente.","sameAs":["http:\/\/www.patagoniambiental.com.ar","https:\/\/www.facebook.com\/share\/1C1V8Gv9BX\/?mibextid=qi2Omg","@patagoniambiental","https:\/\/youtube.com\/@patagoniaambiental2023?si=BLt58t0wuXquxlYZ"]}]}},"_links":{"self":[{"href":"https:\/\/patagoniambiental.com.ar\/info\/wp-json\/wp\/v2\/posts\/12443","targetHints":{"allow":["GET"]}}],"collection":[{"href":"https:\/\/patagoniambiental.com.ar\/info\/wp-json\/wp\/v2\/posts"}],"about":[{"href":"https:\/\/patagoniambiental.com.ar\/info\/wp-json\/wp\/v2\/types\/post"}],"author":[{"embeddable":true,"href":"https:\/\/patagoniambiental.com.ar\/info\/wp-json\/wp\/v2\/users\/2"}],"replies":[{"embeddable":true,"href":"https:\/\/patagoniambiental.com.ar\/info\/wp-json\/wp\/v2\/comments?post=12443"}],"version-history":[{"count":0,"href":"https:\/\/patagoniambiental.com.ar\/info\/wp-json\/wp\/v2\/posts\/12443\/revisions"}],"wp:featuredmedia":[{"embeddable":true,"href":"https:\/\/patagoniambiental.com.ar\/info\/wp-json\/"}],"wp:attachment":[{"href":"https:\/\/patagoniambiental.com.ar\/info\/wp-json\/wp\/v2\/media?parent=12443"}],"wp:term":[{"taxonomy":"category","embeddable":true,"href":"https:\/\/patagoniambiental.com.ar\/info\/wp-json\/wp\/v2\/categories?post=12443"},{"taxonomy":"post_tag","embeddable":true,"href":"https:\/\/patagoniambiental.com.ar\/info\/wp-json\/wp\/v2\/tags?post=12443"}],"curies":[{"name":"wp","href":"https:\/\/api.w.org\/{rel}","templated":true}]}}