{"id":12451,"date":"2015-06-25T09:00:53","date_gmt":"2015-06-25T12:00:53","guid":{"rendered":"http:\/\/patagoniambiental.com.ar\/?p=12451"},"modified":"2015-06-25T09:00:53","modified_gmt":"2015-06-25T12:00:53","slug":"timerman-volvio-a-pedir-al-reino-unido-dialogar-por-malvinas","status":"publish","type":"post","link":"https:\/\/patagoniambiental.com.ar\/info\/timerman-volvio-a-pedir-al-reino-unido-dialogar-por-malvinas\/","title":{"rendered":"Timerman volvi\u00f3 a pedir al Reino Unido dialogar por Malvinas"},"content":{"rendered":"<p>El canciller asegur\u00f3 en este sentido que \u201csi un pa\u00eds decide cumplir algunas resoluciones y otras no, quiebra la idea de que los conflictos deben resolverse de forma pac\u00edfica\u201d.<!--more--><br \/>\nDe esta forma, el diplom\u00e1tico renov\u00f3 el llamado al Reino Unido a sentarse a dialogar para encontrar una soluci\u00f3n al diferendo en la Cuesti\u00f3n de las Islas Malvinas.<\/p>\n<p>\u201cEl hecho que se cumplan 50 a\u00f1os\u201d de la resoluci\u00f3n 2065 aprobada en 1965 por la Asamblea General de ONU, \u201cimplica tambi\u00e9n la necesidad de replantear la responsabilidad de los estados de cumplir con las resoluciones, que tienen como fin resolver de forma pac\u00edfica, de di\u00e1logo\u00bb, las controversias. Lo que en definitiva \u00abes la esencia por la cual fue creada la ONU\u201d, sostuvo Timerman.<\/p>\n<p>Es por ello, que \u201ctodos tenemos que cumplir con ese principio y el Reino Unido no puede decir: `yo acepto las resoluciones que me favorecen y no acepto las que no me favorecen\u00b4\u201d, agreg\u00f3 el canciller.<\/p>\n<p>Concierto en la ONU. El titular del Palacio San Martin, realiz\u00f3 estas declaraciones a medios argentinos momentos previos al concierto que tuvo lugar esta tarde en Naciones Unidas para conmemorar el 50 aniversario de la resoluci\u00f3n 2065, protagonizado por el compositor Gustavo Santaolalla y por el artista Miguel Rep, que por detr\u00e1s del m\u00fasico, y frente a un gran panel blanco, pintaba en negro un dibujo de las Islas Malvinas.<\/p>\n<p>Ante la presencia de una gran cantidad de asistentes, entre ellos diplom\u00e1ticos y p\u00fablico en general que se acerc\u00f3 a compartir el concierto, la sala del Consejo Econ\u00f3mico y Social de la ONU, fue testigo del primer evento que realiza Argentina en este \u00e1mbito por la Cuesti\u00f3n de Malvinas.<\/p>\n<p>\u201cRealizamos esta conmemoraci\u00f3n porque creemos que el arte, como la ONU, nos convoca a construir un mundo mejor, m\u00e1s humano, m\u00e1s pac\u00edfico, m\u00e1s justo\u201d, dijo Timerman al brindar las palabras que dieron inicio al encuentro.<\/p>\n<p>Apoyo de Filmus. El secretario de Asuntos Relativos a las Islas Malvinas, Daniel Filmus, destac\u00f3 el \u201cacompa\u00f1amiento del conjunto del cuerpo diplom\u00e1tico y representantes\u201d que llegaron al concierto denominado \u201cPor el di\u00e1logo en la Cuesti\u00f3n Malvinas\u201d, lo que refleja el \u201capoyo que tiene Argentina\u201d en el tema.<\/p>\n<p>\u201cLo que est\u00e1 pidiendo Argentina a trav\u00e9s de este acto y ma\u00f1ana en el Comit\u00e9 de Descolonizaci\u00f3n, es que se recupere un di\u00e1logo que existi\u00f3 incluso con propuestas concretas por el Reino Unidos para transferir la soberan\u00eda a la Argentina\u201d, coment\u00f3 a T\u00e9lam el secretario de Asuntos Relativos a las Islas Malvinas.<\/p>\n<p>En la sesi\u00f3n de ma\u00f1ana que llevar\u00e1 adelante el Comit\u00e9 Especial, \u201cesperamos que se manifieste y apruebe por consenso una declaraci\u00f3n que reitere la voluntad de ONU para que se reinicie el proceso de di\u00e1logo y al mismo tiempo que se cumpla la resoluci\u00f3n 3149 que dice que ninguna de las dos partes pueden hacer acciones unilaterales en la zona, mientras que exista el diferendo\u201d, adhiri\u00f3 Filmus.<\/p>\n<p>Palabras de un Nobel. El concierto, incluy\u00f3 a su vez un mensaje del premio Nobel de la Paz, Adolfo P\u00e9rez Esquivel, quien a trav\u00e9s de un video expres\u00f3 al Comit\u00e9 Especial \u201cla necesidad de que genere espacios de encuentro de di\u00e1logo con Gran Breta\u00f1a\u201d, as\u00ed como comparti\u00f3 con el p\u00fablico las reiteradas oportunidades en las que busc\u00f3 \u201chacer un acercamiento con el gobierno brit\u00e1nico por la situaci\u00f3n de las Islas Malvinas, que es un enclave colonial en pleno siglo XXI\u201d.<\/p>\n<p>\u201cLa descolonizaci\u00f3n hoy debe ser superada en bien de la vida de los pueblos\u201d, concluy\u00f3 P\u00e9rez Esquivel enviando a su vez \u00abmucha fuerza y esperanza de encontrar los caminos que puedan construir la paz entre los pueblos\u201d.<\/p>\n<p>Fuente: Info region<\/p>\n<p>&nbsp;<\/p>\n<p>&nbsp;<\/p>\n","protected":false},"excerpt":{"rendered":"<p>El canciller asegur\u00f3 en este sentido que \u201csi un pa\u00eds decide cumplir algunas resoluciones y otras no, quiebra la idea [&hellip;]<\/p>\n","protected":false},"author":2,"featured_media":11971,"comment_status":"closed","ping_status":"closed","sticky":false,"template":"","format":"standard","meta":{"site-sidebar-layout":"default","site-content-layout":"","ast-site-content-layout":"default","site-content-style":"default","site-sidebar-style":"default","ast-global-header-display":"","ast-banner-title-visibility":"","ast-main-header-display":"","ast-hfb-above-header-display":"","ast-hfb-below-header-display":"","ast-hfb-mobile-header-display":"","site-post-title":"","ast-breadcrumbs-content":"","ast-featured-img":"","footer-sml-layout":"","ast-disable-related-posts":"","theme-transparent-header-meta":"","adv-header-id-meta":"","stick-header-meta":"","header-above-stick-meta":"","header-main-stick-meta":"","header-below-stick-meta":"","astra-migrate-meta-layouts":"default","ast-page-background-enabled":"default","ast-page-background-meta":{"desktop":{"background-color":"var(--ast-global-color-5)","background-image":"","background-repeat":"repeat","background-position":"center center","background-size":"auto","background-attachment":"scroll","background-type":"","background-media":"","overlay-type":"","overlay-color":"","overlay-opacity":"","overlay-gradient":""},"tablet":{"background-color":"","background-image":"","background-repeat":"repeat","background-position":"center center","background-size":"auto","background-attachment":"scroll","background-type":"","background-media":"","overlay-type":"","overlay-color":"","overlay-opacity":"","overlay-gradient":""},"mobile":{"background-color":"","background-image":"","background-repeat":"repeat","background-position":"center center","background-size":"auto","background-attachment":"scroll","background-type":"","background-media":"","overlay-type":"","overlay-color":"","overlay-opacity":"","overlay-gradient":""}},"ast-content-background-meta":{"desktop":{"background-color":"var(--ast-global-color-4)","background-image":"","background-repeat":"repeat","background-position":"center center","background-size":"auto","background-attachment":"scroll","background-type":"","background-media":"","overlay-type":"","overlay-color":"","overlay-opacity":"","overlay-gradient":""},"tablet":{"background-color":"var(--ast-global-color-4)","background-image":"","background-repeat":"repeat","background-position":"center center","background-size":"auto","background-attachment":"scroll","background-type":"","background-media":"","overlay-type":"","overlay-color":"","overlay-opacity":"","overlay-gradient":""},"mobile":{"background-color":"var(--ast-global-color-4)","background-image":"","background-repeat":"repeat","background-position":"center center","background-size":"auto","background-attachment":"scroll","background-type":"","background-media":"","overlay-type":"","overlay-color":"","overlay-opacity":"","overlay-gradient":""}},"footnotes":""},"categories":[23,1],"tags":[],"class_list":["post-12451","post","type-post","status-publish","format-standard","has-post-thumbnail","hentry","category-internacionales","category-noticias"],"yoast_head":"<!-- This site is optimized with the Yoast SEO Premium plugin v23.0 (Yoast SEO v27.4) - https:\/\/yoast.com\/product\/yoast-seo-premium-wordpress\/ -->\n<title>Timerman volvi\u00f3 a pedir al Reino Unido dialogar por Malvinas<\/title>\n<meta name=\"robots\" content=\"index, follow, max-snippet:-1, max-image-preview:large, max-video-preview:-1\" \/>\n<link rel=\"canonical\" href=\"https:\/\/patagoniambiental.com.ar\/info\/timerman-volvio-a-pedir-al-reino-unido-dialogar-por-malvinas\/\" \/>\n<meta property=\"og:locale\" content=\"es_ES\" \/>\n<meta property=\"og:type\" content=\"article\" \/>\n<meta property=\"og:title\" content=\"Timerman volvi\u00f3 a pedir al Reino Unido dialogar por Malvinas\" \/>\n<meta property=\"og:description\" content=\"El canciller asegur\u00f3 en este sentido que \u201csi un pa\u00eds decide cumplir algunas resoluciones y otras no, quiebra la idea [&hellip;]\" \/>\n<meta property=\"og:url\" content=\"https:\/\/patagoniambiental.com.ar\/info\/timerman-volvio-a-pedir-al-reino-unido-dialogar-por-malvinas\/\" \/>\n<meta property=\"og:site_name\" content=\"Patagonia Ambiental\" \/>\n<meta property=\"article:publisher\" content=\"https:\/\/www.facebook.com\/patagonia.ambiental\" \/>\n<meta property=\"article:author\" content=\"https:\/\/www.facebook.com\/share\/1C1V8Gv9BX\/?mibextid=qi2Omg\" \/>\n<meta property=\"article:published_time\" content=\"2015-06-25T12:00:53+00:00\" \/>\n<meta name=\"author\" content=\"Patagonia Ambiental\" \/>\n<meta name=\"twitter:card\" content=\"summary_large_image\" \/>\n<meta name=\"twitter:creator\" content=\"@PatAmb\" \/>\n<meta name=\"twitter:site\" content=\"@PatAmb\" \/>\n<script type=\"application\/ld+json\" class=\"yoast-schema-graph\">{\"@context\":\"https:\\\/\\\/schema.org\",\"@graph\":[{\"@type\":\"Article\",\"@id\":\"https:\\\/\\\/patagoniambiental.com.ar\\\/info\\\/timerman-volvio-a-pedir-al-reino-unido-dialogar-por-malvinas\\\/#article\",\"isPartOf\":{\"@id\":\"https:\\\/\\\/patagoniambiental.com.ar\\\/info\\\/timerman-volvio-a-pedir-al-reino-unido-dialogar-por-malvinas\\\/\"},\"author\":{\"name\":\"Patagonia Ambiental\",\"@id\":\"https:\\\/\\\/patagoniambiental.com.ar\\\/info\\\/#\\\/schema\\\/person\\\/db12bff64bbcbf6a253710bf0ea37b5d\"},\"headline\":\"Timerman volvi\u00f3 a pedir al Reino Unido dialogar por Malvinas\",\"datePublished\":\"2015-06-25T12:00:53+00:00\",\"mainEntityOfPage\":{\"@id\":\"https:\\\/\\\/patagoniambiental.com.ar\\\/info\\\/timerman-volvio-a-pedir-al-reino-unido-dialogar-por-malvinas\\\/\"},\"wordCount\":649,\"publisher\":{\"@id\":\"https:\\\/\\\/patagoniambiental.com.ar\\\/info\\\/#organization\"},\"image\":{\"@id\":\"https:\\\/\\\/patagoniambiental.com.ar\\\/info\\\/timerman-volvio-a-pedir-al-reino-unido-dialogar-por-malvinas\\\/#primaryimage\"},\"thumbnailUrl\":\"\",\"articleSection\":[\"Internacionales\",\"Noticias\"],\"inLanguage\":\"es\"},{\"@type\":\"WebPage\",\"@id\":\"https:\\\/\\\/patagoniambiental.com.ar\\\/info\\\/timerman-volvio-a-pedir-al-reino-unido-dialogar-por-malvinas\\\/\",\"url\":\"https:\\\/\\\/patagoniambiental.com.ar\\\/info\\\/timerman-volvio-a-pedir-al-reino-unido-dialogar-por-malvinas\\\/\",\"name\":\"Timerman volvi\u00f3 a pedir al Reino Unido dialogar por Malvinas\",\"isPartOf\":{\"@id\":\"https:\\\/\\\/patagoniambiental.com.ar\\\/info\\\/#website\"},\"primaryImageOfPage\":{\"@id\":\"https:\\\/\\\/patagoniambiental.com.ar\\\/info\\\/timerman-volvio-a-pedir-al-reino-unido-dialogar-por-malvinas\\\/#primaryimage\"},\"image\":{\"@id\":\"https:\\\/\\\/patagoniambiental.com.ar\\\/info\\\/timerman-volvio-a-pedir-al-reino-unido-dialogar-por-malvinas\\\/#primaryimage\"},\"thumbnailUrl\":\"\",\"datePublished\":\"2015-06-25T12:00:53+00:00\",\"breadcrumb\":{\"@id\":\"https:\\\/\\\/patagoniambiental.com.ar\\\/info\\\/timerman-volvio-a-pedir-al-reino-unido-dialogar-por-malvinas\\\/#breadcrumb\"},\"inLanguage\":\"es\",\"potentialAction\":[{\"@type\":\"ReadAction\",\"target\":[\"https:\\\/\\\/patagoniambiental.com.ar\\\/info\\\/timerman-volvio-a-pedir-al-reino-unido-dialogar-por-malvinas\\\/\"]}]},{\"@type\":\"ImageObject\",\"inLanguage\":\"es\",\"@id\":\"https:\\\/\\\/patagoniambiental.com.ar\\\/info\\\/timerman-volvio-a-pedir-al-reino-unido-dialogar-por-malvinas\\\/#primaryimage\",\"url\":\"\",\"contentUrl\":\"\"},{\"@type\":\"BreadcrumbList\",\"@id\":\"https:\\\/\\\/patagoniambiental.com.ar\\\/info\\\/timerman-volvio-a-pedir-al-reino-unido-dialogar-por-malvinas\\\/#breadcrumb\",\"itemListElement\":[{\"@type\":\"ListItem\",\"position\":1,\"name\":\"Inicio\",\"item\":\"https:\\\/\\\/patagoniambiental.com.ar\\\/info\\\/\"},{\"@type\":\"ListItem\",\"position\":2,\"name\":\"Timerman volvi\u00f3 a pedir al Reino Unido dialogar por Malvinas\"}]},{\"@type\":\"WebSite\",\"@id\":\"https:\\\/\\\/patagoniambiental.com.ar\\\/info\\\/#website\",\"url\":\"https:\\\/\\\/patagoniambiental.com.ar\\\/info\\\/\",\"name\":\"Patagonia Ambiental\",\"description\":\"Monitoreo y an\u00e1lisis de la situaci\u00f3n geopol\u00edtica en el mundo y su implicancia en la Patagonia\",\"publisher\":{\"@id\":\"https:\\\/\\\/patagoniambiental.com.ar\\\/info\\\/#organization\"},\"potentialAction\":[{\"@type\":\"SearchAction\",\"target\":{\"@type\":\"EntryPoint\",\"urlTemplate\":\"https:\\\/\\\/patagoniambiental.com.ar\\\/info\\\/?s={search_term_string}\"},\"query-input\":{\"@type\":\"PropertyValueSpecification\",\"valueRequired\":true,\"valueName\":\"search_term_string\"}}],\"inLanguage\":\"es\"},{\"@type\":\"Organization\",\"@id\":\"https:\\\/\\\/patagoniambiental.com.ar\\\/info\\\/#organization\",\"name\":\"Patagonia Ambiental\",\"url\":\"https:\\\/\\\/patagoniambiental.com.ar\\\/info\\\/\",\"logo\":{\"@type\":\"ImageObject\",\"inLanguage\":\"es\",\"@id\":\"https:\\\/\\\/patagoniambiental.com.ar\\\/info\\\/#\\\/schema\\\/logo\\\/image\\\/\",\"url\":\"https:\\\/\\\/patagoniambiental.com.ar\\\/info\\\/wp-content\\\/uploads\\\/2025\\\/05\\\/LOGO-PATAGONIA-AMBIENTAL.png\",\"contentUrl\":\"https:\\\/\\\/patagoniambiental.com.ar\\\/info\\\/wp-content\\\/uploads\\\/2025\\\/05\\\/LOGO-PATAGONIA-AMBIENTAL.png\",\"width\":433,\"height\":250,\"caption\":\"Patagonia Ambiental\"},\"image\":{\"@id\":\"https:\\\/\\\/patagoniambiental.com.ar\\\/info\\\/#\\\/schema\\\/logo\\\/image\\\/\"},\"sameAs\":[\"https:\\\/\\\/www.facebook.com\\\/patagonia.ambiental\",\"https:\\\/\\\/x.com\\\/PatAmb\"]},{\"@type\":\"Person\",\"@id\":\"https:\\\/\\\/patagoniambiental.com.ar\\\/info\\\/#\\\/schema\\\/person\\\/db12bff64bbcbf6a253710bf0ea37b5d\",\"name\":\"Patagonia Ambiental\",\"description\":\"Andr\u00e9s Nievas T\u00e9cnico en manejo ambiental, consultor Ambiental y escritor para medios locales e internacionales sobre temas de geopolitica y medio ambiente.\",\"sameAs\":[\"http:\\\/\\\/www.patagoniambiental.com.ar\",\"https:\\\/\\\/www.facebook.com\\\/share\\\/1C1V8Gv9BX\\\/?mibextid=qi2Omg\",\"@patagoniambiental\",\"https:\\\/\\\/youtube.com\\\/@patagoniaambiental2023?si=BLt58t0wuXquxlYZ\"]}]}<\/script>\n<!-- \/ Yoast SEO Premium plugin. -->","yoast_head_json":{"title":"Timerman volvi\u00f3 a pedir al Reino Unido dialogar por Malvinas","robots":{"index":"index","follow":"follow","max-snippet":"max-snippet:-1","max-image-preview":"max-image-preview:large","max-video-preview":"max-video-preview:-1"},"canonical":"https:\/\/patagoniambiental.com.ar\/info\/timerman-volvio-a-pedir-al-reino-unido-dialogar-por-malvinas\/","og_locale":"es_ES","og_type":"article","og_title":"Timerman volvi\u00f3 a pedir al Reino Unido dialogar por Malvinas","og_description":"El canciller asegur\u00f3 en este sentido que \u201csi un pa\u00eds decide cumplir algunas resoluciones y otras no, quiebra la idea [&hellip;]","og_url":"https:\/\/patagoniambiental.com.ar\/info\/timerman-volvio-a-pedir-al-reino-unido-dialogar-por-malvinas\/","og_site_name":"Patagonia Ambiental","article_publisher":"https:\/\/www.facebook.com\/patagonia.ambiental","article_author":"https:\/\/www.facebook.com\/share\/1C1V8Gv9BX\/?mibextid=qi2Omg","article_published_time":"2015-06-25T12:00:53+00:00","author":"Patagonia Ambiental","twitter_card":"summary_large_image","twitter_creator":"@PatAmb","twitter_site":"@PatAmb","schema":{"@context":"https:\/\/schema.org","@graph":[{"@type":"Article","@id":"https:\/\/patagoniambiental.com.ar\/info\/timerman-volvio-a-pedir-al-reino-unido-dialogar-por-malvinas\/#article","isPartOf":{"@id":"https:\/\/patagoniambiental.com.ar\/info\/timerman-volvio-a-pedir-al-reino-unido-dialogar-por-malvinas\/"},"author":{"name":"Patagonia Ambiental","@id":"https:\/\/patagoniambiental.com.ar\/info\/#\/schema\/person\/db12bff64bbcbf6a253710bf0ea37b5d"},"headline":"Timerman volvi\u00f3 a pedir al Reino Unido dialogar por Malvinas","datePublished":"2015-06-25T12:00:53+00:00","mainEntityOfPage":{"@id":"https:\/\/patagoniambiental.com.ar\/info\/timerman-volvio-a-pedir-al-reino-unido-dialogar-por-malvinas\/"},"wordCount":649,"publisher":{"@id":"https:\/\/patagoniambiental.com.ar\/info\/#organization"},"image":{"@id":"https:\/\/patagoniambiental.com.ar\/info\/timerman-volvio-a-pedir-al-reino-unido-dialogar-por-malvinas\/#primaryimage"},"thumbnailUrl":"","articleSection":["Internacionales","Noticias"],"inLanguage":"es"},{"@type":"WebPage","@id":"https:\/\/patagoniambiental.com.ar\/info\/timerman-volvio-a-pedir-al-reino-unido-dialogar-por-malvinas\/","url":"https:\/\/patagoniambiental.com.ar\/info\/timerman-volvio-a-pedir-al-reino-unido-dialogar-por-malvinas\/","name":"Timerman volvi\u00f3 a pedir al Reino Unido dialogar por Malvinas","isPartOf":{"@id":"https:\/\/patagoniambiental.com.ar\/info\/#website"},"primaryImageOfPage":{"@id":"https:\/\/patagoniambiental.com.ar\/info\/timerman-volvio-a-pedir-al-reino-unido-dialogar-por-malvinas\/#primaryimage"},"image":{"@id":"https:\/\/patagoniambiental.com.ar\/info\/timerman-volvio-a-pedir-al-reino-unido-dialogar-por-malvinas\/#primaryimage"},"thumbnailUrl":"","datePublished":"2015-06-25T12:00:53+00:00","breadcrumb":{"@id":"https:\/\/patagoniambiental.com.ar\/info\/timerman-volvio-a-pedir-al-reino-unido-dialogar-por-malvinas\/#breadcrumb"},"inLanguage":"es","potentialAction":[{"@type":"ReadAction","target":["https:\/\/patagoniambiental.com.ar\/info\/timerman-volvio-a-pedir-al-reino-unido-dialogar-por-malvinas\/"]}]},{"@type":"ImageObject","inLanguage":"es","@id":"https:\/\/patagoniambiental.com.ar\/info\/timerman-volvio-a-pedir-al-reino-unido-dialogar-por-malvinas\/#primaryimage","url":"","contentUrl":""},{"@type":"BreadcrumbList","@id":"https:\/\/patagoniambiental.com.ar\/info\/timerman-volvio-a-pedir-al-reino-unido-dialogar-por-malvinas\/#breadcrumb","itemListElement":[{"@type":"ListItem","position":1,"name":"Inicio","item":"https:\/\/patagoniambiental.com.ar\/info\/"},{"@type":"ListItem","position":2,"name":"Timerman volvi\u00f3 a pedir al Reino Unido dialogar por Malvinas"}]},{"@type":"WebSite","@id":"https:\/\/patagoniambiental.com.ar\/info\/#website","url":"https:\/\/patagoniambiental.com.ar\/info\/","name":"Patagonia Ambiental","description":"Monitoreo y an\u00e1lisis de la situaci\u00f3n geopol\u00edtica en el mundo y su implicancia en la Patagonia","publisher":{"@id":"https:\/\/patagoniambiental.com.ar\/info\/#organization"},"potentialAction":[{"@type":"SearchAction","target":{"@type":"EntryPoint","urlTemplate":"https:\/\/patagoniambiental.com.ar\/info\/?s={search_term_string}"},"query-input":{"@type":"PropertyValueSpecification","valueRequired":true,"valueName":"search_term_string"}}],"inLanguage":"es"},{"@type":"Organization","@id":"https:\/\/patagoniambiental.com.ar\/info\/#organization","name":"Patagonia Ambiental","url":"https:\/\/patagoniambiental.com.ar\/info\/","logo":{"@type":"ImageObject","inLanguage":"es","@id":"https:\/\/patagoniambiental.com.ar\/info\/#\/schema\/logo\/image\/","url":"https:\/\/patagoniambiental.com.ar\/info\/wp-content\/uploads\/2025\/05\/LOGO-PATAGONIA-AMBIENTAL.png","contentUrl":"https:\/\/patagoniambiental.com.ar\/info\/wp-content\/uploads\/2025\/05\/LOGO-PATAGONIA-AMBIENTAL.png","width":433,"height":250,"caption":"Patagonia Ambiental"},"image":{"@id":"https:\/\/patagoniambiental.com.ar\/info\/#\/schema\/logo\/image\/"},"sameAs":["https:\/\/www.facebook.com\/patagonia.ambiental","https:\/\/x.com\/PatAmb"]},{"@type":"Person","@id":"https:\/\/patagoniambiental.com.ar\/info\/#\/schema\/person\/db12bff64bbcbf6a253710bf0ea37b5d","name":"Patagonia Ambiental","description":"Andr\u00e9s Nievas T\u00e9cnico en manejo ambiental, consultor Ambiental y escritor para medios locales e internacionales sobre temas de geopolitica y medio ambiente.","sameAs":["http:\/\/www.patagoniambiental.com.ar","https:\/\/www.facebook.com\/share\/1C1V8Gv9BX\/?mibextid=qi2Omg","@patagoniambiental","https:\/\/youtube.com\/@patagoniaambiental2023?si=BLt58t0wuXquxlYZ"]}]}},"_links":{"self":[{"href":"https:\/\/patagoniambiental.com.ar\/info\/wp-json\/wp\/v2\/posts\/12451","targetHints":{"allow":["GET"]}}],"collection":[{"href":"https:\/\/patagoniambiental.com.ar\/info\/wp-json\/wp\/v2\/posts"}],"about":[{"href":"https:\/\/patagoniambiental.com.ar\/info\/wp-json\/wp\/v2\/types\/post"}],"author":[{"embeddable":true,"href":"https:\/\/patagoniambiental.com.ar\/info\/wp-json\/wp\/v2\/users\/2"}],"replies":[{"embeddable":true,"href":"https:\/\/patagoniambiental.com.ar\/info\/wp-json\/wp\/v2\/comments?post=12451"}],"version-history":[{"count":0,"href":"https:\/\/patagoniambiental.com.ar\/info\/wp-json\/wp\/v2\/posts\/12451\/revisions"}],"wp:featuredmedia":[{"embeddable":true,"href":"https:\/\/patagoniambiental.com.ar\/info\/wp-json\/"}],"wp:attachment":[{"href":"https:\/\/patagoniambiental.com.ar\/info\/wp-json\/wp\/v2\/media?parent=12451"}],"wp:term":[{"taxonomy":"category","embeddable":true,"href":"https:\/\/patagoniambiental.com.ar\/info\/wp-json\/wp\/v2\/categories?post=12451"},{"taxonomy":"post_tag","embeddable":true,"href":"https:\/\/patagoniambiental.com.ar\/info\/wp-json\/wp\/v2\/tags?post=12451"}],"curies":[{"name":"wp","href":"https:\/\/api.w.org\/{rel}","templated":true}]}}