{"id":12460,"date":"2015-06-26T09:00:59","date_gmt":"2015-06-26T12:00:59","guid":{"rendered":"http:\/\/patagoniambiental.com.ar\/?p=12460"},"modified":"2015-06-26T09:00:59","modified_gmt":"2015-06-26T12:00:59","slug":"aprueban-nueva-resolucion-de-dialogo-por-malvinas","status":"publish","type":"post","link":"https:\/\/patagoniambiental.com.ar\/info\/aprueban-nueva-resolucion-de-dialogo-por-malvinas\/","title":{"rendered":"Aprueban nueva resoluci\u00f3n de di\u00e1logo por Malvinas"},"content":{"rendered":"<p>Nueva York.-Timerman y Filmus encaberon la comitiva argentina por la custion de la soberan\u00eda del archipi\u00e9lago.<!--more--><br \/>\nEl Comit\u00e9 de Descolonizaci\u00f3n de la ONU renov\u00f3 el llamado a una \u201csoluci\u00f3n pac\u00edfica y negociada de la controversia sobre la soberan\u00eda\u201d.<br \/>\nLa resoluci\u00f3n adoptada\u00a0ayer a la\u00a0tarde en la sede de ONU en Nueva York, \u201clament\u00f3\u201d a su vez \u201cque a pesar del amplio respaldo internacional a una negociaci\u00f3n entre los gobiernos de Argentina y el Reino Unido que incluya todos los aspectos sobre el futuro de las Islas Malvinas, a\u00fan no hayan comenzado a aplicarse las resoluciones de la Asamblea General sobre esta cuesti\u00f3n\u201d.Aniversario. El encuentro de este a\u00f1o se dio en un contexto particular dado que en diciembre se cumple el 50 aniversario de la resoluci\u00f3n 2065 a trav\u00e9s de la cual Naciones Unidas hizo referencia por primera vez, y de forma espec\u00edfica, a la Cuesti\u00f3n Malvinas como asunto de soberan\u00eda.<\/p>\n<p>Declaraciones. Al tomar la palabra en el encuentro, el canciller H\u00e9ctor Timerman asegur\u00f3 que dicho documento \u201cfue sucedido por m\u00e1s de cuarenta resoluciones adoptadas con posterioridad\u201d, siendo entonces que con su conducta, el Reino Unido \u201cno s\u00f3lo incumple hoy la obligaci\u00f3n de negociar\u201d sino que \u201clejos de hacer el menor intento de resolver la controversia no hace m\u00e1s que agravarla irresponsablemente\u201d.<\/p>\n<p>\u201cEl permanente incremento de su presencia militar en el Atl\u00e1ntico Sur, sus nuevos intentos de explorar y explotar recursos naturales no renovables, la explotaci\u00f3n de recursos pesqueros m\u00e1s all\u00e1 de los l\u00edmites de la sustentabilidad y una campa\u00f1a permanentemente orientada a distorsionar la percepci\u00f3n de la poblaci\u00f3n que trasplant\u00f3 a las Islas Malvinas sobre su situaci\u00f3n jur\u00eddica y pol\u00edtica\u201d, son ejemplos de sus actos, detall\u00f3 el canciller.<\/p>\n<p>As\u00ed, \u201clos actos unilaterales del Reino Unido no han hecho m\u00e1s que incrementarse\u201d y ante esta situaci\u00f3n Argentina tuvo que adoptar medidas para detener \u201cla irresponsable campa\u00f1a que el Reino Unido desarrolla con vistas a explotar los recursos de los territorios y espacios mar\u00edtimos que son objeto de la controversia\u201d, asegur\u00f3 el ministro de Relaciones Exteriores.<\/p>\n<p>En di\u00e1logo con los medios una vez concluida la sesi\u00f3n, Timerman resalt\u00f3 a su vez el hecho de que en la reuni\u00f3n convocada por el Comit\u00e9 de Descolonizaci\u00f3n, no estuviera presente el embajador por el Reino Unido ante ONU.<\/p>\n<p>\u00abUna vez m\u00e1s se ausent\u00f3 en una clara demostraci\u00f3n de que el di\u00e1logo para ellos solamente sirve cuando los benefician en sus intereses y no cuando tienen que negociar de forma pac\u00edfica con otro pa\u00eds\u201d, dijo el canciller.<\/p>\n<p>Detalles. Siguiendo con las formas planteadas por el Comit\u00e9, si participaron de la reuni\u00f3n los isle\u00f1os Mike Summers y Phyl Rendell; as\u00ed como Ricardo Paterson y Guillermo Clifton, que tomaron la palabra en apoyo al reclamo argentino.<\/p>\n<p>La comitiva liderada por H\u00e9ctor Timerman, estuvo integrada por el secretario de Asuntos Relativos a las Islas Malvinas, Daniel Filmus; y por una comitiva multipartidaria conformada por el senador socialista, Rub\u00e9n Giustiniani; su par de Chaco, Angel Rozas; la diputada del PRO, Patricia Bullrich y los diputados Alberto Asseff, del Frente Renovador; Ricardo Buryaile, del Frente Amplio; y Guillermo Carmona, del Frente Para la Victoria.<\/p>\n<p>Fuente: InfoRegion<\/p>\n","protected":false},"excerpt":{"rendered":"<p>Nueva York.-Timerman y Filmus encaberon la comitiva argentina por la custion de la soberan\u00eda del archipi\u00e9lago.<\/p>\n","protected":false},"author":2,"featured_media":12461,"comment_status":"closed","ping_status":"closed","sticky":false,"template":"","format":"standard","meta":{"site-sidebar-layout":"default","site-content-layout":"","ast-site-content-layout":"default","site-content-style":"default","site-sidebar-style":"default","ast-global-header-display":"","ast-banner-title-visibility":"","ast-main-header-display":"","ast-hfb-above-header-display":"","ast-hfb-below-header-display":"","ast-hfb-mobile-header-display":"","site-post-title":"","ast-breadcrumbs-content":"","ast-featured-img":"","footer-sml-layout":"","ast-disable-related-posts":"","theme-transparent-header-meta":"","adv-header-id-meta":"","stick-header-meta":"","header-above-stick-meta":"","header-main-stick-meta":"","header-below-stick-meta":"","astra-migrate-meta-layouts":"default","ast-page-background-enabled":"default","ast-page-background-meta":{"desktop":{"background-color":"var(--ast-global-color-5)","background-image":"","background-repeat":"repeat","background-position":"center center","background-size":"auto","background-attachment":"scroll","background-type":"","background-media":"","overlay-type":"","overlay-color":"","overlay-opacity":"","overlay-gradient":""},"tablet":{"background-color":"","background-image":"","background-repeat":"repeat","background-position":"center center","background-size":"auto","background-attachment":"scroll","background-type":"","background-media":"","overlay-type":"","overlay-color":"","overlay-opacity":"","overlay-gradient":""},"mobile":{"background-color":"","background-image":"","background-repeat":"repeat","background-position":"center center","background-size":"auto","background-attachment":"scroll","background-type":"","background-media":"","overlay-type":"","overlay-color":"","overlay-opacity":"","overlay-gradient":""}},"ast-content-background-meta":{"desktop":{"background-color":"var(--ast-global-color-4)","background-image":"","background-repeat":"repeat","background-position":"center center","background-size":"auto","background-attachment":"scroll","background-type":"","background-media":"","overlay-type":"","overlay-color":"","overlay-opacity":"","overlay-gradient":""},"tablet":{"background-color":"var(--ast-global-color-4)","background-image":"","background-repeat":"repeat","background-position":"center center","background-size":"auto","background-attachment":"scroll","background-type":"","background-media":"","overlay-type":"","overlay-color":"","overlay-opacity":"","overlay-gradient":""},"mobile":{"background-color":"var(--ast-global-color-4)","background-image":"","background-repeat":"repeat","background-position":"center center","background-size":"auto","background-attachment":"scroll","background-type":"","background-media":"","overlay-type":"","overlay-color":"","overlay-opacity":"","overlay-gradient":""}},"footnotes":""},"categories":[23,1],"tags":[],"class_list":["post-12460","post","type-post","status-publish","format-standard","has-post-thumbnail","hentry","category-internacionales","category-noticias"],"yoast_head":"<!-- This site is optimized with the Yoast SEO Premium plugin v23.0 (Yoast SEO v27.4) - https:\/\/yoast.com\/product\/yoast-seo-premium-wordpress\/ -->\n<title>Aprueban nueva resoluci\u00f3n de di\u00e1logo por Malvinas<\/title>\n<meta name=\"robots\" content=\"index, follow, max-snippet:-1, max-image-preview:large, max-video-preview:-1\" \/>\n<link rel=\"canonical\" href=\"https:\/\/patagoniambiental.com.ar\/info\/aprueban-nueva-resolucion-de-dialogo-por-malvinas\/\" \/>\n<meta property=\"og:locale\" content=\"es_ES\" \/>\n<meta property=\"og:type\" content=\"article\" \/>\n<meta property=\"og:title\" content=\"Aprueban nueva resoluci\u00f3n de di\u00e1logo por Malvinas\" \/>\n<meta property=\"og:description\" content=\"Nueva York.-Timerman y Filmus encaberon la comitiva argentina por la custion de la soberan\u00eda del archipi\u00e9lago.\" \/>\n<meta property=\"og:url\" content=\"https:\/\/patagoniambiental.com.ar\/info\/aprueban-nueva-resolucion-de-dialogo-por-malvinas\/\" \/>\n<meta property=\"og:site_name\" content=\"Patagonia Ambiental\" \/>\n<meta property=\"article:publisher\" content=\"https:\/\/www.facebook.com\/patagonia.ambiental\" \/>\n<meta property=\"article:author\" content=\"https:\/\/www.facebook.com\/share\/1C1V8Gv9BX\/?mibextid=qi2Omg\" \/>\n<meta property=\"article:published_time\" content=\"2015-06-26T12:00:59+00:00\" \/>\n<meta name=\"author\" content=\"Patagonia Ambiental\" \/>\n<meta name=\"twitter:card\" content=\"summary_large_image\" \/>\n<meta name=\"twitter:creator\" content=\"@PatAmb\" \/>\n<meta name=\"twitter:site\" content=\"@PatAmb\" \/>\n<script type=\"application\/ld+json\" class=\"yoast-schema-graph\">{\"@context\":\"https:\\\/\\\/schema.org\",\"@graph\":[{\"@type\":\"Article\",\"@id\":\"https:\\\/\\\/patagoniambiental.com.ar\\\/info\\\/aprueban-nueva-resolucion-de-dialogo-por-malvinas\\\/#article\",\"isPartOf\":{\"@id\":\"https:\\\/\\\/patagoniambiental.com.ar\\\/info\\\/aprueban-nueva-resolucion-de-dialogo-por-malvinas\\\/\"},\"author\":{\"name\":\"Patagonia Ambiental\",\"@id\":\"https:\\\/\\\/patagoniambiental.com.ar\\\/info\\\/#\\\/schema\\\/person\\\/db12bff64bbcbf6a253710bf0ea37b5d\"},\"headline\":\"Aprueban nueva resoluci\u00f3n de di\u00e1logo por Malvinas\",\"datePublished\":\"2015-06-26T12:00:59+00:00\",\"mainEntityOfPage\":{\"@id\":\"https:\\\/\\\/patagoniambiental.com.ar\\\/info\\\/aprueban-nueva-resolucion-de-dialogo-por-malvinas\\\/\"},\"wordCount\":573,\"publisher\":{\"@id\":\"https:\\\/\\\/patagoniambiental.com.ar\\\/info\\\/#organization\"},\"image\":{\"@id\":\"https:\\\/\\\/patagoniambiental.com.ar\\\/info\\\/aprueban-nueva-resolucion-de-dialogo-por-malvinas\\\/#primaryimage\"},\"thumbnailUrl\":\"\",\"articleSection\":[\"Internacionales\",\"Noticias\"],\"inLanguage\":\"es\"},{\"@type\":\"WebPage\",\"@id\":\"https:\\\/\\\/patagoniambiental.com.ar\\\/info\\\/aprueban-nueva-resolucion-de-dialogo-por-malvinas\\\/\",\"url\":\"https:\\\/\\\/patagoniambiental.com.ar\\\/info\\\/aprueban-nueva-resolucion-de-dialogo-por-malvinas\\\/\",\"name\":\"Aprueban nueva resoluci\u00f3n de di\u00e1logo por Malvinas\",\"isPartOf\":{\"@id\":\"https:\\\/\\\/patagoniambiental.com.ar\\\/info\\\/#website\"},\"primaryImageOfPage\":{\"@id\":\"https:\\\/\\\/patagoniambiental.com.ar\\\/info\\\/aprueban-nueva-resolucion-de-dialogo-por-malvinas\\\/#primaryimage\"},\"image\":{\"@id\":\"https:\\\/\\\/patagoniambiental.com.ar\\\/info\\\/aprueban-nueva-resolucion-de-dialogo-por-malvinas\\\/#primaryimage\"},\"thumbnailUrl\":\"\",\"datePublished\":\"2015-06-26T12:00:59+00:00\",\"breadcrumb\":{\"@id\":\"https:\\\/\\\/patagoniambiental.com.ar\\\/info\\\/aprueban-nueva-resolucion-de-dialogo-por-malvinas\\\/#breadcrumb\"},\"inLanguage\":\"es\",\"potentialAction\":[{\"@type\":\"ReadAction\",\"target\":[\"https:\\\/\\\/patagoniambiental.com.ar\\\/info\\\/aprueban-nueva-resolucion-de-dialogo-por-malvinas\\\/\"]}]},{\"@type\":\"ImageObject\",\"inLanguage\":\"es\",\"@id\":\"https:\\\/\\\/patagoniambiental.com.ar\\\/info\\\/aprueban-nueva-resolucion-de-dialogo-por-malvinas\\\/#primaryimage\",\"url\":\"\",\"contentUrl\":\"\"},{\"@type\":\"BreadcrumbList\",\"@id\":\"https:\\\/\\\/patagoniambiental.com.ar\\\/info\\\/aprueban-nueva-resolucion-de-dialogo-por-malvinas\\\/#breadcrumb\",\"itemListElement\":[{\"@type\":\"ListItem\",\"position\":1,\"name\":\"Inicio\",\"item\":\"https:\\\/\\\/patagoniambiental.com.ar\\\/info\\\/\"},{\"@type\":\"ListItem\",\"position\":2,\"name\":\"Aprueban nueva resoluci\u00f3n de di\u00e1logo por Malvinas\"}]},{\"@type\":\"WebSite\",\"@id\":\"https:\\\/\\\/patagoniambiental.com.ar\\\/info\\\/#website\",\"url\":\"https:\\\/\\\/patagoniambiental.com.ar\\\/info\\\/\",\"name\":\"Patagonia Ambiental\",\"description\":\"Monitoreo y an\u00e1lisis de la situaci\u00f3n geopol\u00edtica en el mundo y su implicancia en la Patagonia\",\"publisher\":{\"@id\":\"https:\\\/\\\/patagoniambiental.com.ar\\\/info\\\/#organization\"},\"potentialAction\":[{\"@type\":\"SearchAction\",\"target\":{\"@type\":\"EntryPoint\",\"urlTemplate\":\"https:\\\/\\\/patagoniambiental.com.ar\\\/info\\\/?s={search_term_string}\"},\"query-input\":{\"@type\":\"PropertyValueSpecification\",\"valueRequired\":true,\"valueName\":\"search_term_string\"}}],\"inLanguage\":\"es\"},{\"@type\":\"Organization\",\"@id\":\"https:\\\/\\\/patagoniambiental.com.ar\\\/info\\\/#organization\",\"name\":\"Patagonia Ambiental\",\"url\":\"https:\\\/\\\/patagoniambiental.com.ar\\\/info\\\/\",\"logo\":{\"@type\":\"ImageObject\",\"inLanguage\":\"es\",\"@id\":\"https:\\\/\\\/patagoniambiental.com.ar\\\/info\\\/#\\\/schema\\\/logo\\\/image\\\/\",\"url\":\"https:\\\/\\\/patagoniambiental.com.ar\\\/info\\\/wp-content\\\/uploads\\\/2025\\\/05\\\/LOGO-PATAGONIA-AMBIENTAL.png\",\"contentUrl\":\"https:\\\/\\\/patagoniambiental.com.ar\\\/info\\\/wp-content\\\/uploads\\\/2025\\\/05\\\/LOGO-PATAGONIA-AMBIENTAL.png\",\"width\":433,\"height\":250,\"caption\":\"Patagonia Ambiental\"},\"image\":{\"@id\":\"https:\\\/\\\/patagoniambiental.com.ar\\\/info\\\/#\\\/schema\\\/logo\\\/image\\\/\"},\"sameAs\":[\"https:\\\/\\\/www.facebook.com\\\/patagonia.ambiental\",\"https:\\\/\\\/x.com\\\/PatAmb\"]},{\"@type\":\"Person\",\"@id\":\"https:\\\/\\\/patagoniambiental.com.ar\\\/info\\\/#\\\/schema\\\/person\\\/db12bff64bbcbf6a253710bf0ea37b5d\",\"name\":\"Patagonia Ambiental\",\"description\":\"Andr\u00e9s Nievas T\u00e9cnico en manejo ambiental, consultor Ambiental y escritor para medios locales e internacionales sobre temas de geopolitica y medio ambiente.\",\"sameAs\":[\"http:\\\/\\\/www.patagoniambiental.com.ar\",\"https:\\\/\\\/www.facebook.com\\\/share\\\/1C1V8Gv9BX\\\/?mibextid=qi2Omg\",\"@patagoniambiental\",\"https:\\\/\\\/youtube.com\\\/@patagoniaambiental2023?si=BLt58t0wuXquxlYZ\"]}]}<\/script>\n<!-- \/ Yoast SEO Premium plugin. -->","yoast_head_json":{"title":"Aprueban nueva resoluci\u00f3n de di\u00e1logo por Malvinas","robots":{"index":"index","follow":"follow","max-snippet":"max-snippet:-1","max-image-preview":"max-image-preview:large","max-video-preview":"max-video-preview:-1"},"canonical":"https:\/\/patagoniambiental.com.ar\/info\/aprueban-nueva-resolucion-de-dialogo-por-malvinas\/","og_locale":"es_ES","og_type":"article","og_title":"Aprueban nueva resoluci\u00f3n de di\u00e1logo por Malvinas","og_description":"Nueva York.-Timerman y Filmus encaberon la comitiva argentina por la custion de la soberan\u00eda del archipi\u00e9lago.","og_url":"https:\/\/patagoniambiental.com.ar\/info\/aprueban-nueva-resolucion-de-dialogo-por-malvinas\/","og_site_name":"Patagonia Ambiental","article_publisher":"https:\/\/www.facebook.com\/patagonia.ambiental","article_author":"https:\/\/www.facebook.com\/share\/1C1V8Gv9BX\/?mibextid=qi2Omg","article_published_time":"2015-06-26T12:00:59+00:00","author":"Patagonia Ambiental","twitter_card":"summary_large_image","twitter_creator":"@PatAmb","twitter_site":"@PatAmb","schema":{"@context":"https:\/\/schema.org","@graph":[{"@type":"Article","@id":"https:\/\/patagoniambiental.com.ar\/info\/aprueban-nueva-resolucion-de-dialogo-por-malvinas\/#article","isPartOf":{"@id":"https:\/\/patagoniambiental.com.ar\/info\/aprueban-nueva-resolucion-de-dialogo-por-malvinas\/"},"author":{"name":"Patagonia Ambiental","@id":"https:\/\/patagoniambiental.com.ar\/info\/#\/schema\/person\/db12bff64bbcbf6a253710bf0ea37b5d"},"headline":"Aprueban nueva resoluci\u00f3n de di\u00e1logo por Malvinas","datePublished":"2015-06-26T12:00:59+00:00","mainEntityOfPage":{"@id":"https:\/\/patagoniambiental.com.ar\/info\/aprueban-nueva-resolucion-de-dialogo-por-malvinas\/"},"wordCount":573,"publisher":{"@id":"https:\/\/patagoniambiental.com.ar\/info\/#organization"},"image":{"@id":"https:\/\/patagoniambiental.com.ar\/info\/aprueban-nueva-resolucion-de-dialogo-por-malvinas\/#primaryimage"},"thumbnailUrl":"","articleSection":["Internacionales","Noticias"],"inLanguage":"es"},{"@type":"WebPage","@id":"https:\/\/patagoniambiental.com.ar\/info\/aprueban-nueva-resolucion-de-dialogo-por-malvinas\/","url":"https:\/\/patagoniambiental.com.ar\/info\/aprueban-nueva-resolucion-de-dialogo-por-malvinas\/","name":"Aprueban nueva resoluci\u00f3n de di\u00e1logo por Malvinas","isPartOf":{"@id":"https:\/\/patagoniambiental.com.ar\/info\/#website"},"primaryImageOfPage":{"@id":"https:\/\/patagoniambiental.com.ar\/info\/aprueban-nueva-resolucion-de-dialogo-por-malvinas\/#primaryimage"},"image":{"@id":"https:\/\/patagoniambiental.com.ar\/info\/aprueban-nueva-resolucion-de-dialogo-por-malvinas\/#primaryimage"},"thumbnailUrl":"","datePublished":"2015-06-26T12:00:59+00:00","breadcrumb":{"@id":"https:\/\/patagoniambiental.com.ar\/info\/aprueban-nueva-resolucion-de-dialogo-por-malvinas\/#breadcrumb"},"inLanguage":"es","potentialAction":[{"@type":"ReadAction","target":["https:\/\/patagoniambiental.com.ar\/info\/aprueban-nueva-resolucion-de-dialogo-por-malvinas\/"]}]},{"@type":"ImageObject","inLanguage":"es","@id":"https:\/\/patagoniambiental.com.ar\/info\/aprueban-nueva-resolucion-de-dialogo-por-malvinas\/#primaryimage","url":"","contentUrl":""},{"@type":"BreadcrumbList","@id":"https:\/\/patagoniambiental.com.ar\/info\/aprueban-nueva-resolucion-de-dialogo-por-malvinas\/#breadcrumb","itemListElement":[{"@type":"ListItem","position":1,"name":"Inicio","item":"https:\/\/patagoniambiental.com.ar\/info\/"},{"@type":"ListItem","position":2,"name":"Aprueban nueva resoluci\u00f3n de di\u00e1logo por Malvinas"}]},{"@type":"WebSite","@id":"https:\/\/patagoniambiental.com.ar\/info\/#website","url":"https:\/\/patagoniambiental.com.ar\/info\/","name":"Patagonia Ambiental","description":"Monitoreo y an\u00e1lisis de la situaci\u00f3n geopol\u00edtica en el mundo y su implicancia en la Patagonia","publisher":{"@id":"https:\/\/patagoniambiental.com.ar\/info\/#organization"},"potentialAction":[{"@type":"SearchAction","target":{"@type":"EntryPoint","urlTemplate":"https:\/\/patagoniambiental.com.ar\/info\/?s={search_term_string}"},"query-input":{"@type":"PropertyValueSpecification","valueRequired":true,"valueName":"search_term_string"}}],"inLanguage":"es"},{"@type":"Organization","@id":"https:\/\/patagoniambiental.com.ar\/info\/#organization","name":"Patagonia Ambiental","url":"https:\/\/patagoniambiental.com.ar\/info\/","logo":{"@type":"ImageObject","inLanguage":"es","@id":"https:\/\/patagoniambiental.com.ar\/info\/#\/schema\/logo\/image\/","url":"https:\/\/patagoniambiental.com.ar\/info\/wp-content\/uploads\/2025\/05\/LOGO-PATAGONIA-AMBIENTAL.png","contentUrl":"https:\/\/patagoniambiental.com.ar\/info\/wp-content\/uploads\/2025\/05\/LOGO-PATAGONIA-AMBIENTAL.png","width":433,"height":250,"caption":"Patagonia Ambiental"},"image":{"@id":"https:\/\/patagoniambiental.com.ar\/info\/#\/schema\/logo\/image\/"},"sameAs":["https:\/\/www.facebook.com\/patagonia.ambiental","https:\/\/x.com\/PatAmb"]},{"@type":"Person","@id":"https:\/\/patagoniambiental.com.ar\/info\/#\/schema\/person\/db12bff64bbcbf6a253710bf0ea37b5d","name":"Patagonia Ambiental","description":"Andr\u00e9s Nievas T\u00e9cnico en manejo ambiental, consultor Ambiental y escritor para medios locales e internacionales sobre temas de geopolitica y medio ambiente.","sameAs":["http:\/\/www.patagoniambiental.com.ar","https:\/\/www.facebook.com\/share\/1C1V8Gv9BX\/?mibextid=qi2Omg","@patagoniambiental","https:\/\/youtube.com\/@patagoniaambiental2023?si=BLt58t0wuXquxlYZ"]}]}},"_links":{"self":[{"href":"https:\/\/patagoniambiental.com.ar\/info\/wp-json\/wp\/v2\/posts\/12460","targetHints":{"allow":["GET"]}}],"collection":[{"href":"https:\/\/patagoniambiental.com.ar\/info\/wp-json\/wp\/v2\/posts"}],"about":[{"href":"https:\/\/patagoniambiental.com.ar\/info\/wp-json\/wp\/v2\/types\/post"}],"author":[{"embeddable":true,"href":"https:\/\/patagoniambiental.com.ar\/info\/wp-json\/wp\/v2\/users\/2"}],"replies":[{"embeddable":true,"href":"https:\/\/patagoniambiental.com.ar\/info\/wp-json\/wp\/v2\/comments?post=12460"}],"version-history":[{"count":0,"href":"https:\/\/patagoniambiental.com.ar\/info\/wp-json\/wp\/v2\/posts\/12460\/revisions"}],"wp:featuredmedia":[{"embeddable":true,"href":"https:\/\/patagoniambiental.com.ar\/info\/wp-json\/"}],"wp:attachment":[{"href":"https:\/\/patagoniambiental.com.ar\/info\/wp-json\/wp\/v2\/media?parent=12460"}],"wp:term":[{"taxonomy":"category","embeddable":true,"href":"https:\/\/patagoniambiental.com.ar\/info\/wp-json\/wp\/v2\/categories?post=12460"},{"taxonomy":"post_tag","embeddable":true,"href":"https:\/\/patagoniambiental.com.ar\/info\/wp-json\/wp\/v2\/tags?post=12460"}],"curies":[{"name":"wp","href":"https:\/\/api.w.org\/{rel}","templated":true}]}}