{"id":12490,"date":"2015-06-27T19:00:59","date_gmt":"2015-06-27T22:00:59","guid":{"rendered":"http:\/\/patagoniambiental.com.ar\/?p=12490"},"modified":"2015-06-27T19:00:59","modified_gmt":"2015-06-27T22:00:59","slug":"en-comodoro-rivadavia-se-presento-el-proyecto-de-educacion-y-comunicacion-ambiental","status":"publish","type":"post","link":"https:\/\/patagoniambiental.com.ar\/info\/en-comodoro-rivadavia-se-presento-el-proyecto-de-educacion-y-comunicacion-ambiental\/","title":{"rendered":"En Comodoro Rivadavia: Se present\u00f3 el Proyecto de Educaci\u00f3n y Comunicaci\u00f3n Ambiental"},"content":{"rendered":"<p>Comodoro Rivadavia.-En la \u00faltima Sesi\u00f3n celebrada en el Concejo Deliberante, el concejal Luis Zaffaroni y la concejal Sonia Pereyra, en conjunto con el Bloque del Frente para la Victoria, presentaron sobre Tablas el Proyecto de Educaci\u00f3n y Comunicaci\u00f3n Ambiental (EyCA)<!--more--> que establece los lineamientos, alcances y marco general para sustentar la tem\u00e1tica ambiental en la ciudad de Comodoro Rivadavia.<\/p>\n<p>&nbsp;<br \/>\nPara debatir acerca de la Ordenanza participaron\u00a0 de las reuniones y talleres representantes del Ministerio de Ambiente y Control de Desarrollo Sustentable; la Subsecretar\u00eda de Ambiente; profesores especializados de la Universidad Nacional de la Patagonia y otros profesionales id\u00f3neos en la materia.<\/p>\n<p>La Ordenanza de Educaci\u00f3n y Comunicaci\u00f3n Ambiental est\u00e1 destinada a la comunidad en general, sean \u00e9stos sujetos individuales o colectivos, como: ni\u00f1os, ni\u00f1as, adolescentes y j\u00f3venes; grupos familiares; educadores, formadores y otros agentes de cambio facilitadores del aprendizaje; l\u00edderes de opini\u00f3n; comunicadores, empresas, organizaciones sociales; agentes y funcionarios municipales.<\/p>\n<p><strong>Plan, Programa y Proyectos<\/strong><\/p>\n<p>A trav\u00e9s de esta normativa, que se implementar\u00e1 en los\u00a0 \u00e1mbitos de la Educaci\u00f3n Formal, No formal e Informal, se intenta comprender que el desarrollo sostenible es un pilar fundamental para la Educaci\u00f3n y Comunicaci\u00f3n Ambiental, integr\u00e1ndose activamente en ella.\u00a0 Adem\u00e1s es un objetivo fundamental propender la \u00e9tica y conducta ambiental en los ciudadanos para lograr el desarrollo sostenible. Por otra parte, resulta fundamental concientizar acerca de los impactos que generan las acciones del ser humano en el ambiente.<\/p>\n<p>El proyecto de EyCA propone la creaci\u00f3n de un Plan de de Educaci\u00f3n y Comunicaci\u00f3n Ambiental que consta de\u00a0 estrategias educativas y comunicativas ambientales que responden a los aspectos que conforman la realidad socio-ambiental local. Constituye una alternativa para el tratamiento de tem\u00e1ticas ambientales, destinadas a fortalecer las estructuras institucionales y promover la participaci\u00f3n ciudadana. El Plan tiene como objetivo comunicar sobre las problem\u00e1ticas ambientales locales a la comunidad en general para valorar el ambiente en que habitamos.<\/p>\n<p>Por otra parte, se propone la creaci\u00f3n de un Programa General de Educaci\u00f3n y Comunicaci\u00f3n Ambiental (PGEyCA) con el objetivo de elaborar y consolidar Proyectos de Educaci\u00f3n y Comunicaci\u00f3n Ambiental en el \u00e1mbito de la ciudad de Comodoro Rivadavia. El mismo considera todas las tem\u00e1ticas vinculadas al ambiente; siendo prioritarios los temas de residuos s\u00f3lidos urbanos y del manejo del agua.<\/p>\n<p>Se conformar\u00e1 de proyectos de origen tanto interno como\u00a0 externo, que se\u00a0 orientar\u00e1n en acciones vinculadas a generar encuentros inter barriales de intercambio de experiencias,\u00a0 diagn\u00f3sticos y\/o relevamientos socio-ambientales. Adem\u00e1s, a trav\u00e9s de los Proyectos se pretende difundir informaci\u00f3n educativo ambiental por diversos medios de comunicaci\u00f3n masiva y redes sociales para llegar a todos los vecinos de la ciudad.<\/p>\n<p>Uno de los prop\u00f3sitos fundamentales de este proyecto de Ordenanza es incentivar la organizaci\u00f3n y participaci\u00f3n de todos los sujetos interesados en construir nuevas identidades de ciudadan\u00eda ambiental, buenas pr\u00e1cticas de residuos s\u00f3lidos urbanos, uso racional de recursos naturales y nuevos h\u00e1bitos de consumo. Al mismo tiempo, propiciar especialmente la participaci\u00f3n de ni\u00f1os, ni\u00f1as y j\u00f3venes, como agentes del cambio socio ambiental.<\/p>\n<p>Fuente: Politica Chubut<br \/>\n&nbsp;<\/p>\n<p>&nbsp;<\/p>\n","protected":false},"excerpt":{"rendered":"<p>Comodoro Rivadavia.-En la \u00faltima Sesi\u00f3n celebrada en el Concejo Deliberante, el concejal Luis Zaffaroni y la concejal Sonia Pereyra, en [&hellip;]<\/p>\n","protected":false},"author":2,"featured_media":12491,"comment_status":"closed","ping_status":"closed","sticky":false,"template":"","format":"standard","meta":{"site-sidebar-layout":"default","site-content-layout":"","ast-site-content-layout":"default","site-content-style":"default","site-sidebar-style":"default","ast-global-header-display":"","ast-banner-title-visibility":"","ast-main-header-display":"","ast-hfb-above-header-display":"","ast-hfb-below-header-display":"","ast-hfb-mobile-header-display":"","site-post-title":"","ast-breadcrumbs-content":"","ast-featured-img":"","footer-sml-layout":"","ast-disable-related-posts":"","theme-transparent-header-meta":"","adv-header-id-meta":"","stick-header-meta":"","header-above-stick-meta":"","header-main-stick-meta":"","header-below-stick-meta":"","astra-migrate-meta-layouts":"default","ast-page-background-enabled":"default","ast-page-background-meta":{"desktop":{"background-color":"var(--ast-global-color-5)","background-image":"","background-repeat":"repeat","background-position":"center center","background-size":"auto","background-attachment":"scroll","background-type":"","background-media":"","overlay-type":"","overlay-color":"","overlay-opacity":"","overlay-gradient":""},"tablet":{"background-color":"","background-image":"","background-repeat":"repeat","background-position":"center center","background-size":"auto","background-attachment":"scroll","background-type":"","background-media":"","overlay-type":"","overlay-color":"","overlay-opacity":"","overlay-gradient":""},"mobile":{"background-color":"","background-image":"","background-repeat":"repeat","background-position":"center center","background-size":"auto","background-attachment":"scroll","background-type":"","background-media":"","overlay-type":"","overlay-color":"","overlay-opacity":"","overlay-gradient":""}},"ast-content-background-meta":{"desktop":{"background-color":"var(--ast-global-color-4)","background-image":"","background-repeat":"repeat","background-position":"center center","background-size":"auto","background-attachment":"scroll","background-type":"","background-media":"","overlay-type":"","overlay-color":"","overlay-opacity":"","overlay-gradient":""},"tablet":{"background-color":"var(--ast-global-color-4)","background-image":"","background-repeat":"repeat","background-position":"center center","background-size":"auto","background-attachment":"scroll","background-type":"","background-media":"","overlay-type":"","overlay-color":"","overlay-opacity":"","overlay-gradient":""},"mobile":{"background-color":"var(--ast-global-color-4)","background-image":"","background-repeat":"repeat","background-position":"center center","background-size":"auto","background-attachment":"scroll","background-type":"","background-media":"","overlay-type":"","overlay-color":"","overlay-opacity":"","overlay-gradient":""}},"footnotes":""},"categories":[16,1],"tags":[],"class_list":["post-12490","post","type-post","status-publish","format-standard","has-post-thumbnail","hentry","category-municipales","category-noticias"],"yoast_head":"<!-- This site is optimized with the Yoast SEO Premium plugin v23.0 (Yoast SEO v27.4) - https:\/\/yoast.com\/product\/yoast-seo-premium-wordpress\/ -->\n<title>En Comodoro Rivadavia: Se present\u00f3 el Proyecto de Educaci\u00f3n y Comunicaci\u00f3n Ambiental<\/title>\n<meta name=\"robots\" content=\"index, follow, max-snippet:-1, max-image-preview:large, max-video-preview:-1\" \/>\n<link rel=\"canonical\" href=\"https:\/\/patagoniambiental.com.ar\/info\/en-comodoro-rivadavia-se-presento-el-proyecto-de-educacion-y-comunicacion-ambiental\/\" \/>\n<meta property=\"og:locale\" content=\"es_ES\" \/>\n<meta property=\"og:type\" content=\"article\" \/>\n<meta property=\"og:title\" content=\"En Comodoro Rivadavia: Se present\u00f3 el Proyecto de Educaci\u00f3n y Comunicaci\u00f3n Ambiental\" \/>\n<meta property=\"og:description\" content=\"Comodoro Rivadavia.-En la \u00faltima Sesi\u00f3n celebrada en el Concejo Deliberante, el concejal Luis Zaffaroni y la concejal Sonia Pereyra, en [&hellip;]\" \/>\n<meta property=\"og:url\" content=\"https:\/\/patagoniambiental.com.ar\/info\/en-comodoro-rivadavia-se-presento-el-proyecto-de-educacion-y-comunicacion-ambiental\/\" \/>\n<meta property=\"og:site_name\" content=\"Patagonia Ambiental\" \/>\n<meta property=\"article:publisher\" content=\"https:\/\/www.facebook.com\/patagonia.ambiental\" \/>\n<meta property=\"article:author\" content=\"https:\/\/www.facebook.com\/share\/1C1V8Gv9BX\/?mibextid=qi2Omg\" \/>\n<meta property=\"article:published_time\" content=\"2015-06-27T22:00:59+00:00\" \/>\n<meta name=\"author\" content=\"Patagonia Ambiental\" \/>\n<meta name=\"twitter:card\" content=\"summary_large_image\" \/>\n<meta name=\"twitter:creator\" content=\"@PatAmb\" \/>\n<meta name=\"twitter:site\" content=\"@PatAmb\" \/>\n<script type=\"application\/ld+json\" class=\"yoast-schema-graph\">{\"@context\":\"https:\\\/\\\/schema.org\",\"@graph\":[{\"@type\":\"Article\",\"@id\":\"https:\\\/\\\/patagoniambiental.com.ar\\\/info\\\/en-comodoro-rivadavia-se-presento-el-proyecto-de-educacion-y-comunicacion-ambiental\\\/#article\",\"isPartOf\":{\"@id\":\"https:\\\/\\\/patagoniambiental.com.ar\\\/info\\\/en-comodoro-rivadavia-se-presento-el-proyecto-de-educacion-y-comunicacion-ambiental\\\/\"},\"author\":{\"name\":\"Patagonia Ambiental\",\"@id\":\"https:\\\/\\\/patagoniambiental.com.ar\\\/info\\\/#\\\/schema\\\/person\\\/db12bff64bbcbf6a253710bf0ea37b5d\"},\"headline\":\"En Comodoro Rivadavia: Se present\u00f3 el Proyecto de Educaci\u00f3n y Comunicaci\u00f3n Ambiental\",\"datePublished\":\"2015-06-27T22:00:59+00:00\",\"mainEntityOfPage\":{\"@id\":\"https:\\\/\\\/patagoniambiental.com.ar\\\/info\\\/en-comodoro-rivadavia-se-presento-el-proyecto-de-educacion-y-comunicacion-ambiental\\\/\"},\"wordCount\":564,\"publisher\":{\"@id\":\"https:\\\/\\\/patagoniambiental.com.ar\\\/info\\\/#organization\"},\"image\":{\"@id\":\"https:\\\/\\\/patagoniambiental.com.ar\\\/info\\\/en-comodoro-rivadavia-se-presento-el-proyecto-de-educacion-y-comunicacion-ambiental\\\/#primaryimage\"},\"thumbnailUrl\":\"\",\"articleSection\":[\"Municipales\",\"Noticias\"],\"inLanguage\":\"es\"},{\"@type\":\"WebPage\",\"@id\":\"https:\\\/\\\/patagoniambiental.com.ar\\\/info\\\/en-comodoro-rivadavia-se-presento-el-proyecto-de-educacion-y-comunicacion-ambiental\\\/\",\"url\":\"https:\\\/\\\/patagoniambiental.com.ar\\\/info\\\/en-comodoro-rivadavia-se-presento-el-proyecto-de-educacion-y-comunicacion-ambiental\\\/\",\"name\":\"En Comodoro Rivadavia: Se present\u00f3 el Proyecto de Educaci\u00f3n y Comunicaci\u00f3n Ambiental\",\"isPartOf\":{\"@id\":\"https:\\\/\\\/patagoniambiental.com.ar\\\/info\\\/#website\"},\"primaryImageOfPage\":{\"@id\":\"https:\\\/\\\/patagoniambiental.com.ar\\\/info\\\/en-comodoro-rivadavia-se-presento-el-proyecto-de-educacion-y-comunicacion-ambiental\\\/#primaryimage\"},\"image\":{\"@id\":\"https:\\\/\\\/patagoniambiental.com.ar\\\/info\\\/en-comodoro-rivadavia-se-presento-el-proyecto-de-educacion-y-comunicacion-ambiental\\\/#primaryimage\"},\"thumbnailUrl\":\"\",\"datePublished\":\"2015-06-27T22:00:59+00:00\",\"breadcrumb\":{\"@id\":\"https:\\\/\\\/patagoniambiental.com.ar\\\/info\\\/en-comodoro-rivadavia-se-presento-el-proyecto-de-educacion-y-comunicacion-ambiental\\\/#breadcrumb\"},\"inLanguage\":\"es\",\"potentialAction\":[{\"@type\":\"ReadAction\",\"target\":[\"https:\\\/\\\/patagoniambiental.com.ar\\\/info\\\/en-comodoro-rivadavia-se-presento-el-proyecto-de-educacion-y-comunicacion-ambiental\\\/\"]}]},{\"@type\":\"ImageObject\",\"inLanguage\":\"es\",\"@id\":\"https:\\\/\\\/patagoniambiental.com.ar\\\/info\\\/en-comodoro-rivadavia-se-presento-el-proyecto-de-educacion-y-comunicacion-ambiental\\\/#primaryimage\",\"url\":\"\",\"contentUrl\":\"\"},{\"@type\":\"BreadcrumbList\",\"@id\":\"https:\\\/\\\/patagoniambiental.com.ar\\\/info\\\/en-comodoro-rivadavia-se-presento-el-proyecto-de-educacion-y-comunicacion-ambiental\\\/#breadcrumb\",\"itemListElement\":[{\"@type\":\"ListItem\",\"position\":1,\"name\":\"Inicio\",\"item\":\"https:\\\/\\\/patagoniambiental.com.ar\\\/info\\\/\"},{\"@type\":\"ListItem\",\"position\":2,\"name\":\"En Comodoro Rivadavia: Se present\u00f3 el Proyecto de Educaci\u00f3n y Comunicaci\u00f3n Ambiental\"}]},{\"@type\":\"WebSite\",\"@id\":\"https:\\\/\\\/patagoniambiental.com.ar\\\/info\\\/#website\",\"url\":\"https:\\\/\\\/patagoniambiental.com.ar\\\/info\\\/\",\"name\":\"Patagonia Ambiental\",\"description\":\"Monitoreo y an\u00e1lisis de la situaci\u00f3n geopol\u00edtica en el mundo y su implicancia en la Patagonia\",\"publisher\":{\"@id\":\"https:\\\/\\\/patagoniambiental.com.ar\\\/info\\\/#organization\"},\"potentialAction\":[{\"@type\":\"SearchAction\",\"target\":{\"@type\":\"EntryPoint\",\"urlTemplate\":\"https:\\\/\\\/patagoniambiental.com.ar\\\/info\\\/?s={search_term_string}\"},\"query-input\":{\"@type\":\"PropertyValueSpecification\",\"valueRequired\":true,\"valueName\":\"search_term_string\"}}],\"inLanguage\":\"es\"},{\"@type\":\"Organization\",\"@id\":\"https:\\\/\\\/patagoniambiental.com.ar\\\/info\\\/#organization\",\"name\":\"Patagonia Ambiental\",\"url\":\"https:\\\/\\\/patagoniambiental.com.ar\\\/info\\\/\",\"logo\":{\"@type\":\"ImageObject\",\"inLanguage\":\"es\",\"@id\":\"https:\\\/\\\/patagoniambiental.com.ar\\\/info\\\/#\\\/schema\\\/logo\\\/image\\\/\",\"url\":\"https:\\\/\\\/patagoniambiental.com.ar\\\/info\\\/wp-content\\\/uploads\\\/2025\\\/05\\\/LOGO-PATAGONIA-AMBIENTAL.png\",\"contentUrl\":\"https:\\\/\\\/patagoniambiental.com.ar\\\/info\\\/wp-content\\\/uploads\\\/2025\\\/05\\\/LOGO-PATAGONIA-AMBIENTAL.png\",\"width\":433,\"height\":250,\"caption\":\"Patagonia Ambiental\"},\"image\":{\"@id\":\"https:\\\/\\\/patagoniambiental.com.ar\\\/info\\\/#\\\/schema\\\/logo\\\/image\\\/\"},\"sameAs\":[\"https:\\\/\\\/www.facebook.com\\\/patagonia.ambiental\",\"https:\\\/\\\/x.com\\\/PatAmb\"]},{\"@type\":\"Person\",\"@id\":\"https:\\\/\\\/patagoniambiental.com.ar\\\/info\\\/#\\\/schema\\\/person\\\/db12bff64bbcbf6a253710bf0ea37b5d\",\"name\":\"Patagonia Ambiental\",\"description\":\"Andr\u00e9s Nievas T\u00e9cnico en manejo ambiental, consultor Ambiental y escritor para medios locales e internacionales sobre temas de geopolitica y medio ambiente.\",\"sameAs\":[\"http:\\\/\\\/www.patagoniambiental.com.ar\",\"https:\\\/\\\/www.facebook.com\\\/share\\\/1C1V8Gv9BX\\\/?mibextid=qi2Omg\",\"@patagoniambiental\",\"https:\\\/\\\/youtube.com\\\/@patagoniaambiental2023?si=BLt58t0wuXquxlYZ\"]}]}<\/script>\n<!-- \/ Yoast SEO Premium plugin. -->","yoast_head_json":{"title":"En Comodoro Rivadavia: Se present\u00f3 el Proyecto de Educaci\u00f3n y Comunicaci\u00f3n Ambiental","robots":{"index":"index","follow":"follow","max-snippet":"max-snippet:-1","max-image-preview":"max-image-preview:large","max-video-preview":"max-video-preview:-1"},"canonical":"https:\/\/patagoniambiental.com.ar\/info\/en-comodoro-rivadavia-se-presento-el-proyecto-de-educacion-y-comunicacion-ambiental\/","og_locale":"es_ES","og_type":"article","og_title":"En Comodoro Rivadavia: Se present\u00f3 el Proyecto de Educaci\u00f3n y Comunicaci\u00f3n Ambiental","og_description":"Comodoro Rivadavia.-En la \u00faltima Sesi\u00f3n celebrada en el Concejo Deliberante, el concejal Luis Zaffaroni y la concejal Sonia Pereyra, en [&hellip;]","og_url":"https:\/\/patagoniambiental.com.ar\/info\/en-comodoro-rivadavia-se-presento-el-proyecto-de-educacion-y-comunicacion-ambiental\/","og_site_name":"Patagonia Ambiental","article_publisher":"https:\/\/www.facebook.com\/patagonia.ambiental","article_author":"https:\/\/www.facebook.com\/share\/1C1V8Gv9BX\/?mibextid=qi2Omg","article_published_time":"2015-06-27T22:00:59+00:00","author":"Patagonia Ambiental","twitter_card":"summary_large_image","twitter_creator":"@PatAmb","twitter_site":"@PatAmb","schema":{"@context":"https:\/\/schema.org","@graph":[{"@type":"Article","@id":"https:\/\/patagoniambiental.com.ar\/info\/en-comodoro-rivadavia-se-presento-el-proyecto-de-educacion-y-comunicacion-ambiental\/#article","isPartOf":{"@id":"https:\/\/patagoniambiental.com.ar\/info\/en-comodoro-rivadavia-se-presento-el-proyecto-de-educacion-y-comunicacion-ambiental\/"},"author":{"name":"Patagonia Ambiental","@id":"https:\/\/patagoniambiental.com.ar\/info\/#\/schema\/person\/db12bff64bbcbf6a253710bf0ea37b5d"},"headline":"En Comodoro Rivadavia: Se present\u00f3 el Proyecto de Educaci\u00f3n y Comunicaci\u00f3n Ambiental","datePublished":"2015-06-27T22:00:59+00:00","mainEntityOfPage":{"@id":"https:\/\/patagoniambiental.com.ar\/info\/en-comodoro-rivadavia-se-presento-el-proyecto-de-educacion-y-comunicacion-ambiental\/"},"wordCount":564,"publisher":{"@id":"https:\/\/patagoniambiental.com.ar\/info\/#organization"},"image":{"@id":"https:\/\/patagoniambiental.com.ar\/info\/en-comodoro-rivadavia-se-presento-el-proyecto-de-educacion-y-comunicacion-ambiental\/#primaryimage"},"thumbnailUrl":"","articleSection":["Municipales","Noticias"],"inLanguage":"es"},{"@type":"WebPage","@id":"https:\/\/patagoniambiental.com.ar\/info\/en-comodoro-rivadavia-se-presento-el-proyecto-de-educacion-y-comunicacion-ambiental\/","url":"https:\/\/patagoniambiental.com.ar\/info\/en-comodoro-rivadavia-se-presento-el-proyecto-de-educacion-y-comunicacion-ambiental\/","name":"En Comodoro Rivadavia: Se present\u00f3 el Proyecto de Educaci\u00f3n y Comunicaci\u00f3n Ambiental","isPartOf":{"@id":"https:\/\/patagoniambiental.com.ar\/info\/#website"},"primaryImageOfPage":{"@id":"https:\/\/patagoniambiental.com.ar\/info\/en-comodoro-rivadavia-se-presento-el-proyecto-de-educacion-y-comunicacion-ambiental\/#primaryimage"},"image":{"@id":"https:\/\/patagoniambiental.com.ar\/info\/en-comodoro-rivadavia-se-presento-el-proyecto-de-educacion-y-comunicacion-ambiental\/#primaryimage"},"thumbnailUrl":"","datePublished":"2015-06-27T22:00:59+00:00","breadcrumb":{"@id":"https:\/\/patagoniambiental.com.ar\/info\/en-comodoro-rivadavia-se-presento-el-proyecto-de-educacion-y-comunicacion-ambiental\/#breadcrumb"},"inLanguage":"es","potentialAction":[{"@type":"ReadAction","target":["https:\/\/patagoniambiental.com.ar\/info\/en-comodoro-rivadavia-se-presento-el-proyecto-de-educacion-y-comunicacion-ambiental\/"]}]},{"@type":"ImageObject","inLanguage":"es","@id":"https:\/\/patagoniambiental.com.ar\/info\/en-comodoro-rivadavia-se-presento-el-proyecto-de-educacion-y-comunicacion-ambiental\/#primaryimage","url":"","contentUrl":""},{"@type":"BreadcrumbList","@id":"https:\/\/patagoniambiental.com.ar\/info\/en-comodoro-rivadavia-se-presento-el-proyecto-de-educacion-y-comunicacion-ambiental\/#breadcrumb","itemListElement":[{"@type":"ListItem","position":1,"name":"Inicio","item":"https:\/\/patagoniambiental.com.ar\/info\/"},{"@type":"ListItem","position":2,"name":"En Comodoro Rivadavia: Se present\u00f3 el Proyecto de Educaci\u00f3n y Comunicaci\u00f3n Ambiental"}]},{"@type":"WebSite","@id":"https:\/\/patagoniambiental.com.ar\/info\/#website","url":"https:\/\/patagoniambiental.com.ar\/info\/","name":"Patagonia Ambiental","description":"Monitoreo y an\u00e1lisis de la situaci\u00f3n geopol\u00edtica en el mundo y su implicancia en la Patagonia","publisher":{"@id":"https:\/\/patagoniambiental.com.ar\/info\/#organization"},"potentialAction":[{"@type":"SearchAction","target":{"@type":"EntryPoint","urlTemplate":"https:\/\/patagoniambiental.com.ar\/info\/?s={search_term_string}"},"query-input":{"@type":"PropertyValueSpecification","valueRequired":true,"valueName":"search_term_string"}}],"inLanguage":"es"},{"@type":"Organization","@id":"https:\/\/patagoniambiental.com.ar\/info\/#organization","name":"Patagonia Ambiental","url":"https:\/\/patagoniambiental.com.ar\/info\/","logo":{"@type":"ImageObject","inLanguage":"es","@id":"https:\/\/patagoniambiental.com.ar\/info\/#\/schema\/logo\/image\/","url":"https:\/\/patagoniambiental.com.ar\/info\/wp-content\/uploads\/2025\/05\/LOGO-PATAGONIA-AMBIENTAL.png","contentUrl":"https:\/\/patagoniambiental.com.ar\/info\/wp-content\/uploads\/2025\/05\/LOGO-PATAGONIA-AMBIENTAL.png","width":433,"height":250,"caption":"Patagonia Ambiental"},"image":{"@id":"https:\/\/patagoniambiental.com.ar\/info\/#\/schema\/logo\/image\/"},"sameAs":["https:\/\/www.facebook.com\/patagonia.ambiental","https:\/\/x.com\/PatAmb"]},{"@type":"Person","@id":"https:\/\/patagoniambiental.com.ar\/info\/#\/schema\/person\/db12bff64bbcbf6a253710bf0ea37b5d","name":"Patagonia Ambiental","description":"Andr\u00e9s Nievas T\u00e9cnico en manejo ambiental, consultor Ambiental y escritor para medios locales e internacionales sobre temas de geopolitica y medio ambiente.","sameAs":["http:\/\/www.patagoniambiental.com.ar","https:\/\/www.facebook.com\/share\/1C1V8Gv9BX\/?mibextid=qi2Omg","@patagoniambiental","https:\/\/youtube.com\/@patagoniaambiental2023?si=BLt58t0wuXquxlYZ"]}]}},"_links":{"self":[{"href":"https:\/\/patagoniambiental.com.ar\/info\/wp-json\/wp\/v2\/posts\/12490","targetHints":{"allow":["GET"]}}],"collection":[{"href":"https:\/\/patagoniambiental.com.ar\/info\/wp-json\/wp\/v2\/posts"}],"about":[{"href":"https:\/\/patagoniambiental.com.ar\/info\/wp-json\/wp\/v2\/types\/post"}],"author":[{"embeddable":true,"href":"https:\/\/patagoniambiental.com.ar\/info\/wp-json\/wp\/v2\/users\/2"}],"replies":[{"embeddable":true,"href":"https:\/\/patagoniambiental.com.ar\/info\/wp-json\/wp\/v2\/comments?post=12490"}],"version-history":[{"count":0,"href":"https:\/\/patagoniambiental.com.ar\/info\/wp-json\/wp\/v2\/posts\/12490\/revisions"}],"wp:featuredmedia":[{"embeddable":true,"href":"https:\/\/patagoniambiental.com.ar\/info\/wp-json\/"}],"wp:attachment":[{"href":"https:\/\/patagoniambiental.com.ar\/info\/wp-json\/wp\/v2\/media?parent=12490"}],"wp:term":[{"taxonomy":"category","embeddable":true,"href":"https:\/\/patagoniambiental.com.ar\/info\/wp-json\/wp\/v2\/categories?post=12490"},{"taxonomy":"post_tag","embeddable":true,"href":"https:\/\/patagoniambiental.com.ar\/info\/wp-json\/wp\/v2\/tags?post=12490"}],"curies":[{"name":"wp","href":"https:\/\/api.w.org\/{rel}","templated":true}]}}