{"id":12496,"date":"2015-06-29T09:00:26","date_gmt":"2015-06-29T12:00:26","guid":{"rendered":"http:\/\/patagoniambiental.com.ar\/?p=12496"},"modified":"2015-06-29T09:00:26","modified_gmt":"2015-06-29T12:00:26","slug":"observatorio-malvinas-fabian-rios-recibira-a-daniel-filmus","status":"publish","type":"post","link":"https:\/\/patagoniambiental.com.ar\/info\/observatorio-malvinas-fabian-rios-recibira-a-daniel-filmus\/","title":{"rendered":"Observatorio Malvinas: Fabi\u00e1n R\u00edos recibir\u00e1 a Daniel Filmus"},"content":{"rendered":"<p>Corrientes.-El intendente Fabi\u00e1n R\u00edos junto a Daniel Filmus y al catedr\u00e1tico, Ernesto \u201cTito\u201d Meixner, presentar\u00e1n la \u201cC\u00e1tedra Abierta Malvinas\u201d desde las 17 en la Sociedad Espa\u00f1ola.<!--more--> La misma busca concientizar a la comunidad sobre la importancia de reabrir el di\u00e1logo con el Reino Unido y promover pol\u00edticas que garanticen la soberan\u00eda nacional sobre las Islas. El evento es organizado por el Observatorio Cuesti\u00f3n Malvinas del Litoral Argentino (OCMLA) que lo integra la Municipalidad de Corrientes, la Municipalidad de Resistencia, la Universidad Nacional del Nordeste y la Universidad de la Cuenca del Plata<\/p>\n<p>Hoy el intendente Fabi\u00e1n R\u00edos recibir\u00e1 la visita del Secretario Nacional de Asuntos Relativos a las Islas Malvinas, Georgias del Sur, Sandwich del Sur y los Espacios Mar\u00edtimos Circundantes, Daniel Fernando Filmus.<\/p>\n<p>La visita a Corrientes del tambi\u00e9n representante de Argentina ante la Organizaci\u00f3n de Naciones Unidas (ONU) para temas relacionados con la causa nacional, se dar\u00e1 en el marco de un nuevo encuentro que tendr\u00e1 el Observatorio Cuesti\u00f3n Malvinas del Litoral Argentino (OCMLA) constituido el a\u00f1o pasado por impulso del intendente Fabi\u00e1n R\u00edos.<\/p>\n<p>Fabi\u00e1n R\u00edos y Daniel Filmus presidir\u00e1n el acto que se realizar\u00e1 a las 17 horas en la sede de la Sociedad Espa\u00f1ola (Mendoza 530) en el que se presentar\u00e1 la \u201cC\u00e1tedra Abierta Malvinas\u201d. Tambi\u00e9n participar\u00e1n del evento autoridades de la Universidad Nacional del Nordeste (UNNE), de la Universidad de la Cuenca del Plata (UCP) y de la Municipalidad de Resistencia (Chaco); instituciones que tambi\u00e9n integran el OCMLA.<\/p>\n<p>El Jefe Comunal capitalino se\u00f1al\u00f3 que \u201cDaniel Filmus viene para profundizar el reclamo de soberan\u00eda nacional sobre las Islas\u201d y coment\u00f3 que \u201cdurante los \u00faltimos d\u00edas Daniel estuvo profundizando estas demandas en el Comit\u00e9 de Descolonizaci\u00f3n de la ONU\u201d.<\/p>\n<p>El ex jefe del bloque del Frente para la Victoria (FPV) en la C\u00e1mara de Diputados de la Naci\u00f3n disertar\u00e1 sobre los trabajos que viene realizando el Estado Nacional en la Organizaci\u00f3n de las Naciones Unidas (ONU) para concientizar sobre la soberan\u00eda nacional, promover el di\u00e1logo con el Reino Unido y denunciar la militarizaci\u00f3n en las islas.<\/p>\n<p>Previo al acto central, a las 15 horas Fabi\u00e1n R\u00edos e integrantes de su Gabinete Municipal, recibir\u00e1n a Daniel Filmus en el Palacio Municipal oportunidad en la que se le entregar\u00e1 la declaraci\u00f3n de Hu\u00e9sped de Honor de la Ciudad de Corrientes.<\/p>\n<p>A las 17 horas en la Sociedad Espa\u00f1ola se presentar\u00e1 la \u00abC\u00e1tedra Abierta Malvinas\u00bb que contar\u00e1 con la disertaci\u00f3n del catedr\u00e1tico de derecho internacional y candidato a diputado provincial del FPV, Ernesto \u00abTito\u00bb Meixner. Daniel Filmus ser\u00e1 el encargado de cerrar la jornada de debate y exposici\u00f3n.<\/p>\n<p>El Observatorio Cuesti\u00f3n Malvinas del Litoral Argentino, creado en abril de 2014 por impulso del intendente Fabi\u00e1n R\u00edos, tiene la misi\u00f3n de realizar estudios cient\u00edficos, promover debates, concretar proyectos acad\u00e9micos y construir proyectos pol\u00edticos para promover en la comunidad la defensa de la soberan\u00eda nacional de las islas Malvinas; siempre basado en el aporte de las universidades y con una proyecci\u00f3n del futuro.<\/p>\n<p>La entidad trabaja en la promoci\u00f3n de la conciencia hist\u00f3rica y actual de los derechos de la Naci\u00f3n Argentina sobre las Islas. En articulaci\u00f3n con el Congreso de la Naci\u00f3n y otros gobiernos provinciales; es un espacio de difusi\u00f3n de la causa nacional en la que se trabajan los proyectos cient\u00edficos y pol\u00edticos que permiten la apertura del di\u00e1logo internacional en reclamo de la soberan\u00eda.<\/p>\n<p>El OCMLA surgi\u00f3 como una necesidad de crear un espacio acad\u00e9mico de reflexi\u00f3n, investigaci\u00f3n e intervenci\u00f3n en la Comunidad Litoral para la difusi\u00f3n de esta gran Causa de Unidad Nacional y Latinoamericana. Est\u00e1 compuesto por la Municipalidad de la Ciudad de Corrientes, la Municipalidad de Resistencia, la Universidad Nacional del Nordeste (UNNE) y la Universidad de la Cuenca del Plata (UCP).<\/p>\n<p>&#8211; See more at: http:\/\/www.corrienteshoy.com\/vernota.asp?id_noticia=183310#sthash.MP97Lkoy.dpuf<\/p>\n<p>&nbsp;<\/p>\n<p>Fuente: Corrientes Hoy<\/p>\n","protected":false},"excerpt":{"rendered":"<p>Corrientes.-El intendente Fabi\u00e1n R\u00edos junto a Daniel Filmus y al catedr\u00e1tico, Ernesto \u201cTito\u201d Meixner, presentar\u00e1n la \u201cC\u00e1tedra Abierta Malvinas\u201d desde [&hellip;]<\/p>\n","protected":false},"author":2,"featured_media":12498,"comment_status":"closed","ping_status":"closed","sticky":false,"template":"","format":"standard","meta":{"site-sidebar-layout":"default","site-content-layout":"","ast-site-content-layout":"default","site-content-style":"default","site-sidebar-style":"default","ast-global-header-display":"","ast-banner-title-visibility":"","ast-main-header-display":"","ast-hfb-above-header-display":"","ast-hfb-below-header-display":"","ast-hfb-mobile-header-display":"","site-post-title":"","ast-breadcrumbs-content":"","ast-featured-img":"","footer-sml-layout":"","ast-disable-related-posts":"","theme-transparent-header-meta":"","adv-header-id-meta":"","stick-header-meta":"","header-above-stick-meta":"","header-main-stick-meta":"","header-below-stick-meta":"","astra-migrate-meta-layouts":"default","ast-page-background-enabled":"default","ast-page-background-meta":{"desktop":{"background-color":"var(--ast-global-color-5)","background-image":"","background-repeat":"repeat","background-position":"center center","background-size":"auto","background-attachment":"scroll","background-type":"","background-media":"","overlay-type":"","overlay-color":"","overlay-opacity":"","overlay-gradient":""},"tablet":{"background-color":"","background-image":"","background-repeat":"repeat","background-position":"center center","background-size":"auto","background-attachment":"scroll","background-type":"","background-media":"","overlay-type":"","overlay-color":"","overlay-opacity":"","overlay-gradient":""},"mobile":{"background-color":"","background-image":"","background-repeat":"repeat","background-position":"center center","background-size":"auto","background-attachment":"scroll","background-type":"","background-media":"","overlay-type":"","overlay-color":"","overlay-opacity":"","overlay-gradient":""}},"ast-content-background-meta":{"desktop":{"background-color":"var(--ast-global-color-4)","background-image":"","background-repeat":"repeat","background-position":"center center","background-size":"auto","background-attachment":"scroll","background-type":"","background-media":"","overlay-type":"","overlay-color":"","overlay-opacity":"","overlay-gradient":""},"tablet":{"background-color":"var(--ast-global-color-4)","background-image":"","background-repeat":"repeat","background-position":"center center","background-size":"auto","background-attachment":"scroll","background-type":"","background-media":"","overlay-type":"","overlay-color":"","overlay-opacity":"","overlay-gradient":""},"mobile":{"background-color":"var(--ast-global-color-4)","background-image":"","background-repeat":"repeat","background-position":"center center","background-size":"auto","background-attachment":"scroll","background-type":"","background-media":"","overlay-type":"","overlay-color":"","overlay-opacity":"","overlay-gradient":""}},"footnotes":""},"categories":[23,1],"tags":[],"class_list":["post-12496","post","type-post","status-publish","format-standard","has-post-thumbnail","hentry","category-internacionales","category-noticias"],"yoast_head":"<!-- This site is optimized with the Yoast SEO Premium plugin v23.0 (Yoast SEO v27.4) - https:\/\/yoast.com\/product\/yoast-seo-premium-wordpress\/ -->\n<title>Observatorio Malvinas: Fabi\u00e1n R\u00edos recibir\u00e1 a Daniel Filmus<\/title>\n<meta name=\"robots\" content=\"index, follow, max-snippet:-1, max-image-preview:large, max-video-preview:-1\" \/>\n<link rel=\"canonical\" href=\"https:\/\/patagoniambiental.com.ar\/info\/observatorio-malvinas-fabian-rios-recibira-a-daniel-filmus\/\" \/>\n<meta property=\"og:locale\" content=\"es_ES\" \/>\n<meta property=\"og:type\" content=\"article\" \/>\n<meta property=\"og:title\" content=\"Observatorio Malvinas: Fabi\u00e1n R\u00edos recibir\u00e1 a Daniel Filmus\" \/>\n<meta property=\"og:description\" content=\"Corrientes.-El intendente Fabi\u00e1n R\u00edos junto a Daniel Filmus y al catedr\u00e1tico, Ernesto \u201cTito\u201d Meixner, presentar\u00e1n la \u201cC\u00e1tedra Abierta Malvinas\u201d desde [&hellip;]\" \/>\n<meta property=\"og:url\" content=\"https:\/\/patagoniambiental.com.ar\/info\/observatorio-malvinas-fabian-rios-recibira-a-daniel-filmus\/\" \/>\n<meta property=\"og:site_name\" content=\"Patagonia Ambiental\" \/>\n<meta property=\"article:publisher\" content=\"https:\/\/www.facebook.com\/patagonia.ambiental\" \/>\n<meta property=\"article:author\" content=\"https:\/\/www.facebook.com\/share\/1C1V8Gv9BX\/?mibextid=qi2Omg\" \/>\n<meta property=\"article:published_time\" content=\"2015-06-29T12:00:26+00:00\" \/>\n<meta name=\"author\" content=\"Patagonia Ambiental\" \/>\n<meta name=\"twitter:card\" content=\"summary_large_image\" \/>\n<meta name=\"twitter:creator\" content=\"@PatAmb\" \/>\n<meta name=\"twitter:site\" content=\"@PatAmb\" \/>\n<script type=\"application\/ld+json\" class=\"yoast-schema-graph\">{\"@context\":\"https:\\\/\\\/schema.org\",\"@graph\":[{\"@type\":\"Article\",\"@id\":\"https:\\\/\\\/patagoniambiental.com.ar\\\/info\\\/observatorio-malvinas-fabian-rios-recibira-a-daniel-filmus\\\/#article\",\"isPartOf\":{\"@id\":\"https:\\\/\\\/patagoniambiental.com.ar\\\/info\\\/observatorio-malvinas-fabian-rios-recibira-a-daniel-filmus\\\/\"},\"author\":{\"name\":\"Patagonia Ambiental\",\"@id\":\"https:\\\/\\\/patagoniambiental.com.ar\\\/info\\\/#\\\/schema\\\/person\\\/db12bff64bbcbf6a253710bf0ea37b5d\"},\"headline\":\"Observatorio Malvinas: Fabi\u00e1n R\u00edos recibir\u00e1 a Daniel Filmus\",\"datePublished\":\"2015-06-29T12:00:26+00:00\",\"mainEntityOfPage\":{\"@id\":\"https:\\\/\\\/patagoniambiental.com.ar\\\/info\\\/observatorio-malvinas-fabian-rios-recibira-a-daniel-filmus\\\/\"},\"wordCount\":713,\"publisher\":{\"@id\":\"https:\\\/\\\/patagoniambiental.com.ar\\\/info\\\/#organization\"},\"image\":{\"@id\":\"https:\\\/\\\/patagoniambiental.com.ar\\\/info\\\/observatorio-malvinas-fabian-rios-recibira-a-daniel-filmus\\\/#primaryimage\"},\"thumbnailUrl\":\"\",\"articleSection\":[\"Internacionales\",\"Noticias\"],\"inLanguage\":\"es\"},{\"@type\":\"WebPage\",\"@id\":\"https:\\\/\\\/patagoniambiental.com.ar\\\/info\\\/observatorio-malvinas-fabian-rios-recibira-a-daniel-filmus\\\/\",\"url\":\"https:\\\/\\\/patagoniambiental.com.ar\\\/info\\\/observatorio-malvinas-fabian-rios-recibira-a-daniel-filmus\\\/\",\"name\":\"Observatorio Malvinas: Fabi\u00e1n R\u00edos recibir\u00e1 a Daniel Filmus\",\"isPartOf\":{\"@id\":\"https:\\\/\\\/patagoniambiental.com.ar\\\/info\\\/#website\"},\"primaryImageOfPage\":{\"@id\":\"https:\\\/\\\/patagoniambiental.com.ar\\\/info\\\/observatorio-malvinas-fabian-rios-recibira-a-daniel-filmus\\\/#primaryimage\"},\"image\":{\"@id\":\"https:\\\/\\\/patagoniambiental.com.ar\\\/info\\\/observatorio-malvinas-fabian-rios-recibira-a-daniel-filmus\\\/#primaryimage\"},\"thumbnailUrl\":\"\",\"datePublished\":\"2015-06-29T12:00:26+00:00\",\"breadcrumb\":{\"@id\":\"https:\\\/\\\/patagoniambiental.com.ar\\\/info\\\/observatorio-malvinas-fabian-rios-recibira-a-daniel-filmus\\\/#breadcrumb\"},\"inLanguage\":\"es\",\"potentialAction\":[{\"@type\":\"ReadAction\",\"target\":[\"https:\\\/\\\/patagoniambiental.com.ar\\\/info\\\/observatorio-malvinas-fabian-rios-recibira-a-daniel-filmus\\\/\"]}]},{\"@type\":\"ImageObject\",\"inLanguage\":\"es\",\"@id\":\"https:\\\/\\\/patagoniambiental.com.ar\\\/info\\\/observatorio-malvinas-fabian-rios-recibira-a-daniel-filmus\\\/#primaryimage\",\"url\":\"\",\"contentUrl\":\"\"},{\"@type\":\"BreadcrumbList\",\"@id\":\"https:\\\/\\\/patagoniambiental.com.ar\\\/info\\\/observatorio-malvinas-fabian-rios-recibira-a-daniel-filmus\\\/#breadcrumb\",\"itemListElement\":[{\"@type\":\"ListItem\",\"position\":1,\"name\":\"Inicio\",\"item\":\"https:\\\/\\\/patagoniambiental.com.ar\\\/info\\\/\"},{\"@type\":\"ListItem\",\"position\":2,\"name\":\"Observatorio Malvinas: Fabi\u00e1n R\u00edos recibir\u00e1 a Daniel Filmus\"}]},{\"@type\":\"WebSite\",\"@id\":\"https:\\\/\\\/patagoniambiental.com.ar\\\/info\\\/#website\",\"url\":\"https:\\\/\\\/patagoniambiental.com.ar\\\/info\\\/\",\"name\":\"Patagonia Ambiental\",\"description\":\"Monitoreo y an\u00e1lisis de la situaci\u00f3n geopol\u00edtica en el mundo y su implicancia en la Patagonia\",\"publisher\":{\"@id\":\"https:\\\/\\\/patagoniambiental.com.ar\\\/info\\\/#organization\"},\"potentialAction\":[{\"@type\":\"SearchAction\",\"target\":{\"@type\":\"EntryPoint\",\"urlTemplate\":\"https:\\\/\\\/patagoniambiental.com.ar\\\/info\\\/?s={search_term_string}\"},\"query-input\":{\"@type\":\"PropertyValueSpecification\",\"valueRequired\":true,\"valueName\":\"search_term_string\"}}],\"inLanguage\":\"es\"},{\"@type\":\"Organization\",\"@id\":\"https:\\\/\\\/patagoniambiental.com.ar\\\/info\\\/#organization\",\"name\":\"Patagonia Ambiental\",\"url\":\"https:\\\/\\\/patagoniambiental.com.ar\\\/info\\\/\",\"logo\":{\"@type\":\"ImageObject\",\"inLanguage\":\"es\",\"@id\":\"https:\\\/\\\/patagoniambiental.com.ar\\\/info\\\/#\\\/schema\\\/logo\\\/image\\\/\",\"url\":\"https:\\\/\\\/patagoniambiental.com.ar\\\/info\\\/wp-content\\\/uploads\\\/2025\\\/05\\\/LOGO-PATAGONIA-AMBIENTAL.png\",\"contentUrl\":\"https:\\\/\\\/patagoniambiental.com.ar\\\/info\\\/wp-content\\\/uploads\\\/2025\\\/05\\\/LOGO-PATAGONIA-AMBIENTAL.png\",\"width\":433,\"height\":250,\"caption\":\"Patagonia Ambiental\"},\"image\":{\"@id\":\"https:\\\/\\\/patagoniambiental.com.ar\\\/info\\\/#\\\/schema\\\/logo\\\/image\\\/\"},\"sameAs\":[\"https:\\\/\\\/www.facebook.com\\\/patagonia.ambiental\",\"https:\\\/\\\/x.com\\\/PatAmb\"]},{\"@type\":\"Person\",\"@id\":\"https:\\\/\\\/patagoniambiental.com.ar\\\/info\\\/#\\\/schema\\\/person\\\/db12bff64bbcbf6a253710bf0ea37b5d\",\"name\":\"Patagonia Ambiental\",\"description\":\"Andr\u00e9s Nievas T\u00e9cnico en manejo ambiental, consultor Ambiental y escritor para medios locales e internacionales sobre temas de geopolitica y medio ambiente.\",\"sameAs\":[\"http:\\\/\\\/www.patagoniambiental.com.ar\",\"https:\\\/\\\/www.facebook.com\\\/share\\\/1C1V8Gv9BX\\\/?mibextid=qi2Omg\",\"@patagoniambiental\",\"https:\\\/\\\/youtube.com\\\/@patagoniaambiental2023?si=BLt58t0wuXquxlYZ\"]}]}<\/script>\n<!-- \/ Yoast SEO Premium plugin. -->","yoast_head_json":{"title":"Observatorio Malvinas: Fabi\u00e1n R\u00edos recibir\u00e1 a Daniel Filmus","robots":{"index":"index","follow":"follow","max-snippet":"max-snippet:-1","max-image-preview":"max-image-preview:large","max-video-preview":"max-video-preview:-1"},"canonical":"https:\/\/patagoniambiental.com.ar\/info\/observatorio-malvinas-fabian-rios-recibira-a-daniel-filmus\/","og_locale":"es_ES","og_type":"article","og_title":"Observatorio Malvinas: Fabi\u00e1n R\u00edos recibir\u00e1 a Daniel Filmus","og_description":"Corrientes.-El intendente Fabi\u00e1n R\u00edos junto a Daniel Filmus y al catedr\u00e1tico, Ernesto \u201cTito\u201d Meixner, presentar\u00e1n la \u201cC\u00e1tedra Abierta Malvinas\u201d desde [&hellip;]","og_url":"https:\/\/patagoniambiental.com.ar\/info\/observatorio-malvinas-fabian-rios-recibira-a-daniel-filmus\/","og_site_name":"Patagonia Ambiental","article_publisher":"https:\/\/www.facebook.com\/patagonia.ambiental","article_author":"https:\/\/www.facebook.com\/share\/1C1V8Gv9BX\/?mibextid=qi2Omg","article_published_time":"2015-06-29T12:00:26+00:00","author":"Patagonia Ambiental","twitter_card":"summary_large_image","twitter_creator":"@PatAmb","twitter_site":"@PatAmb","schema":{"@context":"https:\/\/schema.org","@graph":[{"@type":"Article","@id":"https:\/\/patagoniambiental.com.ar\/info\/observatorio-malvinas-fabian-rios-recibira-a-daniel-filmus\/#article","isPartOf":{"@id":"https:\/\/patagoniambiental.com.ar\/info\/observatorio-malvinas-fabian-rios-recibira-a-daniel-filmus\/"},"author":{"name":"Patagonia Ambiental","@id":"https:\/\/patagoniambiental.com.ar\/info\/#\/schema\/person\/db12bff64bbcbf6a253710bf0ea37b5d"},"headline":"Observatorio Malvinas: Fabi\u00e1n R\u00edos recibir\u00e1 a Daniel Filmus","datePublished":"2015-06-29T12:00:26+00:00","mainEntityOfPage":{"@id":"https:\/\/patagoniambiental.com.ar\/info\/observatorio-malvinas-fabian-rios-recibira-a-daniel-filmus\/"},"wordCount":713,"publisher":{"@id":"https:\/\/patagoniambiental.com.ar\/info\/#organization"},"image":{"@id":"https:\/\/patagoniambiental.com.ar\/info\/observatorio-malvinas-fabian-rios-recibira-a-daniel-filmus\/#primaryimage"},"thumbnailUrl":"","articleSection":["Internacionales","Noticias"],"inLanguage":"es"},{"@type":"WebPage","@id":"https:\/\/patagoniambiental.com.ar\/info\/observatorio-malvinas-fabian-rios-recibira-a-daniel-filmus\/","url":"https:\/\/patagoniambiental.com.ar\/info\/observatorio-malvinas-fabian-rios-recibira-a-daniel-filmus\/","name":"Observatorio Malvinas: Fabi\u00e1n R\u00edos recibir\u00e1 a Daniel Filmus","isPartOf":{"@id":"https:\/\/patagoniambiental.com.ar\/info\/#website"},"primaryImageOfPage":{"@id":"https:\/\/patagoniambiental.com.ar\/info\/observatorio-malvinas-fabian-rios-recibira-a-daniel-filmus\/#primaryimage"},"image":{"@id":"https:\/\/patagoniambiental.com.ar\/info\/observatorio-malvinas-fabian-rios-recibira-a-daniel-filmus\/#primaryimage"},"thumbnailUrl":"","datePublished":"2015-06-29T12:00:26+00:00","breadcrumb":{"@id":"https:\/\/patagoniambiental.com.ar\/info\/observatorio-malvinas-fabian-rios-recibira-a-daniel-filmus\/#breadcrumb"},"inLanguage":"es","potentialAction":[{"@type":"ReadAction","target":["https:\/\/patagoniambiental.com.ar\/info\/observatorio-malvinas-fabian-rios-recibira-a-daniel-filmus\/"]}]},{"@type":"ImageObject","inLanguage":"es","@id":"https:\/\/patagoniambiental.com.ar\/info\/observatorio-malvinas-fabian-rios-recibira-a-daniel-filmus\/#primaryimage","url":"","contentUrl":""},{"@type":"BreadcrumbList","@id":"https:\/\/patagoniambiental.com.ar\/info\/observatorio-malvinas-fabian-rios-recibira-a-daniel-filmus\/#breadcrumb","itemListElement":[{"@type":"ListItem","position":1,"name":"Inicio","item":"https:\/\/patagoniambiental.com.ar\/info\/"},{"@type":"ListItem","position":2,"name":"Observatorio Malvinas: Fabi\u00e1n R\u00edos recibir\u00e1 a Daniel Filmus"}]},{"@type":"WebSite","@id":"https:\/\/patagoniambiental.com.ar\/info\/#website","url":"https:\/\/patagoniambiental.com.ar\/info\/","name":"Patagonia Ambiental","description":"Monitoreo y an\u00e1lisis de la situaci\u00f3n geopol\u00edtica en el mundo y su implicancia en la Patagonia","publisher":{"@id":"https:\/\/patagoniambiental.com.ar\/info\/#organization"},"potentialAction":[{"@type":"SearchAction","target":{"@type":"EntryPoint","urlTemplate":"https:\/\/patagoniambiental.com.ar\/info\/?s={search_term_string}"},"query-input":{"@type":"PropertyValueSpecification","valueRequired":true,"valueName":"search_term_string"}}],"inLanguage":"es"},{"@type":"Organization","@id":"https:\/\/patagoniambiental.com.ar\/info\/#organization","name":"Patagonia Ambiental","url":"https:\/\/patagoniambiental.com.ar\/info\/","logo":{"@type":"ImageObject","inLanguage":"es","@id":"https:\/\/patagoniambiental.com.ar\/info\/#\/schema\/logo\/image\/","url":"https:\/\/patagoniambiental.com.ar\/info\/wp-content\/uploads\/2025\/05\/LOGO-PATAGONIA-AMBIENTAL.png","contentUrl":"https:\/\/patagoniambiental.com.ar\/info\/wp-content\/uploads\/2025\/05\/LOGO-PATAGONIA-AMBIENTAL.png","width":433,"height":250,"caption":"Patagonia Ambiental"},"image":{"@id":"https:\/\/patagoniambiental.com.ar\/info\/#\/schema\/logo\/image\/"},"sameAs":["https:\/\/www.facebook.com\/patagonia.ambiental","https:\/\/x.com\/PatAmb"]},{"@type":"Person","@id":"https:\/\/patagoniambiental.com.ar\/info\/#\/schema\/person\/db12bff64bbcbf6a253710bf0ea37b5d","name":"Patagonia Ambiental","description":"Andr\u00e9s Nievas T\u00e9cnico en manejo ambiental, consultor Ambiental y escritor para medios locales e internacionales sobre temas de geopolitica y medio ambiente.","sameAs":["http:\/\/www.patagoniambiental.com.ar","https:\/\/www.facebook.com\/share\/1C1V8Gv9BX\/?mibextid=qi2Omg","@patagoniambiental","https:\/\/youtube.com\/@patagoniaambiental2023?si=BLt58t0wuXquxlYZ"]}]}},"_links":{"self":[{"href":"https:\/\/patagoniambiental.com.ar\/info\/wp-json\/wp\/v2\/posts\/12496","targetHints":{"allow":["GET"]}}],"collection":[{"href":"https:\/\/patagoniambiental.com.ar\/info\/wp-json\/wp\/v2\/posts"}],"about":[{"href":"https:\/\/patagoniambiental.com.ar\/info\/wp-json\/wp\/v2\/types\/post"}],"author":[{"embeddable":true,"href":"https:\/\/patagoniambiental.com.ar\/info\/wp-json\/wp\/v2\/users\/2"}],"replies":[{"embeddable":true,"href":"https:\/\/patagoniambiental.com.ar\/info\/wp-json\/wp\/v2\/comments?post=12496"}],"version-history":[{"count":0,"href":"https:\/\/patagoniambiental.com.ar\/info\/wp-json\/wp\/v2\/posts\/12496\/revisions"}],"wp:featuredmedia":[{"embeddable":true,"href":"https:\/\/patagoniambiental.com.ar\/info\/wp-json\/"}],"wp:attachment":[{"href":"https:\/\/patagoniambiental.com.ar\/info\/wp-json\/wp\/v2\/media?parent=12496"}],"wp:term":[{"taxonomy":"category","embeddable":true,"href":"https:\/\/patagoniambiental.com.ar\/info\/wp-json\/wp\/v2\/categories?post=12496"},{"taxonomy":"post_tag","embeddable":true,"href":"https:\/\/patagoniambiental.com.ar\/info\/wp-json\/wp\/v2\/tags?post=12496"}],"curies":[{"name":"wp","href":"https:\/\/api.w.org\/{rel}","templated":true}]}}