{"id":12499,"date":"2015-06-29T09:01:40","date_gmt":"2015-06-29T12:01:40","guid":{"rendered":"http:\/\/patagoniambiental.com.ar\/?p=12499"},"modified":"2015-06-29T09:01:40","modified_gmt":"2015-06-29T12:01:40","slug":"venezuela-crece-solidaridad-internacional-ante-reclamo-argentino-de-malvinas","status":"publish","type":"post","link":"https:\/\/patagoniambiental.com.ar\/info\/venezuela-crece-solidaridad-internacional-ante-reclamo-argentino-de-malvinas\/","title":{"rendered":"VENEZUELA: Crece solidaridad internacional ante reclamo argentino de Malvinas"},"content":{"rendered":"<p>VENEZUELA: Crece solidaridad internacional ante reclamo argentino de Malvinas \/ Ciudad CCS \/ &gt; En tanto el canciller Timerman destac\u00f3 que Gran Breta\u00f1a se ve m\u00e1s aislado al rechazar el di\u00e1logo.<!--more--><\/p>\n<p>Argentina recibe hoy s\u00f3lida solidaridad internacional en su reclamo de soberan\u00eda sobre las Islas Malvinas, en tanto Reino Unido se ve m\u00e1s aislado al rechazar el di\u00e1logo para hallar una soluci\u00f3n, afirm\u00f3 el canciller H\u00e9ctor Timerman.<\/p>\n<p>En sendas entrevistas que publicaron ayer los diarios Tiempo Argentino y P\u00e1gina 12, el ministro evalu\u00f3 c\u00f3mo est\u00e1 la cuesti\u00f3n a partir de una nueva sesi\u00f3n los \u00faltimos d\u00edas del Comit\u00e9 de Descolonizaci\u00f3n de las Naciones Unidas en la cual particip\u00f3, divulg\u00f3 PL.<\/p>\n<p>\u00abQuedan 17 casos de colonialismo y no hay ninguno que atraiga tanto la presencia de delegados de las Naciones Unidas como el de Malvinas?, expres\u00f3 a P\u00e1gina 12.<\/p>\n<p>\u00abEste a\u00f1o hemos batido todos los r\u00e9cords de presencia de pa\u00edses incluyendo la Santa Sede. Unicef pidi\u00f3 asistir, muchos que antes no participaron en esta sesi\u00f3n pidieron la palabra. Hay una creciente solidaridad?, recalc\u00f3.<\/p>\n<p>Se\u00f1al\u00f3 que aparte de ese apoyo, organizaciones de \u00c1frica, Asia y Am\u00e9rica Latina impulsan la cuesti\u00f3n de Las Malvinas como una lucha contra el colonialismo.<\/p>\n<p>A la pregunta sobre si la estrategia diplom\u00e1tica argentina es aislar a Londres, Timerman respondi\u00f3 que Reino Unido se a\u00edsla solo y que empeor\u00f3 la situaci\u00f3n desde la aprobaci\u00f3n, hace m\u00e1s de 50 a\u00f1os, de la Resoluci\u00f3n 2065 de la ONU que insta al di\u00e1logo.<\/p>\n<p>\u00abEl eje de las Naciones Unidas es la soluci\u00f3n de las controversias a trav\u00e9s del di\u00e1logo y, al negarse a dialogar, hace imposible que tenga aliados. No hay ning\u00fan pa\u00eds que venga a hablar ac\u00e1 a favor del derecho del Reino Unido?, consider\u00f3.<\/p>\n<p>En declaraciones a Tiempo Argentino, consider\u00f3 una actitud de doble moral que el Gobierno brit\u00e1nico manipule el supuesto derecho de autodeterminaci\u00f3n de los habitantes de Las Malvinas.<\/p>\n<p>Record\u00f3 que cada vez que se vot\u00f3 en la ONU sobre la autodeterminaci\u00f3n de los pueblos en casos espec\u00edficos, Reino Unido se opuso en 87% de las votaciones.<\/p>\n<p>Rechaz\u00f3 que Gran Breta\u00f1a esgrima el reclamo de Argentina para justificar el incremento de su presencia militar all\u00ed, y consider\u00f3 apropiado el fallo del tribunal federal de Tierra del Fuego de embargar bienes y activos de empresas que exploran y explotan hidrocarburos en aguas Malvinas.<\/p>\n<p>Fuente: Entorno Inteligente<\/p>\n<p>&nbsp;<\/p>\n<p>&nbsp;<\/p>\n","protected":false},"excerpt":{"rendered":"<p>VENEZUELA: Crece solidaridad internacional ante reclamo argentino de Malvinas \/ Ciudad CCS \/ &gt; En tanto el canciller Timerman destac\u00f3 [&hellip;]<\/p>\n","protected":false},"author":2,"featured_media":11971,"comment_status":"closed","ping_status":"closed","sticky":false,"template":"","format":"standard","meta":{"site-sidebar-layout":"default","site-content-layout":"","ast-site-content-layout":"default","site-content-style":"default","site-sidebar-style":"default","ast-global-header-display":"","ast-banner-title-visibility":"","ast-main-header-display":"","ast-hfb-above-header-display":"","ast-hfb-below-header-display":"","ast-hfb-mobile-header-display":"","site-post-title":"","ast-breadcrumbs-content":"","ast-featured-img":"","footer-sml-layout":"","ast-disable-related-posts":"","theme-transparent-header-meta":"","adv-header-id-meta":"","stick-header-meta":"","header-above-stick-meta":"","header-main-stick-meta":"","header-below-stick-meta":"","astra-migrate-meta-layouts":"default","ast-page-background-enabled":"default","ast-page-background-meta":{"desktop":{"background-color":"var(--ast-global-color-5)","background-image":"","background-repeat":"repeat","background-position":"center center","background-size":"auto","background-attachment":"scroll","background-type":"","background-media":"","overlay-type":"","overlay-color":"","overlay-opacity":"","overlay-gradient":""},"tablet":{"background-color":"","background-image":"","background-repeat":"repeat","background-position":"center center","background-size":"auto","background-attachment":"scroll","background-type":"","background-media":"","overlay-type":"","overlay-color":"","overlay-opacity":"","overlay-gradient":""},"mobile":{"background-color":"","background-image":"","background-repeat":"repeat","background-position":"center center","background-size":"auto","background-attachment":"scroll","background-type":"","background-media":"","overlay-type":"","overlay-color":"","overlay-opacity":"","overlay-gradient":""}},"ast-content-background-meta":{"desktop":{"background-color":"var(--ast-global-color-4)","background-image":"","background-repeat":"repeat","background-position":"center center","background-size":"auto","background-attachment":"scroll","background-type":"","background-media":"","overlay-type":"","overlay-color":"","overlay-opacity":"","overlay-gradient":""},"tablet":{"background-color":"var(--ast-global-color-4)","background-image":"","background-repeat":"repeat","background-position":"center center","background-size":"auto","background-attachment":"scroll","background-type":"","background-media":"","overlay-type":"","overlay-color":"","overlay-opacity":"","overlay-gradient":""},"mobile":{"background-color":"var(--ast-global-color-4)","background-image":"","background-repeat":"repeat","background-position":"center center","background-size":"auto","background-attachment":"scroll","background-type":"","background-media":"","overlay-type":"","overlay-color":"","overlay-opacity":"","overlay-gradient":""}},"footnotes":""},"categories":[23,1],"tags":[],"class_list":["post-12499","post","type-post","status-publish","format-standard","has-post-thumbnail","hentry","category-internacionales","category-noticias"],"yoast_head":"<!-- This site is optimized with the Yoast SEO Premium plugin v23.0 (Yoast SEO v27.4) - https:\/\/yoast.com\/product\/yoast-seo-premium-wordpress\/ -->\n<title>VENEZUELA: Crece solidaridad internacional ante reclamo argentino de Malvinas<\/title>\n<meta name=\"robots\" content=\"index, follow, max-snippet:-1, max-image-preview:large, max-video-preview:-1\" \/>\n<link rel=\"canonical\" href=\"https:\/\/patagoniambiental.com.ar\/info\/venezuela-crece-solidaridad-internacional-ante-reclamo-argentino-de-malvinas\/\" \/>\n<meta property=\"og:locale\" content=\"es_ES\" \/>\n<meta property=\"og:type\" content=\"article\" \/>\n<meta property=\"og:title\" content=\"VENEZUELA: Crece solidaridad internacional ante reclamo argentino de Malvinas\" \/>\n<meta property=\"og:description\" content=\"VENEZUELA: Crece solidaridad internacional ante reclamo argentino de Malvinas \/ Ciudad CCS \/ &gt; En tanto el canciller Timerman destac\u00f3 [&hellip;]\" \/>\n<meta property=\"og:url\" content=\"https:\/\/patagoniambiental.com.ar\/info\/venezuela-crece-solidaridad-internacional-ante-reclamo-argentino-de-malvinas\/\" \/>\n<meta property=\"og:site_name\" content=\"Patagonia Ambiental\" \/>\n<meta property=\"article:publisher\" content=\"https:\/\/www.facebook.com\/patagonia.ambiental\" \/>\n<meta property=\"article:author\" content=\"https:\/\/www.facebook.com\/share\/1C1V8Gv9BX\/?mibextid=qi2Omg\" \/>\n<meta property=\"article:published_time\" content=\"2015-06-29T12:01:40+00:00\" \/>\n<meta name=\"author\" content=\"Patagonia Ambiental\" \/>\n<meta name=\"twitter:card\" content=\"summary_large_image\" \/>\n<meta name=\"twitter:creator\" content=\"@PatAmb\" \/>\n<meta name=\"twitter:site\" content=\"@PatAmb\" \/>\n<script type=\"application\/ld+json\" class=\"yoast-schema-graph\">{\"@context\":\"https:\\\/\\\/schema.org\",\"@graph\":[{\"@type\":\"Article\",\"@id\":\"https:\\\/\\\/patagoniambiental.com.ar\\\/info\\\/venezuela-crece-solidaridad-internacional-ante-reclamo-argentino-de-malvinas\\\/#article\",\"isPartOf\":{\"@id\":\"https:\\\/\\\/patagoniambiental.com.ar\\\/info\\\/venezuela-crece-solidaridad-internacional-ante-reclamo-argentino-de-malvinas\\\/\"},\"author\":{\"name\":\"Patagonia Ambiental\",\"@id\":\"https:\\\/\\\/patagoniambiental.com.ar\\\/info\\\/#\\\/schema\\\/person\\\/db12bff64bbcbf6a253710bf0ea37b5d\"},\"headline\":\"VENEZUELA: Crece solidaridad internacional ante reclamo argentino de Malvinas\",\"datePublished\":\"2015-06-29T12:01:40+00:00\",\"mainEntityOfPage\":{\"@id\":\"https:\\\/\\\/patagoniambiental.com.ar\\\/info\\\/venezuela-crece-solidaridad-internacional-ante-reclamo-argentino-de-malvinas\\\/\"},\"wordCount\":432,\"publisher\":{\"@id\":\"https:\\\/\\\/patagoniambiental.com.ar\\\/info\\\/#organization\"},\"image\":{\"@id\":\"https:\\\/\\\/patagoniambiental.com.ar\\\/info\\\/venezuela-crece-solidaridad-internacional-ante-reclamo-argentino-de-malvinas\\\/#primaryimage\"},\"thumbnailUrl\":\"\",\"articleSection\":[\"Internacionales\",\"Noticias\"],\"inLanguage\":\"es\"},{\"@type\":\"WebPage\",\"@id\":\"https:\\\/\\\/patagoniambiental.com.ar\\\/info\\\/venezuela-crece-solidaridad-internacional-ante-reclamo-argentino-de-malvinas\\\/\",\"url\":\"https:\\\/\\\/patagoniambiental.com.ar\\\/info\\\/venezuela-crece-solidaridad-internacional-ante-reclamo-argentino-de-malvinas\\\/\",\"name\":\"VENEZUELA: Crece solidaridad internacional ante reclamo argentino de Malvinas\",\"isPartOf\":{\"@id\":\"https:\\\/\\\/patagoniambiental.com.ar\\\/info\\\/#website\"},\"primaryImageOfPage\":{\"@id\":\"https:\\\/\\\/patagoniambiental.com.ar\\\/info\\\/venezuela-crece-solidaridad-internacional-ante-reclamo-argentino-de-malvinas\\\/#primaryimage\"},\"image\":{\"@id\":\"https:\\\/\\\/patagoniambiental.com.ar\\\/info\\\/venezuela-crece-solidaridad-internacional-ante-reclamo-argentino-de-malvinas\\\/#primaryimage\"},\"thumbnailUrl\":\"\",\"datePublished\":\"2015-06-29T12:01:40+00:00\",\"breadcrumb\":{\"@id\":\"https:\\\/\\\/patagoniambiental.com.ar\\\/info\\\/venezuela-crece-solidaridad-internacional-ante-reclamo-argentino-de-malvinas\\\/#breadcrumb\"},\"inLanguage\":\"es\",\"potentialAction\":[{\"@type\":\"ReadAction\",\"target\":[\"https:\\\/\\\/patagoniambiental.com.ar\\\/info\\\/venezuela-crece-solidaridad-internacional-ante-reclamo-argentino-de-malvinas\\\/\"]}]},{\"@type\":\"ImageObject\",\"inLanguage\":\"es\",\"@id\":\"https:\\\/\\\/patagoniambiental.com.ar\\\/info\\\/venezuela-crece-solidaridad-internacional-ante-reclamo-argentino-de-malvinas\\\/#primaryimage\",\"url\":\"\",\"contentUrl\":\"\"},{\"@type\":\"BreadcrumbList\",\"@id\":\"https:\\\/\\\/patagoniambiental.com.ar\\\/info\\\/venezuela-crece-solidaridad-internacional-ante-reclamo-argentino-de-malvinas\\\/#breadcrumb\",\"itemListElement\":[{\"@type\":\"ListItem\",\"position\":1,\"name\":\"Inicio\",\"item\":\"https:\\\/\\\/patagoniambiental.com.ar\\\/info\\\/\"},{\"@type\":\"ListItem\",\"position\":2,\"name\":\"VENEZUELA: Crece solidaridad internacional ante reclamo argentino de Malvinas\"}]},{\"@type\":\"WebSite\",\"@id\":\"https:\\\/\\\/patagoniambiental.com.ar\\\/info\\\/#website\",\"url\":\"https:\\\/\\\/patagoniambiental.com.ar\\\/info\\\/\",\"name\":\"Patagonia Ambiental\",\"description\":\"Monitoreo y an\u00e1lisis de la situaci\u00f3n geopol\u00edtica en el mundo y su implicancia en la Patagonia\",\"publisher\":{\"@id\":\"https:\\\/\\\/patagoniambiental.com.ar\\\/info\\\/#organization\"},\"potentialAction\":[{\"@type\":\"SearchAction\",\"target\":{\"@type\":\"EntryPoint\",\"urlTemplate\":\"https:\\\/\\\/patagoniambiental.com.ar\\\/info\\\/?s={search_term_string}\"},\"query-input\":{\"@type\":\"PropertyValueSpecification\",\"valueRequired\":true,\"valueName\":\"search_term_string\"}}],\"inLanguage\":\"es\"},{\"@type\":\"Organization\",\"@id\":\"https:\\\/\\\/patagoniambiental.com.ar\\\/info\\\/#organization\",\"name\":\"Patagonia Ambiental\",\"url\":\"https:\\\/\\\/patagoniambiental.com.ar\\\/info\\\/\",\"logo\":{\"@type\":\"ImageObject\",\"inLanguage\":\"es\",\"@id\":\"https:\\\/\\\/patagoniambiental.com.ar\\\/info\\\/#\\\/schema\\\/logo\\\/image\\\/\",\"url\":\"https:\\\/\\\/patagoniambiental.com.ar\\\/info\\\/wp-content\\\/uploads\\\/2025\\\/05\\\/LOGO-PATAGONIA-AMBIENTAL.png\",\"contentUrl\":\"https:\\\/\\\/patagoniambiental.com.ar\\\/info\\\/wp-content\\\/uploads\\\/2025\\\/05\\\/LOGO-PATAGONIA-AMBIENTAL.png\",\"width\":433,\"height\":250,\"caption\":\"Patagonia Ambiental\"},\"image\":{\"@id\":\"https:\\\/\\\/patagoniambiental.com.ar\\\/info\\\/#\\\/schema\\\/logo\\\/image\\\/\"},\"sameAs\":[\"https:\\\/\\\/www.facebook.com\\\/patagonia.ambiental\",\"https:\\\/\\\/x.com\\\/PatAmb\"]},{\"@type\":\"Person\",\"@id\":\"https:\\\/\\\/patagoniambiental.com.ar\\\/info\\\/#\\\/schema\\\/person\\\/db12bff64bbcbf6a253710bf0ea37b5d\",\"name\":\"Patagonia Ambiental\",\"description\":\"Andr\u00e9s Nievas T\u00e9cnico en manejo ambiental, consultor Ambiental y escritor para medios locales e internacionales sobre temas de geopolitica y medio ambiente.\",\"sameAs\":[\"http:\\\/\\\/www.patagoniambiental.com.ar\",\"https:\\\/\\\/www.facebook.com\\\/share\\\/1C1V8Gv9BX\\\/?mibextid=qi2Omg\",\"@patagoniambiental\",\"https:\\\/\\\/youtube.com\\\/@patagoniaambiental2023?si=BLt58t0wuXquxlYZ\"]}]}<\/script>\n<!-- \/ Yoast SEO Premium plugin. -->","yoast_head_json":{"title":"VENEZUELA: Crece solidaridad internacional ante reclamo argentino de Malvinas","robots":{"index":"index","follow":"follow","max-snippet":"max-snippet:-1","max-image-preview":"max-image-preview:large","max-video-preview":"max-video-preview:-1"},"canonical":"https:\/\/patagoniambiental.com.ar\/info\/venezuela-crece-solidaridad-internacional-ante-reclamo-argentino-de-malvinas\/","og_locale":"es_ES","og_type":"article","og_title":"VENEZUELA: Crece solidaridad internacional ante reclamo argentino de Malvinas","og_description":"VENEZUELA: Crece solidaridad internacional ante reclamo argentino de Malvinas \/ Ciudad CCS \/ &gt; En tanto el canciller Timerman destac\u00f3 [&hellip;]","og_url":"https:\/\/patagoniambiental.com.ar\/info\/venezuela-crece-solidaridad-internacional-ante-reclamo-argentino-de-malvinas\/","og_site_name":"Patagonia Ambiental","article_publisher":"https:\/\/www.facebook.com\/patagonia.ambiental","article_author":"https:\/\/www.facebook.com\/share\/1C1V8Gv9BX\/?mibextid=qi2Omg","article_published_time":"2015-06-29T12:01:40+00:00","author":"Patagonia Ambiental","twitter_card":"summary_large_image","twitter_creator":"@PatAmb","twitter_site":"@PatAmb","schema":{"@context":"https:\/\/schema.org","@graph":[{"@type":"Article","@id":"https:\/\/patagoniambiental.com.ar\/info\/venezuela-crece-solidaridad-internacional-ante-reclamo-argentino-de-malvinas\/#article","isPartOf":{"@id":"https:\/\/patagoniambiental.com.ar\/info\/venezuela-crece-solidaridad-internacional-ante-reclamo-argentino-de-malvinas\/"},"author":{"name":"Patagonia Ambiental","@id":"https:\/\/patagoniambiental.com.ar\/info\/#\/schema\/person\/db12bff64bbcbf6a253710bf0ea37b5d"},"headline":"VENEZUELA: Crece solidaridad internacional ante reclamo argentino de Malvinas","datePublished":"2015-06-29T12:01:40+00:00","mainEntityOfPage":{"@id":"https:\/\/patagoniambiental.com.ar\/info\/venezuela-crece-solidaridad-internacional-ante-reclamo-argentino-de-malvinas\/"},"wordCount":432,"publisher":{"@id":"https:\/\/patagoniambiental.com.ar\/info\/#organization"},"image":{"@id":"https:\/\/patagoniambiental.com.ar\/info\/venezuela-crece-solidaridad-internacional-ante-reclamo-argentino-de-malvinas\/#primaryimage"},"thumbnailUrl":"","articleSection":["Internacionales","Noticias"],"inLanguage":"es"},{"@type":"WebPage","@id":"https:\/\/patagoniambiental.com.ar\/info\/venezuela-crece-solidaridad-internacional-ante-reclamo-argentino-de-malvinas\/","url":"https:\/\/patagoniambiental.com.ar\/info\/venezuela-crece-solidaridad-internacional-ante-reclamo-argentino-de-malvinas\/","name":"VENEZUELA: Crece solidaridad internacional ante reclamo argentino de Malvinas","isPartOf":{"@id":"https:\/\/patagoniambiental.com.ar\/info\/#website"},"primaryImageOfPage":{"@id":"https:\/\/patagoniambiental.com.ar\/info\/venezuela-crece-solidaridad-internacional-ante-reclamo-argentino-de-malvinas\/#primaryimage"},"image":{"@id":"https:\/\/patagoniambiental.com.ar\/info\/venezuela-crece-solidaridad-internacional-ante-reclamo-argentino-de-malvinas\/#primaryimage"},"thumbnailUrl":"","datePublished":"2015-06-29T12:01:40+00:00","breadcrumb":{"@id":"https:\/\/patagoniambiental.com.ar\/info\/venezuela-crece-solidaridad-internacional-ante-reclamo-argentino-de-malvinas\/#breadcrumb"},"inLanguage":"es","potentialAction":[{"@type":"ReadAction","target":["https:\/\/patagoniambiental.com.ar\/info\/venezuela-crece-solidaridad-internacional-ante-reclamo-argentino-de-malvinas\/"]}]},{"@type":"ImageObject","inLanguage":"es","@id":"https:\/\/patagoniambiental.com.ar\/info\/venezuela-crece-solidaridad-internacional-ante-reclamo-argentino-de-malvinas\/#primaryimage","url":"","contentUrl":""},{"@type":"BreadcrumbList","@id":"https:\/\/patagoniambiental.com.ar\/info\/venezuela-crece-solidaridad-internacional-ante-reclamo-argentino-de-malvinas\/#breadcrumb","itemListElement":[{"@type":"ListItem","position":1,"name":"Inicio","item":"https:\/\/patagoniambiental.com.ar\/info\/"},{"@type":"ListItem","position":2,"name":"VENEZUELA: Crece solidaridad internacional ante reclamo argentino de Malvinas"}]},{"@type":"WebSite","@id":"https:\/\/patagoniambiental.com.ar\/info\/#website","url":"https:\/\/patagoniambiental.com.ar\/info\/","name":"Patagonia Ambiental","description":"Monitoreo y an\u00e1lisis de la situaci\u00f3n geopol\u00edtica en el mundo y su implicancia en la Patagonia","publisher":{"@id":"https:\/\/patagoniambiental.com.ar\/info\/#organization"},"potentialAction":[{"@type":"SearchAction","target":{"@type":"EntryPoint","urlTemplate":"https:\/\/patagoniambiental.com.ar\/info\/?s={search_term_string}"},"query-input":{"@type":"PropertyValueSpecification","valueRequired":true,"valueName":"search_term_string"}}],"inLanguage":"es"},{"@type":"Organization","@id":"https:\/\/patagoniambiental.com.ar\/info\/#organization","name":"Patagonia Ambiental","url":"https:\/\/patagoniambiental.com.ar\/info\/","logo":{"@type":"ImageObject","inLanguage":"es","@id":"https:\/\/patagoniambiental.com.ar\/info\/#\/schema\/logo\/image\/","url":"https:\/\/patagoniambiental.com.ar\/info\/wp-content\/uploads\/2025\/05\/LOGO-PATAGONIA-AMBIENTAL.png","contentUrl":"https:\/\/patagoniambiental.com.ar\/info\/wp-content\/uploads\/2025\/05\/LOGO-PATAGONIA-AMBIENTAL.png","width":433,"height":250,"caption":"Patagonia Ambiental"},"image":{"@id":"https:\/\/patagoniambiental.com.ar\/info\/#\/schema\/logo\/image\/"},"sameAs":["https:\/\/www.facebook.com\/patagonia.ambiental","https:\/\/x.com\/PatAmb"]},{"@type":"Person","@id":"https:\/\/patagoniambiental.com.ar\/info\/#\/schema\/person\/db12bff64bbcbf6a253710bf0ea37b5d","name":"Patagonia Ambiental","description":"Andr\u00e9s Nievas T\u00e9cnico en manejo ambiental, consultor Ambiental y escritor para medios locales e internacionales sobre temas de geopolitica y medio ambiente.","sameAs":["http:\/\/www.patagoniambiental.com.ar","https:\/\/www.facebook.com\/share\/1C1V8Gv9BX\/?mibextid=qi2Omg","@patagoniambiental","https:\/\/youtube.com\/@patagoniaambiental2023?si=BLt58t0wuXquxlYZ"]}]}},"_links":{"self":[{"href":"https:\/\/patagoniambiental.com.ar\/info\/wp-json\/wp\/v2\/posts\/12499","targetHints":{"allow":["GET"]}}],"collection":[{"href":"https:\/\/patagoniambiental.com.ar\/info\/wp-json\/wp\/v2\/posts"}],"about":[{"href":"https:\/\/patagoniambiental.com.ar\/info\/wp-json\/wp\/v2\/types\/post"}],"author":[{"embeddable":true,"href":"https:\/\/patagoniambiental.com.ar\/info\/wp-json\/wp\/v2\/users\/2"}],"replies":[{"embeddable":true,"href":"https:\/\/patagoniambiental.com.ar\/info\/wp-json\/wp\/v2\/comments?post=12499"}],"version-history":[{"count":0,"href":"https:\/\/patagoniambiental.com.ar\/info\/wp-json\/wp\/v2\/posts\/12499\/revisions"}],"wp:featuredmedia":[{"embeddable":true,"href":"https:\/\/patagoniambiental.com.ar\/info\/wp-json\/"}],"wp:attachment":[{"href":"https:\/\/patagoniambiental.com.ar\/info\/wp-json\/wp\/v2\/media?parent=12499"}],"wp:term":[{"taxonomy":"category","embeddable":true,"href":"https:\/\/patagoniambiental.com.ar\/info\/wp-json\/wp\/v2\/categories?post=12499"},{"taxonomy":"post_tag","embeddable":true,"href":"https:\/\/patagoniambiental.com.ar\/info\/wp-json\/wp\/v2\/tags?post=12499"}],"curies":[{"name":"wp","href":"https:\/\/api.w.org\/{rel}","templated":true}]}}