{"id":12598,"date":"2015-07-03T09:00:14","date_gmt":"2015-07-03T12:00:14","guid":{"rendered":"http:\/\/patagoniambiental.com.ar\/?p=12598"},"modified":"2015-07-03T09:00:14","modified_gmt":"2015-07-03T12:00:14","slug":"cierre-del-programa-tierra-del-fuego-por-el-%c2%bd-ambiente-foros-de-jovenes","status":"publish","type":"post","link":"https:\/\/patagoniambiental.com.ar\/info\/cierre-del-programa-tierra-del-fuego-por-el-%c2%bd-ambiente-foros-de-jovenes\/","title":{"rendered":"Cierre del Programa Tierra del Fuego por el \u00bd Ambiente, Foros de J\u00f3venes"},"content":{"rendered":"<div class=\"single-thumbnail-title-wrapper\">\n<p>USHUAIA, 2 de julio.- El Gobierno de la provincia a trav\u00e9s del Ministerio de Educaci\u00f3n, la Secretar\u00eda de Desarrollo Sustentable y Ambiente y la Secretar\u00eda de Cultura, realizar\u00e1 el pr\u00f3ximo martes 7 el cierre del Programa Tierra del Fuego por el Medio Ambiente, en el que se presentar\u00e1n las conclusiones y aportes de los alumnos de colegios p\u00fablicos y privados de la provincia.<\/p>\n<\/div>\n<p><!--more--><\/p>\n<div class=\"single-content\">\n<p>El cierre del Programa apunta a realizar la presentaci\u00f3n de los trabajos participantes del concurso de afiches y spot en video, para luego seleccionar a los ganadores de los premios. El evento se llevar\u00e1 adelante en las instalaciones del IPES Florentino Ameghino, sito en la intersecci\u00f3n de las calles Rivadavia y Deloqui.<\/p>\n<p>A prop\u00f3sito de la iniciativa, la Secretaria de Cultura de la provincia Carla Tanco consider\u00f3 que \u201cp<em>oner en valor la voz de los j\u00f3venes de Tierra del Fuego en sus consideraciones sobre la preservaci\u00f3n del medio ambiente, es un llamado a la reflexi\u00f3n cr\u00edtica acerca de nuestros antiguos modos de relaci\u00f3n, de nuestros valores, derechos y obligaciones\u201d. <\/em><\/p>\n<p>En este sentido la Secretaria asegur\u00f3 que durante el desarrollo de los trabajos, los j\u00f3venes realizaron una reflexi\u00f3n, an\u00e1lisis e investigaci\u00f3n a trav\u00e9s de los foros efectuados en las escuelas \u201c<em>y nos traen hoy la voz de sus compa\u00f1eros, planteando nuevas miradas y posibles acciones para invitarnos a todos a participar de esta tarea de cuidado y responsabilidad que compromete el futuro de todos\u201d.<\/em><\/p>\n<p><em>\u201cLes agradecemos su enorme compromiso con la naturaleza y su aporte vital a los procesos de construcci\u00f3n de un futuro mejor\u201d, <\/em>valor\u00f3 Tanco.<\/p>\n<p>Las actividades del programa Tierra del Fuego por el Medio Ambiente iniciaron entre abril y mayo, y cont\u00f3 con la realizaci\u00f3n de foros y charlas en distintas instituciones educativas de la provincia y del FICMA (Festival Internacional de Cine de Medio Ambiente), adonde asistieron los espa\u00f1oles Jaume Gil I Llopart, Director del FICMA, y el presidente y creador del mismo, Claudio Lauria. Durante el Festival se exhibieron m\u00e1s de 20 films relacionados a la problem\u00e1tica medioambiental, con producciones internaciones y nacionales en las ciudades de Ushuaia y R\u00edo Grande.<\/p>\n<p>Fuente: Gobierno de Tierra del Fuego, Ant\u00e1rtida e Islas del Atl\u00e1ntico Sur<\/p>\n<\/div>\n","protected":false},"excerpt":{"rendered":"<p>USHUAIA, 2 de julio.- El Gobierno de la provincia a trav\u00e9s del Ministerio de Educaci\u00f3n, la Secretar\u00eda de Desarrollo Sustentable [&hellip;]<\/p>\n","protected":false},"author":2,"featured_media":12599,"comment_status":"closed","ping_status":"closed","sticky":false,"template":"","format":"standard","meta":{"site-sidebar-layout":"default","site-content-layout":"","ast-site-content-layout":"default","site-content-style":"default","site-sidebar-style":"default","ast-global-header-display":"","ast-banner-title-visibility":"","ast-main-header-display":"","ast-hfb-above-header-display":"","ast-hfb-below-header-display":"","ast-hfb-mobile-header-display":"","site-post-title":"","ast-breadcrumbs-content":"","ast-featured-img":"","footer-sml-layout":"","ast-disable-related-posts":"","theme-transparent-header-meta":"","adv-header-id-meta":"","stick-header-meta":"","header-above-stick-meta":"","header-main-stick-meta":"","header-below-stick-meta":"","astra-migrate-meta-layouts":"default","ast-page-background-enabled":"default","ast-page-background-meta":{"desktop":{"background-color":"var(--ast-global-color-5)","background-image":"","background-repeat":"repeat","background-position":"center center","background-size":"auto","background-attachment":"scroll","background-type":"","background-media":"","overlay-type":"","overlay-color":"","overlay-opacity":"","overlay-gradient":""},"tablet":{"background-color":"","background-image":"","background-repeat":"repeat","background-position":"center center","background-size":"auto","background-attachment":"scroll","background-type":"","background-media":"","overlay-type":"","overlay-color":"","overlay-opacity":"","overlay-gradient":""},"mobile":{"background-color":"","background-image":"","background-repeat":"repeat","background-position":"center center","background-size":"auto","background-attachment":"scroll","background-type":"","background-media":"","overlay-type":"","overlay-color":"","overlay-opacity":"","overlay-gradient":""}},"ast-content-background-meta":{"desktop":{"background-color":"var(--ast-global-color-4)","background-image":"","background-repeat":"repeat","background-position":"center center","background-size":"auto","background-attachment":"scroll","background-type":"","background-media":"","overlay-type":"","overlay-color":"","overlay-opacity":"","overlay-gradient":""},"tablet":{"background-color":"var(--ast-global-color-4)","background-image":"","background-repeat":"repeat","background-position":"center center","background-size":"auto","background-attachment":"scroll","background-type":"","background-media":"","overlay-type":"","overlay-color":"","overlay-opacity":"","overlay-gradient":""},"mobile":{"background-color":"var(--ast-global-color-4)","background-image":"","background-repeat":"repeat","background-position":"center center","background-size":"auto","background-attachment":"scroll","background-type":"","background-media":"","overlay-type":"","overlay-color":"","overlay-opacity":"","overlay-gradient":""}},"footnotes":""},"categories":[1,13,25],"tags":[],"class_list":["post-12598","post","type-post","status-publish","format-standard","has-post-thumbnail","hentry","category-noticias","category-provinciales","category-tierra-del-fuego"],"yoast_head":"<!-- This site is optimized with the Yoast SEO Premium plugin v23.0 (Yoast SEO v27.4) - https:\/\/yoast.com\/product\/yoast-seo-premium-wordpress\/ -->\n<title>Cierre del Programa Tierra del Fuego por el \u00bd Ambiente, Foros de J\u00f3venes<\/title>\n<meta name=\"robots\" content=\"index, follow, max-snippet:-1, max-image-preview:large, max-video-preview:-1\" \/>\n<link rel=\"canonical\" href=\"https:\/\/patagoniambiental.com.ar\/info\/cierre-del-programa-tierra-del-fuego-por-el-\u00bd-ambiente-foros-de-jovenes\/\" \/>\n<meta property=\"og:locale\" content=\"es_ES\" \/>\n<meta property=\"og:type\" content=\"article\" \/>\n<meta property=\"og:title\" content=\"Cierre del Programa Tierra del Fuego por el \u00bd Ambiente, Foros de J\u00f3venes\" \/>\n<meta property=\"og:description\" content=\"USHUAIA, 2 de julio.- El Gobierno de la provincia a trav\u00e9s del Ministerio de Educaci\u00f3n, la Secretar\u00eda de Desarrollo Sustentable [&hellip;]\" \/>\n<meta property=\"og:url\" content=\"https:\/\/patagoniambiental.com.ar\/info\/cierre-del-programa-tierra-del-fuego-por-el-\u00bd-ambiente-foros-de-jovenes\/\" \/>\n<meta property=\"og:site_name\" content=\"Patagonia Ambiental\" \/>\n<meta property=\"article:publisher\" content=\"https:\/\/www.facebook.com\/patagonia.ambiental\" \/>\n<meta property=\"article:author\" content=\"https:\/\/www.facebook.com\/share\/1C1V8Gv9BX\/?mibextid=qi2Omg\" \/>\n<meta property=\"article:published_time\" content=\"2015-07-03T12:00:14+00:00\" \/>\n<meta name=\"author\" content=\"Patagonia Ambiental\" \/>\n<meta name=\"twitter:card\" content=\"summary_large_image\" \/>\n<meta name=\"twitter:creator\" content=\"@PatAmb\" \/>\n<meta name=\"twitter:site\" content=\"@PatAmb\" \/>\n<script type=\"application\/ld+json\" class=\"yoast-schema-graph\">{\"@context\":\"https:\\\/\\\/schema.org\",\"@graph\":[{\"@type\":\"Article\",\"@id\":\"https:\\\/\\\/patagoniambiental.com.ar\\\/info\\\/cierre-del-programa-tierra-del-fuego-por-el-%c2%bd-ambiente-foros-de-jovenes\\\/#article\",\"isPartOf\":{\"@id\":\"https:\\\/\\\/patagoniambiental.com.ar\\\/info\\\/cierre-del-programa-tierra-del-fuego-por-el-%c2%bd-ambiente-foros-de-jovenes\\\/\"},\"author\":{\"name\":\"Patagonia Ambiental\",\"@id\":\"https:\\\/\\\/patagoniambiental.com.ar\\\/info\\\/#\\\/schema\\\/person\\\/db12bff64bbcbf6a253710bf0ea37b5d\"},\"headline\":\"Cierre del Programa Tierra del Fuego por el \u00bd Ambiente, Foros de J\u00f3venes\",\"datePublished\":\"2015-07-03T12:00:14+00:00\",\"mainEntityOfPage\":{\"@id\":\"https:\\\/\\\/patagoniambiental.com.ar\\\/info\\\/cierre-del-programa-tierra-del-fuego-por-el-%c2%bd-ambiente-foros-de-jovenes\\\/\"},\"wordCount\":400,\"publisher\":{\"@id\":\"https:\\\/\\\/patagoniambiental.com.ar\\\/info\\\/#organization\"},\"image\":{\"@id\":\"https:\\\/\\\/patagoniambiental.com.ar\\\/info\\\/cierre-del-programa-tierra-del-fuego-por-el-%c2%bd-ambiente-foros-de-jovenes\\\/#primaryimage\"},\"thumbnailUrl\":\"\",\"articleSection\":[\"Noticias\",\"Provinciales\",\"Tierra del Fuego\"],\"inLanguage\":\"es\"},{\"@type\":\"WebPage\",\"@id\":\"https:\\\/\\\/patagoniambiental.com.ar\\\/info\\\/cierre-del-programa-tierra-del-fuego-por-el-%c2%bd-ambiente-foros-de-jovenes\\\/\",\"url\":\"https:\\\/\\\/patagoniambiental.com.ar\\\/info\\\/cierre-del-programa-tierra-del-fuego-por-el-%c2%bd-ambiente-foros-de-jovenes\\\/\",\"name\":\"Cierre del Programa Tierra del Fuego por el \u00bd Ambiente, Foros de J\u00f3venes\",\"isPartOf\":{\"@id\":\"https:\\\/\\\/patagoniambiental.com.ar\\\/info\\\/#website\"},\"primaryImageOfPage\":{\"@id\":\"https:\\\/\\\/patagoniambiental.com.ar\\\/info\\\/cierre-del-programa-tierra-del-fuego-por-el-%c2%bd-ambiente-foros-de-jovenes\\\/#primaryimage\"},\"image\":{\"@id\":\"https:\\\/\\\/patagoniambiental.com.ar\\\/info\\\/cierre-del-programa-tierra-del-fuego-por-el-%c2%bd-ambiente-foros-de-jovenes\\\/#primaryimage\"},\"thumbnailUrl\":\"\",\"datePublished\":\"2015-07-03T12:00:14+00:00\",\"breadcrumb\":{\"@id\":\"https:\\\/\\\/patagoniambiental.com.ar\\\/info\\\/cierre-del-programa-tierra-del-fuego-por-el-%c2%bd-ambiente-foros-de-jovenes\\\/#breadcrumb\"},\"inLanguage\":\"es\",\"potentialAction\":[{\"@type\":\"ReadAction\",\"target\":[\"https:\\\/\\\/patagoniambiental.com.ar\\\/info\\\/cierre-del-programa-tierra-del-fuego-por-el-%c2%bd-ambiente-foros-de-jovenes\\\/\"]}]},{\"@type\":\"ImageObject\",\"inLanguage\":\"es\",\"@id\":\"https:\\\/\\\/patagoniambiental.com.ar\\\/info\\\/cierre-del-programa-tierra-del-fuego-por-el-%c2%bd-ambiente-foros-de-jovenes\\\/#primaryimage\",\"url\":\"\",\"contentUrl\":\"\"},{\"@type\":\"BreadcrumbList\",\"@id\":\"https:\\\/\\\/patagoniambiental.com.ar\\\/info\\\/cierre-del-programa-tierra-del-fuego-por-el-%c2%bd-ambiente-foros-de-jovenes\\\/#breadcrumb\",\"itemListElement\":[{\"@type\":\"ListItem\",\"position\":1,\"name\":\"Inicio\",\"item\":\"https:\\\/\\\/patagoniambiental.com.ar\\\/info\\\/\"},{\"@type\":\"ListItem\",\"position\":2,\"name\":\"Cierre del Programa Tierra del Fuego por el \u00bd Ambiente, Foros de J\u00f3venes\"}]},{\"@type\":\"WebSite\",\"@id\":\"https:\\\/\\\/patagoniambiental.com.ar\\\/info\\\/#website\",\"url\":\"https:\\\/\\\/patagoniambiental.com.ar\\\/info\\\/\",\"name\":\"Patagonia Ambiental\",\"description\":\"Monitoreo y an\u00e1lisis de la situaci\u00f3n geopol\u00edtica en el mundo y su implicancia en la Patagonia\",\"publisher\":{\"@id\":\"https:\\\/\\\/patagoniambiental.com.ar\\\/info\\\/#organization\"},\"potentialAction\":[{\"@type\":\"SearchAction\",\"target\":{\"@type\":\"EntryPoint\",\"urlTemplate\":\"https:\\\/\\\/patagoniambiental.com.ar\\\/info\\\/?s={search_term_string}\"},\"query-input\":{\"@type\":\"PropertyValueSpecification\",\"valueRequired\":true,\"valueName\":\"search_term_string\"}}],\"inLanguage\":\"es\"},{\"@type\":\"Organization\",\"@id\":\"https:\\\/\\\/patagoniambiental.com.ar\\\/info\\\/#organization\",\"name\":\"Patagonia Ambiental\",\"url\":\"https:\\\/\\\/patagoniambiental.com.ar\\\/info\\\/\",\"logo\":{\"@type\":\"ImageObject\",\"inLanguage\":\"es\",\"@id\":\"https:\\\/\\\/patagoniambiental.com.ar\\\/info\\\/#\\\/schema\\\/logo\\\/image\\\/\",\"url\":\"https:\\\/\\\/patagoniambiental.com.ar\\\/info\\\/wp-content\\\/uploads\\\/2025\\\/05\\\/LOGO-PATAGONIA-AMBIENTAL.png\",\"contentUrl\":\"https:\\\/\\\/patagoniambiental.com.ar\\\/info\\\/wp-content\\\/uploads\\\/2025\\\/05\\\/LOGO-PATAGONIA-AMBIENTAL.png\",\"width\":433,\"height\":250,\"caption\":\"Patagonia Ambiental\"},\"image\":{\"@id\":\"https:\\\/\\\/patagoniambiental.com.ar\\\/info\\\/#\\\/schema\\\/logo\\\/image\\\/\"},\"sameAs\":[\"https:\\\/\\\/www.facebook.com\\\/patagonia.ambiental\",\"https:\\\/\\\/x.com\\\/PatAmb\"]},{\"@type\":\"Person\",\"@id\":\"https:\\\/\\\/patagoniambiental.com.ar\\\/info\\\/#\\\/schema\\\/person\\\/db12bff64bbcbf6a253710bf0ea37b5d\",\"name\":\"Patagonia Ambiental\",\"description\":\"Andr\u00e9s Nievas T\u00e9cnico en manejo ambiental, consultor Ambiental y escritor para medios locales e internacionales sobre temas de geopolitica y medio ambiente.\",\"sameAs\":[\"http:\\\/\\\/www.patagoniambiental.com.ar\",\"https:\\\/\\\/www.facebook.com\\\/share\\\/1C1V8Gv9BX\\\/?mibextid=qi2Omg\",\"@patagoniambiental\",\"https:\\\/\\\/youtube.com\\\/@patagoniaambiental2023?si=BLt58t0wuXquxlYZ\"]}]}<\/script>\n<!-- \/ Yoast SEO Premium plugin. -->","yoast_head_json":{"title":"Cierre del Programa Tierra del Fuego por el \u00bd Ambiente, Foros de J\u00f3venes","robots":{"index":"index","follow":"follow","max-snippet":"max-snippet:-1","max-image-preview":"max-image-preview:large","max-video-preview":"max-video-preview:-1"},"canonical":"https:\/\/patagoniambiental.com.ar\/info\/cierre-del-programa-tierra-del-fuego-por-el-\u00bd-ambiente-foros-de-jovenes\/","og_locale":"es_ES","og_type":"article","og_title":"Cierre del Programa Tierra del Fuego por el \u00bd Ambiente, Foros de J\u00f3venes","og_description":"USHUAIA, 2 de julio.- El Gobierno de la provincia a trav\u00e9s del Ministerio de Educaci\u00f3n, la Secretar\u00eda de Desarrollo Sustentable [&hellip;]","og_url":"https:\/\/patagoniambiental.com.ar\/info\/cierre-del-programa-tierra-del-fuego-por-el-\u00bd-ambiente-foros-de-jovenes\/","og_site_name":"Patagonia Ambiental","article_publisher":"https:\/\/www.facebook.com\/patagonia.ambiental","article_author":"https:\/\/www.facebook.com\/share\/1C1V8Gv9BX\/?mibextid=qi2Omg","article_published_time":"2015-07-03T12:00:14+00:00","author":"Patagonia Ambiental","twitter_card":"summary_large_image","twitter_creator":"@PatAmb","twitter_site":"@PatAmb","schema":{"@context":"https:\/\/schema.org","@graph":[{"@type":"Article","@id":"https:\/\/patagoniambiental.com.ar\/info\/cierre-del-programa-tierra-del-fuego-por-el-%c2%bd-ambiente-foros-de-jovenes\/#article","isPartOf":{"@id":"https:\/\/patagoniambiental.com.ar\/info\/cierre-del-programa-tierra-del-fuego-por-el-%c2%bd-ambiente-foros-de-jovenes\/"},"author":{"name":"Patagonia Ambiental","@id":"https:\/\/patagoniambiental.com.ar\/info\/#\/schema\/person\/db12bff64bbcbf6a253710bf0ea37b5d"},"headline":"Cierre del Programa Tierra del Fuego por el \u00bd Ambiente, Foros de J\u00f3venes","datePublished":"2015-07-03T12:00:14+00:00","mainEntityOfPage":{"@id":"https:\/\/patagoniambiental.com.ar\/info\/cierre-del-programa-tierra-del-fuego-por-el-%c2%bd-ambiente-foros-de-jovenes\/"},"wordCount":400,"publisher":{"@id":"https:\/\/patagoniambiental.com.ar\/info\/#organization"},"image":{"@id":"https:\/\/patagoniambiental.com.ar\/info\/cierre-del-programa-tierra-del-fuego-por-el-%c2%bd-ambiente-foros-de-jovenes\/#primaryimage"},"thumbnailUrl":"","articleSection":["Noticias","Provinciales","Tierra del Fuego"],"inLanguage":"es"},{"@type":"WebPage","@id":"https:\/\/patagoniambiental.com.ar\/info\/cierre-del-programa-tierra-del-fuego-por-el-%c2%bd-ambiente-foros-de-jovenes\/","url":"https:\/\/patagoniambiental.com.ar\/info\/cierre-del-programa-tierra-del-fuego-por-el-%c2%bd-ambiente-foros-de-jovenes\/","name":"Cierre del Programa Tierra del Fuego por el \u00bd Ambiente, Foros de J\u00f3venes","isPartOf":{"@id":"https:\/\/patagoniambiental.com.ar\/info\/#website"},"primaryImageOfPage":{"@id":"https:\/\/patagoniambiental.com.ar\/info\/cierre-del-programa-tierra-del-fuego-por-el-%c2%bd-ambiente-foros-de-jovenes\/#primaryimage"},"image":{"@id":"https:\/\/patagoniambiental.com.ar\/info\/cierre-del-programa-tierra-del-fuego-por-el-%c2%bd-ambiente-foros-de-jovenes\/#primaryimage"},"thumbnailUrl":"","datePublished":"2015-07-03T12:00:14+00:00","breadcrumb":{"@id":"https:\/\/patagoniambiental.com.ar\/info\/cierre-del-programa-tierra-del-fuego-por-el-%c2%bd-ambiente-foros-de-jovenes\/#breadcrumb"},"inLanguage":"es","potentialAction":[{"@type":"ReadAction","target":["https:\/\/patagoniambiental.com.ar\/info\/cierre-del-programa-tierra-del-fuego-por-el-%c2%bd-ambiente-foros-de-jovenes\/"]}]},{"@type":"ImageObject","inLanguage":"es","@id":"https:\/\/patagoniambiental.com.ar\/info\/cierre-del-programa-tierra-del-fuego-por-el-%c2%bd-ambiente-foros-de-jovenes\/#primaryimage","url":"","contentUrl":""},{"@type":"BreadcrumbList","@id":"https:\/\/patagoniambiental.com.ar\/info\/cierre-del-programa-tierra-del-fuego-por-el-%c2%bd-ambiente-foros-de-jovenes\/#breadcrumb","itemListElement":[{"@type":"ListItem","position":1,"name":"Inicio","item":"https:\/\/patagoniambiental.com.ar\/info\/"},{"@type":"ListItem","position":2,"name":"Cierre del Programa Tierra del Fuego por el \u00bd Ambiente, Foros de J\u00f3venes"}]},{"@type":"WebSite","@id":"https:\/\/patagoniambiental.com.ar\/info\/#website","url":"https:\/\/patagoniambiental.com.ar\/info\/","name":"Patagonia Ambiental","description":"Monitoreo y an\u00e1lisis de la situaci\u00f3n geopol\u00edtica en el mundo y su implicancia en la Patagonia","publisher":{"@id":"https:\/\/patagoniambiental.com.ar\/info\/#organization"},"potentialAction":[{"@type":"SearchAction","target":{"@type":"EntryPoint","urlTemplate":"https:\/\/patagoniambiental.com.ar\/info\/?s={search_term_string}"},"query-input":{"@type":"PropertyValueSpecification","valueRequired":true,"valueName":"search_term_string"}}],"inLanguage":"es"},{"@type":"Organization","@id":"https:\/\/patagoniambiental.com.ar\/info\/#organization","name":"Patagonia Ambiental","url":"https:\/\/patagoniambiental.com.ar\/info\/","logo":{"@type":"ImageObject","inLanguage":"es","@id":"https:\/\/patagoniambiental.com.ar\/info\/#\/schema\/logo\/image\/","url":"https:\/\/patagoniambiental.com.ar\/info\/wp-content\/uploads\/2025\/05\/LOGO-PATAGONIA-AMBIENTAL.png","contentUrl":"https:\/\/patagoniambiental.com.ar\/info\/wp-content\/uploads\/2025\/05\/LOGO-PATAGONIA-AMBIENTAL.png","width":433,"height":250,"caption":"Patagonia Ambiental"},"image":{"@id":"https:\/\/patagoniambiental.com.ar\/info\/#\/schema\/logo\/image\/"},"sameAs":["https:\/\/www.facebook.com\/patagonia.ambiental","https:\/\/x.com\/PatAmb"]},{"@type":"Person","@id":"https:\/\/patagoniambiental.com.ar\/info\/#\/schema\/person\/db12bff64bbcbf6a253710bf0ea37b5d","name":"Patagonia Ambiental","description":"Andr\u00e9s Nievas T\u00e9cnico en manejo ambiental, consultor Ambiental y escritor para medios locales e internacionales sobre temas de geopolitica y medio ambiente.","sameAs":["http:\/\/www.patagoniambiental.com.ar","https:\/\/www.facebook.com\/share\/1C1V8Gv9BX\/?mibextid=qi2Omg","@patagoniambiental","https:\/\/youtube.com\/@patagoniaambiental2023?si=BLt58t0wuXquxlYZ"]}]}},"_links":{"self":[{"href":"https:\/\/patagoniambiental.com.ar\/info\/wp-json\/wp\/v2\/posts\/12598","targetHints":{"allow":["GET"]}}],"collection":[{"href":"https:\/\/patagoniambiental.com.ar\/info\/wp-json\/wp\/v2\/posts"}],"about":[{"href":"https:\/\/patagoniambiental.com.ar\/info\/wp-json\/wp\/v2\/types\/post"}],"author":[{"embeddable":true,"href":"https:\/\/patagoniambiental.com.ar\/info\/wp-json\/wp\/v2\/users\/2"}],"replies":[{"embeddable":true,"href":"https:\/\/patagoniambiental.com.ar\/info\/wp-json\/wp\/v2\/comments?post=12598"}],"version-history":[{"count":0,"href":"https:\/\/patagoniambiental.com.ar\/info\/wp-json\/wp\/v2\/posts\/12598\/revisions"}],"wp:featuredmedia":[{"embeddable":true,"href":"https:\/\/patagoniambiental.com.ar\/info\/wp-json\/"}],"wp:attachment":[{"href":"https:\/\/patagoniambiental.com.ar\/info\/wp-json\/wp\/v2\/media?parent=12598"}],"wp:term":[{"taxonomy":"category","embeddable":true,"href":"https:\/\/patagoniambiental.com.ar\/info\/wp-json\/wp\/v2\/categories?post=12598"},{"taxonomy":"post_tag","embeddable":true,"href":"https:\/\/patagoniambiental.com.ar\/info\/wp-json\/wp\/v2\/tags?post=12598"}],"curies":[{"name":"wp","href":"https:\/\/api.w.org\/{rel}","templated":true}]}}