{"id":12656,"date":"2015-07-07T09:00:04","date_gmt":"2015-07-07T12:00:04","guid":{"rendered":"http:\/\/patagoniambiental.com.ar\/?p=12656"},"modified":"2015-07-07T09:00:04","modified_gmt":"2015-07-07T12:00:04","slug":"proyecto-pampa-azul-comenzo-un-encuentro-internacional-sobre-recursos-del-mar","status":"publish","type":"post","link":"https:\/\/patagoniambiental.com.ar\/info\/proyecto-pampa-azul-comenzo-un-encuentro-internacional-sobre-recursos-del-mar\/","title":{"rendered":"Proyecto \u201cPampa Azul\u201d: comenz\u00f3 un Encuentro Internacional sobre Recursos del Mar"},"content":{"rendered":"<p><span id=\"ContentPlaceHolder1_lbl_Titulo\"><span id=\"ContentPlaceHolder1_lbl_Copete\">Comodoro Rivadavia.-Son dos jornadas organizadas por el Gobierno del Chubut que se desarrollan en Comodoro Rivadavia, con el acompa\u00f1amiento del Ministerio de Ciencia y Tecnolog\u00eda de Naci\u00f3n.<\/span><\/span><!--more--><\/p>\n<p><span id=\"ContentPlaceHolder1_lbl_Titulo\"><span id=\"ContentPlaceHolder1_lbl_Copete\"> Cuenta con la participaci\u00f3n de alumnos, docentes, cient\u00edficos e investigadores argentinos, franceses y canadienses de diversos centros de investigaci\u00f3n para la divulgaci\u00f3n cient\u00edfica, tecnol\u00f3gica y un desarrollo sustentable de los recursos marinos. Adem\u00e1s durante el encuentro se pondr\u00e1n en com\u00fan los datos obtenidos por la campa\u00f1a oceanogr\u00e1fica del Coriolis II en 2014.<\/span><\/span><\/p>\n<p><span id=\"ContentPlaceHolder1_lbl_Cuerpo\">Con la participaci\u00f3n de cient\u00edficos e investigadores de Argentina, Canad\u00e1 y Francia, autoridades nacionales, universidades argentinas vinculadas al mar, el CONICET, y otros organismos de investigaci\u00f3n y divulgaci\u00f3n cient\u00edfica marino-costera comenz\u00f3 este lunes en Comodoro Rivadavia el Encuentro Internacional sobre Recursos del Mar.<\/span><\/p>\n<p>El evento, organizado por el Gobierno del Chubut a trav\u00e9s de la Secretar\u00eda de Ciencia, Tecnolog\u00eda e Innovaci\u00f3n Productiva, y con el apoyo del Ministerio hom\u00f3nimo del Gobierno Nacional, consta de dos jornadas en las que se pondr\u00e1n en com\u00fan programas estrat\u00e9gicos, pol\u00edticas cient\u00edficas, programas en funcionamiento tanto de investigaci\u00f3n como de cooperaci\u00f3n internacional, detalles de tecnolog\u00edas marinas, datos obtenidos a trav\u00e9s de estudios y biodiversidad, apuntando hacia un desarrollo sustentable de los recursos socio productivos del mar argentino.<\/p>\n<p>El encuentro se desarrolla en un hotel c\u00e9ntrico de la ciudad, y contempla la disertaci\u00f3n y exposici\u00f3n de diversos grupos de investigadores que abordan desde las perspectivas de integraci\u00f3n territorial y desarrollo productivo hasta el monitoreo cient\u00edfico de las aguas del Golfo San Jorge, sus nutrientes, biodiversidad, comunidades, geolog\u00eda marina y geof\u00edsica, pasando por programas de cooperaci\u00f3n, estrategias provinciales y nacionales de gesti\u00f3n de recursos y medioambientales.<\/p>\n<p>Participaron de la apertura del evento el coordinador ejecutivo del Gabinete Cient\u00edfico Tecnol\u00f3gico y coordinador del programa \u201cPampa Azul\u201d del Ministerio de Ciencia, Tecnolog\u00eda e Innovaci\u00f3n Productiva de la Naci\u00f3n, Alejandro Mentaberry; los ministros de Educaci\u00f3n, Rub\u00e9n Z\u00e1rate; de Hidrocarburos, Ezequiel Cufr\u00e9; y de Ambiente y Control del Desarrollo Sustentable, Jos\u00e9 Mar\u00eda Musmeci; el secretario de Ciencia, Tecnolog\u00eda e Innovaci\u00f3n Productiva, Santiago Miguelez; el diputado nacional Juan Mario Pais; el diputado provincial Gustavo Reyes; la subsecretaria de Estrategias Territoriales y de Innovaci\u00f3n Productiva, Marcela Berhens, representantes de los municipios de Comodoro Rivadavia y Rada Tilly, autoridades de Prefectura Naval Argentina, de la Universidad Nacional de la Patagonia \u201cSan Juan Bosco\u201d y de la Universidad de la Patagonia Austral, veteranos y excombatientes de la guerra de Malvinas, y representantes sindicales y de establecimientos educativos de la ciudad.<\/p>\n<p>\u201cTenemos que recuperar productivamente el oc\u00e9ano y hacerlo desde el punto de vista sustentable ambiental, porque el mar tiene grandes recursos pero es un ecosistema muy delicado\u201d, expres\u00f3 el ministro Z\u00e1rate, que forma parte de las pol\u00edticas estrat\u00e9gicas \u201cPampa Azul\u201d y el programa \u201cArgentina Innovadora 2020\u201d desde que se desempe\u00f1aba al frente de la cartera provincial de Ciencia, Tecnolog\u00eda e Innovaci\u00f3n Productiva.<\/p>\n<p>Z\u00e1rate record\u00f3 la mirada estrat\u00e9gica sobre el mar y sus recursos que impuls\u00f3 \u201cel gobernador Mart\u00edn Buzzi cuando era intendente de Comodoro Rivadavia, que luego se corporiz\u00f3 con la decisi\u00f3n presidencial de definir una estrategia nacional, tomar al oc\u00e9ano y al mar argentino como un elemento central y estrat\u00e9gico para el desarrollo socioecon\u00f3mico, con importancia geopol\u00edtica, y desarrollar condiciones para pol\u00edticas cient\u00edficas y tecnol\u00f3gicas para desarrollo del mar\u201d.<\/p>\n<p>En la misma l\u00ednea, Alejandro Mentaberry valor\u00f3 la posibilidad de desarrollar un encuentro donde se ponen en com\u00fan los datos recogidos en el marco de esta iniciativa nacional, y la \u201cparticipaci\u00f3n de las provincias patag\u00f3nicas y de numerosas \u00e1reas del Estado\u201d, ya que el trabajo estrat\u00e9gico en este sentido \u201ccoordina seis Ministerios y una Secretar\u00eda de Estado\u201d.<\/p>\n<p><strong>Capacidades cient\u00edficas<\/strong><\/p>\n<p>El encuentro, del que participan especialistas de Canad\u00e1, Francia, cient\u00edficos de CONICET y las universidades argentinas vinculadas al mar, estudiantes de doctorados y maestr\u00edas, empresarios, estudiantes secundarios de Biolog\u00eda Marina de Comodoro Rivadavia y de la localidad de Camarones, y p\u00fablico en general, se extender\u00e1 a lo largo de dos jornadas en las que se pondr\u00e1n en com\u00fan los resultados de las investigaciones que se vienen llevando adelante en los \u00faltimos a\u00f1os en el marco de las dos iniciativas nacionales: \u201cPampa Azul\u201d y el Plan Nacional \u201cArgentina Innovadora 2020\u201d.<\/p>\n<p>El ministro de Educaci\u00f3n record\u00f3 que Argentina Innovadora 2020 \u201ces el plan que establece los desarrollos tecnol\u00f3gicos necesarios que deben establecerse para que las cadenas de valor que se vinculan al recurso marino tengan valor, particularmente en nuestros pueblos costeros\u201d. Z\u00e1rate participa de esta estrategia en la coordinaci\u00f3n del n\u00facleo socio-productivo de procesamiento de recursos oce\u00e1nicos, \u201cque es el n\u00facleo que da cuerpo, en t\u00e9rminos documentales, al plan Argentina Innovadora 2020, y que se plantea resolver los problemas tecnol\u00f3gicos en funci\u00f3n de las capacidades cient\u00edficas y las necesidades productivas\u201d.<\/p>\n<p>En relaci\u00f3n con \u201cPampa Azul\u201d, indic\u00f3 que se trata de una iniciativa de car\u00e1cter presidencial \u201cen la que la Provincia del Chubut, a trav\u00e9s del gobernador Mart\u00edn Buzzi, tuvo un fuerte protagonismo\u201d, la cual \u201cdefine una serie de recursos por 10 a\u00f1os, que son de car\u00e1cter excepcional para estudios cient\u00edficos, tecnol\u00f3gicos, y desarrollo productivo vinculado al mar, considerando adem\u00e1s el aspecto geopol\u00edtico por estar nosotros a no m\u00e1s de 500 kil\u00f3metros de Malvinas y del Agujero Azul, el frente oce\u00e1nico m\u00e1s importante que tiene el Atl\u00e1ntico Sur en t\u00e9rminos pesqueros\u201d.<\/p>\n<p><strong>Desarrollo socioecon\u00f3mico y productivo<\/strong><\/p>\n<p>Por otro lado, Santiago Miguelez valor\u00f3 la participaci\u00f3n tanto de la comunidad cient\u00edfica como el inter\u00e9s demostrado por estudiantes universitarios y secundarios en este encuentro, y remarc\u00f3 que esto justamente \u201ctiene que ver con el futuro de lo que venimos a proponer, que es una profundizaci\u00f3n del estudio de los recursos oce\u00e1nicos y toda una pol\u00edtica de integraci\u00f3n patag\u00f3nica, en el marco de la pol\u00edtica nacional Pampa Azul\u201d.<\/p>\n<p>Tambi\u00e9n destac\u00f3 el trabajo sistem\u00e1tico que requiere la realizaci\u00f3n de estos estudios y la vinculaci\u00f3n del conocimiento \u201cexpresado en t\u00e9rminos de proyectos de investigaci\u00f3n cient\u00edficos y universitarios con el componente del desarrollo socioecon\u00f3mico y productivo\u201d. Al mismo tiempo remarc\u00f3 que \u201ces una expresi\u00f3n de soberan\u00eda, ya que el territorio mar\u00edtimo tiene mucho para aportar y es un recurso nacional y provincial\u201d.<\/p>\n<p><strong>Coriolis II<\/strong><\/p>\n<p>Durante el encuentro se pusieron en com\u00fan los datos obtenidos por la campa\u00f1a oceanogr\u00e1fica del Coriolis II en 2014, \u201cla primera gran actividad vinculada al Pampa Azul, donde el Golfo San Jorge qued\u00f3 como uno de los puntos focales estrat\u00e9gicos definidos a nivel presidencial\u201d, expres\u00f3 Z\u00e1rate y mencion\u00f3 que se tomaron gran cantidad de datos \u201cque permiten modelizar el funcionamiento del golfo tomando en cuenta las actividades productivas que tiene, particularmente la pesca y el desarrollo de hidrocarburos, con una mirada ecosist\u00e9mica\u201d.<\/p>\n<p>Al respecto agreg\u00f3 que se trabaja en la creaci\u00f3n de un Observatorio Oceanogr\u00e1fico y en un polo tecnol\u00f3gico \u201cque contemple los recursos del mar como un aspecto necesario de ser estudiado, con radicaci\u00f3n de recursos humanos y la innovaci\u00f3n tecnol\u00f3gica correspondiente\u201d.<\/p>\n<p>Fuente: Diario Jornada<\/p>\n","protected":false},"excerpt":{"rendered":"<p>Comodoro Rivadavia.-Son dos jornadas organizadas por el Gobierno del Chubut que se desarrollan en Comodoro Rivadavia, con el acompa\u00f1amiento del [&hellip;]<\/p>\n","protected":false},"author":2,"featured_media":12658,"comment_status":"closed","ping_status":"closed","sticky":false,"template":"","format":"standard","meta":{"site-sidebar-layout":"default","site-content-layout":"","ast-site-content-layout":"default","site-content-style":"default","site-sidebar-style":"default","ast-global-header-display":"","ast-banner-title-visibility":"","ast-main-header-display":"","ast-hfb-above-header-display":"","ast-hfb-below-header-display":"","ast-hfb-mobile-header-display":"","site-post-title":"","ast-breadcrumbs-content":"","ast-featured-img":"","footer-sml-layout":"","ast-disable-related-posts":"","theme-transparent-header-meta":"","adv-header-id-meta":"","stick-header-meta":"","header-above-stick-meta":"","header-main-stick-meta":"","header-below-stick-meta":"","astra-migrate-meta-layouts":"default","ast-page-background-enabled":"default","ast-page-background-meta":{"desktop":{"background-color":"var(--ast-global-color-5)","background-image":"","background-repeat":"repeat","background-position":"center center","background-size":"auto","background-attachment":"scroll","background-type":"","background-media":"","overlay-type":"","overlay-color":"","overlay-opacity":"","overlay-gradient":""},"tablet":{"background-color":"","background-image":"","background-repeat":"repeat","background-position":"center center","background-size":"auto","background-attachment":"scroll","background-type":"","background-media":"","overlay-type":"","overlay-color":"","overlay-opacity":"","overlay-gradient":""},"mobile":{"background-color":"","background-image":"","background-repeat":"repeat","background-position":"center center","background-size":"auto","background-attachment":"scroll","background-type":"","background-media":"","overlay-type":"","overlay-color":"","overlay-opacity":"","overlay-gradient":""}},"ast-content-background-meta":{"desktop":{"background-color":"var(--ast-global-color-4)","background-image":"","background-repeat":"repeat","background-position":"center center","background-size":"auto","background-attachment":"scroll","background-type":"","background-media":"","overlay-type":"","overlay-color":"","overlay-opacity":"","overlay-gradient":""},"tablet":{"background-color":"var(--ast-global-color-4)","background-image":"","background-repeat":"repeat","background-position":"center center","background-size":"auto","background-attachment":"scroll","background-type":"","background-media":"","overlay-type":"","overlay-color":"","overlay-opacity":"","overlay-gradient":""},"mobile":{"background-color":"var(--ast-global-color-4)","background-image":"","background-repeat":"repeat","background-position":"center center","background-size":"auto","background-attachment":"scroll","background-type":"","background-media":"","overlay-type":"","overlay-color":"","overlay-opacity":"","overlay-gradient":""}},"footnotes":""},"categories":[12,1],"tags":[],"class_list":["post-12656","post","type-post","status-publish","format-standard","has-post-thumbnail","hentry","category-agenda-ambiental","category-noticias"],"yoast_head":"<!-- This site is optimized with the Yoast SEO Premium plugin v23.0 (Yoast SEO v27.4) - https:\/\/yoast.com\/product\/yoast-seo-premium-wordpress\/ -->\n<title>Proyecto \u201cPampa Azul\u201d: comenz\u00f3 un Encuentro Internacional sobre Recursos del Mar<\/title>\n<meta name=\"robots\" content=\"index, follow, max-snippet:-1, max-image-preview:large, max-video-preview:-1\" \/>\n<link rel=\"canonical\" href=\"https:\/\/patagoniambiental.com.ar\/info\/proyecto-pampa-azul-comenzo-un-encuentro-internacional-sobre-recursos-del-mar\/\" \/>\n<meta property=\"og:locale\" content=\"es_ES\" \/>\n<meta property=\"og:type\" content=\"article\" \/>\n<meta property=\"og:title\" content=\"Proyecto \u201cPampa Azul\u201d: comenz\u00f3 un Encuentro Internacional sobre Recursos del Mar\" \/>\n<meta property=\"og:description\" content=\"Comodoro Rivadavia.-Son dos jornadas organizadas por el Gobierno del Chubut que se desarrollan en Comodoro Rivadavia, con el acompa\u00f1amiento del [&hellip;]\" \/>\n<meta property=\"og:url\" content=\"https:\/\/patagoniambiental.com.ar\/info\/proyecto-pampa-azul-comenzo-un-encuentro-internacional-sobre-recursos-del-mar\/\" \/>\n<meta property=\"og:site_name\" content=\"Patagonia Ambiental\" \/>\n<meta property=\"article:publisher\" content=\"https:\/\/www.facebook.com\/patagonia.ambiental\" \/>\n<meta property=\"article:author\" content=\"https:\/\/www.facebook.com\/share\/1C1V8Gv9BX\/?mibextid=qi2Omg\" \/>\n<meta property=\"article:published_time\" content=\"2015-07-07T12:00:04+00:00\" \/>\n<meta name=\"author\" content=\"Patagonia Ambiental\" \/>\n<meta name=\"twitter:card\" content=\"summary_large_image\" \/>\n<meta name=\"twitter:creator\" content=\"@PatAmb\" \/>\n<meta name=\"twitter:site\" content=\"@PatAmb\" \/>\n<script type=\"application\/ld+json\" class=\"yoast-schema-graph\">{\"@context\":\"https:\\\/\\\/schema.org\",\"@graph\":[{\"@type\":\"Article\",\"@id\":\"https:\\\/\\\/patagoniambiental.com.ar\\\/info\\\/proyecto-pampa-azul-comenzo-un-encuentro-internacional-sobre-recursos-del-mar\\\/#article\",\"isPartOf\":{\"@id\":\"https:\\\/\\\/patagoniambiental.com.ar\\\/info\\\/proyecto-pampa-azul-comenzo-un-encuentro-internacional-sobre-recursos-del-mar\\\/\"},\"author\":{\"name\":\"Patagonia Ambiental\",\"@id\":\"https:\\\/\\\/patagoniambiental.com.ar\\\/info\\\/#\\\/schema\\\/person\\\/db12bff64bbcbf6a253710bf0ea37b5d\"},\"headline\":\"Proyecto \u201cPampa Azul\u201d: comenz\u00f3 un Encuentro Internacional sobre Recursos del Mar\",\"datePublished\":\"2015-07-07T12:00:04+00:00\",\"mainEntityOfPage\":{\"@id\":\"https:\\\/\\\/patagoniambiental.com.ar\\\/info\\\/proyecto-pampa-azul-comenzo-un-encuentro-internacional-sobre-recursos-del-mar\\\/\"},\"wordCount\":1272,\"publisher\":{\"@id\":\"https:\\\/\\\/patagoniambiental.com.ar\\\/info\\\/#organization\"},\"image\":{\"@id\":\"https:\\\/\\\/patagoniambiental.com.ar\\\/info\\\/proyecto-pampa-azul-comenzo-un-encuentro-internacional-sobre-recursos-del-mar\\\/#primaryimage\"},\"thumbnailUrl\":\"\",\"articleSection\":[\"Agenda Ambiental\",\"Noticias\"],\"inLanguage\":\"es\"},{\"@type\":\"WebPage\",\"@id\":\"https:\\\/\\\/patagoniambiental.com.ar\\\/info\\\/proyecto-pampa-azul-comenzo-un-encuentro-internacional-sobre-recursos-del-mar\\\/\",\"url\":\"https:\\\/\\\/patagoniambiental.com.ar\\\/info\\\/proyecto-pampa-azul-comenzo-un-encuentro-internacional-sobre-recursos-del-mar\\\/\",\"name\":\"Proyecto \u201cPampa Azul\u201d: comenz\u00f3 un Encuentro Internacional sobre Recursos del Mar\",\"isPartOf\":{\"@id\":\"https:\\\/\\\/patagoniambiental.com.ar\\\/info\\\/#website\"},\"primaryImageOfPage\":{\"@id\":\"https:\\\/\\\/patagoniambiental.com.ar\\\/info\\\/proyecto-pampa-azul-comenzo-un-encuentro-internacional-sobre-recursos-del-mar\\\/#primaryimage\"},\"image\":{\"@id\":\"https:\\\/\\\/patagoniambiental.com.ar\\\/info\\\/proyecto-pampa-azul-comenzo-un-encuentro-internacional-sobre-recursos-del-mar\\\/#primaryimage\"},\"thumbnailUrl\":\"\",\"datePublished\":\"2015-07-07T12:00:04+00:00\",\"breadcrumb\":{\"@id\":\"https:\\\/\\\/patagoniambiental.com.ar\\\/info\\\/proyecto-pampa-azul-comenzo-un-encuentro-internacional-sobre-recursos-del-mar\\\/#breadcrumb\"},\"inLanguage\":\"es\",\"potentialAction\":[{\"@type\":\"ReadAction\",\"target\":[\"https:\\\/\\\/patagoniambiental.com.ar\\\/info\\\/proyecto-pampa-azul-comenzo-un-encuentro-internacional-sobre-recursos-del-mar\\\/\"]}]},{\"@type\":\"ImageObject\",\"inLanguage\":\"es\",\"@id\":\"https:\\\/\\\/patagoniambiental.com.ar\\\/info\\\/proyecto-pampa-azul-comenzo-un-encuentro-internacional-sobre-recursos-del-mar\\\/#primaryimage\",\"url\":\"\",\"contentUrl\":\"\"},{\"@type\":\"BreadcrumbList\",\"@id\":\"https:\\\/\\\/patagoniambiental.com.ar\\\/info\\\/proyecto-pampa-azul-comenzo-un-encuentro-internacional-sobre-recursos-del-mar\\\/#breadcrumb\",\"itemListElement\":[{\"@type\":\"ListItem\",\"position\":1,\"name\":\"Inicio\",\"item\":\"https:\\\/\\\/patagoniambiental.com.ar\\\/info\\\/\"},{\"@type\":\"ListItem\",\"position\":2,\"name\":\"Proyecto \u201cPampa Azul\u201d: comenz\u00f3 un Encuentro Internacional sobre Recursos del Mar\"}]},{\"@type\":\"WebSite\",\"@id\":\"https:\\\/\\\/patagoniambiental.com.ar\\\/info\\\/#website\",\"url\":\"https:\\\/\\\/patagoniambiental.com.ar\\\/info\\\/\",\"name\":\"Patagonia Ambiental\",\"description\":\"Monitoreo y an\u00e1lisis de la situaci\u00f3n geopol\u00edtica en el mundo y su implicancia en la Patagonia\",\"publisher\":{\"@id\":\"https:\\\/\\\/patagoniambiental.com.ar\\\/info\\\/#organization\"},\"potentialAction\":[{\"@type\":\"SearchAction\",\"target\":{\"@type\":\"EntryPoint\",\"urlTemplate\":\"https:\\\/\\\/patagoniambiental.com.ar\\\/info\\\/?s={search_term_string}\"},\"query-input\":{\"@type\":\"PropertyValueSpecification\",\"valueRequired\":true,\"valueName\":\"search_term_string\"}}],\"inLanguage\":\"es\"},{\"@type\":\"Organization\",\"@id\":\"https:\\\/\\\/patagoniambiental.com.ar\\\/info\\\/#organization\",\"name\":\"Patagonia Ambiental\",\"url\":\"https:\\\/\\\/patagoniambiental.com.ar\\\/info\\\/\",\"logo\":{\"@type\":\"ImageObject\",\"inLanguage\":\"es\",\"@id\":\"https:\\\/\\\/patagoniambiental.com.ar\\\/info\\\/#\\\/schema\\\/logo\\\/image\\\/\",\"url\":\"https:\\\/\\\/patagoniambiental.com.ar\\\/info\\\/wp-content\\\/uploads\\\/2025\\\/05\\\/LOGO-PATAGONIA-AMBIENTAL.png\",\"contentUrl\":\"https:\\\/\\\/patagoniambiental.com.ar\\\/info\\\/wp-content\\\/uploads\\\/2025\\\/05\\\/LOGO-PATAGONIA-AMBIENTAL.png\",\"width\":433,\"height\":250,\"caption\":\"Patagonia Ambiental\"},\"image\":{\"@id\":\"https:\\\/\\\/patagoniambiental.com.ar\\\/info\\\/#\\\/schema\\\/logo\\\/image\\\/\"},\"sameAs\":[\"https:\\\/\\\/www.facebook.com\\\/patagonia.ambiental\",\"https:\\\/\\\/x.com\\\/PatAmb\"]},{\"@type\":\"Person\",\"@id\":\"https:\\\/\\\/patagoniambiental.com.ar\\\/info\\\/#\\\/schema\\\/person\\\/db12bff64bbcbf6a253710bf0ea37b5d\",\"name\":\"Patagonia Ambiental\",\"description\":\"Andr\u00e9s Nievas T\u00e9cnico en manejo ambiental, consultor Ambiental y escritor para medios locales e internacionales sobre temas de geopolitica y medio ambiente.\",\"sameAs\":[\"http:\\\/\\\/www.patagoniambiental.com.ar\",\"https:\\\/\\\/www.facebook.com\\\/share\\\/1C1V8Gv9BX\\\/?mibextid=qi2Omg\",\"@patagoniambiental\",\"https:\\\/\\\/youtube.com\\\/@patagoniaambiental2023?si=BLt58t0wuXquxlYZ\"]}]}<\/script>\n<!-- \/ Yoast SEO Premium plugin. -->","yoast_head_json":{"title":"Proyecto \u201cPampa Azul\u201d: comenz\u00f3 un Encuentro Internacional sobre Recursos del Mar","robots":{"index":"index","follow":"follow","max-snippet":"max-snippet:-1","max-image-preview":"max-image-preview:large","max-video-preview":"max-video-preview:-1"},"canonical":"https:\/\/patagoniambiental.com.ar\/info\/proyecto-pampa-azul-comenzo-un-encuentro-internacional-sobre-recursos-del-mar\/","og_locale":"es_ES","og_type":"article","og_title":"Proyecto \u201cPampa Azul\u201d: comenz\u00f3 un Encuentro Internacional sobre Recursos del Mar","og_description":"Comodoro Rivadavia.-Son dos jornadas organizadas por el Gobierno del Chubut que se desarrollan en Comodoro Rivadavia, con el acompa\u00f1amiento del [&hellip;]","og_url":"https:\/\/patagoniambiental.com.ar\/info\/proyecto-pampa-azul-comenzo-un-encuentro-internacional-sobre-recursos-del-mar\/","og_site_name":"Patagonia Ambiental","article_publisher":"https:\/\/www.facebook.com\/patagonia.ambiental","article_author":"https:\/\/www.facebook.com\/share\/1C1V8Gv9BX\/?mibextid=qi2Omg","article_published_time":"2015-07-07T12:00:04+00:00","author":"Patagonia Ambiental","twitter_card":"summary_large_image","twitter_creator":"@PatAmb","twitter_site":"@PatAmb","schema":{"@context":"https:\/\/schema.org","@graph":[{"@type":"Article","@id":"https:\/\/patagoniambiental.com.ar\/info\/proyecto-pampa-azul-comenzo-un-encuentro-internacional-sobre-recursos-del-mar\/#article","isPartOf":{"@id":"https:\/\/patagoniambiental.com.ar\/info\/proyecto-pampa-azul-comenzo-un-encuentro-internacional-sobre-recursos-del-mar\/"},"author":{"name":"Patagonia Ambiental","@id":"https:\/\/patagoniambiental.com.ar\/info\/#\/schema\/person\/db12bff64bbcbf6a253710bf0ea37b5d"},"headline":"Proyecto \u201cPampa Azul\u201d: comenz\u00f3 un Encuentro Internacional sobre Recursos del Mar","datePublished":"2015-07-07T12:00:04+00:00","mainEntityOfPage":{"@id":"https:\/\/patagoniambiental.com.ar\/info\/proyecto-pampa-azul-comenzo-un-encuentro-internacional-sobre-recursos-del-mar\/"},"wordCount":1272,"publisher":{"@id":"https:\/\/patagoniambiental.com.ar\/info\/#organization"},"image":{"@id":"https:\/\/patagoniambiental.com.ar\/info\/proyecto-pampa-azul-comenzo-un-encuentro-internacional-sobre-recursos-del-mar\/#primaryimage"},"thumbnailUrl":"","articleSection":["Agenda Ambiental","Noticias"],"inLanguage":"es"},{"@type":"WebPage","@id":"https:\/\/patagoniambiental.com.ar\/info\/proyecto-pampa-azul-comenzo-un-encuentro-internacional-sobre-recursos-del-mar\/","url":"https:\/\/patagoniambiental.com.ar\/info\/proyecto-pampa-azul-comenzo-un-encuentro-internacional-sobre-recursos-del-mar\/","name":"Proyecto \u201cPampa Azul\u201d: comenz\u00f3 un Encuentro Internacional sobre Recursos del Mar","isPartOf":{"@id":"https:\/\/patagoniambiental.com.ar\/info\/#website"},"primaryImageOfPage":{"@id":"https:\/\/patagoniambiental.com.ar\/info\/proyecto-pampa-azul-comenzo-un-encuentro-internacional-sobre-recursos-del-mar\/#primaryimage"},"image":{"@id":"https:\/\/patagoniambiental.com.ar\/info\/proyecto-pampa-azul-comenzo-un-encuentro-internacional-sobre-recursos-del-mar\/#primaryimage"},"thumbnailUrl":"","datePublished":"2015-07-07T12:00:04+00:00","breadcrumb":{"@id":"https:\/\/patagoniambiental.com.ar\/info\/proyecto-pampa-azul-comenzo-un-encuentro-internacional-sobre-recursos-del-mar\/#breadcrumb"},"inLanguage":"es","potentialAction":[{"@type":"ReadAction","target":["https:\/\/patagoniambiental.com.ar\/info\/proyecto-pampa-azul-comenzo-un-encuentro-internacional-sobre-recursos-del-mar\/"]}]},{"@type":"ImageObject","inLanguage":"es","@id":"https:\/\/patagoniambiental.com.ar\/info\/proyecto-pampa-azul-comenzo-un-encuentro-internacional-sobre-recursos-del-mar\/#primaryimage","url":"","contentUrl":""},{"@type":"BreadcrumbList","@id":"https:\/\/patagoniambiental.com.ar\/info\/proyecto-pampa-azul-comenzo-un-encuentro-internacional-sobre-recursos-del-mar\/#breadcrumb","itemListElement":[{"@type":"ListItem","position":1,"name":"Inicio","item":"https:\/\/patagoniambiental.com.ar\/info\/"},{"@type":"ListItem","position":2,"name":"Proyecto \u201cPampa Azul\u201d: comenz\u00f3 un Encuentro Internacional sobre Recursos del Mar"}]},{"@type":"WebSite","@id":"https:\/\/patagoniambiental.com.ar\/info\/#website","url":"https:\/\/patagoniambiental.com.ar\/info\/","name":"Patagonia Ambiental","description":"Monitoreo y an\u00e1lisis de la situaci\u00f3n geopol\u00edtica en el mundo y su implicancia en la Patagonia","publisher":{"@id":"https:\/\/patagoniambiental.com.ar\/info\/#organization"},"potentialAction":[{"@type":"SearchAction","target":{"@type":"EntryPoint","urlTemplate":"https:\/\/patagoniambiental.com.ar\/info\/?s={search_term_string}"},"query-input":{"@type":"PropertyValueSpecification","valueRequired":true,"valueName":"search_term_string"}}],"inLanguage":"es"},{"@type":"Organization","@id":"https:\/\/patagoniambiental.com.ar\/info\/#organization","name":"Patagonia Ambiental","url":"https:\/\/patagoniambiental.com.ar\/info\/","logo":{"@type":"ImageObject","inLanguage":"es","@id":"https:\/\/patagoniambiental.com.ar\/info\/#\/schema\/logo\/image\/","url":"https:\/\/patagoniambiental.com.ar\/info\/wp-content\/uploads\/2025\/05\/LOGO-PATAGONIA-AMBIENTAL.png","contentUrl":"https:\/\/patagoniambiental.com.ar\/info\/wp-content\/uploads\/2025\/05\/LOGO-PATAGONIA-AMBIENTAL.png","width":433,"height":250,"caption":"Patagonia Ambiental"},"image":{"@id":"https:\/\/patagoniambiental.com.ar\/info\/#\/schema\/logo\/image\/"},"sameAs":["https:\/\/www.facebook.com\/patagonia.ambiental","https:\/\/x.com\/PatAmb"]},{"@type":"Person","@id":"https:\/\/patagoniambiental.com.ar\/info\/#\/schema\/person\/db12bff64bbcbf6a253710bf0ea37b5d","name":"Patagonia Ambiental","description":"Andr\u00e9s Nievas T\u00e9cnico en manejo ambiental, consultor Ambiental y escritor para medios locales e internacionales sobre temas de geopolitica y medio ambiente.","sameAs":["http:\/\/www.patagoniambiental.com.ar","https:\/\/www.facebook.com\/share\/1C1V8Gv9BX\/?mibextid=qi2Omg","@patagoniambiental","https:\/\/youtube.com\/@patagoniaambiental2023?si=BLt58t0wuXquxlYZ"]}]}},"_links":{"self":[{"href":"https:\/\/patagoniambiental.com.ar\/info\/wp-json\/wp\/v2\/posts\/12656","targetHints":{"allow":["GET"]}}],"collection":[{"href":"https:\/\/patagoniambiental.com.ar\/info\/wp-json\/wp\/v2\/posts"}],"about":[{"href":"https:\/\/patagoniambiental.com.ar\/info\/wp-json\/wp\/v2\/types\/post"}],"author":[{"embeddable":true,"href":"https:\/\/patagoniambiental.com.ar\/info\/wp-json\/wp\/v2\/users\/2"}],"replies":[{"embeddable":true,"href":"https:\/\/patagoniambiental.com.ar\/info\/wp-json\/wp\/v2\/comments?post=12656"}],"version-history":[{"count":0,"href":"https:\/\/patagoniambiental.com.ar\/info\/wp-json\/wp\/v2\/posts\/12656\/revisions"}],"wp:featuredmedia":[{"embeddable":true,"href":"https:\/\/patagoniambiental.com.ar\/info\/wp-json\/"}],"wp:attachment":[{"href":"https:\/\/patagoniambiental.com.ar\/info\/wp-json\/wp\/v2\/media?parent=12656"}],"wp:term":[{"taxonomy":"category","embeddable":true,"href":"https:\/\/patagoniambiental.com.ar\/info\/wp-json\/wp\/v2\/categories?post=12656"},{"taxonomy":"post_tag","embeddable":true,"href":"https:\/\/patagoniambiental.com.ar\/info\/wp-json\/wp\/v2\/tags?post=12656"}],"curies":[{"name":"wp","href":"https:\/\/api.w.org\/{rel}","templated":true}]}}