{"id":12697,"date":"2015-07-08T19:00:27","date_gmt":"2015-07-08T22:00:27","guid":{"rendered":"http:\/\/patagoniambiental.com.ar\/?p=12697"},"modified":"2015-07-08T19:00:27","modified_gmt":"2015-07-08T22:00:27","slug":"gastronomia-y-artesania-rionegrina-en-la-feria-caminos-y-sabores","status":"publish","type":"post","link":"https:\/\/patagoniambiental.com.ar\/info\/gastronomia-y-artesania-rionegrina-en-la-feria-caminos-y-sabores\/","title":{"rendered":"Gastronom\u00eda y artesan\u00eda rionegrina en la feria Caminos y Sabores"},"content":{"rendered":"<p><span style=\"font-size: medium;\">Viedma.-La provincia de R\u00edo Negro, participar\u00e1 de una nueva edici\u00f3n de la feria Caminos y Sabores donde se promocionar\u00e1n los productos gastron\u00f3micos y los destinos tur\u00edsticos de R\u00edo Negro.<\/span><!--more--><\/p>\n<p class=\"western\" lang=\"es-ES\" align=\"JUSTIFY\"><span style=\"font-size: medium;\">El Ministerio de Turismo, Cultura y Deporte de R\u00edo Negro, participar\u00e1 con personal de la Direcci\u00f3n de Acciones Promocionales, difundiendo en el stand de la provincia, los destinos y experiencias tur\u00edsticas y entregando adem\u00e1s folleteria promocional. <\/span><\/p>\n<p class=\"western\" lang=\"es-ES\" align=\"JUSTIFY\"><span style=\"font-size: medium;\">Participar\u00e1n productores de R\u00edo Negro, quienes estar\u00e1n agrupados por caminos seg\u00fan el tipo de producci\u00f3n y es canalizada a trav\u00e9s del CREAR y con financimiento del Consejo Federal de Inversiones. Adem\u00e1s se sumar\u00e1n al espacio de turismo, Viedma y San Carlos de Bariloche.<\/span><\/p>\n<p class=\"western\" lang=\"es-ES\" align=\"JUSTIFY\"><span style=\"font-size: medium;\">Caminos y Sabores, es un encuentro anual de productores de alimentos y artesan\u00edas de la Argentina y una cita con las ra\u00edces de la identidad nacional.. A trav\u00e9s del contacto directo con el p\u00fablico, peque\u00f1os y medianos productores de todo el pa\u00eds promocionar\u00e1n y vender\u00e1n sus productos. <\/span><\/p>\n<p class=\"western\" lang=\"es-ES\" align=\"JUSTIFY\"><span style=\"font-size: medium;\"><span style=\"color: #000000;\">En otro orden, una acci\u00f3n promocional similar, se realizar\u00e1 durante la edici\u00f3n de la 1<\/span><span style=\"font-family: Arial, sans-serif;\">29\u00ba Exposici\u00f3n de Ganader\u00eda, Agricultura e Industria Internacional<\/span> <span style=\"color: #000000;\">de Palermo, en Buenos Aires del 23 de julio al 2 de agosto pr\u00f3ximo. <\/span><\/span><\/p>\n<p class=\"western\" lang=\"es-ES\" align=\"JUSTIFY\"><span style=\"font-family: Arial,              sans-serif;\"><span style=\"font-size: medium;\">Fuente: <\/span><\/span><span style=\"font-family: Arial,              sans-serif;\"><span style=\"font-size: medium;\">Ministerio de Turismo, Cultura y Deporte de R\u00edo Negro<\/span><\/span><\/p>\n","protected":false},"excerpt":{"rendered":"<p>Viedma.-La provincia de R\u00edo Negro, participar\u00e1 de una nueva edici\u00f3n de la feria Caminos y Sabores donde se promocionar\u00e1n los [&hellip;]<\/p>\n","protected":false},"author":2,"featured_media":12698,"comment_status":"closed","ping_status":"closed","sticky":false,"template":"","format":"standard","meta":{"site-sidebar-layout":"default","site-content-layout":"","ast-site-content-layout":"default","site-content-style":"default","site-sidebar-style":"default","ast-global-header-display":"","ast-banner-title-visibility":"","ast-main-header-display":"","ast-hfb-above-header-display":"","ast-hfb-below-header-display":"","ast-hfb-mobile-header-display":"","site-post-title":"","ast-breadcrumbs-content":"","ast-featured-img":"","footer-sml-layout":"","ast-disable-related-posts":"","theme-transparent-header-meta":"","adv-header-id-meta":"","stick-header-meta":"","header-above-stick-meta":"","header-main-stick-meta":"","header-below-stick-meta":"","astra-migrate-meta-layouts":"default","ast-page-background-enabled":"default","ast-page-background-meta":{"desktop":{"background-color":"var(--ast-global-color-5)","background-image":"","background-repeat":"repeat","background-position":"center center","background-size":"auto","background-attachment":"scroll","background-type":"","background-media":"","overlay-type":"","overlay-color":"","overlay-opacity":"","overlay-gradient":""},"tablet":{"background-color":"","background-image":"","background-repeat":"repeat","background-position":"center center","background-size":"auto","background-attachment":"scroll","background-type":"","background-media":"","overlay-type":"","overlay-color":"","overlay-opacity":"","overlay-gradient":""},"mobile":{"background-color":"","background-image":"","background-repeat":"repeat","background-position":"center center","background-size":"auto","background-attachment":"scroll","background-type":"","background-media":"","overlay-type":"","overlay-color":"","overlay-opacity":"","overlay-gradient":""}},"ast-content-background-meta":{"desktop":{"background-color":"var(--ast-global-color-4)","background-image":"","background-repeat":"repeat","background-position":"center center","background-size":"auto","background-attachment":"scroll","background-type":"","background-media":"","overlay-type":"","overlay-color":"","overlay-opacity":"","overlay-gradient":""},"tablet":{"background-color":"var(--ast-global-color-4)","background-image":"","background-repeat":"repeat","background-position":"center center","background-size":"auto","background-attachment":"scroll","background-type":"","background-media":"","overlay-type":"","overlay-color":"","overlay-opacity":"","overlay-gradient":""},"mobile":{"background-color":"var(--ast-global-color-4)","background-image":"","background-repeat":"repeat","background-position":"center center","background-size":"auto","background-attachment":"scroll","background-type":"","background-media":"","overlay-type":"","overlay-color":"","overlay-opacity":"","overlay-gradient":""}},"footnotes":""},"categories":[12,1],"tags":[],"class_list":["post-12697","post","type-post","status-publish","format-standard","has-post-thumbnail","hentry","category-agenda-ambiental","category-noticias"],"yoast_head":"<!-- This site is optimized with the Yoast SEO Premium plugin v23.0 (Yoast SEO v27.4) - https:\/\/yoast.com\/product\/yoast-seo-premium-wordpress\/ -->\n<title>Gastronom\u00eda y artesan\u00eda rionegrina en la feria Caminos y Sabores<\/title>\n<meta name=\"robots\" content=\"index, follow, max-snippet:-1, max-image-preview:large, max-video-preview:-1\" \/>\n<link rel=\"canonical\" href=\"https:\/\/patagoniambiental.com.ar\/info\/gastronomia-y-artesania-rionegrina-en-la-feria-caminos-y-sabores\/\" \/>\n<meta property=\"og:locale\" content=\"es_ES\" \/>\n<meta property=\"og:type\" content=\"article\" \/>\n<meta property=\"og:title\" content=\"Gastronom\u00eda y artesan\u00eda rionegrina en la feria Caminos y Sabores\" \/>\n<meta property=\"og:description\" content=\"Viedma.-La provincia de R\u00edo Negro, participar\u00e1 de una nueva edici\u00f3n de la feria Caminos y Sabores donde se promocionar\u00e1n los [&hellip;]\" \/>\n<meta property=\"og:url\" content=\"https:\/\/patagoniambiental.com.ar\/info\/gastronomia-y-artesania-rionegrina-en-la-feria-caminos-y-sabores\/\" \/>\n<meta property=\"og:site_name\" content=\"Patagonia Ambiental\" \/>\n<meta property=\"article:publisher\" content=\"https:\/\/www.facebook.com\/patagonia.ambiental\" \/>\n<meta property=\"article:author\" content=\"https:\/\/www.facebook.com\/share\/1C1V8Gv9BX\/?mibextid=qi2Omg\" \/>\n<meta property=\"article:published_time\" content=\"2015-07-08T22:00:27+00:00\" \/>\n<meta name=\"author\" content=\"Patagonia Ambiental\" \/>\n<meta name=\"twitter:card\" content=\"summary_large_image\" \/>\n<meta name=\"twitter:creator\" content=\"@PatAmb\" \/>\n<meta name=\"twitter:site\" content=\"@PatAmb\" \/>\n<script type=\"application\/ld+json\" class=\"yoast-schema-graph\">{\"@context\":\"https:\\\/\\\/schema.org\",\"@graph\":[{\"@type\":\"Article\",\"@id\":\"https:\\\/\\\/patagoniambiental.com.ar\\\/info\\\/gastronomia-y-artesania-rionegrina-en-la-feria-caminos-y-sabores\\\/#article\",\"isPartOf\":{\"@id\":\"https:\\\/\\\/patagoniambiental.com.ar\\\/info\\\/gastronomia-y-artesania-rionegrina-en-la-feria-caminos-y-sabores\\\/\"},\"author\":{\"name\":\"Patagonia Ambiental\",\"@id\":\"https:\\\/\\\/patagoniambiental.com.ar\\\/info\\\/#\\\/schema\\\/person\\\/db12bff64bbcbf6a253710bf0ea37b5d\"},\"headline\":\"Gastronom\u00eda y artesan\u00eda rionegrina en la feria Caminos y Sabores\",\"datePublished\":\"2015-07-08T22:00:27+00:00\",\"mainEntityOfPage\":{\"@id\":\"https:\\\/\\\/patagoniambiental.com.ar\\\/info\\\/gastronomia-y-artesania-rionegrina-en-la-feria-caminos-y-sabores\\\/\"},\"wordCount\":243,\"publisher\":{\"@id\":\"https:\\\/\\\/patagoniambiental.com.ar\\\/info\\\/#organization\"},\"image\":{\"@id\":\"https:\\\/\\\/patagoniambiental.com.ar\\\/info\\\/gastronomia-y-artesania-rionegrina-en-la-feria-caminos-y-sabores\\\/#primaryimage\"},\"thumbnailUrl\":\"\",\"articleSection\":[\"Agenda Ambiental\",\"Noticias\"],\"inLanguage\":\"es\"},{\"@type\":\"WebPage\",\"@id\":\"https:\\\/\\\/patagoniambiental.com.ar\\\/info\\\/gastronomia-y-artesania-rionegrina-en-la-feria-caminos-y-sabores\\\/\",\"url\":\"https:\\\/\\\/patagoniambiental.com.ar\\\/info\\\/gastronomia-y-artesania-rionegrina-en-la-feria-caminos-y-sabores\\\/\",\"name\":\"Gastronom\u00eda y artesan\u00eda rionegrina en la feria Caminos y Sabores\",\"isPartOf\":{\"@id\":\"https:\\\/\\\/patagoniambiental.com.ar\\\/info\\\/#website\"},\"primaryImageOfPage\":{\"@id\":\"https:\\\/\\\/patagoniambiental.com.ar\\\/info\\\/gastronomia-y-artesania-rionegrina-en-la-feria-caminos-y-sabores\\\/#primaryimage\"},\"image\":{\"@id\":\"https:\\\/\\\/patagoniambiental.com.ar\\\/info\\\/gastronomia-y-artesania-rionegrina-en-la-feria-caminos-y-sabores\\\/#primaryimage\"},\"thumbnailUrl\":\"\",\"datePublished\":\"2015-07-08T22:00:27+00:00\",\"breadcrumb\":{\"@id\":\"https:\\\/\\\/patagoniambiental.com.ar\\\/info\\\/gastronomia-y-artesania-rionegrina-en-la-feria-caminos-y-sabores\\\/#breadcrumb\"},\"inLanguage\":\"es\",\"potentialAction\":[{\"@type\":\"ReadAction\",\"target\":[\"https:\\\/\\\/patagoniambiental.com.ar\\\/info\\\/gastronomia-y-artesania-rionegrina-en-la-feria-caminos-y-sabores\\\/\"]}]},{\"@type\":\"ImageObject\",\"inLanguage\":\"es\",\"@id\":\"https:\\\/\\\/patagoniambiental.com.ar\\\/info\\\/gastronomia-y-artesania-rionegrina-en-la-feria-caminos-y-sabores\\\/#primaryimage\",\"url\":\"\",\"contentUrl\":\"\"},{\"@type\":\"BreadcrumbList\",\"@id\":\"https:\\\/\\\/patagoniambiental.com.ar\\\/info\\\/gastronomia-y-artesania-rionegrina-en-la-feria-caminos-y-sabores\\\/#breadcrumb\",\"itemListElement\":[{\"@type\":\"ListItem\",\"position\":1,\"name\":\"Inicio\",\"item\":\"https:\\\/\\\/patagoniambiental.com.ar\\\/info\\\/\"},{\"@type\":\"ListItem\",\"position\":2,\"name\":\"Gastronom\u00eda y artesan\u00eda rionegrina en la feria Caminos y Sabores\"}]},{\"@type\":\"WebSite\",\"@id\":\"https:\\\/\\\/patagoniambiental.com.ar\\\/info\\\/#website\",\"url\":\"https:\\\/\\\/patagoniambiental.com.ar\\\/info\\\/\",\"name\":\"Patagonia Ambiental\",\"description\":\"Monitoreo y an\u00e1lisis de la situaci\u00f3n geopol\u00edtica en el mundo y su implicancia en la Patagonia\",\"publisher\":{\"@id\":\"https:\\\/\\\/patagoniambiental.com.ar\\\/info\\\/#organization\"},\"potentialAction\":[{\"@type\":\"SearchAction\",\"target\":{\"@type\":\"EntryPoint\",\"urlTemplate\":\"https:\\\/\\\/patagoniambiental.com.ar\\\/info\\\/?s={search_term_string}\"},\"query-input\":{\"@type\":\"PropertyValueSpecification\",\"valueRequired\":true,\"valueName\":\"search_term_string\"}}],\"inLanguage\":\"es\"},{\"@type\":\"Organization\",\"@id\":\"https:\\\/\\\/patagoniambiental.com.ar\\\/info\\\/#organization\",\"name\":\"Patagonia Ambiental\",\"url\":\"https:\\\/\\\/patagoniambiental.com.ar\\\/info\\\/\",\"logo\":{\"@type\":\"ImageObject\",\"inLanguage\":\"es\",\"@id\":\"https:\\\/\\\/patagoniambiental.com.ar\\\/info\\\/#\\\/schema\\\/logo\\\/image\\\/\",\"url\":\"https:\\\/\\\/patagoniambiental.com.ar\\\/info\\\/wp-content\\\/uploads\\\/2025\\\/05\\\/LOGO-PATAGONIA-AMBIENTAL.png\",\"contentUrl\":\"https:\\\/\\\/patagoniambiental.com.ar\\\/info\\\/wp-content\\\/uploads\\\/2025\\\/05\\\/LOGO-PATAGONIA-AMBIENTAL.png\",\"width\":433,\"height\":250,\"caption\":\"Patagonia Ambiental\"},\"image\":{\"@id\":\"https:\\\/\\\/patagoniambiental.com.ar\\\/info\\\/#\\\/schema\\\/logo\\\/image\\\/\"},\"sameAs\":[\"https:\\\/\\\/www.facebook.com\\\/patagonia.ambiental\",\"https:\\\/\\\/x.com\\\/PatAmb\"]},{\"@type\":\"Person\",\"@id\":\"https:\\\/\\\/patagoniambiental.com.ar\\\/info\\\/#\\\/schema\\\/person\\\/db12bff64bbcbf6a253710bf0ea37b5d\",\"name\":\"Patagonia Ambiental\",\"description\":\"Andr\u00e9s Nievas T\u00e9cnico en manejo ambiental, consultor Ambiental y escritor para medios locales e internacionales sobre temas de geopolitica y medio ambiente.\",\"sameAs\":[\"http:\\\/\\\/www.patagoniambiental.com.ar\",\"https:\\\/\\\/www.facebook.com\\\/share\\\/1C1V8Gv9BX\\\/?mibextid=qi2Omg\",\"@patagoniambiental\",\"https:\\\/\\\/youtube.com\\\/@patagoniaambiental2023?si=BLt58t0wuXquxlYZ\"]}]}<\/script>\n<!-- \/ Yoast SEO Premium plugin. -->","yoast_head_json":{"title":"Gastronom\u00eda y artesan\u00eda rionegrina en la feria Caminos y Sabores","robots":{"index":"index","follow":"follow","max-snippet":"max-snippet:-1","max-image-preview":"max-image-preview:large","max-video-preview":"max-video-preview:-1"},"canonical":"https:\/\/patagoniambiental.com.ar\/info\/gastronomia-y-artesania-rionegrina-en-la-feria-caminos-y-sabores\/","og_locale":"es_ES","og_type":"article","og_title":"Gastronom\u00eda y artesan\u00eda rionegrina en la feria Caminos y Sabores","og_description":"Viedma.-La provincia de R\u00edo Negro, participar\u00e1 de una nueva edici\u00f3n de la feria Caminos y Sabores donde se promocionar\u00e1n los [&hellip;]","og_url":"https:\/\/patagoniambiental.com.ar\/info\/gastronomia-y-artesania-rionegrina-en-la-feria-caminos-y-sabores\/","og_site_name":"Patagonia Ambiental","article_publisher":"https:\/\/www.facebook.com\/patagonia.ambiental","article_author":"https:\/\/www.facebook.com\/share\/1C1V8Gv9BX\/?mibextid=qi2Omg","article_published_time":"2015-07-08T22:00:27+00:00","author":"Patagonia Ambiental","twitter_card":"summary_large_image","twitter_creator":"@PatAmb","twitter_site":"@PatAmb","schema":{"@context":"https:\/\/schema.org","@graph":[{"@type":"Article","@id":"https:\/\/patagoniambiental.com.ar\/info\/gastronomia-y-artesania-rionegrina-en-la-feria-caminos-y-sabores\/#article","isPartOf":{"@id":"https:\/\/patagoniambiental.com.ar\/info\/gastronomia-y-artesania-rionegrina-en-la-feria-caminos-y-sabores\/"},"author":{"name":"Patagonia Ambiental","@id":"https:\/\/patagoniambiental.com.ar\/info\/#\/schema\/person\/db12bff64bbcbf6a253710bf0ea37b5d"},"headline":"Gastronom\u00eda y artesan\u00eda rionegrina en la feria Caminos y Sabores","datePublished":"2015-07-08T22:00:27+00:00","mainEntityOfPage":{"@id":"https:\/\/patagoniambiental.com.ar\/info\/gastronomia-y-artesania-rionegrina-en-la-feria-caminos-y-sabores\/"},"wordCount":243,"publisher":{"@id":"https:\/\/patagoniambiental.com.ar\/info\/#organization"},"image":{"@id":"https:\/\/patagoniambiental.com.ar\/info\/gastronomia-y-artesania-rionegrina-en-la-feria-caminos-y-sabores\/#primaryimage"},"thumbnailUrl":"","articleSection":["Agenda Ambiental","Noticias"],"inLanguage":"es"},{"@type":"WebPage","@id":"https:\/\/patagoniambiental.com.ar\/info\/gastronomia-y-artesania-rionegrina-en-la-feria-caminos-y-sabores\/","url":"https:\/\/patagoniambiental.com.ar\/info\/gastronomia-y-artesania-rionegrina-en-la-feria-caminos-y-sabores\/","name":"Gastronom\u00eda y artesan\u00eda rionegrina en la feria Caminos y Sabores","isPartOf":{"@id":"https:\/\/patagoniambiental.com.ar\/info\/#website"},"primaryImageOfPage":{"@id":"https:\/\/patagoniambiental.com.ar\/info\/gastronomia-y-artesania-rionegrina-en-la-feria-caminos-y-sabores\/#primaryimage"},"image":{"@id":"https:\/\/patagoniambiental.com.ar\/info\/gastronomia-y-artesania-rionegrina-en-la-feria-caminos-y-sabores\/#primaryimage"},"thumbnailUrl":"","datePublished":"2015-07-08T22:00:27+00:00","breadcrumb":{"@id":"https:\/\/patagoniambiental.com.ar\/info\/gastronomia-y-artesania-rionegrina-en-la-feria-caminos-y-sabores\/#breadcrumb"},"inLanguage":"es","potentialAction":[{"@type":"ReadAction","target":["https:\/\/patagoniambiental.com.ar\/info\/gastronomia-y-artesania-rionegrina-en-la-feria-caminos-y-sabores\/"]}]},{"@type":"ImageObject","inLanguage":"es","@id":"https:\/\/patagoniambiental.com.ar\/info\/gastronomia-y-artesania-rionegrina-en-la-feria-caminos-y-sabores\/#primaryimage","url":"","contentUrl":""},{"@type":"BreadcrumbList","@id":"https:\/\/patagoniambiental.com.ar\/info\/gastronomia-y-artesania-rionegrina-en-la-feria-caminos-y-sabores\/#breadcrumb","itemListElement":[{"@type":"ListItem","position":1,"name":"Inicio","item":"https:\/\/patagoniambiental.com.ar\/info\/"},{"@type":"ListItem","position":2,"name":"Gastronom\u00eda y artesan\u00eda rionegrina en la feria Caminos y Sabores"}]},{"@type":"WebSite","@id":"https:\/\/patagoniambiental.com.ar\/info\/#website","url":"https:\/\/patagoniambiental.com.ar\/info\/","name":"Patagonia Ambiental","description":"Monitoreo y an\u00e1lisis de la situaci\u00f3n geopol\u00edtica en el mundo y su implicancia en la Patagonia","publisher":{"@id":"https:\/\/patagoniambiental.com.ar\/info\/#organization"},"potentialAction":[{"@type":"SearchAction","target":{"@type":"EntryPoint","urlTemplate":"https:\/\/patagoniambiental.com.ar\/info\/?s={search_term_string}"},"query-input":{"@type":"PropertyValueSpecification","valueRequired":true,"valueName":"search_term_string"}}],"inLanguage":"es"},{"@type":"Organization","@id":"https:\/\/patagoniambiental.com.ar\/info\/#organization","name":"Patagonia Ambiental","url":"https:\/\/patagoniambiental.com.ar\/info\/","logo":{"@type":"ImageObject","inLanguage":"es","@id":"https:\/\/patagoniambiental.com.ar\/info\/#\/schema\/logo\/image\/","url":"https:\/\/patagoniambiental.com.ar\/info\/wp-content\/uploads\/2025\/05\/LOGO-PATAGONIA-AMBIENTAL.png","contentUrl":"https:\/\/patagoniambiental.com.ar\/info\/wp-content\/uploads\/2025\/05\/LOGO-PATAGONIA-AMBIENTAL.png","width":433,"height":250,"caption":"Patagonia Ambiental"},"image":{"@id":"https:\/\/patagoniambiental.com.ar\/info\/#\/schema\/logo\/image\/"},"sameAs":["https:\/\/www.facebook.com\/patagonia.ambiental","https:\/\/x.com\/PatAmb"]},{"@type":"Person","@id":"https:\/\/patagoniambiental.com.ar\/info\/#\/schema\/person\/db12bff64bbcbf6a253710bf0ea37b5d","name":"Patagonia Ambiental","description":"Andr\u00e9s Nievas T\u00e9cnico en manejo ambiental, consultor Ambiental y escritor para medios locales e internacionales sobre temas de geopolitica y medio ambiente.","sameAs":["http:\/\/www.patagoniambiental.com.ar","https:\/\/www.facebook.com\/share\/1C1V8Gv9BX\/?mibextid=qi2Omg","@patagoniambiental","https:\/\/youtube.com\/@patagoniaambiental2023?si=BLt58t0wuXquxlYZ"]}]}},"_links":{"self":[{"href":"https:\/\/patagoniambiental.com.ar\/info\/wp-json\/wp\/v2\/posts\/12697","targetHints":{"allow":["GET"]}}],"collection":[{"href":"https:\/\/patagoniambiental.com.ar\/info\/wp-json\/wp\/v2\/posts"}],"about":[{"href":"https:\/\/patagoniambiental.com.ar\/info\/wp-json\/wp\/v2\/types\/post"}],"author":[{"embeddable":true,"href":"https:\/\/patagoniambiental.com.ar\/info\/wp-json\/wp\/v2\/users\/2"}],"replies":[{"embeddable":true,"href":"https:\/\/patagoniambiental.com.ar\/info\/wp-json\/wp\/v2\/comments?post=12697"}],"version-history":[{"count":0,"href":"https:\/\/patagoniambiental.com.ar\/info\/wp-json\/wp\/v2\/posts\/12697\/revisions"}],"wp:featuredmedia":[{"embeddable":true,"href":"https:\/\/patagoniambiental.com.ar\/info\/wp-json\/"}],"wp:attachment":[{"href":"https:\/\/patagoniambiental.com.ar\/info\/wp-json\/wp\/v2\/media?parent=12697"}],"wp:term":[{"taxonomy":"category","embeddable":true,"href":"https:\/\/patagoniambiental.com.ar\/info\/wp-json\/wp\/v2\/categories?post=12697"},{"taxonomy":"post_tag","embeddable":true,"href":"https:\/\/patagoniambiental.com.ar\/info\/wp-json\/wp\/v2\/tags?post=12697"}],"curies":[{"name":"wp","href":"https:\/\/api.w.org\/{rel}","templated":true}]}}