{"id":12721,"date":"2015-07-08T19:15:09","date_gmt":"2015-07-08T22:15:09","guid":{"rendered":"http:\/\/patagoniambiental.com.ar\/?p=12721"},"modified":"2015-07-08T19:15:09","modified_gmt":"2015-07-08T22:15:09","slug":"belous-participo-del-encuentro-de-parlamentarios-por-malvinas","status":"publish","type":"post","link":"https:\/\/patagoniambiental.com.ar\/info\/belous-participo-del-encuentro-de-parlamentarios-por-malvinas\/","title":{"rendered":"Belous particip\u00f3 del Encuentro de Parlamentarios Por Malvinas"},"content":{"rendered":"<p>USHUAIA.-La Secretaria de Derechos Humanos de la Provincia N\u00e9lida Belous particip\u00f3 del Encuentro por Malvinas<!--more--> realizado este martes y llevado a cabo en el marco del 50\u00b0 Aniversario de la adopci\u00f3n de la Resoluci\u00f3n 2065 por parte de la Asamblea General de las Naciones Unidas, por la que se insta a Argentina y al Reino Unido a encontrar una soluci\u00f3n pac\u00edfica al conflicto.<\/p>\n<p>En dicha oportunidad los parlamentarios hicieron menci\u00f3n a las leyes aprobadas en relaci\u00f3n a la causa Malvinas, entre las cuales el Senador M.C. Daniel Filmus, hizo una menci\u00f3n particular a la denominada Ley de L\u00edmites N 26.552, por medio de la cual se establecieron los componentes territoriales de la Provincia, incluyendo de derecho a las Islas Malvinas. La Gobernadora Fabiana R\u00edos remarc\u00f3 la presencia de Belous, autora de la norma sancionada en 2009.<\/p>\n<p>\u201cEsta ley ha sido un punto de inflexi\u00f3n para la Causa Malvinas y para el desarrollo de la provincia en t\u00e9rminos pol\u00edticos y de gesti\u00f3n de recursos propios, habilitando por ejemplo el Fideicomiso Austral\u201d indic\u00f3 Belous. \u201cPara m\u00ed es un orgullo haber podido saldar con ese proyecto, una deuda hist\u00f3rica que ten\u00eda el Congreso Nacional para con la Provincia\u201d agreg\u00f3.<\/p>\n<p>Belous abog\u00f3 tambi\u00e9n por la continuidad de estos encuentros entre autoridades regionales \u201cpara que puedan transmitir a sus pueblos el sentimiento argentino y fueguino de lo que significa Malvinas y que cada uno de ellos, como representante parlamentario, contin\u00fae elaborando herramientas que acompa\u00f1en nuestro derecho de soberan\u00eda\u201d.<\/p>\n<p>Fuente: Gobierno de Tierra del Fuego, Ant\u00e1rtida e Islas del Atl\u00e1ntico Sur<\/p>\n<p>&nbsp;<\/p>\n<p>&nbsp;<\/p>\n","protected":false},"excerpt":{"rendered":"<p>USHUAIA.-La Secretaria de Derechos Humanos de la Provincia N\u00e9lida Belous particip\u00f3 del Encuentro por Malvinas<\/p>\n","protected":false},"author":2,"featured_media":12722,"comment_status":"closed","ping_status":"closed","sticky":false,"template":"","format":"standard","meta":{"site-sidebar-layout":"default","site-content-layout":"","ast-site-content-layout":"default","site-content-style":"default","site-sidebar-style":"default","ast-global-header-display":"","ast-banner-title-visibility":"","ast-main-header-display":"","ast-hfb-above-header-display":"","ast-hfb-below-header-display":"","ast-hfb-mobile-header-display":"","site-post-title":"","ast-breadcrumbs-content":"","ast-featured-img":"","footer-sml-layout":"","ast-disable-related-posts":"","theme-transparent-header-meta":"","adv-header-id-meta":"","stick-header-meta":"","header-above-stick-meta":"","header-main-stick-meta":"","header-below-stick-meta":"","astra-migrate-meta-layouts":"default","ast-page-background-enabled":"default","ast-page-background-meta":{"desktop":{"background-color":"var(--ast-global-color-5)","background-image":"","background-repeat":"repeat","background-position":"center center","background-size":"auto","background-attachment":"scroll","background-type":"","background-media":"","overlay-type":"","overlay-color":"","overlay-opacity":"","overlay-gradient":""},"tablet":{"background-color":"","background-image":"","background-repeat":"repeat","background-position":"center center","background-size":"auto","background-attachment":"scroll","background-type":"","background-media":"","overlay-type":"","overlay-color":"","overlay-opacity":"","overlay-gradient":""},"mobile":{"background-color":"","background-image":"","background-repeat":"repeat","background-position":"center center","background-size":"auto","background-attachment":"scroll","background-type":"","background-media":"","overlay-type":"","overlay-color":"","overlay-opacity":"","overlay-gradient":""}},"ast-content-background-meta":{"desktop":{"background-color":"var(--ast-global-color-4)","background-image":"","background-repeat":"repeat","background-position":"center center","background-size":"auto","background-attachment":"scroll","background-type":"","background-media":"","overlay-type":"","overlay-color":"","overlay-opacity":"","overlay-gradient":""},"tablet":{"background-color":"var(--ast-global-color-4)","background-image":"","background-repeat":"repeat","background-position":"center center","background-size":"auto","background-attachment":"scroll","background-type":"","background-media":"","overlay-type":"","overlay-color":"","overlay-opacity":"","overlay-gradient":""},"mobile":{"background-color":"var(--ast-global-color-4)","background-image":"","background-repeat":"repeat","background-position":"center center","background-size":"auto","background-attachment":"scroll","background-type":"","background-media":"","overlay-type":"","overlay-color":"","overlay-opacity":"","overlay-gradient":""}},"footnotes":""},"categories":[1,13,25],"tags":[],"class_list":["post-12721","post","type-post","status-publish","format-standard","has-post-thumbnail","hentry","category-noticias","category-provinciales","category-tierra-del-fuego"],"yoast_head":"<!-- This site is optimized with the Yoast SEO Premium plugin v23.0 (Yoast SEO v27.4) - https:\/\/yoast.com\/product\/yoast-seo-premium-wordpress\/ -->\n<title>Belous particip\u00f3 del Encuentro de Parlamentarios Por Malvinas<\/title>\n<meta name=\"robots\" content=\"index, follow, max-snippet:-1, max-image-preview:large, max-video-preview:-1\" \/>\n<link rel=\"canonical\" href=\"https:\/\/patagoniambiental.com.ar\/info\/belous-participo-del-encuentro-de-parlamentarios-por-malvinas\/\" \/>\n<meta property=\"og:locale\" content=\"es_ES\" \/>\n<meta property=\"og:type\" content=\"article\" \/>\n<meta property=\"og:title\" content=\"Belous particip\u00f3 del Encuentro de Parlamentarios Por Malvinas\" \/>\n<meta property=\"og:description\" content=\"USHUAIA.-La Secretaria de Derechos Humanos de la Provincia N\u00e9lida Belous particip\u00f3 del Encuentro por Malvinas\" \/>\n<meta property=\"og:url\" content=\"https:\/\/patagoniambiental.com.ar\/info\/belous-participo-del-encuentro-de-parlamentarios-por-malvinas\/\" \/>\n<meta property=\"og:site_name\" content=\"Patagonia Ambiental\" \/>\n<meta property=\"article:publisher\" content=\"https:\/\/www.facebook.com\/patagonia.ambiental\" \/>\n<meta property=\"article:author\" content=\"https:\/\/www.facebook.com\/share\/1C1V8Gv9BX\/?mibextid=qi2Omg\" \/>\n<meta property=\"article:published_time\" content=\"2015-07-08T22:15:09+00:00\" \/>\n<meta name=\"author\" content=\"Patagonia Ambiental\" \/>\n<meta name=\"twitter:card\" content=\"summary_large_image\" \/>\n<meta name=\"twitter:creator\" content=\"@PatAmb\" \/>\n<meta name=\"twitter:site\" content=\"@PatAmb\" \/>\n<script type=\"application\/ld+json\" class=\"yoast-schema-graph\">{\"@context\":\"https:\\\/\\\/schema.org\",\"@graph\":[{\"@type\":\"Article\",\"@id\":\"https:\\\/\\\/patagoniambiental.com.ar\\\/info\\\/belous-participo-del-encuentro-de-parlamentarios-por-malvinas\\\/#article\",\"isPartOf\":{\"@id\":\"https:\\\/\\\/patagoniambiental.com.ar\\\/info\\\/belous-participo-del-encuentro-de-parlamentarios-por-malvinas\\\/\"},\"author\":{\"name\":\"Patagonia Ambiental\",\"@id\":\"https:\\\/\\\/patagoniambiental.com.ar\\\/info\\\/#\\\/schema\\\/person\\\/db12bff64bbcbf6a253710bf0ea37b5d\"},\"headline\":\"Belous particip\u00f3 del Encuentro de Parlamentarios Por Malvinas\",\"datePublished\":\"2015-07-08T22:15:09+00:00\",\"mainEntityOfPage\":{\"@id\":\"https:\\\/\\\/patagoniambiental.com.ar\\\/info\\\/belous-participo-del-encuentro-de-parlamentarios-por-malvinas\\\/\"},\"wordCount\":285,\"publisher\":{\"@id\":\"https:\\\/\\\/patagoniambiental.com.ar\\\/info\\\/#organization\"},\"image\":{\"@id\":\"https:\\\/\\\/patagoniambiental.com.ar\\\/info\\\/belous-participo-del-encuentro-de-parlamentarios-por-malvinas\\\/#primaryimage\"},\"thumbnailUrl\":\"\",\"articleSection\":[\"Noticias\",\"Provinciales\",\"Tierra del Fuego\"],\"inLanguage\":\"es\"},{\"@type\":\"WebPage\",\"@id\":\"https:\\\/\\\/patagoniambiental.com.ar\\\/info\\\/belous-participo-del-encuentro-de-parlamentarios-por-malvinas\\\/\",\"url\":\"https:\\\/\\\/patagoniambiental.com.ar\\\/info\\\/belous-participo-del-encuentro-de-parlamentarios-por-malvinas\\\/\",\"name\":\"Belous particip\u00f3 del Encuentro de Parlamentarios Por Malvinas\",\"isPartOf\":{\"@id\":\"https:\\\/\\\/patagoniambiental.com.ar\\\/info\\\/#website\"},\"primaryImageOfPage\":{\"@id\":\"https:\\\/\\\/patagoniambiental.com.ar\\\/info\\\/belous-participo-del-encuentro-de-parlamentarios-por-malvinas\\\/#primaryimage\"},\"image\":{\"@id\":\"https:\\\/\\\/patagoniambiental.com.ar\\\/info\\\/belous-participo-del-encuentro-de-parlamentarios-por-malvinas\\\/#primaryimage\"},\"thumbnailUrl\":\"\",\"datePublished\":\"2015-07-08T22:15:09+00:00\",\"breadcrumb\":{\"@id\":\"https:\\\/\\\/patagoniambiental.com.ar\\\/info\\\/belous-participo-del-encuentro-de-parlamentarios-por-malvinas\\\/#breadcrumb\"},\"inLanguage\":\"es\",\"potentialAction\":[{\"@type\":\"ReadAction\",\"target\":[\"https:\\\/\\\/patagoniambiental.com.ar\\\/info\\\/belous-participo-del-encuentro-de-parlamentarios-por-malvinas\\\/\"]}]},{\"@type\":\"ImageObject\",\"inLanguage\":\"es\",\"@id\":\"https:\\\/\\\/patagoniambiental.com.ar\\\/info\\\/belous-participo-del-encuentro-de-parlamentarios-por-malvinas\\\/#primaryimage\",\"url\":\"\",\"contentUrl\":\"\"},{\"@type\":\"BreadcrumbList\",\"@id\":\"https:\\\/\\\/patagoniambiental.com.ar\\\/info\\\/belous-participo-del-encuentro-de-parlamentarios-por-malvinas\\\/#breadcrumb\",\"itemListElement\":[{\"@type\":\"ListItem\",\"position\":1,\"name\":\"Inicio\",\"item\":\"https:\\\/\\\/patagoniambiental.com.ar\\\/info\\\/\"},{\"@type\":\"ListItem\",\"position\":2,\"name\":\"Belous particip\u00f3 del Encuentro de Parlamentarios Por Malvinas\"}]},{\"@type\":\"WebSite\",\"@id\":\"https:\\\/\\\/patagoniambiental.com.ar\\\/info\\\/#website\",\"url\":\"https:\\\/\\\/patagoniambiental.com.ar\\\/info\\\/\",\"name\":\"Patagonia Ambiental\",\"description\":\"Monitoreo y an\u00e1lisis de la situaci\u00f3n geopol\u00edtica en el mundo y su implicancia en la Patagonia\",\"publisher\":{\"@id\":\"https:\\\/\\\/patagoniambiental.com.ar\\\/info\\\/#organization\"},\"potentialAction\":[{\"@type\":\"SearchAction\",\"target\":{\"@type\":\"EntryPoint\",\"urlTemplate\":\"https:\\\/\\\/patagoniambiental.com.ar\\\/info\\\/?s={search_term_string}\"},\"query-input\":{\"@type\":\"PropertyValueSpecification\",\"valueRequired\":true,\"valueName\":\"search_term_string\"}}],\"inLanguage\":\"es\"},{\"@type\":\"Organization\",\"@id\":\"https:\\\/\\\/patagoniambiental.com.ar\\\/info\\\/#organization\",\"name\":\"Patagonia Ambiental\",\"url\":\"https:\\\/\\\/patagoniambiental.com.ar\\\/info\\\/\",\"logo\":{\"@type\":\"ImageObject\",\"inLanguage\":\"es\",\"@id\":\"https:\\\/\\\/patagoniambiental.com.ar\\\/info\\\/#\\\/schema\\\/logo\\\/image\\\/\",\"url\":\"https:\\\/\\\/patagoniambiental.com.ar\\\/info\\\/wp-content\\\/uploads\\\/2025\\\/05\\\/LOGO-PATAGONIA-AMBIENTAL.png\",\"contentUrl\":\"https:\\\/\\\/patagoniambiental.com.ar\\\/info\\\/wp-content\\\/uploads\\\/2025\\\/05\\\/LOGO-PATAGONIA-AMBIENTAL.png\",\"width\":433,\"height\":250,\"caption\":\"Patagonia Ambiental\"},\"image\":{\"@id\":\"https:\\\/\\\/patagoniambiental.com.ar\\\/info\\\/#\\\/schema\\\/logo\\\/image\\\/\"},\"sameAs\":[\"https:\\\/\\\/www.facebook.com\\\/patagonia.ambiental\",\"https:\\\/\\\/x.com\\\/PatAmb\"]},{\"@type\":\"Person\",\"@id\":\"https:\\\/\\\/patagoniambiental.com.ar\\\/info\\\/#\\\/schema\\\/person\\\/db12bff64bbcbf6a253710bf0ea37b5d\",\"name\":\"Patagonia Ambiental\",\"description\":\"Andr\u00e9s Nievas T\u00e9cnico en manejo ambiental, consultor Ambiental y escritor para medios locales e internacionales sobre temas de geopolitica y medio ambiente.\",\"sameAs\":[\"http:\\\/\\\/www.patagoniambiental.com.ar\",\"https:\\\/\\\/www.facebook.com\\\/share\\\/1C1V8Gv9BX\\\/?mibextid=qi2Omg\",\"@patagoniambiental\",\"https:\\\/\\\/youtube.com\\\/@patagoniaambiental2023?si=BLt58t0wuXquxlYZ\"]}]}<\/script>\n<!-- \/ Yoast SEO Premium plugin. -->","yoast_head_json":{"title":"Belous particip\u00f3 del Encuentro de Parlamentarios Por Malvinas","robots":{"index":"index","follow":"follow","max-snippet":"max-snippet:-1","max-image-preview":"max-image-preview:large","max-video-preview":"max-video-preview:-1"},"canonical":"https:\/\/patagoniambiental.com.ar\/info\/belous-participo-del-encuentro-de-parlamentarios-por-malvinas\/","og_locale":"es_ES","og_type":"article","og_title":"Belous particip\u00f3 del Encuentro de Parlamentarios Por Malvinas","og_description":"USHUAIA.-La Secretaria de Derechos Humanos de la Provincia N\u00e9lida Belous particip\u00f3 del Encuentro por Malvinas","og_url":"https:\/\/patagoniambiental.com.ar\/info\/belous-participo-del-encuentro-de-parlamentarios-por-malvinas\/","og_site_name":"Patagonia Ambiental","article_publisher":"https:\/\/www.facebook.com\/patagonia.ambiental","article_author":"https:\/\/www.facebook.com\/share\/1C1V8Gv9BX\/?mibextid=qi2Omg","article_published_time":"2015-07-08T22:15:09+00:00","author":"Patagonia Ambiental","twitter_card":"summary_large_image","twitter_creator":"@PatAmb","twitter_site":"@PatAmb","schema":{"@context":"https:\/\/schema.org","@graph":[{"@type":"Article","@id":"https:\/\/patagoniambiental.com.ar\/info\/belous-participo-del-encuentro-de-parlamentarios-por-malvinas\/#article","isPartOf":{"@id":"https:\/\/patagoniambiental.com.ar\/info\/belous-participo-del-encuentro-de-parlamentarios-por-malvinas\/"},"author":{"name":"Patagonia Ambiental","@id":"https:\/\/patagoniambiental.com.ar\/info\/#\/schema\/person\/db12bff64bbcbf6a253710bf0ea37b5d"},"headline":"Belous particip\u00f3 del Encuentro de Parlamentarios Por Malvinas","datePublished":"2015-07-08T22:15:09+00:00","mainEntityOfPage":{"@id":"https:\/\/patagoniambiental.com.ar\/info\/belous-participo-del-encuentro-de-parlamentarios-por-malvinas\/"},"wordCount":285,"publisher":{"@id":"https:\/\/patagoniambiental.com.ar\/info\/#organization"},"image":{"@id":"https:\/\/patagoniambiental.com.ar\/info\/belous-participo-del-encuentro-de-parlamentarios-por-malvinas\/#primaryimage"},"thumbnailUrl":"","articleSection":["Noticias","Provinciales","Tierra del Fuego"],"inLanguage":"es"},{"@type":"WebPage","@id":"https:\/\/patagoniambiental.com.ar\/info\/belous-participo-del-encuentro-de-parlamentarios-por-malvinas\/","url":"https:\/\/patagoniambiental.com.ar\/info\/belous-participo-del-encuentro-de-parlamentarios-por-malvinas\/","name":"Belous particip\u00f3 del Encuentro de Parlamentarios Por Malvinas","isPartOf":{"@id":"https:\/\/patagoniambiental.com.ar\/info\/#website"},"primaryImageOfPage":{"@id":"https:\/\/patagoniambiental.com.ar\/info\/belous-participo-del-encuentro-de-parlamentarios-por-malvinas\/#primaryimage"},"image":{"@id":"https:\/\/patagoniambiental.com.ar\/info\/belous-participo-del-encuentro-de-parlamentarios-por-malvinas\/#primaryimage"},"thumbnailUrl":"","datePublished":"2015-07-08T22:15:09+00:00","breadcrumb":{"@id":"https:\/\/patagoniambiental.com.ar\/info\/belous-participo-del-encuentro-de-parlamentarios-por-malvinas\/#breadcrumb"},"inLanguage":"es","potentialAction":[{"@type":"ReadAction","target":["https:\/\/patagoniambiental.com.ar\/info\/belous-participo-del-encuentro-de-parlamentarios-por-malvinas\/"]}]},{"@type":"ImageObject","inLanguage":"es","@id":"https:\/\/patagoniambiental.com.ar\/info\/belous-participo-del-encuentro-de-parlamentarios-por-malvinas\/#primaryimage","url":"","contentUrl":""},{"@type":"BreadcrumbList","@id":"https:\/\/patagoniambiental.com.ar\/info\/belous-participo-del-encuentro-de-parlamentarios-por-malvinas\/#breadcrumb","itemListElement":[{"@type":"ListItem","position":1,"name":"Inicio","item":"https:\/\/patagoniambiental.com.ar\/info\/"},{"@type":"ListItem","position":2,"name":"Belous particip\u00f3 del Encuentro de Parlamentarios Por Malvinas"}]},{"@type":"WebSite","@id":"https:\/\/patagoniambiental.com.ar\/info\/#website","url":"https:\/\/patagoniambiental.com.ar\/info\/","name":"Patagonia Ambiental","description":"Monitoreo y an\u00e1lisis de la situaci\u00f3n geopol\u00edtica en el mundo y su implicancia en la Patagonia","publisher":{"@id":"https:\/\/patagoniambiental.com.ar\/info\/#organization"},"potentialAction":[{"@type":"SearchAction","target":{"@type":"EntryPoint","urlTemplate":"https:\/\/patagoniambiental.com.ar\/info\/?s={search_term_string}"},"query-input":{"@type":"PropertyValueSpecification","valueRequired":true,"valueName":"search_term_string"}}],"inLanguage":"es"},{"@type":"Organization","@id":"https:\/\/patagoniambiental.com.ar\/info\/#organization","name":"Patagonia Ambiental","url":"https:\/\/patagoniambiental.com.ar\/info\/","logo":{"@type":"ImageObject","inLanguage":"es","@id":"https:\/\/patagoniambiental.com.ar\/info\/#\/schema\/logo\/image\/","url":"https:\/\/patagoniambiental.com.ar\/info\/wp-content\/uploads\/2025\/05\/LOGO-PATAGONIA-AMBIENTAL.png","contentUrl":"https:\/\/patagoniambiental.com.ar\/info\/wp-content\/uploads\/2025\/05\/LOGO-PATAGONIA-AMBIENTAL.png","width":433,"height":250,"caption":"Patagonia Ambiental"},"image":{"@id":"https:\/\/patagoniambiental.com.ar\/info\/#\/schema\/logo\/image\/"},"sameAs":["https:\/\/www.facebook.com\/patagonia.ambiental","https:\/\/x.com\/PatAmb"]},{"@type":"Person","@id":"https:\/\/patagoniambiental.com.ar\/info\/#\/schema\/person\/db12bff64bbcbf6a253710bf0ea37b5d","name":"Patagonia Ambiental","description":"Andr\u00e9s Nievas T\u00e9cnico en manejo ambiental, consultor Ambiental y escritor para medios locales e internacionales sobre temas de geopolitica y medio ambiente.","sameAs":["http:\/\/www.patagoniambiental.com.ar","https:\/\/www.facebook.com\/share\/1C1V8Gv9BX\/?mibextid=qi2Omg","@patagoniambiental","https:\/\/youtube.com\/@patagoniaambiental2023?si=BLt58t0wuXquxlYZ"]}]}},"_links":{"self":[{"href":"https:\/\/patagoniambiental.com.ar\/info\/wp-json\/wp\/v2\/posts\/12721","targetHints":{"allow":["GET"]}}],"collection":[{"href":"https:\/\/patagoniambiental.com.ar\/info\/wp-json\/wp\/v2\/posts"}],"about":[{"href":"https:\/\/patagoniambiental.com.ar\/info\/wp-json\/wp\/v2\/types\/post"}],"author":[{"embeddable":true,"href":"https:\/\/patagoniambiental.com.ar\/info\/wp-json\/wp\/v2\/users\/2"}],"replies":[{"embeddable":true,"href":"https:\/\/patagoniambiental.com.ar\/info\/wp-json\/wp\/v2\/comments?post=12721"}],"version-history":[{"count":0,"href":"https:\/\/patagoniambiental.com.ar\/info\/wp-json\/wp\/v2\/posts\/12721\/revisions"}],"wp:featuredmedia":[{"embeddable":true,"href":"https:\/\/patagoniambiental.com.ar\/info\/wp-json\/"}],"wp:attachment":[{"href":"https:\/\/patagoniambiental.com.ar\/info\/wp-json\/wp\/v2\/media?parent=12721"}],"wp:term":[{"taxonomy":"category","embeddable":true,"href":"https:\/\/patagoniambiental.com.ar\/info\/wp-json\/wp\/v2\/categories?post=12721"},{"taxonomy":"post_tag","embeddable":true,"href":"https:\/\/patagoniambiental.com.ar\/info\/wp-json\/wp\/v2\/tags?post=12721"}],"curies":[{"name":"wp","href":"https:\/\/api.w.org\/{rel}","templated":true}]}}