{"id":12839,"date":"2015-07-17T09:00:04","date_gmt":"2015-07-17T12:00:04","guid":{"rendered":"http:\/\/patagoniambiental.com.ar\/?p=12839"},"modified":"2015-07-17T09:00:04","modified_gmt":"2015-07-17T12:00:04","slug":"la-iglesia-va-por-delante-de-la-onu-en-el-cuidado-de-la-tierra","status":"publish","type":"post","link":"https:\/\/patagoniambiental.com.ar\/info\/la-iglesia-va-por-delante-de-la-onu-en-el-cuidado-de-la-tierra\/","title":{"rendered":"\u201cLa Iglesia va por delante de la ONU en el cuidado de la Tierra\u201d"},"content":{"rendered":"<p>Vaticano.-El Vaticano convoca a los alcaldes de las principales ciudades del mundo para combatir el cambio clim\u00e1tico y la esclavitud moderna.<!--more--><\/p>\n<p>\u201cLa Academia de las Ciencias (del Vaticano) ha sido la primera instituci\u00f3n en lanzar el problema del cambio del clima, junto al grupo de dos premios nobel de la paz, Paul J. Crutzen y Mario J. Molina\u201d. Es la reivindicaci\u00f3n del prefecto de la Academia Pontificia de las Ciencias Sociales (PACS), monse\u00f1or Marcelo S\u00e1nchez Sorondo, despu\u00e9s de m\u00e1s de dos d\u00e9cadas tratando el tema.<\/p>\n<p>\u201cPor lo tanto, cuando nos dicen que nosotros (la Iglesia) est\u00e1 siguiendo lo que dice las Naciones Unidas, es al contrario. <strong>Es la ONU que est\u00e1 siguiendo las ideas iniciadas en la Academia de las Ciencias hace 25 a\u00f1os<\/strong>\u201d, dijo monse\u00f1or S\u00e1nchez Sorondo.<\/p>\n<p>En este sentido, convocados por el Vaticano, los alcaldes de las principales ciudades del mundo se reunir\u00e1n en Roma del 21 al 22 de julio para enfrentar dos grandes emergencias: \u201c<strong>el cambio clim\u00e1tico inducido por al actividad humana<\/strong>\u201d y \u201c<strong>las nuevas formas de esclavitud<\/strong>\u201d, males comunes en casi todas las ciudades del mundo desde New York (EEUU) hasta Ushuaia (Tierra del Fuego, Argentina).<\/p>\n<p>En dos d\u00edas, los alcaldes de las grandes ciudades del planeta, gobiernos locales y representantes de las Naciones Unidas compartir\u00e1n las mejores pr\u00e1cticas para actuar contra el cambio clim\u00e1tico y la esclavitud moderna.<\/p>\n<p>El encuentro internacional tendr\u00e1 lugar en la Casina Pio IV en el Vaticano y ha sido presentado a la prensa este mi\u00e9rcoles 15 de julio en la Oficina de Informaci\u00f3n de la Santa Sede.<\/p>\n<p>El evento tendr\u00e1 dos momentos: <strong>el Laboratorio <\/strong>de ideas \u201cLa esclavitud moderna y el cambio clim\u00e1tico: el compromiso de las ciudades\u201d y <strong>el Simposio<\/strong> sobre \u201cla prosperidad, las personas y el planeta: consecuci\u00f3n de un desarrollo sostenible en nuestras ciudades\u201d.<\/p>\n<p>Asimismo, monse\u00f1or S\u00e1nchez Sorondo destac\u00f3 la emergencia de clima producida por el hombre debido al uso de combustibles f\u00f3siles (petr\u00f3leo, carb\u00f3n y gas). \u201cLa Enc\u00edclica del Papa es clara en el punto 23\u201d, se\u00f1al\u00f3.<\/p>\n<blockquote><p>Es verdad que hay otros factores (como el vulcanismo, las variaciones de la \u00f3rbita y del eje de la Tierra o el ciclo solar), pero numerosos estudios cient\u00edficos se\u00f1alan que la mayor parte del calentamiento global de las \u00faltimas d\u00e9cadas se debe a l<strong>a gran concentraci\u00f3n de gases de efecto invernadero (di\u00f3xido de carbo- no, metano, \u00f3xidos de nitr\u00f3geno y otros) emitidos sobre todo a causa de la actividad humana. (P.Francisco- Laudato si&#8217;. 23)<\/strong><\/p><\/blockquote>\n<p><strong>La esclavitud, un mal de las principales ciudades<\/strong><\/p>\n<p>Por otro lado, otro gran tema que se debatir\u00e1 en el Vaticano es <strong>la esclavitud <\/strong>que se cobija en las grandes ciudades.<\/p>\n<p><strong>30 millones de personas son esclavas en el mundo<\/strong>, subray\u00f3 el prelado argentino al indicar la gravedad del fen\u00f3meno. \u201c<strong>El 80% de las ganancias de los traficantes es producto de la prostituci\u00f3n, alrededor de 150.000 millones de d\u00f3lares al a\u00f1o<\/strong>\u201d, explic\u00f3 citando adem\u00e1s cifras de la Organizaci\u00f3n Internacional del Trabajo.<\/p>\n<p>\u201c<strong>La prostituci\u00f3n es una nueva forma de esclavitud<\/strong>\u201d, se\u00f1al\u00f3 citando, a su vez, las palabras del papa Benedicto XVI sobre \u201cla dictadura del relativismo\u201d que considera las personas como objetos que se pueden comprar y vender, y no como personas. Se trata de una \u201cnueva forma de esclavitud\u201d, \u201cel tema es muy grave\u201d, sentenci\u00f3 monse\u00f1or S\u00e1nchez Sorondo.<\/p>\n<p>El prelado justific\u00f3 la decisi\u00f3n de citar a los alcaldes y las autoridades gubernamentales debido a que son ellos los que proveen los planes de seguridad y prevenci\u00f3n en los distintos territorios que administran. \u201cLa idea viene de un encuentro que realizamos los obispos y los jefes de la polic\u00eda en Inglaterra\u201d, dijo Sorondo.<\/p>\n<p>Asimismo, record\u00f3 el discurso del Papa a los Movimientos Populares en Bolivia, que ha valorado como \u2018importante\u2019 en materia social para proteger la Tierra y las libertades individuales, y para entender tambi\u00e9n el planteamiento de la nueva Enc\u00edclica.<!-- <\/EdIndex> --><\/p>\n<p>Fuente: Aleteia<\/p>\n","protected":false},"excerpt":{"rendered":"<p>Vaticano.-El Vaticano convoca a los alcaldes de las principales ciudades del mundo para combatir el cambio clim\u00e1tico y la esclavitud [&hellip;]<\/p>\n","protected":false},"author":2,"featured_media":12840,"comment_status":"closed","ping_status":"closed","sticky":false,"template":"","format":"standard","meta":{"site-sidebar-layout":"default","site-content-layout":"","ast-site-content-layout":"default","site-content-style":"default","site-sidebar-style":"default","ast-global-header-display":"","ast-banner-title-visibility":"","ast-main-header-display":"","ast-hfb-above-header-display":"","ast-hfb-below-header-display":"","ast-hfb-mobile-header-display":"","site-post-title":"","ast-breadcrumbs-content":"","ast-featured-img":"","footer-sml-layout":"","ast-disable-related-posts":"","theme-transparent-header-meta":"","adv-header-id-meta":"","stick-header-meta":"","header-above-stick-meta":"","header-main-stick-meta":"","header-below-stick-meta":"","astra-migrate-meta-layouts":"default","ast-page-background-enabled":"default","ast-page-background-meta":{"desktop":{"background-color":"var(--ast-global-color-5)","background-image":"","background-repeat":"repeat","background-position":"center center","background-size":"auto","background-attachment":"scroll","background-type":"","background-media":"","overlay-type":"","overlay-color":"","overlay-opacity":"","overlay-gradient":""},"tablet":{"background-color":"","background-image":"","background-repeat":"repeat","background-position":"center center","background-size":"auto","background-attachment":"scroll","background-type":"","background-media":"","overlay-type":"","overlay-color":"","overlay-opacity":"","overlay-gradient":""},"mobile":{"background-color":"","background-image":"","background-repeat":"repeat","background-position":"center center","background-size":"auto","background-attachment":"scroll","background-type":"","background-media":"","overlay-type":"","overlay-color":"","overlay-opacity":"","overlay-gradient":""}},"ast-content-background-meta":{"desktop":{"background-color":"var(--ast-global-color-4)","background-image":"","background-repeat":"repeat","background-position":"center center","background-size":"auto","background-attachment":"scroll","background-type":"","background-media":"","overlay-type":"","overlay-color":"","overlay-opacity":"","overlay-gradient":""},"tablet":{"background-color":"var(--ast-global-color-4)","background-image":"","background-repeat":"repeat","background-position":"center center","background-size":"auto","background-attachment":"scroll","background-type":"","background-media":"","overlay-type":"","overlay-color":"","overlay-opacity":"","overlay-gradient":""},"mobile":{"background-color":"var(--ast-global-color-4)","background-image":"","background-repeat":"repeat","background-position":"center center","background-size":"auto","background-attachment":"scroll","background-type":"","background-media":"","overlay-type":"","overlay-color":"","overlay-opacity":"","overlay-gradient":""}},"footnotes":""},"categories":[23,1],"tags":[],"class_list":["post-12839","post","type-post","status-publish","format-standard","has-post-thumbnail","hentry","category-internacionales","category-noticias"],"yoast_head":"<!-- This site is optimized with the Yoast SEO Premium plugin v23.0 (Yoast SEO v27.4) - https:\/\/yoast.com\/product\/yoast-seo-premium-wordpress\/ -->\n<title>\u201cLa Iglesia va por delante de la ONU en el cuidado de la Tierra\u201d<\/title>\n<meta name=\"robots\" content=\"index, follow, max-snippet:-1, max-image-preview:large, max-video-preview:-1\" \/>\n<link rel=\"canonical\" href=\"https:\/\/patagoniambiental.com.ar\/info\/la-iglesia-va-por-delante-de-la-onu-en-el-cuidado-de-la-tierra\/\" \/>\n<meta property=\"og:locale\" content=\"es_ES\" \/>\n<meta property=\"og:type\" content=\"article\" \/>\n<meta property=\"og:title\" content=\"\u201cLa Iglesia va por delante de la ONU en el cuidado de la Tierra\u201d\" \/>\n<meta property=\"og:description\" content=\"Vaticano.-El Vaticano convoca a los alcaldes de las principales ciudades del mundo para combatir el cambio clim\u00e1tico y la esclavitud [&hellip;]\" \/>\n<meta property=\"og:url\" content=\"https:\/\/patagoniambiental.com.ar\/info\/la-iglesia-va-por-delante-de-la-onu-en-el-cuidado-de-la-tierra\/\" \/>\n<meta property=\"og:site_name\" content=\"Patagonia Ambiental\" \/>\n<meta property=\"article:publisher\" content=\"https:\/\/www.facebook.com\/patagonia.ambiental\" \/>\n<meta property=\"article:author\" content=\"https:\/\/www.facebook.com\/share\/1C1V8Gv9BX\/?mibextid=qi2Omg\" \/>\n<meta property=\"article:published_time\" content=\"2015-07-17T12:00:04+00:00\" \/>\n<meta name=\"author\" content=\"Patagonia Ambiental\" \/>\n<meta name=\"twitter:card\" content=\"summary_large_image\" \/>\n<meta name=\"twitter:creator\" content=\"@PatAmb\" \/>\n<meta name=\"twitter:site\" content=\"@PatAmb\" \/>\n<script type=\"application\/ld+json\" class=\"yoast-schema-graph\">{\"@context\":\"https:\\\/\\\/schema.org\",\"@graph\":[{\"@type\":\"Article\",\"@id\":\"https:\\\/\\\/patagoniambiental.com.ar\\\/info\\\/la-iglesia-va-por-delante-de-la-onu-en-el-cuidado-de-la-tierra\\\/#article\",\"isPartOf\":{\"@id\":\"https:\\\/\\\/patagoniambiental.com.ar\\\/info\\\/la-iglesia-va-por-delante-de-la-onu-en-el-cuidado-de-la-tierra\\\/\"},\"author\":{\"name\":\"Patagonia Ambiental\",\"@id\":\"https:\\\/\\\/patagoniambiental.com.ar\\\/info\\\/#\\\/schema\\\/person\\\/db12bff64bbcbf6a253710bf0ea37b5d\"},\"headline\":\"\u201cLa Iglesia va por delante de la ONU en el cuidado de la Tierra\u201d\",\"datePublished\":\"2015-07-17T12:00:04+00:00\",\"mainEntityOfPage\":{\"@id\":\"https:\\\/\\\/patagoniambiental.com.ar\\\/info\\\/la-iglesia-va-por-delante-de-la-onu-en-el-cuidado-de-la-tierra\\\/\"},\"wordCount\":693,\"publisher\":{\"@id\":\"https:\\\/\\\/patagoniambiental.com.ar\\\/info\\\/#organization\"},\"image\":{\"@id\":\"https:\\\/\\\/patagoniambiental.com.ar\\\/info\\\/la-iglesia-va-por-delante-de-la-onu-en-el-cuidado-de-la-tierra\\\/#primaryimage\"},\"thumbnailUrl\":\"\",\"articleSection\":[\"Internacionales\",\"Noticias\"],\"inLanguage\":\"es\"},{\"@type\":\"WebPage\",\"@id\":\"https:\\\/\\\/patagoniambiental.com.ar\\\/info\\\/la-iglesia-va-por-delante-de-la-onu-en-el-cuidado-de-la-tierra\\\/\",\"url\":\"https:\\\/\\\/patagoniambiental.com.ar\\\/info\\\/la-iglesia-va-por-delante-de-la-onu-en-el-cuidado-de-la-tierra\\\/\",\"name\":\"\u201cLa Iglesia va por delante de la ONU en el cuidado de la Tierra\u201d\",\"isPartOf\":{\"@id\":\"https:\\\/\\\/patagoniambiental.com.ar\\\/info\\\/#website\"},\"primaryImageOfPage\":{\"@id\":\"https:\\\/\\\/patagoniambiental.com.ar\\\/info\\\/la-iglesia-va-por-delante-de-la-onu-en-el-cuidado-de-la-tierra\\\/#primaryimage\"},\"image\":{\"@id\":\"https:\\\/\\\/patagoniambiental.com.ar\\\/info\\\/la-iglesia-va-por-delante-de-la-onu-en-el-cuidado-de-la-tierra\\\/#primaryimage\"},\"thumbnailUrl\":\"\",\"datePublished\":\"2015-07-17T12:00:04+00:00\",\"breadcrumb\":{\"@id\":\"https:\\\/\\\/patagoniambiental.com.ar\\\/info\\\/la-iglesia-va-por-delante-de-la-onu-en-el-cuidado-de-la-tierra\\\/#breadcrumb\"},\"inLanguage\":\"es\",\"potentialAction\":[{\"@type\":\"ReadAction\",\"target\":[\"https:\\\/\\\/patagoniambiental.com.ar\\\/info\\\/la-iglesia-va-por-delante-de-la-onu-en-el-cuidado-de-la-tierra\\\/\"]}]},{\"@type\":\"ImageObject\",\"inLanguage\":\"es\",\"@id\":\"https:\\\/\\\/patagoniambiental.com.ar\\\/info\\\/la-iglesia-va-por-delante-de-la-onu-en-el-cuidado-de-la-tierra\\\/#primaryimage\",\"url\":\"\",\"contentUrl\":\"\"},{\"@type\":\"BreadcrumbList\",\"@id\":\"https:\\\/\\\/patagoniambiental.com.ar\\\/info\\\/la-iglesia-va-por-delante-de-la-onu-en-el-cuidado-de-la-tierra\\\/#breadcrumb\",\"itemListElement\":[{\"@type\":\"ListItem\",\"position\":1,\"name\":\"Inicio\",\"item\":\"https:\\\/\\\/patagoniambiental.com.ar\\\/info\\\/\"},{\"@type\":\"ListItem\",\"position\":2,\"name\":\"\u201cLa Iglesia va por delante de la ONU en el cuidado de la Tierra\u201d\"}]},{\"@type\":\"WebSite\",\"@id\":\"https:\\\/\\\/patagoniambiental.com.ar\\\/info\\\/#website\",\"url\":\"https:\\\/\\\/patagoniambiental.com.ar\\\/info\\\/\",\"name\":\"Patagonia Ambiental\",\"description\":\"Monitoreo y an\u00e1lisis de la situaci\u00f3n geopol\u00edtica en el mundo y su implicancia en la Patagonia\",\"publisher\":{\"@id\":\"https:\\\/\\\/patagoniambiental.com.ar\\\/info\\\/#organization\"},\"potentialAction\":[{\"@type\":\"SearchAction\",\"target\":{\"@type\":\"EntryPoint\",\"urlTemplate\":\"https:\\\/\\\/patagoniambiental.com.ar\\\/info\\\/?s={search_term_string}\"},\"query-input\":{\"@type\":\"PropertyValueSpecification\",\"valueRequired\":true,\"valueName\":\"search_term_string\"}}],\"inLanguage\":\"es\"},{\"@type\":\"Organization\",\"@id\":\"https:\\\/\\\/patagoniambiental.com.ar\\\/info\\\/#organization\",\"name\":\"Patagonia Ambiental\",\"url\":\"https:\\\/\\\/patagoniambiental.com.ar\\\/info\\\/\",\"logo\":{\"@type\":\"ImageObject\",\"inLanguage\":\"es\",\"@id\":\"https:\\\/\\\/patagoniambiental.com.ar\\\/info\\\/#\\\/schema\\\/logo\\\/image\\\/\",\"url\":\"https:\\\/\\\/patagoniambiental.com.ar\\\/info\\\/wp-content\\\/uploads\\\/2025\\\/05\\\/LOGO-PATAGONIA-AMBIENTAL.png\",\"contentUrl\":\"https:\\\/\\\/patagoniambiental.com.ar\\\/info\\\/wp-content\\\/uploads\\\/2025\\\/05\\\/LOGO-PATAGONIA-AMBIENTAL.png\",\"width\":433,\"height\":250,\"caption\":\"Patagonia Ambiental\"},\"image\":{\"@id\":\"https:\\\/\\\/patagoniambiental.com.ar\\\/info\\\/#\\\/schema\\\/logo\\\/image\\\/\"},\"sameAs\":[\"https:\\\/\\\/www.facebook.com\\\/patagonia.ambiental\",\"https:\\\/\\\/x.com\\\/PatAmb\"]},{\"@type\":\"Person\",\"@id\":\"https:\\\/\\\/patagoniambiental.com.ar\\\/info\\\/#\\\/schema\\\/person\\\/db12bff64bbcbf6a253710bf0ea37b5d\",\"name\":\"Patagonia Ambiental\",\"description\":\"Andr\u00e9s Nievas T\u00e9cnico en manejo ambiental, consultor Ambiental y escritor para medios locales e internacionales sobre temas de geopolitica y medio ambiente.\",\"sameAs\":[\"http:\\\/\\\/www.patagoniambiental.com.ar\",\"https:\\\/\\\/www.facebook.com\\\/share\\\/1C1V8Gv9BX\\\/?mibextid=qi2Omg\",\"@patagoniambiental\",\"https:\\\/\\\/youtube.com\\\/@patagoniaambiental2023?si=BLt58t0wuXquxlYZ\"]}]}<\/script>\n<!-- \/ Yoast SEO Premium plugin. -->","yoast_head_json":{"title":"\u201cLa Iglesia va por delante de la ONU en el cuidado de la Tierra\u201d","robots":{"index":"index","follow":"follow","max-snippet":"max-snippet:-1","max-image-preview":"max-image-preview:large","max-video-preview":"max-video-preview:-1"},"canonical":"https:\/\/patagoniambiental.com.ar\/info\/la-iglesia-va-por-delante-de-la-onu-en-el-cuidado-de-la-tierra\/","og_locale":"es_ES","og_type":"article","og_title":"\u201cLa Iglesia va por delante de la ONU en el cuidado de la Tierra\u201d","og_description":"Vaticano.-El Vaticano convoca a los alcaldes de las principales ciudades del mundo para combatir el cambio clim\u00e1tico y la esclavitud [&hellip;]","og_url":"https:\/\/patagoniambiental.com.ar\/info\/la-iglesia-va-por-delante-de-la-onu-en-el-cuidado-de-la-tierra\/","og_site_name":"Patagonia Ambiental","article_publisher":"https:\/\/www.facebook.com\/patagonia.ambiental","article_author":"https:\/\/www.facebook.com\/share\/1C1V8Gv9BX\/?mibextid=qi2Omg","article_published_time":"2015-07-17T12:00:04+00:00","author":"Patagonia Ambiental","twitter_card":"summary_large_image","twitter_creator":"@PatAmb","twitter_site":"@PatAmb","schema":{"@context":"https:\/\/schema.org","@graph":[{"@type":"Article","@id":"https:\/\/patagoniambiental.com.ar\/info\/la-iglesia-va-por-delante-de-la-onu-en-el-cuidado-de-la-tierra\/#article","isPartOf":{"@id":"https:\/\/patagoniambiental.com.ar\/info\/la-iglesia-va-por-delante-de-la-onu-en-el-cuidado-de-la-tierra\/"},"author":{"name":"Patagonia Ambiental","@id":"https:\/\/patagoniambiental.com.ar\/info\/#\/schema\/person\/db12bff64bbcbf6a253710bf0ea37b5d"},"headline":"\u201cLa Iglesia va por delante de la ONU en el cuidado de la Tierra\u201d","datePublished":"2015-07-17T12:00:04+00:00","mainEntityOfPage":{"@id":"https:\/\/patagoniambiental.com.ar\/info\/la-iglesia-va-por-delante-de-la-onu-en-el-cuidado-de-la-tierra\/"},"wordCount":693,"publisher":{"@id":"https:\/\/patagoniambiental.com.ar\/info\/#organization"},"image":{"@id":"https:\/\/patagoniambiental.com.ar\/info\/la-iglesia-va-por-delante-de-la-onu-en-el-cuidado-de-la-tierra\/#primaryimage"},"thumbnailUrl":"","articleSection":["Internacionales","Noticias"],"inLanguage":"es"},{"@type":"WebPage","@id":"https:\/\/patagoniambiental.com.ar\/info\/la-iglesia-va-por-delante-de-la-onu-en-el-cuidado-de-la-tierra\/","url":"https:\/\/patagoniambiental.com.ar\/info\/la-iglesia-va-por-delante-de-la-onu-en-el-cuidado-de-la-tierra\/","name":"\u201cLa Iglesia va por delante de la ONU en el cuidado de la Tierra\u201d","isPartOf":{"@id":"https:\/\/patagoniambiental.com.ar\/info\/#website"},"primaryImageOfPage":{"@id":"https:\/\/patagoniambiental.com.ar\/info\/la-iglesia-va-por-delante-de-la-onu-en-el-cuidado-de-la-tierra\/#primaryimage"},"image":{"@id":"https:\/\/patagoniambiental.com.ar\/info\/la-iglesia-va-por-delante-de-la-onu-en-el-cuidado-de-la-tierra\/#primaryimage"},"thumbnailUrl":"","datePublished":"2015-07-17T12:00:04+00:00","breadcrumb":{"@id":"https:\/\/patagoniambiental.com.ar\/info\/la-iglesia-va-por-delante-de-la-onu-en-el-cuidado-de-la-tierra\/#breadcrumb"},"inLanguage":"es","potentialAction":[{"@type":"ReadAction","target":["https:\/\/patagoniambiental.com.ar\/info\/la-iglesia-va-por-delante-de-la-onu-en-el-cuidado-de-la-tierra\/"]}]},{"@type":"ImageObject","inLanguage":"es","@id":"https:\/\/patagoniambiental.com.ar\/info\/la-iglesia-va-por-delante-de-la-onu-en-el-cuidado-de-la-tierra\/#primaryimage","url":"","contentUrl":""},{"@type":"BreadcrumbList","@id":"https:\/\/patagoniambiental.com.ar\/info\/la-iglesia-va-por-delante-de-la-onu-en-el-cuidado-de-la-tierra\/#breadcrumb","itemListElement":[{"@type":"ListItem","position":1,"name":"Inicio","item":"https:\/\/patagoniambiental.com.ar\/info\/"},{"@type":"ListItem","position":2,"name":"\u201cLa Iglesia va por delante de la ONU en el cuidado de la Tierra\u201d"}]},{"@type":"WebSite","@id":"https:\/\/patagoniambiental.com.ar\/info\/#website","url":"https:\/\/patagoniambiental.com.ar\/info\/","name":"Patagonia Ambiental","description":"Monitoreo y an\u00e1lisis de la situaci\u00f3n geopol\u00edtica en el mundo y su implicancia en la Patagonia","publisher":{"@id":"https:\/\/patagoniambiental.com.ar\/info\/#organization"},"potentialAction":[{"@type":"SearchAction","target":{"@type":"EntryPoint","urlTemplate":"https:\/\/patagoniambiental.com.ar\/info\/?s={search_term_string}"},"query-input":{"@type":"PropertyValueSpecification","valueRequired":true,"valueName":"search_term_string"}}],"inLanguage":"es"},{"@type":"Organization","@id":"https:\/\/patagoniambiental.com.ar\/info\/#organization","name":"Patagonia Ambiental","url":"https:\/\/patagoniambiental.com.ar\/info\/","logo":{"@type":"ImageObject","inLanguage":"es","@id":"https:\/\/patagoniambiental.com.ar\/info\/#\/schema\/logo\/image\/","url":"https:\/\/patagoniambiental.com.ar\/info\/wp-content\/uploads\/2025\/05\/LOGO-PATAGONIA-AMBIENTAL.png","contentUrl":"https:\/\/patagoniambiental.com.ar\/info\/wp-content\/uploads\/2025\/05\/LOGO-PATAGONIA-AMBIENTAL.png","width":433,"height":250,"caption":"Patagonia Ambiental"},"image":{"@id":"https:\/\/patagoniambiental.com.ar\/info\/#\/schema\/logo\/image\/"},"sameAs":["https:\/\/www.facebook.com\/patagonia.ambiental","https:\/\/x.com\/PatAmb"]},{"@type":"Person","@id":"https:\/\/patagoniambiental.com.ar\/info\/#\/schema\/person\/db12bff64bbcbf6a253710bf0ea37b5d","name":"Patagonia Ambiental","description":"Andr\u00e9s Nievas T\u00e9cnico en manejo ambiental, consultor Ambiental y escritor para medios locales e internacionales sobre temas de geopolitica y medio ambiente.","sameAs":["http:\/\/www.patagoniambiental.com.ar","https:\/\/www.facebook.com\/share\/1C1V8Gv9BX\/?mibextid=qi2Omg","@patagoniambiental","https:\/\/youtube.com\/@patagoniaambiental2023?si=BLt58t0wuXquxlYZ"]}]}},"_links":{"self":[{"href":"https:\/\/patagoniambiental.com.ar\/info\/wp-json\/wp\/v2\/posts\/12839","targetHints":{"allow":["GET"]}}],"collection":[{"href":"https:\/\/patagoniambiental.com.ar\/info\/wp-json\/wp\/v2\/posts"}],"about":[{"href":"https:\/\/patagoniambiental.com.ar\/info\/wp-json\/wp\/v2\/types\/post"}],"author":[{"embeddable":true,"href":"https:\/\/patagoniambiental.com.ar\/info\/wp-json\/wp\/v2\/users\/2"}],"replies":[{"embeddable":true,"href":"https:\/\/patagoniambiental.com.ar\/info\/wp-json\/wp\/v2\/comments?post=12839"}],"version-history":[{"count":0,"href":"https:\/\/patagoniambiental.com.ar\/info\/wp-json\/wp\/v2\/posts\/12839\/revisions"}],"wp:featuredmedia":[{"embeddable":true,"href":"https:\/\/patagoniambiental.com.ar\/info\/wp-json\/"}],"wp:attachment":[{"href":"https:\/\/patagoniambiental.com.ar\/info\/wp-json\/wp\/v2\/media?parent=12839"}],"wp:term":[{"taxonomy":"category","embeddable":true,"href":"https:\/\/patagoniambiental.com.ar\/info\/wp-json\/wp\/v2\/categories?post=12839"},{"taxonomy":"post_tag","embeddable":true,"href":"https:\/\/patagoniambiental.com.ar\/info\/wp-json\/wp\/v2\/tags?post=12839"}],"curies":[{"name":"wp","href":"https:\/\/api.w.org\/{rel}","templated":true}]}}