{"id":12898,"date":"2015-07-22T09:00:03","date_gmt":"2015-07-22T12:00:03","guid":{"rendered":"http:\/\/patagoniambiental.com.ar\/?p=12898"},"modified":"2015-07-22T09:00:03","modified_gmt":"2015-07-22T12:00:03","slug":"12898-2","status":"publish","type":"post","link":"https:\/\/patagoniambiental.com.ar\/info\/12898-2\/","title":{"rendered":"Convocatoria a Audiencia P\u00fablica del proyecto \u201cComplejo Melewe Mari Menuco\u00bb"},"content":{"rendered":"<p>Neuqu\u00e9n.-La Secretar\u00eda de Estado de Ambiente y Desarrollo Sostenible de la Provincia de Neuqu\u00e9n comunica a la poblaci\u00f3n involucrada en el \u00e1rea de influencia del proyecto \u201cComplejo Melewe Mari Menuco,<!--more--> Lote 7 \u2013 Istmo de los Lagos Los Barreales y Mari Menuco\u201d, tramitado ante esta Secretar\u00eda mediante Expte. N\u00b0 6000 &#8211; 001481\/14, en cumplimiento de lo dispuesto por los art. 24 y 31 de la Ley 1875 (T.O. 2267) y art. 13 del Anexo II del Decreto N\u00b0 2656\/99, y en el marco de los Arts. N\u00b0 90 y 93 de la Constituci\u00f3n Provincial, se dispuso la convocatoria a Audiencia P\u00fablica, a los efectos de poner a consideraci\u00f3n el Estudio de Impacto Ambiental; citando a la poblaci\u00f3n involucrada en el \u00e1rea de influencia y a los interesados en general a asistir y expresarse sobre el proyecto de urbanizaci\u00f3n. La Audiencia P\u00fablica con car\u00e1cter no vinculante para la Autoridad de Aplicaci\u00f3n, conforme la legislaci\u00f3n vigente, se realizar\u00e1 el d\u00eda 8 de agosto de 2014, a las 13:30 horas, en la Casa de la Cultura ubicada en la calle Ing. Gasparri S\/N, Parque Industrial de la localidad de San Patricio del Cha\u00f1ar, por encontrarse dentro del \u00e1rea de influencia del proyecto. A dicha audiencia comparecer\u00e1 obligatoriamente el proponente del proyecto: Instituto Municipal de Previsi\u00f3n Social, con domicilio en la calle Fotheringham N\u00b0 277 de la ciudad de Neuqu\u00e9n, por intermedio de las personas con facultad suficiente para deliberar en su nombre y brindar todas las explicaciones t\u00e9cnicas y legales pertinentes. Las ponencias y observaciones de los participantes de la audiencia, no ser\u00e1n sometidas a votaci\u00f3n, sin perjuicio de lo cual, de lo actuado se labrar\u00e1 un acta que se agregar\u00e1 al expediente referido para su consideraci\u00f3n por la Autoridad de Aplicaci\u00f3n en el procedimiento de evaluaci\u00f3n ambiental en los t\u00e9rminos y alcances del art\u00edculo 31 de la Ley 1875 (T.O. 2267). Se encuentra copia del Estudio de Impacto Ambiental en la Secretar\u00eda de Estado de Ambiente y Desarrollo Sostenible, Ant\u00e1rtida Argentina 1245- CAM- Modulo 2 &#8211; Piso 2, Tel 4495771, 4494764, Fax 4495751, email medioambiente@neuquen.gov.ar; el que podr\u00e1 ser consultado en los horarios de la Administraci\u00f3n P\u00fablica Provincial, bajo registro de consultantes (nombre, direcci\u00f3n y DNI). Descripci\u00f3n del Proyecto: El \u201cComplejo Melewe Mari Menuco\u201d a desarrollar en el Lote N\u00b0 7 del Istmo de los Lagos Los Barreales y Mari Menuco tiene por objetivo desarrollar una propuesta urban\u00edstica consistente en un fraccionamiento de car\u00e1cter residencial no permanente, con equipamiento destinado al esparcimiento y a la pr\u00e1ctica de actividades deportivas y sociales. El proyecto es parte integrante del Programa de Aprovechamiento Tur\u00edstico de Perilagos Artificiales de Neuqu\u00e9n \u201cConstrucci\u00f3n y explotaci\u00f3n de emprendimientos tur\u00edsticos en el Istmo de los lagos Los Barreales y Mari Menuco \u2013 Provincia de Neuqu\u00e9n\u201d. La propuesta urban\u00edstica consta b\u00e1sicamente de dos sectores destinados a loteo, los cuales suman 428 lotes y un sector de equipamientos en el cual se ubicar\u00e1n el sal\u00f3n de usos m\u00faltiples, un quincho, la vivienda del encargado, el \u00e1rea deportiva y el \u00e1rea de camping. El dise\u00f1o incorpora en sus distintos componentes, los lineamientos establecidos en el programa y el pliego de especificaciones t\u00e9cnicas, considerando las restricciones relativas a los aspectos hidrol\u00f3gicos y topogr\u00e1ficos, la preservaci\u00f3n de la calidad ambiental y paisaj\u00edstica y la provisi\u00f3n de la correspondiente infraestructura de servicios. El proyecto contempla la construcci\u00f3n de calles enripiadas abovedadas y con un criterio de minimizaci\u00f3n del movimiento de suelos. La energ\u00eda el\u00e9ctrica prev\u00e9 como alimentaci\u00f3n una \u00fanica acometida desde la l\u00ednea de media tensi\u00f3n de 13,2 kV, la cual ser\u00e1 emplaza por el EPEN. Se captar\u00e1 agua para su posterior potabilizaci\u00f3n y distribuci\u00f3n desde el lago Mari Menuco. Se prev\u00e9 un proyecto de forestaci\u00f3n y sistema de riego utilizando los efluentes provenientes de la planta de tratamiento de efluentes\u00a0cloacales, lo cual constituye una respuesta de alto valor ambiental a la disposici\u00f3n final de aguas residuales tratadas. En los mismos lugares designados para la consulta del Estudio de Impacto Ambiental, se encuentra abierto el registro de expositores para la Audiencia, el cual cerrar\u00e1 5 (cinco) d\u00edas h\u00e1biles administrativos antes de la fecha del acto. Cada expositor debidamente inscripto y acreditado tendr\u00e1 un tiempo m\u00e1ximo de exposici\u00f3n de 10 minutos para referirse al Estudio de Impacto Ambiental y documentaci\u00f3n anexa que se trata. La providencia que ordena el presente dice: \u201cNeuqu\u00e9n, 12 de junio de 2014 Publ\u00edquese edicto por una vez en el Bolet\u00edn Oficial y en los diarios La Ma\u00f1ana de Neuqu\u00e9n\u201d y \u201cR\u00edo Negro\u201d, conforme las exigencias del art. 13 \u2013 Anexo II del Decreto 2656\/99, debiendo acompa\u00f1ar dichas publicaciones al presente expediente\u201d.- Fdo.: Tec. Ricardo Esquivel. Secretario de Ambiente y Desarrollo Sostenible de la Provincia del Neuqu\u00e9n.<\/p>\n<p>Fuente: Secretar\u00eda de Estado de Ambiente y Desarrollo Sostenible de la Provincia de Neuqu\u00e9n<\/p>\n<p>&nbsp;<\/p>\n","protected":false},"excerpt":{"rendered":"<p>Neuqu\u00e9n.-La Secretar\u00eda de Estado de Ambiente y Desarrollo Sostenible de la Provincia de Neuqu\u00e9n comunica a la poblaci\u00f3n involucrada en [&hellip;]<\/p>\n","protected":false},"author":2,"featured_media":12899,"comment_status":"closed","ping_status":"closed","sticky":false,"template":"","format":"standard","meta":{"site-sidebar-layout":"default","site-content-layout":"","ast-site-content-layout":"default","site-content-style":"default","site-sidebar-style":"default","ast-global-header-display":"","ast-banner-title-visibility":"","ast-main-header-display":"","ast-hfb-above-header-display":"","ast-hfb-below-header-display":"","ast-hfb-mobile-header-display":"","site-post-title":"","ast-breadcrumbs-content":"","ast-featured-img":"","footer-sml-layout":"","ast-disable-related-posts":"","theme-transparent-header-meta":"","adv-header-id-meta":"","stick-header-meta":"","header-above-stick-meta":"","header-main-stick-meta":"","header-below-stick-meta":"","astra-migrate-meta-layouts":"default","ast-page-background-enabled":"default","ast-page-background-meta":{"desktop":{"background-color":"var(--ast-global-color-5)","background-image":"","background-repeat":"repeat","background-position":"center center","background-size":"auto","background-attachment":"scroll","background-type":"","background-media":"","overlay-type":"","overlay-color":"","overlay-opacity":"","overlay-gradient":""},"tablet":{"background-color":"","background-image":"","background-repeat":"repeat","background-position":"center center","background-size":"auto","background-attachment":"scroll","background-type":"","background-media":"","overlay-type":"","overlay-color":"","overlay-opacity":"","overlay-gradient":""},"mobile":{"background-color":"","background-image":"","background-repeat":"repeat","background-position":"center center","background-size":"auto","background-attachment":"scroll","background-type":"","background-media":"","overlay-type":"","overlay-color":"","overlay-opacity":"","overlay-gradient":""}},"ast-content-background-meta":{"desktop":{"background-color":"var(--ast-global-color-4)","background-image":"","background-repeat":"repeat","background-position":"center center","background-size":"auto","background-attachment":"scroll","background-type":"","background-media":"","overlay-type":"","overlay-color":"","overlay-opacity":"","overlay-gradient":""},"tablet":{"background-color":"var(--ast-global-color-4)","background-image":"","background-repeat":"repeat","background-position":"center center","background-size":"auto","background-attachment":"scroll","background-type":"","background-media":"","overlay-type":"","overlay-color":"","overlay-opacity":"","overlay-gradient":""},"mobile":{"background-color":"var(--ast-global-color-4)","background-image":"","background-repeat":"repeat","background-position":"center center","background-size":"auto","background-attachment":"scroll","background-type":"","background-media":"","overlay-type":"","overlay-color":"","overlay-opacity":"","overlay-gradient":""}},"footnotes":""},"categories":[18,1,13],"tags":[],"class_list":["post-12898","post","type-post","status-publish","format-standard","has-post-thumbnail","hentry","category-neuquen","category-noticias","category-provinciales"],"yoast_head":"<!-- This site is optimized with the Yoast SEO Premium plugin v23.0 (Yoast SEO v27.4) - https:\/\/yoast.com\/product\/yoast-seo-premium-wordpress\/ -->\n<title>Convocatoria a Audiencia P\u00fablica del proyecto \u201cComplejo Melewe Mari Menuco&quot;<\/title>\n<meta name=\"robots\" content=\"index, follow, max-snippet:-1, max-image-preview:large, max-video-preview:-1\" \/>\n<link rel=\"canonical\" href=\"https:\/\/patagoniambiental.com.ar\/info\/12898-2\/\" \/>\n<meta property=\"og:locale\" content=\"es_ES\" \/>\n<meta property=\"og:type\" content=\"article\" \/>\n<meta property=\"og:title\" content=\"Convocatoria a Audiencia P\u00fablica del proyecto \u201cComplejo Melewe Mari Menuco&quot;\" \/>\n<meta property=\"og:description\" content=\"Neuqu\u00e9n.-La Secretar\u00eda de Estado de Ambiente y Desarrollo Sostenible de la Provincia de Neuqu\u00e9n comunica a la poblaci\u00f3n involucrada en [&hellip;]\" \/>\n<meta property=\"og:url\" content=\"https:\/\/patagoniambiental.com.ar\/info\/12898-2\/\" \/>\n<meta property=\"og:site_name\" content=\"Patagonia Ambiental\" \/>\n<meta property=\"article:publisher\" content=\"https:\/\/www.facebook.com\/patagonia.ambiental\" \/>\n<meta property=\"article:author\" content=\"https:\/\/www.facebook.com\/share\/1C1V8Gv9BX\/?mibextid=qi2Omg\" \/>\n<meta property=\"article:published_time\" content=\"2015-07-22T12:00:03+00:00\" \/>\n<meta name=\"author\" content=\"Patagonia Ambiental\" \/>\n<meta name=\"twitter:card\" content=\"summary_large_image\" \/>\n<meta name=\"twitter:creator\" content=\"@PatAmb\" \/>\n<meta name=\"twitter:site\" content=\"@PatAmb\" \/>\n<script type=\"application\/ld+json\" class=\"yoast-schema-graph\">{\"@context\":\"https:\\\/\\\/schema.org\",\"@graph\":[{\"@type\":\"Article\",\"@id\":\"https:\\\/\\\/patagoniambiental.com.ar\\\/info\\\/12898-2\\\/#article\",\"isPartOf\":{\"@id\":\"https:\\\/\\\/patagoniambiental.com.ar\\\/info\\\/12898-2\\\/\"},\"author\":{\"name\":\"Patagonia Ambiental\",\"@id\":\"https:\\\/\\\/patagoniambiental.com.ar\\\/info\\\/#\\\/schema\\\/person\\\/db12bff64bbcbf6a253710bf0ea37b5d\"},\"headline\":\"Convocatoria a Audiencia P\u00fablica del proyecto \u201cComplejo Melewe Mari Menuco\u00bb\",\"datePublished\":\"2015-07-22T12:00:03+00:00\",\"mainEntityOfPage\":{\"@id\":\"https:\\\/\\\/patagoniambiental.com.ar\\\/info\\\/12898-2\\\/\"},\"wordCount\":853,\"publisher\":{\"@id\":\"https:\\\/\\\/patagoniambiental.com.ar\\\/info\\\/#organization\"},\"image\":{\"@id\":\"https:\\\/\\\/patagoniambiental.com.ar\\\/info\\\/12898-2\\\/#primaryimage\"},\"thumbnailUrl\":\"\",\"articleSection\":[\"Neuqu\u00e9n\",\"Noticias\",\"Provinciales\"],\"inLanguage\":\"es\"},{\"@type\":\"WebPage\",\"@id\":\"https:\\\/\\\/patagoniambiental.com.ar\\\/info\\\/12898-2\\\/\",\"url\":\"https:\\\/\\\/patagoniambiental.com.ar\\\/info\\\/12898-2\\\/\",\"name\":\"Convocatoria a Audiencia P\u00fablica del proyecto \u201cComplejo Melewe Mari Menuco\\\"\",\"isPartOf\":{\"@id\":\"https:\\\/\\\/patagoniambiental.com.ar\\\/info\\\/#website\"},\"primaryImageOfPage\":{\"@id\":\"https:\\\/\\\/patagoniambiental.com.ar\\\/info\\\/12898-2\\\/#primaryimage\"},\"image\":{\"@id\":\"https:\\\/\\\/patagoniambiental.com.ar\\\/info\\\/12898-2\\\/#primaryimage\"},\"thumbnailUrl\":\"\",\"datePublished\":\"2015-07-22T12:00:03+00:00\",\"breadcrumb\":{\"@id\":\"https:\\\/\\\/patagoniambiental.com.ar\\\/info\\\/12898-2\\\/#breadcrumb\"},\"inLanguage\":\"es\",\"potentialAction\":[{\"@type\":\"ReadAction\",\"target\":[\"https:\\\/\\\/patagoniambiental.com.ar\\\/info\\\/12898-2\\\/\"]}]},{\"@type\":\"ImageObject\",\"inLanguage\":\"es\",\"@id\":\"https:\\\/\\\/patagoniambiental.com.ar\\\/info\\\/12898-2\\\/#primaryimage\",\"url\":\"\",\"contentUrl\":\"\"},{\"@type\":\"BreadcrumbList\",\"@id\":\"https:\\\/\\\/patagoniambiental.com.ar\\\/info\\\/12898-2\\\/#breadcrumb\",\"itemListElement\":[{\"@type\":\"ListItem\",\"position\":1,\"name\":\"Inicio\",\"item\":\"https:\\\/\\\/patagoniambiental.com.ar\\\/info\\\/\"},{\"@type\":\"ListItem\",\"position\":2,\"name\":\"Convocatoria a Audiencia P\u00fablica del proyecto \u201cComplejo Melewe Mari Menuco\u00bb\"}]},{\"@type\":\"WebSite\",\"@id\":\"https:\\\/\\\/patagoniambiental.com.ar\\\/info\\\/#website\",\"url\":\"https:\\\/\\\/patagoniambiental.com.ar\\\/info\\\/\",\"name\":\"Patagonia Ambiental\",\"description\":\"Monitoreo y an\u00e1lisis de la situaci\u00f3n geopol\u00edtica en el mundo y su implicancia en la Patagonia\",\"publisher\":{\"@id\":\"https:\\\/\\\/patagoniambiental.com.ar\\\/info\\\/#organization\"},\"potentialAction\":[{\"@type\":\"SearchAction\",\"target\":{\"@type\":\"EntryPoint\",\"urlTemplate\":\"https:\\\/\\\/patagoniambiental.com.ar\\\/info\\\/?s={search_term_string}\"},\"query-input\":{\"@type\":\"PropertyValueSpecification\",\"valueRequired\":true,\"valueName\":\"search_term_string\"}}],\"inLanguage\":\"es\"},{\"@type\":\"Organization\",\"@id\":\"https:\\\/\\\/patagoniambiental.com.ar\\\/info\\\/#organization\",\"name\":\"Patagonia Ambiental\",\"url\":\"https:\\\/\\\/patagoniambiental.com.ar\\\/info\\\/\",\"logo\":{\"@type\":\"ImageObject\",\"inLanguage\":\"es\",\"@id\":\"https:\\\/\\\/patagoniambiental.com.ar\\\/info\\\/#\\\/schema\\\/logo\\\/image\\\/\",\"url\":\"https:\\\/\\\/patagoniambiental.com.ar\\\/info\\\/wp-content\\\/uploads\\\/2025\\\/05\\\/LOGO-PATAGONIA-AMBIENTAL.png\",\"contentUrl\":\"https:\\\/\\\/patagoniambiental.com.ar\\\/info\\\/wp-content\\\/uploads\\\/2025\\\/05\\\/LOGO-PATAGONIA-AMBIENTAL.png\",\"width\":433,\"height\":250,\"caption\":\"Patagonia Ambiental\"},\"image\":{\"@id\":\"https:\\\/\\\/patagoniambiental.com.ar\\\/info\\\/#\\\/schema\\\/logo\\\/image\\\/\"},\"sameAs\":[\"https:\\\/\\\/www.facebook.com\\\/patagonia.ambiental\",\"https:\\\/\\\/x.com\\\/PatAmb\"]},{\"@type\":\"Person\",\"@id\":\"https:\\\/\\\/patagoniambiental.com.ar\\\/info\\\/#\\\/schema\\\/person\\\/db12bff64bbcbf6a253710bf0ea37b5d\",\"name\":\"Patagonia Ambiental\",\"description\":\"Andr\u00e9s Nievas T\u00e9cnico en manejo ambiental, consultor Ambiental y escritor para medios locales e internacionales sobre temas de geopolitica y medio ambiente.\",\"sameAs\":[\"http:\\\/\\\/www.patagoniambiental.com.ar\",\"https:\\\/\\\/www.facebook.com\\\/share\\\/1C1V8Gv9BX\\\/?mibextid=qi2Omg\",\"@patagoniambiental\",\"https:\\\/\\\/youtube.com\\\/@patagoniaambiental2023?si=BLt58t0wuXquxlYZ\"]}]}<\/script>\n<!-- \/ Yoast SEO Premium plugin. -->","yoast_head_json":{"title":"Convocatoria a Audiencia P\u00fablica del proyecto \u201cComplejo Melewe Mari Menuco\"","robots":{"index":"index","follow":"follow","max-snippet":"max-snippet:-1","max-image-preview":"max-image-preview:large","max-video-preview":"max-video-preview:-1"},"canonical":"https:\/\/patagoniambiental.com.ar\/info\/12898-2\/","og_locale":"es_ES","og_type":"article","og_title":"Convocatoria a Audiencia P\u00fablica del proyecto \u201cComplejo Melewe Mari Menuco\"","og_description":"Neuqu\u00e9n.-La Secretar\u00eda de Estado de Ambiente y Desarrollo Sostenible de la Provincia de Neuqu\u00e9n comunica a la poblaci\u00f3n involucrada en [&hellip;]","og_url":"https:\/\/patagoniambiental.com.ar\/info\/12898-2\/","og_site_name":"Patagonia Ambiental","article_publisher":"https:\/\/www.facebook.com\/patagonia.ambiental","article_author":"https:\/\/www.facebook.com\/share\/1C1V8Gv9BX\/?mibextid=qi2Omg","article_published_time":"2015-07-22T12:00:03+00:00","author":"Patagonia Ambiental","twitter_card":"summary_large_image","twitter_creator":"@PatAmb","twitter_site":"@PatAmb","schema":{"@context":"https:\/\/schema.org","@graph":[{"@type":"Article","@id":"https:\/\/patagoniambiental.com.ar\/info\/12898-2\/#article","isPartOf":{"@id":"https:\/\/patagoniambiental.com.ar\/info\/12898-2\/"},"author":{"name":"Patagonia Ambiental","@id":"https:\/\/patagoniambiental.com.ar\/info\/#\/schema\/person\/db12bff64bbcbf6a253710bf0ea37b5d"},"headline":"Convocatoria a Audiencia P\u00fablica del proyecto \u201cComplejo Melewe Mari Menuco\u00bb","datePublished":"2015-07-22T12:00:03+00:00","mainEntityOfPage":{"@id":"https:\/\/patagoniambiental.com.ar\/info\/12898-2\/"},"wordCount":853,"publisher":{"@id":"https:\/\/patagoniambiental.com.ar\/info\/#organization"},"image":{"@id":"https:\/\/patagoniambiental.com.ar\/info\/12898-2\/#primaryimage"},"thumbnailUrl":"","articleSection":["Neuqu\u00e9n","Noticias","Provinciales"],"inLanguage":"es"},{"@type":"WebPage","@id":"https:\/\/patagoniambiental.com.ar\/info\/12898-2\/","url":"https:\/\/patagoniambiental.com.ar\/info\/12898-2\/","name":"Convocatoria a Audiencia P\u00fablica del proyecto \u201cComplejo Melewe Mari Menuco\"","isPartOf":{"@id":"https:\/\/patagoniambiental.com.ar\/info\/#website"},"primaryImageOfPage":{"@id":"https:\/\/patagoniambiental.com.ar\/info\/12898-2\/#primaryimage"},"image":{"@id":"https:\/\/patagoniambiental.com.ar\/info\/12898-2\/#primaryimage"},"thumbnailUrl":"","datePublished":"2015-07-22T12:00:03+00:00","breadcrumb":{"@id":"https:\/\/patagoniambiental.com.ar\/info\/12898-2\/#breadcrumb"},"inLanguage":"es","potentialAction":[{"@type":"ReadAction","target":["https:\/\/patagoniambiental.com.ar\/info\/12898-2\/"]}]},{"@type":"ImageObject","inLanguage":"es","@id":"https:\/\/patagoniambiental.com.ar\/info\/12898-2\/#primaryimage","url":"","contentUrl":""},{"@type":"BreadcrumbList","@id":"https:\/\/patagoniambiental.com.ar\/info\/12898-2\/#breadcrumb","itemListElement":[{"@type":"ListItem","position":1,"name":"Inicio","item":"https:\/\/patagoniambiental.com.ar\/info\/"},{"@type":"ListItem","position":2,"name":"Convocatoria a Audiencia P\u00fablica del proyecto \u201cComplejo Melewe Mari Menuco\u00bb"}]},{"@type":"WebSite","@id":"https:\/\/patagoniambiental.com.ar\/info\/#website","url":"https:\/\/patagoniambiental.com.ar\/info\/","name":"Patagonia Ambiental","description":"Monitoreo y an\u00e1lisis de la situaci\u00f3n geopol\u00edtica en el mundo y su implicancia en la Patagonia","publisher":{"@id":"https:\/\/patagoniambiental.com.ar\/info\/#organization"},"potentialAction":[{"@type":"SearchAction","target":{"@type":"EntryPoint","urlTemplate":"https:\/\/patagoniambiental.com.ar\/info\/?s={search_term_string}"},"query-input":{"@type":"PropertyValueSpecification","valueRequired":true,"valueName":"search_term_string"}}],"inLanguage":"es"},{"@type":"Organization","@id":"https:\/\/patagoniambiental.com.ar\/info\/#organization","name":"Patagonia Ambiental","url":"https:\/\/patagoniambiental.com.ar\/info\/","logo":{"@type":"ImageObject","inLanguage":"es","@id":"https:\/\/patagoniambiental.com.ar\/info\/#\/schema\/logo\/image\/","url":"https:\/\/patagoniambiental.com.ar\/info\/wp-content\/uploads\/2025\/05\/LOGO-PATAGONIA-AMBIENTAL.png","contentUrl":"https:\/\/patagoniambiental.com.ar\/info\/wp-content\/uploads\/2025\/05\/LOGO-PATAGONIA-AMBIENTAL.png","width":433,"height":250,"caption":"Patagonia Ambiental"},"image":{"@id":"https:\/\/patagoniambiental.com.ar\/info\/#\/schema\/logo\/image\/"},"sameAs":["https:\/\/www.facebook.com\/patagonia.ambiental","https:\/\/x.com\/PatAmb"]},{"@type":"Person","@id":"https:\/\/patagoniambiental.com.ar\/info\/#\/schema\/person\/db12bff64bbcbf6a253710bf0ea37b5d","name":"Patagonia Ambiental","description":"Andr\u00e9s Nievas T\u00e9cnico en manejo ambiental, consultor Ambiental y escritor para medios locales e internacionales sobre temas de geopolitica y medio ambiente.","sameAs":["http:\/\/www.patagoniambiental.com.ar","https:\/\/www.facebook.com\/share\/1C1V8Gv9BX\/?mibextid=qi2Omg","@patagoniambiental","https:\/\/youtube.com\/@patagoniaambiental2023?si=BLt58t0wuXquxlYZ"]}]}},"_links":{"self":[{"href":"https:\/\/patagoniambiental.com.ar\/info\/wp-json\/wp\/v2\/posts\/12898","targetHints":{"allow":["GET"]}}],"collection":[{"href":"https:\/\/patagoniambiental.com.ar\/info\/wp-json\/wp\/v2\/posts"}],"about":[{"href":"https:\/\/patagoniambiental.com.ar\/info\/wp-json\/wp\/v2\/types\/post"}],"author":[{"embeddable":true,"href":"https:\/\/patagoniambiental.com.ar\/info\/wp-json\/wp\/v2\/users\/2"}],"replies":[{"embeddable":true,"href":"https:\/\/patagoniambiental.com.ar\/info\/wp-json\/wp\/v2\/comments?post=12898"}],"version-history":[{"count":0,"href":"https:\/\/patagoniambiental.com.ar\/info\/wp-json\/wp\/v2\/posts\/12898\/revisions"}],"wp:featuredmedia":[{"embeddable":true,"href":"https:\/\/patagoniambiental.com.ar\/info\/wp-json\/"}],"wp:attachment":[{"href":"https:\/\/patagoniambiental.com.ar\/info\/wp-json\/wp\/v2\/media?parent=12898"}],"wp:term":[{"taxonomy":"category","embeddable":true,"href":"https:\/\/patagoniambiental.com.ar\/info\/wp-json\/wp\/v2\/categories?post=12898"},{"taxonomy":"post_tag","embeddable":true,"href":"https:\/\/patagoniambiental.com.ar\/info\/wp-json\/wp\/v2\/tags?post=12898"}],"curies":[{"name":"wp","href":"https:\/\/api.w.org\/{rel}","templated":true}]}}