{"id":12902,"date":"2015-07-22T09:00:46","date_gmt":"2015-07-22T12:00:46","guid":{"rendered":"http:\/\/patagoniambiental.com.ar\/?p=12902"},"modified":"2015-07-22T09:00:46","modified_gmt":"2015-07-22T12:00:46","slug":"tierra-del-fuego-tendra-el-primer-centro-de-reproduccion-genetica-bovino-y-ovino-de-la-region","status":"publish","type":"post","link":"https:\/\/patagoniambiental.com.ar\/info\/tierra-del-fuego-tendra-el-primer-centro-de-reproduccion-genetica-bovino-y-ovino-de-la-region\/","title":{"rendered":"Tierra del Fuego tendr\u00e1 el primer Centro de Reproducci\u00f3n Gen\u00e9tica Bovino y Ovino de la regi\u00f3n"},"content":{"rendered":"<p>Tierra del Fuego.-La gobernadora Fabiana R\u00edos junto al secretario\u00a0de Agricultura, Ganader\u00eda y Pesca de la Naci\u00f3n, Gabriel Delgado, firmaron un convenio apuntado a la creaci\u00f3n del primer Centro de Reproducci\u00f3n Gen\u00e9tica Bovino y Ovino, con el que contar\u00e1 la Patagonia.<!--more--> Este convenio se enmarca en el PROAGRO y responde a \u00a0la solicitud de productores de gen\u00e9tica bovina Hereford y la Asociaci\u00f3n Argentina de Criadores de Hereford, para atender en el mediano plazo, la demanda local e Internacional de material gen\u00e9tico.<\/p>\n<p>El monto a financiar es de $3.055.831,00 y comprende las instalaciones, equipamientos e insumos para poner en marcha este Centro.<\/p>\n<p>Cabe destacar que este acuerdo surge de un arduo trabajo gestionado desde la Secretar\u00eda de Desarrollo Sociable y Ambiente provincial, \u00a0aprovechando las ventajas comparativas y competitivas de Tierra del Fuego, siendo la \u00fanica en el pa\u00eds que goza de un Status Sanitario, por el cual puede certificar libre de Aftosa sin Vacunaci\u00f3n, de Brucelosis y de Tuberculosis; condici\u00f3n que es excluyente para entrar en el mercado de los pa\u00edses que demandan este mercado.<\/p>\n<p>Durante el acto, la primera mandataria provincial destac\u00f3 el trabajo conjunto y coordinado con el Ministerio de Agricultura, Ganader\u00eda y Pesca de naci\u00f3n para llegar a concretar el convenio, recordando que\u00a0\u201ccuando arrancamos hace 8 a\u00f1os el primer diagn\u00f3stico nos marcaba la gran desconfianza entre los sectores p\u00fablicos y privados. A partir de all\u00ed llevamos adelante una tarea que implic\u00f3 el fortalecimiento de las organizaciones; y en el medio de esto cada una de las organizaciones fue cambiando\u201d.<\/p>\n<p>&nbsp;<\/p>\n<p>\u201cTuvimos que ir apoy\u00e1ndonos unos entre otros para ir desarroll\u00e1ndonos. As\u00ed, y de esta manera se trabaj\u00f3 en el cl\u00faster pesquero, en el centro de desarrollo tecnol\u00f3gico para el parque industrial de R\u00edo Grande. Hoy se habla de industria, cuando hace 8 a\u00f1os atr\u00e1s los chicos no sab\u00edan que era la 19640: esa ley que hab\u00eda tra\u00eddo a sus padres\u00a0ac\u00e1 los chicos no sab\u00edan qu\u00e9 era\u201d.<\/p>\n<p>&nbsp;<\/p>\n<p>La Gobernadora destac\u00f3 que la creaci\u00f3n de esos v\u00ednculos gener\u00f3 un trabajo que consider\u00f3 como\u00a0\u201cpuntos de llegada y el reconocimiento de que estamos frente a una pol\u00edtica p\u00fablica construida con unidad a largo plazo, pensada y comprometida con el presente y el futuro, entendiendo que se trata de procesos complejos\u00a0de los cuales nadie es due\u00f1o y todos somos un poquito protagonistas y pares\u201d.<\/p>\n<p>&nbsp;<\/p>\n<p>\u201cVamos a seguir trabajando hasta el \u00faltimo d\u00eda entendiendo que somos parte de un engranaje en un tiempo determinado. Tenemos que tener la responsabilidad de que las instituciones permanezcan aunque nosotros cambiemos de lugar\u201d finaliz\u00f3.<\/p>\n<p>&nbsp;<\/p>\n<p>Adem\u00e1s, destac\u00f3 la presencia de Marcelo Morandi como representante oficial de la gobernadora electa, \u201cque de alg\u00fan modo estrecha la continuidad de este compromiso que tiene que ver con la continuidad de las pol\u00edticas p\u00fablicas\u201d.<\/p>\n<p>&nbsp;<\/p>\n<p>Por su parte el Secretario de Desarrollo Sustentable y Ambiente, Fabi\u00e1n Boyeras, subray\u00f3 que\u00a0\u201cesto no es un hecho aislado, sino que se inscribe dentro de una pol\u00edtica de estado que es el PROAGRO, \u00a0que tiene que ver con la soberan\u00eda y seguridad alimentaria que tiene la Provincia en producir nuestros propios alimentos y en generar empleo local\u201d.<\/p>\n<p>&nbsp;<\/p>\n<p>El funcionario explic\u00f3 que\u00a0\u201ccomo provincia estamos en una posici\u00f3n de ventaja,\u00a0 produciendo gen\u00e9tica propia para nuestros productores, y aqu\u00ed aparece la oportunidad de la exportaci\u00f3n de semen y \u00f3vulos a otra parte del pa\u00eds y del mundo\u201d.<\/p>\n<p>&nbsp;<\/p>\n<p>Tambi\u00e9n el Secretario de Agricultura Ganader\u00eda y Pesca de Naci\u00f3n, Gabriel Delgado, expres\u00f3 que\u00a0\u201chemos venido aqu\u00ed apoyando el camino que ha tomado la Tierra del Fuego con este plan de desarrollo\u00a0 forrajero y en el desarrollo de producci\u00f3n animal,\u00a0 el cual tiene como grandes pilares la innovaci\u00f3n y la inversi\u00f3n, para que de esta\u00a0 forma,\u00a0 el\u00a0 impacto de desarrollo de estas nuevas tecnolog\u00eda puedan ser distribuidas de la manera m\u00e1s justa posible entre los productor y entre los consumidores\u201d.<\/p>\n<p>&nbsp;<\/p>\n<p>Adem\u00e1s indic\u00f3\u00a0que \u201cen principio el centro de trasplante embrionario estar\u00e1 orientado hacia la raza Hereford, pero en el futuro se puede tambi\u00e9n extender a otros tipos de especies\u00a0 de ganado\u201d.<\/p>\n<p>Fuente: Actualidad TDF<\/p>\n","protected":false},"excerpt":{"rendered":"<p>Tierra del Fuego.-La gobernadora Fabiana R\u00edos junto al secretario\u00a0de Agricultura, Ganader\u00eda y Pesca de la Naci\u00f3n, Gabriel Delgado, firmaron un [&hellip;]<\/p>\n","protected":false},"author":2,"featured_media":12903,"comment_status":"closed","ping_status":"closed","sticky":false,"template":"","format":"standard","meta":{"site-sidebar-layout":"default","site-content-layout":"","ast-site-content-layout":"default","site-content-style":"default","site-sidebar-style":"default","ast-global-header-display":"","ast-banner-title-visibility":"","ast-main-header-display":"","ast-hfb-above-header-display":"","ast-hfb-below-header-display":"","ast-hfb-mobile-header-display":"","site-post-title":"","ast-breadcrumbs-content":"","ast-featured-img":"","footer-sml-layout":"","ast-disable-related-posts":"","theme-transparent-header-meta":"","adv-header-id-meta":"","stick-header-meta":"","header-above-stick-meta":"","header-main-stick-meta":"","header-below-stick-meta":"","astra-migrate-meta-layouts":"default","ast-page-background-enabled":"default","ast-page-background-meta":{"desktop":{"background-color":"var(--ast-global-color-5)","background-image":"","background-repeat":"repeat","background-position":"center center","background-size":"auto","background-attachment":"scroll","background-type":"","background-media":"","overlay-type":"","overlay-color":"","overlay-opacity":"","overlay-gradient":""},"tablet":{"background-color":"","background-image":"","background-repeat":"repeat","background-position":"center center","background-size":"auto","background-attachment":"scroll","background-type":"","background-media":"","overlay-type":"","overlay-color":"","overlay-opacity":"","overlay-gradient":""},"mobile":{"background-color":"","background-image":"","background-repeat":"repeat","background-position":"center center","background-size":"auto","background-attachment":"scroll","background-type":"","background-media":"","overlay-type":"","overlay-color":"","overlay-opacity":"","overlay-gradient":""}},"ast-content-background-meta":{"desktop":{"background-color":"var(--ast-global-color-4)","background-image":"","background-repeat":"repeat","background-position":"center center","background-size":"auto","background-attachment":"scroll","background-type":"","background-media":"","overlay-type":"","overlay-color":"","overlay-opacity":"","overlay-gradient":""},"tablet":{"background-color":"var(--ast-global-color-4)","background-image":"","background-repeat":"repeat","background-position":"center center","background-size":"auto","background-attachment":"scroll","background-type":"","background-media":"","overlay-type":"","overlay-color":"","overlay-opacity":"","overlay-gradient":""},"mobile":{"background-color":"var(--ast-global-color-4)","background-image":"","background-repeat":"repeat","background-position":"center center","background-size":"auto","background-attachment":"scroll","background-type":"","background-media":"","overlay-type":"","overlay-color":"","overlay-opacity":"","overlay-gradient":""}},"footnotes":""},"categories":[1,13,25],"tags":[],"class_list":["post-12902","post","type-post","status-publish","format-standard","has-post-thumbnail","hentry","category-noticias","category-provinciales","category-tierra-del-fuego"],"yoast_head":"<!-- This site is optimized with the Yoast SEO Premium plugin v23.0 (Yoast SEO v27.4) - https:\/\/yoast.com\/product\/yoast-seo-premium-wordpress\/ -->\n<title>Tierra del Fuego tendr\u00e1 el primer Centro de Reproducci\u00f3n Gen\u00e9tica Bovino y Ovino de la regi\u00f3n<\/title>\n<meta name=\"robots\" content=\"index, follow, max-snippet:-1, max-image-preview:large, max-video-preview:-1\" \/>\n<link rel=\"canonical\" href=\"https:\/\/patagoniambiental.com.ar\/info\/tierra-del-fuego-tendra-el-primer-centro-de-reproduccion-genetica-bovino-y-ovino-de-la-region\/\" \/>\n<meta property=\"og:locale\" content=\"es_ES\" \/>\n<meta property=\"og:type\" content=\"article\" \/>\n<meta property=\"og:title\" content=\"Tierra del Fuego tendr\u00e1 el primer Centro de Reproducci\u00f3n Gen\u00e9tica Bovino y Ovino de la regi\u00f3n\" \/>\n<meta property=\"og:description\" content=\"Tierra del Fuego.-La gobernadora Fabiana R\u00edos junto al secretario\u00a0de Agricultura, Ganader\u00eda y Pesca de la Naci\u00f3n, Gabriel Delgado, firmaron un [&hellip;]\" \/>\n<meta property=\"og:url\" content=\"https:\/\/patagoniambiental.com.ar\/info\/tierra-del-fuego-tendra-el-primer-centro-de-reproduccion-genetica-bovino-y-ovino-de-la-region\/\" \/>\n<meta property=\"og:site_name\" content=\"Patagonia Ambiental\" \/>\n<meta property=\"article:publisher\" content=\"https:\/\/www.facebook.com\/patagonia.ambiental\" \/>\n<meta property=\"article:author\" content=\"https:\/\/www.facebook.com\/share\/1C1V8Gv9BX\/?mibextid=qi2Omg\" \/>\n<meta property=\"article:published_time\" content=\"2015-07-22T12:00:46+00:00\" \/>\n<meta name=\"author\" content=\"Patagonia Ambiental\" \/>\n<meta name=\"twitter:card\" content=\"summary_large_image\" \/>\n<meta name=\"twitter:creator\" content=\"@PatAmb\" \/>\n<meta name=\"twitter:site\" content=\"@PatAmb\" \/>\n<script type=\"application\/ld+json\" class=\"yoast-schema-graph\">{\"@context\":\"https:\\\/\\\/schema.org\",\"@graph\":[{\"@type\":\"Article\",\"@id\":\"https:\\\/\\\/patagoniambiental.com.ar\\\/info\\\/tierra-del-fuego-tendra-el-primer-centro-de-reproduccion-genetica-bovino-y-ovino-de-la-region\\\/#article\",\"isPartOf\":{\"@id\":\"https:\\\/\\\/patagoniambiental.com.ar\\\/info\\\/tierra-del-fuego-tendra-el-primer-centro-de-reproduccion-genetica-bovino-y-ovino-de-la-region\\\/\"},\"author\":{\"name\":\"Patagonia Ambiental\",\"@id\":\"https:\\\/\\\/patagoniambiental.com.ar\\\/info\\\/#\\\/schema\\\/person\\\/db12bff64bbcbf6a253710bf0ea37b5d\"},\"headline\":\"Tierra del Fuego tendr\u00e1 el primer Centro de Reproducci\u00f3n Gen\u00e9tica Bovino y Ovino de la regi\u00f3n\",\"datePublished\":\"2015-07-22T12:00:46+00:00\",\"mainEntityOfPage\":{\"@id\":\"https:\\\/\\\/patagoniambiental.com.ar\\\/info\\\/tierra-del-fuego-tendra-el-primer-centro-de-reproduccion-genetica-bovino-y-ovino-de-la-region\\\/\"},\"wordCount\":745,\"publisher\":{\"@id\":\"https:\\\/\\\/patagoniambiental.com.ar\\\/info\\\/#organization\"},\"image\":{\"@id\":\"https:\\\/\\\/patagoniambiental.com.ar\\\/info\\\/tierra-del-fuego-tendra-el-primer-centro-de-reproduccion-genetica-bovino-y-ovino-de-la-region\\\/#primaryimage\"},\"thumbnailUrl\":\"\",\"articleSection\":[\"Noticias\",\"Provinciales\",\"Tierra del Fuego\"],\"inLanguage\":\"es\"},{\"@type\":\"WebPage\",\"@id\":\"https:\\\/\\\/patagoniambiental.com.ar\\\/info\\\/tierra-del-fuego-tendra-el-primer-centro-de-reproduccion-genetica-bovino-y-ovino-de-la-region\\\/\",\"url\":\"https:\\\/\\\/patagoniambiental.com.ar\\\/info\\\/tierra-del-fuego-tendra-el-primer-centro-de-reproduccion-genetica-bovino-y-ovino-de-la-region\\\/\",\"name\":\"Tierra del Fuego tendr\u00e1 el primer Centro de Reproducci\u00f3n Gen\u00e9tica Bovino y Ovino de la regi\u00f3n\",\"isPartOf\":{\"@id\":\"https:\\\/\\\/patagoniambiental.com.ar\\\/info\\\/#website\"},\"primaryImageOfPage\":{\"@id\":\"https:\\\/\\\/patagoniambiental.com.ar\\\/info\\\/tierra-del-fuego-tendra-el-primer-centro-de-reproduccion-genetica-bovino-y-ovino-de-la-region\\\/#primaryimage\"},\"image\":{\"@id\":\"https:\\\/\\\/patagoniambiental.com.ar\\\/info\\\/tierra-del-fuego-tendra-el-primer-centro-de-reproduccion-genetica-bovino-y-ovino-de-la-region\\\/#primaryimage\"},\"thumbnailUrl\":\"\",\"datePublished\":\"2015-07-22T12:00:46+00:00\",\"breadcrumb\":{\"@id\":\"https:\\\/\\\/patagoniambiental.com.ar\\\/info\\\/tierra-del-fuego-tendra-el-primer-centro-de-reproduccion-genetica-bovino-y-ovino-de-la-region\\\/#breadcrumb\"},\"inLanguage\":\"es\",\"potentialAction\":[{\"@type\":\"ReadAction\",\"target\":[\"https:\\\/\\\/patagoniambiental.com.ar\\\/info\\\/tierra-del-fuego-tendra-el-primer-centro-de-reproduccion-genetica-bovino-y-ovino-de-la-region\\\/\"]}]},{\"@type\":\"ImageObject\",\"inLanguage\":\"es\",\"@id\":\"https:\\\/\\\/patagoniambiental.com.ar\\\/info\\\/tierra-del-fuego-tendra-el-primer-centro-de-reproduccion-genetica-bovino-y-ovino-de-la-region\\\/#primaryimage\",\"url\":\"\",\"contentUrl\":\"\"},{\"@type\":\"BreadcrumbList\",\"@id\":\"https:\\\/\\\/patagoniambiental.com.ar\\\/info\\\/tierra-del-fuego-tendra-el-primer-centro-de-reproduccion-genetica-bovino-y-ovino-de-la-region\\\/#breadcrumb\",\"itemListElement\":[{\"@type\":\"ListItem\",\"position\":1,\"name\":\"Inicio\",\"item\":\"https:\\\/\\\/patagoniambiental.com.ar\\\/info\\\/\"},{\"@type\":\"ListItem\",\"position\":2,\"name\":\"Tierra del Fuego tendr\u00e1 el primer Centro de Reproducci\u00f3n Gen\u00e9tica Bovino y Ovino de la regi\u00f3n\"}]},{\"@type\":\"WebSite\",\"@id\":\"https:\\\/\\\/patagoniambiental.com.ar\\\/info\\\/#website\",\"url\":\"https:\\\/\\\/patagoniambiental.com.ar\\\/info\\\/\",\"name\":\"Patagonia Ambiental\",\"description\":\"Monitoreo y an\u00e1lisis de la situaci\u00f3n geopol\u00edtica en el mundo y su implicancia en la Patagonia\",\"publisher\":{\"@id\":\"https:\\\/\\\/patagoniambiental.com.ar\\\/info\\\/#organization\"},\"potentialAction\":[{\"@type\":\"SearchAction\",\"target\":{\"@type\":\"EntryPoint\",\"urlTemplate\":\"https:\\\/\\\/patagoniambiental.com.ar\\\/info\\\/?s={search_term_string}\"},\"query-input\":{\"@type\":\"PropertyValueSpecification\",\"valueRequired\":true,\"valueName\":\"search_term_string\"}}],\"inLanguage\":\"es\"},{\"@type\":\"Organization\",\"@id\":\"https:\\\/\\\/patagoniambiental.com.ar\\\/info\\\/#organization\",\"name\":\"Patagonia Ambiental\",\"url\":\"https:\\\/\\\/patagoniambiental.com.ar\\\/info\\\/\",\"logo\":{\"@type\":\"ImageObject\",\"inLanguage\":\"es\",\"@id\":\"https:\\\/\\\/patagoniambiental.com.ar\\\/info\\\/#\\\/schema\\\/logo\\\/image\\\/\",\"url\":\"https:\\\/\\\/patagoniambiental.com.ar\\\/info\\\/wp-content\\\/uploads\\\/2025\\\/05\\\/LOGO-PATAGONIA-AMBIENTAL.png\",\"contentUrl\":\"https:\\\/\\\/patagoniambiental.com.ar\\\/info\\\/wp-content\\\/uploads\\\/2025\\\/05\\\/LOGO-PATAGONIA-AMBIENTAL.png\",\"width\":433,\"height\":250,\"caption\":\"Patagonia Ambiental\"},\"image\":{\"@id\":\"https:\\\/\\\/patagoniambiental.com.ar\\\/info\\\/#\\\/schema\\\/logo\\\/image\\\/\"},\"sameAs\":[\"https:\\\/\\\/www.facebook.com\\\/patagonia.ambiental\",\"https:\\\/\\\/x.com\\\/PatAmb\"]},{\"@type\":\"Person\",\"@id\":\"https:\\\/\\\/patagoniambiental.com.ar\\\/info\\\/#\\\/schema\\\/person\\\/db12bff64bbcbf6a253710bf0ea37b5d\",\"name\":\"Patagonia Ambiental\",\"description\":\"Andr\u00e9s Nievas T\u00e9cnico en manejo ambiental, consultor Ambiental y escritor para medios locales e internacionales sobre temas de geopolitica y medio ambiente.\",\"sameAs\":[\"http:\\\/\\\/www.patagoniambiental.com.ar\",\"https:\\\/\\\/www.facebook.com\\\/share\\\/1C1V8Gv9BX\\\/?mibextid=qi2Omg\",\"@patagoniambiental\",\"https:\\\/\\\/youtube.com\\\/@patagoniaambiental2023?si=BLt58t0wuXquxlYZ\"]}]}<\/script>\n<!-- \/ Yoast SEO Premium plugin. -->","yoast_head_json":{"title":"Tierra del Fuego tendr\u00e1 el primer Centro de Reproducci\u00f3n Gen\u00e9tica Bovino y Ovino de la regi\u00f3n","robots":{"index":"index","follow":"follow","max-snippet":"max-snippet:-1","max-image-preview":"max-image-preview:large","max-video-preview":"max-video-preview:-1"},"canonical":"https:\/\/patagoniambiental.com.ar\/info\/tierra-del-fuego-tendra-el-primer-centro-de-reproduccion-genetica-bovino-y-ovino-de-la-region\/","og_locale":"es_ES","og_type":"article","og_title":"Tierra del Fuego tendr\u00e1 el primer Centro de Reproducci\u00f3n Gen\u00e9tica Bovino y Ovino de la regi\u00f3n","og_description":"Tierra del Fuego.-La gobernadora Fabiana R\u00edos junto al secretario\u00a0de Agricultura, Ganader\u00eda y Pesca de la Naci\u00f3n, Gabriel Delgado, firmaron un [&hellip;]","og_url":"https:\/\/patagoniambiental.com.ar\/info\/tierra-del-fuego-tendra-el-primer-centro-de-reproduccion-genetica-bovino-y-ovino-de-la-region\/","og_site_name":"Patagonia Ambiental","article_publisher":"https:\/\/www.facebook.com\/patagonia.ambiental","article_author":"https:\/\/www.facebook.com\/share\/1C1V8Gv9BX\/?mibextid=qi2Omg","article_published_time":"2015-07-22T12:00:46+00:00","author":"Patagonia Ambiental","twitter_card":"summary_large_image","twitter_creator":"@PatAmb","twitter_site":"@PatAmb","schema":{"@context":"https:\/\/schema.org","@graph":[{"@type":"Article","@id":"https:\/\/patagoniambiental.com.ar\/info\/tierra-del-fuego-tendra-el-primer-centro-de-reproduccion-genetica-bovino-y-ovino-de-la-region\/#article","isPartOf":{"@id":"https:\/\/patagoniambiental.com.ar\/info\/tierra-del-fuego-tendra-el-primer-centro-de-reproduccion-genetica-bovino-y-ovino-de-la-region\/"},"author":{"name":"Patagonia Ambiental","@id":"https:\/\/patagoniambiental.com.ar\/info\/#\/schema\/person\/db12bff64bbcbf6a253710bf0ea37b5d"},"headline":"Tierra del Fuego tendr\u00e1 el primer Centro de Reproducci\u00f3n Gen\u00e9tica Bovino y Ovino de la regi\u00f3n","datePublished":"2015-07-22T12:00:46+00:00","mainEntityOfPage":{"@id":"https:\/\/patagoniambiental.com.ar\/info\/tierra-del-fuego-tendra-el-primer-centro-de-reproduccion-genetica-bovino-y-ovino-de-la-region\/"},"wordCount":745,"publisher":{"@id":"https:\/\/patagoniambiental.com.ar\/info\/#organization"},"image":{"@id":"https:\/\/patagoniambiental.com.ar\/info\/tierra-del-fuego-tendra-el-primer-centro-de-reproduccion-genetica-bovino-y-ovino-de-la-region\/#primaryimage"},"thumbnailUrl":"","articleSection":["Noticias","Provinciales","Tierra del Fuego"],"inLanguage":"es"},{"@type":"WebPage","@id":"https:\/\/patagoniambiental.com.ar\/info\/tierra-del-fuego-tendra-el-primer-centro-de-reproduccion-genetica-bovino-y-ovino-de-la-region\/","url":"https:\/\/patagoniambiental.com.ar\/info\/tierra-del-fuego-tendra-el-primer-centro-de-reproduccion-genetica-bovino-y-ovino-de-la-region\/","name":"Tierra del Fuego tendr\u00e1 el primer Centro de Reproducci\u00f3n Gen\u00e9tica Bovino y Ovino de la regi\u00f3n","isPartOf":{"@id":"https:\/\/patagoniambiental.com.ar\/info\/#website"},"primaryImageOfPage":{"@id":"https:\/\/patagoniambiental.com.ar\/info\/tierra-del-fuego-tendra-el-primer-centro-de-reproduccion-genetica-bovino-y-ovino-de-la-region\/#primaryimage"},"image":{"@id":"https:\/\/patagoniambiental.com.ar\/info\/tierra-del-fuego-tendra-el-primer-centro-de-reproduccion-genetica-bovino-y-ovino-de-la-region\/#primaryimage"},"thumbnailUrl":"","datePublished":"2015-07-22T12:00:46+00:00","breadcrumb":{"@id":"https:\/\/patagoniambiental.com.ar\/info\/tierra-del-fuego-tendra-el-primer-centro-de-reproduccion-genetica-bovino-y-ovino-de-la-region\/#breadcrumb"},"inLanguage":"es","potentialAction":[{"@type":"ReadAction","target":["https:\/\/patagoniambiental.com.ar\/info\/tierra-del-fuego-tendra-el-primer-centro-de-reproduccion-genetica-bovino-y-ovino-de-la-region\/"]}]},{"@type":"ImageObject","inLanguage":"es","@id":"https:\/\/patagoniambiental.com.ar\/info\/tierra-del-fuego-tendra-el-primer-centro-de-reproduccion-genetica-bovino-y-ovino-de-la-region\/#primaryimage","url":"","contentUrl":""},{"@type":"BreadcrumbList","@id":"https:\/\/patagoniambiental.com.ar\/info\/tierra-del-fuego-tendra-el-primer-centro-de-reproduccion-genetica-bovino-y-ovino-de-la-region\/#breadcrumb","itemListElement":[{"@type":"ListItem","position":1,"name":"Inicio","item":"https:\/\/patagoniambiental.com.ar\/info\/"},{"@type":"ListItem","position":2,"name":"Tierra del Fuego tendr\u00e1 el primer Centro de Reproducci\u00f3n Gen\u00e9tica Bovino y Ovino de la regi\u00f3n"}]},{"@type":"WebSite","@id":"https:\/\/patagoniambiental.com.ar\/info\/#website","url":"https:\/\/patagoniambiental.com.ar\/info\/","name":"Patagonia Ambiental","description":"Monitoreo y an\u00e1lisis de la situaci\u00f3n geopol\u00edtica en el mundo y su implicancia en la Patagonia","publisher":{"@id":"https:\/\/patagoniambiental.com.ar\/info\/#organization"},"potentialAction":[{"@type":"SearchAction","target":{"@type":"EntryPoint","urlTemplate":"https:\/\/patagoniambiental.com.ar\/info\/?s={search_term_string}"},"query-input":{"@type":"PropertyValueSpecification","valueRequired":true,"valueName":"search_term_string"}}],"inLanguage":"es"},{"@type":"Organization","@id":"https:\/\/patagoniambiental.com.ar\/info\/#organization","name":"Patagonia Ambiental","url":"https:\/\/patagoniambiental.com.ar\/info\/","logo":{"@type":"ImageObject","inLanguage":"es","@id":"https:\/\/patagoniambiental.com.ar\/info\/#\/schema\/logo\/image\/","url":"https:\/\/patagoniambiental.com.ar\/info\/wp-content\/uploads\/2025\/05\/LOGO-PATAGONIA-AMBIENTAL.png","contentUrl":"https:\/\/patagoniambiental.com.ar\/info\/wp-content\/uploads\/2025\/05\/LOGO-PATAGONIA-AMBIENTAL.png","width":433,"height":250,"caption":"Patagonia Ambiental"},"image":{"@id":"https:\/\/patagoniambiental.com.ar\/info\/#\/schema\/logo\/image\/"},"sameAs":["https:\/\/www.facebook.com\/patagonia.ambiental","https:\/\/x.com\/PatAmb"]},{"@type":"Person","@id":"https:\/\/patagoniambiental.com.ar\/info\/#\/schema\/person\/db12bff64bbcbf6a253710bf0ea37b5d","name":"Patagonia Ambiental","description":"Andr\u00e9s Nievas T\u00e9cnico en manejo ambiental, consultor Ambiental y escritor para medios locales e internacionales sobre temas de geopolitica y medio ambiente.","sameAs":["http:\/\/www.patagoniambiental.com.ar","https:\/\/www.facebook.com\/share\/1C1V8Gv9BX\/?mibextid=qi2Omg","@patagoniambiental","https:\/\/youtube.com\/@patagoniaambiental2023?si=BLt58t0wuXquxlYZ"]}]}},"_links":{"self":[{"href":"https:\/\/patagoniambiental.com.ar\/info\/wp-json\/wp\/v2\/posts\/12902","targetHints":{"allow":["GET"]}}],"collection":[{"href":"https:\/\/patagoniambiental.com.ar\/info\/wp-json\/wp\/v2\/posts"}],"about":[{"href":"https:\/\/patagoniambiental.com.ar\/info\/wp-json\/wp\/v2\/types\/post"}],"author":[{"embeddable":true,"href":"https:\/\/patagoniambiental.com.ar\/info\/wp-json\/wp\/v2\/users\/2"}],"replies":[{"embeddable":true,"href":"https:\/\/patagoniambiental.com.ar\/info\/wp-json\/wp\/v2\/comments?post=12902"}],"version-history":[{"count":0,"href":"https:\/\/patagoniambiental.com.ar\/info\/wp-json\/wp\/v2\/posts\/12902\/revisions"}],"wp:featuredmedia":[{"embeddable":true,"href":"https:\/\/patagoniambiental.com.ar\/info\/wp-json\/"}],"wp:attachment":[{"href":"https:\/\/patagoniambiental.com.ar\/info\/wp-json\/wp\/v2\/media?parent=12902"}],"wp:term":[{"taxonomy":"category","embeddable":true,"href":"https:\/\/patagoniambiental.com.ar\/info\/wp-json\/wp\/v2\/categories?post=12902"},{"taxonomy":"post_tag","embeddable":true,"href":"https:\/\/patagoniambiental.com.ar\/info\/wp-json\/wp\/v2\/tags?post=12902"}],"curies":[{"name":"wp","href":"https:\/\/api.w.org\/{rel}","templated":true}]}}