{"id":12958,"date":"2015-07-23T19:00:53","date_gmt":"2015-07-23T22:00:53","guid":{"rendered":"http:\/\/patagoniambiental.com.ar\/?p=12958"},"modified":"2015-07-23T19:00:53","modified_gmt":"2015-07-23T22:00:53","slug":"el-ministro-de-ambiente-de-scioli-viene-a-chubut-para-presidir-jornada-de-trabajo-sobre-gestion-de-residuos","status":"publish","type":"post","link":"https:\/\/patagoniambiental.com.ar\/info\/el-ministro-de-ambiente-de-scioli-viene-a-chubut-para-presidir-jornada-de-trabajo-sobre-gestion-de-residuos\/","title":{"rendered":"El ministro de Ambiente de Scioli viene a Chubut para presidir jornada de trabajo sobre gesti\u00f3n de residuos"},"content":{"rendered":"<p><strong><em>Hoyo de Epuy\u00e9n.-Ser\u00e1 este viernes 24 en El Hoyo, con la presencia de referentes de toda la Comarca Andina. Lo anticip\u00f3 el ministro Coordinador de Gabinete, Juan Garitano, quien en los \u00faltimos d\u00edas llev\u00f3 a cabo una gira por esa zona y destac\u00f3 \u201cel fuerte acuerdo de gesti\u00f3n que hay entre los gobernadores Buzzi y Scioli\u201d. Hugo Bilbao, ministro de Ambiente bonaerense, compartir\u00e1 su experiencia en gesti\u00f3n de residuos s\u00f3lidos urbanos a partir del CEAMSE.<\/em><\/strong><!--more--><\/p>\n<p>El pr\u00f3ximo viernes 24 de julio, en El Hoyo, se desarrollar\u00e1 el encuentro \u201cGesti\u00f3n sostenible de los residuos s\u00f3lidos urbanos y su impacto social\u201d, encabezada por el ministro de Ambiente de la provincia de Buenos Aires y presidente del CoFeMA (Consejo Federal de Medio Ambiente), Ingeniero Hugo Bilbao y el ministro Coordinador de Gabinete de Chubut, Juan Garitano.<\/p>\n<p>As\u00ed lo confirm\u00f3 hoy en rueda de prensa el ministro Coordinador; Juan Garitano, quien destac\u00f3 que esta presencia se enmarca \u201cen el compromiso de trabajo y gesti\u00f3n conjunta entre los gobernadores Buzzi y Scioli\u201d. \u201cAmbos mandatarios est\u00e1n unidos por un proyecto pol\u00edtico, y tambi\u00e9n por una serie de acciones concretas que se traducen en mejorar las condiciones de vida de nuestra comunidad a partir del intercambio de experiencias\u201d, agreg\u00f3, poniendo como ejemplo la presencia del titular del Banco Provincia cuando se lanz\u00f3 el programa de desendeudamiento para empleados del Estado Provincial o la del titular de Trabajo al momento de presentar \u201cMi Primer Empleo\u201d.<\/p>\n<p>Seg\u00fan explic\u00f3 el funcionario, la presencia de Bilbao servir\u00e1 para compartir la experiencia de la Provincia de Buenos Aires en materia de gesti\u00f3n de residuos, a partir de la participaci\u00f3n de dicho distrito en la Coordinaci\u00f3n Ecol\u00f3gica del Area Metropolitana Sociedad del Estado (CEAMSE). Dicho organismo lleva a cabo el mayor proceso de gesti\u00f3n integral de residuos s\u00f3lidos urbanos del pa\u00eds, con 14.000 toneladas diarias de basura producidas por 14 millones de habitantes del \u00e1rea. A partir de la aplicaci\u00f3n de la \u00faltima tecnolog\u00eda en este campo se produce un \u00f3ptimo aprovechamiento, que incluye la generaci\u00f3n de energ\u00eda el\u00e9ctrica para 25.000 hogares a partir del biog\u00e1s.<\/p>\n<p>El encuentro de este viernes se realizar\u00e1 a partir de las 14.30, en la Escuela N\u00b0 223, calle Los Duraznos 220 del Barrio Cume Hue de El Hoyo y \u2013seg\u00fan explic\u00f3 Garitano- se espera la presencia de cooperativas, organizaciones no gubernamentales y vecinos de la localidad anfitriona y de Cholila, Epuy\u00e9n, Lago Puelo, El Mait\u00e9n y Cushamen.<\/p>\n<p>En este sentido, el ministro de Coordinaci\u00f3n record\u00f3 que en los \u00faltimos d\u00edas estuvo llevando adelante una gira por esas localidades, \u201cdonde hablamos con cada comunidad sobre este tema y sobre cada una de las cuestiones que preocupan a los vecinos y sobre las cuales tenemos un compromiso firme de trabajo y de llegar a una soluci\u00f3n, a partir de un proyecto pol\u00edtico participativo e integrado\u201d.<\/p>\n<p>Fuente: Gobierno dde Chubut<\/p>\n","protected":false},"excerpt":{"rendered":"<p>Hoyo de Epuy\u00e9n.-Ser\u00e1 este viernes 24 en El Hoyo, con la presencia de referentes de toda la Comarca Andina. Lo [&hellip;]<\/p>\n","protected":false},"author":2,"featured_media":12959,"comment_status":"closed","ping_status":"closed","sticky":false,"template":"","format":"standard","meta":{"site-sidebar-layout":"default","site-content-layout":"","ast-site-content-layout":"default","site-content-style":"default","site-sidebar-style":"default","ast-global-header-display":"","ast-banner-title-visibility":"","ast-main-header-display":"","ast-hfb-above-header-display":"","ast-hfb-below-header-display":"","ast-hfb-mobile-header-display":"","site-post-title":"","ast-breadcrumbs-content":"","ast-featured-img":"","footer-sml-layout":"","ast-disable-related-posts":"","theme-transparent-header-meta":"","adv-header-id-meta":"","stick-header-meta":"","header-above-stick-meta":"","header-main-stick-meta":"","header-below-stick-meta":"","astra-migrate-meta-layouts":"default","ast-page-background-enabled":"default","ast-page-background-meta":{"desktop":{"background-color":"var(--ast-global-color-5)","background-image":"","background-repeat":"repeat","background-position":"center center","background-size":"auto","background-attachment":"scroll","background-type":"","background-media":"","overlay-type":"","overlay-color":"","overlay-opacity":"","overlay-gradient":""},"tablet":{"background-color":"","background-image":"","background-repeat":"repeat","background-position":"center center","background-size":"auto","background-attachment":"scroll","background-type":"","background-media":"","overlay-type":"","overlay-color":"","overlay-opacity":"","overlay-gradient":""},"mobile":{"background-color":"","background-image":"","background-repeat":"repeat","background-position":"center center","background-size":"auto","background-attachment":"scroll","background-type":"","background-media":"","overlay-type":"","overlay-color":"","overlay-opacity":"","overlay-gradient":""}},"ast-content-background-meta":{"desktop":{"background-color":"var(--ast-global-color-4)","background-image":"","background-repeat":"repeat","background-position":"center center","background-size":"auto","background-attachment":"scroll","background-type":"","background-media":"","overlay-type":"","overlay-color":"","overlay-opacity":"","overlay-gradient":""},"tablet":{"background-color":"var(--ast-global-color-4)","background-image":"","background-repeat":"repeat","background-position":"center center","background-size":"auto","background-attachment":"scroll","background-type":"","background-media":"","overlay-type":"","overlay-color":"","overlay-opacity":"","overlay-gradient":""},"mobile":{"background-color":"var(--ast-global-color-4)","background-image":"","background-repeat":"repeat","background-position":"center center","background-size":"auto","background-attachment":"scroll","background-type":"","background-media":"","overlay-type":"","overlay-color":"","overlay-opacity":"","overlay-gradient":""}},"footnotes":""},"categories":[12,1],"tags":[],"class_list":["post-12958","post","type-post","status-publish","format-standard","has-post-thumbnail","hentry","category-agenda-ambiental","category-noticias"],"yoast_head":"<!-- This site is optimized with the Yoast SEO Premium plugin v23.0 (Yoast SEO v27.4) - https:\/\/yoast.com\/product\/yoast-seo-premium-wordpress\/ -->\n<title>El ministro de Ambiente de Scioli viene a Chubut para presidir jornada de trabajo sobre gesti\u00f3n de residuos<\/title>\n<meta name=\"robots\" content=\"index, follow, max-snippet:-1, max-image-preview:large, max-video-preview:-1\" \/>\n<link rel=\"canonical\" href=\"https:\/\/patagoniambiental.com.ar\/info\/el-ministro-de-ambiente-de-scioli-viene-a-chubut-para-presidir-jornada-de-trabajo-sobre-gestion-de-residuos\/\" \/>\n<meta property=\"og:locale\" content=\"es_ES\" \/>\n<meta property=\"og:type\" content=\"article\" \/>\n<meta property=\"og:title\" content=\"El ministro de Ambiente de Scioli viene a Chubut para presidir jornada de trabajo sobre gesti\u00f3n de residuos\" \/>\n<meta property=\"og:description\" content=\"Hoyo de Epuy\u00e9n.-Ser\u00e1 este viernes 24 en El Hoyo, con la presencia de referentes de toda la Comarca Andina. Lo [&hellip;]\" \/>\n<meta property=\"og:url\" content=\"https:\/\/patagoniambiental.com.ar\/info\/el-ministro-de-ambiente-de-scioli-viene-a-chubut-para-presidir-jornada-de-trabajo-sobre-gestion-de-residuos\/\" \/>\n<meta property=\"og:site_name\" content=\"Patagonia Ambiental\" \/>\n<meta property=\"article:publisher\" content=\"https:\/\/www.facebook.com\/patagonia.ambiental\" \/>\n<meta property=\"article:author\" content=\"https:\/\/www.facebook.com\/share\/1C1V8Gv9BX\/?mibextid=qi2Omg\" \/>\n<meta property=\"article:published_time\" content=\"2015-07-23T22:00:53+00:00\" \/>\n<meta name=\"author\" content=\"Patagonia Ambiental\" \/>\n<meta name=\"twitter:card\" content=\"summary_large_image\" \/>\n<meta name=\"twitter:creator\" content=\"@PatAmb\" \/>\n<meta name=\"twitter:site\" content=\"@PatAmb\" \/>\n<script type=\"application\/ld+json\" class=\"yoast-schema-graph\">{\"@context\":\"https:\\\/\\\/schema.org\",\"@graph\":[{\"@type\":\"Article\",\"@id\":\"https:\\\/\\\/patagoniambiental.com.ar\\\/info\\\/el-ministro-de-ambiente-de-scioli-viene-a-chubut-para-presidir-jornada-de-trabajo-sobre-gestion-de-residuos\\\/#article\",\"isPartOf\":{\"@id\":\"https:\\\/\\\/patagoniambiental.com.ar\\\/info\\\/el-ministro-de-ambiente-de-scioli-viene-a-chubut-para-presidir-jornada-de-trabajo-sobre-gestion-de-residuos\\\/\"},\"author\":{\"name\":\"Patagonia Ambiental\",\"@id\":\"https:\\\/\\\/patagoniambiental.com.ar\\\/info\\\/#\\\/schema\\\/person\\\/db12bff64bbcbf6a253710bf0ea37b5d\"},\"headline\":\"El ministro de Ambiente de Scioli viene a Chubut para presidir jornada de trabajo sobre gesti\u00f3n de residuos\",\"datePublished\":\"2015-07-23T22:00:53+00:00\",\"mainEntityOfPage\":{\"@id\":\"https:\\\/\\\/patagoniambiental.com.ar\\\/info\\\/el-ministro-de-ambiente-de-scioli-viene-a-chubut-para-presidir-jornada-de-trabajo-sobre-gestion-de-residuos\\\/\"},\"wordCount\":515,\"publisher\":{\"@id\":\"https:\\\/\\\/patagoniambiental.com.ar\\\/info\\\/#organization\"},\"image\":{\"@id\":\"https:\\\/\\\/patagoniambiental.com.ar\\\/info\\\/el-ministro-de-ambiente-de-scioli-viene-a-chubut-para-presidir-jornada-de-trabajo-sobre-gestion-de-residuos\\\/#primaryimage\"},\"thumbnailUrl\":\"\",\"articleSection\":[\"Agenda Ambiental\",\"Noticias\"],\"inLanguage\":\"es\"},{\"@type\":\"WebPage\",\"@id\":\"https:\\\/\\\/patagoniambiental.com.ar\\\/info\\\/el-ministro-de-ambiente-de-scioli-viene-a-chubut-para-presidir-jornada-de-trabajo-sobre-gestion-de-residuos\\\/\",\"url\":\"https:\\\/\\\/patagoniambiental.com.ar\\\/info\\\/el-ministro-de-ambiente-de-scioli-viene-a-chubut-para-presidir-jornada-de-trabajo-sobre-gestion-de-residuos\\\/\",\"name\":\"El ministro de Ambiente de Scioli viene a Chubut para presidir jornada de trabajo sobre gesti\u00f3n de residuos\",\"isPartOf\":{\"@id\":\"https:\\\/\\\/patagoniambiental.com.ar\\\/info\\\/#website\"},\"primaryImageOfPage\":{\"@id\":\"https:\\\/\\\/patagoniambiental.com.ar\\\/info\\\/el-ministro-de-ambiente-de-scioli-viene-a-chubut-para-presidir-jornada-de-trabajo-sobre-gestion-de-residuos\\\/#primaryimage\"},\"image\":{\"@id\":\"https:\\\/\\\/patagoniambiental.com.ar\\\/info\\\/el-ministro-de-ambiente-de-scioli-viene-a-chubut-para-presidir-jornada-de-trabajo-sobre-gestion-de-residuos\\\/#primaryimage\"},\"thumbnailUrl\":\"\",\"datePublished\":\"2015-07-23T22:00:53+00:00\",\"breadcrumb\":{\"@id\":\"https:\\\/\\\/patagoniambiental.com.ar\\\/info\\\/el-ministro-de-ambiente-de-scioli-viene-a-chubut-para-presidir-jornada-de-trabajo-sobre-gestion-de-residuos\\\/#breadcrumb\"},\"inLanguage\":\"es\",\"potentialAction\":[{\"@type\":\"ReadAction\",\"target\":[\"https:\\\/\\\/patagoniambiental.com.ar\\\/info\\\/el-ministro-de-ambiente-de-scioli-viene-a-chubut-para-presidir-jornada-de-trabajo-sobre-gestion-de-residuos\\\/\"]}]},{\"@type\":\"ImageObject\",\"inLanguage\":\"es\",\"@id\":\"https:\\\/\\\/patagoniambiental.com.ar\\\/info\\\/el-ministro-de-ambiente-de-scioli-viene-a-chubut-para-presidir-jornada-de-trabajo-sobre-gestion-de-residuos\\\/#primaryimage\",\"url\":\"\",\"contentUrl\":\"\"},{\"@type\":\"BreadcrumbList\",\"@id\":\"https:\\\/\\\/patagoniambiental.com.ar\\\/info\\\/el-ministro-de-ambiente-de-scioli-viene-a-chubut-para-presidir-jornada-de-trabajo-sobre-gestion-de-residuos\\\/#breadcrumb\",\"itemListElement\":[{\"@type\":\"ListItem\",\"position\":1,\"name\":\"Inicio\",\"item\":\"https:\\\/\\\/patagoniambiental.com.ar\\\/info\\\/\"},{\"@type\":\"ListItem\",\"position\":2,\"name\":\"El ministro de Ambiente de Scioli viene a Chubut para presidir jornada de trabajo sobre gesti\u00f3n de residuos\"}]},{\"@type\":\"WebSite\",\"@id\":\"https:\\\/\\\/patagoniambiental.com.ar\\\/info\\\/#website\",\"url\":\"https:\\\/\\\/patagoniambiental.com.ar\\\/info\\\/\",\"name\":\"Patagonia Ambiental\",\"description\":\"Monitoreo y an\u00e1lisis de la situaci\u00f3n geopol\u00edtica en el mundo y su implicancia en la Patagonia\",\"publisher\":{\"@id\":\"https:\\\/\\\/patagoniambiental.com.ar\\\/info\\\/#organization\"},\"potentialAction\":[{\"@type\":\"SearchAction\",\"target\":{\"@type\":\"EntryPoint\",\"urlTemplate\":\"https:\\\/\\\/patagoniambiental.com.ar\\\/info\\\/?s={search_term_string}\"},\"query-input\":{\"@type\":\"PropertyValueSpecification\",\"valueRequired\":true,\"valueName\":\"search_term_string\"}}],\"inLanguage\":\"es\"},{\"@type\":\"Organization\",\"@id\":\"https:\\\/\\\/patagoniambiental.com.ar\\\/info\\\/#organization\",\"name\":\"Patagonia Ambiental\",\"url\":\"https:\\\/\\\/patagoniambiental.com.ar\\\/info\\\/\",\"logo\":{\"@type\":\"ImageObject\",\"inLanguage\":\"es\",\"@id\":\"https:\\\/\\\/patagoniambiental.com.ar\\\/info\\\/#\\\/schema\\\/logo\\\/image\\\/\",\"url\":\"https:\\\/\\\/patagoniambiental.com.ar\\\/info\\\/wp-content\\\/uploads\\\/2025\\\/05\\\/LOGO-PATAGONIA-AMBIENTAL.png\",\"contentUrl\":\"https:\\\/\\\/patagoniambiental.com.ar\\\/info\\\/wp-content\\\/uploads\\\/2025\\\/05\\\/LOGO-PATAGONIA-AMBIENTAL.png\",\"width\":433,\"height\":250,\"caption\":\"Patagonia Ambiental\"},\"image\":{\"@id\":\"https:\\\/\\\/patagoniambiental.com.ar\\\/info\\\/#\\\/schema\\\/logo\\\/image\\\/\"},\"sameAs\":[\"https:\\\/\\\/www.facebook.com\\\/patagonia.ambiental\",\"https:\\\/\\\/x.com\\\/PatAmb\"]},{\"@type\":\"Person\",\"@id\":\"https:\\\/\\\/patagoniambiental.com.ar\\\/info\\\/#\\\/schema\\\/person\\\/db12bff64bbcbf6a253710bf0ea37b5d\",\"name\":\"Patagonia Ambiental\",\"description\":\"Andr\u00e9s Nievas T\u00e9cnico en manejo ambiental, consultor Ambiental y escritor para medios locales e internacionales sobre temas de geopolitica y medio ambiente.\",\"sameAs\":[\"http:\\\/\\\/www.patagoniambiental.com.ar\",\"https:\\\/\\\/www.facebook.com\\\/share\\\/1C1V8Gv9BX\\\/?mibextid=qi2Omg\",\"@patagoniambiental\",\"https:\\\/\\\/youtube.com\\\/@patagoniaambiental2023?si=BLt58t0wuXquxlYZ\"]}]}<\/script>\n<!-- \/ Yoast SEO Premium plugin. -->","yoast_head_json":{"title":"El ministro de Ambiente de Scioli viene a Chubut para presidir jornada de trabajo sobre gesti\u00f3n de residuos","robots":{"index":"index","follow":"follow","max-snippet":"max-snippet:-1","max-image-preview":"max-image-preview:large","max-video-preview":"max-video-preview:-1"},"canonical":"https:\/\/patagoniambiental.com.ar\/info\/el-ministro-de-ambiente-de-scioli-viene-a-chubut-para-presidir-jornada-de-trabajo-sobre-gestion-de-residuos\/","og_locale":"es_ES","og_type":"article","og_title":"El ministro de Ambiente de Scioli viene a Chubut para presidir jornada de trabajo sobre gesti\u00f3n de residuos","og_description":"Hoyo de Epuy\u00e9n.-Ser\u00e1 este viernes 24 en El Hoyo, con la presencia de referentes de toda la Comarca Andina. Lo [&hellip;]","og_url":"https:\/\/patagoniambiental.com.ar\/info\/el-ministro-de-ambiente-de-scioli-viene-a-chubut-para-presidir-jornada-de-trabajo-sobre-gestion-de-residuos\/","og_site_name":"Patagonia Ambiental","article_publisher":"https:\/\/www.facebook.com\/patagonia.ambiental","article_author":"https:\/\/www.facebook.com\/share\/1C1V8Gv9BX\/?mibextid=qi2Omg","article_published_time":"2015-07-23T22:00:53+00:00","author":"Patagonia Ambiental","twitter_card":"summary_large_image","twitter_creator":"@PatAmb","twitter_site":"@PatAmb","schema":{"@context":"https:\/\/schema.org","@graph":[{"@type":"Article","@id":"https:\/\/patagoniambiental.com.ar\/info\/el-ministro-de-ambiente-de-scioli-viene-a-chubut-para-presidir-jornada-de-trabajo-sobre-gestion-de-residuos\/#article","isPartOf":{"@id":"https:\/\/patagoniambiental.com.ar\/info\/el-ministro-de-ambiente-de-scioli-viene-a-chubut-para-presidir-jornada-de-trabajo-sobre-gestion-de-residuos\/"},"author":{"name":"Patagonia Ambiental","@id":"https:\/\/patagoniambiental.com.ar\/info\/#\/schema\/person\/db12bff64bbcbf6a253710bf0ea37b5d"},"headline":"El ministro de Ambiente de Scioli viene a Chubut para presidir jornada de trabajo sobre gesti\u00f3n de residuos","datePublished":"2015-07-23T22:00:53+00:00","mainEntityOfPage":{"@id":"https:\/\/patagoniambiental.com.ar\/info\/el-ministro-de-ambiente-de-scioli-viene-a-chubut-para-presidir-jornada-de-trabajo-sobre-gestion-de-residuos\/"},"wordCount":515,"publisher":{"@id":"https:\/\/patagoniambiental.com.ar\/info\/#organization"},"image":{"@id":"https:\/\/patagoniambiental.com.ar\/info\/el-ministro-de-ambiente-de-scioli-viene-a-chubut-para-presidir-jornada-de-trabajo-sobre-gestion-de-residuos\/#primaryimage"},"thumbnailUrl":"","articleSection":["Agenda Ambiental","Noticias"],"inLanguage":"es"},{"@type":"WebPage","@id":"https:\/\/patagoniambiental.com.ar\/info\/el-ministro-de-ambiente-de-scioli-viene-a-chubut-para-presidir-jornada-de-trabajo-sobre-gestion-de-residuos\/","url":"https:\/\/patagoniambiental.com.ar\/info\/el-ministro-de-ambiente-de-scioli-viene-a-chubut-para-presidir-jornada-de-trabajo-sobre-gestion-de-residuos\/","name":"El ministro de Ambiente de Scioli viene a Chubut para presidir jornada de trabajo sobre gesti\u00f3n de residuos","isPartOf":{"@id":"https:\/\/patagoniambiental.com.ar\/info\/#website"},"primaryImageOfPage":{"@id":"https:\/\/patagoniambiental.com.ar\/info\/el-ministro-de-ambiente-de-scioli-viene-a-chubut-para-presidir-jornada-de-trabajo-sobre-gestion-de-residuos\/#primaryimage"},"image":{"@id":"https:\/\/patagoniambiental.com.ar\/info\/el-ministro-de-ambiente-de-scioli-viene-a-chubut-para-presidir-jornada-de-trabajo-sobre-gestion-de-residuos\/#primaryimage"},"thumbnailUrl":"","datePublished":"2015-07-23T22:00:53+00:00","breadcrumb":{"@id":"https:\/\/patagoniambiental.com.ar\/info\/el-ministro-de-ambiente-de-scioli-viene-a-chubut-para-presidir-jornada-de-trabajo-sobre-gestion-de-residuos\/#breadcrumb"},"inLanguage":"es","potentialAction":[{"@type":"ReadAction","target":["https:\/\/patagoniambiental.com.ar\/info\/el-ministro-de-ambiente-de-scioli-viene-a-chubut-para-presidir-jornada-de-trabajo-sobre-gestion-de-residuos\/"]}]},{"@type":"ImageObject","inLanguage":"es","@id":"https:\/\/patagoniambiental.com.ar\/info\/el-ministro-de-ambiente-de-scioli-viene-a-chubut-para-presidir-jornada-de-trabajo-sobre-gestion-de-residuos\/#primaryimage","url":"","contentUrl":""},{"@type":"BreadcrumbList","@id":"https:\/\/patagoniambiental.com.ar\/info\/el-ministro-de-ambiente-de-scioli-viene-a-chubut-para-presidir-jornada-de-trabajo-sobre-gestion-de-residuos\/#breadcrumb","itemListElement":[{"@type":"ListItem","position":1,"name":"Inicio","item":"https:\/\/patagoniambiental.com.ar\/info\/"},{"@type":"ListItem","position":2,"name":"El ministro de Ambiente de Scioli viene a Chubut para presidir jornada de trabajo sobre gesti\u00f3n de residuos"}]},{"@type":"WebSite","@id":"https:\/\/patagoniambiental.com.ar\/info\/#website","url":"https:\/\/patagoniambiental.com.ar\/info\/","name":"Patagonia Ambiental","description":"Monitoreo y an\u00e1lisis de la situaci\u00f3n geopol\u00edtica en el mundo y su implicancia en la Patagonia","publisher":{"@id":"https:\/\/patagoniambiental.com.ar\/info\/#organization"},"potentialAction":[{"@type":"SearchAction","target":{"@type":"EntryPoint","urlTemplate":"https:\/\/patagoniambiental.com.ar\/info\/?s={search_term_string}"},"query-input":{"@type":"PropertyValueSpecification","valueRequired":true,"valueName":"search_term_string"}}],"inLanguage":"es"},{"@type":"Organization","@id":"https:\/\/patagoniambiental.com.ar\/info\/#organization","name":"Patagonia Ambiental","url":"https:\/\/patagoniambiental.com.ar\/info\/","logo":{"@type":"ImageObject","inLanguage":"es","@id":"https:\/\/patagoniambiental.com.ar\/info\/#\/schema\/logo\/image\/","url":"https:\/\/patagoniambiental.com.ar\/info\/wp-content\/uploads\/2025\/05\/LOGO-PATAGONIA-AMBIENTAL.png","contentUrl":"https:\/\/patagoniambiental.com.ar\/info\/wp-content\/uploads\/2025\/05\/LOGO-PATAGONIA-AMBIENTAL.png","width":433,"height":250,"caption":"Patagonia Ambiental"},"image":{"@id":"https:\/\/patagoniambiental.com.ar\/info\/#\/schema\/logo\/image\/"},"sameAs":["https:\/\/www.facebook.com\/patagonia.ambiental","https:\/\/x.com\/PatAmb"]},{"@type":"Person","@id":"https:\/\/patagoniambiental.com.ar\/info\/#\/schema\/person\/db12bff64bbcbf6a253710bf0ea37b5d","name":"Patagonia Ambiental","description":"Andr\u00e9s Nievas T\u00e9cnico en manejo ambiental, consultor Ambiental y escritor para medios locales e internacionales sobre temas de geopolitica y medio ambiente.","sameAs":["http:\/\/www.patagoniambiental.com.ar","https:\/\/www.facebook.com\/share\/1C1V8Gv9BX\/?mibextid=qi2Omg","@patagoniambiental","https:\/\/youtube.com\/@patagoniaambiental2023?si=BLt58t0wuXquxlYZ"]}]}},"_links":{"self":[{"href":"https:\/\/patagoniambiental.com.ar\/info\/wp-json\/wp\/v2\/posts\/12958","targetHints":{"allow":["GET"]}}],"collection":[{"href":"https:\/\/patagoniambiental.com.ar\/info\/wp-json\/wp\/v2\/posts"}],"about":[{"href":"https:\/\/patagoniambiental.com.ar\/info\/wp-json\/wp\/v2\/types\/post"}],"author":[{"embeddable":true,"href":"https:\/\/patagoniambiental.com.ar\/info\/wp-json\/wp\/v2\/users\/2"}],"replies":[{"embeddable":true,"href":"https:\/\/patagoniambiental.com.ar\/info\/wp-json\/wp\/v2\/comments?post=12958"}],"version-history":[{"count":0,"href":"https:\/\/patagoniambiental.com.ar\/info\/wp-json\/wp\/v2\/posts\/12958\/revisions"}],"wp:featuredmedia":[{"embeddable":true,"href":"https:\/\/patagoniambiental.com.ar\/info\/wp-json\/"}],"wp:attachment":[{"href":"https:\/\/patagoniambiental.com.ar\/info\/wp-json\/wp\/v2\/media?parent=12958"}],"wp:term":[{"taxonomy":"category","embeddable":true,"href":"https:\/\/patagoniambiental.com.ar\/info\/wp-json\/wp\/v2\/categories?post=12958"},{"taxonomy":"post_tag","embeddable":true,"href":"https:\/\/patagoniambiental.com.ar\/info\/wp-json\/wp\/v2\/tags?post=12958"}],"curies":[{"name":"wp","href":"https:\/\/api.w.org\/{rel}","templated":true}]}}