{"id":12965,"date":"2015-07-23T19:00:18","date_gmt":"2015-07-23T22:00:18","guid":{"rendered":"http:\/\/patagoniambiental.com.ar\/?p=12965"},"modified":"2015-07-23T19:00:18","modified_gmt":"2015-07-23T22:00:18","slug":"aladi-celebra-este-jueves-una-sesion-extraordinaria-sobre-las-islas-malvinas","status":"publish","type":"post","link":"https:\/\/patagoniambiental.com.ar\/info\/aladi-celebra-este-jueves-una-sesion-extraordinaria-sobre-las-islas-malvinas\/","title":{"rendered":"Aladi celebra este jueves una sesi\u00f3n extraordinaria sobre las Islas Malvinas"},"content":{"rendered":"<p>Montevideo.- El Comit\u00e9 de Representantes de la Asociaci\u00f3n Latinoamericana de <a href=\"http:\/\/www.aguasdigital.com\/actualidad\/leer.php?idnota=10972007&amp;efenew=1#\" rel=\"nofollow\">Integraci\u00f3n<\/a> (Aladi) celebrar\u00e1 este jueves una sesi\u00f3n extraordinaria sobre las Islas Malvinas con la intervenci\u00f3n del secretario argentino de Asuntos Relativos a este territorio, Daniel Filmus, informaron hoy a Efe fuentes oficiales.<!--more--><br \/>\nEn la sesi\u00f3n participar\u00e1n los representantes permanentes de los trece pa\u00edses miembros de este organismo de integraci\u00f3n regional con sede en Montevideo, que son Argentina, Bolivia, Brasil, Chile, Colombia, Cuba, Ecuador, M\u00e9xico, Panam\u00e1, Paraguay, Per\u00fa, Uruguay y Venezuela.<br \/>\nEl nuevo presidente del Comit\u00e9, que asumir\u00e1 ma\u00f1ana, el venezolano F\u00e9lix Rivas Alvarado, ser\u00e1 el primero en tomar la palabra, seguido por el secretario general de Aladi, Carlos \u00c1lvarez, y por Daniel Filmus, dijeron a Efe fuentes de la Embajada Argentina en Uruguay.<br \/>\nTambi\u00e9n intervendr\u00e1n otros miembros del Comit\u00e9.<br \/>\nAsimismo, seg\u00fan explicaron fuentes de Aladi, tras la sesi\u00f3n se presentar\u00e1 una placa recordatoria y se inaugurar\u00e1 una sala de la sede del organismo que llevar\u00e1 el nombre de las Malvinas.<br \/>\nParalelamente, Filmus mantendr\u00e1 un encuentro con representantes del <a href=\"http:\/\/www.aguasdigital.com\/actualidad\/leer.php?idnota=10972007&amp;efenew=1#\" rel=\"nofollow\">Foro<\/a> Malvinas en Uruguay, encabezado por su coordinador, Luis Rosadilla, exministro de Defensa de Uruguay (2010-2011).<br \/>\nEl pasado 10 de junio Argentina conmemor\u00f3 el d\u00eda de la afirmaci\u00f3n de sus derechos sobre las Malvinas en recuerdo de la creaci\u00f3n, en 1829, de la Comandancia Pol\u00edtica y Militar de las Islas Malvinas y las adyacentes al Cabo de Hornos por parte del Gobierno de la provincia de Buenos Aires.<br \/>\nEse d\u00eda, la presidenta de ese pa\u00eds, Cristina Fern\u00e1ndez, reclam\u00f3 el cumplimiento de las resoluciones de Naciones Unidas que instan a los dos pa\u00edses a dialogar sobre la cuesti\u00f3n de la soberan\u00eda de las Malvinas, motivo de una guerra entre Argentina y el Reino Unido en 1982.<br \/>\nEl <a href=\"http:\/\/www.aguasdigital.com\/actualidad\/leer.php?idnota=10972007&amp;efenew=1#\" rel=\"nofollow\">conflicto<\/a>, que se inici\u00f3 en abril con el desembarco de tropas argentinas en el archipi\u00e9lago, concluy\u00f3 en junio de ese a\u00f1o con su rendici\u00f3n ante las fuerzas enviadas por el Reino Unido, conflicto en el que murieron 255 brit\u00e1nicos, 3 isle\u00f1os y 649 argentinos.<\/p>\n<p>Fuente: Aguas Digital<\/p>\n","protected":false},"excerpt":{"rendered":"<p>Montevideo.- El Comit\u00e9 de Representantes de la Asociaci\u00f3n Latinoamericana de Integraci\u00f3n (Aladi) celebrar\u00e1 este jueves una sesi\u00f3n extraordinaria sobre las [&hellip;]<\/p>\n","protected":false},"author":2,"featured_media":4426,"comment_status":"closed","ping_status":"closed","sticky":false,"template":"","format":"standard","meta":{"site-sidebar-layout":"default","site-content-layout":"","ast-site-content-layout":"default","site-content-style":"default","site-sidebar-style":"default","ast-global-header-display":"","ast-banner-title-visibility":"","ast-main-header-display":"","ast-hfb-above-header-display":"","ast-hfb-below-header-display":"","ast-hfb-mobile-header-display":"","site-post-title":"","ast-breadcrumbs-content":"","ast-featured-img":"","footer-sml-layout":"","ast-disable-related-posts":"","theme-transparent-header-meta":"","adv-header-id-meta":"","stick-header-meta":"","header-above-stick-meta":"","header-main-stick-meta":"","header-below-stick-meta":"","astra-migrate-meta-layouts":"default","ast-page-background-enabled":"default","ast-page-background-meta":{"desktop":{"background-color":"var(--ast-global-color-5)","background-image":"","background-repeat":"repeat","background-position":"center center","background-size":"auto","background-attachment":"scroll","background-type":"","background-media":"","overlay-type":"","overlay-color":"","overlay-opacity":"","overlay-gradient":""},"tablet":{"background-color":"","background-image":"","background-repeat":"repeat","background-position":"center center","background-size":"auto","background-attachment":"scroll","background-type":"","background-media":"","overlay-type":"","overlay-color":"","overlay-opacity":"","overlay-gradient":""},"mobile":{"background-color":"","background-image":"","background-repeat":"repeat","background-position":"center center","background-size":"auto","background-attachment":"scroll","background-type":"","background-media":"","overlay-type":"","overlay-color":"","overlay-opacity":"","overlay-gradient":""}},"ast-content-background-meta":{"desktop":{"background-color":"var(--ast-global-color-4)","background-image":"","background-repeat":"repeat","background-position":"center center","background-size":"auto","background-attachment":"scroll","background-type":"","background-media":"","overlay-type":"","overlay-color":"","overlay-opacity":"","overlay-gradient":""},"tablet":{"background-color":"var(--ast-global-color-4)","background-image":"","background-repeat":"repeat","background-position":"center center","background-size":"auto","background-attachment":"scroll","background-type":"","background-media":"","overlay-type":"","overlay-color":"","overlay-opacity":"","overlay-gradient":""},"mobile":{"background-color":"var(--ast-global-color-4)","background-image":"","background-repeat":"repeat","background-position":"center center","background-size":"auto","background-attachment":"scroll","background-type":"","background-media":"","overlay-type":"","overlay-color":"","overlay-opacity":"","overlay-gradient":""}},"footnotes":""},"categories":[23,1],"tags":[],"class_list":["post-12965","post","type-post","status-publish","format-standard","has-post-thumbnail","hentry","category-internacionales","category-noticias"],"yoast_head":"<!-- This site is optimized with the Yoast SEO Premium plugin v23.0 (Yoast SEO v27.4) - https:\/\/yoast.com\/product\/yoast-seo-premium-wordpress\/ -->\n<title>Aladi celebra este jueves una sesi\u00f3n extraordinaria sobre las Islas Malvinas<\/title>\n<meta name=\"robots\" content=\"index, follow, max-snippet:-1, max-image-preview:large, max-video-preview:-1\" \/>\n<link rel=\"canonical\" href=\"https:\/\/patagoniambiental.com.ar\/info\/aladi-celebra-este-jueves-una-sesion-extraordinaria-sobre-las-islas-malvinas\/\" \/>\n<meta property=\"og:locale\" content=\"es_ES\" \/>\n<meta property=\"og:type\" content=\"article\" \/>\n<meta property=\"og:title\" content=\"Aladi celebra este jueves una sesi\u00f3n extraordinaria sobre las Islas Malvinas\" \/>\n<meta property=\"og:description\" content=\"Montevideo.- El Comit\u00e9 de Representantes de la Asociaci\u00f3n Latinoamericana de Integraci\u00f3n (Aladi) celebrar\u00e1 este jueves una sesi\u00f3n extraordinaria sobre las [&hellip;]\" \/>\n<meta property=\"og:url\" content=\"https:\/\/patagoniambiental.com.ar\/info\/aladi-celebra-este-jueves-una-sesion-extraordinaria-sobre-las-islas-malvinas\/\" \/>\n<meta property=\"og:site_name\" content=\"Patagonia Ambiental\" \/>\n<meta property=\"article:publisher\" content=\"https:\/\/www.facebook.com\/patagonia.ambiental\" \/>\n<meta property=\"article:author\" content=\"https:\/\/www.facebook.com\/share\/1C1V8Gv9BX\/?mibextid=qi2Omg\" \/>\n<meta property=\"article:published_time\" content=\"2015-07-23T22:00:18+00:00\" \/>\n<meta name=\"author\" content=\"Patagonia Ambiental\" \/>\n<meta name=\"twitter:card\" content=\"summary_large_image\" \/>\n<meta name=\"twitter:creator\" content=\"@PatAmb\" \/>\n<meta name=\"twitter:site\" content=\"@PatAmb\" \/>\n<script type=\"application\/ld+json\" class=\"yoast-schema-graph\">{\"@context\":\"https:\\\/\\\/schema.org\",\"@graph\":[{\"@type\":\"Article\",\"@id\":\"https:\\\/\\\/patagoniambiental.com.ar\\\/info\\\/aladi-celebra-este-jueves-una-sesion-extraordinaria-sobre-las-islas-malvinas\\\/#article\",\"isPartOf\":{\"@id\":\"https:\\\/\\\/patagoniambiental.com.ar\\\/info\\\/aladi-celebra-este-jueves-una-sesion-extraordinaria-sobre-las-islas-malvinas\\\/\"},\"author\":{\"name\":\"Patagonia Ambiental\",\"@id\":\"https:\\\/\\\/patagoniambiental.com.ar\\\/info\\\/#\\\/schema\\\/person\\\/db12bff64bbcbf6a253710bf0ea37b5d\"},\"headline\":\"Aladi celebra este jueves una sesi\u00f3n extraordinaria sobre las Islas Malvinas\",\"datePublished\":\"2015-07-23T22:00:18+00:00\",\"mainEntityOfPage\":{\"@id\":\"https:\\\/\\\/patagoniambiental.com.ar\\\/info\\\/aladi-celebra-este-jueves-una-sesion-extraordinaria-sobre-las-islas-malvinas\\\/\"},\"wordCount\":368,\"publisher\":{\"@id\":\"https:\\\/\\\/patagoniambiental.com.ar\\\/info\\\/#organization\"},\"image\":{\"@id\":\"https:\\\/\\\/patagoniambiental.com.ar\\\/info\\\/aladi-celebra-este-jueves-una-sesion-extraordinaria-sobre-las-islas-malvinas\\\/#primaryimage\"},\"thumbnailUrl\":\"\",\"articleSection\":[\"Internacionales\",\"Noticias\"],\"inLanguage\":\"es\"},{\"@type\":\"WebPage\",\"@id\":\"https:\\\/\\\/patagoniambiental.com.ar\\\/info\\\/aladi-celebra-este-jueves-una-sesion-extraordinaria-sobre-las-islas-malvinas\\\/\",\"url\":\"https:\\\/\\\/patagoniambiental.com.ar\\\/info\\\/aladi-celebra-este-jueves-una-sesion-extraordinaria-sobre-las-islas-malvinas\\\/\",\"name\":\"Aladi celebra este jueves una sesi\u00f3n extraordinaria sobre las Islas Malvinas\",\"isPartOf\":{\"@id\":\"https:\\\/\\\/patagoniambiental.com.ar\\\/info\\\/#website\"},\"primaryImageOfPage\":{\"@id\":\"https:\\\/\\\/patagoniambiental.com.ar\\\/info\\\/aladi-celebra-este-jueves-una-sesion-extraordinaria-sobre-las-islas-malvinas\\\/#primaryimage\"},\"image\":{\"@id\":\"https:\\\/\\\/patagoniambiental.com.ar\\\/info\\\/aladi-celebra-este-jueves-una-sesion-extraordinaria-sobre-las-islas-malvinas\\\/#primaryimage\"},\"thumbnailUrl\":\"\",\"datePublished\":\"2015-07-23T22:00:18+00:00\",\"breadcrumb\":{\"@id\":\"https:\\\/\\\/patagoniambiental.com.ar\\\/info\\\/aladi-celebra-este-jueves-una-sesion-extraordinaria-sobre-las-islas-malvinas\\\/#breadcrumb\"},\"inLanguage\":\"es\",\"potentialAction\":[{\"@type\":\"ReadAction\",\"target\":[\"https:\\\/\\\/patagoniambiental.com.ar\\\/info\\\/aladi-celebra-este-jueves-una-sesion-extraordinaria-sobre-las-islas-malvinas\\\/\"]}]},{\"@type\":\"ImageObject\",\"inLanguage\":\"es\",\"@id\":\"https:\\\/\\\/patagoniambiental.com.ar\\\/info\\\/aladi-celebra-este-jueves-una-sesion-extraordinaria-sobre-las-islas-malvinas\\\/#primaryimage\",\"url\":\"\",\"contentUrl\":\"\"},{\"@type\":\"BreadcrumbList\",\"@id\":\"https:\\\/\\\/patagoniambiental.com.ar\\\/info\\\/aladi-celebra-este-jueves-una-sesion-extraordinaria-sobre-las-islas-malvinas\\\/#breadcrumb\",\"itemListElement\":[{\"@type\":\"ListItem\",\"position\":1,\"name\":\"Inicio\",\"item\":\"https:\\\/\\\/patagoniambiental.com.ar\\\/info\\\/\"},{\"@type\":\"ListItem\",\"position\":2,\"name\":\"Aladi celebra este jueves una sesi\u00f3n extraordinaria sobre las Islas Malvinas\"}]},{\"@type\":\"WebSite\",\"@id\":\"https:\\\/\\\/patagoniambiental.com.ar\\\/info\\\/#website\",\"url\":\"https:\\\/\\\/patagoniambiental.com.ar\\\/info\\\/\",\"name\":\"Patagonia Ambiental\",\"description\":\"Monitoreo y an\u00e1lisis de la situaci\u00f3n geopol\u00edtica en el mundo y su implicancia en la Patagonia\",\"publisher\":{\"@id\":\"https:\\\/\\\/patagoniambiental.com.ar\\\/info\\\/#organization\"},\"potentialAction\":[{\"@type\":\"SearchAction\",\"target\":{\"@type\":\"EntryPoint\",\"urlTemplate\":\"https:\\\/\\\/patagoniambiental.com.ar\\\/info\\\/?s={search_term_string}\"},\"query-input\":{\"@type\":\"PropertyValueSpecification\",\"valueRequired\":true,\"valueName\":\"search_term_string\"}}],\"inLanguage\":\"es\"},{\"@type\":\"Organization\",\"@id\":\"https:\\\/\\\/patagoniambiental.com.ar\\\/info\\\/#organization\",\"name\":\"Patagonia Ambiental\",\"url\":\"https:\\\/\\\/patagoniambiental.com.ar\\\/info\\\/\",\"logo\":{\"@type\":\"ImageObject\",\"inLanguage\":\"es\",\"@id\":\"https:\\\/\\\/patagoniambiental.com.ar\\\/info\\\/#\\\/schema\\\/logo\\\/image\\\/\",\"url\":\"https:\\\/\\\/patagoniambiental.com.ar\\\/info\\\/wp-content\\\/uploads\\\/2025\\\/05\\\/LOGO-PATAGONIA-AMBIENTAL.png\",\"contentUrl\":\"https:\\\/\\\/patagoniambiental.com.ar\\\/info\\\/wp-content\\\/uploads\\\/2025\\\/05\\\/LOGO-PATAGONIA-AMBIENTAL.png\",\"width\":433,\"height\":250,\"caption\":\"Patagonia Ambiental\"},\"image\":{\"@id\":\"https:\\\/\\\/patagoniambiental.com.ar\\\/info\\\/#\\\/schema\\\/logo\\\/image\\\/\"},\"sameAs\":[\"https:\\\/\\\/www.facebook.com\\\/patagonia.ambiental\",\"https:\\\/\\\/x.com\\\/PatAmb\"]},{\"@type\":\"Person\",\"@id\":\"https:\\\/\\\/patagoniambiental.com.ar\\\/info\\\/#\\\/schema\\\/person\\\/db12bff64bbcbf6a253710bf0ea37b5d\",\"name\":\"Patagonia Ambiental\",\"description\":\"Andr\u00e9s Nievas T\u00e9cnico en manejo ambiental, consultor Ambiental y escritor para medios locales e internacionales sobre temas de geopolitica y medio ambiente.\",\"sameAs\":[\"http:\\\/\\\/www.patagoniambiental.com.ar\",\"https:\\\/\\\/www.facebook.com\\\/share\\\/1C1V8Gv9BX\\\/?mibextid=qi2Omg\",\"@patagoniambiental\",\"https:\\\/\\\/youtube.com\\\/@patagoniaambiental2023?si=BLt58t0wuXquxlYZ\"]}]}<\/script>\n<!-- \/ Yoast SEO Premium plugin. -->","yoast_head_json":{"title":"Aladi celebra este jueves una sesi\u00f3n extraordinaria sobre las Islas Malvinas","robots":{"index":"index","follow":"follow","max-snippet":"max-snippet:-1","max-image-preview":"max-image-preview:large","max-video-preview":"max-video-preview:-1"},"canonical":"https:\/\/patagoniambiental.com.ar\/info\/aladi-celebra-este-jueves-una-sesion-extraordinaria-sobre-las-islas-malvinas\/","og_locale":"es_ES","og_type":"article","og_title":"Aladi celebra este jueves una sesi\u00f3n extraordinaria sobre las Islas Malvinas","og_description":"Montevideo.- El Comit\u00e9 de Representantes de la Asociaci\u00f3n Latinoamericana de Integraci\u00f3n (Aladi) celebrar\u00e1 este jueves una sesi\u00f3n extraordinaria sobre las [&hellip;]","og_url":"https:\/\/patagoniambiental.com.ar\/info\/aladi-celebra-este-jueves-una-sesion-extraordinaria-sobre-las-islas-malvinas\/","og_site_name":"Patagonia Ambiental","article_publisher":"https:\/\/www.facebook.com\/patagonia.ambiental","article_author":"https:\/\/www.facebook.com\/share\/1C1V8Gv9BX\/?mibextid=qi2Omg","article_published_time":"2015-07-23T22:00:18+00:00","author":"Patagonia Ambiental","twitter_card":"summary_large_image","twitter_creator":"@PatAmb","twitter_site":"@PatAmb","schema":{"@context":"https:\/\/schema.org","@graph":[{"@type":"Article","@id":"https:\/\/patagoniambiental.com.ar\/info\/aladi-celebra-este-jueves-una-sesion-extraordinaria-sobre-las-islas-malvinas\/#article","isPartOf":{"@id":"https:\/\/patagoniambiental.com.ar\/info\/aladi-celebra-este-jueves-una-sesion-extraordinaria-sobre-las-islas-malvinas\/"},"author":{"name":"Patagonia Ambiental","@id":"https:\/\/patagoniambiental.com.ar\/info\/#\/schema\/person\/db12bff64bbcbf6a253710bf0ea37b5d"},"headline":"Aladi celebra este jueves una sesi\u00f3n extraordinaria sobre las Islas Malvinas","datePublished":"2015-07-23T22:00:18+00:00","mainEntityOfPage":{"@id":"https:\/\/patagoniambiental.com.ar\/info\/aladi-celebra-este-jueves-una-sesion-extraordinaria-sobre-las-islas-malvinas\/"},"wordCount":368,"publisher":{"@id":"https:\/\/patagoniambiental.com.ar\/info\/#organization"},"image":{"@id":"https:\/\/patagoniambiental.com.ar\/info\/aladi-celebra-este-jueves-una-sesion-extraordinaria-sobre-las-islas-malvinas\/#primaryimage"},"thumbnailUrl":"","articleSection":["Internacionales","Noticias"],"inLanguage":"es"},{"@type":"WebPage","@id":"https:\/\/patagoniambiental.com.ar\/info\/aladi-celebra-este-jueves-una-sesion-extraordinaria-sobre-las-islas-malvinas\/","url":"https:\/\/patagoniambiental.com.ar\/info\/aladi-celebra-este-jueves-una-sesion-extraordinaria-sobre-las-islas-malvinas\/","name":"Aladi celebra este jueves una sesi\u00f3n extraordinaria sobre las Islas Malvinas","isPartOf":{"@id":"https:\/\/patagoniambiental.com.ar\/info\/#website"},"primaryImageOfPage":{"@id":"https:\/\/patagoniambiental.com.ar\/info\/aladi-celebra-este-jueves-una-sesion-extraordinaria-sobre-las-islas-malvinas\/#primaryimage"},"image":{"@id":"https:\/\/patagoniambiental.com.ar\/info\/aladi-celebra-este-jueves-una-sesion-extraordinaria-sobre-las-islas-malvinas\/#primaryimage"},"thumbnailUrl":"","datePublished":"2015-07-23T22:00:18+00:00","breadcrumb":{"@id":"https:\/\/patagoniambiental.com.ar\/info\/aladi-celebra-este-jueves-una-sesion-extraordinaria-sobre-las-islas-malvinas\/#breadcrumb"},"inLanguage":"es","potentialAction":[{"@type":"ReadAction","target":["https:\/\/patagoniambiental.com.ar\/info\/aladi-celebra-este-jueves-una-sesion-extraordinaria-sobre-las-islas-malvinas\/"]}]},{"@type":"ImageObject","inLanguage":"es","@id":"https:\/\/patagoniambiental.com.ar\/info\/aladi-celebra-este-jueves-una-sesion-extraordinaria-sobre-las-islas-malvinas\/#primaryimage","url":"","contentUrl":""},{"@type":"BreadcrumbList","@id":"https:\/\/patagoniambiental.com.ar\/info\/aladi-celebra-este-jueves-una-sesion-extraordinaria-sobre-las-islas-malvinas\/#breadcrumb","itemListElement":[{"@type":"ListItem","position":1,"name":"Inicio","item":"https:\/\/patagoniambiental.com.ar\/info\/"},{"@type":"ListItem","position":2,"name":"Aladi celebra este jueves una sesi\u00f3n extraordinaria sobre las Islas Malvinas"}]},{"@type":"WebSite","@id":"https:\/\/patagoniambiental.com.ar\/info\/#website","url":"https:\/\/patagoniambiental.com.ar\/info\/","name":"Patagonia Ambiental","description":"Monitoreo y an\u00e1lisis de la situaci\u00f3n geopol\u00edtica en el mundo y su implicancia en la Patagonia","publisher":{"@id":"https:\/\/patagoniambiental.com.ar\/info\/#organization"},"potentialAction":[{"@type":"SearchAction","target":{"@type":"EntryPoint","urlTemplate":"https:\/\/patagoniambiental.com.ar\/info\/?s={search_term_string}"},"query-input":{"@type":"PropertyValueSpecification","valueRequired":true,"valueName":"search_term_string"}}],"inLanguage":"es"},{"@type":"Organization","@id":"https:\/\/patagoniambiental.com.ar\/info\/#organization","name":"Patagonia Ambiental","url":"https:\/\/patagoniambiental.com.ar\/info\/","logo":{"@type":"ImageObject","inLanguage":"es","@id":"https:\/\/patagoniambiental.com.ar\/info\/#\/schema\/logo\/image\/","url":"https:\/\/patagoniambiental.com.ar\/info\/wp-content\/uploads\/2025\/05\/LOGO-PATAGONIA-AMBIENTAL.png","contentUrl":"https:\/\/patagoniambiental.com.ar\/info\/wp-content\/uploads\/2025\/05\/LOGO-PATAGONIA-AMBIENTAL.png","width":433,"height":250,"caption":"Patagonia Ambiental"},"image":{"@id":"https:\/\/patagoniambiental.com.ar\/info\/#\/schema\/logo\/image\/"},"sameAs":["https:\/\/www.facebook.com\/patagonia.ambiental","https:\/\/x.com\/PatAmb"]},{"@type":"Person","@id":"https:\/\/patagoniambiental.com.ar\/info\/#\/schema\/person\/db12bff64bbcbf6a253710bf0ea37b5d","name":"Patagonia Ambiental","description":"Andr\u00e9s Nievas T\u00e9cnico en manejo ambiental, consultor Ambiental y escritor para medios locales e internacionales sobre temas de geopolitica y medio ambiente.","sameAs":["http:\/\/www.patagoniambiental.com.ar","https:\/\/www.facebook.com\/share\/1C1V8Gv9BX\/?mibextid=qi2Omg","@patagoniambiental","https:\/\/youtube.com\/@patagoniaambiental2023?si=BLt58t0wuXquxlYZ"]}]}},"_links":{"self":[{"href":"https:\/\/patagoniambiental.com.ar\/info\/wp-json\/wp\/v2\/posts\/12965","targetHints":{"allow":["GET"]}}],"collection":[{"href":"https:\/\/patagoniambiental.com.ar\/info\/wp-json\/wp\/v2\/posts"}],"about":[{"href":"https:\/\/patagoniambiental.com.ar\/info\/wp-json\/wp\/v2\/types\/post"}],"author":[{"embeddable":true,"href":"https:\/\/patagoniambiental.com.ar\/info\/wp-json\/wp\/v2\/users\/2"}],"replies":[{"embeddable":true,"href":"https:\/\/patagoniambiental.com.ar\/info\/wp-json\/wp\/v2\/comments?post=12965"}],"version-history":[{"count":0,"href":"https:\/\/patagoniambiental.com.ar\/info\/wp-json\/wp\/v2\/posts\/12965\/revisions"}],"wp:featuredmedia":[{"embeddable":true,"href":"https:\/\/patagoniambiental.com.ar\/info\/wp-json\/"}],"wp:attachment":[{"href":"https:\/\/patagoniambiental.com.ar\/info\/wp-json\/wp\/v2\/media?parent=12965"}],"wp:term":[{"taxonomy":"category","embeddable":true,"href":"https:\/\/patagoniambiental.com.ar\/info\/wp-json\/wp\/v2\/categories?post=12965"},{"taxonomy":"post_tag","embeddable":true,"href":"https:\/\/patagoniambiental.com.ar\/info\/wp-json\/wp\/v2\/tags?post=12965"}],"curies":[{"name":"wp","href":"https:\/\/api.w.org\/{rel}","templated":true}]}}