{"id":12977,"date":"2015-07-23T09:00:11","date_gmt":"2015-07-23T12:00:11","guid":{"rendered":"http:\/\/patagoniambiental.com.ar\/?p=12977"},"modified":"2015-07-23T09:00:11","modified_gmt":"2015-07-23T12:00:11","slug":"desarrollo-sustentable-y-ambiente-coordinara-los-trabajos-de-la-empresa-bosch","status":"publish","type":"post","link":"https:\/\/patagoniambiental.com.ar\/info\/desarrollo-sustentable-y-ambiente-coordinara-los-trabajos-de-la-empresa-bosch\/","title":{"rendered":"Desarrollo Sustentable y Ambiente coordinar\u00e1 los trabajos de la empresa BOSCH"},"content":{"rendered":"<p class=\"text intro\">Tierra del Fuego.-El Gobierno de la Provincia, a trav\u00e9s de la Secretar\u00eda de Desarrollo Sustentable y Ambiente, coordinar\u00e1 los trabajos que realice la empresa autopartista BOSCH,<!--more--> apuntados a desarrollar la primera pista de pruebas para el ensayo de sistemas de ayuda a la conducci\u00f3n de veh\u00edculos, consistente principalmente en Sistemas Antibloqueo de Ruedas (ABS) y Sistema Electr\u00f3nico de Estabilidad (ESP).<\/p>\n<div id=\"bodytext\" class=\"text\">Con el objetivo de apoyar proyectos vinculados al uso del agua de manera ambientalmente sustentable, es que desde la Direcci\u00f3n General de Recursos H\u00eddricos, se confeccion\u00f3 el an\u00e1lisis de factibilidad y viabilidad t\u00e9cnica, econ\u00f3mica y ambiental; que dieron como resultado que se designe una laguna congelada que estar\u00e1 destinada a la realizaci\u00f3n de las pruebas por parte de la empresa.<\/p>\n<p>Desde la Secretar\u00eda, se destaca la creciente demanda de nuevos tipos de usos en relaci\u00f3n al agua, volviendo a confirmar la necesidad e importancia de contar con un marco normativo que permita a la Direcci\u00f3n General de Recursos H\u00eddricos efectivizar su regulaci\u00f3n.<\/p>\n<p>Adem\u00e1s, cabe resaltar que luego de varios a\u00f1os de analizar la posibilidad de contar con un centro de desarrollo en la Patagonia argentina, la empresa BOSCH defini\u00f3 que ser\u00e1 en Tierra del Fuego la ubicaci\u00f3n de la primera pista de pruebas que tendr\u00e1 esta gigante autopartista en el hemisferio sur.<\/p>\n<p>El aumento de nuevos proyectos en Am\u00e9rica del Sur ha provocado que la compa\u00f1\u00eda defina desarrollar un nuevo centro de pruebas en la regi\u00f3n m\u00e1s extrema de la Patagonia. De esta forma, la empresa puede atender la demanda de sus clientes de manera m\u00e1s r\u00e1pida, eficiente y econ\u00f3mica. Al momento, Bosch contaba con pistas de pruebas de invierno solamente en el hemisferio norte, localizadas en Suecia, China, Jap\u00f3n y EEUU.<\/p><\/div>\n<div class=\"text\">Fuente: NotiTDF<\/div>\n","protected":false},"excerpt":{"rendered":"<p>Tierra del Fuego.-El Gobierno de la Provincia, a trav\u00e9s de la Secretar\u00eda de Desarrollo Sustentable y Ambiente, coordinar\u00e1 los trabajos [&hellip;]<\/p>\n","protected":false},"author":2,"featured_media":12978,"comment_status":"closed","ping_status":"closed","sticky":false,"template":"","format":"standard","meta":{"site-sidebar-layout":"default","site-content-layout":"","ast-site-content-layout":"default","site-content-style":"default","site-sidebar-style":"default","ast-global-header-display":"","ast-banner-title-visibility":"","ast-main-header-display":"","ast-hfb-above-header-display":"","ast-hfb-below-header-display":"","ast-hfb-mobile-header-display":"","site-post-title":"","ast-breadcrumbs-content":"","ast-featured-img":"","footer-sml-layout":"","ast-disable-related-posts":"","theme-transparent-header-meta":"","adv-header-id-meta":"","stick-header-meta":"","header-above-stick-meta":"","header-main-stick-meta":"","header-below-stick-meta":"","astra-migrate-meta-layouts":"default","ast-page-background-enabled":"default","ast-page-background-meta":{"desktop":{"background-color":"var(--ast-global-color-5)","background-image":"","background-repeat":"repeat","background-position":"center center","background-size":"auto","background-attachment":"scroll","background-type":"","background-media":"","overlay-type":"","overlay-color":"","overlay-opacity":"","overlay-gradient":""},"tablet":{"background-color":"","background-image":"","background-repeat":"repeat","background-position":"center center","background-size":"auto","background-attachment":"scroll","background-type":"","background-media":"","overlay-type":"","overlay-color":"","overlay-opacity":"","overlay-gradient":""},"mobile":{"background-color":"","background-image":"","background-repeat":"repeat","background-position":"center center","background-size":"auto","background-attachment":"scroll","background-type":"","background-media":"","overlay-type":"","overlay-color":"","overlay-opacity":"","overlay-gradient":""}},"ast-content-background-meta":{"desktop":{"background-color":"var(--ast-global-color-4)","background-image":"","background-repeat":"repeat","background-position":"center center","background-size":"auto","background-attachment":"scroll","background-type":"","background-media":"","overlay-type":"","overlay-color":"","overlay-opacity":"","overlay-gradient":""},"tablet":{"background-color":"var(--ast-global-color-4)","background-image":"","background-repeat":"repeat","background-position":"center center","background-size":"auto","background-attachment":"scroll","background-type":"","background-media":"","overlay-type":"","overlay-color":"","overlay-opacity":"","overlay-gradient":""},"mobile":{"background-color":"var(--ast-global-color-4)","background-image":"","background-repeat":"repeat","background-position":"center center","background-size":"auto","background-attachment":"scroll","background-type":"","background-media":"","overlay-type":"","overlay-color":"","overlay-opacity":"","overlay-gradient":""}},"footnotes":""},"categories":[1,13,25],"tags":[],"class_list":["post-12977","post","type-post","status-publish","format-standard","has-post-thumbnail","hentry","category-noticias","category-provinciales","category-tierra-del-fuego"],"yoast_head":"<!-- This site is optimized with the Yoast SEO Premium plugin v23.0 (Yoast SEO v27.4) - https:\/\/yoast.com\/product\/yoast-seo-premium-wordpress\/ -->\n<title>Desarrollo Sustentable y Ambiente coordinar\u00e1 los trabajos de la empresa BOSCH<\/title>\n<meta name=\"robots\" content=\"index, follow, max-snippet:-1, max-image-preview:large, max-video-preview:-1\" \/>\n<link rel=\"canonical\" href=\"https:\/\/patagoniambiental.com.ar\/info\/desarrollo-sustentable-y-ambiente-coordinara-los-trabajos-de-la-empresa-bosch\/\" \/>\n<meta property=\"og:locale\" content=\"es_ES\" \/>\n<meta property=\"og:type\" content=\"article\" \/>\n<meta property=\"og:title\" content=\"Desarrollo Sustentable y Ambiente coordinar\u00e1 los trabajos de la empresa BOSCH\" \/>\n<meta property=\"og:description\" content=\"Tierra del Fuego.-El Gobierno de la Provincia, a trav\u00e9s de la Secretar\u00eda de Desarrollo Sustentable y Ambiente, coordinar\u00e1 los trabajos [&hellip;]\" \/>\n<meta property=\"og:url\" content=\"https:\/\/patagoniambiental.com.ar\/info\/desarrollo-sustentable-y-ambiente-coordinara-los-trabajos-de-la-empresa-bosch\/\" \/>\n<meta property=\"og:site_name\" content=\"Patagonia Ambiental\" \/>\n<meta property=\"article:publisher\" content=\"https:\/\/www.facebook.com\/patagonia.ambiental\" \/>\n<meta property=\"article:author\" content=\"https:\/\/www.facebook.com\/share\/1C1V8Gv9BX\/?mibextid=qi2Omg\" \/>\n<meta property=\"article:published_time\" content=\"2015-07-23T12:00:11+00:00\" \/>\n<meta name=\"author\" content=\"Patagonia Ambiental\" \/>\n<meta name=\"twitter:card\" content=\"summary_large_image\" \/>\n<meta name=\"twitter:creator\" content=\"@PatAmb\" \/>\n<meta name=\"twitter:site\" content=\"@PatAmb\" \/>\n<script type=\"application\/ld+json\" class=\"yoast-schema-graph\">{\"@context\":\"https:\\\/\\\/schema.org\",\"@graph\":[{\"@type\":\"Article\",\"@id\":\"https:\\\/\\\/patagoniambiental.com.ar\\\/info\\\/desarrollo-sustentable-y-ambiente-coordinara-los-trabajos-de-la-empresa-bosch\\\/#article\",\"isPartOf\":{\"@id\":\"https:\\\/\\\/patagoniambiental.com.ar\\\/info\\\/desarrollo-sustentable-y-ambiente-coordinara-los-trabajos-de-la-empresa-bosch\\\/\"},\"author\":{\"name\":\"Patagonia Ambiental\",\"@id\":\"https:\\\/\\\/patagoniambiental.com.ar\\\/info\\\/#\\\/schema\\\/person\\\/db12bff64bbcbf6a253710bf0ea37b5d\"},\"headline\":\"Desarrollo Sustentable y Ambiente coordinar\u00e1 los trabajos de la empresa BOSCH\",\"datePublished\":\"2015-07-23T12:00:11+00:00\",\"mainEntityOfPage\":{\"@id\":\"https:\\\/\\\/patagoniambiental.com.ar\\\/info\\\/desarrollo-sustentable-y-ambiente-coordinara-los-trabajos-de-la-empresa-bosch\\\/\"},\"wordCount\":323,\"publisher\":{\"@id\":\"https:\\\/\\\/patagoniambiental.com.ar\\\/info\\\/#organization\"},\"image\":{\"@id\":\"https:\\\/\\\/patagoniambiental.com.ar\\\/info\\\/desarrollo-sustentable-y-ambiente-coordinara-los-trabajos-de-la-empresa-bosch\\\/#primaryimage\"},\"thumbnailUrl\":\"\",\"articleSection\":[\"Noticias\",\"Provinciales\",\"Tierra del Fuego\"],\"inLanguage\":\"es\"},{\"@type\":\"WebPage\",\"@id\":\"https:\\\/\\\/patagoniambiental.com.ar\\\/info\\\/desarrollo-sustentable-y-ambiente-coordinara-los-trabajos-de-la-empresa-bosch\\\/\",\"url\":\"https:\\\/\\\/patagoniambiental.com.ar\\\/info\\\/desarrollo-sustentable-y-ambiente-coordinara-los-trabajos-de-la-empresa-bosch\\\/\",\"name\":\"Desarrollo Sustentable y Ambiente coordinar\u00e1 los trabajos de la empresa BOSCH\",\"isPartOf\":{\"@id\":\"https:\\\/\\\/patagoniambiental.com.ar\\\/info\\\/#website\"},\"primaryImageOfPage\":{\"@id\":\"https:\\\/\\\/patagoniambiental.com.ar\\\/info\\\/desarrollo-sustentable-y-ambiente-coordinara-los-trabajos-de-la-empresa-bosch\\\/#primaryimage\"},\"image\":{\"@id\":\"https:\\\/\\\/patagoniambiental.com.ar\\\/info\\\/desarrollo-sustentable-y-ambiente-coordinara-los-trabajos-de-la-empresa-bosch\\\/#primaryimage\"},\"thumbnailUrl\":\"\",\"datePublished\":\"2015-07-23T12:00:11+00:00\",\"breadcrumb\":{\"@id\":\"https:\\\/\\\/patagoniambiental.com.ar\\\/info\\\/desarrollo-sustentable-y-ambiente-coordinara-los-trabajos-de-la-empresa-bosch\\\/#breadcrumb\"},\"inLanguage\":\"es\",\"potentialAction\":[{\"@type\":\"ReadAction\",\"target\":[\"https:\\\/\\\/patagoniambiental.com.ar\\\/info\\\/desarrollo-sustentable-y-ambiente-coordinara-los-trabajos-de-la-empresa-bosch\\\/\"]}]},{\"@type\":\"ImageObject\",\"inLanguage\":\"es\",\"@id\":\"https:\\\/\\\/patagoniambiental.com.ar\\\/info\\\/desarrollo-sustentable-y-ambiente-coordinara-los-trabajos-de-la-empresa-bosch\\\/#primaryimage\",\"url\":\"\",\"contentUrl\":\"\"},{\"@type\":\"BreadcrumbList\",\"@id\":\"https:\\\/\\\/patagoniambiental.com.ar\\\/info\\\/desarrollo-sustentable-y-ambiente-coordinara-los-trabajos-de-la-empresa-bosch\\\/#breadcrumb\",\"itemListElement\":[{\"@type\":\"ListItem\",\"position\":1,\"name\":\"Inicio\",\"item\":\"https:\\\/\\\/patagoniambiental.com.ar\\\/info\\\/\"},{\"@type\":\"ListItem\",\"position\":2,\"name\":\"Desarrollo Sustentable y Ambiente coordinar\u00e1 los trabajos de la empresa BOSCH\"}]},{\"@type\":\"WebSite\",\"@id\":\"https:\\\/\\\/patagoniambiental.com.ar\\\/info\\\/#website\",\"url\":\"https:\\\/\\\/patagoniambiental.com.ar\\\/info\\\/\",\"name\":\"Patagonia Ambiental\",\"description\":\"Monitoreo y an\u00e1lisis de la situaci\u00f3n geopol\u00edtica en el mundo y su implicancia en la Patagonia\",\"publisher\":{\"@id\":\"https:\\\/\\\/patagoniambiental.com.ar\\\/info\\\/#organization\"},\"potentialAction\":[{\"@type\":\"SearchAction\",\"target\":{\"@type\":\"EntryPoint\",\"urlTemplate\":\"https:\\\/\\\/patagoniambiental.com.ar\\\/info\\\/?s={search_term_string}\"},\"query-input\":{\"@type\":\"PropertyValueSpecification\",\"valueRequired\":true,\"valueName\":\"search_term_string\"}}],\"inLanguage\":\"es\"},{\"@type\":\"Organization\",\"@id\":\"https:\\\/\\\/patagoniambiental.com.ar\\\/info\\\/#organization\",\"name\":\"Patagonia Ambiental\",\"url\":\"https:\\\/\\\/patagoniambiental.com.ar\\\/info\\\/\",\"logo\":{\"@type\":\"ImageObject\",\"inLanguage\":\"es\",\"@id\":\"https:\\\/\\\/patagoniambiental.com.ar\\\/info\\\/#\\\/schema\\\/logo\\\/image\\\/\",\"url\":\"https:\\\/\\\/patagoniambiental.com.ar\\\/info\\\/wp-content\\\/uploads\\\/2025\\\/05\\\/LOGO-PATAGONIA-AMBIENTAL.png\",\"contentUrl\":\"https:\\\/\\\/patagoniambiental.com.ar\\\/info\\\/wp-content\\\/uploads\\\/2025\\\/05\\\/LOGO-PATAGONIA-AMBIENTAL.png\",\"width\":433,\"height\":250,\"caption\":\"Patagonia Ambiental\"},\"image\":{\"@id\":\"https:\\\/\\\/patagoniambiental.com.ar\\\/info\\\/#\\\/schema\\\/logo\\\/image\\\/\"},\"sameAs\":[\"https:\\\/\\\/www.facebook.com\\\/patagonia.ambiental\",\"https:\\\/\\\/x.com\\\/PatAmb\"]},{\"@type\":\"Person\",\"@id\":\"https:\\\/\\\/patagoniambiental.com.ar\\\/info\\\/#\\\/schema\\\/person\\\/db12bff64bbcbf6a253710bf0ea37b5d\",\"name\":\"Patagonia Ambiental\",\"description\":\"Andr\u00e9s Nievas T\u00e9cnico en manejo ambiental, consultor Ambiental y escritor para medios locales e internacionales sobre temas de geopolitica y medio ambiente.\",\"sameAs\":[\"http:\\\/\\\/www.patagoniambiental.com.ar\",\"https:\\\/\\\/www.facebook.com\\\/share\\\/1C1V8Gv9BX\\\/?mibextid=qi2Omg\",\"@patagoniambiental\",\"https:\\\/\\\/youtube.com\\\/@patagoniaambiental2023?si=BLt58t0wuXquxlYZ\"]}]}<\/script>\n<!-- \/ Yoast SEO Premium plugin. -->","yoast_head_json":{"title":"Desarrollo Sustentable y Ambiente coordinar\u00e1 los trabajos de la empresa BOSCH","robots":{"index":"index","follow":"follow","max-snippet":"max-snippet:-1","max-image-preview":"max-image-preview:large","max-video-preview":"max-video-preview:-1"},"canonical":"https:\/\/patagoniambiental.com.ar\/info\/desarrollo-sustentable-y-ambiente-coordinara-los-trabajos-de-la-empresa-bosch\/","og_locale":"es_ES","og_type":"article","og_title":"Desarrollo Sustentable y Ambiente coordinar\u00e1 los trabajos de la empresa BOSCH","og_description":"Tierra del Fuego.-El Gobierno de la Provincia, a trav\u00e9s de la Secretar\u00eda de Desarrollo Sustentable y Ambiente, coordinar\u00e1 los trabajos [&hellip;]","og_url":"https:\/\/patagoniambiental.com.ar\/info\/desarrollo-sustentable-y-ambiente-coordinara-los-trabajos-de-la-empresa-bosch\/","og_site_name":"Patagonia Ambiental","article_publisher":"https:\/\/www.facebook.com\/patagonia.ambiental","article_author":"https:\/\/www.facebook.com\/share\/1C1V8Gv9BX\/?mibextid=qi2Omg","article_published_time":"2015-07-23T12:00:11+00:00","author":"Patagonia Ambiental","twitter_card":"summary_large_image","twitter_creator":"@PatAmb","twitter_site":"@PatAmb","schema":{"@context":"https:\/\/schema.org","@graph":[{"@type":"Article","@id":"https:\/\/patagoniambiental.com.ar\/info\/desarrollo-sustentable-y-ambiente-coordinara-los-trabajos-de-la-empresa-bosch\/#article","isPartOf":{"@id":"https:\/\/patagoniambiental.com.ar\/info\/desarrollo-sustentable-y-ambiente-coordinara-los-trabajos-de-la-empresa-bosch\/"},"author":{"name":"Patagonia Ambiental","@id":"https:\/\/patagoniambiental.com.ar\/info\/#\/schema\/person\/db12bff64bbcbf6a253710bf0ea37b5d"},"headline":"Desarrollo Sustentable y Ambiente coordinar\u00e1 los trabajos de la empresa BOSCH","datePublished":"2015-07-23T12:00:11+00:00","mainEntityOfPage":{"@id":"https:\/\/patagoniambiental.com.ar\/info\/desarrollo-sustentable-y-ambiente-coordinara-los-trabajos-de-la-empresa-bosch\/"},"wordCount":323,"publisher":{"@id":"https:\/\/patagoniambiental.com.ar\/info\/#organization"},"image":{"@id":"https:\/\/patagoniambiental.com.ar\/info\/desarrollo-sustentable-y-ambiente-coordinara-los-trabajos-de-la-empresa-bosch\/#primaryimage"},"thumbnailUrl":"","articleSection":["Noticias","Provinciales","Tierra del Fuego"],"inLanguage":"es"},{"@type":"WebPage","@id":"https:\/\/patagoniambiental.com.ar\/info\/desarrollo-sustentable-y-ambiente-coordinara-los-trabajos-de-la-empresa-bosch\/","url":"https:\/\/patagoniambiental.com.ar\/info\/desarrollo-sustentable-y-ambiente-coordinara-los-trabajos-de-la-empresa-bosch\/","name":"Desarrollo Sustentable y Ambiente coordinar\u00e1 los trabajos de la empresa BOSCH","isPartOf":{"@id":"https:\/\/patagoniambiental.com.ar\/info\/#website"},"primaryImageOfPage":{"@id":"https:\/\/patagoniambiental.com.ar\/info\/desarrollo-sustentable-y-ambiente-coordinara-los-trabajos-de-la-empresa-bosch\/#primaryimage"},"image":{"@id":"https:\/\/patagoniambiental.com.ar\/info\/desarrollo-sustentable-y-ambiente-coordinara-los-trabajos-de-la-empresa-bosch\/#primaryimage"},"thumbnailUrl":"","datePublished":"2015-07-23T12:00:11+00:00","breadcrumb":{"@id":"https:\/\/patagoniambiental.com.ar\/info\/desarrollo-sustentable-y-ambiente-coordinara-los-trabajos-de-la-empresa-bosch\/#breadcrumb"},"inLanguage":"es","potentialAction":[{"@type":"ReadAction","target":["https:\/\/patagoniambiental.com.ar\/info\/desarrollo-sustentable-y-ambiente-coordinara-los-trabajos-de-la-empresa-bosch\/"]}]},{"@type":"ImageObject","inLanguage":"es","@id":"https:\/\/patagoniambiental.com.ar\/info\/desarrollo-sustentable-y-ambiente-coordinara-los-trabajos-de-la-empresa-bosch\/#primaryimage","url":"","contentUrl":""},{"@type":"BreadcrumbList","@id":"https:\/\/patagoniambiental.com.ar\/info\/desarrollo-sustentable-y-ambiente-coordinara-los-trabajos-de-la-empresa-bosch\/#breadcrumb","itemListElement":[{"@type":"ListItem","position":1,"name":"Inicio","item":"https:\/\/patagoniambiental.com.ar\/info\/"},{"@type":"ListItem","position":2,"name":"Desarrollo Sustentable y Ambiente coordinar\u00e1 los trabajos de la empresa BOSCH"}]},{"@type":"WebSite","@id":"https:\/\/patagoniambiental.com.ar\/info\/#website","url":"https:\/\/patagoniambiental.com.ar\/info\/","name":"Patagonia Ambiental","description":"Monitoreo y an\u00e1lisis de la situaci\u00f3n geopol\u00edtica en el mundo y su implicancia en la Patagonia","publisher":{"@id":"https:\/\/patagoniambiental.com.ar\/info\/#organization"},"potentialAction":[{"@type":"SearchAction","target":{"@type":"EntryPoint","urlTemplate":"https:\/\/patagoniambiental.com.ar\/info\/?s={search_term_string}"},"query-input":{"@type":"PropertyValueSpecification","valueRequired":true,"valueName":"search_term_string"}}],"inLanguage":"es"},{"@type":"Organization","@id":"https:\/\/patagoniambiental.com.ar\/info\/#organization","name":"Patagonia Ambiental","url":"https:\/\/patagoniambiental.com.ar\/info\/","logo":{"@type":"ImageObject","inLanguage":"es","@id":"https:\/\/patagoniambiental.com.ar\/info\/#\/schema\/logo\/image\/","url":"https:\/\/patagoniambiental.com.ar\/info\/wp-content\/uploads\/2025\/05\/LOGO-PATAGONIA-AMBIENTAL.png","contentUrl":"https:\/\/patagoniambiental.com.ar\/info\/wp-content\/uploads\/2025\/05\/LOGO-PATAGONIA-AMBIENTAL.png","width":433,"height":250,"caption":"Patagonia Ambiental"},"image":{"@id":"https:\/\/patagoniambiental.com.ar\/info\/#\/schema\/logo\/image\/"},"sameAs":["https:\/\/www.facebook.com\/patagonia.ambiental","https:\/\/x.com\/PatAmb"]},{"@type":"Person","@id":"https:\/\/patagoniambiental.com.ar\/info\/#\/schema\/person\/db12bff64bbcbf6a253710bf0ea37b5d","name":"Patagonia Ambiental","description":"Andr\u00e9s Nievas T\u00e9cnico en manejo ambiental, consultor Ambiental y escritor para medios locales e internacionales sobre temas de geopolitica y medio ambiente.","sameAs":["http:\/\/www.patagoniambiental.com.ar","https:\/\/www.facebook.com\/share\/1C1V8Gv9BX\/?mibextid=qi2Omg","@patagoniambiental","https:\/\/youtube.com\/@patagoniaambiental2023?si=BLt58t0wuXquxlYZ"]}]}},"_links":{"self":[{"href":"https:\/\/patagoniambiental.com.ar\/info\/wp-json\/wp\/v2\/posts\/12977","targetHints":{"allow":["GET"]}}],"collection":[{"href":"https:\/\/patagoniambiental.com.ar\/info\/wp-json\/wp\/v2\/posts"}],"about":[{"href":"https:\/\/patagoniambiental.com.ar\/info\/wp-json\/wp\/v2\/types\/post"}],"author":[{"embeddable":true,"href":"https:\/\/patagoniambiental.com.ar\/info\/wp-json\/wp\/v2\/users\/2"}],"replies":[{"embeddable":true,"href":"https:\/\/patagoniambiental.com.ar\/info\/wp-json\/wp\/v2\/comments?post=12977"}],"version-history":[{"count":0,"href":"https:\/\/patagoniambiental.com.ar\/info\/wp-json\/wp\/v2\/posts\/12977\/revisions"}],"wp:featuredmedia":[{"embeddable":true,"href":"https:\/\/patagoniambiental.com.ar\/info\/wp-json\/"}],"wp:attachment":[{"href":"https:\/\/patagoniambiental.com.ar\/info\/wp-json\/wp\/v2\/media?parent=12977"}],"wp:term":[{"taxonomy":"category","embeddable":true,"href":"https:\/\/patagoniambiental.com.ar\/info\/wp-json\/wp\/v2\/categories?post=12977"},{"taxonomy":"post_tag","embeddable":true,"href":"https:\/\/patagoniambiental.com.ar\/info\/wp-json\/wp\/v2\/tags?post=12977"}],"curies":[{"name":"wp","href":"https:\/\/api.w.org\/{rel}","templated":true}]}}