{"id":13036,"date":"2015-07-29T09:00:21","date_gmt":"2015-07-29T12:00:21","guid":{"rendered":"http:\/\/patagoniambiental.com.ar\/?p=13036"},"modified":"2015-07-29T09:00:21","modified_gmt":"2015-07-29T12:00:21","slug":"lastiri-expondra-la-problematica-del-atuel","status":"publish","type":"post","link":"https:\/\/patagoniambiental.com.ar\/info\/lastiri-expondra-la-problematica-del-atuel\/","title":{"rendered":"Lastiri expondr\u00e1 la problem\u00e1tica del Atuel"},"content":{"rendered":"<p>Buenos Aires.-\u201c<strong>Vamos a plantear toda la problem\u00e1tica que existe en el pa\u00eds, no solo la nuestra con el Atuel, sino la de muchas provincias<\/strong> con problemas con el uso del agua en sus cuencas\u201d, dijo el funcionario.<!--more--><\/p>\n<p>Este mi\u00e9rcoles, se llevar\u00e1 a cabo en el Hotel Intercontinental de Buenos Aires el \u201cSeminario Ambiental para el Desarrollo Argentino\u201d, organizado por el Consejo Federal del Medio Ambiente (COFEMA) y el Organismo Provincial para el Desarrollo Sostenible de la provincia de Buenos Aires.<\/p>\n<p>El disertante central ser\u00e1 el gobernador de la provincia de Buenos Aires, Daniel Scioli, candidato a presidente de la Naci\u00f3n, acompa\u00f1ado por diferentes especialistas de la Secretar\u00eda de Ambiente, invitando a participar de un panel al Consejo H\u00eddrico Federal. El presidente de COHIFE y secretario de Recursos H\u00eddricos de La Pampa, N\u00e9stor Lastiri, abordar\u00e1 la tem\u00e1tica de las Pol\u00edticas H\u00eddricas Federales para el Desarrollo Sustentable en la Argentina.<\/p>\n<p>\u201cTrataremos la nueva aplicaci\u00f3n del c\u00f3digo h\u00eddrico nacional, que empezar\u00e1 a regir a partir del 1 de agosto. All\u00ed se establecen pautas mucho m\u00e1s avanzadas que las anteriores en las que se va a dar especial participaci\u00f3n a los derechos p\u00fablicos sobre el agua y la incorporaci\u00f3n de los derechos comunes ambientales y humanos\u201d, detall\u00f3 Lastiri.<\/p>\n<p>Dentro de esta tem\u00e1tica, como prioridad, destac\u00f3 las cuencas interjurisdiccionales. \u201cVamos a plantear toda la problem\u00e1tica que existe en el pa\u00eds, no solo la nuestra con el Atuel, sino la de muchas provincias con problemas con el uso del agua en sus cuencas. Plantearemos el riesgo h\u00eddrico asociado al cambio clim\u00e1tico, ya que nuestro pa\u00eds es muy vasto con realidades muy distintas que afectan el d\u00e9ficit de agua en algunos r\u00edos o grandes inundaciones que afectan a centros urbanos\u201d, remarc\u00f3.<\/p>\n<p>Destac\u00f3 la cooperaci\u00f3n entre estados establecida en el nuevo C\u00f3digo Civil de la Naci\u00f3n, se\u00f1alando que \u201cevidentemente la normativa y leyes de presupuestos m\u00ednimos ambientales existen y debemos avanzar en la gesti\u00f3n para que las normas sean aplicadas en la resoluci\u00f3n de conflictos\u201d.<\/p>\n<p>Subray\u00f3 la idea de mantener pol\u00edticas de Estado para tener actualizados los planes de contingencias y de mitigaci\u00f3n de estos eventos y detall\u00f3 que adem\u00e1s se tratar\u00e1 la contaminaci\u00f3n de fuentes de agua y dem\u00e1s cursos.<\/p>\n<p>Asimismo se tratar\u00e1 el plan estrat\u00e9gico de agua y saneamiento en la Rep\u00fablica Argentina; el cambio clim\u00e1tico, mitigaci\u00f3n y tensiones; preservaci\u00f3n de la biodiversidad en Argentina; educaci\u00f3n para la sustentabilidad; nuevas energ\u00edas y gesti\u00f3n de residuos y econom\u00eda circular, entre otros temas relacionados.<\/p>\n<p><strong>Documental y algo m\u00e1s<\/strong><\/p>\n<p>Por otra parte, aunque siempre dentro de la misma tem\u00e1tica, Guillermo Herzel y Alberto Acosta presentaron su espect\u00e1culo \u201cCanto Continente\u201d en la Casa de La Pampa, en el marco del ciclo \u00d1uke Co &#8211; Madre Agua. Del evento particip\u00f3 la cineasta pampeana Valeria Tochi, quien proyect\u00f3 su documental \u201cAtuel, la memoria del agua\u201d, que refleja la problem\u00e1tica del noroeste provincial.<\/p>\n<p>Ante un importante marco de p\u00fablico, los artistas pampeanos se lucieron con un show que alterna relatos y m\u00fasica, al tiempo que transita el territorio americano rescatando el grito de los pueblos sojuzgados.<\/p>\n<p>\u201c\u2019Canto Continente\u2019 es un homenaje a todos aquellos que intentaron e intentan la construcci\u00f3n del gran continente latinoamericano, seres que estuvieron desde hace miles de a\u00f1os y aquellos que m\u00e1s tarde llegaron desde el otro lado de los mares pensando que este era el lugar y que esa gran patria era posible, que adem\u00e1s era necesaria, y lucharon por eso\u201d, explic\u00f3 Herzel, autor de los textos que dieron origen al trabajo discogr\u00e1fico.<\/p>\n<p>Alberto Acosta detall\u00f3 que \u201cla obra est\u00e1 hecha desde La Pampa y la m\u00fasica va transitando por donde transcurre el relato del poeta. En el paisaje uno va encontrando los sonidos propios de cada tierra. Atravesamos el norte argentino, Bolivia, Per\u00fa&#8230; As\u00ed es como aparecen un joropo, pasillos, un chamam\u00e9, un blues y, por supuesto, hay milonga pampeana\u201d.<\/p>\n<p>Herzel y Acosta no estuvieron solos en el escenario. En esta ocasi\u00f3n los acompa\u00f1\u00f3 el m\u00fasico Julio Argentino Aguirre, uno de los principales guitarristas de la provincia.<\/p>\n<p>El evento fue organizado en forma conjunta entre la Casa de La Pampa y la Subsecretar\u00eda de Cultura. Desde 2013 el ciclo \u00d1uke Co &#8211; Madre Agua tiene por objetivo visibilizar la problem\u00e1tica del r\u00edo Atuel en el \u00e1mbito de la ciudad de Buenos Aires a partir de diferentes expresiones art\u00edsticas.<\/p>\n<p>La apertura del encuentro estuvo a cargo de la cineasta Valeria Tochi. La joven nacida en Ingeniero Luiggi present\u00f3 el documental \u201cAtuel, la memoria del Agua\u201d, realizado en forma conjunta con el periodista Fernando Carrillo.<\/p>\n<p>El trabajo audiovisual narra la problem\u00e1tica h\u00eddrica de La Pampa en la voz de los habitantes del noroeste provincial, quienes relatan c\u00f3mo es convivir con la noci\u00f3n de un r\u00edo que les pertenece pero que nunca vieron correr de forma ininterrumpida.<\/p>\n<p>\u201cNuestra intenci\u00f3n fue contar la problem\u00e1tica del r\u00edo desde un punto de vista social porque cuando empezamos a investigar el tema nos encontramos con que se hab\u00eda escrito mucho sobre la cuesti\u00f3n jur\u00eddica y econ\u00f3mica pero no tanto sobre el costado social del problema\u201d, se\u00f1al\u00f3 Tochi. \u201cCon el corte del r\u00edo se est\u00e1 privilegiando la cuesti\u00f3n econ\u00f3mica por sobre el derecho humano al agua de los pobladores del noroeste pampeano e incluso de los habitantes del sur de Mendoza\u201d, a\u00f1adi\u00f3.<\/p>\n<p>La joven pampeana presentar\u00e1 el documental en Santa Rosa el viernes 31 de julio en el Espacio INCAA. En tanto, el 1 de agosto har\u00e1 lo propio en la localidad de Ingeniero Luiggi.<\/p>\n<p>Fuente: El Diario de la Pampa<\/p>\n","protected":false},"excerpt":{"rendered":"<p>Buenos Aires.-\u201cVamos a plantear toda la problem\u00e1tica que existe en el pa\u00eds, no solo la nuestra con el Atuel, sino [&hellip;]<\/p>\n","protected":false},"author":2,"featured_media":13037,"comment_status":"closed","ping_status":"closed","sticky":false,"template":"","format":"standard","meta":{"site-sidebar-layout":"default","site-content-layout":"","ast-site-content-layout":"default","site-content-style":"default","site-sidebar-style":"default","ast-global-header-display":"","ast-banner-title-visibility":"","ast-main-header-display":"","ast-hfb-above-header-display":"","ast-hfb-below-header-display":"","ast-hfb-mobile-header-display":"","site-post-title":"","ast-breadcrumbs-content":"","ast-featured-img":"","footer-sml-layout":"","ast-disable-related-posts":"","theme-transparent-header-meta":"","adv-header-id-meta":"","stick-header-meta":"","header-above-stick-meta":"","header-main-stick-meta":"","header-below-stick-meta":"","astra-migrate-meta-layouts":"default","ast-page-background-enabled":"default","ast-page-background-meta":{"desktop":{"background-color":"var(--ast-global-color-5)","background-image":"","background-repeat":"repeat","background-position":"center center","background-size":"auto","background-attachment":"scroll","background-type":"","background-media":"","overlay-type":"","overlay-color":"","overlay-opacity":"","overlay-gradient":""},"tablet":{"background-color":"","background-image":"","background-repeat":"repeat","background-position":"center center","background-size":"auto","background-attachment":"scroll","background-type":"","background-media":"","overlay-type":"","overlay-color":"","overlay-opacity":"","overlay-gradient":""},"mobile":{"background-color":"","background-image":"","background-repeat":"repeat","background-position":"center center","background-size":"auto","background-attachment":"scroll","background-type":"","background-media":"","overlay-type":"","overlay-color":"","overlay-opacity":"","overlay-gradient":""}},"ast-content-background-meta":{"desktop":{"background-color":"var(--ast-global-color-4)","background-image":"","background-repeat":"repeat","background-position":"center center","background-size":"auto","background-attachment":"scroll","background-type":"","background-media":"","overlay-type":"","overlay-color":"","overlay-opacity":"","overlay-gradient":""},"tablet":{"background-color":"var(--ast-global-color-4)","background-image":"","background-repeat":"repeat","background-position":"center center","background-size":"auto","background-attachment":"scroll","background-type":"","background-media":"","overlay-type":"","overlay-color":"","overlay-opacity":"","overlay-gradient":""},"mobile":{"background-color":"var(--ast-global-color-4)","background-image":"","background-repeat":"repeat","background-position":"center center","background-size":"auto","background-attachment":"scroll","background-type":"","background-media":"","overlay-type":"","overlay-color":"","overlay-opacity":"","overlay-gradient":""}},"footnotes":""},"categories":[12,1],"tags":[],"class_list":["post-13036","post","type-post","status-publish","format-standard","has-post-thumbnail","hentry","category-agenda-ambiental","category-noticias"],"yoast_head":"<!-- This site is optimized with the Yoast SEO Premium plugin v23.0 (Yoast SEO v27.4) - https:\/\/yoast.com\/product\/yoast-seo-premium-wordpress\/ -->\n<title>Lastiri expondr\u00e1 la problem\u00e1tica del Atuel<\/title>\n<meta name=\"robots\" content=\"index, follow, max-snippet:-1, max-image-preview:large, max-video-preview:-1\" \/>\n<link rel=\"canonical\" href=\"https:\/\/patagoniambiental.com.ar\/info\/lastiri-expondra-la-problematica-del-atuel\/\" \/>\n<meta property=\"og:locale\" content=\"es_ES\" \/>\n<meta property=\"og:type\" content=\"article\" \/>\n<meta property=\"og:title\" content=\"Lastiri expondr\u00e1 la problem\u00e1tica del Atuel\" \/>\n<meta property=\"og:description\" content=\"Buenos Aires.-\u201cVamos a plantear toda la problem\u00e1tica que existe en el pa\u00eds, no solo la nuestra con el Atuel, sino [&hellip;]\" \/>\n<meta property=\"og:url\" content=\"https:\/\/patagoniambiental.com.ar\/info\/lastiri-expondra-la-problematica-del-atuel\/\" \/>\n<meta property=\"og:site_name\" content=\"Patagonia Ambiental\" \/>\n<meta property=\"article:publisher\" content=\"https:\/\/www.facebook.com\/patagonia.ambiental\" \/>\n<meta property=\"article:author\" content=\"https:\/\/www.facebook.com\/share\/1C1V8Gv9BX\/?mibextid=qi2Omg\" \/>\n<meta property=\"article:published_time\" content=\"2015-07-29T12:00:21+00:00\" \/>\n<meta name=\"author\" content=\"Patagonia Ambiental\" \/>\n<meta name=\"twitter:card\" content=\"summary_large_image\" \/>\n<meta name=\"twitter:creator\" content=\"@PatAmb\" \/>\n<meta name=\"twitter:site\" content=\"@PatAmb\" \/>\n<script type=\"application\/ld+json\" class=\"yoast-schema-graph\">{\"@context\":\"https:\\\/\\\/schema.org\",\"@graph\":[{\"@type\":\"Article\",\"@id\":\"https:\\\/\\\/patagoniambiental.com.ar\\\/info\\\/lastiri-expondra-la-problematica-del-atuel\\\/#article\",\"isPartOf\":{\"@id\":\"https:\\\/\\\/patagoniambiental.com.ar\\\/info\\\/lastiri-expondra-la-problematica-del-atuel\\\/\"},\"author\":{\"name\":\"Patagonia Ambiental\",\"@id\":\"https:\\\/\\\/patagoniambiental.com.ar\\\/info\\\/#\\\/schema\\\/person\\\/db12bff64bbcbf6a253710bf0ea37b5d\"},\"headline\":\"Lastiri expondr\u00e1 la problem\u00e1tica del Atuel\",\"datePublished\":\"2015-07-29T12:00:21+00:00\",\"mainEntityOfPage\":{\"@id\":\"https:\\\/\\\/patagoniambiental.com.ar\\\/info\\\/lastiri-expondra-la-problematica-del-atuel\\\/\"},\"wordCount\":994,\"publisher\":{\"@id\":\"https:\\\/\\\/patagoniambiental.com.ar\\\/info\\\/#organization\"},\"image\":{\"@id\":\"https:\\\/\\\/patagoniambiental.com.ar\\\/info\\\/lastiri-expondra-la-problematica-del-atuel\\\/#primaryimage\"},\"thumbnailUrl\":\"\",\"articleSection\":[\"Agenda Ambiental\",\"Noticias\"],\"inLanguage\":\"es\"},{\"@type\":\"WebPage\",\"@id\":\"https:\\\/\\\/patagoniambiental.com.ar\\\/info\\\/lastiri-expondra-la-problematica-del-atuel\\\/\",\"url\":\"https:\\\/\\\/patagoniambiental.com.ar\\\/info\\\/lastiri-expondra-la-problematica-del-atuel\\\/\",\"name\":\"Lastiri expondr\u00e1 la problem\u00e1tica del Atuel\",\"isPartOf\":{\"@id\":\"https:\\\/\\\/patagoniambiental.com.ar\\\/info\\\/#website\"},\"primaryImageOfPage\":{\"@id\":\"https:\\\/\\\/patagoniambiental.com.ar\\\/info\\\/lastiri-expondra-la-problematica-del-atuel\\\/#primaryimage\"},\"image\":{\"@id\":\"https:\\\/\\\/patagoniambiental.com.ar\\\/info\\\/lastiri-expondra-la-problematica-del-atuel\\\/#primaryimage\"},\"thumbnailUrl\":\"\",\"datePublished\":\"2015-07-29T12:00:21+00:00\",\"breadcrumb\":{\"@id\":\"https:\\\/\\\/patagoniambiental.com.ar\\\/info\\\/lastiri-expondra-la-problematica-del-atuel\\\/#breadcrumb\"},\"inLanguage\":\"es\",\"potentialAction\":[{\"@type\":\"ReadAction\",\"target\":[\"https:\\\/\\\/patagoniambiental.com.ar\\\/info\\\/lastiri-expondra-la-problematica-del-atuel\\\/\"]}]},{\"@type\":\"ImageObject\",\"inLanguage\":\"es\",\"@id\":\"https:\\\/\\\/patagoniambiental.com.ar\\\/info\\\/lastiri-expondra-la-problematica-del-atuel\\\/#primaryimage\",\"url\":\"\",\"contentUrl\":\"\"},{\"@type\":\"BreadcrumbList\",\"@id\":\"https:\\\/\\\/patagoniambiental.com.ar\\\/info\\\/lastiri-expondra-la-problematica-del-atuel\\\/#breadcrumb\",\"itemListElement\":[{\"@type\":\"ListItem\",\"position\":1,\"name\":\"Inicio\",\"item\":\"https:\\\/\\\/patagoniambiental.com.ar\\\/info\\\/\"},{\"@type\":\"ListItem\",\"position\":2,\"name\":\"Lastiri expondr\u00e1 la problem\u00e1tica del Atuel\"}]},{\"@type\":\"WebSite\",\"@id\":\"https:\\\/\\\/patagoniambiental.com.ar\\\/info\\\/#website\",\"url\":\"https:\\\/\\\/patagoniambiental.com.ar\\\/info\\\/\",\"name\":\"Patagonia Ambiental\",\"description\":\"Monitoreo y an\u00e1lisis de la situaci\u00f3n geopol\u00edtica en el mundo y su implicancia en la Patagonia\",\"publisher\":{\"@id\":\"https:\\\/\\\/patagoniambiental.com.ar\\\/info\\\/#organization\"},\"potentialAction\":[{\"@type\":\"SearchAction\",\"target\":{\"@type\":\"EntryPoint\",\"urlTemplate\":\"https:\\\/\\\/patagoniambiental.com.ar\\\/info\\\/?s={search_term_string}\"},\"query-input\":{\"@type\":\"PropertyValueSpecification\",\"valueRequired\":true,\"valueName\":\"search_term_string\"}}],\"inLanguage\":\"es\"},{\"@type\":\"Organization\",\"@id\":\"https:\\\/\\\/patagoniambiental.com.ar\\\/info\\\/#organization\",\"name\":\"Patagonia Ambiental\",\"url\":\"https:\\\/\\\/patagoniambiental.com.ar\\\/info\\\/\",\"logo\":{\"@type\":\"ImageObject\",\"inLanguage\":\"es\",\"@id\":\"https:\\\/\\\/patagoniambiental.com.ar\\\/info\\\/#\\\/schema\\\/logo\\\/image\\\/\",\"url\":\"https:\\\/\\\/patagoniambiental.com.ar\\\/info\\\/wp-content\\\/uploads\\\/2025\\\/05\\\/LOGO-PATAGONIA-AMBIENTAL.png\",\"contentUrl\":\"https:\\\/\\\/patagoniambiental.com.ar\\\/info\\\/wp-content\\\/uploads\\\/2025\\\/05\\\/LOGO-PATAGONIA-AMBIENTAL.png\",\"width\":433,\"height\":250,\"caption\":\"Patagonia Ambiental\"},\"image\":{\"@id\":\"https:\\\/\\\/patagoniambiental.com.ar\\\/info\\\/#\\\/schema\\\/logo\\\/image\\\/\"},\"sameAs\":[\"https:\\\/\\\/www.facebook.com\\\/patagonia.ambiental\",\"https:\\\/\\\/x.com\\\/PatAmb\"]},{\"@type\":\"Person\",\"@id\":\"https:\\\/\\\/patagoniambiental.com.ar\\\/info\\\/#\\\/schema\\\/person\\\/db12bff64bbcbf6a253710bf0ea37b5d\",\"name\":\"Patagonia Ambiental\",\"description\":\"Andr\u00e9s Nievas T\u00e9cnico en manejo ambiental, consultor Ambiental y escritor para medios locales e internacionales sobre temas de geopolitica y medio ambiente.\",\"sameAs\":[\"http:\\\/\\\/www.patagoniambiental.com.ar\",\"https:\\\/\\\/www.facebook.com\\\/share\\\/1C1V8Gv9BX\\\/?mibextid=qi2Omg\",\"@patagoniambiental\",\"https:\\\/\\\/youtube.com\\\/@patagoniaambiental2023?si=BLt58t0wuXquxlYZ\"]}]}<\/script>\n<!-- \/ Yoast SEO Premium plugin. -->","yoast_head_json":{"title":"Lastiri expondr\u00e1 la problem\u00e1tica del Atuel","robots":{"index":"index","follow":"follow","max-snippet":"max-snippet:-1","max-image-preview":"max-image-preview:large","max-video-preview":"max-video-preview:-1"},"canonical":"https:\/\/patagoniambiental.com.ar\/info\/lastiri-expondra-la-problematica-del-atuel\/","og_locale":"es_ES","og_type":"article","og_title":"Lastiri expondr\u00e1 la problem\u00e1tica del Atuel","og_description":"Buenos Aires.-\u201cVamos a plantear toda la problem\u00e1tica que existe en el pa\u00eds, no solo la nuestra con el Atuel, sino [&hellip;]","og_url":"https:\/\/patagoniambiental.com.ar\/info\/lastiri-expondra-la-problematica-del-atuel\/","og_site_name":"Patagonia Ambiental","article_publisher":"https:\/\/www.facebook.com\/patagonia.ambiental","article_author":"https:\/\/www.facebook.com\/share\/1C1V8Gv9BX\/?mibextid=qi2Omg","article_published_time":"2015-07-29T12:00:21+00:00","author":"Patagonia Ambiental","twitter_card":"summary_large_image","twitter_creator":"@PatAmb","twitter_site":"@PatAmb","schema":{"@context":"https:\/\/schema.org","@graph":[{"@type":"Article","@id":"https:\/\/patagoniambiental.com.ar\/info\/lastiri-expondra-la-problematica-del-atuel\/#article","isPartOf":{"@id":"https:\/\/patagoniambiental.com.ar\/info\/lastiri-expondra-la-problematica-del-atuel\/"},"author":{"name":"Patagonia Ambiental","@id":"https:\/\/patagoniambiental.com.ar\/info\/#\/schema\/person\/db12bff64bbcbf6a253710bf0ea37b5d"},"headline":"Lastiri expondr\u00e1 la problem\u00e1tica del Atuel","datePublished":"2015-07-29T12:00:21+00:00","mainEntityOfPage":{"@id":"https:\/\/patagoniambiental.com.ar\/info\/lastiri-expondra-la-problematica-del-atuel\/"},"wordCount":994,"publisher":{"@id":"https:\/\/patagoniambiental.com.ar\/info\/#organization"},"image":{"@id":"https:\/\/patagoniambiental.com.ar\/info\/lastiri-expondra-la-problematica-del-atuel\/#primaryimage"},"thumbnailUrl":"","articleSection":["Agenda Ambiental","Noticias"],"inLanguage":"es"},{"@type":"WebPage","@id":"https:\/\/patagoniambiental.com.ar\/info\/lastiri-expondra-la-problematica-del-atuel\/","url":"https:\/\/patagoniambiental.com.ar\/info\/lastiri-expondra-la-problematica-del-atuel\/","name":"Lastiri expondr\u00e1 la problem\u00e1tica del Atuel","isPartOf":{"@id":"https:\/\/patagoniambiental.com.ar\/info\/#website"},"primaryImageOfPage":{"@id":"https:\/\/patagoniambiental.com.ar\/info\/lastiri-expondra-la-problematica-del-atuel\/#primaryimage"},"image":{"@id":"https:\/\/patagoniambiental.com.ar\/info\/lastiri-expondra-la-problematica-del-atuel\/#primaryimage"},"thumbnailUrl":"","datePublished":"2015-07-29T12:00:21+00:00","breadcrumb":{"@id":"https:\/\/patagoniambiental.com.ar\/info\/lastiri-expondra-la-problematica-del-atuel\/#breadcrumb"},"inLanguage":"es","potentialAction":[{"@type":"ReadAction","target":["https:\/\/patagoniambiental.com.ar\/info\/lastiri-expondra-la-problematica-del-atuel\/"]}]},{"@type":"ImageObject","inLanguage":"es","@id":"https:\/\/patagoniambiental.com.ar\/info\/lastiri-expondra-la-problematica-del-atuel\/#primaryimage","url":"","contentUrl":""},{"@type":"BreadcrumbList","@id":"https:\/\/patagoniambiental.com.ar\/info\/lastiri-expondra-la-problematica-del-atuel\/#breadcrumb","itemListElement":[{"@type":"ListItem","position":1,"name":"Inicio","item":"https:\/\/patagoniambiental.com.ar\/info\/"},{"@type":"ListItem","position":2,"name":"Lastiri expondr\u00e1 la problem\u00e1tica del Atuel"}]},{"@type":"WebSite","@id":"https:\/\/patagoniambiental.com.ar\/info\/#website","url":"https:\/\/patagoniambiental.com.ar\/info\/","name":"Patagonia Ambiental","description":"Monitoreo y an\u00e1lisis de la situaci\u00f3n geopol\u00edtica en el mundo y su implicancia en la Patagonia","publisher":{"@id":"https:\/\/patagoniambiental.com.ar\/info\/#organization"},"potentialAction":[{"@type":"SearchAction","target":{"@type":"EntryPoint","urlTemplate":"https:\/\/patagoniambiental.com.ar\/info\/?s={search_term_string}"},"query-input":{"@type":"PropertyValueSpecification","valueRequired":true,"valueName":"search_term_string"}}],"inLanguage":"es"},{"@type":"Organization","@id":"https:\/\/patagoniambiental.com.ar\/info\/#organization","name":"Patagonia Ambiental","url":"https:\/\/patagoniambiental.com.ar\/info\/","logo":{"@type":"ImageObject","inLanguage":"es","@id":"https:\/\/patagoniambiental.com.ar\/info\/#\/schema\/logo\/image\/","url":"https:\/\/patagoniambiental.com.ar\/info\/wp-content\/uploads\/2025\/05\/LOGO-PATAGONIA-AMBIENTAL.png","contentUrl":"https:\/\/patagoniambiental.com.ar\/info\/wp-content\/uploads\/2025\/05\/LOGO-PATAGONIA-AMBIENTAL.png","width":433,"height":250,"caption":"Patagonia Ambiental"},"image":{"@id":"https:\/\/patagoniambiental.com.ar\/info\/#\/schema\/logo\/image\/"},"sameAs":["https:\/\/www.facebook.com\/patagonia.ambiental","https:\/\/x.com\/PatAmb"]},{"@type":"Person","@id":"https:\/\/patagoniambiental.com.ar\/info\/#\/schema\/person\/db12bff64bbcbf6a253710bf0ea37b5d","name":"Patagonia Ambiental","description":"Andr\u00e9s Nievas T\u00e9cnico en manejo ambiental, consultor Ambiental y escritor para medios locales e internacionales sobre temas de geopolitica y medio ambiente.","sameAs":["http:\/\/www.patagoniambiental.com.ar","https:\/\/www.facebook.com\/share\/1C1V8Gv9BX\/?mibextid=qi2Omg","@patagoniambiental","https:\/\/youtube.com\/@patagoniaambiental2023?si=BLt58t0wuXquxlYZ"]}]}},"_links":{"self":[{"href":"https:\/\/patagoniambiental.com.ar\/info\/wp-json\/wp\/v2\/posts\/13036","targetHints":{"allow":["GET"]}}],"collection":[{"href":"https:\/\/patagoniambiental.com.ar\/info\/wp-json\/wp\/v2\/posts"}],"about":[{"href":"https:\/\/patagoniambiental.com.ar\/info\/wp-json\/wp\/v2\/types\/post"}],"author":[{"embeddable":true,"href":"https:\/\/patagoniambiental.com.ar\/info\/wp-json\/wp\/v2\/users\/2"}],"replies":[{"embeddable":true,"href":"https:\/\/patagoniambiental.com.ar\/info\/wp-json\/wp\/v2\/comments?post=13036"}],"version-history":[{"count":0,"href":"https:\/\/patagoniambiental.com.ar\/info\/wp-json\/wp\/v2\/posts\/13036\/revisions"}],"wp:featuredmedia":[{"embeddable":true,"href":"https:\/\/patagoniambiental.com.ar\/info\/wp-json\/"}],"wp:attachment":[{"href":"https:\/\/patagoniambiental.com.ar\/info\/wp-json\/wp\/v2\/media?parent=13036"}],"wp:term":[{"taxonomy":"category","embeddable":true,"href":"https:\/\/patagoniambiental.com.ar\/info\/wp-json\/wp\/v2\/categories?post=13036"},{"taxonomy":"post_tag","embeddable":true,"href":"https:\/\/patagoniambiental.com.ar\/info\/wp-json\/wp\/v2\/tags?post=13036"}],"curies":[{"name":"wp","href":"https:\/\/api.w.org\/{rel}","templated":true}]}}