{"id":13056,"date":"2015-07-29T19:00:31","date_gmt":"2015-07-29T22:00:31","guid":{"rendered":"http:\/\/patagoniambiental.com.ar\/?p=13056"},"modified":"2015-07-29T19:00:31","modified_gmt":"2015-07-29T22:00:31","slug":"comenzaron-las-primeras-jornadas-sobre-malvinas-en-bariloche","status":"publish","type":"post","link":"https:\/\/patagoniambiental.com.ar\/info\/comenzaron-las-primeras-jornadas-sobre-malvinas-en-bariloche\/","title":{"rendered":"Comenzaron las Primeras Jornadas sobre Malvinas en Bariloche"},"content":{"rendered":"<p align=\"JUSTIFY\"><span style=\"font-family: Asap,          serif;\"><span style=\"font-size: large;\"><i>San Carlos de Bariloche.-Se pusieron en marcha en el Aula Magna del Centro Regional Universitario Bariloche (CRUB) las \u201cPrimeras Jornadas sobre Malvinas-Pensar y discutir el pasado, el presente y el futuro de Malvinas\u201d.<\/i><\/span><\/span><!--more--><\/p>\n<p align=\"JUSTIFY\"><span style=\"font-family: Asap,          serif;\"><span style=\"font-size: large;\">El director de Veteranos de Guerra de Malvinas de R\u00edo Negro, Rub\u00e9n V\u00edctor Pablos, se\u00f1al\u00f3 que esta actividad -que se extender\u00e1 hasta el viernes- constituye el lanzamiento \u201cde un Plan Educativo Provincial que comprender\u00e1 actividades similares en distintas ciudades, capacitaciones en Institutos de Formaci\u00f3n Docente y la realizaci\u00f3n de material educativo y de difusi\u00f3n con testimonios y vivencias de excombatientes residentes en la provincia\u201d.<\/span><\/span><\/p>\n<p align=\"JUSTIFY\"><span style=\"font-family: Asap,          serif;\"><span style=\"font-size: large;\">Las jornadas permitir\u00e1n una mirada hist\u00f3rica cr\u00edtica de lo que fue el conflicto b\u00e9lico y tomar contacto con testimonios directos de veteranos de guerra \u201cpara la construcci\u00f3n de un di\u00e1logo humano que aporte luz a la compleja comprensi\u00f3n de nuestra relaci\u00f3n con Malvinas\u201d.<\/span><\/span><\/p>\n<p align=\"JUSTIFY\"><span style=\"font-family: Asap,          serif;\"><span style=\"font-size: large;\">Pablos se\u00f1al\u00f3 en la oportunidad que en cualquier \u00e1mbito cuando se nombra Malvinas \u201cinmediatamente se relaciona con la Guerra de 1982, dejando fuera de la conversaci\u00f3n los m\u00e1s de 200 a\u00f1os de historia que contiene la tem\u00e1tica. No profundizamos sobre su historia, ni sobre el pasado cercano, el presente y sobre el futuro\u201d. <\/span><\/span><\/p>\n<p align=\"JUSTIFY\"><span style=\"font-family: Asap,          serif;\"><span style=\"font-size: large;\">Destac\u00f3 en este marco que estas Jornadas \u201cson el inicio de un planificado trabajo que abarcar\u00e1 a toda la provincia, trabajando en la curr\u00edcula de los distintos niveles educativos, en instancias de capacitaciones en los Institutos de Formaci\u00f3n Docente, como tambi\u00e9n la de preparar material educativo y de divulgaci\u00f3n que cuenten con testimonios y vivencias de los Ex Combatientes residentes en la provincia\u201d.<\/span><\/span><\/p>\n<p align=\"JUSTIFY\">\u201c<span style=\"font-family: Asap,          serif;\"><span style=\"font-size: large;\">Todas las acciones que llevamos adelante desde la Direcci\u00f3n de Veteranos de Guerra son posibles gracias al acompa\u00f1amiento de las autoridades de la provincia de R\u00edo Negro, por ello nuestro agradecimiento al gobernador Alberto Weretilneck y al vicegobernador Pedro Pesatti, y en ellos a todos los dem\u00e1s actores provinciales con quienes venimos trabajando, por su sincero acompa\u00f1amiento, respeto, contenci\u00f3n y por sobre todo compromiso para con todos los ex Combatientes y nuestra causa\u201d, afirm\u00f3 el funcionario. <\/span><\/span><\/p>\n<p align=\"JUSTIFY\"><span style=\"font-family: Asap,          serif;\"><span style=\"font-size: large;\">En la jornada de hoy se abordar\u00e1n los temas \u201cDesde los primeros avistajes hasta los inicios del siglo XX\u201d, \u201cEl colonialismo ingl\u00e9s y la Argentina\u201d, \u201cLugares claves para reconstruir el lugar de Malvinas en nuestra cultura pol\u00edtica\u201d y \u201cMalvinas y la cultura escolar en la larga duraci\u00f3n\u201d.<\/span><\/span><\/p>\n<p align=\"JUSTIFY\"><span style=\"font-family: Asap,          serif;\"><span style=\"font-size: large;\">Ma\u00f1ana se tratar\u00e1n los \u00edtems \u201cLas Malvinas en el siglo XX y en la historia reciente\u201d, \u201cLa dictadura c\u00edvico-militar y la guerra de Malvinas\u201d, \u201cEl contexto internacional\u201d, \u201cEl conflicto b\u00e9lico desde la Patagonia\u201d, \u201cMalvinas en la transici\u00f3n democr\u00e1tica\u201d, \u201cLas cambiantes memorias de la guerra\u201d y \u201cEl informe Rattenbach\u201d.<\/span><\/span><\/p>\n<p align=\"JUSTIFY\"><span style=\"font-family: Asap,          serif;\"><span style=\"font-size: large;\">El viernes, en el tercer encuentro de las jornadas, se tratar\u00e1n los temas \u201cLa desmalvinizaci\u00f3n y la formaci\u00f3n de los centros de agrupaci\u00f3n\u201d, \u201cEl problema de la identidad en los grupos conformados: exsoldados, excombatientes, veteranos, los actores sociales en la posguerra\u201d, \u201cLos avances en algunas reivindicaciones y leyes\u201d y \u201cEl futuro de Malvinas: capitulo abierto\u201d.<\/span><\/span><\/p>\n<p align=\"JUSTIFY\">Fuente: Gobierno de Rio negro<\/p>\n<p>&nbsp;<\/p>\n","protected":false},"excerpt":{"rendered":"<p>San Carlos de Bariloche.-Se pusieron en marcha en el Aula Magna del Centro Regional Universitario Bariloche (CRUB) las \u201cPrimeras Jornadas [&hellip;]<\/p>\n","protected":false},"author":2,"featured_media":11971,"comment_status":"closed","ping_status":"closed","sticky":false,"template":"","format":"standard","meta":{"site-sidebar-layout":"default","site-content-layout":"","ast-site-content-layout":"default","site-content-style":"default","site-sidebar-style":"default","ast-global-header-display":"","ast-banner-title-visibility":"","ast-main-header-display":"","ast-hfb-above-header-display":"","ast-hfb-below-header-display":"","ast-hfb-mobile-header-display":"","site-post-title":"","ast-breadcrumbs-content":"","ast-featured-img":"","footer-sml-layout":"","ast-disable-related-posts":"","theme-transparent-header-meta":"","adv-header-id-meta":"","stick-header-meta":"","header-above-stick-meta":"","header-main-stick-meta":"","header-below-stick-meta":"","astra-migrate-meta-layouts":"default","ast-page-background-enabled":"default","ast-page-background-meta":{"desktop":{"background-color":"var(--ast-global-color-5)","background-image":"","background-repeat":"repeat","background-position":"center center","background-size":"auto","background-attachment":"scroll","background-type":"","background-media":"","overlay-type":"","overlay-color":"","overlay-opacity":"","overlay-gradient":""},"tablet":{"background-color":"","background-image":"","background-repeat":"repeat","background-position":"center center","background-size":"auto","background-attachment":"scroll","background-type":"","background-media":"","overlay-type":"","overlay-color":"","overlay-opacity":"","overlay-gradient":""},"mobile":{"background-color":"","background-image":"","background-repeat":"repeat","background-position":"center center","background-size":"auto","background-attachment":"scroll","background-type":"","background-media":"","overlay-type":"","overlay-color":"","overlay-opacity":"","overlay-gradient":""}},"ast-content-background-meta":{"desktop":{"background-color":"var(--ast-global-color-4)","background-image":"","background-repeat":"repeat","background-position":"center center","background-size":"auto","background-attachment":"scroll","background-type":"","background-media":"","overlay-type":"","overlay-color":"","overlay-opacity":"","overlay-gradient":""},"tablet":{"background-color":"var(--ast-global-color-4)","background-image":"","background-repeat":"repeat","background-position":"center center","background-size":"auto","background-attachment":"scroll","background-type":"","background-media":"","overlay-type":"","overlay-color":"","overlay-opacity":"","overlay-gradient":""},"mobile":{"background-color":"var(--ast-global-color-4)","background-image":"","background-repeat":"repeat","background-position":"center center","background-size":"auto","background-attachment":"scroll","background-type":"","background-media":"","overlay-type":"","overlay-color":"","overlay-opacity":"","overlay-gradient":""}},"footnotes":""},"categories":[12,1],"tags":[],"class_list":["post-13056","post","type-post","status-publish","format-standard","has-post-thumbnail","hentry","category-agenda-ambiental","category-noticias"],"yoast_head":"<!-- This site is optimized with the Yoast SEO Premium plugin v23.0 (Yoast SEO v27.4) - https:\/\/yoast.com\/product\/yoast-seo-premium-wordpress\/ -->\n<title>Comenzaron las Primeras Jornadas sobre Malvinas en Bariloche<\/title>\n<meta name=\"robots\" content=\"index, follow, max-snippet:-1, max-image-preview:large, max-video-preview:-1\" \/>\n<link rel=\"canonical\" href=\"https:\/\/patagoniambiental.com.ar\/info\/comenzaron-las-primeras-jornadas-sobre-malvinas-en-bariloche\/\" \/>\n<meta property=\"og:locale\" content=\"es_ES\" \/>\n<meta property=\"og:type\" content=\"article\" \/>\n<meta property=\"og:title\" content=\"Comenzaron las Primeras Jornadas sobre Malvinas en Bariloche\" \/>\n<meta property=\"og:description\" content=\"San Carlos de Bariloche.-Se pusieron en marcha en el Aula Magna del Centro Regional Universitario Bariloche (CRUB) las \u201cPrimeras Jornadas [&hellip;]\" \/>\n<meta property=\"og:url\" content=\"https:\/\/patagoniambiental.com.ar\/info\/comenzaron-las-primeras-jornadas-sobre-malvinas-en-bariloche\/\" \/>\n<meta property=\"og:site_name\" content=\"Patagonia Ambiental\" \/>\n<meta property=\"article:publisher\" content=\"https:\/\/www.facebook.com\/patagonia.ambiental\" \/>\n<meta property=\"article:author\" content=\"https:\/\/www.facebook.com\/share\/1C1V8Gv9BX\/?mibextid=qi2Omg\" \/>\n<meta property=\"article:published_time\" content=\"2015-07-29T22:00:31+00:00\" \/>\n<meta name=\"author\" content=\"Patagonia Ambiental\" \/>\n<meta name=\"twitter:card\" content=\"summary_large_image\" \/>\n<meta name=\"twitter:creator\" content=\"@PatAmb\" \/>\n<meta name=\"twitter:site\" content=\"@PatAmb\" \/>\n<script type=\"application\/ld+json\" class=\"yoast-schema-graph\">{\"@context\":\"https:\\\/\\\/schema.org\",\"@graph\":[{\"@type\":\"Article\",\"@id\":\"https:\\\/\\\/patagoniambiental.com.ar\\\/info\\\/comenzaron-las-primeras-jornadas-sobre-malvinas-en-bariloche\\\/#article\",\"isPartOf\":{\"@id\":\"https:\\\/\\\/patagoniambiental.com.ar\\\/info\\\/comenzaron-las-primeras-jornadas-sobre-malvinas-en-bariloche\\\/\"},\"author\":{\"name\":\"Patagonia Ambiental\",\"@id\":\"https:\\\/\\\/patagoniambiental.com.ar\\\/info\\\/#\\\/schema\\\/person\\\/db12bff64bbcbf6a253710bf0ea37b5d\"},\"headline\":\"Comenzaron las Primeras Jornadas sobre Malvinas en Bariloche\",\"datePublished\":\"2015-07-29T22:00:31+00:00\",\"mainEntityOfPage\":{\"@id\":\"https:\\\/\\\/patagoniambiental.com.ar\\\/info\\\/comenzaron-las-primeras-jornadas-sobre-malvinas-en-bariloche\\\/\"},\"wordCount\":539,\"publisher\":{\"@id\":\"https:\\\/\\\/patagoniambiental.com.ar\\\/info\\\/#organization\"},\"image\":{\"@id\":\"https:\\\/\\\/patagoniambiental.com.ar\\\/info\\\/comenzaron-las-primeras-jornadas-sobre-malvinas-en-bariloche\\\/#primaryimage\"},\"thumbnailUrl\":\"\",\"articleSection\":[\"Agenda Ambiental\",\"Noticias\"],\"inLanguage\":\"es\"},{\"@type\":\"WebPage\",\"@id\":\"https:\\\/\\\/patagoniambiental.com.ar\\\/info\\\/comenzaron-las-primeras-jornadas-sobre-malvinas-en-bariloche\\\/\",\"url\":\"https:\\\/\\\/patagoniambiental.com.ar\\\/info\\\/comenzaron-las-primeras-jornadas-sobre-malvinas-en-bariloche\\\/\",\"name\":\"Comenzaron las Primeras Jornadas sobre Malvinas en Bariloche\",\"isPartOf\":{\"@id\":\"https:\\\/\\\/patagoniambiental.com.ar\\\/info\\\/#website\"},\"primaryImageOfPage\":{\"@id\":\"https:\\\/\\\/patagoniambiental.com.ar\\\/info\\\/comenzaron-las-primeras-jornadas-sobre-malvinas-en-bariloche\\\/#primaryimage\"},\"image\":{\"@id\":\"https:\\\/\\\/patagoniambiental.com.ar\\\/info\\\/comenzaron-las-primeras-jornadas-sobre-malvinas-en-bariloche\\\/#primaryimage\"},\"thumbnailUrl\":\"\",\"datePublished\":\"2015-07-29T22:00:31+00:00\",\"breadcrumb\":{\"@id\":\"https:\\\/\\\/patagoniambiental.com.ar\\\/info\\\/comenzaron-las-primeras-jornadas-sobre-malvinas-en-bariloche\\\/#breadcrumb\"},\"inLanguage\":\"es\",\"potentialAction\":[{\"@type\":\"ReadAction\",\"target\":[\"https:\\\/\\\/patagoniambiental.com.ar\\\/info\\\/comenzaron-las-primeras-jornadas-sobre-malvinas-en-bariloche\\\/\"]}]},{\"@type\":\"ImageObject\",\"inLanguage\":\"es\",\"@id\":\"https:\\\/\\\/patagoniambiental.com.ar\\\/info\\\/comenzaron-las-primeras-jornadas-sobre-malvinas-en-bariloche\\\/#primaryimage\",\"url\":\"\",\"contentUrl\":\"\"},{\"@type\":\"BreadcrumbList\",\"@id\":\"https:\\\/\\\/patagoniambiental.com.ar\\\/info\\\/comenzaron-las-primeras-jornadas-sobre-malvinas-en-bariloche\\\/#breadcrumb\",\"itemListElement\":[{\"@type\":\"ListItem\",\"position\":1,\"name\":\"Inicio\",\"item\":\"https:\\\/\\\/patagoniambiental.com.ar\\\/info\\\/\"},{\"@type\":\"ListItem\",\"position\":2,\"name\":\"Comenzaron las Primeras Jornadas sobre Malvinas en Bariloche\"}]},{\"@type\":\"WebSite\",\"@id\":\"https:\\\/\\\/patagoniambiental.com.ar\\\/info\\\/#website\",\"url\":\"https:\\\/\\\/patagoniambiental.com.ar\\\/info\\\/\",\"name\":\"Patagonia Ambiental\",\"description\":\"Monitoreo y an\u00e1lisis de la situaci\u00f3n geopol\u00edtica en el mundo y su implicancia en la Patagonia\",\"publisher\":{\"@id\":\"https:\\\/\\\/patagoniambiental.com.ar\\\/info\\\/#organization\"},\"potentialAction\":[{\"@type\":\"SearchAction\",\"target\":{\"@type\":\"EntryPoint\",\"urlTemplate\":\"https:\\\/\\\/patagoniambiental.com.ar\\\/info\\\/?s={search_term_string}\"},\"query-input\":{\"@type\":\"PropertyValueSpecification\",\"valueRequired\":true,\"valueName\":\"search_term_string\"}}],\"inLanguage\":\"es\"},{\"@type\":\"Organization\",\"@id\":\"https:\\\/\\\/patagoniambiental.com.ar\\\/info\\\/#organization\",\"name\":\"Patagonia Ambiental\",\"url\":\"https:\\\/\\\/patagoniambiental.com.ar\\\/info\\\/\",\"logo\":{\"@type\":\"ImageObject\",\"inLanguage\":\"es\",\"@id\":\"https:\\\/\\\/patagoniambiental.com.ar\\\/info\\\/#\\\/schema\\\/logo\\\/image\\\/\",\"url\":\"https:\\\/\\\/patagoniambiental.com.ar\\\/info\\\/wp-content\\\/uploads\\\/2025\\\/05\\\/LOGO-PATAGONIA-AMBIENTAL.png\",\"contentUrl\":\"https:\\\/\\\/patagoniambiental.com.ar\\\/info\\\/wp-content\\\/uploads\\\/2025\\\/05\\\/LOGO-PATAGONIA-AMBIENTAL.png\",\"width\":433,\"height\":250,\"caption\":\"Patagonia Ambiental\"},\"image\":{\"@id\":\"https:\\\/\\\/patagoniambiental.com.ar\\\/info\\\/#\\\/schema\\\/logo\\\/image\\\/\"},\"sameAs\":[\"https:\\\/\\\/www.facebook.com\\\/patagonia.ambiental\",\"https:\\\/\\\/x.com\\\/PatAmb\"]},{\"@type\":\"Person\",\"@id\":\"https:\\\/\\\/patagoniambiental.com.ar\\\/info\\\/#\\\/schema\\\/person\\\/db12bff64bbcbf6a253710bf0ea37b5d\",\"name\":\"Patagonia Ambiental\",\"description\":\"Andr\u00e9s Nievas T\u00e9cnico en manejo ambiental, consultor Ambiental y escritor para medios locales e internacionales sobre temas de geopolitica y medio ambiente.\",\"sameAs\":[\"http:\\\/\\\/www.patagoniambiental.com.ar\",\"https:\\\/\\\/www.facebook.com\\\/share\\\/1C1V8Gv9BX\\\/?mibextid=qi2Omg\",\"@patagoniambiental\",\"https:\\\/\\\/youtube.com\\\/@patagoniaambiental2023?si=BLt58t0wuXquxlYZ\"]}]}<\/script>\n<!-- \/ Yoast SEO Premium plugin. -->","yoast_head_json":{"title":"Comenzaron las Primeras Jornadas sobre Malvinas en Bariloche","robots":{"index":"index","follow":"follow","max-snippet":"max-snippet:-1","max-image-preview":"max-image-preview:large","max-video-preview":"max-video-preview:-1"},"canonical":"https:\/\/patagoniambiental.com.ar\/info\/comenzaron-las-primeras-jornadas-sobre-malvinas-en-bariloche\/","og_locale":"es_ES","og_type":"article","og_title":"Comenzaron las Primeras Jornadas sobre Malvinas en Bariloche","og_description":"San Carlos de Bariloche.-Se pusieron en marcha en el Aula Magna del Centro Regional Universitario Bariloche (CRUB) las \u201cPrimeras Jornadas [&hellip;]","og_url":"https:\/\/patagoniambiental.com.ar\/info\/comenzaron-las-primeras-jornadas-sobre-malvinas-en-bariloche\/","og_site_name":"Patagonia Ambiental","article_publisher":"https:\/\/www.facebook.com\/patagonia.ambiental","article_author":"https:\/\/www.facebook.com\/share\/1C1V8Gv9BX\/?mibextid=qi2Omg","article_published_time":"2015-07-29T22:00:31+00:00","author":"Patagonia Ambiental","twitter_card":"summary_large_image","twitter_creator":"@PatAmb","twitter_site":"@PatAmb","schema":{"@context":"https:\/\/schema.org","@graph":[{"@type":"Article","@id":"https:\/\/patagoniambiental.com.ar\/info\/comenzaron-las-primeras-jornadas-sobre-malvinas-en-bariloche\/#article","isPartOf":{"@id":"https:\/\/patagoniambiental.com.ar\/info\/comenzaron-las-primeras-jornadas-sobre-malvinas-en-bariloche\/"},"author":{"name":"Patagonia Ambiental","@id":"https:\/\/patagoniambiental.com.ar\/info\/#\/schema\/person\/db12bff64bbcbf6a253710bf0ea37b5d"},"headline":"Comenzaron las Primeras Jornadas sobre Malvinas en Bariloche","datePublished":"2015-07-29T22:00:31+00:00","mainEntityOfPage":{"@id":"https:\/\/patagoniambiental.com.ar\/info\/comenzaron-las-primeras-jornadas-sobre-malvinas-en-bariloche\/"},"wordCount":539,"publisher":{"@id":"https:\/\/patagoniambiental.com.ar\/info\/#organization"},"image":{"@id":"https:\/\/patagoniambiental.com.ar\/info\/comenzaron-las-primeras-jornadas-sobre-malvinas-en-bariloche\/#primaryimage"},"thumbnailUrl":"","articleSection":["Agenda Ambiental","Noticias"],"inLanguage":"es"},{"@type":"WebPage","@id":"https:\/\/patagoniambiental.com.ar\/info\/comenzaron-las-primeras-jornadas-sobre-malvinas-en-bariloche\/","url":"https:\/\/patagoniambiental.com.ar\/info\/comenzaron-las-primeras-jornadas-sobre-malvinas-en-bariloche\/","name":"Comenzaron las Primeras Jornadas sobre Malvinas en Bariloche","isPartOf":{"@id":"https:\/\/patagoniambiental.com.ar\/info\/#website"},"primaryImageOfPage":{"@id":"https:\/\/patagoniambiental.com.ar\/info\/comenzaron-las-primeras-jornadas-sobre-malvinas-en-bariloche\/#primaryimage"},"image":{"@id":"https:\/\/patagoniambiental.com.ar\/info\/comenzaron-las-primeras-jornadas-sobre-malvinas-en-bariloche\/#primaryimage"},"thumbnailUrl":"","datePublished":"2015-07-29T22:00:31+00:00","breadcrumb":{"@id":"https:\/\/patagoniambiental.com.ar\/info\/comenzaron-las-primeras-jornadas-sobre-malvinas-en-bariloche\/#breadcrumb"},"inLanguage":"es","potentialAction":[{"@type":"ReadAction","target":["https:\/\/patagoniambiental.com.ar\/info\/comenzaron-las-primeras-jornadas-sobre-malvinas-en-bariloche\/"]}]},{"@type":"ImageObject","inLanguage":"es","@id":"https:\/\/patagoniambiental.com.ar\/info\/comenzaron-las-primeras-jornadas-sobre-malvinas-en-bariloche\/#primaryimage","url":"","contentUrl":""},{"@type":"BreadcrumbList","@id":"https:\/\/patagoniambiental.com.ar\/info\/comenzaron-las-primeras-jornadas-sobre-malvinas-en-bariloche\/#breadcrumb","itemListElement":[{"@type":"ListItem","position":1,"name":"Inicio","item":"https:\/\/patagoniambiental.com.ar\/info\/"},{"@type":"ListItem","position":2,"name":"Comenzaron las Primeras Jornadas sobre Malvinas en Bariloche"}]},{"@type":"WebSite","@id":"https:\/\/patagoniambiental.com.ar\/info\/#website","url":"https:\/\/patagoniambiental.com.ar\/info\/","name":"Patagonia Ambiental","description":"Monitoreo y an\u00e1lisis de la situaci\u00f3n geopol\u00edtica en el mundo y su implicancia en la Patagonia","publisher":{"@id":"https:\/\/patagoniambiental.com.ar\/info\/#organization"},"potentialAction":[{"@type":"SearchAction","target":{"@type":"EntryPoint","urlTemplate":"https:\/\/patagoniambiental.com.ar\/info\/?s={search_term_string}"},"query-input":{"@type":"PropertyValueSpecification","valueRequired":true,"valueName":"search_term_string"}}],"inLanguage":"es"},{"@type":"Organization","@id":"https:\/\/patagoniambiental.com.ar\/info\/#organization","name":"Patagonia Ambiental","url":"https:\/\/patagoniambiental.com.ar\/info\/","logo":{"@type":"ImageObject","inLanguage":"es","@id":"https:\/\/patagoniambiental.com.ar\/info\/#\/schema\/logo\/image\/","url":"https:\/\/patagoniambiental.com.ar\/info\/wp-content\/uploads\/2025\/05\/LOGO-PATAGONIA-AMBIENTAL.png","contentUrl":"https:\/\/patagoniambiental.com.ar\/info\/wp-content\/uploads\/2025\/05\/LOGO-PATAGONIA-AMBIENTAL.png","width":433,"height":250,"caption":"Patagonia Ambiental"},"image":{"@id":"https:\/\/patagoniambiental.com.ar\/info\/#\/schema\/logo\/image\/"},"sameAs":["https:\/\/www.facebook.com\/patagonia.ambiental","https:\/\/x.com\/PatAmb"]},{"@type":"Person","@id":"https:\/\/patagoniambiental.com.ar\/info\/#\/schema\/person\/db12bff64bbcbf6a253710bf0ea37b5d","name":"Patagonia Ambiental","description":"Andr\u00e9s Nievas T\u00e9cnico en manejo ambiental, consultor Ambiental y escritor para medios locales e internacionales sobre temas de geopolitica y medio ambiente.","sameAs":["http:\/\/www.patagoniambiental.com.ar","https:\/\/www.facebook.com\/share\/1C1V8Gv9BX\/?mibextid=qi2Omg","@patagoniambiental","https:\/\/youtube.com\/@patagoniaambiental2023?si=BLt58t0wuXquxlYZ"]}]}},"_links":{"self":[{"href":"https:\/\/patagoniambiental.com.ar\/info\/wp-json\/wp\/v2\/posts\/13056","targetHints":{"allow":["GET"]}}],"collection":[{"href":"https:\/\/patagoniambiental.com.ar\/info\/wp-json\/wp\/v2\/posts"}],"about":[{"href":"https:\/\/patagoniambiental.com.ar\/info\/wp-json\/wp\/v2\/types\/post"}],"author":[{"embeddable":true,"href":"https:\/\/patagoniambiental.com.ar\/info\/wp-json\/wp\/v2\/users\/2"}],"replies":[{"embeddable":true,"href":"https:\/\/patagoniambiental.com.ar\/info\/wp-json\/wp\/v2\/comments?post=13056"}],"version-history":[{"count":0,"href":"https:\/\/patagoniambiental.com.ar\/info\/wp-json\/wp\/v2\/posts\/13056\/revisions"}],"wp:featuredmedia":[{"embeddable":true,"href":"https:\/\/patagoniambiental.com.ar\/info\/wp-json\/"}],"wp:attachment":[{"href":"https:\/\/patagoniambiental.com.ar\/info\/wp-json\/wp\/v2\/media?parent=13056"}],"wp:term":[{"taxonomy":"category","embeddable":true,"href":"https:\/\/patagoniambiental.com.ar\/info\/wp-json\/wp\/v2\/categories?post=13056"},{"taxonomy":"post_tag","embeddable":true,"href":"https:\/\/patagoniambiental.com.ar\/info\/wp-json\/wp\/v2\/tags?post=13056"}],"curies":[{"name":"wp","href":"https:\/\/api.w.org\/{rel}","templated":true}]}}